{"id":226598,"date":"2025-02-12T06:20:00","date_gmt":"2025-02-12T09:20:00","guid":{"rendered":"https:\/\/www.gaveanews.com\/?p=226598"},"modified":"2025-02-12T02:22:20","modified_gmt":"2025-02-12T05:22:20","slug":"convocacao-para-selecao-pedido-de-neto-e-declaracao-de-hugo-souza-as-ultimas-noticias-do-corinthians","status":"publish","type":"post","link":"https:\/\/www.gaveanews.com\/index.php\/2025\/02\/12\/convocacao-para-selecao-pedido-de-neto-e-declaracao-de-hugo-souza-as-ultimas-noticias-do-corinthians\/","title":{"rendered":"Convoca\u00e7\u00e3o para sele\u00e7\u00e3o, pedido de Neto e declara\u00e7\u00e3o de Hugo Souza: as \u00faltimas not\u00edcias do Corinthians"},"content":{"rendered":"\n<p>Nas \u00faltimas horas, o foco das not\u00edcias sobre o Corinthians se concentram nos bastidores do clube, com destaques do dia a dia do time.<\/p>\n\n\n\n<p>Por conta deste contexto, leia abaixo um resumo preparado pela equipe do portal G\u00e1vea News para lhe manter muito bem informado!<\/p>\n\n\n\n<h2 class=\"wp-block-heading\" id=\"h-declaracao-de-hugo-souza\">Declara\u00e7\u00e3o de Hugo Souza<\/h2>\n\n\n\n<p>Hugo Souza foi o grande nome do empate entre Palmeiras e Corinthians por 1 a 1, ao defender um p\u00eanalti cobrado por Est\u00eav\u00e3o nos acr\u00e9scimos. Ap\u00f3s o apito final, o goleiro corintiano provocou os torcedores palmeirenses, apontando para o escudo do clube. Na zona de entrevistas, ele afirmou que as provoca\u00e7\u00f5es fazem parte do futebol, mas revelou que foi xingado durante toda a partida e at\u00e9 alvo de objetos jogados pela torcida advers\u00e1ria<strong><a href=\"https:\/\/www.gaveanews.com\/index.php\/2025\/02\/07\/a-declaracao-de-hugo-souza-direcionada-a-torcida-do-palmeiras\/\"> (leia a mat\u00e9ria completa).<\/a><\/strong><\/p>\n\n\n\n<figure class=\"wp-block-image size-large\"><img loading=\"lazy\" decoding=\"async\" width=\"1024\" height=\"640\" src=\"http:\/\/www.gaveanews.com\/wp-content\/uploads\/GVecVfsWEAAN7tl-scaled-aspect-ratio-512-320-1024x640.webp\" alt=\"\" class=\"wp-image-160024\" srcset=\"https:\/\/www.gaveanews.com\/wp-content\/uploads\/GVecVfsWEAAN7tl-scaled-aspect-ratio-512-320-1024x640.webp 1024w, https:\/\/www.gaveanews.com\/wp-content\/uploads\/GVecVfsWEAAN7tl-scaled-aspect-ratio-512-320-300x188.webp 300w, https:\/\/www.gaveanews.com\/wp-content\/uploads\/GVecVfsWEAAN7tl-scaled-aspect-ratio-512-320-768x480.webp 768w, https:\/\/www.gaveanews.com\/wp-content\/uploads\/GVecVfsWEAAN7tl-scaled-aspect-ratio-512-320-672x420.webp 672w, https:\/\/www.gaveanews.com\/wp-content\/uploads\/GVecVfsWEAAN7tl-scaled-aspect-ratio-512-320-640x400.webp 640w, https:\/\/www.gaveanews.com\/wp-content\/uploads\/GVecVfsWEAAN7tl-scaled-aspect-ratio-512-320-681x426.webp 681w, https:\/\/www.gaveanews.com\/wp-content\/uploads\/GVecVfsWEAAN7tl-scaled-aspect-ratio-512-320-100x63.webp 100w, https:\/\/www.gaveanews.com\/wp-content\/uploads\/GVecVfsWEAAN7tl-scaled-aspect-ratio-512-320.webp 1080w\" sizes=\"auto, (max-width: 1024px) 100vw, 1024px\" \/><figcaption class=\"wp-element-caption\">Hugo Souza defendeu tr\u00eas p\u00eanaltis na decis\u00e3o contra o Bragantino (Foto: Divulga\u00e7\u00e3o\/Conmebol)\n<\/figcaption><\/figure>\n\n\n\n<p>O arqueiro tamb\u00e9m minimizou a reclama\u00e7\u00e3o do t\u00e9cnico Abel Ferreira sobre uma suposta invas\u00e3o de Jo\u00e3o Pedro Tchoca antes da cobran\u00e7a do p\u00eanalti. <\/p>\n\n\n\n<p>Para Hugo, o que deve ser lembrado \u00e9 a defesa decisiva nos minutos finais do cl\u00e1ssico. O goleiro ainda destacou que esse foi seu segundo p\u00eanalti defendido consecutivo, j\u00e1 que tamb\u00e9m brilhou contra o Novorizontino na rodada anterior.<\/p>\n\n\n\n<p>Com o empate, o Corinthians manteve a lideran\u00e7a do Grupo A e a melhor campanha geral do Campeonato Paulista, somando 19 pontos. O time agora se prepara para enfrentar o S\u00e3o Bernardo no pr\u00f3ximo domingo, enquanto o Palmeiras segue na briga pela classifica\u00e7\u00e3o \u00e0 pr\u00f3xima fase do estadual.<\/p>\n\n\n\n<h2 class=\"wp-block-heading\" id=\"h-pedido-de-neto\">Pedido de Neto<\/h2>\n\n\n\n<p>O ex-jogador e comentarista Neto defendeu publicamente a convoca\u00e7\u00e3o de Hugo Souza para a sele\u00e7\u00e3o brasileira. Durante o programa <em>Os Donos da Bola<\/em>, da TV Band, ele afirmou que Dorival J\u00fanior tem a &#8220;obriga\u00e7\u00e3o&#8221; de incluir o goleiro do Corinthians na pr\u00f3xima lista. A declara\u00e7\u00e3o veio ap\u00f3s Hugo brilhar no empate por 1 a 1 contra o Palmeiras, quando defendeu um p\u00eanalti nos acr\u00e9scimos, garantindo um ponto para o time alvinegro no Allianz Parque <strong><a href=\"https:\/\/www.gaveanews.com\/index.php\/2025\/02\/07\/craque-neto-pede-a-convocacao-de-jogador-do-corinthians\/\">(leia a mat\u00e9ria completa).<\/a><\/strong><\/p>\n\n\n\n<figure class=\"wp-block-image size-full\"><img loading=\"lazy\" decoding=\"async\" width=\"846\" height=\"476\" src=\"http:\/\/www.gaveanews.com\/wp-content\/uploads\/Comentarista-Neto-em-programa-da-Band.webp\" alt=\"\" class=\"wp-image-71983\" srcset=\"https:\/\/www.gaveanews.com\/wp-content\/uploads\/Comentarista-Neto-em-programa-da-Band.webp 846w, https:\/\/www.gaveanews.com\/wp-content\/uploads\/Comentarista-Neto-em-programa-da-Band-300x169.webp 300w, https:\/\/www.gaveanews.com\/wp-content\/uploads\/Comentarista-Neto-em-programa-da-Band-768x432.webp 768w, https:\/\/www.gaveanews.com\/wp-content\/uploads\/Comentarista-Neto-em-programa-da-Band-746x420.webp 746w, https:\/\/www.gaveanews.com\/wp-content\/uploads\/Comentarista-Neto-em-programa-da-Band-640x360.webp 640w, https:\/\/www.gaveanews.com\/wp-content\/uploads\/Comentarista-Neto-em-programa-da-Band-681x383.webp 681w, https:\/\/www.gaveanews.com\/wp-content\/uploads\/Comentarista-Neto-em-programa-da-Band-100x56.webp 100w\" sizes=\"auto, (max-width: 846px) 100vw, 846px\" \/><figcaption class=\"wp-element-caption\">Comentarista Neto em programa da Band (Foto: Reprodu\u00e7\u00e3o\/Band)<\/figcaption><\/figure>\n\n\n\n<p>Neto comparou a fase de Hugo Souza com a de Weverton, do Palmeiras, que tem sido presen\u00e7a constante na sele\u00e7\u00e3o, mas j\u00e1 tem 37 anos. Segundo ele, Dorival deveria pensar no futuro da posi\u00e7\u00e3o e apostar no goleiro corintiano, que, aos 26 anos, poderia disputar at\u00e9 tr\u00eas Copas do Mundo. O comentarista refor\u00e7ou que seria uma &#8220;injusti\u00e7a&#8221; n\u00e3o dar uma oportunidade a Hugo, que tamb\u00e9m havia defendido um p\u00eanalti na rodada anterior, contra o Novorizontino.<\/p>\n\n\n\n<p>Ap\u00f3s o cl\u00e1ssico, Hugo Souza comentou sobre a possibilidade de ser convocado, afirmando que tem o sonho de defender a sele\u00e7\u00e3o, mas que segue focado no Corinthians. Ele destacou que seu desempenho no clube ser\u00e1 determinante para futuras oportunidades. O goleiro continuar\u00e1 sendo pe\u00e7a-chave no esquema de Ram\u00f3n D\u00edaz, especialmente nas pr\u00f3ximas rodadas do Campeonato Paulista.<\/p>\n\n\n\n<h2 class=\"wp-block-heading\" id=\"h-convocacao-para-selecao\">Convoca\u00e7\u00e3o para sele\u00e7\u00e3o<\/h2>\n\n\n\n<p>O comentarista Abel Neto aprovou a poss\u00edvel convoca\u00e7\u00e3o do goleiro Hugo Souza, do Corinthians, para a Sele\u00e7\u00e3o Brasileira. Durante participa\u00e7\u00e3o na ESPN, ele destacou o desempenho do arqueiro, que recentemente evitou um p\u00eanalti nos minutos finais do cl\u00e1ssico contra o Palmeiras, garantindo o empate por 1 a 1 no Allianz Parque. Para Abel, Hugo merece uma nova chance com Dorival J\u00fanior na equipe nacional <strong><a href=\"https:\/\/www.gaveanews.com\/index.php\/2025\/02\/07\/selecao-brasileira-abel-neto-aprova-convocacao-de-jogador-do-corinthians\/\">(leia a mat\u00e9ria completa).<\/a><\/strong><\/p>\n\n\n\n<figure class=\"wp-block-image size-full\"><img loading=\"lazy\" decoding=\"async\" width=\"740\" height=\"416\" src=\"http:\/\/www.gaveanews.com\/wp-content\/uploads\/image-2024-08-21T141722.256.webp\" alt=\"\" class=\"wp-image-160023\" srcset=\"https:\/\/www.gaveanews.com\/wp-content\/uploads\/image-2024-08-21T141722.256.webp 740w, https:\/\/www.gaveanews.com\/wp-content\/uploads\/image-2024-08-21T141722.256-300x169.webp 300w, https:\/\/www.gaveanews.com\/wp-content\/uploads\/image-2024-08-21T141722.256-640x360.webp 640w, https:\/\/www.gaveanews.com\/wp-content\/uploads\/image-2024-08-21T141722.256-681x383.webp 681w, https:\/\/www.gaveanews.com\/wp-content\/uploads\/image-2024-08-21T141722.256-100x56.webp 100w\" sizes=\"auto, (max-width: 740px) 100vw, 740px\" \/><figcaption class=\"wp-element-caption\">Foto: Jhony Pinho\/AGIF Hugo Souza falou sobre o Mengo<\/figcaption><\/figure>\n\n\n\n<p>Hugo Souza, de 26 anos, j\u00e1 foi convocado para a Sele\u00e7\u00e3o em 2018, mas n\u00e3o chegou a atuar. No Corinthians, ele tem se destacado na defesa de p\u00eanaltis, com seis defesas em disputas recentes. Al\u00e9m disso, j\u00e1 teve boas atua\u00e7\u00f5es em torneios como a Copa Sul-Americana e a Copa do Brasil, pegando penalidades em confrontos contra Red Bull Bragantino e Gr\u00eamio.<\/p>\n\n\n\n<p>Atualmente, o Corinthians se prepara para seus pr\u00f3ximos compromissos no Campeonato Paulista, enfrentando o S\u00e3o Bernardo, o Santos e a Portuguesa. Com Hugo Souza em boa fase, a expectativa \u00e9 que o goleiro continue sendo pe\u00e7a-chave no time e possa ganhar espa\u00e7o na lista de observa\u00e7\u00f5es para futuras convoca\u00e7\u00f5es da Sele\u00e7\u00e3o Brasileira.<\/p>\n","protected":false},"excerpt":{"rendered":"<p>Nas \u00faltimas horas, o foco das not\u00edcias sobre o Corinthians se concentram nos bastidores do clube, com destaques do dia a dia do time. Por conta deste contexto, leia abaixo um resumo preparado pela equipe do portal G\u00e1vea News para lhe manter muito bem informado! Declara\u00e7\u00e3o de Hugo Souza Hugo Souza foi o grande nome [&hellip;]<\/p>\n","protected":false},"author":27,"featured_media":155584,"comment_status":"open","ping_status":"closed","sticky":false,"template":"","format":"standard","meta":{"footnotes":""},"categories":[141],"tags":[],"class_list":["post-226598","post","type-post","status-publish","format-standard","has-post-thumbnail","hentry","category-corinthians"],"yoast_head":"<!-- This site is optimized with the Yoast SEO Premium plugin v24.2 (Yoast SEO v26.9) - https:\/\/yoast.com\/product\/yoast-seo-premium-wordpress\/ -->\n<title>Convoca\u00e7\u00e3o para sele\u00e7\u00e3o, pedido de Neto e declara\u00e7\u00e3o de Hugo Souza: as \u00faltimas not\u00edcias do Corinthians<\/title>\n<meta name=\"robots\" content=\"index, follow, max-snippet:-1, max-image-preview:large, max-video-preview:-1\" \/>\n<link rel=\"canonical\" href=\"https:\/\/www.gaveanews.com\/index.php\/2025\/02\/12\/convocacao-para-selecao-pedido-de-neto-e-declaracao-de-hugo-souza-as-ultimas-noticias-do-corinthians\/\" \/>\n<meta property=\"og:locale\" content=\"pt_BR\" \/>\n<meta property=\"og:type\" content=\"article\" \/>\n<meta property=\"og:title\" content=\"Convoca\u00e7\u00e3o para sele\u00e7\u00e3o, pedido de Neto e declara\u00e7\u00e3o de Hugo Souza: as \u00faltimas not\u00edcias do Corinthians\" \/>\n<meta property=\"og:description\" content=\"Nas \u00faltimas horas, o foco das not\u00edcias sobre o Corinthians se concentram nos bastidores do clube, com destaques do dia a dia do time. Por conta deste contexto, leia abaixo um resumo preparado pela equipe do portal G\u00e1vea News para lhe manter muito bem informado! Declara\u00e7\u00e3o de Hugo Souza Hugo Souza foi o grande nome [&hellip;]\" \/>\n<meta property=\"og:url\" content=\"https:\/\/www.gaveanews.com\/index.php\/2025\/02\/12\/convocacao-para-selecao-pedido-de-neto-e-declaracao-de-hugo-souza-as-ultimas-noticias-do-corinthians\/\" \/>\n<meta property=\"og:site_name\" content=\"G\u00e1vea News\" \/>\n<meta property=\"article:publisher\" content=\"https:\/\/facebook.com\/gaveaNews\/\" \/>\n<meta property=\"article:published_time\" content=\"2025-02-12T09:20:00+00:00\" \/>\n<meta property=\"og:image\" content=\"https:\/\/www.gaveanews.com\/wp-content\/uploads\/Elenco-do-Corinthians-durante-partida-do-Brasileirao-2024.webp\" \/>\n\t<meta property=\"og:image:width\" content=\"1814\" \/>\n\t<meta property=\"og:image:height\" content=\"1440\" \/>\n\t<meta property=\"og:image:type\" content=\"image\/jpeg\" \/>\n<meta name=\"author\" content=\"Matheus Felipe\" \/>\n<meta name=\"twitter:card\" content=\"summary_large_image\" \/>\n<meta name=\"twitter:label1\" content=\"Escrito por\" \/>\n\t<meta name=\"twitter:data1\" content=\"Matheus Felipe\" \/>\n\t<meta name=\"twitter:label2\" content=\"Est. tempo de leitura\" \/>\n\t<meta name=\"twitter:data2\" content=\"5 minutos\" \/>\n<script type=\"application\/ld+json\" class=\"yoast-schema-graph\">{\"@context\":\"https:\/\/schema.org\",\"@graph\":[{\"@type\":\"NewsArticle\",\"@id\":\"https:\/\/www.gaveanews.com\/index.php\/2025\/02\/12\/convocacao-para-selecao-pedido-de-neto-e-declaracao-de-hugo-souza-as-ultimas-noticias-do-corinthians\/#article\",\"isPartOf\":{\"@id\":\"https:\/\/www.gaveanews.com\/index.php\/2025\/02\/12\/convocacao-para-selecao-pedido-de-neto-e-declaracao-de-hugo-souza-as-ultimas-noticias-do-corinthians\/\"},\"author\":{\"name\":\"Matheus Felipe\",\"@id\":\"https:\/\/www.gaveanews.com\/#\/schema\/person\/8207cd4627f56151707418bfc835b2fb\"},\"headline\":\"Convoca\u00e7\u00e3o para sele\u00e7\u00e3o, pedido de Neto e declara\u00e7\u00e3o de Hugo Souza: as \u00faltimas not\u00edcias do Corinthians\",\"datePublished\":\"2025-02-12T09:20:00+00:00\",\"mainEntityOfPage\":{\"@id\":\"https:\/\/www.gaveanews.com\/index.php\/2025\/02\/12\/convocacao-para-selecao-pedido-de-neto-e-declaracao-de-hugo-souza-as-ultimas-noticias-do-corinthians\/\"},\"wordCount\":749,\"commentCount\":0,\"image\":{\"@id\":\"https:\/\/www.gaveanews.com\/index.php\/2025\/02\/12\/convocacao-para-selecao-pedido-de-neto-e-declaracao-de-hugo-souza-as-ultimas-noticias-do-corinthians\/#primaryimage\"},\"thumbnailUrl\":\"https:\/\/www.gaveanews.com\/wp-content\/uploads\/Elenco-do-Corinthians-durante-partida-do-Brasileirao-2024.webp\",\"articleSection\":[\"Corinthians\"],\"inLanguage\":\"pt-BR\",\"potentialAction\":[{\"@type\":\"CommentAction\",\"name\":\"Comment\",\"target\":[\"https:\/\/www.gaveanews.com\/index.php\/2025\/02\/12\/convocacao-para-selecao-pedido-de-neto-e-declaracao-de-hugo-souza-as-ultimas-noticias-do-corinthians\/#respond\"]}],\"copyrightYear\":\"2025\",\"copyrightHolder\":{\"@id\":\"https:\/\/www.gaveanews.com\/#organization\"}},{\"@type\":\"WebPage\",\"@id\":\"https:\/\/www.gaveanews.com\/index.php\/2025\/02\/12\/convocacao-para-selecao-pedido-de-neto-e-declaracao-de-hugo-souza-as-ultimas-noticias-do-corinthians\/\",\"url\":\"https:\/\/www.gaveanews.com\/index.php\/2025\/02\/12\/convocacao-para-selecao-pedido-de-neto-e-declaracao-de-hugo-souza-as-ultimas-noticias-do-corinthians\/\",\"name\":\"Convoca\u00e7\u00e3o para sele\u00e7\u00e3o, pedido de Neto e declara\u00e7\u00e3o de Hugo Souza: as \u00faltimas not\u00edcias do Corinthians\",\"isPartOf\":{\"@id\":\"https:\/\/www.gaveanews.com\/#website\"},\"primaryImageOfPage\":{\"@id\":\"https:\/\/www.gaveanews.com\/index.php\/2025\/02\/12\/convocacao-para-selecao-pedido-de-neto-e-declaracao-de-hugo-souza-as-ultimas-noticias-do-corinthians\/#primaryimage\"},\"image\":{\"@id\":\"https:\/\/www.gaveanews.com\/index.php\/2025\/02\/12\/convocacao-para-selecao-pedido-de-neto-e-declaracao-de-hugo-souza-as-ultimas-noticias-do-corinthians\/#primaryimage\"},\"thumbnailUrl\":\"https:\/\/www.gaveanews.com\/wp-content\/uploads\/Elenco-do-Corinthians-durante-partida-do-Brasileirao-2024.webp\",\"datePublished\":\"2025-02-12T09:20:00+00:00\",\"author\":{\"@id\":\"https:\/\/www.gaveanews.com\/#\/schema\/person\/8207cd4627f56151707418bfc835b2fb\"},\"breadcrumb\":{\"@id\":\"https:\/\/www.gaveanews.com\/index.php\/2025\/02\/12\/convocacao-para-selecao-pedido-de-neto-e-declaracao-de-hugo-souza-as-ultimas-noticias-do-corinthians\/#breadcrumb\"},\"inLanguage\":\"pt-BR\",\"potentialAction\":[{\"@type\":\"ReadAction\",\"target\":[\"https:\/\/www.gaveanews.com\/index.php\/2025\/02\/12\/convocacao-para-selecao-pedido-de-neto-e-declaracao-de-hugo-souza-as-ultimas-noticias-do-corinthians\/\"]}]},{\"@type\":\"ImageObject\",\"inLanguage\":\"pt-BR\",\"@id\":\"https:\/\/www.gaveanews.com\/index.php\/2025\/02\/12\/convocacao-para-selecao-pedido-de-neto-e-declaracao-de-hugo-souza-as-ultimas-noticias-do-corinthians\/#primaryimage\",\"url\":\"https:\/\/www.gaveanews.com\/wp-content\/uploads\/Elenco-do-Corinthians-durante-partida-do-Brasileirao-2024.webp\",\"contentUrl\":\"https:\/\/www.gaveanews.com\/wp-content\/uploads\/Elenco-do-Corinthians-durante-partida-do-Brasileirao-2024.webp\",\"width\":1814,\"height\":1440,\"caption\":\"Elenco do Corinthians durante partida do Brasileir\u00e3o 2024 (Foto: Reprodu\u00e7\u00e3o\/Instagram)\"},{\"@type\":\"BreadcrumbList\",\"@id\":\"https:\/\/www.gaveanews.com\/index.php\/2025\/02\/12\/convocacao-para-selecao-pedido-de-neto-e-declaracao-de-hugo-souza-as-ultimas-noticias-do-corinthians\/#breadcrumb\",\"itemListElement\":[{\"@type\":\"ListItem\",\"position\":1,\"name\":\"Home\",\"item\":\"https:\/\/www.gaveanews.com\/\"},{\"@type\":\"ListItem\",\"position\":2,\"name\":\"Convoca\u00e7\u00e3o para sele\u00e7\u00e3o, pedido de Neto e declara\u00e7\u00e3o de Hugo Souza: as \u00faltimas not\u00edcias do Corinthians\"}]},{\"@type\":\"WebSite\",\"@id\":\"https:\/\/www.gaveanews.com\/#website\",\"url\":\"https:\/\/www.gaveanews.com\/\",\"name\":\"G\u00e1vea News\",\"description\":\"Veja todas as not\u00edcias sobre o Flamengo: Contrata\u00e7\u00f5es, categorias de base, resultados das partidas, tabela de classifica\u00e7\u00e3o, pr\u00f3ximos jogos!\",\"potentialAction\":[{\"@type\":\"SearchAction\",\"target\":{\"@type\":\"EntryPoint\",\"urlTemplate\":\"https:\/\/www.gaveanews.com\/?s={search_term_string}\"},\"query-input\":{\"@type\":\"PropertyValueSpecification\",\"valueRequired\":true,\"valueName\":\"search_term_string\"}}],\"inLanguage\":\"pt-BR\"},{\"@type\":\"Person\",\"@id\":\"https:\/\/www.gaveanews.com\/#\/schema\/person\/8207cd4627f56151707418bfc835b2fb\",\"name\":\"Matheus Felipe\",\"image\":{\"@type\":\"ImageObject\",\"inLanguage\":\"pt-BR\",\"@id\":\"https:\/\/www.gaveanews.com\/#\/schema\/person\/image\/\",\"url\":\"https:\/\/secure.gravatar.com\/avatar\/a452ffbed9130f726358b298bb3a99ce4bd3c5338411f8440e87e14d74c7c087?s=96&d=mm&r=g\",\"contentUrl\":\"https:\/\/secure.gravatar.com\/avatar\/a452ffbed9130f726358b298bb3a99ce4bd3c5338411f8440e87e14d74c7c087?s=96&d=mm&r=g\",\"caption\":\"Matheus Felipe\"}}]}<\/script>\n<!-- \/ Yoast SEO Premium plugin. -->","yoast_head_json":{"title":"Convoca\u00e7\u00e3o para sele\u00e7\u00e3o, pedido de Neto e declara\u00e7\u00e3o de Hugo Souza: as \u00faltimas not\u00edcias do Corinthians","robots":{"index":"index","follow":"follow","max-snippet":"max-snippet:-1","max-image-preview":"max-image-preview:large","max-video-preview":"max-video-preview:-1"},"canonical":"https:\/\/www.gaveanews.com\/index.php\/2025\/02\/12\/convocacao-para-selecao-pedido-de-neto-e-declaracao-de-hugo-souza-as-ultimas-noticias-do-corinthians\/","og_locale":"pt_BR","og_type":"article","og_title":"Convoca\u00e7\u00e3o para sele\u00e7\u00e3o, pedido de Neto e declara\u00e7\u00e3o de Hugo Souza: as \u00faltimas not\u00edcias do Corinthians","og_description":"Nas \u00faltimas horas, o foco das not\u00edcias sobre o Corinthians se concentram nos bastidores do clube, com destaques do dia a dia do time. Por conta deste contexto, leia abaixo um resumo preparado pela equipe do portal G\u00e1vea News para lhe manter muito bem informado! Declara\u00e7\u00e3o de Hugo Souza Hugo Souza foi o grande nome [&hellip;]","og_url":"https:\/\/www.gaveanews.com\/index.php\/2025\/02\/12\/convocacao-para-selecao-pedido-de-neto-e-declaracao-de-hugo-souza-as-ultimas-noticias-do-corinthians\/","og_site_name":"G\u00e1vea News","article_publisher":"https:\/\/facebook.com\/gaveaNews\/","article_published_time":"2025-02-12T09:20:00+00:00","og_image":[{"width":1814,"height":1440,"url":"https:\/\/www.gaveanews.com\/wp-content\/uploads\/Elenco-do-Corinthians-durante-partida-do-Brasileirao-2024.webp","type":"image\/jpeg"}],"author":"Matheus Felipe","twitter_card":"summary_large_image","twitter_misc":{"Escrito por":"Matheus Felipe","Est. tempo de leitura":"5 minutos"},"schema":{"@context":"https:\/\/schema.org","@graph":[{"@type":"NewsArticle","@id":"https:\/\/www.gaveanews.com\/index.php\/2025\/02\/12\/convocacao-para-selecao-pedido-de-neto-e-declaracao-de-hugo-souza-as-ultimas-noticias-do-corinthians\/#article","isPartOf":{"@id":"https:\/\/www.gaveanews.com\/index.php\/2025\/02\/12\/convocacao-para-selecao-pedido-de-neto-e-declaracao-de-hugo-souza-as-ultimas-noticias-do-corinthians\/"},"author":{"name":"Matheus Felipe","@id":"https:\/\/www.gaveanews.com\/#\/schema\/person\/8207cd4627f56151707418bfc835b2fb"},"headline":"Convoca\u00e7\u00e3o para sele\u00e7\u00e3o, pedido de Neto e declara\u00e7\u00e3o de Hugo Souza: as \u00faltimas not\u00edcias do Corinthians","datePublished":"2025-02-12T09:20:00+00:00","mainEntityOfPage":{"@id":"https:\/\/www.gaveanews.com\/index.php\/2025\/02\/12\/convocacao-para-selecao-pedido-de-neto-e-declaracao-de-hugo-souza-as-ultimas-noticias-do-corinthians\/"},"wordCount":749,"commentCount":0,"image":{"@id":"https:\/\/www.gaveanews.com\/index.php\/2025\/02\/12\/convocacao-para-selecao-pedido-de-neto-e-declaracao-de-hugo-souza-as-ultimas-noticias-do-corinthians\/#primaryimage"},"thumbnailUrl":"https:\/\/www.gaveanews.com\/wp-content\/uploads\/Elenco-do-Corinthians-durante-partida-do-Brasileirao-2024.webp","articleSection":["Corinthians"],"inLanguage":"pt-BR","potentialAction":[{"@type":"CommentAction","name":"Comment","target":["https:\/\/www.gaveanews.com\/index.php\/2025\/02\/12\/convocacao-para-selecao-pedido-de-neto-e-declaracao-de-hugo-souza-as-ultimas-noticias-do-corinthians\/#respond"]}],"copyrightYear":"2025","copyrightHolder":{"@id":"https:\/\/www.gaveanews.com\/#organization"}},{"@type":"WebPage","@id":"https:\/\/www.gaveanews.com\/index.php\/2025\/02\/12\/convocacao-para-selecao-pedido-de-neto-e-declaracao-de-hugo-souza-as-ultimas-noticias-do-corinthians\/","url":"https:\/\/www.gaveanews.com\/index.php\/2025\/02\/12\/convocacao-para-selecao-pedido-de-neto-e-declaracao-de-hugo-souza-as-ultimas-noticias-do-corinthians\/","name":"Convoca\u00e7\u00e3o para sele\u00e7\u00e3o, pedido de Neto e declara\u00e7\u00e3o de Hugo Souza: as \u00faltimas not\u00edcias do Corinthians","isPartOf":{"@id":"https:\/\/www.gaveanews.com\/#website"},"primaryImageOfPage":{"@id":"https:\/\/www.gaveanews.com\/index.php\/2025\/02\/12\/convocacao-para-selecao-pedido-de-neto-e-declaracao-de-hugo-souza-as-ultimas-noticias-do-corinthians\/#primaryimage"},"image":{"@id":"https:\/\/www.gaveanews.com\/index.php\/2025\/02\/12\/convocacao-para-selecao-pedido-de-neto-e-declaracao-de-hugo-souza-as-ultimas-noticias-do-corinthians\/#primaryimage"},"thumbnailUrl":"https:\/\/www.gaveanews.com\/wp-content\/uploads\/Elenco-do-Corinthians-durante-partida-do-Brasileirao-2024.webp","datePublished":"2025-02-12T09:20:00+00:00","author":{"@id":"https:\/\/www.gaveanews.com\/#\/schema\/person\/8207cd4627f56151707418bfc835b2fb"},"breadcrumb":{"@id":"https:\/\/www.gaveanews.com\/index.php\/2025\/02\/12\/convocacao-para-selecao-pedido-de-neto-e-declaracao-de-hugo-souza-as-ultimas-noticias-do-corinthians\/#breadcrumb"},"inLanguage":"pt-BR","potentialAction":[{"@type":"ReadAction","target":["https:\/\/www.gaveanews.com\/index.php\/2025\/02\/12\/convocacao-para-selecao-pedido-de-neto-e-declaracao-de-hugo-souza-as-ultimas-noticias-do-corinthians\/"]}]},{"@type":"ImageObject","inLanguage":"pt-BR","@id":"https:\/\/www.gaveanews.com\/index.php\/2025\/02\/12\/convocacao-para-selecao-pedido-de-neto-e-declaracao-de-hugo-souza-as-ultimas-noticias-do-corinthians\/#primaryimage","url":"https:\/\/www.gaveanews.com\/wp-content\/uploads\/Elenco-do-Corinthians-durante-partida-do-Brasileirao-2024.webp","contentUrl":"https:\/\/www.gaveanews.com\/wp-content\/uploads\/Elenco-do-Corinthians-durante-partida-do-Brasileirao-2024.webp","width":1814,"height":1440,"caption":"Elenco do Corinthians durante partida do Brasileir\u00e3o 2024 (Foto: Reprodu\u00e7\u00e3o\/Instagram)"},{"@type":"BreadcrumbList","@id":"https:\/\/www.gaveanews.com\/index.php\/2025\/02\/12\/convocacao-para-selecao-pedido-de-neto-e-declaracao-de-hugo-souza-as-ultimas-noticias-do-corinthians\/#breadcrumb","itemListElement":[{"@type":"ListItem","position":1,"name":"Home","item":"https:\/\/www.gaveanews.com\/"},{"@type":"ListItem","position":2,"name":"Convoca\u00e7\u00e3o para sele\u00e7\u00e3o, pedido de Neto e declara\u00e7\u00e3o de Hugo Souza: as \u00faltimas not\u00edcias do Corinthians"}]},{"@type":"WebSite","@id":"https:\/\/www.gaveanews.com\/#website","url":"https:\/\/www.gaveanews.com\/","name":"G\u00e1vea News","description":"Veja todas as not\u00edcias sobre o Flamengo: Contrata\u00e7\u00f5es, categorias de base, resultados das partidas, tabela de classifica\u00e7\u00e3o, pr\u00f3ximos jogos!","potentialAction":[{"@type":"SearchAction","target":{"@type":"EntryPoint","urlTemplate":"https:\/\/www.gaveanews.com\/?s={search_term_string}"},"query-input":{"@type":"PropertyValueSpecification","valueRequired":true,"valueName":"search_term_string"}}],"inLanguage":"pt-BR"},{"@type":"Person","@id":"https:\/\/www.gaveanews.com\/#\/schema\/person\/8207cd4627f56151707418bfc835b2fb","name":"Matheus Felipe","image":{"@type":"ImageObject","inLanguage":"pt-BR","@id":"https:\/\/www.gaveanews.com\/#\/schema\/person\/image\/","url":"https:\/\/secure.gravatar.com\/avatar\/a452ffbed9130f726358b298bb3a99ce4bd3c5338411f8440e87e14d74c7c087?s=96&d=mm&r=g","contentUrl":"https:\/\/secure.gravatar.com\/avatar\/a452ffbed9130f726358b298bb3a99ce4bd3c5338411f8440e87e14d74c7c087?s=96&d=mm&r=g","caption":"Matheus Felipe"}}]}},"_links":{"self":[{"href":"https:\/\/www.gaveanews.com\/index.php\/wp-json\/wp\/v2\/posts\/226598","targetHints":{"allow":["GET"]}}],"collection":[{"href":"https:\/\/www.gaveanews.com\/index.php\/wp-json\/wp\/v2\/posts"}],"about":[{"href":"https:\/\/www.gaveanews.com\/index.php\/wp-json\/wp\/v2\/types\/post"}],"author":[{"embeddable":true,"href":"https:\/\/www.gaveanews.com\/index.php\/wp-json\/wp\/v2\/users\/27"}],"replies":[{"embeddable":true,"href":"https:\/\/www.gaveanews.com\/index.php\/wp-json\/wp\/v2\/comments?post=226598"}],"version-history":[{"count":1,"href":"https:\/\/www.gaveanews.com\/index.php\/wp-json\/wp\/v2\/posts\/226598\/revisions"}],"predecessor-version":[{"id":226600,"href":"https:\/\/www.gaveanews.com\/index.php\/wp-json\/wp\/v2\/posts\/226598\/revisions\/226600"}],"wp:featuredmedia":[{"embeddable":true,"href":"https:\/\/www.gaveanews.com\/index.php\/wp-json\/wp\/v2\/media\/155584"}],"wp:attachment":[{"href":"https:\/\/www.gaveanews.com\/index.php\/wp-json\/wp\/v2\/media?parent=226598"}],"wp:term":[{"taxonomy":"category","embeddable":true,"href":"https:\/\/www.gaveanews.com\/index.php\/wp-json\/wp\/v2\/categories?post=226598"},{"taxonomy":"post_tag","embeddable":true,"href":"https:\/\/www.gaveanews.com\/index.php\/wp-json\/wp\/v2\/tags?post=226598"}],"curies":[{"name":"wp","href":"https:\/\/api.w.org\/{rel}","templated":true}]}}