{"id":226602,"date":"2025-02-12T07:20:00","date_gmt":"2025-02-12T10:20:00","guid":{"rendered":"https:\/\/www.gaveanews.com\/?p=226602"},"modified":"2025-02-12T02:27:42","modified_gmt":"2025-02-12T05:27:42","slug":"declaracao-de-ramon-diaz-recado-de-bruno-formiga-e-bidu-sobre-hugo-souza-as-ultimas-noticias-do-corinthians","status":"publish","type":"post","link":"https:\/\/www.gaveanews.com\/index.php\/2025\/02\/12\/declaracao-de-ramon-diaz-recado-de-bruno-formiga-e-bidu-sobre-hugo-souza-as-ultimas-noticias-do-corinthians\/","title":{"rendered":"Declara\u00e7\u00e3o de Ram\u00f3n D\u00edaz, recado de Bruno Formiga e Bidu sobre Hugo Souza: as \u00faltimas not\u00edcias do Corinthians"},"content":{"rendered":"\n<p>Nas \u00faltimas horas, o foco das not\u00edcias sobre o Corinthians se concentram nos bastidores do clube, com destaques do dia a dia do time.<\/p>\n\n\n\n<p>Por conta deste contexto, leia abaixo um resumo preparado pela equipe do portal G\u00e1vea News para lhe manter muito bem informado!<\/p>\n\n\n\n<h2 class=\"wp-block-heading\" id=\"h-bidu-sobre-hugo-souza\">Bidu sobre Hugo Souza<\/h2>\n\n\n\n<p>Matheus Bidu elogiou a atua\u00e7\u00e3o decisiva de Hugo Souza no empate entre Corinthians e Palmeiras por 1 a 1. O lateral destacou a confian\u00e7a da equipe no goleiro, que brilhou ao defender um p\u00eanalti nos acr\u00e9scimos e garantir o resultado no Allianz Parque. Bidu ressaltou o empenho de Hugo nos treinamentos e afirmou que sua performance foi fundamental para evitar a derrota do Tim\u00e3o <strong><a href=\"https:\/\/www.gaveanews.com\/index.php\/2025\/02\/07\/video-matheus-bidu-e-sincero-ao-falar-sobre-hugo-souza-do-corinthians\/\">(leia a mat\u00e9ria completa).<\/a><\/strong><\/p>\n\n\n\n<figure class=\"wp-block-image size-large\"><img loading=\"lazy\" decoding=\"async\" width=\"929\" height=\"1024\" src=\"http:\/\/www.gaveanews.com\/wp-content\/uploads\/Matheus-Bidu-em-acao-pelo-Corinthians-929x1024.webp\" alt=\"\" class=\"wp-image-158697\" srcset=\"https:\/\/www.gaveanews.com\/wp-content\/uploads\/Matheus-Bidu-em-acao-pelo-Corinthians-929x1024.webp 929w, https:\/\/www.gaveanews.com\/wp-content\/uploads\/Matheus-Bidu-em-acao-pelo-Corinthians-272x300.webp 272w, https:\/\/www.gaveanews.com\/wp-content\/uploads\/Matheus-Bidu-em-acao-pelo-Corinthians-768x846.webp 768w, https:\/\/www.gaveanews.com\/wp-content\/uploads\/Matheus-Bidu-em-acao-pelo-Corinthians-381x420.webp 381w, https:\/\/www.gaveanews.com\/wp-content\/uploads\/Matheus-Bidu-em-acao-pelo-Corinthians-762x840.webp 762w, https:\/\/www.gaveanews.com\/wp-content\/uploads\/Matheus-Bidu-em-acao-pelo-Corinthians-640x705.webp 640w, https:\/\/www.gaveanews.com\/wp-content\/uploads\/Matheus-Bidu-em-acao-pelo-Corinthians-681x750.webp 681w, https:\/\/www.gaveanews.com\/wp-content\/uploads\/Matheus-Bidu-em-acao-pelo-Corinthians-100x110.webp 100w, https:\/\/www.gaveanews.com\/wp-content\/uploads\/Matheus-Bidu-em-acao-pelo-Corinthians.webp 1080w\" sizes=\"auto, (max-width: 929px) 100vw, 929px\" \/><figcaption class=\"wp-element-caption\">Matheus Bidu em a\u00e7\u00e3o pelo Corinthians (Foto: Reprodu\u00e7\u00e3o\/Instagram)<\/figcaption><\/figure>\n\n\n\n<p>O cl\u00e1ssico foi marcado por momentos de tens\u00e3o, incluindo a expuls\u00e3o de Yuri Alberto no segundo tempo, que deixou o Corinthians com um jogador a menos. <\/p>\n\n\n\n<p>Mesmo sob forte press\u00e3o do Palmeiras, a equipe se manteve firme defensivamente e contou com a grande atua\u00e7\u00e3o de seu goleiro para segurar o empate.<\/p>\n\n\n\n<p>Com esse resultado, o Corinthians segue l\u00edder do Grupo A e da classifica\u00e7\u00e3o geral do Campeonato Paulista. O pr\u00f3ximo desafio ser\u00e1 contra o S\u00e3o Bernardo, onde a equipe buscar\u00e1 consolidar sua posi\u00e7\u00e3o e manter o bom momento na competi\u00e7\u00e3o.<\/p>\n\n\n\n<h2 class=\"wp-block-heading\" id=\"h-recado-de-bruno-formiga\">Recado de Bruno Formiga<\/h2>\n\n\n\n<p>O comentarista Bruno Formiga elogiou Hugo Souza ap\u00f3s sua atua\u00e7\u00e3o no empate entre Corinthians e Palmeiras, destacando sua import\u00e2ncia para o time alvinegro. Em uma postagem no <em>X<\/em> (antigo Twitter), Formiga ressaltou que o goleiro j\u00e1 defendeu seis p\u00eanaltis desde sua chegada ao clube e que seu desempenho tem sido determinante para a equipe. Segundo ele, \u00e9 assim que os \u00eddolos nascem, evidenciando a crescente popularidade de Hugo entre os torcedores corintianos <strong><a href=\"https:\/\/www.gaveanews.com\/index.php\/2025\/02\/07\/corinthians-a-declaracao-de-bruno-formiga-direcionada-a-hugo-souza\/\">(leia a mat\u00e9ria completa).<\/a><\/strong><\/p>\n\n\n\n<figure class=\"wp-block-image size-full\"><img loading=\"lazy\" decoding=\"async\" width=\"740\" height=\"416\" src=\"http:\/\/www.gaveanews.com\/wp-content\/uploads\/image-2024-08-21T141722.256.webp\" alt=\"\" class=\"wp-image-160023\" srcset=\"https:\/\/www.gaveanews.com\/wp-content\/uploads\/image-2024-08-21T141722.256.webp 740w, https:\/\/www.gaveanews.com\/wp-content\/uploads\/image-2024-08-21T141722.256-300x169.webp 300w, https:\/\/www.gaveanews.com\/wp-content\/uploads\/image-2024-08-21T141722.256-640x360.webp 640w, https:\/\/www.gaveanews.com\/wp-content\/uploads\/image-2024-08-21T141722.256-681x383.webp 681w, https:\/\/www.gaveanews.com\/wp-content\/uploads\/image-2024-08-21T141722.256-100x56.webp 100w\" sizes=\"auto, (max-width: 740px) 100vw, 740px\" \/><figcaption class=\"wp-element-caption\">Foto: Jhony Pinho\/AGIF Hugo Souza falou sobre o Mengo<\/figcaption><\/figure>\n\n\n\n<p>Durante o cl\u00e1ssico, Hugo Souza defendeu um p\u00eanalti cobrado por Est\u00eav\u00e3o nos acr\u00e9scimos do segundo tempo, garantindo o empate para o Corinthians. Al\u00e9m disso, na rodada anterior, ele j\u00e1 havia defendido outra penalidade contra o Novorizontino. Essa sequ\u00eancia de grandes atua\u00e7\u00f5es tem fortalecido seu nome no cen\u00e1rio nacional, com alguns especialistas, como Neto, pedindo sua convoca\u00e7\u00e3o para a sele\u00e7\u00e3o brasileira.<\/p>\n\n\n\n<p>A boa fase do goleiro pode abrir portas para oportunidades ainda maiores em sua carreira. Com apenas 26 anos, ele ainda sonha em vestir a camisa da sele\u00e7\u00e3o e, se mantiver esse n\u00edvel de desempenho, pode figurar entre os convocados de Dorival J\u00fanior no futuro. Enquanto isso, segue como pe\u00e7a fundamental no esquema de Ram\u00f3n D\u00edaz, ajudando o Corinthians a se consolidar na temporada.<\/p>\n\n\n\n<h2 class=\"wp-block-heading\" id=\"h-declaracao-de-ramon-diaz\">Declara\u00e7\u00e3o de Ram\u00f3n D\u00edaz<\/h2>\n\n\n\n<p>O t\u00e9cnico Ram\u00f3n D\u00edaz fez elogios ao goleiro Hugo Souza ap\u00f3s o empate entre Palmeiras e Corinthians pela 8\u00aa rodada do Campeonato Paulista. Durante a coletiva p\u00f3s-jogo, o treinador destacou a import\u00e2ncia do arqueiro, que foi eleito o melhor jogador em campo pela segunda vez consecutiva. Hugo teve atua\u00e7\u00e3o decisiva, evitando gols do rival e garantindo o empate, mesmo com o Corinthians tendo um jogador a menos ap\u00f3s a expuls\u00e3o de Rodrigo Garro<strong><a href=\"https:\/\/www.gaveanews.com\/index.php\/2025\/02\/07\/video-a-declaracao-de-ramon-diaz-direcionada-a-hugo-souza\/\"> (leia a mat\u00e9ria completa).<\/a><\/strong><\/p>\n\n\n\n<figure class=\"wp-block-image size-large\"><img loading=\"lazy\" decoding=\"async\" width=\"1024\" height=\"768\" src=\"http:\/\/www.gaveanews.com\/wp-content\/uploads\/Ramon-Diaz-pelo-Corinthians-em-2024-1024x768.webp\" alt=\"\" class=\"wp-image-152536\" srcset=\"https:\/\/www.gaveanews.com\/wp-content\/uploads\/Ramon-Diaz-pelo-Corinthians-em-2024-1024x768.webp 1024w, https:\/\/www.gaveanews.com\/wp-content\/uploads\/Ramon-Diaz-pelo-Corinthians-em-2024-300x225.webp 300w, https:\/\/www.gaveanews.com\/wp-content\/uploads\/Ramon-Diaz-pelo-Corinthians-em-2024-768x576.webp 768w, https:\/\/www.gaveanews.com\/wp-content\/uploads\/Ramon-Diaz-pelo-Corinthians-em-2024-560x420.webp 560w, https:\/\/www.gaveanews.com\/wp-content\/uploads\/Ramon-Diaz-pelo-Corinthians-em-2024-1121x840.webp 1121w, https:\/\/www.gaveanews.com\/wp-content\/uploads\/Ramon-Diaz-pelo-Corinthians-em-2024-80x60.webp 80w, https:\/\/www.gaveanews.com\/wp-content\/uploads\/Ramon-Diaz-pelo-Corinthians-em-2024-160x120.webp 160w, https:\/\/www.gaveanews.com\/wp-content\/uploads\/Ramon-Diaz-pelo-Corinthians-em-2024-100x75.webp 100w, https:\/\/www.gaveanews.com\/wp-content\/uploads\/Ramon-Diaz-pelo-Corinthians-em-2024-200x150.webp 200w, https:\/\/www.gaveanews.com\/wp-content\/uploads\/Ramon-Diaz-pelo-Corinthians-em-2024-180x135.webp 180w, https:\/\/www.gaveanews.com\/wp-content\/uploads\/Ramon-Diaz-pelo-Corinthians-em-2024-360x270.webp 360w, https:\/\/www.gaveanews.com\/wp-content\/uploads\/Ramon-Diaz-pelo-Corinthians-em-2024-238x178.webp 238w, https:\/\/www.gaveanews.com\/wp-content\/uploads\/Ramon-Diaz-pelo-Corinthians-em-2024-476x356.webp 476w, https:\/\/www.gaveanews.com\/wp-content\/uploads\/Ramon-Diaz-pelo-Corinthians-em-2024-640x480.webp 640w, https:\/\/www.gaveanews.com\/wp-content\/uploads\/Ramon-Diaz-pelo-Corinthians-em-2024-1280x960.webp 1280w, https:\/\/www.gaveanews.com\/wp-content\/uploads\/Ramon-Diaz-pelo-Corinthians-em-2024-681x510.webp 681w, https:\/\/www.gaveanews.com\/wp-content\/uploads\/Ramon-Diaz-pelo-Corinthians-em-2024.webp 1346w\" sizes=\"auto, (max-width: 1024px) 100vw, 1024px\" \/><figcaption class=\"wp-element-caption\">Ram\u00f3n D\u00edaz pelo Corinthians em 2024 (Foto: Reprodu\u00e7\u00e3o\/Corinthians)<\/figcaption><\/figure>\n\n\n\n<p>Ram\u00f3n D\u00edaz ressaltou que, desde a chegada de Hugo Souza ao clube, ele assumiu responsabilidades importantes e se tornou um dos l\u00edderes do elenco. O t\u00e9cnico enfatizou a qualidade do goleiro e sua postura dentro de campo, aspectos que t\u00eam sido fundamentais para o desempenho da equipe no in\u00edcio da temporada.<\/p>\n\n\n\n<p>Agora, o Corinthians se prepara para enfrentar o S\u00e3o Bernardo e o Santos nos pr\u00f3ximos compromissos do Campeonato Paulista. O treinador tamb\u00e9m destacou os desafios de recupera\u00e7\u00e3o f\u00edsica do elenco, especialmente diante do calend\u00e1rio apertado e dos jogos adiados devido \u00e0s fortes chuvas em S\u00e3o Paulo. Nesse cen\u00e1rio, a seguran\u00e7a defensiva proporcionada por Hugo Souza ser\u00e1 crucial para os desafios que est\u00e3o por vir.<\/p>\n","protected":false},"excerpt":{"rendered":"<p>Nas \u00faltimas horas, o foco das not\u00edcias sobre o Corinthians se concentram nos bastidores do clube, com destaques do dia a dia do time. Por conta deste contexto, leia abaixo um resumo preparado pela equipe do portal G\u00e1vea News para lhe manter muito bem informado! Bidu sobre Hugo Souza Matheus Bidu elogiou a atua\u00e7\u00e3o decisiva [&hellip;]<\/p>\n","protected":false},"author":27,"featured_media":146953,"comment_status":"open","ping_status":"closed","sticky":false,"template":"","format":"standard","meta":{"footnotes":""},"categories":[141],"tags":[],"class_list":["post-226602","post","type-post","status-publish","format-standard","has-post-thumbnail","hentry","category-corinthians"],"yoast_head":"<!-- This site is optimized with the Yoast SEO Premium plugin v24.2 (Yoast SEO v26.9) - https:\/\/yoast.com\/product\/yoast-seo-premium-wordpress\/ -->\n<title>Declara\u00e7\u00e3o de Ram\u00f3n D\u00edaz, recado de Bruno Formiga e Bidu sobre Hugo Souza: as \u00faltimas not\u00edcias do Corinthians<\/title>\n<meta name=\"robots\" content=\"index, follow, max-snippet:-1, max-image-preview:large, max-video-preview:-1\" \/>\n<link rel=\"canonical\" href=\"https:\/\/www.gaveanews.com\/index.php\/2025\/02\/12\/declaracao-de-ramon-diaz-recado-de-bruno-formiga-e-bidu-sobre-hugo-souza-as-ultimas-noticias-do-corinthians\/\" \/>\n<meta property=\"og:locale\" content=\"pt_BR\" \/>\n<meta property=\"og:type\" content=\"article\" \/>\n<meta property=\"og:title\" content=\"Declara\u00e7\u00e3o de Ram\u00f3n D\u00edaz, recado de Bruno Formiga e Bidu sobre Hugo Souza: as \u00faltimas not\u00edcias do Corinthians\" \/>\n<meta property=\"og:description\" content=\"Nas \u00faltimas horas, o foco das not\u00edcias sobre o Corinthians se concentram nos bastidores do clube, com destaques do dia a dia do time. Por conta deste contexto, leia abaixo um resumo preparado pela equipe do portal G\u00e1vea News para lhe manter muito bem informado! Bidu sobre Hugo Souza Matheus Bidu elogiou a atua\u00e7\u00e3o decisiva [&hellip;]\" \/>\n<meta property=\"og:url\" content=\"https:\/\/www.gaveanews.com\/index.php\/2025\/02\/12\/declaracao-de-ramon-diaz-recado-de-bruno-formiga-e-bidu-sobre-hugo-souza-as-ultimas-noticias-do-corinthians\/\" \/>\n<meta property=\"og:site_name\" content=\"G\u00e1vea News\" \/>\n<meta property=\"article:publisher\" content=\"https:\/\/facebook.com\/gaveaNews\/\" \/>\n<meta property=\"article:published_time\" content=\"2025-02-12T10:20:00+00:00\" \/>\n<meta property=\"og:image\" content=\"https:\/\/www.gaveanews.com\/wp-content\/uploads\/Torcida-do-Corinthians.webp\" \/>\n\t<meta property=\"og:image:width\" content=\"1000\" \/>\n\t<meta property=\"og:image:height\" content=\"667\" \/>\n\t<meta property=\"og:image:type\" content=\"image\/webp\" \/>\n<meta name=\"author\" content=\"Matheus Felipe\" \/>\n<meta name=\"twitter:card\" content=\"summary_large_image\" \/>\n<meta name=\"twitter:label1\" content=\"Escrito por\" \/>\n\t<meta name=\"twitter:data1\" content=\"Matheus Felipe\" \/>\n\t<meta name=\"twitter:label2\" content=\"Est. tempo de leitura\" \/>\n\t<meta name=\"twitter:data2\" content=\"5 minutos\" \/>\n<script type=\"application\/ld+json\" class=\"yoast-schema-graph\">{\"@context\":\"https:\/\/schema.org\",\"@graph\":[{\"@type\":\"NewsArticle\",\"@id\":\"https:\/\/www.gaveanews.com\/index.php\/2025\/02\/12\/declaracao-de-ramon-diaz-recado-de-bruno-formiga-e-bidu-sobre-hugo-souza-as-ultimas-noticias-do-corinthians\/#article\",\"isPartOf\":{\"@id\":\"https:\/\/www.gaveanews.com\/index.php\/2025\/02\/12\/declaracao-de-ramon-diaz-recado-de-bruno-formiga-e-bidu-sobre-hugo-souza-as-ultimas-noticias-do-corinthians\/\"},\"author\":{\"name\":\"Matheus Felipe\",\"@id\":\"https:\/\/www.gaveanews.com\/#\/schema\/person\/8207cd4627f56151707418bfc835b2fb\"},\"headline\":\"Declara\u00e7\u00e3o de Ram\u00f3n D\u00edaz, recado de Bruno Formiga e Bidu sobre Hugo Souza: as \u00faltimas not\u00edcias do Corinthians\",\"datePublished\":\"2025-02-12T10:20:00+00:00\",\"mainEntityOfPage\":{\"@id\":\"https:\/\/www.gaveanews.com\/index.php\/2025\/02\/12\/declaracao-de-ramon-diaz-recado-de-bruno-formiga-e-bidu-sobre-hugo-souza-as-ultimas-noticias-do-corinthians\/\"},\"wordCount\":726,\"commentCount\":0,\"image\":{\"@id\":\"https:\/\/www.gaveanews.com\/index.php\/2025\/02\/12\/declaracao-de-ramon-diaz-recado-de-bruno-formiga-e-bidu-sobre-hugo-souza-as-ultimas-noticias-do-corinthians\/#primaryimage\"},\"thumbnailUrl\":\"https:\/\/www.gaveanews.com\/wp-content\/uploads\/Torcida-do-Corinthians.webp\",\"articleSection\":[\"Corinthians\"],\"inLanguage\":\"pt-BR\",\"potentialAction\":[{\"@type\":\"CommentAction\",\"name\":\"Comment\",\"target\":[\"https:\/\/www.gaveanews.com\/index.php\/2025\/02\/12\/declaracao-de-ramon-diaz-recado-de-bruno-formiga-e-bidu-sobre-hugo-souza-as-ultimas-noticias-do-corinthians\/#respond\"]}],\"copyrightYear\":\"2025\",\"copyrightHolder\":{\"@id\":\"https:\/\/www.gaveanews.com\/#organization\"}},{\"@type\":\"WebPage\",\"@id\":\"https:\/\/www.gaveanews.com\/index.php\/2025\/02\/12\/declaracao-de-ramon-diaz-recado-de-bruno-formiga-e-bidu-sobre-hugo-souza-as-ultimas-noticias-do-corinthians\/\",\"url\":\"https:\/\/www.gaveanews.com\/index.php\/2025\/02\/12\/declaracao-de-ramon-diaz-recado-de-bruno-formiga-e-bidu-sobre-hugo-souza-as-ultimas-noticias-do-corinthians\/\",\"name\":\"Declara\u00e7\u00e3o de Ram\u00f3n D\u00edaz, recado de Bruno Formiga e Bidu sobre Hugo Souza: as \u00faltimas not\u00edcias do Corinthians\",\"isPartOf\":{\"@id\":\"https:\/\/www.gaveanews.com\/#website\"},\"primaryImageOfPage\":{\"@id\":\"https:\/\/www.gaveanews.com\/index.php\/2025\/02\/12\/declaracao-de-ramon-diaz-recado-de-bruno-formiga-e-bidu-sobre-hugo-souza-as-ultimas-noticias-do-corinthians\/#primaryimage\"},\"image\":{\"@id\":\"https:\/\/www.gaveanews.com\/index.php\/2025\/02\/12\/declaracao-de-ramon-diaz-recado-de-bruno-formiga-e-bidu-sobre-hugo-souza-as-ultimas-noticias-do-corinthians\/#primaryimage\"},\"thumbnailUrl\":\"https:\/\/www.gaveanews.com\/wp-content\/uploads\/Torcida-do-Corinthians.webp\",\"datePublished\":\"2025-02-12T10:20:00+00:00\",\"author\":{\"@id\":\"https:\/\/www.gaveanews.com\/#\/schema\/person\/8207cd4627f56151707418bfc835b2fb\"},\"breadcrumb\":{\"@id\":\"https:\/\/www.gaveanews.com\/index.php\/2025\/02\/12\/declaracao-de-ramon-diaz-recado-de-bruno-formiga-e-bidu-sobre-hugo-souza-as-ultimas-noticias-do-corinthians\/#breadcrumb\"},\"inLanguage\":\"pt-BR\",\"potentialAction\":[{\"@type\":\"ReadAction\",\"target\":[\"https:\/\/www.gaveanews.com\/index.php\/2025\/02\/12\/declaracao-de-ramon-diaz-recado-de-bruno-formiga-e-bidu-sobre-hugo-souza-as-ultimas-noticias-do-corinthians\/\"]}]},{\"@type\":\"ImageObject\",\"inLanguage\":\"pt-BR\",\"@id\":\"https:\/\/www.gaveanews.com\/index.php\/2025\/02\/12\/declaracao-de-ramon-diaz-recado-de-bruno-formiga-e-bidu-sobre-hugo-souza-as-ultimas-noticias-do-corinthians\/#primaryimage\",\"url\":\"https:\/\/www.gaveanews.com\/wp-content\/uploads\/Torcida-do-Corinthians.webp\",\"contentUrl\":\"https:\/\/www.gaveanews.com\/wp-content\/uploads\/Torcida-do-Corinthians.webp\",\"width\":1000,\"height\":667,\"caption\":\"Torcida do Corinthians (Foto Reprodu\u00e7\u00e3o\/Instagram)\"},{\"@type\":\"BreadcrumbList\",\"@id\":\"https:\/\/www.gaveanews.com\/index.php\/2025\/02\/12\/declaracao-de-ramon-diaz-recado-de-bruno-formiga-e-bidu-sobre-hugo-souza-as-ultimas-noticias-do-corinthians\/#breadcrumb\",\"itemListElement\":[{\"@type\":\"ListItem\",\"position\":1,\"name\":\"Home\",\"item\":\"https:\/\/www.gaveanews.com\/\"},{\"@type\":\"ListItem\",\"position\":2,\"name\":\"Declara\u00e7\u00e3o de Ram\u00f3n D\u00edaz, recado de Bruno Formiga e Bidu sobre Hugo Souza: as \u00faltimas not\u00edcias do Corinthians\"}]},{\"@type\":\"WebSite\",\"@id\":\"https:\/\/www.gaveanews.com\/#website\",\"url\":\"https:\/\/www.gaveanews.com\/\",\"name\":\"G\u00e1vea News\",\"description\":\"Veja todas as not\u00edcias sobre o Flamengo: Contrata\u00e7\u00f5es, categorias de base, resultados das partidas, tabela de classifica\u00e7\u00e3o, pr\u00f3ximos jogos!\",\"potentialAction\":[{\"@type\":\"SearchAction\",\"target\":{\"@type\":\"EntryPoint\",\"urlTemplate\":\"https:\/\/www.gaveanews.com\/?s={search_term_string}\"},\"query-input\":{\"@type\":\"PropertyValueSpecification\",\"valueRequired\":true,\"valueName\":\"search_term_string\"}}],\"inLanguage\":\"pt-BR\"},{\"@type\":\"Person\",\"@id\":\"https:\/\/www.gaveanews.com\/#\/schema\/person\/8207cd4627f56151707418bfc835b2fb\",\"name\":\"Matheus Felipe\",\"image\":{\"@type\":\"ImageObject\",\"inLanguage\":\"pt-BR\",\"@id\":\"https:\/\/www.gaveanews.com\/#\/schema\/person\/image\/\",\"url\":\"https:\/\/secure.gravatar.com\/avatar\/a452ffbed9130f726358b298bb3a99ce4bd3c5338411f8440e87e14d74c7c087?s=96&d=mm&r=g\",\"contentUrl\":\"https:\/\/secure.gravatar.com\/avatar\/a452ffbed9130f726358b298bb3a99ce4bd3c5338411f8440e87e14d74c7c087?s=96&d=mm&r=g\",\"caption\":\"Matheus Felipe\"}}]}<\/script>\n<!-- \/ Yoast SEO Premium plugin. -->","yoast_head_json":{"title":"Declara\u00e7\u00e3o de Ram\u00f3n D\u00edaz, recado de Bruno Formiga e Bidu sobre Hugo Souza: as \u00faltimas not\u00edcias do Corinthians","robots":{"index":"index","follow":"follow","max-snippet":"max-snippet:-1","max-image-preview":"max-image-preview:large","max-video-preview":"max-video-preview:-1"},"canonical":"https:\/\/www.gaveanews.com\/index.php\/2025\/02\/12\/declaracao-de-ramon-diaz-recado-de-bruno-formiga-e-bidu-sobre-hugo-souza-as-ultimas-noticias-do-corinthians\/","og_locale":"pt_BR","og_type":"article","og_title":"Declara\u00e7\u00e3o de Ram\u00f3n D\u00edaz, recado de Bruno Formiga e Bidu sobre Hugo Souza: as \u00faltimas not\u00edcias do Corinthians","og_description":"Nas \u00faltimas horas, o foco das not\u00edcias sobre o Corinthians se concentram nos bastidores do clube, com destaques do dia a dia do time. Por conta deste contexto, leia abaixo um resumo preparado pela equipe do portal G\u00e1vea News para lhe manter muito bem informado! Bidu sobre Hugo Souza Matheus Bidu elogiou a atua\u00e7\u00e3o decisiva [&hellip;]","og_url":"https:\/\/www.gaveanews.com\/index.php\/2025\/02\/12\/declaracao-de-ramon-diaz-recado-de-bruno-formiga-e-bidu-sobre-hugo-souza-as-ultimas-noticias-do-corinthians\/","og_site_name":"G\u00e1vea News","article_publisher":"https:\/\/facebook.com\/gaveaNews\/","article_published_time":"2025-02-12T10:20:00+00:00","og_image":[{"width":1000,"height":667,"url":"https:\/\/www.gaveanews.com\/wp-content\/uploads\/Torcida-do-Corinthians.webp","type":"image\/webp"}],"author":"Matheus Felipe","twitter_card":"summary_large_image","twitter_misc":{"Escrito por":"Matheus Felipe","Est. tempo de leitura":"5 minutos"},"schema":{"@context":"https:\/\/schema.org","@graph":[{"@type":"NewsArticle","@id":"https:\/\/www.gaveanews.com\/index.php\/2025\/02\/12\/declaracao-de-ramon-diaz-recado-de-bruno-formiga-e-bidu-sobre-hugo-souza-as-ultimas-noticias-do-corinthians\/#article","isPartOf":{"@id":"https:\/\/www.gaveanews.com\/index.php\/2025\/02\/12\/declaracao-de-ramon-diaz-recado-de-bruno-formiga-e-bidu-sobre-hugo-souza-as-ultimas-noticias-do-corinthians\/"},"author":{"name":"Matheus Felipe","@id":"https:\/\/www.gaveanews.com\/#\/schema\/person\/8207cd4627f56151707418bfc835b2fb"},"headline":"Declara\u00e7\u00e3o de Ram\u00f3n D\u00edaz, recado de Bruno Formiga e Bidu sobre Hugo Souza: as \u00faltimas not\u00edcias do Corinthians","datePublished":"2025-02-12T10:20:00+00:00","mainEntityOfPage":{"@id":"https:\/\/www.gaveanews.com\/index.php\/2025\/02\/12\/declaracao-de-ramon-diaz-recado-de-bruno-formiga-e-bidu-sobre-hugo-souza-as-ultimas-noticias-do-corinthians\/"},"wordCount":726,"commentCount":0,"image":{"@id":"https:\/\/www.gaveanews.com\/index.php\/2025\/02\/12\/declaracao-de-ramon-diaz-recado-de-bruno-formiga-e-bidu-sobre-hugo-souza-as-ultimas-noticias-do-corinthians\/#primaryimage"},"thumbnailUrl":"https:\/\/www.gaveanews.com\/wp-content\/uploads\/Torcida-do-Corinthians.webp","articleSection":["Corinthians"],"inLanguage":"pt-BR","potentialAction":[{"@type":"CommentAction","name":"Comment","target":["https:\/\/www.gaveanews.com\/index.php\/2025\/02\/12\/declaracao-de-ramon-diaz-recado-de-bruno-formiga-e-bidu-sobre-hugo-souza-as-ultimas-noticias-do-corinthians\/#respond"]}],"copyrightYear":"2025","copyrightHolder":{"@id":"https:\/\/www.gaveanews.com\/#organization"}},{"@type":"WebPage","@id":"https:\/\/www.gaveanews.com\/index.php\/2025\/02\/12\/declaracao-de-ramon-diaz-recado-de-bruno-formiga-e-bidu-sobre-hugo-souza-as-ultimas-noticias-do-corinthians\/","url":"https:\/\/www.gaveanews.com\/index.php\/2025\/02\/12\/declaracao-de-ramon-diaz-recado-de-bruno-formiga-e-bidu-sobre-hugo-souza-as-ultimas-noticias-do-corinthians\/","name":"Declara\u00e7\u00e3o de Ram\u00f3n D\u00edaz, recado de Bruno Formiga e Bidu sobre Hugo Souza: as \u00faltimas not\u00edcias do Corinthians","isPartOf":{"@id":"https:\/\/www.gaveanews.com\/#website"},"primaryImageOfPage":{"@id":"https:\/\/www.gaveanews.com\/index.php\/2025\/02\/12\/declaracao-de-ramon-diaz-recado-de-bruno-formiga-e-bidu-sobre-hugo-souza-as-ultimas-noticias-do-corinthians\/#primaryimage"},"image":{"@id":"https:\/\/www.gaveanews.com\/index.php\/2025\/02\/12\/declaracao-de-ramon-diaz-recado-de-bruno-formiga-e-bidu-sobre-hugo-souza-as-ultimas-noticias-do-corinthians\/#primaryimage"},"thumbnailUrl":"https:\/\/www.gaveanews.com\/wp-content\/uploads\/Torcida-do-Corinthians.webp","datePublished":"2025-02-12T10:20:00+00:00","author":{"@id":"https:\/\/www.gaveanews.com\/#\/schema\/person\/8207cd4627f56151707418bfc835b2fb"},"breadcrumb":{"@id":"https:\/\/www.gaveanews.com\/index.php\/2025\/02\/12\/declaracao-de-ramon-diaz-recado-de-bruno-formiga-e-bidu-sobre-hugo-souza-as-ultimas-noticias-do-corinthians\/#breadcrumb"},"inLanguage":"pt-BR","potentialAction":[{"@type":"ReadAction","target":["https:\/\/www.gaveanews.com\/index.php\/2025\/02\/12\/declaracao-de-ramon-diaz-recado-de-bruno-formiga-e-bidu-sobre-hugo-souza-as-ultimas-noticias-do-corinthians\/"]}]},{"@type":"ImageObject","inLanguage":"pt-BR","@id":"https:\/\/www.gaveanews.com\/index.php\/2025\/02\/12\/declaracao-de-ramon-diaz-recado-de-bruno-formiga-e-bidu-sobre-hugo-souza-as-ultimas-noticias-do-corinthians\/#primaryimage","url":"https:\/\/www.gaveanews.com\/wp-content\/uploads\/Torcida-do-Corinthians.webp","contentUrl":"https:\/\/www.gaveanews.com\/wp-content\/uploads\/Torcida-do-Corinthians.webp","width":1000,"height":667,"caption":"Torcida do Corinthians (Foto Reprodu\u00e7\u00e3o\/Instagram)"},{"@type":"BreadcrumbList","@id":"https:\/\/www.gaveanews.com\/index.php\/2025\/02\/12\/declaracao-de-ramon-diaz-recado-de-bruno-formiga-e-bidu-sobre-hugo-souza-as-ultimas-noticias-do-corinthians\/#breadcrumb","itemListElement":[{"@type":"ListItem","position":1,"name":"Home","item":"https:\/\/www.gaveanews.com\/"},{"@type":"ListItem","position":2,"name":"Declara\u00e7\u00e3o de Ram\u00f3n D\u00edaz, recado de Bruno Formiga e Bidu sobre Hugo Souza: as \u00faltimas not\u00edcias do Corinthians"}]},{"@type":"WebSite","@id":"https:\/\/www.gaveanews.com\/#website","url":"https:\/\/www.gaveanews.com\/","name":"G\u00e1vea News","description":"Veja todas as not\u00edcias sobre o Flamengo: Contrata\u00e7\u00f5es, categorias de base, resultados das partidas, tabela de classifica\u00e7\u00e3o, pr\u00f3ximos jogos!","potentialAction":[{"@type":"SearchAction","target":{"@type":"EntryPoint","urlTemplate":"https:\/\/www.gaveanews.com\/?s={search_term_string}"},"query-input":{"@type":"PropertyValueSpecification","valueRequired":true,"valueName":"search_term_string"}}],"inLanguage":"pt-BR"},{"@type":"Person","@id":"https:\/\/www.gaveanews.com\/#\/schema\/person\/8207cd4627f56151707418bfc835b2fb","name":"Matheus Felipe","image":{"@type":"ImageObject","inLanguage":"pt-BR","@id":"https:\/\/www.gaveanews.com\/#\/schema\/person\/image\/","url":"https:\/\/secure.gravatar.com\/avatar\/a452ffbed9130f726358b298bb3a99ce4bd3c5338411f8440e87e14d74c7c087?s=96&d=mm&r=g","contentUrl":"https:\/\/secure.gravatar.com\/avatar\/a452ffbed9130f726358b298bb3a99ce4bd3c5338411f8440e87e14d74c7c087?s=96&d=mm&r=g","caption":"Matheus Felipe"}}]}},"_links":{"self":[{"href":"https:\/\/www.gaveanews.com\/index.php\/wp-json\/wp\/v2\/posts\/226602","targetHints":{"allow":["GET"]}}],"collection":[{"href":"https:\/\/www.gaveanews.com\/index.php\/wp-json\/wp\/v2\/posts"}],"about":[{"href":"https:\/\/www.gaveanews.com\/index.php\/wp-json\/wp\/v2\/types\/post"}],"author":[{"embeddable":true,"href":"https:\/\/www.gaveanews.com\/index.php\/wp-json\/wp\/v2\/users\/27"}],"replies":[{"embeddable":true,"href":"https:\/\/www.gaveanews.com\/index.php\/wp-json\/wp\/v2\/comments?post=226602"}],"version-history":[{"count":1,"href":"https:\/\/www.gaveanews.com\/index.php\/wp-json\/wp\/v2\/posts\/226602\/revisions"}],"predecessor-version":[{"id":226605,"href":"https:\/\/www.gaveanews.com\/index.php\/wp-json\/wp\/v2\/posts\/226602\/revisions\/226605"}],"wp:featuredmedia":[{"embeddable":true,"href":"https:\/\/www.gaveanews.com\/index.php\/wp-json\/wp\/v2\/media\/146953"}],"wp:attachment":[{"href":"https:\/\/www.gaveanews.com\/index.php\/wp-json\/wp\/v2\/media?parent=226602"}],"wp:term":[{"taxonomy":"category","embeddable":true,"href":"https:\/\/www.gaveanews.com\/index.php\/wp-json\/wp\/v2\/categories?post=226602"},{"taxonomy":"post_tag","embeddable":true,"href":"https:\/\/www.gaveanews.com\/index.php\/wp-json\/wp\/v2\/tags?post=226602"}],"curies":[{"name":"wp","href":"https:\/\/api.w.org\/{rel}","templated":true}]}}