{"id":226606,"date":"2025-02-12T06:25:00","date_gmt":"2025-02-12T09:25:00","guid":{"rendered":"https:\/\/www.gaveanews.com\/?p=226606"},"modified":"2025-02-12T02:33:10","modified_gmt":"2025-02-12T05:33:10","slug":"criticas-ao-abel-declaracao-de-neto-e-recado-de-vampeta-as-ultimas-noticias-do-palmeiras","status":"publish","type":"post","link":"https:\/\/www.gaveanews.com\/index.php\/2025\/02\/12\/criticas-ao-abel-declaracao-de-neto-e-recado-de-vampeta-as-ultimas-noticias-do-palmeiras\/","title":{"rendered":"Cr\u00edticas ao Abel, declara\u00e7\u00e3o de Neto e recado de Vampeta: as \u00faltimas not\u00edcias do Palmeiras"},"content":{"rendered":"\n<p>Nas \u00faltimas horas, o foco das not\u00edcias sobre o Palmeiras se concentram nos bastidores do clube, com destaques do dia a dia do time.<\/p>\n\n\n\n<p>Por conta deste contexto, leia abaixo um resumo preparado pela equipe do portal G\u00e1vea News para lhe manter muito bem informado!<\/p>\n\n\n\n<h2 class=\"wp-block-heading\" id=\"h-recado-de-vampeta\">Recado de Vampeta<\/h2>\n\n\n\n<p>O ex-jogador e comentarista Vampeta criticou a contrata\u00e7\u00e3o de Paulinho pelo Palmeiras, classificando o investimento de 18 milh\u00f5es de euros (cerca de R$ 115 milh\u00f5es) como um &#8220;absurdo&#8221;. Durante um programa da <em>Jovem Pan Esportes<\/em>, ele argumentou que a negocia\u00e7\u00e3o foi excessiva, principalmente porque o atacante chegou ao clube em recupera\u00e7\u00e3o de uma fratura por estresse na t\u00edbia direita, o que o impede de atuar de imediato. Al\u00e9m do valor pago, o Palmeiras tamb\u00e9m cedeu Gabriel Menino e Patrick, do sub-20, ao Atl\u00e9tico-MG na transa\u00e7\u00e3o <strong><a href=\"https:\/\/www.gaveanews.com\/index.php\/2025\/02\/07\/vampeta-e-sincero-ao-falar-sobre-reforco-do-palmeiras-achei-um-absurdo\/\">(leia a mat\u00e9ria completa).<\/a><\/strong><\/p>\n\n\n\n<figure class=\"wp-block-image size-full\"><img loading=\"lazy\" decoding=\"async\" width=\"1024\" height=\"497\" src=\"http:\/\/www.gaveanews.com\/wp-content\/uploads\/Vampeta.webp\" alt=\"\" class=\"wp-image-127595\" srcset=\"https:\/\/www.gaveanews.com\/wp-content\/uploads\/Vampeta.webp 1024w, https:\/\/www.gaveanews.com\/wp-content\/uploads\/Vampeta-300x146.webp 300w, https:\/\/www.gaveanews.com\/wp-content\/uploads\/Vampeta-768x373.webp 768w, https:\/\/www.gaveanews.com\/wp-content\/uploads\/Vampeta-865x420.webp 865w, https:\/\/www.gaveanews.com\/wp-content\/uploads\/Vampeta-640x311.webp 640w, https:\/\/www.gaveanews.com\/wp-content\/uploads\/Vampeta-681x331.webp 681w, https:\/\/www.gaveanews.com\/wp-content\/uploads\/Vampeta-1021x497.webp 1021w, https:\/\/www.gaveanews.com\/wp-content\/uploads\/Vampeta-1022x497.webp 1022w, https:\/\/www.gaveanews.com\/wp-content\/uploads\/Vampeta-100x49.webp 100w\" sizes=\"auto, (max-width: 1024px) 100vw, 1024px\" \/><figcaption class=\"wp-element-caption\">Vampeta durante programa esportivo Jovem Pan Esportes &#8211; Foto: reprodu\u00e7\u00e3o<\/figcaption><\/figure>\n\n\n\n<p>Vampeta reconheceu a qualidade t\u00e9cnica de Paulinho, que foi o principal artilheiro do Atl\u00e9tico-MG em 2024, mas questionou a l\u00f3gica de investir em um jogador que s\u00f3 poder\u00e1 estrear em abril. <\/p>\n\n\n\n<p>Segundo ele, a prioridade do Palmeiras deveria ser refor\u00e7ar o elenco com atletas que pudessem contribuir desde o in\u00edcio da temporada. O comentarista enfatizou que n\u00e3o critica o talento do jogador, mas sim o fato de a contrata\u00e7\u00e3o mais cara da hist\u00f3ria do clube envolver um atleta indispon\u00edvel no momento.<\/p>\n\n\n\n<p>O t\u00e9cnico Abel Ferreira, por sua vez, minimizou a preocupa\u00e7\u00e3o, destacando a compet\u00eancia do departamento m\u00e9dico do Palmeiras para conduzir a recupera\u00e7\u00e3o de Paulinho. A diretoria enxerga a contrata\u00e7\u00e3o como um projeto a longo prazo, mas a aus\u00eancia do refor\u00e7o e a press\u00e3o por resultados imediatos no Paulist\u00e3o aumentam as cobran\u00e7as. Enquanto aguarda sua recupera\u00e7\u00e3o, o Palmeiras segue com parte do investimento &#8220;parado&#8221;, esperando que Paulinho volte 100% fisicamente e se adapte rapidamente ao novo clube.<\/p>\n\n\n\n<h2 class=\"wp-block-heading\" id=\"h-declaracao-de-neto\">Declara\u00e7\u00e3o de Neto<\/h2>\n\n\n\n<p>Craque Neto voltou a criticar o goleiro Weverton, do Palmeiras, acusando-o de ter mudado de postura ao longo dos anos. O comentarista afirmou que, no in\u00edcio da carreira, o arqueiro era mais acess\u00edvel, mas que agora demonstra arrog\u00e2ncia. Neto tamb\u00e9m ironizou o desempenho do goleiro em cl\u00e1ssicos, sugerindo que ele costuma falhar contra o Corinthians, especialmente ap\u00f3s o empate por 1 a 1 entre as equipes <strong><a href=\"https:\/\/www.gaveanews.com\/index.php\/2025\/02\/07\/craque-neto-nao-perdoa-weverton-do-palmeiras\/\">(leia a mat\u00e9ria completa).<\/a><\/strong><\/p>\n\n\n\n<figure class=\"wp-block-image size-full\"><img loading=\"lazy\" decoding=\"async\" width=\"846\" height=\"476\" src=\"http:\/\/www.gaveanews.com\/wp-content\/uploads\/Comentarista-Neto-em-programa-da-Band.webp\" alt=\"\" class=\"wp-image-71983\" srcset=\"https:\/\/www.gaveanews.com\/wp-content\/uploads\/Comentarista-Neto-em-programa-da-Band.webp 846w, https:\/\/www.gaveanews.com\/wp-content\/uploads\/Comentarista-Neto-em-programa-da-Band-300x169.webp 300w, https:\/\/www.gaveanews.com\/wp-content\/uploads\/Comentarista-Neto-em-programa-da-Band-768x432.webp 768w, https:\/\/www.gaveanews.com\/wp-content\/uploads\/Comentarista-Neto-em-programa-da-Band-746x420.webp 746w, https:\/\/www.gaveanews.com\/wp-content\/uploads\/Comentarista-Neto-em-programa-da-Band-640x360.webp 640w, https:\/\/www.gaveanews.com\/wp-content\/uploads\/Comentarista-Neto-em-programa-da-Band-681x383.webp 681w, https:\/\/www.gaveanews.com\/wp-content\/uploads\/Comentarista-Neto-em-programa-da-Band-100x56.webp 100w\" sizes=\"auto, (max-width: 846px) 100vw, 846px\" \/><figcaption class=\"wp-element-caption\">Comentarista Neto em programa da Band (Foto: Reprodu\u00e7\u00e3o\/Band)<\/figcaption><\/figure>\n\n\n\n<p>Al\u00e9m das cr\u00edticas a Weverton, Neto tamb\u00e9m se mostrou decepcionado com Felipe Anderson, que ainda n\u00e3o conseguiu se firmar como titular no Palmeiras. <\/p>\n\n\n\n<p>O ex-jogador disse que esperava que o meia tivesse um impacto maior na equipe e at\u00e9 fosse convocado para a sele\u00e7\u00e3o brasileira, mas que, at\u00e9 o momento, sua passagem pelo clube tem sido frustrante.<\/p>\n\n\n\n<p>Apesar das provoca\u00e7\u00f5es, Weverton continua sendo um dos jogadores mais vitoriosos da hist\u00f3ria recente do Palmeiras, tendo conquistado duas Libertadores e tr\u00eas Campeonatos Brasileiros. No entanto, as cobran\u00e7as seguem, especialmente ap\u00f3s atua\u00e7\u00f5es abaixo do esperado em jogos decisivos.<\/p>\n\n\n\n<h2 class=\"wp-block-heading\" id=\"h-criticas-ao-abel\">Cr\u00edticas ao Abel<\/h2>\n\n\n\n<p>O t\u00e9cnico Abel Ferreira foi criticado pelo narrador Nilson Cesar ap\u00f3s o empate entre Palmeiras e Corinthians por 1 a 1, pela 7\u00aa rodada do Campeonato Paulista. Durante a coletiva p\u00f3s-jogo, Abel contestou a arbitragem de Raphael Claus e a atua\u00e7\u00e3o do VAR, alegando uma invas\u00e3o de um jogador do Corinthians no momento em que Hugo Souza defendeu um p\u00eanalti cobrado por Est\u00eav\u00e3o. A postura do treinador gerou coment\u00e1rios negativos por parte do jornalista<strong><a href=\"https:\/\/www.gaveanews.com\/index.php\/2025\/02\/07\/palmeiras-abel-ferreira-e-criticado-por-nilson-cesar\/\"> (leia a mat\u00e9ria completa).<\/a><\/strong><\/p>\n\n\n\n<figure class=\"wp-block-image size-large\"><img loading=\"lazy\" decoding=\"async\" width=\"1024\" height=\"576\" src=\"http:\/\/www.gaveanews.com\/wp-content\/uploads\/Abel-Ferreira-e-fotografado-passando-instrucoes-durante-um-jogo-do-Palmeiras-1024x576.webp\" alt=\"\" class=\"wp-image-157845\" srcset=\"https:\/\/www.gaveanews.com\/wp-content\/uploads\/Abel-Ferreira-e-fotografado-passando-instrucoes-durante-um-jogo-do-Palmeiras-1024x576.webp 1024w, https:\/\/www.gaveanews.com\/wp-content\/uploads\/Abel-Ferreira-e-fotografado-passando-instrucoes-durante-um-jogo-do-Palmeiras-300x169.webp 300w, https:\/\/www.gaveanews.com\/wp-content\/uploads\/Abel-Ferreira-e-fotografado-passando-instrucoes-durante-um-jogo-do-Palmeiras-768x432.webp 768w, https:\/\/www.gaveanews.com\/wp-content\/uploads\/Abel-Ferreira-e-fotografado-passando-instrucoes-durante-um-jogo-do-Palmeiras-746x420.webp 746w, https:\/\/www.gaveanews.com\/wp-content\/uploads\/Abel-Ferreira-e-fotografado-passando-instrucoes-durante-um-jogo-do-Palmeiras-1493x840.webp 1493w, https:\/\/www.gaveanews.com\/wp-content\/uploads\/Abel-Ferreira-e-fotografado-passando-instrucoes-durante-um-jogo-do-Palmeiras-640x360.webp 640w, https:\/\/www.gaveanews.com\/wp-content\/uploads\/Abel-Ferreira-e-fotografado-passando-instrucoes-durante-um-jogo-do-Palmeiras-1280x720.webp 1280w, https:\/\/www.gaveanews.com\/wp-content\/uploads\/Abel-Ferreira-e-fotografado-passando-instrucoes-durante-um-jogo-do-Palmeiras-681x383.webp 681w, https:\/\/www.gaveanews.com\/wp-content\/uploads\/Abel-Ferreira-e-fotografado-passando-instrucoes-durante-um-jogo-do-Palmeiras-1362x766.webp 1362w, https:\/\/www.gaveanews.com\/wp-content\/uploads\/Abel-Ferreira-e-fotografado-passando-instrucoes-durante-um-jogo-do-Palmeiras-100x56.webp 100w, https:\/\/www.gaveanews.com\/wp-content\/uploads\/Abel-Ferreira-e-fotografado-passando-instrucoes-durante-um-jogo-do-Palmeiras.webp 1500w\" sizes=\"auto, (max-width: 1024px) 100vw, 1024px\" \/><figcaption class=\"wp-element-caption\">Abel Ferreira \u00e9 fotografado passando instru\u00e7\u00f5es durante um jogo do Palmeiras (Foto: Cesar Greco\/Palmeiras)<\/figcaption><\/figure>\n\n\n\n<p>Nilson Cesar afirmou que Abel, apesar de ser um grande treinador, ainda comete erros desnecess\u00e1rios ao criar uma mentalidade de confronto com a arbitragem e advers\u00e1rios. O comunicador aconselhou o t\u00e9cnico a evitar desgastes desnecess\u00e1rios e a amadurecer sua postura \u00e0 beira do campo, destacando que essa mudan\u00e7a poderia beneficiar sua carreira e o pr\u00f3prio Palmeiras.<\/p>\n\n\n\n<p>Apesar das cr\u00edticas, Nilson fez quest\u00e3o de reconhecer a compet\u00eancia de Abel Ferreira e seu impacto positivo no futebol brasileiro. Ele elogiou o profissionalismo e o talento do treinador, mas refor\u00e7ou que, para evoluir ainda mais, Abel deveria buscar mais tranquilidade e menos atritos em suas declara\u00e7\u00f5es e atitudes.<\/p>\n","protected":false},"excerpt":{"rendered":"<p>Nas \u00faltimas horas, o foco das not\u00edcias sobre o Palmeiras se concentram nos bastidores do clube, com destaques do dia a dia do time. Por conta deste contexto, leia abaixo um resumo preparado pela equipe do portal G\u00e1vea News para lhe manter muito bem informado! Recado de Vampeta O ex-jogador e comentarista Vampeta criticou a [&hellip;]<\/p>\n","protected":false},"author":27,"featured_media":158317,"comment_status":"open","ping_status":"closed","sticky":false,"template":"","format":"standard","meta":{"footnotes":""},"categories":[150],"tags":[],"class_list":["post-226606","post","type-post","status-publish","format-standard","has-post-thumbnail","hentry","category-palmeiras"],"yoast_head":"<!-- This site is optimized with the Yoast SEO Premium plugin v24.2 (Yoast SEO v26.9) - https:\/\/yoast.com\/product\/yoast-seo-premium-wordpress\/ -->\n<title>Cr\u00edticas ao Abel, declara\u00e7\u00e3o de Neto e recado de Vampeta: as \u00faltimas not\u00edcias do Palmeiras<\/title>\n<meta name=\"robots\" content=\"index, follow, max-snippet:-1, max-image-preview:large, max-video-preview:-1\" \/>\n<link rel=\"canonical\" href=\"https:\/\/www.gaveanews.com\/index.php\/2025\/02\/12\/criticas-ao-abel-declaracao-de-neto-e-recado-de-vampeta-as-ultimas-noticias-do-palmeiras\/\" \/>\n<meta property=\"og:locale\" content=\"pt_BR\" \/>\n<meta property=\"og:type\" content=\"article\" \/>\n<meta property=\"og:title\" content=\"Cr\u00edticas ao Abel, declara\u00e7\u00e3o de Neto e recado de Vampeta: as \u00faltimas not\u00edcias do Palmeiras\" \/>\n<meta property=\"og:description\" content=\"Nas \u00faltimas horas, o foco das not\u00edcias sobre o Palmeiras se concentram nos bastidores do clube, com destaques do dia a dia do time. Por conta deste contexto, leia abaixo um resumo preparado pela equipe do portal G\u00e1vea News para lhe manter muito bem informado! Recado de Vampeta O ex-jogador e comentarista Vampeta criticou a [&hellip;]\" \/>\n<meta property=\"og:url\" content=\"https:\/\/www.gaveanews.com\/index.php\/2025\/02\/12\/criticas-ao-abel-declaracao-de-neto-e-recado-de-vampeta-as-ultimas-noticias-do-palmeiras\/\" \/>\n<meta property=\"og:site_name\" content=\"G\u00e1vea News\" \/>\n<meta property=\"article:publisher\" content=\"https:\/\/facebook.com\/gaveaNews\/\" \/>\n<meta property=\"article:published_time\" content=\"2025-02-12T09:25:00+00:00\" \/>\n<meta property=\"og:image\" content=\"https:\/\/www.gaveanews.com\/wp-content\/uploads\/Jogadores-do-Palmeiras-reunidos-durante-partida-da-Copa-do-Brasil-2024.webp\" \/>\n\t<meta property=\"og:image:width\" content=\"1187\" \/>\n\t<meta property=\"og:image:height\" content=\"792\" \/>\n\t<meta property=\"og:image:type\" content=\"image\/webp\" \/>\n<meta name=\"author\" content=\"Matheus Felipe\" \/>\n<meta name=\"twitter:card\" content=\"summary_large_image\" \/>\n<meta name=\"twitter:label1\" content=\"Escrito por\" \/>\n\t<meta name=\"twitter:data1\" content=\"Matheus Felipe\" \/>\n\t<meta name=\"twitter:label2\" content=\"Est. tempo de leitura\" \/>\n\t<meta name=\"twitter:data2\" content=\"5 minutos\" \/>\n<script type=\"application\/ld+json\" class=\"yoast-schema-graph\">{\"@context\":\"https:\/\/schema.org\",\"@graph\":[{\"@type\":\"NewsArticle\",\"@id\":\"https:\/\/www.gaveanews.com\/index.php\/2025\/02\/12\/criticas-ao-abel-declaracao-de-neto-e-recado-de-vampeta-as-ultimas-noticias-do-palmeiras\/#article\",\"isPartOf\":{\"@id\":\"https:\/\/www.gaveanews.com\/index.php\/2025\/02\/12\/criticas-ao-abel-declaracao-de-neto-e-recado-de-vampeta-as-ultimas-noticias-do-palmeiras\/\"},\"author\":{\"name\":\"Matheus Felipe\",\"@id\":\"https:\/\/www.gaveanews.com\/#\/schema\/person\/8207cd4627f56151707418bfc835b2fb\"},\"headline\":\"Cr\u00edticas ao Abel, declara\u00e7\u00e3o de Neto e recado de Vampeta: as \u00faltimas not\u00edcias do Palmeiras\",\"datePublished\":\"2025-02-12T09:25:00+00:00\",\"mainEntityOfPage\":{\"@id\":\"https:\/\/www.gaveanews.com\/index.php\/2025\/02\/12\/criticas-ao-abel-declaracao-de-neto-e-recado-de-vampeta-as-ultimas-noticias-do-palmeiras\/\"},\"wordCount\":767,\"commentCount\":0,\"image\":{\"@id\":\"https:\/\/www.gaveanews.com\/index.php\/2025\/02\/12\/criticas-ao-abel-declaracao-de-neto-e-recado-de-vampeta-as-ultimas-noticias-do-palmeiras\/#primaryimage\"},\"thumbnailUrl\":\"https:\/\/www.gaveanews.com\/wp-content\/uploads\/Jogadores-do-Palmeiras-reunidos-durante-partida-da-Copa-do-Brasil-2024.webp\",\"articleSection\":[\"Palmeiras\"],\"inLanguage\":\"pt-BR\",\"potentialAction\":[{\"@type\":\"CommentAction\",\"name\":\"Comment\",\"target\":[\"https:\/\/www.gaveanews.com\/index.php\/2025\/02\/12\/criticas-ao-abel-declaracao-de-neto-e-recado-de-vampeta-as-ultimas-noticias-do-palmeiras\/#respond\"]}],\"copyrightYear\":\"2025\",\"copyrightHolder\":{\"@id\":\"https:\/\/www.gaveanews.com\/#organization\"}},{\"@type\":\"WebPage\",\"@id\":\"https:\/\/www.gaveanews.com\/index.php\/2025\/02\/12\/criticas-ao-abel-declaracao-de-neto-e-recado-de-vampeta-as-ultimas-noticias-do-palmeiras\/\",\"url\":\"https:\/\/www.gaveanews.com\/index.php\/2025\/02\/12\/criticas-ao-abel-declaracao-de-neto-e-recado-de-vampeta-as-ultimas-noticias-do-palmeiras\/\",\"name\":\"Cr\u00edticas ao Abel, declara\u00e7\u00e3o de Neto e recado de Vampeta: as \u00faltimas not\u00edcias do Palmeiras\",\"isPartOf\":{\"@id\":\"https:\/\/www.gaveanews.com\/#website\"},\"primaryImageOfPage\":{\"@id\":\"https:\/\/www.gaveanews.com\/index.php\/2025\/02\/12\/criticas-ao-abel-declaracao-de-neto-e-recado-de-vampeta-as-ultimas-noticias-do-palmeiras\/#primaryimage\"},\"image\":{\"@id\":\"https:\/\/www.gaveanews.com\/index.php\/2025\/02\/12\/criticas-ao-abel-declaracao-de-neto-e-recado-de-vampeta-as-ultimas-noticias-do-palmeiras\/#primaryimage\"},\"thumbnailUrl\":\"https:\/\/www.gaveanews.com\/wp-content\/uploads\/Jogadores-do-Palmeiras-reunidos-durante-partida-da-Copa-do-Brasil-2024.webp\",\"datePublished\":\"2025-02-12T09:25:00+00:00\",\"author\":{\"@id\":\"https:\/\/www.gaveanews.com\/#\/schema\/person\/8207cd4627f56151707418bfc835b2fb\"},\"breadcrumb\":{\"@id\":\"https:\/\/www.gaveanews.com\/index.php\/2025\/02\/12\/criticas-ao-abel-declaracao-de-neto-e-recado-de-vampeta-as-ultimas-noticias-do-palmeiras\/#breadcrumb\"},\"inLanguage\":\"pt-BR\",\"potentialAction\":[{\"@type\":\"ReadAction\",\"target\":[\"https:\/\/www.gaveanews.com\/index.php\/2025\/02\/12\/criticas-ao-abel-declaracao-de-neto-e-recado-de-vampeta-as-ultimas-noticias-do-palmeiras\/\"]}]},{\"@type\":\"ImageObject\",\"inLanguage\":\"pt-BR\",\"@id\":\"https:\/\/www.gaveanews.com\/index.php\/2025\/02\/12\/criticas-ao-abel-declaracao-de-neto-e-recado-de-vampeta-as-ultimas-noticias-do-palmeiras\/#primaryimage\",\"url\":\"https:\/\/www.gaveanews.com\/wp-content\/uploads\/Jogadores-do-Palmeiras-reunidos-durante-partida-da-Copa-do-Brasil-2024.webp\",\"contentUrl\":\"https:\/\/www.gaveanews.com\/wp-content\/uploads\/Jogadores-do-Palmeiras-reunidos-durante-partida-da-Copa-do-Brasil-2024.webp\",\"width\":1187,\"height\":792,\"caption\":\"Jogadores do Palmeiras reunidos durante partida da Copa do Brasil 2024 (Foto: Reprodu\u00e7\u00e3o\/Palmeiras)\"},{\"@type\":\"BreadcrumbList\",\"@id\":\"https:\/\/www.gaveanews.com\/index.php\/2025\/02\/12\/criticas-ao-abel-declaracao-de-neto-e-recado-de-vampeta-as-ultimas-noticias-do-palmeiras\/#breadcrumb\",\"itemListElement\":[{\"@type\":\"ListItem\",\"position\":1,\"name\":\"Home\",\"item\":\"https:\/\/www.gaveanews.com\/\"},{\"@type\":\"ListItem\",\"position\":2,\"name\":\"Cr\u00edticas ao Abel, declara\u00e7\u00e3o de Neto e recado de Vampeta: as \u00faltimas not\u00edcias do Palmeiras\"}]},{\"@type\":\"WebSite\",\"@id\":\"https:\/\/www.gaveanews.com\/#website\",\"url\":\"https:\/\/www.gaveanews.com\/\",\"name\":\"G\u00e1vea News\",\"description\":\"Veja todas as not\u00edcias sobre o Flamengo: Contrata\u00e7\u00f5es, categorias de base, resultados das partidas, tabela de classifica\u00e7\u00e3o, pr\u00f3ximos jogos!\",\"potentialAction\":[{\"@type\":\"SearchAction\",\"target\":{\"@type\":\"EntryPoint\",\"urlTemplate\":\"https:\/\/www.gaveanews.com\/?s={search_term_string}\"},\"query-input\":{\"@type\":\"PropertyValueSpecification\",\"valueRequired\":true,\"valueName\":\"search_term_string\"}}],\"inLanguage\":\"pt-BR\"},{\"@type\":\"Person\",\"@id\":\"https:\/\/www.gaveanews.com\/#\/schema\/person\/8207cd4627f56151707418bfc835b2fb\",\"name\":\"Matheus Felipe\",\"image\":{\"@type\":\"ImageObject\",\"inLanguage\":\"pt-BR\",\"@id\":\"https:\/\/www.gaveanews.com\/#\/schema\/person\/image\/\",\"url\":\"https:\/\/secure.gravatar.com\/avatar\/a452ffbed9130f726358b298bb3a99ce4bd3c5338411f8440e87e14d74c7c087?s=96&d=mm&r=g\",\"contentUrl\":\"https:\/\/secure.gravatar.com\/avatar\/a452ffbed9130f726358b298bb3a99ce4bd3c5338411f8440e87e14d74c7c087?s=96&d=mm&r=g\",\"caption\":\"Matheus Felipe\"}}]}<\/script>\n<!-- \/ Yoast SEO Premium plugin. -->","yoast_head_json":{"title":"Cr\u00edticas ao Abel, declara\u00e7\u00e3o de Neto e recado de Vampeta: as \u00faltimas not\u00edcias do Palmeiras","robots":{"index":"index","follow":"follow","max-snippet":"max-snippet:-1","max-image-preview":"max-image-preview:large","max-video-preview":"max-video-preview:-1"},"canonical":"https:\/\/www.gaveanews.com\/index.php\/2025\/02\/12\/criticas-ao-abel-declaracao-de-neto-e-recado-de-vampeta-as-ultimas-noticias-do-palmeiras\/","og_locale":"pt_BR","og_type":"article","og_title":"Cr\u00edticas ao Abel, declara\u00e7\u00e3o de Neto e recado de Vampeta: as \u00faltimas not\u00edcias do Palmeiras","og_description":"Nas \u00faltimas horas, o foco das not\u00edcias sobre o Palmeiras se concentram nos bastidores do clube, com destaques do dia a dia do time. Por conta deste contexto, leia abaixo um resumo preparado pela equipe do portal G\u00e1vea News para lhe manter muito bem informado! Recado de Vampeta O ex-jogador e comentarista Vampeta criticou a [&hellip;]","og_url":"https:\/\/www.gaveanews.com\/index.php\/2025\/02\/12\/criticas-ao-abel-declaracao-de-neto-e-recado-de-vampeta-as-ultimas-noticias-do-palmeiras\/","og_site_name":"G\u00e1vea News","article_publisher":"https:\/\/facebook.com\/gaveaNews\/","article_published_time":"2025-02-12T09:25:00+00:00","og_image":[{"width":1187,"height":792,"url":"https:\/\/www.gaveanews.com\/wp-content\/uploads\/Jogadores-do-Palmeiras-reunidos-durante-partida-da-Copa-do-Brasil-2024.webp","type":"image\/webp"}],"author":"Matheus Felipe","twitter_card":"summary_large_image","twitter_misc":{"Escrito por":"Matheus Felipe","Est. tempo de leitura":"5 minutos"},"schema":{"@context":"https:\/\/schema.org","@graph":[{"@type":"NewsArticle","@id":"https:\/\/www.gaveanews.com\/index.php\/2025\/02\/12\/criticas-ao-abel-declaracao-de-neto-e-recado-de-vampeta-as-ultimas-noticias-do-palmeiras\/#article","isPartOf":{"@id":"https:\/\/www.gaveanews.com\/index.php\/2025\/02\/12\/criticas-ao-abel-declaracao-de-neto-e-recado-de-vampeta-as-ultimas-noticias-do-palmeiras\/"},"author":{"name":"Matheus Felipe","@id":"https:\/\/www.gaveanews.com\/#\/schema\/person\/8207cd4627f56151707418bfc835b2fb"},"headline":"Cr\u00edticas ao Abel, declara\u00e7\u00e3o de Neto e recado de Vampeta: as \u00faltimas not\u00edcias do Palmeiras","datePublished":"2025-02-12T09:25:00+00:00","mainEntityOfPage":{"@id":"https:\/\/www.gaveanews.com\/index.php\/2025\/02\/12\/criticas-ao-abel-declaracao-de-neto-e-recado-de-vampeta-as-ultimas-noticias-do-palmeiras\/"},"wordCount":767,"commentCount":0,"image":{"@id":"https:\/\/www.gaveanews.com\/index.php\/2025\/02\/12\/criticas-ao-abel-declaracao-de-neto-e-recado-de-vampeta-as-ultimas-noticias-do-palmeiras\/#primaryimage"},"thumbnailUrl":"https:\/\/www.gaveanews.com\/wp-content\/uploads\/Jogadores-do-Palmeiras-reunidos-durante-partida-da-Copa-do-Brasil-2024.webp","articleSection":["Palmeiras"],"inLanguage":"pt-BR","potentialAction":[{"@type":"CommentAction","name":"Comment","target":["https:\/\/www.gaveanews.com\/index.php\/2025\/02\/12\/criticas-ao-abel-declaracao-de-neto-e-recado-de-vampeta-as-ultimas-noticias-do-palmeiras\/#respond"]}],"copyrightYear":"2025","copyrightHolder":{"@id":"https:\/\/www.gaveanews.com\/#organization"}},{"@type":"WebPage","@id":"https:\/\/www.gaveanews.com\/index.php\/2025\/02\/12\/criticas-ao-abel-declaracao-de-neto-e-recado-de-vampeta-as-ultimas-noticias-do-palmeiras\/","url":"https:\/\/www.gaveanews.com\/index.php\/2025\/02\/12\/criticas-ao-abel-declaracao-de-neto-e-recado-de-vampeta-as-ultimas-noticias-do-palmeiras\/","name":"Cr\u00edticas ao Abel, declara\u00e7\u00e3o de Neto e recado de Vampeta: as \u00faltimas not\u00edcias do Palmeiras","isPartOf":{"@id":"https:\/\/www.gaveanews.com\/#website"},"primaryImageOfPage":{"@id":"https:\/\/www.gaveanews.com\/index.php\/2025\/02\/12\/criticas-ao-abel-declaracao-de-neto-e-recado-de-vampeta-as-ultimas-noticias-do-palmeiras\/#primaryimage"},"image":{"@id":"https:\/\/www.gaveanews.com\/index.php\/2025\/02\/12\/criticas-ao-abel-declaracao-de-neto-e-recado-de-vampeta-as-ultimas-noticias-do-palmeiras\/#primaryimage"},"thumbnailUrl":"https:\/\/www.gaveanews.com\/wp-content\/uploads\/Jogadores-do-Palmeiras-reunidos-durante-partida-da-Copa-do-Brasil-2024.webp","datePublished":"2025-02-12T09:25:00+00:00","author":{"@id":"https:\/\/www.gaveanews.com\/#\/schema\/person\/8207cd4627f56151707418bfc835b2fb"},"breadcrumb":{"@id":"https:\/\/www.gaveanews.com\/index.php\/2025\/02\/12\/criticas-ao-abel-declaracao-de-neto-e-recado-de-vampeta-as-ultimas-noticias-do-palmeiras\/#breadcrumb"},"inLanguage":"pt-BR","potentialAction":[{"@type":"ReadAction","target":["https:\/\/www.gaveanews.com\/index.php\/2025\/02\/12\/criticas-ao-abel-declaracao-de-neto-e-recado-de-vampeta-as-ultimas-noticias-do-palmeiras\/"]}]},{"@type":"ImageObject","inLanguage":"pt-BR","@id":"https:\/\/www.gaveanews.com\/index.php\/2025\/02\/12\/criticas-ao-abel-declaracao-de-neto-e-recado-de-vampeta-as-ultimas-noticias-do-palmeiras\/#primaryimage","url":"https:\/\/www.gaveanews.com\/wp-content\/uploads\/Jogadores-do-Palmeiras-reunidos-durante-partida-da-Copa-do-Brasil-2024.webp","contentUrl":"https:\/\/www.gaveanews.com\/wp-content\/uploads\/Jogadores-do-Palmeiras-reunidos-durante-partida-da-Copa-do-Brasil-2024.webp","width":1187,"height":792,"caption":"Jogadores do Palmeiras reunidos durante partida da Copa do Brasil 2024 (Foto: Reprodu\u00e7\u00e3o\/Palmeiras)"},{"@type":"BreadcrumbList","@id":"https:\/\/www.gaveanews.com\/index.php\/2025\/02\/12\/criticas-ao-abel-declaracao-de-neto-e-recado-de-vampeta-as-ultimas-noticias-do-palmeiras\/#breadcrumb","itemListElement":[{"@type":"ListItem","position":1,"name":"Home","item":"https:\/\/www.gaveanews.com\/"},{"@type":"ListItem","position":2,"name":"Cr\u00edticas ao Abel, declara\u00e7\u00e3o de Neto e recado de Vampeta: as \u00faltimas not\u00edcias do Palmeiras"}]},{"@type":"WebSite","@id":"https:\/\/www.gaveanews.com\/#website","url":"https:\/\/www.gaveanews.com\/","name":"G\u00e1vea News","description":"Veja todas as not\u00edcias sobre o Flamengo: Contrata\u00e7\u00f5es, categorias de base, resultados das partidas, tabela de classifica\u00e7\u00e3o, pr\u00f3ximos jogos!","potentialAction":[{"@type":"SearchAction","target":{"@type":"EntryPoint","urlTemplate":"https:\/\/www.gaveanews.com\/?s={search_term_string}"},"query-input":{"@type":"PropertyValueSpecification","valueRequired":true,"valueName":"search_term_string"}}],"inLanguage":"pt-BR"},{"@type":"Person","@id":"https:\/\/www.gaveanews.com\/#\/schema\/person\/8207cd4627f56151707418bfc835b2fb","name":"Matheus Felipe","image":{"@type":"ImageObject","inLanguage":"pt-BR","@id":"https:\/\/www.gaveanews.com\/#\/schema\/person\/image\/","url":"https:\/\/secure.gravatar.com\/avatar\/a452ffbed9130f726358b298bb3a99ce4bd3c5338411f8440e87e14d74c7c087?s=96&d=mm&r=g","contentUrl":"https:\/\/secure.gravatar.com\/avatar\/a452ffbed9130f726358b298bb3a99ce4bd3c5338411f8440e87e14d74c7c087?s=96&d=mm&r=g","caption":"Matheus Felipe"}}]}},"_links":{"self":[{"href":"https:\/\/www.gaveanews.com\/index.php\/wp-json\/wp\/v2\/posts\/226606","targetHints":{"allow":["GET"]}}],"collection":[{"href":"https:\/\/www.gaveanews.com\/index.php\/wp-json\/wp\/v2\/posts"}],"about":[{"href":"https:\/\/www.gaveanews.com\/index.php\/wp-json\/wp\/v2\/types\/post"}],"author":[{"embeddable":true,"href":"https:\/\/www.gaveanews.com\/index.php\/wp-json\/wp\/v2\/users\/27"}],"replies":[{"embeddable":true,"href":"https:\/\/www.gaveanews.com\/index.php\/wp-json\/wp\/v2\/comments?post=226606"}],"version-history":[{"count":1,"href":"https:\/\/www.gaveanews.com\/index.php\/wp-json\/wp\/v2\/posts\/226606\/revisions"}],"predecessor-version":[{"id":226607,"href":"https:\/\/www.gaveanews.com\/index.php\/wp-json\/wp\/v2\/posts\/226606\/revisions\/226607"}],"wp:featuredmedia":[{"embeddable":true,"href":"https:\/\/www.gaveanews.com\/index.php\/wp-json\/wp\/v2\/media\/158317"}],"wp:attachment":[{"href":"https:\/\/www.gaveanews.com\/index.php\/wp-json\/wp\/v2\/media?parent=226606"}],"wp:term":[{"taxonomy":"category","embeddable":true,"href":"https:\/\/www.gaveanews.com\/index.php\/wp-json\/wp\/v2\/categories?post=226606"},{"taxonomy":"post_tag","embeddable":true,"href":"https:\/\/www.gaveanews.com\/index.php\/wp-json\/wp\/v2\/tags?post=226606"}],"curies":[{"name":"wp","href":"https:\/\/api.w.org\/{rel}","templated":true}]}}