{"id":226609,"date":"2025-02-12T07:35:00","date_gmt":"2025-02-12T10:35:00","guid":{"rendered":"https:\/\/www.gaveanews.com\/?p=226609"},"modified":"2025-02-12T02:37:45","modified_gmt":"2025-02-12T05:37:45","slug":"disputa-por-jogador-declaracao-de-abel-e-recado-de-mauro-beting-as-ultimas-noticias-do-palmeiras","status":"publish","type":"post","link":"https:\/\/www.gaveanews.com\/index.php\/2025\/02\/12\/disputa-por-jogador-declaracao-de-abel-e-recado-de-mauro-beting-as-ultimas-noticias-do-palmeiras\/","title":{"rendered":"Disputa por jogador, declara\u00e7\u00e3o de Abel e recado de Mauro Beting: as \u00faltimas not\u00edcias do Palmeiras"},"content":{"rendered":"\n<p>Nas \u00faltimas horas, o foco das not\u00edcias sobre o Palmeiras se concentram nos bastidores do clube, com destaques do dia a dia do time.<\/p>\n\n\n\n<p>Por conta deste contexto, leia abaixo um resumo preparado pela equipe do portal G\u00e1vea News para lhe manter muito bem informado!<\/p>\n\n\n\n<h2 class=\"wp-block-heading\" id=\"h-recado-de-mauro-beting\">Recado de Mauro Beting<\/h2>\n\n\n\n<p>O jornalista Mauro Beting fez um alerta ao Palmeiras sobre a falta de efici\u00eancia ofensiva da equipe. Apesar do bom in\u00edcio de temporada e da performance dominante contra o Corinthians, o Verd\u00e3o desperdi\u00e7ou v\u00e1rias chances e acabou cedendo o empate no cl\u00e1ssico. Para Beting, o clube precisa agir no mercado de transfer\u00eancias para evitar os mesmos problemas que enfrentou em 2024 <strong><a href=\"https:\/\/www.gaveanews.com\/index.php\/2025\/02\/07\/video-mauro-beting-faz-alerta-ao-palmeiras\/\">(leia a mat\u00e9ria completa).<\/a><\/strong><\/p>\n\n\n\n<figure class=\"wp-block-image size-full\"><img loading=\"lazy\" decoding=\"async\" width=\"900\" height=\"675\" src=\"http:\/\/www.gaveanews.com\/wp-content\/uploads\/Mauro-Beting-esquerda-Teo-Jose-centro-e-Jorginho-direita-posam-para-foto-durante-transmissao-do-SBT.webp\" alt=\"\" class=\"wp-image-59751\" srcset=\"https:\/\/www.gaveanews.com\/wp-content\/uploads\/Mauro-Beting-esquerda-Teo-Jose-centro-e-Jorginho-direita-posam-para-foto-durante-transmissao-do-SBT.webp 900w, https:\/\/www.gaveanews.com\/wp-content\/uploads\/Mauro-Beting-esquerda-Teo-Jose-centro-e-Jorginho-direita-posam-para-foto-durante-transmissao-do-SBT-300x225.webp 300w, https:\/\/www.gaveanews.com\/wp-content\/uploads\/Mauro-Beting-esquerda-Teo-Jose-centro-e-Jorginho-direita-posam-para-foto-durante-transmissao-do-SBT-768x576.webp 768w, https:\/\/www.gaveanews.com\/wp-content\/uploads\/Mauro-Beting-esquerda-Teo-Jose-centro-e-Jorginho-direita-posam-para-foto-durante-transmissao-do-SBT-560x420.webp 560w, https:\/\/www.gaveanews.com\/wp-content\/uploads\/Mauro-Beting-esquerda-Teo-Jose-centro-e-Jorginho-direita-posam-para-foto-durante-transmissao-do-SBT-80x60.webp 80w, https:\/\/www.gaveanews.com\/wp-content\/uploads\/Mauro-Beting-esquerda-Teo-Jose-centro-e-Jorginho-direita-posam-para-foto-durante-transmissao-do-SBT-160x120.webp 160w, https:\/\/www.gaveanews.com\/wp-content\/uploads\/Mauro-Beting-esquerda-Teo-Jose-centro-e-Jorginho-direita-posam-para-foto-durante-transmissao-do-SBT-100x75.webp 100w, https:\/\/www.gaveanews.com\/wp-content\/uploads\/Mauro-Beting-esquerda-Teo-Jose-centro-e-Jorginho-direita-posam-para-foto-durante-transmissao-do-SBT-200x150.webp 200w, https:\/\/www.gaveanews.com\/wp-content\/uploads\/Mauro-Beting-esquerda-Teo-Jose-centro-e-Jorginho-direita-posam-para-foto-durante-transmissao-do-SBT-180x135.webp 180w, https:\/\/www.gaveanews.com\/wp-content\/uploads\/Mauro-Beting-esquerda-Teo-Jose-centro-e-Jorginho-direita-posam-para-foto-durante-transmissao-do-SBT-360x270.webp 360w, https:\/\/www.gaveanews.com\/wp-content\/uploads\/Mauro-Beting-esquerda-Teo-Jose-centro-e-Jorginho-direita-posam-para-foto-durante-transmissao-do-SBT-238x178.webp 238w, https:\/\/www.gaveanews.com\/wp-content\/uploads\/Mauro-Beting-esquerda-Teo-Jose-centro-e-Jorginho-direita-posam-para-foto-durante-transmissao-do-SBT-476x356.webp 476w, https:\/\/www.gaveanews.com\/wp-content\/uploads\/Mauro-Beting-esquerda-Teo-Jose-centro-e-Jorginho-direita-posam-para-foto-durante-transmissao-do-SBT-640x480.webp 640w, https:\/\/www.gaveanews.com\/wp-content\/uploads\/Mauro-Beting-esquerda-Teo-Jose-centro-e-Jorginho-direita-posam-para-foto-durante-transmissao-do-SBT-681x511.webp 681w\" sizes=\"auto, (max-width: 900px) 100vw, 900px\" \/><figcaption class=\"wp-element-caption\">Mauro Beting (esquerda), T\u00e9o Jos\u00e9 (centro) e Jorginho (direita) posam para foto durante transmiss\u00e3o do SBT (Foto: Reprodu\u00e7\u00e3o)<\/figcaption><\/figure>\n\n\n\n<p>No jogo contra o Corinthians, o Palmeiras abriu o placar com Mauricio e parecia encaminhar uma vit\u00f3ria tranquila. No entanto, n\u00e3o conseguiu converter as oportunidades criadas e acabou sofrendo o empate ap\u00f3s um erro de Richard R\u00edos e gol de Yuri Alberto. <\/p>\n\n\n\n<p>Al\u00e9m disso, a equipe n\u00e3o soube aproveitar a vantagem num\u00e9rica no segundo tempo, ap\u00f3s a expuls\u00e3o de Yuri, demonstrando dificuldades na cria\u00e7\u00e3o e finaliza\u00e7\u00e3o.<\/p>\n\n\n\n<p>Beting foi direto ao afirmar que o Palmeiras precisa de refor\u00e7os no ataque. Ele destacou que apenas ter posse de bola e criar chances n\u00e3o \u00e9 suficiente, sendo essencial ter jogadores capazes de decidir partidas. Caso o clube n\u00e3o resolva esse problema, pode comprometer sua disputa por t\u00edtulos importantes ao longo da temporada.<\/p>\n\n\n\n<h2 class=\"wp-block-heading\" id=\"h-declaracao-de-abel\">Declara\u00e7\u00e3o de Abel<\/h2>\n\n\n\n<p>O t\u00e9cnico Abel Ferreira foi direto ao comentar sobre a aus\u00eancia do atacante Flaco L\u00f3pez no cl\u00e1ssico entre Palmeiras e Corinthians, que terminou empatado em 1 a 1. O argentino n\u00e3o foi nem relacionado para a partida, o que levantou questionamentos sobre seu momento no clube. Abel afirmou que o jogador j\u00e1 conhece os crit\u00e9rios para atuar na equipe e que precisa demonstrar nos treinos que merece uma oportunidade <strong><a href=\"https:\/\/www.gaveanews.com\/index.php\/2025\/02\/07\/abel-ferreira-do-palmeiras-e-sincero-sobre-flaco-lopez\/\">(leia a mat\u00e9ria completa).<\/a><\/strong><\/p>\n\n\n\n<figure class=\"wp-block-image size-large\"><img loading=\"lazy\" decoding=\"async\" width=\"1024\" height=\"1024\" src=\"http:\/\/www.gaveanews.com\/wp-content\/uploads\/Abel-Ferreira-fazendo-anotacoes-apos-um-treino-do-Palmeiras-1024x1024.webp\" alt=\"\" class=\"wp-image-157842\" srcset=\"https:\/\/www.gaveanews.com\/wp-content\/uploads\/Abel-Ferreira-fazendo-anotacoes-apos-um-treino-do-Palmeiras-1024x1024.webp 1024w, https:\/\/www.gaveanews.com\/wp-content\/uploads\/Abel-Ferreira-fazendo-anotacoes-apos-um-treino-do-Palmeiras-300x300.webp 300w, https:\/\/www.gaveanews.com\/wp-content\/uploads\/Abel-Ferreira-fazendo-anotacoes-apos-um-treino-do-Palmeiras-150x150.webp 150w, https:\/\/www.gaveanews.com\/wp-content\/uploads\/Abel-Ferreira-fazendo-anotacoes-apos-um-treino-do-Palmeiras-768x768.webp 768w, https:\/\/www.gaveanews.com\/wp-content\/uploads\/Abel-Ferreira-fazendo-anotacoes-apos-um-treino-do-Palmeiras-420x420.webp 420w, https:\/\/www.gaveanews.com\/wp-content\/uploads\/Abel-Ferreira-fazendo-anotacoes-apos-um-treino-do-Palmeiras-840x840.webp 840w, https:\/\/www.gaveanews.com\/wp-content\/uploads\/Abel-Ferreira-fazendo-anotacoes-apos-um-treino-do-Palmeiras-640x640.webp 640w, https:\/\/www.gaveanews.com\/wp-content\/uploads\/Abel-Ferreira-fazendo-anotacoes-apos-um-treino-do-Palmeiras-1280x1280.webp 1280w, https:\/\/www.gaveanews.com\/wp-content\/uploads\/Abel-Ferreira-fazendo-anotacoes-apos-um-treino-do-Palmeiras-681x681.webp 681w, https:\/\/www.gaveanews.com\/wp-content\/uploads\/Abel-Ferreira-fazendo-anotacoes-apos-um-treino-do-Palmeiras-1362x1362.webp 1362w, https:\/\/www.gaveanews.com\/wp-content\/uploads\/Abel-Ferreira-fazendo-anotacoes-apos-um-treino-do-Palmeiras-100x100.webp 100w, https:\/\/www.gaveanews.com\/wp-content\/uploads\/Abel-Ferreira-fazendo-anotacoes-apos-um-treino-do-Palmeiras.webp 1500w\" sizes=\"auto, (max-width: 1024px) 100vw, 1024px\" \/><figcaption class=\"wp-element-caption\">Abel Ferreira fazendo anota\u00e7\u00f5es ap\u00f3s um treino do Palmeiras (Foto: Cesar Greco\/Palmeiras)<\/figcaption><\/figure>\n\n\n\n<p>Flaco L\u00f3pez, que marcou 22 gols pelo Palmeiras na \u00faltima temporada, tem tido um in\u00edcio de 2025 abaixo do esperado. Em tr\u00eas partidas disputadas, sendo duas como titular, o atacante deu apenas uma assist\u00eancia e ainda n\u00e3o balan\u00e7ou as redes. A situa\u00e7\u00e3o se agravou quando Abel Ferreira optou por promover Thalys, jogador do sub-20, deixando L\u00f3pez fora da lista de relacionados.<\/p>\n\n\n\n<p>A falta de um centroavante de refer\u00eancia tem sido um problema para o Palmeiras, como apontado pelo lateral Piquerez ap\u00f3s o jogo. Com o time em segundo lugar no Grupo D do Campeonato Paulista, a press\u00e3o aumenta para que Abel encontre solu\u00e7\u00f5es ofensivas, seja com Flaco L\u00f3pez reconquistando espa\u00e7o ou com a busca por refor\u00e7os no mercado.<\/p>\n\n\n\n<h2 class=\"wp-block-heading\" id=\"h-disputa-por-jogador\">Disputa por jogador<\/h2>\n\n\n\n<p>O Palmeiras entrou na disputa pela contrata\u00e7\u00e3o do atacante Benjam\u00edn Rollheiser, do Benfica, concorrendo diretamente com Santos e Botafogo. A presidente Leila Pereira busca refor\u00e7ar o elenco para competi\u00e7\u00f5es como o Mundial de Clubes, e o argentino surge como um dos alvos do Verd\u00e3o. O jogador teve destaque no Estudiantes de La Plata, mas n\u00e3o conseguiu repetir o mesmo desempenho na Europa, despertando o interesse dos clubes brasileiros em sua contrata\u00e7\u00e3o <strong><a href=\"https:\/\/www.gaveanews.com\/index.php\/2025\/02\/07\/benjamin-rollheiser-palmeiras-entra-na-disputa-com-santos-e-botafogo\/\">(leia a mat\u00e9ria completa).<\/a><\/strong><\/p>\n\n\n\n<figure class=\"wp-block-image size-full\"><img loading=\"lazy\" decoding=\"async\" width=\"475\" height=\"377\" src=\"http:\/\/www.gaveanews.com\/wp-content\/uploads\/Benjamin-Rollheiser-pelo-Benfica.webp\" alt=\"\" class=\"wp-image-223090\"\/><figcaption class=\"wp-element-caption\">Benjamin Rollheiser pelo Benfica (Foto: Reprodu\u00e7\u00e3o\/Instagram)<\/figcaption><\/figure>\n\n\n\n<p>A negocia\u00e7\u00e3o envolve um valor estimado em 10 milh\u00f5es de euros, e tanto Palmeiras quanto Botafogo aparecem como os favoritos na corrida pelo atacante devido \u00e0 maior capacidade financeira para atender \u00e0s exig\u00eancias do Benfica. O atleta, que foi vice-artilheiro da Copa Sul-Americana de 2023, v\u00ea com bons olhos um retorno \u00e0 Am\u00e9rica do Sul para recuperar seu protagonismo.<\/p>\n\n\n\n<p>Caso concretize a contrata\u00e7\u00e3o, o Palmeiras agregar\u00e1 mais uma pe\u00e7a ofensiva ao elenco, aumentando suas op\u00e7\u00f5es para a temporada e fortalecendo a equipe na busca por t\u00edtulos. O clube paulista segue atento \u00e0s movimenta\u00e7\u00f5es do mercado para garantir o refor\u00e7o antes do fechamento da janela de transfer\u00eancias.<\/p>\n","protected":false},"excerpt":{"rendered":"<p>Nas \u00faltimas horas, o foco das not\u00edcias sobre o Palmeiras se concentram nos bastidores do clube, com destaques do dia a dia do time. Por conta deste contexto, leia abaixo um resumo preparado pela equipe do portal G\u00e1vea News para lhe manter muito bem informado! Recado de Mauro Beting O jornalista Mauro Beting fez um [&hellip;]<\/p>\n","protected":false},"author":27,"featured_media":158318,"comment_status":"open","ping_status":"closed","sticky":false,"template":"","format":"standard","meta":{"footnotes":""},"categories":[150],"tags":[],"class_list":["post-226609","post","type-post","status-publish","format-standard","has-post-thumbnail","hentry","category-palmeiras"],"yoast_head":"<!-- This site is optimized with the Yoast SEO Premium plugin v24.2 (Yoast SEO v26.9) - https:\/\/yoast.com\/product\/yoast-seo-premium-wordpress\/ -->\n<title>Disputa por jogador, declara\u00e7\u00e3o de Abel e recado de Mauro Beting: as \u00faltimas not\u00edcias do Palmeiras<\/title>\n<meta name=\"robots\" content=\"index, follow, max-snippet:-1, max-image-preview:large, max-video-preview:-1\" \/>\n<link rel=\"canonical\" href=\"https:\/\/www.gaveanews.com\/index.php\/2025\/02\/12\/disputa-por-jogador-declaracao-de-abel-e-recado-de-mauro-beting-as-ultimas-noticias-do-palmeiras\/\" \/>\n<meta property=\"og:locale\" content=\"pt_BR\" \/>\n<meta property=\"og:type\" content=\"article\" \/>\n<meta property=\"og:title\" content=\"Disputa por jogador, declara\u00e7\u00e3o de Abel e recado de Mauro Beting: as \u00faltimas not\u00edcias do Palmeiras\" \/>\n<meta property=\"og:description\" content=\"Nas \u00faltimas horas, o foco das not\u00edcias sobre o Palmeiras se concentram nos bastidores do clube, com destaques do dia a dia do time. Por conta deste contexto, leia abaixo um resumo preparado pela equipe do portal G\u00e1vea News para lhe manter muito bem informado! Recado de Mauro Beting O jornalista Mauro Beting fez um [&hellip;]\" \/>\n<meta property=\"og:url\" content=\"https:\/\/www.gaveanews.com\/index.php\/2025\/02\/12\/disputa-por-jogador-declaracao-de-abel-e-recado-de-mauro-beting-as-ultimas-noticias-do-palmeiras\/\" \/>\n<meta property=\"og:site_name\" content=\"G\u00e1vea News\" \/>\n<meta property=\"article:publisher\" content=\"https:\/\/facebook.com\/gaveaNews\/\" \/>\n<meta property=\"article:published_time\" content=\"2025-02-12T10:35:00+00:00\" \/>\n<meta property=\"og:image\" content=\"https:\/\/www.gaveanews.com\/wp-content\/uploads\/Jogadores-do-Palmeiras-durante-partida-valida-pela-Copa-do-Brasil-2024.webp\" \/>\n\t<meta property=\"og:image:width\" content=\"1051\" \/>\n\t<meta property=\"og:image:height\" content=\"701\" \/>\n\t<meta property=\"og:image:type\" content=\"image\/webp\" \/>\n<meta name=\"author\" content=\"Matheus Felipe\" \/>\n<meta name=\"twitter:card\" content=\"summary_large_image\" \/>\n<meta name=\"twitter:label1\" content=\"Escrito por\" \/>\n\t<meta name=\"twitter:data1\" content=\"Matheus Felipe\" \/>\n\t<meta name=\"twitter:label2\" content=\"Est. tempo de leitura\" \/>\n\t<meta name=\"twitter:data2\" content=\"5 minutos\" \/>\n<script type=\"application\/ld+json\" class=\"yoast-schema-graph\">{\"@context\":\"https:\/\/schema.org\",\"@graph\":[{\"@type\":\"NewsArticle\",\"@id\":\"https:\/\/www.gaveanews.com\/index.php\/2025\/02\/12\/disputa-por-jogador-declaracao-de-abel-e-recado-de-mauro-beting-as-ultimas-noticias-do-palmeiras\/#article\",\"isPartOf\":{\"@id\":\"https:\/\/www.gaveanews.com\/index.php\/2025\/02\/12\/disputa-por-jogador-declaracao-de-abel-e-recado-de-mauro-beting-as-ultimas-noticias-do-palmeiras\/\"},\"author\":{\"name\":\"Matheus Felipe\",\"@id\":\"https:\/\/www.gaveanews.com\/#\/schema\/person\/8207cd4627f56151707418bfc835b2fb\"},\"headline\":\"Disputa por jogador, declara\u00e7\u00e3o de Abel e recado de Mauro Beting: as \u00faltimas not\u00edcias do Palmeiras\",\"datePublished\":\"2025-02-12T10:35:00+00:00\",\"mainEntityOfPage\":{\"@id\":\"https:\/\/www.gaveanews.com\/index.php\/2025\/02\/12\/disputa-por-jogador-declaracao-de-abel-e-recado-de-mauro-beting-as-ultimas-noticias-do-palmeiras\/\"},\"wordCount\":730,\"commentCount\":0,\"image\":{\"@id\":\"https:\/\/www.gaveanews.com\/index.php\/2025\/02\/12\/disputa-por-jogador-declaracao-de-abel-e-recado-de-mauro-beting-as-ultimas-noticias-do-palmeiras\/#primaryimage\"},\"thumbnailUrl\":\"https:\/\/www.gaveanews.com\/wp-content\/uploads\/Jogadores-do-Palmeiras-durante-partida-valida-pela-Copa-do-Brasil-2024.webp\",\"articleSection\":[\"Palmeiras\"],\"inLanguage\":\"pt-BR\",\"potentialAction\":[{\"@type\":\"CommentAction\",\"name\":\"Comment\",\"target\":[\"https:\/\/www.gaveanews.com\/index.php\/2025\/02\/12\/disputa-por-jogador-declaracao-de-abel-e-recado-de-mauro-beting-as-ultimas-noticias-do-palmeiras\/#respond\"]}],\"copyrightYear\":\"2025\",\"copyrightHolder\":{\"@id\":\"https:\/\/www.gaveanews.com\/#organization\"}},{\"@type\":\"WebPage\",\"@id\":\"https:\/\/www.gaveanews.com\/index.php\/2025\/02\/12\/disputa-por-jogador-declaracao-de-abel-e-recado-de-mauro-beting-as-ultimas-noticias-do-palmeiras\/\",\"url\":\"https:\/\/www.gaveanews.com\/index.php\/2025\/02\/12\/disputa-por-jogador-declaracao-de-abel-e-recado-de-mauro-beting-as-ultimas-noticias-do-palmeiras\/\",\"name\":\"Disputa por jogador, declara\u00e7\u00e3o de Abel e recado de Mauro Beting: as \u00faltimas not\u00edcias do Palmeiras\",\"isPartOf\":{\"@id\":\"https:\/\/www.gaveanews.com\/#website\"},\"primaryImageOfPage\":{\"@id\":\"https:\/\/www.gaveanews.com\/index.php\/2025\/02\/12\/disputa-por-jogador-declaracao-de-abel-e-recado-de-mauro-beting-as-ultimas-noticias-do-palmeiras\/#primaryimage\"},\"image\":{\"@id\":\"https:\/\/www.gaveanews.com\/index.php\/2025\/02\/12\/disputa-por-jogador-declaracao-de-abel-e-recado-de-mauro-beting-as-ultimas-noticias-do-palmeiras\/#primaryimage\"},\"thumbnailUrl\":\"https:\/\/www.gaveanews.com\/wp-content\/uploads\/Jogadores-do-Palmeiras-durante-partida-valida-pela-Copa-do-Brasil-2024.webp\",\"datePublished\":\"2025-02-12T10:35:00+00:00\",\"author\":{\"@id\":\"https:\/\/www.gaveanews.com\/#\/schema\/person\/8207cd4627f56151707418bfc835b2fb\"},\"breadcrumb\":{\"@id\":\"https:\/\/www.gaveanews.com\/index.php\/2025\/02\/12\/disputa-por-jogador-declaracao-de-abel-e-recado-de-mauro-beting-as-ultimas-noticias-do-palmeiras\/#breadcrumb\"},\"inLanguage\":\"pt-BR\",\"potentialAction\":[{\"@type\":\"ReadAction\",\"target\":[\"https:\/\/www.gaveanews.com\/index.php\/2025\/02\/12\/disputa-por-jogador-declaracao-de-abel-e-recado-de-mauro-beting-as-ultimas-noticias-do-palmeiras\/\"]}]},{\"@type\":\"ImageObject\",\"inLanguage\":\"pt-BR\",\"@id\":\"https:\/\/www.gaveanews.com\/index.php\/2025\/02\/12\/disputa-por-jogador-declaracao-de-abel-e-recado-de-mauro-beting-as-ultimas-noticias-do-palmeiras\/#primaryimage\",\"url\":\"https:\/\/www.gaveanews.com\/wp-content\/uploads\/Jogadores-do-Palmeiras-durante-partida-valida-pela-Copa-do-Brasil-2024.webp\",\"contentUrl\":\"https:\/\/www.gaveanews.com\/wp-content\/uploads\/Jogadores-do-Palmeiras-durante-partida-valida-pela-Copa-do-Brasil-2024.webp\",\"width\":1051,\"height\":701,\"caption\":\"Jogadores do Palmeiras durante partida v\u00e1lida pela Copa do Brasil 2024 (Foto: Reprodu\u00e7\u00e3o\/Palmeiras)\"},{\"@type\":\"BreadcrumbList\",\"@id\":\"https:\/\/www.gaveanews.com\/index.php\/2025\/02\/12\/disputa-por-jogador-declaracao-de-abel-e-recado-de-mauro-beting-as-ultimas-noticias-do-palmeiras\/#breadcrumb\",\"itemListElement\":[{\"@type\":\"ListItem\",\"position\":1,\"name\":\"Home\",\"item\":\"https:\/\/www.gaveanews.com\/\"},{\"@type\":\"ListItem\",\"position\":2,\"name\":\"Disputa por jogador, declara\u00e7\u00e3o de Abel e recado de Mauro Beting: as \u00faltimas not\u00edcias do Palmeiras\"}]},{\"@type\":\"WebSite\",\"@id\":\"https:\/\/www.gaveanews.com\/#website\",\"url\":\"https:\/\/www.gaveanews.com\/\",\"name\":\"G\u00e1vea News\",\"description\":\"Veja todas as not\u00edcias sobre o Flamengo: Contrata\u00e7\u00f5es, categorias de base, resultados das partidas, tabela de classifica\u00e7\u00e3o, pr\u00f3ximos jogos!\",\"potentialAction\":[{\"@type\":\"SearchAction\",\"target\":{\"@type\":\"EntryPoint\",\"urlTemplate\":\"https:\/\/www.gaveanews.com\/?s={search_term_string}\"},\"query-input\":{\"@type\":\"PropertyValueSpecification\",\"valueRequired\":true,\"valueName\":\"search_term_string\"}}],\"inLanguage\":\"pt-BR\"},{\"@type\":\"Person\",\"@id\":\"https:\/\/www.gaveanews.com\/#\/schema\/person\/8207cd4627f56151707418bfc835b2fb\",\"name\":\"Matheus Felipe\",\"image\":{\"@type\":\"ImageObject\",\"inLanguage\":\"pt-BR\",\"@id\":\"https:\/\/www.gaveanews.com\/#\/schema\/person\/image\/\",\"url\":\"https:\/\/secure.gravatar.com\/avatar\/a452ffbed9130f726358b298bb3a99ce4bd3c5338411f8440e87e14d74c7c087?s=96&d=mm&r=g\",\"contentUrl\":\"https:\/\/secure.gravatar.com\/avatar\/a452ffbed9130f726358b298bb3a99ce4bd3c5338411f8440e87e14d74c7c087?s=96&d=mm&r=g\",\"caption\":\"Matheus Felipe\"}}]}<\/script>\n<!-- \/ Yoast SEO Premium plugin. -->","yoast_head_json":{"title":"Disputa por jogador, declara\u00e7\u00e3o de Abel e recado de Mauro Beting: as \u00faltimas not\u00edcias do Palmeiras","robots":{"index":"index","follow":"follow","max-snippet":"max-snippet:-1","max-image-preview":"max-image-preview:large","max-video-preview":"max-video-preview:-1"},"canonical":"https:\/\/www.gaveanews.com\/index.php\/2025\/02\/12\/disputa-por-jogador-declaracao-de-abel-e-recado-de-mauro-beting-as-ultimas-noticias-do-palmeiras\/","og_locale":"pt_BR","og_type":"article","og_title":"Disputa por jogador, declara\u00e7\u00e3o de Abel e recado de Mauro Beting: as \u00faltimas not\u00edcias do Palmeiras","og_description":"Nas \u00faltimas horas, o foco das not\u00edcias sobre o Palmeiras se concentram nos bastidores do clube, com destaques do dia a dia do time. Por conta deste contexto, leia abaixo um resumo preparado pela equipe do portal G\u00e1vea News para lhe manter muito bem informado! Recado de Mauro Beting O jornalista Mauro Beting fez um [&hellip;]","og_url":"https:\/\/www.gaveanews.com\/index.php\/2025\/02\/12\/disputa-por-jogador-declaracao-de-abel-e-recado-de-mauro-beting-as-ultimas-noticias-do-palmeiras\/","og_site_name":"G\u00e1vea News","article_publisher":"https:\/\/facebook.com\/gaveaNews\/","article_published_time":"2025-02-12T10:35:00+00:00","og_image":[{"width":1051,"height":701,"url":"https:\/\/www.gaveanews.com\/wp-content\/uploads\/Jogadores-do-Palmeiras-durante-partida-valida-pela-Copa-do-Brasil-2024.webp","type":"image\/webp"}],"author":"Matheus Felipe","twitter_card":"summary_large_image","twitter_misc":{"Escrito por":"Matheus Felipe","Est. tempo de leitura":"5 minutos"},"schema":{"@context":"https:\/\/schema.org","@graph":[{"@type":"NewsArticle","@id":"https:\/\/www.gaveanews.com\/index.php\/2025\/02\/12\/disputa-por-jogador-declaracao-de-abel-e-recado-de-mauro-beting-as-ultimas-noticias-do-palmeiras\/#article","isPartOf":{"@id":"https:\/\/www.gaveanews.com\/index.php\/2025\/02\/12\/disputa-por-jogador-declaracao-de-abel-e-recado-de-mauro-beting-as-ultimas-noticias-do-palmeiras\/"},"author":{"name":"Matheus Felipe","@id":"https:\/\/www.gaveanews.com\/#\/schema\/person\/8207cd4627f56151707418bfc835b2fb"},"headline":"Disputa por jogador, declara\u00e7\u00e3o de Abel e recado de Mauro Beting: as \u00faltimas not\u00edcias do Palmeiras","datePublished":"2025-02-12T10:35:00+00:00","mainEntityOfPage":{"@id":"https:\/\/www.gaveanews.com\/index.php\/2025\/02\/12\/disputa-por-jogador-declaracao-de-abel-e-recado-de-mauro-beting-as-ultimas-noticias-do-palmeiras\/"},"wordCount":730,"commentCount":0,"image":{"@id":"https:\/\/www.gaveanews.com\/index.php\/2025\/02\/12\/disputa-por-jogador-declaracao-de-abel-e-recado-de-mauro-beting-as-ultimas-noticias-do-palmeiras\/#primaryimage"},"thumbnailUrl":"https:\/\/www.gaveanews.com\/wp-content\/uploads\/Jogadores-do-Palmeiras-durante-partida-valida-pela-Copa-do-Brasil-2024.webp","articleSection":["Palmeiras"],"inLanguage":"pt-BR","potentialAction":[{"@type":"CommentAction","name":"Comment","target":["https:\/\/www.gaveanews.com\/index.php\/2025\/02\/12\/disputa-por-jogador-declaracao-de-abel-e-recado-de-mauro-beting-as-ultimas-noticias-do-palmeiras\/#respond"]}],"copyrightYear":"2025","copyrightHolder":{"@id":"https:\/\/www.gaveanews.com\/#organization"}},{"@type":"WebPage","@id":"https:\/\/www.gaveanews.com\/index.php\/2025\/02\/12\/disputa-por-jogador-declaracao-de-abel-e-recado-de-mauro-beting-as-ultimas-noticias-do-palmeiras\/","url":"https:\/\/www.gaveanews.com\/index.php\/2025\/02\/12\/disputa-por-jogador-declaracao-de-abel-e-recado-de-mauro-beting-as-ultimas-noticias-do-palmeiras\/","name":"Disputa por jogador, declara\u00e7\u00e3o de Abel e recado de Mauro Beting: as \u00faltimas not\u00edcias do Palmeiras","isPartOf":{"@id":"https:\/\/www.gaveanews.com\/#website"},"primaryImageOfPage":{"@id":"https:\/\/www.gaveanews.com\/index.php\/2025\/02\/12\/disputa-por-jogador-declaracao-de-abel-e-recado-de-mauro-beting-as-ultimas-noticias-do-palmeiras\/#primaryimage"},"image":{"@id":"https:\/\/www.gaveanews.com\/index.php\/2025\/02\/12\/disputa-por-jogador-declaracao-de-abel-e-recado-de-mauro-beting-as-ultimas-noticias-do-palmeiras\/#primaryimage"},"thumbnailUrl":"https:\/\/www.gaveanews.com\/wp-content\/uploads\/Jogadores-do-Palmeiras-durante-partida-valida-pela-Copa-do-Brasil-2024.webp","datePublished":"2025-02-12T10:35:00+00:00","author":{"@id":"https:\/\/www.gaveanews.com\/#\/schema\/person\/8207cd4627f56151707418bfc835b2fb"},"breadcrumb":{"@id":"https:\/\/www.gaveanews.com\/index.php\/2025\/02\/12\/disputa-por-jogador-declaracao-de-abel-e-recado-de-mauro-beting-as-ultimas-noticias-do-palmeiras\/#breadcrumb"},"inLanguage":"pt-BR","potentialAction":[{"@type":"ReadAction","target":["https:\/\/www.gaveanews.com\/index.php\/2025\/02\/12\/disputa-por-jogador-declaracao-de-abel-e-recado-de-mauro-beting-as-ultimas-noticias-do-palmeiras\/"]}]},{"@type":"ImageObject","inLanguage":"pt-BR","@id":"https:\/\/www.gaveanews.com\/index.php\/2025\/02\/12\/disputa-por-jogador-declaracao-de-abel-e-recado-de-mauro-beting-as-ultimas-noticias-do-palmeiras\/#primaryimage","url":"https:\/\/www.gaveanews.com\/wp-content\/uploads\/Jogadores-do-Palmeiras-durante-partida-valida-pela-Copa-do-Brasil-2024.webp","contentUrl":"https:\/\/www.gaveanews.com\/wp-content\/uploads\/Jogadores-do-Palmeiras-durante-partida-valida-pela-Copa-do-Brasil-2024.webp","width":1051,"height":701,"caption":"Jogadores do Palmeiras durante partida v\u00e1lida pela Copa do Brasil 2024 (Foto: Reprodu\u00e7\u00e3o\/Palmeiras)"},{"@type":"BreadcrumbList","@id":"https:\/\/www.gaveanews.com\/index.php\/2025\/02\/12\/disputa-por-jogador-declaracao-de-abel-e-recado-de-mauro-beting-as-ultimas-noticias-do-palmeiras\/#breadcrumb","itemListElement":[{"@type":"ListItem","position":1,"name":"Home","item":"https:\/\/www.gaveanews.com\/"},{"@type":"ListItem","position":2,"name":"Disputa por jogador, declara\u00e7\u00e3o de Abel e recado de Mauro Beting: as \u00faltimas not\u00edcias do Palmeiras"}]},{"@type":"WebSite","@id":"https:\/\/www.gaveanews.com\/#website","url":"https:\/\/www.gaveanews.com\/","name":"G\u00e1vea News","description":"Veja todas as not\u00edcias sobre o Flamengo: Contrata\u00e7\u00f5es, categorias de base, resultados das partidas, tabela de classifica\u00e7\u00e3o, pr\u00f3ximos jogos!","potentialAction":[{"@type":"SearchAction","target":{"@type":"EntryPoint","urlTemplate":"https:\/\/www.gaveanews.com\/?s={search_term_string}"},"query-input":{"@type":"PropertyValueSpecification","valueRequired":true,"valueName":"search_term_string"}}],"inLanguage":"pt-BR"},{"@type":"Person","@id":"https:\/\/www.gaveanews.com\/#\/schema\/person\/8207cd4627f56151707418bfc835b2fb","name":"Matheus Felipe","image":{"@type":"ImageObject","inLanguage":"pt-BR","@id":"https:\/\/www.gaveanews.com\/#\/schema\/person\/image\/","url":"https:\/\/secure.gravatar.com\/avatar\/a452ffbed9130f726358b298bb3a99ce4bd3c5338411f8440e87e14d74c7c087?s=96&d=mm&r=g","contentUrl":"https:\/\/secure.gravatar.com\/avatar\/a452ffbed9130f726358b298bb3a99ce4bd3c5338411f8440e87e14d74c7c087?s=96&d=mm&r=g","caption":"Matheus Felipe"}}]}},"_links":{"self":[{"href":"https:\/\/www.gaveanews.com\/index.php\/wp-json\/wp\/v2\/posts\/226609","targetHints":{"allow":["GET"]}}],"collection":[{"href":"https:\/\/www.gaveanews.com\/index.php\/wp-json\/wp\/v2\/posts"}],"about":[{"href":"https:\/\/www.gaveanews.com\/index.php\/wp-json\/wp\/v2\/types\/post"}],"author":[{"embeddable":true,"href":"https:\/\/www.gaveanews.com\/index.php\/wp-json\/wp\/v2\/users\/27"}],"replies":[{"embeddable":true,"href":"https:\/\/www.gaveanews.com\/index.php\/wp-json\/wp\/v2\/comments?post=226609"}],"version-history":[{"count":1,"href":"https:\/\/www.gaveanews.com\/index.php\/wp-json\/wp\/v2\/posts\/226609\/revisions"}],"predecessor-version":[{"id":226612,"href":"https:\/\/www.gaveanews.com\/index.php\/wp-json\/wp\/v2\/posts\/226609\/revisions\/226612"}],"wp:featuredmedia":[{"embeddable":true,"href":"https:\/\/www.gaveanews.com\/index.php\/wp-json\/wp\/v2\/media\/158318"}],"wp:attachment":[{"href":"https:\/\/www.gaveanews.com\/index.php\/wp-json\/wp\/v2\/media?parent=226609"}],"wp:term":[{"taxonomy":"category","embeddable":true,"href":"https:\/\/www.gaveanews.com\/index.php\/wp-json\/wp\/v2\/categories?post=226609"},{"taxonomy":"post_tag","embeddable":true,"href":"https:\/\/www.gaveanews.com\/index.php\/wp-json\/wp\/v2\/tags?post=226609"}],"curies":[{"name":"wp","href":"https:\/\/api.w.org\/{rel}","templated":true}]}}