{"id":226613,"date":"2025-02-12T06:30:00","date_gmt":"2025-02-12T09:30:00","guid":{"rendered":"https:\/\/www.gaveanews.com\/?p=226613"},"modified":"2025-02-12T02:42:20","modified_gmt":"2025-02-12T05:42:20","slug":"rescisao-de-contrato-erros-cometidos-e-declaracao-de-bobadilla-as-ultimas-noticias-do-sao-paulo","status":"publish","type":"post","link":"https:\/\/www.gaveanews.com\/index.php\/2025\/02\/12\/rescisao-de-contrato-erros-cometidos-e-declaracao-de-bobadilla-as-ultimas-noticias-do-sao-paulo\/","title":{"rendered":"Rescis\u00e3o de contrato, erros cometidos e declara\u00e7\u00e3o de Bobadilla: as \u00faltimas not\u00edcias do S\u00e3o Paulo"},"content":{"rendered":"\n<p>Nas \u00faltimas horas, o foco das not\u00edcias sobre o S\u00e3o Paulo se concentram nos bastidores do clube, com destaques do dia a dia do time.<\/p>\n\n\n\n<p>Por conta deste contexto, leia abaixo um resumo preparado pela equipe do portal G\u00e1vea News para lhe manter muito bem informado!<\/p>\n\n\n\n<h2 class=\"wp-block-heading\" id=\"h-declaracao-de-bobadilla\">Declara\u00e7\u00e3o de Bobadilla<\/h2>\n\n\n\n<p>O S\u00e3o Paulo enfrentou o Red Bull Bragantino pela oitava rodada do Campeonato Paulista e acabou derrotado por 1 a 0. No intervalo da partida, Bobadilla destacou que o Tricolor precisava ser mais protagonista e aproveitar a vantagem num\u00e9rica ap\u00f3s a expuls\u00e3o de um jogador do time advers\u00e1rio. No entanto, a equipe n\u00e3o conseguiu reagir e saiu derrotada do confronto<strong><a href=\"https:\/\/www.gaveanews.com\/index.php\/2025\/02\/08\/bragantino-x-sao-paulo-a-declaracao-de-bobadilla\/\"> (leia a mat\u00e9ria completa<\/a><\/strong>).<\/p>\n\n\n\n<figure class=\"wp-block-image size-full\"><img loading=\"lazy\" decoding=\"async\" width=\"730\" height=\"508\" src=\"http:\/\/www.gaveanews.com\/wp-content\/uploads\/Bobadilla-pelo-Sao-Paulo.webp\" alt=\"\" class=\"wp-image-177541\" srcset=\"https:\/\/www.gaveanews.com\/wp-content\/uploads\/Bobadilla-pelo-Sao-Paulo.webp 730w, https:\/\/www.gaveanews.com\/wp-content\/uploads\/Bobadilla-pelo-Sao-Paulo-300x209.webp 300w, https:\/\/www.gaveanews.com\/wp-content\/uploads\/Bobadilla-pelo-Sao-Paulo-604x420.webp 604w, https:\/\/www.gaveanews.com\/wp-content\/uploads\/Bobadilla-pelo-Sao-Paulo-640x445.webp 640w, https:\/\/www.gaveanews.com\/wp-content\/uploads\/Bobadilla-pelo-Sao-Paulo-681x474.webp 681w, https:\/\/www.gaveanews.com\/wp-content\/uploads\/Bobadilla-pelo-Sao-Paulo-100x70.webp 100w\" sizes=\"auto, (max-width: 730px) 100vw, 730px\" \/><figcaption class=\"wp-element-caption\">Bobadilla pelo S\u00e3o Paulo (Foto: Rubens Chiri\/S\u00e3o Paulo)<\/figcaption><\/figure>\n\n\n\n<p>Ap\u00f3s o jogo, Andr\u00e9 Silva analisou a atua\u00e7\u00e3o do S\u00e3o Paulo, reconhecendo a dificuldade do confronto e afirmando que n\u00e3o havia desculpas para o desempenho abaixo do esperado. <\/p>\n\n\n\n<p>O atacante agradeceu \u00e0 torcida que compareceu ao est\u00e1dio e garantiu que o time buscar\u00e1 melhorar no pr\u00f3ximo jogo para dar uma resposta positiva em campo.<\/p>\n\n\n\n<p>Apesar do rev\u00e9s, o S\u00e3o Paulo segue na lideran\u00e7a do Grupo C do Paulist\u00e3o, com 13 pontos em sete partidas. Agora, a equipe muda o foco para o duelo contra o Velo Clube, marcado para quinta-feira (13), no Est\u00e1dio Man\u00e9 Garrincha, onde tentar\u00e1 reencontrar o caminho das vit\u00f3rias e consolidar sua posi\u00e7\u00e3o na tabela.<\/p>\n\n\n\n<h2 class=\"wp-block-heading\" id=\"h-erros-cometidos\">Erros cometidos<\/h2>\n\n\n\n<p>O t\u00e9cnico Luis Zubeld\u00eda analisou a derrota do S\u00e3o Paulo por 1 a 0 para o Red Bull Bragantino pela oitava rodada do Campeonato Paulista e destacou a frustra\u00e7\u00e3o por n\u00e3o ter aproveitado a vantagem num\u00e9rica no segundo tempo. O Tricolor jogou com um a mais durante toda a etapa final, mas n\u00e3o conseguiu reverter o placar. O treinador lamentou a falta de efetividade e afirmou que a equipe precisa aprender a lidar melhor com esse tipo de situa\u00e7\u00e3o <strong><a href=\"https:\/\/www.gaveanews.com\/index.php\/2025\/02\/08\/sao-paulo-zubeldia-avalia-erros-na-derrota-para-o-bragantino\/\">(leia a mat\u00e9ria completa).<\/a><\/strong><\/p>\n\n\n\n<figure class=\"wp-block-image size-large\"><img loading=\"lazy\" decoding=\"async\" width=\"1024\" height=\"683\" src=\"http:\/\/www.gaveanews.com\/wp-content\/uploads\/Luis-Francisco-Zubeldia-treinador-do-Sao-Paulo-durante-partida-da-Copa-do-Brasil-2024-1024x683.webp\" alt=\"\" class=\"wp-image-155699\" srcset=\"https:\/\/www.gaveanews.com\/wp-content\/uploads\/Luis-Francisco-Zubeldia-treinador-do-Sao-Paulo-durante-partida-da-Copa-do-Brasil-2024-1024x683.webp 1024w, https:\/\/www.gaveanews.com\/wp-content\/uploads\/Luis-Francisco-Zubeldia-treinador-do-Sao-Paulo-durante-partida-da-Copa-do-Brasil-2024-300x200.webp 300w, https:\/\/www.gaveanews.com\/wp-content\/uploads\/Luis-Francisco-Zubeldia-treinador-do-Sao-Paulo-durante-partida-da-Copa-do-Brasil-2024-768x512.webp 768w, https:\/\/www.gaveanews.com\/wp-content\/uploads\/Luis-Francisco-Zubeldia-treinador-do-Sao-Paulo-durante-partida-da-Copa-do-Brasil-2024-630x420.webp 630w, https:\/\/www.gaveanews.com\/wp-content\/uploads\/Luis-Francisco-Zubeldia-treinador-do-Sao-Paulo-durante-partida-da-Copa-do-Brasil-2024-1260x840.webp 1260w, https:\/\/www.gaveanews.com\/wp-content\/uploads\/Luis-Francisco-Zubeldia-treinador-do-Sao-Paulo-durante-partida-da-Copa-do-Brasil-2024-640x427.webp 640w, https:\/\/www.gaveanews.com\/wp-content\/uploads\/Luis-Francisco-Zubeldia-treinador-do-Sao-Paulo-durante-partida-da-Copa-do-Brasil-2024-1280x854.webp 1280w, https:\/\/www.gaveanews.com\/wp-content\/uploads\/Luis-Francisco-Zubeldia-treinador-do-Sao-Paulo-durante-partida-da-Copa-do-Brasil-2024-681x454.webp 681w, https:\/\/www.gaveanews.com\/wp-content\/uploads\/Luis-Francisco-Zubeldia-treinador-do-Sao-Paulo-durante-partida-da-Copa-do-Brasil-2024-100x67.webp 100w, https:\/\/www.gaveanews.com\/wp-content\/uploads\/Luis-Francisco-Zubeldia-treinador-do-Sao-Paulo-durante-partida-da-Copa-do-Brasil-2024.webp 1333w\" sizes=\"auto, (max-width: 1024px) 100vw, 1024px\" \/><figcaption class=\"wp-element-caption\">Luis Francisco Zubeld\u00eda, treinador do S\u00e3o Paulo durante partida da Copa do Brasil 2024 (Foto: Rubens Chiri e Paulo Pinto\/S\u00e3o Paulo)<\/figcaption><\/figure>\n\n\n\n<p>Zubeld\u00eda tamb\u00e9m explicou a decis\u00e3o de entrar em campo com uma equipe totalmente reserva, justificando a escolha como uma estrat\u00e9gia para administrar a carga f\u00edsica dos jogadores. Ele reconheceu que a mudan\u00e7a afetou o desempenho do time, que teve poucas chances claras de gol e encontrou dificuldades para se impor diante do advers\u00e1rio.<\/p>\n\n\n\n<p>Apesar do rev\u00e9s, o S\u00e3o Paulo segue l\u00edder do Grupo C do Paulist\u00e3o, com 13 pontos, quatro vit\u00f3rias, um empate e duas derrotas. O foco agora se volta para a pr\u00f3xima partida contra o Velo Clube, marcada para quinta-feira (13), no Est\u00e1dio Man\u00e9 Garrincha, onde o Tricolor buscar\u00e1 recupera\u00e7\u00e3o e ajustes para melhorar sua performance.<\/p>\n\n\n\n<h2 class=\"wp-block-heading\" id=\"h-rescisao-de-contrato\">Rescis\u00e3o de contrato<\/h2>\n\n\n\n<p>O S\u00e3o Paulo est\u00e1 negociando a rescis\u00e3o antecipada do contrato do volante Santiago Longo. O jogador argentino, de 26 anos, foi contratado por empr\u00e9stimo junto ao Belgrano at\u00e9 agosto de 2025, mas n\u00e3o faz parte dos planos do t\u00e9cnico Luis Zubeld\u00eda. Dessa forma, ele deve retornar ao clube argentino ainda neste primeiro semestre <strong><a href=\"https:\/\/www.gaveanews.com\/index.php\/2025\/02\/10\/ele-disputou-5-partidas-pelo-sao-paulo-e-agora-vai-rescindir-o-contrato\/\">(leia a mat\u00e9ria completa).<\/a><\/strong><\/p>\n\n\n\n<figure class=\"wp-block-image size-large\"><img loading=\"lazy\" decoding=\"async\" width=\"1024\" height=\"768\" src=\"http:\/\/www.gaveanews.com\/wp-content\/uploads\/Santiago-Longo-com-a-camisa-do-Sao-Paulo-em-2024-1024x768.webp\" alt=\"\" class=\"wp-image-165723\" srcset=\"https:\/\/www.gaveanews.com\/wp-content\/uploads\/Santiago-Longo-com-a-camisa-do-Sao-Paulo-em-2024-1024x768.webp 1024w, https:\/\/www.gaveanews.com\/wp-content\/uploads\/Santiago-Longo-com-a-camisa-do-Sao-Paulo-em-2024-300x225.webp 300w, https:\/\/www.gaveanews.com\/wp-content\/uploads\/Santiago-Longo-com-a-camisa-do-Sao-Paulo-em-2024-768x576.webp 768w, https:\/\/www.gaveanews.com\/wp-content\/uploads\/Santiago-Longo-com-a-camisa-do-Sao-Paulo-em-2024-560x420.webp 560w, https:\/\/www.gaveanews.com\/wp-content\/uploads\/Santiago-Longo-com-a-camisa-do-Sao-Paulo-em-2024-1120x840.webp 1120w, https:\/\/www.gaveanews.com\/wp-content\/uploads\/Santiago-Longo-com-a-camisa-do-Sao-Paulo-em-2024-80x60.webp 80w, https:\/\/www.gaveanews.com\/wp-content\/uploads\/Santiago-Longo-com-a-camisa-do-Sao-Paulo-em-2024-160x120.webp 160w, https:\/\/www.gaveanews.com\/wp-content\/uploads\/Santiago-Longo-com-a-camisa-do-Sao-Paulo-em-2024-100x75.webp 100w, https:\/\/www.gaveanews.com\/wp-content\/uploads\/Santiago-Longo-com-a-camisa-do-Sao-Paulo-em-2024-200x150.webp 200w, https:\/\/www.gaveanews.com\/wp-content\/uploads\/Santiago-Longo-com-a-camisa-do-Sao-Paulo-em-2024-180x135.webp 180w, https:\/\/www.gaveanews.com\/wp-content\/uploads\/Santiago-Longo-com-a-camisa-do-Sao-Paulo-em-2024-360x270.webp 360w, https:\/\/www.gaveanews.com\/wp-content\/uploads\/Santiago-Longo-com-a-camisa-do-Sao-Paulo-em-2024-238x178.webp 238w, https:\/\/www.gaveanews.com\/wp-content\/uploads\/Santiago-Longo-com-a-camisa-do-Sao-Paulo-em-2024-476x356.webp 476w, https:\/\/www.gaveanews.com\/wp-content\/uploads\/Santiago-Longo-com-a-camisa-do-Sao-Paulo-em-2024-640x480.webp 640w, https:\/\/www.gaveanews.com\/wp-content\/uploads\/Santiago-Longo-com-a-camisa-do-Sao-Paulo-em-2024-1280x960.webp 1280w, https:\/\/www.gaveanews.com\/wp-content\/uploads\/Santiago-Longo-com-a-camisa-do-Sao-Paulo-em-2024-681x511.webp 681w, https:\/\/www.gaveanews.com\/wp-content\/uploads\/Santiago-Longo-com-a-camisa-do-Sao-Paulo-em-2024-1362x1021.webp 1362w, https:\/\/www.gaveanews.com\/wp-content\/uploads\/Santiago-Longo-com-a-camisa-do-Sao-Paulo-em-2024.webp 1415w\" sizes=\"auto, (max-width: 1024px) 100vw, 1024px\" \/><figcaption class=\"wp-element-caption\">Santiago Longo com a camisa do S\u00e3o Paulo em 2024 (Foto: Rubens Chiri \/ S\u00e3o Paulo FC)<\/figcaption><\/figure>\n\n\n\n<p>Desde sua chegada ao S\u00e3o Paulo, em setembro de 2024, Longo disputou apenas cinco partidas, sendo tr\u00eas na temporada passada e duas em 2025. Sem espa\u00e7o no elenco, ele sequer foi relacionado para os \u00faltimos jogos contra RB Bragantino, Inter de Limeira e Velo Clube. Atualmente, o treinador conta com outras op\u00e7\u00f5es para a posi\u00e7\u00e3o, como Alisson, Pablo Maia, Marcos Ant\u00f4nio e Bobadilla, al\u00e9m de Luiz Gustavo, que est\u00e1 se recuperando de les\u00e3o.<\/p>\n\n\n\n<p>A decis\u00e3o de encerrar o v\u00ednculo foi divulgada inicialmente pelo portal <em>Arquibancada Tricolor<\/em> e posteriormente confirmada pelo <em>Lance!<\/em>. Com a sa\u00edda de Longo, o S\u00e3o Paulo segue ajustando seu elenco para a temporada, focando em jogadores que tenham maior participa\u00e7\u00e3o na equipe.<\/p>\n","protected":false},"excerpt":{"rendered":"<p>Nas \u00faltimas horas, o foco das not\u00edcias sobre o S\u00e3o Paulo se concentram nos bastidores do clube, com destaques do dia a dia do time. Por conta deste contexto, leia abaixo um resumo preparado pela equipe do portal G\u00e1vea News para lhe manter muito bem informado! Declara\u00e7\u00e3o de Bobadilla O S\u00e3o Paulo enfrentou o Red [&hellip;]<\/p>\n","protected":false},"author":27,"featured_media":155630,"comment_status":"open","ping_status":"closed","sticky":false,"template":"","format":"standard","meta":{"footnotes":""},"categories":[151],"tags":[],"class_list":["post-226613","post","type-post","status-publish","format-standard","has-post-thumbnail","hentry","category-sao-paulo"],"yoast_head":"<!-- This site is optimized with the Yoast SEO Premium plugin v24.2 (Yoast SEO v26.9) - https:\/\/yoast.com\/product\/yoast-seo-premium-wordpress\/ -->\n<title>Rescis\u00e3o de contrato, erros cometidos e declara\u00e7\u00e3o de Bobadilla: as \u00faltimas not\u00edcias do S\u00e3o Paulo<\/title>\n<meta name=\"robots\" content=\"index, follow, max-snippet:-1, max-image-preview:large, max-video-preview:-1\" \/>\n<link rel=\"canonical\" href=\"https:\/\/www.gaveanews.com\/index.php\/2025\/02\/12\/rescisao-de-contrato-erros-cometidos-e-declaracao-de-bobadilla-as-ultimas-noticias-do-sao-paulo\/\" \/>\n<meta property=\"og:locale\" content=\"pt_BR\" \/>\n<meta property=\"og:type\" content=\"article\" \/>\n<meta property=\"og:title\" content=\"Rescis\u00e3o de contrato, erros cometidos e declara\u00e7\u00e3o de Bobadilla: as \u00faltimas not\u00edcias do S\u00e3o Paulo\" \/>\n<meta property=\"og:description\" content=\"Nas \u00faltimas horas, o foco das not\u00edcias sobre o S\u00e3o Paulo se concentram nos bastidores do clube, com destaques do dia a dia do time. Por conta deste contexto, leia abaixo um resumo preparado pela equipe do portal G\u00e1vea News para lhe manter muito bem informado! Declara\u00e7\u00e3o de Bobadilla O S\u00e3o Paulo enfrentou o Red [&hellip;]\" \/>\n<meta property=\"og:url\" content=\"https:\/\/www.gaveanews.com\/index.php\/2025\/02\/12\/rescisao-de-contrato-erros-cometidos-e-declaracao-de-bobadilla-as-ultimas-noticias-do-sao-paulo\/\" \/>\n<meta property=\"og:site_name\" content=\"G\u00e1vea News\" \/>\n<meta property=\"article:publisher\" content=\"https:\/\/facebook.com\/gaveaNews\/\" \/>\n<meta property=\"article:published_time\" content=\"2025-02-12T09:30:00+00:00\" \/>\n<meta property=\"og:image\" content=\"https:\/\/www.gaveanews.com\/wp-content\/uploads\/Estadio-do-MorumBis-na-final-da-Copa-do-Brasil-de-2023.webp\" \/>\n\t<meta property=\"og:image:width\" content=\"1440\" \/>\n\t<meta property=\"og:image:height\" content=\"960\" \/>\n\t<meta property=\"og:image:type\" content=\"image\/jpeg\" \/>\n<meta name=\"author\" content=\"Matheus Felipe\" \/>\n<meta name=\"twitter:card\" content=\"summary_large_image\" \/>\n<meta name=\"twitter:label1\" content=\"Escrito por\" \/>\n\t<meta name=\"twitter:data1\" content=\"Matheus Felipe\" \/>\n\t<meta name=\"twitter:label2\" content=\"Est. tempo de leitura\" \/>\n\t<meta name=\"twitter:data2\" content=\"5 minutos\" \/>\n<script type=\"application\/ld+json\" class=\"yoast-schema-graph\">{\"@context\":\"https:\/\/schema.org\",\"@graph\":[{\"@type\":\"NewsArticle\",\"@id\":\"https:\/\/www.gaveanews.com\/index.php\/2025\/02\/12\/rescisao-de-contrato-erros-cometidos-e-declaracao-de-bobadilla-as-ultimas-noticias-do-sao-paulo\/#article\",\"isPartOf\":{\"@id\":\"https:\/\/www.gaveanews.com\/index.php\/2025\/02\/12\/rescisao-de-contrato-erros-cometidos-e-declaracao-de-bobadilla-as-ultimas-noticias-do-sao-paulo\/\"},\"author\":{\"name\":\"Matheus Felipe\",\"@id\":\"https:\/\/www.gaveanews.com\/#\/schema\/person\/8207cd4627f56151707418bfc835b2fb\"},\"headline\":\"Rescis\u00e3o de contrato, erros cometidos e declara\u00e7\u00e3o de Bobadilla: as \u00faltimas not\u00edcias do S\u00e3o Paulo\",\"datePublished\":\"2025-02-12T09:30:00+00:00\",\"mainEntityOfPage\":{\"@id\":\"https:\/\/www.gaveanews.com\/index.php\/2025\/02\/12\/rescisao-de-contrato-erros-cometidos-e-declaracao-de-bobadilla-as-ultimas-noticias-do-sao-paulo\/\"},\"wordCount\":716,\"commentCount\":0,\"image\":{\"@id\":\"https:\/\/www.gaveanews.com\/index.php\/2025\/02\/12\/rescisao-de-contrato-erros-cometidos-e-declaracao-de-bobadilla-as-ultimas-noticias-do-sao-paulo\/#primaryimage\"},\"thumbnailUrl\":\"https:\/\/www.gaveanews.com\/wp-content\/uploads\/Estadio-do-MorumBis-na-final-da-Copa-do-Brasil-de-2023.webp\",\"articleSection\":[\"S\u00e3o Paulo\"],\"inLanguage\":\"pt-BR\",\"potentialAction\":[{\"@type\":\"CommentAction\",\"name\":\"Comment\",\"target\":[\"https:\/\/www.gaveanews.com\/index.php\/2025\/02\/12\/rescisao-de-contrato-erros-cometidos-e-declaracao-de-bobadilla-as-ultimas-noticias-do-sao-paulo\/#respond\"]}],\"copyrightYear\":\"2025\",\"copyrightHolder\":{\"@id\":\"https:\/\/www.gaveanews.com\/#organization\"}},{\"@type\":\"WebPage\",\"@id\":\"https:\/\/www.gaveanews.com\/index.php\/2025\/02\/12\/rescisao-de-contrato-erros-cometidos-e-declaracao-de-bobadilla-as-ultimas-noticias-do-sao-paulo\/\",\"url\":\"https:\/\/www.gaveanews.com\/index.php\/2025\/02\/12\/rescisao-de-contrato-erros-cometidos-e-declaracao-de-bobadilla-as-ultimas-noticias-do-sao-paulo\/\",\"name\":\"Rescis\u00e3o de contrato, erros cometidos e declara\u00e7\u00e3o de Bobadilla: as \u00faltimas not\u00edcias do S\u00e3o Paulo\",\"isPartOf\":{\"@id\":\"https:\/\/www.gaveanews.com\/#website\"},\"primaryImageOfPage\":{\"@id\":\"https:\/\/www.gaveanews.com\/index.php\/2025\/02\/12\/rescisao-de-contrato-erros-cometidos-e-declaracao-de-bobadilla-as-ultimas-noticias-do-sao-paulo\/#primaryimage\"},\"image\":{\"@id\":\"https:\/\/www.gaveanews.com\/index.php\/2025\/02\/12\/rescisao-de-contrato-erros-cometidos-e-declaracao-de-bobadilla-as-ultimas-noticias-do-sao-paulo\/#primaryimage\"},\"thumbnailUrl\":\"https:\/\/www.gaveanews.com\/wp-content\/uploads\/Estadio-do-MorumBis-na-final-da-Copa-do-Brasil-de-2023.webp\",\"datePublished\":\"2025-02-12T09:30:00+00:00\",\"author\":{\"@id\":\"https:\/\/www.gaveanews.com\/#\/schema\/person\/8207cd4627f56151707418bfc835b2fb\"},\"breadcrumb\":{\"@id\":\"https:\/\/www.gaveanews.com\/index.php\/2025\/02\/12\/rescisao-de-contrato-erros-cometidos-e-declaracao-de-bobadilla-as-ultimas-noticias-do-sao-paulo\/#breadcrumb\"},\"inLanguage\":\"pt-BR\",\"potentialAction\":[{\"@type\":\"ReadAction\",\"target\":[\"https:\/\/www.gaveanews.com\/index.php\/2025\/02\/12\/rescisao-de-contrato-erros-cometidos-e-declaracao-de-bobadilla-as-ultimas-noticias-do-sao-paulo\/\"]}]},{\"@type\":\"ImageObject\",\"inLanguage\":\"pt-BR\",\"@id\":\"https:\/\/www.gaveanews.com\/index.php\/2025\/02\/12\/rescisao-de-contrato-erros-cometidos-e-declaracao-de-bobadilla-as-ultimas-noticias-do-sao-paulo\/#primaryimage\",\"url\":\"https:\/\/www.gaveanews.com\/wp-content\/uploads\/Estadio-do-MorumBis-na-final-da-Copa-do-Brasil-de-2023.webp\",\"contentUrl\":\"https:\/\/www.gaveanews.com\/wp-content\/uploads\/Estadio-do-MorumBis-na-final-da-Copa-do-Brasil-de-2023.webp\",\"width\":1440,\"height\":960,\"caption\":\"Est\u00e1dio do MorumBis na final da Copa do Brasil de 2023 (Foto: Reprodu\u00e7\u00e3o\/S\u00e3o Paulo)\"},{\"@type\":\"BreadcrumbList\",\"@id\":\"https:\/\/www.gaveanews.com\/index.php\/2025\/02\/12\/rescisao-de-contrato-erros-cometidos-e-declaracao-de-bobadilla-as-ultimas-noticias-do-sao-paulo\/#breadcrumb\",\"itemListElement\":[{\"@type\":\"ListItem\",\"position\":1,\"name\":\"Home\",\"item\":\"https:\/\/www.gaveanews.com\/\"},{\"@type\":\"ListItem\",\"position\":2,\"name\":\"Rescis\u00e3o de contrato, erros cometidos e declara\u00e7\u00e3o de Bobadilla: as \u00faltimas not\u00edcias do S\u00e3o Paulo\"}]},{\"@type\":\"WebSite\",\"@id\":\"https:\/\/www.gaveanews.com\/#website\",\"url\":\"https:\/\/www.gaveanews.com\/\",\"name\":\"G\u00e1vea News\",\"description\":\"Veja todas as not\u00edcias sobre o Flamengo: Contrata\u00e7\u00f5es, categorias de base, resultados das partidas, tabela de classifica\u00e7\u00e3o, pr\u00f3ximos jogos!\",\"potentialAction\":[{\"@type\":\"SearchAction\",\"target\":{\"@type\":\"EntryPoint\",\"urlTemplate\":\"https:\/\/www.gaveanews.com\/?s={search_term_string}\"},\"query-input\":{\"@type\":\"PropertyValueSpecification\",\"valueRequired\":true,\"valueName\":\"search_term_string\"}}],\"inLanguage\":\"pt-BR\"},{\"@type\":\"Person\",\"@id\":\"https:\/\/www.gaveanews.com\/#\/schema\/person\/8207cd4627f56151707418bfc835b2fb\",\"name\":\"Matheus Felipe\",\"image\":{\"@type\":\"ImageObject\",\"inLanguage\":\"pt-BR\",\"@id\":\"https:\/\/www.gaveanews.com\/#\/schema\/person\/image\/\",\"url\":\"https:\/\/secure.gravatar.com\/avatar\/a452ffbed9130f726358b298bb3a99ce4bd3c5338411f8440e87e14d74c7c087?s=96&d=mm&r=g\",\"contentUrl\":\"https:\/\/secure.gravatar.com\/avatar\/a452ffbed9130f726358b298bb3a99ce4bd3c5338411f8440e87e14d74c7c087?s=96&d=mm&r=g\",\"caption\":\"Matheus Felipe\"}}]}<\/script>\n<!-- \/ Yoast SEO Premium plugin. -->","yoast_head_json":{"title":"Rescis\u00e3o de contrato, erros cometidos e declara\u00e7\u00e3o de Bobadilla: as \u00faltimas not\u00edcias do S\u00e3o Paulo","robots":{"index":"index","follow":"follow","max-snippet":"max-snippet:-1","max-image-preview":"max-image-preview:large","max-video-preview":"max-video-preview:-1"},"canonical":"https:\/\/www.gaveanews.com\/index.php\/2025\/02\/12\/rescisao-de-contrato-erros-cometidos-e-declaracao-de-bobadilla-as-ultimas-noticias-do-sao-paulo\/","og_locale":"pt_BR","og_type":"article","og_title":"Rescis\u00e3o de contrato, erros cometidos e declara\u00e7\u00e3o de Bobadilla: as \u00faltimas not\u00edcias do S\u00e3o Paulo","og_description":"Nas \u00faltimas horas, o foco das not\u00edcias sobre o S\u00e3o Paulo se concentram nos bastidores do clube, com destaques do dia a dia do time. Por conta deste contexto, leia abaixo um resumo preparado pela equipe do portal G\u00e1vea News para lhe manter muito bem informado! Declara\u00e7\u00e3o de Bobadilla O S\u00e3o Paulo enfrentou o Red [&hellip;]","og_url":"https:\/\/www.gaveanews.com\/index.php\/2025\/02\/12\/rescisao-de-contrato-erros-cometidos-e-declaracao-de-bobadilla-as-ultimas-noticias-do-sao-paulo\/","og_site_name":"G\u00e1vea News","article_publisher":"https:\/\/facebook.com\/gaveaNews\/","article_published_time":"2025-02-12T09:30:00+00:00","og_image":[{"width":1440,"height":960,"url":"https:\/\/www.gaveanews.com\/wp-content\/uploads\/Estadio-do-MorumBis-na-final-da-Copa-do-Brasil-de-2023.webp","type":"image\/jpeg"}],"author":"Matheus Felipe","twitter_card":"summary_large_image","twitter_misc":{"Escrito por":"Matheus Felipe","Est. tempo de leitura":"5 minutos"},"schema":{"@context":"https:\/\/schema.org","@graph":[{"@type":"NewsArticle","@id":"https:\/\/www.gaveanews.com\/index.php\/2025\/02\/12\/rescisao-de-contrato-erros-cometidos-e-declaracao-de-bobadilla-as-ultimas-noticias-do-sao-paulo\/#article","isPartOf":{"@id":"https:\/\/www.gaveanews.com\/index.php\/2025\/02\/12\/rescisao-de-contrato-erros-cometidos-e-declaracao-de-bobadilla-as-ultimas-noticias-do-sao-paulo\/"},"author":{"name":"Matheus Felipe","@id":"https:\/\/www.gaveanews.com\/#\/schema\/person\/8207cd4627f56151707418bfc835b2fb"},"headline":"Rescis\u00e3o de contrato, erros cometidos e declara\u00e7\u00e3o de Bobadilla: as \u00faltimas not\u00edcias do S\u00e3o Paulo","datePublished":"2025-02-12T09:30:00+00:00","mainEntityOfPage":{"@id":"https:\/\/www.gaveanews.com\/index.php\/2025\/02\/12\/rescisao-de-contrato-erros-cometidos-e-declaracao-de-bobadilla-as-ultimas-noticias-do-sao-paulo\/"},"wordCount":716,"commentCount":0,"image":{"@id":"https:\/\/www.gaveanews.com\/index.php\/2025\/02\/12\/rescisao-de-contrato-erros-cometidos-e-declaracao-de-bobadilla-as-ultimas-noticias-do-sao-paulo\/#primaryimage"},"thumbnailUrl":"https:\/\/www.gaveanews.com\/wp-content\/uploads\/Estadio-do-MorumBis-na-final-da-Copa-do-Brasil-de-2023.webp","articleSection":["S\u00e3o Paulo"],"inLanguage":"pt-BR","potentialAction":[{"@type":"CommentAction","name":"Comment","target":["https:\/\/www.gaveanews.com\/index.php\/2025\/02\/12\/rescisao-de-contrato-erros-cometidos-e-declaracao-de-bobadilla-as-ultimas-noticias-do-sao-paulo\/#respond"]}],"copyrightYear":"2025","copyrightHolder":{"@id":"https:\/\/www.gaveanews.com\/#organization"}},{"@type":"WebPage","@id":"https:\/\/www.gaveanews.com\/index.php\/2025\/02\/12\/rescisao-de-contrato-erros-cometidos-e-declaracao-de-bobadilla-as-ultimas-noticias-do-sao-paulo\/","url":"https:\/\/www.gaveanews.com\/index.php\/2025\/02\/12\/rescisao-de-contrato-erros-cometidos-e-declaracao-de-bobadilla-as-ultimas-noticias-do-sao-paulo\/","name":"Rescis\u00e3o de contrato, erros cometidos e declara\u00e7\u00e3o de Bobadilla: as \u00faltimas not\u00edcias do S\u00e3o Paulo","isPartOf":{"@id":"https:\/\/www.gaveanews.com\/#website"},"primaryImageOfPage":{"@id":"https:\/\/www.gaveanews.com\/index.php\/2025\/02\/12\/rescisao-de-contrato-erros-cometidos-e-declaracao-de-bobadilla-as-ultimas-noticias-do-sao-paulo\/#primaryimage"},"image":{"@id":"https:\/\/www.gaveanews.com\/index.php\/2025\/02\/12\/rescisao-de-contrato-erros-cometidos-e-declaracao-de-bobadilla-as-ultimas-noticias-do-sao-paulo\/#primaryimage"},"thumbnailUrl":"https:\/\/www.gaveanews.com\/wp-content\/uploads\/Estadio-do-MorumBis-na-final-da-Copa-do-Brasil-de-2023.webp","datePublished":"2025-02-12T09:30:00+00:00","author":{"@id":"https:\/\/www.gaveanews.com\/#\/schema\/person\/8207cd4627f56151707418bfc835b2fb"},"breadcrumb":{"@id":"https:\/\/www.gaveanews.com\/index.php\/2025\/02\/12\/rescisao-de-contrato-erros-cometidos-e-declaracao-de-bobadilla-as-ultimas-noticias-do-sao-paulo\/#breadcrumb"},"inLanguage":"pt-BR","potentialAction":[{"@type":"ReadAction","target":["https:\/\/www.gaveanews.com\/index.php\/2025\/02\/12\/rescisao-de-contrato-erros-cometidos-e-declaracao-de-bobadilla-as-ultimas-noticias-do-sao-paulo\/"]}]},{"@type":"ImageObject","inLanguage":"pt-BR","@id":"https:\/\/www.gaveanews.com\/index.php\/2025\/02\/12\/rescisao-de-contrato-erros-cometidos-e-declaracao-de-bobadilla-as-ultimas-noticias-do-sao-paulo\/#primaryimage","url":"https:\/\/www.gaveanews.com\/wp-content\/uploads\/Estadio-do-MorumBis-na-final-da-Copa-do-Brasil-de-2023.webp","contentUrl":"https:\/\/www.gaveanews.com\/wp-content\/uploads\/Estadio-do-MorumBis-na-final-da-Copa-do-Brasil-de-2023.webp","width":1440,"height":960,"caption":"Est\u00e1dio do MorumBis na final da Copa do Brasil de 2023 (Foto: Reprodu\u00e7\u00e3o\/S\u00e3o Paulo)"},{"@type":"BreadcrumbList","@id":"https:\/\/www.gaveanews.com\/index.php\/2025\/02\/12\/rescisao-de-contrato-erros-cometidos-e-declaracao-de-bobadilla-as-ultimas-noticias-do-sao-paulo\/#breadcrumb","itemListElement":[{"@type":"ListItem","position":1,"name":"Home","item":"https:\/\/www.gaveanews.com\/"},{"@type":"ListItem","position":2,"name":"Rescis\u00e3o de contrato, erros cometidos e declara\u00e7\u00e3o de Bobadilla: as \u00faltimas not\u00edcias do S\u00e3o Paulo"}]},{"@type":"WebSite","@id":"https:\/\/www.gaveanews.com\/#website","url":"https:\/\/www.gaveanews.com\/","name":"G\u00e1vea News","description":"Veja todas as not\u00edcias sobre o Flamengo: Contrata\u00e7\u00f5es, categorias de base, resultados das partidas, tabela de classifica\u00e7\u00e3o, pr\u00f3ximos jogos!","potentialAction":[{"@type":"SearchAction","target":{"@type":"EntryPoint","urlTemplate":"https:\/\/www.gaveanews.com\/?s={search_term_string}"},"query-input":{"@type":"PropertyValueSpecification","valueRequired":true,"valueName":"search_term_string"}}],"inLanguage":"pt-BR"},{"@type":"Person","@id":"https:\/\/www.gaveanews.com\/#\/schema\/person\/8207cd4627f56151707418bfc835b2fb","name":"Matheus Felipe","image":{"@type":"ImageObject","inLanguage":"pt-BR","@id":"https:\/\/www.gaveanews.com\/#\/schema\/person\/image\/","url":"https:\/\/secure.gravatar.com\/avatar\/a452ffbed9130f726358b298bb3a99ce4bd3c5338411f8440e87e14d74c7c087?s=96&d=mm&r=g","contentUrl":"https:\/\/secure.gravatar.com\/avatar\/a452ffbed9130f726358b298bb3a99ce4bd3c5338411f8440e87e14d74c7c087?s=96&d=mm&r=g","caption":"Matheus Felipe"}}]}},"_links":{"self":[{"href":"https:\/\/www.gaveanews.com\/index.php\/wp-json\/wp\/v2\/posts\/226613","targetHints":{"allow":["GET"]}}],"collection":[{"href":"https:\/\/www.gaveanews.com\/index.php\/wp-json\/wp\/v2\/posts"}],"about":[{"href":"https:\/\/www.gaveanews.com\/index.php\/wp-json\/wp\/v2\/types\/post"}],"author":[{"embeddable":true,"href":"https:\/\/www.gaveanews.com\/index.php\/wp-json\/wp\/v2\/users\/27"}],"replies":[{"embeddable":true,"href":"https:\/\/www.gaveanews.com\/index.php\/wp-json\/wp\/v2\/comments?post=226613"}],"version-history":[{"count":1,"href":"https:\/\/www.gaveanews.com\/index.php\/wp-json\/wp\/v2\/posts\/226613\/revisions"}],"predecessor-version":[{"id":226615,"href":"https:\/\/www.gaveanews.com\/index.php\/wp-json\/wp\/v2\/posts\/226613\/revisions\/226615"}],"wp:featuredmedia":[{"embeddable":true,"href":"https:\/\/www.gaveanews.com\/index.php\/wp-json\/wp\/v2\/media\/155630"}],"wp:attachment":[{"href":"https:\/\/www.gaveanews.com\/index.php\/wp-json\/wp\/v2\/media?parent=226613"}],"wp:term":[{"taxonomy":"category","embeddable":true,"href":"https:\/\/www.gaveanews.com\/index.php\/wp-json\/wp\/v2\/categories?post=226613"},{"taxonomy":"post_tag","embeddable":true,"href":"https:\/\/www.gaveanews.com\/index.php\/wp-json\/wp\/v2\/tags?post=226613"}],"curies":[{"name":"wp","href":"https:\/\/api.w.org\/{rel}","templated":true}]}}