{"id":226618,"date":"2025-02-12T07:30:00","date_gmt":"2025-02-12T10:30:00","guid":{"rendered":"https:\/\/www.gaveanews.com\/?p=226618"},"modified":"2025-02-12T02:47:28","modified_gmt":"2025-02-12T05:47:28","slug":"declaracao-de-paulo-nunes-recado-de-neto-e-avaliacao-de-rivellino-as-ultimas-noticias-do-sao-paulo","status":"publish","type":"post","link":"https:\/\/www.gaveanews.com\/index.php\/2025\/02\/12\/declaracao-de-paulo-nunes-recado-de-neto-e-avaliacao-de-rivellino-as-ultimas-noticias-do-sao-paulo\/","title":{"rendered":"Declara\u00e7\u00e3o de Paulo Nunes, recado de Neto e avalia\u00e7\u00e3o de Rivellino: as \u00faltimas not\u00edcias do S\u00e3o Paulo"},"content":{"rendered":"\n<p>Nas \u00faltimas horas, o foco das not\u00edcias sobre o S\u00e3o Paulo se concentram nos bastidores do clube, com destaques do dia a dia do time.<\/p>\n\n\n\n<p>Por conta deste contexto, leia abaixo um resumo preparado pela equipe do portal G\u00e1vea News para lhe manter muito bem informado!<\/p>\n\n\n\n<h2 class=\"wp-block-heading\" id=\"h-avaliacao-de-rivellino\">Avalia\u00e7\u00e3o de Rivellino<\/h2>\n\n\n\n<p>O S\u00e3o Paulo refor\u00e7ou seu elenco para a temporada de 2025 com a contrata\u00e7\u00e3o do lateral-esquerdo Wendell, ex-Porto e Sele\u00e7\u00e3o Brasileira. O tricampe\u00e3o do mundo Roberto Rivellino elogiou a chegada do jogador, destacando sua experi\u00eancia no futebol europeu e sua recente convoca\u00e7\u00e3o para a Sele\u00e7\u00e3o. Para ele, Wendell pode ser um dos pilares da equipe, agregando qualidade t\u00e9cnica e mentalidade vencedora ao Tricolor <strong><a href=\"https:\/\/www.gaveanews.com\/index.php\/2025\/02\/08\/sao-paulo-rivellino-avalia-contratacao-de-novo-reforco\/\">(leia a mat\u00e9ria completa).<\/a><\/strong><\/p>\n\n\n\n<figure class=\"wp-block-image size-full\"><img loading=\"lazy\" decoding=\"async\" width=\"750\" height=\"350\" src=\"http:\/\/www.gaveanews.com\/wp-content\/uploads\/29-01-Wendell.webp\" alt=\"\" class=\"wp-image-220209\"\/><figcaption class=\"wp-element-caption\">Foto: S\u00e3o Paulo<\/figcaption><\/figure>\n\n\n\n<p>O lateral assinou contrato at\u00e9 2027 e afirmou que escolheu o S\u00e3o Paulo pela grandeza do clube e pelo elenco qualificado. <\/p>\n\n\n\n<p>Ele acredita que a equipe tem potencial para disputar t\u00edtulos importantes e est\u00e1 preparado para contribuir com sua experi\u00eancia. Sua documenta\u00e7\u00e3o j\u00e1 foi regularizada no BID da CBF, tornando-o apto para estrear no Campeonato Paulista.<\/p>\n\n\n\n<p>A expectativa da torcida \u00e9 que Wendell traga solidez ao sistema defensivo e ajude a equipe a manter um alto n\u00edvel de desempenho ao longo da temporada. O t\u00e9cnico Luis Zubeld\u00eda agora tem mais uma op\u00e7\u00e3o para fortalecer o time nas pr\u00f3ximas rodadas do estadual e nas competi\u00e7\u00f5es futuras.<\/p>\n\n\n\n<h2 class=\"wp-block-heading\" id=\"h-recado-de-neto\">Recado de Neto<\/h2>\n\n\n\n<p>O comentarista Craque Neto criticou o atacante Luciano ap\u00f3s a vit\u00f3ria do S\u00e3o Paulo por 4 a 1 sobre o Mirassol. O jogador demonstrou insatisfa\u00e7\u00e3o ao ser substitu\u00eddo, o que gerou uma forte rea\u00e7\u00e3o de Neto, que afirmou que Luciano est\u00e1 &#8220;mascarado&#8221; e reclamando sem necessidade. O ex-jogador defendeu o t\u00e9cnico Luis Zubeld\u00eda, questionando quais op\u00e7\u00f5es o treinador teria para substitu\u00ed-lo, j\u00e1 que jogadores como Lucas, Oscar e Calleri tamb\u00e9m estavam em campo <strong><a href=\"https:\/\/www.gaveanews.com\/index.php\/2025\/02\/08\/craque-neto-detona-atacante-do-sao-paulo-enchendo-o-saco\/\">(leia a mat\u00e9ria completa).<\/a><\/strong><\/p>\n\n\n\n<figure class=\"wp-block-image size-full\"><img loading=\"lazy\" decoding=\"async\" width=\"846\" height=\"476\" src=\"http:\/\/www.gaveanews.com\/wp-content\/uploads\/Comentarista-Neto-em-programa-da-Band.webp\" alt=\"\" class=\"wp-image-71983\" srcset=\"https:\/\/www.gaveanews.com\/wp-content\/uploads\/Comentarista-Neto-em-programa-da-Band.webp 846w, https:\/\/www.gaveanews.com\/wp-content\/uploads\/Comentarista-Neto-em-programa-da-Band-300x169.webp 300w, https:\/\/www.gaveanews.com\/wp-content\/uploads\/Comentarista-Neto-em-programa-da-Band-768x432.webp 768w, https:\/\/www.gaveanews.com\/wp-content\/uploads\/Comentarista-Neto-em-programa-da-Band-746x420.webp 746w, https:\/\/www.gaveanews.com\/wp-content\/uploads\/Comentarista-Neto-em-programa-da-Band-640x360.webp 640w, https:\/\/www.gaveanews.com\/wp-content\/uploads\/Comentarista-Neto-em-programa-da-Band-681x383.webp 681w, https:\/\/www.gaveanews.com\/wp-content\/uploads\/Comentarista-Neto-em-programa-da-Band-100x56.webp 100w\" sizes=\"auto, (max-width: 846px) 100vw, 846px\" \/><figcaption class=\"wp-element-caption\">Comentarista Neto em programa da Band (Foto: Reprodu\u00e7\u00e3o\/Band)<\/figcaption><\/figure>\n\n\n\n<p>Neto destacou o equil\u00edbrio do Campeonato Paulista de 2025, mencionando que equipes como Palmeiras, Corinthians e Santos est\u00e3o refor\u00e7adas. Ele tamb\u00e9m exaltou a boa fase do Corinthians sob o comando de Ram\u00f3n D\u00edaz e brincou com a possibilidade de um encontro entre Tim\u00e3o e S\u00e3o Paulo na final do torneio.<\/p>\n\n\n\n<p>O S\u00e3o Paulo, por sua vez, segue focado na temporada e busca refor\u00e7ar seu elenco para competir por t\u00edtulos importantes como a Libertadores, o Brasileir\u00e3o e a Copa do Brasil. Com a chegada de Oscar e Enzo D\u00edaz, o clube trabalha para fortalecer setores estrat\u00e9gicos, enquanto equilibra investimentos para manter sua estabilidade financeira.<\/p>\n\n\n\n<h2 class=\"wp-block-heading\" id=\"h-declaracao-de-paulo-nunes\">Declara\u00e7\u00e3o de Paulo Nunes<\/h2>\n\n\n\n<p>O ex-jogador e comentarista Paulo Nunes elogiou o quarteto ofensivo do S\u00e3o Paulo, formado por Lucas, Oscar, Luciano e Calleri, destacando a intelig\u00eancia t\u00e9cnica e a capacidade de cria\u00e7\u00e3o desses jogadores. Segundo ele, esse grupo pode elevar o n\u00edvel competitivo da equipe em 2025, tornando o Tricolor um advers\u00e1rio perigoso no cen\u00e1rio nacional <strong><a href=\"https:\/\/www.gaveanews.com\/index.php\/2025\/02\/08\/paulo-nunes-aponta-quarteto-diferenciado-no-brasil-muito-forte\/\">(leia a mat\u00e9ria completa).<\/a><\/strong><\/p>\n\n\n\n<figure class=\"wp-block-image size-large\"><img loading=\"lazy\" decoding=\"async\" width=\"1024\" height=\"576\" src=\"http:\/\/www.gaveanews.com\/wp-content\/uploads\/paulo-nunes-rede-globo-1536x864-1-1024x576.webp\" alt=\"Foto: Reprodu\u00e7\u00e3o\" class=\"wp-image-215468\" srcset=\"https:\/\/www.gaveanews.com\/wp-content\/uploads\/paulo-nunes-rede-globo-1536x864-1-1024x576.webp 1024w, https:\/\/www.gaveanews.com\/wp-content\/uploads\/paulo-nunes-rede-globo-1536x864-1-300x169.webp 300w, https:\/\/www.gaveanews.com\/wp-content\/uploads\/paulo-nunes-rede-globo-1536x864-1-768x432.webp 768w, https:\/\/www.gaveanews.com\/wp-content\/uploads\/paulo-nunes-rede-globo-1536x864-1-747x420.webp 747w, https:\/\/www.gaveanews.com\/wp-content\/uploads\/paulo-nunes-rede-globo-1536x864-1-1493x840.webp 1493w, https:\/\/www.gaveanews.com\/wp-content\/uploads\/paulo-nunes-rede-globo-1536x864-1-640x360.webp 640w, https:\/\/www.gaveanews.com\/wp-content\/uploads\/paulo-nunes-rede-globo-1536x864-1-1280x720.webp 1280w, https:\/\/www.gaveanews.com\/wp-content\/uploads\/paulo-nunes-rede-globo-1536x864-1-681x383.webp 681w, https:\/\/www.gaveanews.com\/wp-content\/uploads\/paulo-nunes-rede-globo-1536x864-1-1362x766.webp 1362w, https:\/\/www.gaveanews.com\/wp-content\/uploads\/paulo-nunes-rede-globo-1536x864-1-100x56.webp 100w, https:\/\/www.gaveanews.com\/wp-content\/uploads\/paulo-nunes-rede-globo-1536x864-1.webp 1536w\" sizes=\"auto, (max-width: 1024px) 100vw, 1024px\" \/><figcaption class=\"wp-element-caption\">Paulo Nunes &#8211; Foto: Reprodu\u00e7\u00e3o<\/figcaption><\/figure>\n\n\n\n<p>Apesar do reconhecimento da qualidade t\u00e9cnica, Paulo Nunes alertou para um poss\u00edvel desgaste f\u00edsico, j\u00e1 que a m\u00e9dia de idade do quarteto ultrapassa os 30 anos. Ele destacou que o time pode enfrentar dificuldades contra advers\u00e1rios que jogam com alta intensidade e press\u00e3o defensiva. No entanto, ressaltou que, com a posse de bola, o S\u00e3o Paulo se torna uma equipe diferenciada e dif\u00edcil de ser marcada.<\/p>\n\n\n\n<p>Para minimizar riscos de les\u00f5es e manter o desempenho ao longo da temporada, o t\u00e9cnico Luis Zubeld\u00eda tem adotado um rod\u00edzio no elenco. O comentarista tamb\u00e9m avaliou a for\u00e7a do S\u00e3o Paulo em rela\u00e7\u00e3o a outros times brasileiros e apontou Flamengo, Palmeiras e Botafogo como favoritos, mas afirmou que o Tricolor tem um elenco competitivo e pode surpreender se mantiver consist\u00eancia.<\/p>\n","protected":false},"excerpt":{"rendered":"<p>Nas \u00faltimas horas, o foco das not\u00edcias sobre o S\u00e3o Paulo se concentram nos bastidores do clube, com destaques do dia a dia do time. Por conta deste contexto, leia abaixo um resumo preparado pela equipe do portal G\u00e1vea News para lhe manter muito bem informado! Avalia\u00e7\u00e3o de Rivellino O S\u00e3o Paulo refor\u00e7ou seu elenco [&hellip;]<\/p>\n","protected":false},"author":27,"featured_media":157734,"comment_status":"open","ping_status":"closed","sticky":false,"template":"","format":"standard","meta":{"footnotes":""},"categories":[151],"tags":[],"class_list":["post-226618","post","type-post","status-publish","format-standard","has-post-thumbnail","hentry","category-sao-paulo"],"yoast_head":"<!-- This site is optimized with the Yoast SEO Premium plugin v24.2 (Yoast SEO v26.9) - https:\/\/yoast.com\/product\/yoast-seo-premium-wordpress\/ -->\n<title>Declara\u00e7\u00e3o de Paulo Nunes, recado de Neto e avalia\u00e7\u00e3o de Rivellino: as \u00faltimas not\u00edcias do S\u00e3o Paulo<\/title>\n<meta name=\"robots\" content=\"index, follow, max-snippet:-1, max-image-preview:large, max-video-preview:-1\" \/>\n<link rel=\"canonical\" href=\"https:\/\/www.gaveanews.com\/index.php\/2025\/02\/12\/declaracao-de-paulo-nunes-recado-de-neto-e-avaliacao-de-rivellino-as-ultimas-noticias-do-sao-paulo\/\" \/>\n<meta property=\"og:locale\" content=\"pt_BR\" \/>\n<meta property=\"og:type\" content=\"article\" \/>\n<meta property=\"og:title\" content=\"Declara\u00e7\u00e3o de Paulo Nunes, recado de Neto e avalia\u00e7\u00e3o de Rivellino: as \u00faltimas not\u00edcias do S\u00e3o Paulo\" \/>\n<meta property=\"og:description\" content=\"Nas \u00faltimas horas, o foco das not\u00edcias sobre o S\u00e3o Paulo se concentram nos bastidores do clube, com destaques do dia a dia do time. Por conta deste contexto, leia abaixo um resumo preparado pela equipe do portal G\u00e1vea News para lhe manter muito bem informado! Avalia\u00e7\u00e3o de Rivellino O S\u00e3o Paulo refor\u00e7ou seu elenco [&hellip;]\" \/>\n<meta property=\"og:url\" content=\"https:\/\/www.gaveanews.com\/index.php\/2025\/02\/12\/declaracao-de-paulo-nunes-recado-de-neto-e-avaliacao-de-rivellino-as-ultimas-noticias-do-sao-paulo\/\" \/>\n<meta property=\"og:site_name\" content=\"G\u00e1vea News\" \/>\n<meta property=\"article:publisher\" content=\"https:\/\/facebook.com\/gaveaNews\/\" \/>\n<meta property=\"article:published_time\" content=\"2025-02-12T10:30:00+00:00\" \/>\n<meta property=\"og:image\" content=\"https:\/\/www.gaveanews.com\/wp-content\/uploads\/Elenco-do-Sao-Paulo.webp\" \/>\n\t<meta property=\"og:image:width\" content=\"1242\" \/>\n\t<meta property=\"og:image:height\" content=\"1235\" \/>\n\t<meta property=\"og:image:type\" content=\"image\/jpeg\" \/>\n<meta name=\"author\" content=\"Matheus Felipe\" \/>\n<meta name=\"twitter:card\" content=\"summary_large_image\" \/>\n<meta name=\"twitter:label1\" content=\"Escrito por\" \/>\n\t<meta name=\"twitter:data1\" content=\"Matheus Felipe\" \/>\n\t<meta name=\"twitter:label2\" content=\"Est. tempo de leitura\" \/>\n\t<meta name=\"twitter:data2\" content=\"5 minutos\" \/>\n<script type=\"application\/ld+json\" class=\"yoast-schema-graph\">{\"@context\":\"https:\/\/schema.org\",\"@graph\":[{\"@type\":\"NewsArticle\",\"@id\":\"https:\/\/www.gaveanews.com\/index.php\/2025\/02\/12\/declaracao-de-paulo-nunes-recado-de-neto-e-avaliacao-de-rivellino-as-ultimas-noticias-do-sao-paulo\/#article\",\"isPartOf\":{\"@id\":\"https:\/\/www.gaveanews.com\/index.php\/2025\/02\/12\/declaracao-de-paulo-nunes-recado-de-neto-e-avaliacao-de-rivellino-as-ultimas-noticias-do-sao-paulo\/\"},\"author\":{\"name\":\"Matheus Felipe\",\"@id\":\"https:\/\/www.gaveanews.com\/#\/schema\/person\/8207cd4627f56151707418bfc835b2fb\"},\"headline\":\"Declara\u00e7\u00e3o de Paulo Nunes, recado de Neto e avalia\u00e7\u00e3o de Rivellino: as \u00faltimas not\u00edcias do S\u00e3o Paulo\",\"datePublished\":\"2025-02-12T10:30:00+00:00\",\"mainEntityOfPage\":{\"@id\":\"https:\/\/www.gaveanews.com\/index.php\/2025\/02\/12\/declaracao-de-paulo-nunes-recado-de-neto-e-avaliacao-de-rivellino-as-ultimas-noticias-do-sao-paulo\/\"},\"wordCount\":701,\"commentCount\":0,\"image\":{\"@id\":\"https:\/\/www.gaveanews.com\/index.php\/2025\/02\/12\/declaracao-de-paulo-nunes-recado-de-neto-e-avaliacao-de-rivellino-as-ultimas-noticias-do-sao-paulo\/#primaryimage\"},\"thumbnailUrl\":\"https:\/\/www.gaveanews.com\/wp-content\/uploads\/Elenco-do-Sao-Paulo.webp\",\"articleSection\":[\"S\u00e3o Paulo\"],\"inLanguage\":\"pt-BR\",\"potentialAction\":[{\"@type\":\"CommentAction\",\"name\":\"Comment\",\"target\":[\"https:\/\/www.gaveanews.com\/index.php\/2025\/02\/12\/declaracao-de-paulo-nunes-recado-de-neto-e-avaliacao-de-rivellino-as-ultimas-noticias-do-sao-paulo\/#respond\"]}],\"copyrightYear\":\"2025\",\"copyrightHolder\":{\"@id\":\"https:\/\/www.gaveanews.com\/#organization\"}},{\"@type\":\"WebPage\",\"@id\":\"https:\/\/www.gaveanews.com\/index.php\/2025\/02\/12\/declaracao-de-paulo-nunes-recado-de-neto-e-avaliacao-de-rivellino-as-ultimas-noticias-do-sao-paulo\/\",\"url\":\"https:\/\/www.gaveanews.com\/index.php\/2025\/02\/12\/declaracao-de-paulo-nunes-recado-de-neto-e-avaliacao-de-rivellino-as-ultimas-noticias-do-sao-paulo\/\",\"name\":\"Declara\u00e7\u00e3o de Paulo Nunes, recado de Neto e avalia\u00e7\u00e3o de Rivellino: as \u00faltimas not\u00edcias do S\u00e3o Paulo\",\"isPartOf\":{\"@id\":\"https:\/\/www.gaveanews.com\/#website\"},\"primaryImageOfPage\":{\"@id\":\"https:\/\/www.gaveanews.com\/index.php\/2025\/02\/12\/declaracao-de-paulo-nunes-recado-de-neto-e-avaliacao-de-rivellino-as-ultimas-noticias-do-sao-paulo\/#primaryimage\"},\"image\":{\"@id\":\"https:\/\/www.gaveanews.com\/index.php\/2025\/02\/12\/declaracao-de-paulo-nunes-recado-de-neto-e-avaliacao-de-rivellino-as-ultimas-noticias-do-sao-paulo\/#primaryimage\"},\"thumbnailUrl\":\"https:\/\/www.gaveanews.com\/wp-content\/uploads\/Elenco-do-Sao-Paulo.webp\",\"datePublished\":\"2025-02-12T10:30:00+00:00\",\"author\":{\"@id\":\"https:\/\/www.gaveanews.com\/#\/schema\/person\/8207cd4627f56151707418bfc835b2fb\"},\"breadcrumb\":{\"@id\":\"https:\/\/www.gaveanews.com\/index.php\/2025\/02\/12\/declaracao-de-paulo-nunes-recado-de-neto-e-avaliacao-de-rivellino-as-ultimas-noticias-do-sao-paulo\/#breadcrumb\"},\"inLanguage\":\"pt-BR\",\"potentialAction\":[{\"@type\":\"ReadAction\",\"target\":[\"https:\/\/www.gaveanews.com\/index.php\/2025\/02\/12\/declaracao-de-paulo-nunes-recado-de-neto-e-avaliacao-de-rivellino-as-ultimas-noticias-do-sao-paulo\/\"]}]},{\"@type\":\"ImageObject\",\"inLanguage\":\"pt-BR\",\"@id\":\"https:\/\/www.gaveanews.com\/index.php\/2025\/02\/12\/declaracao-de-paulo-nunes-recado-de-neto-e-avaliacao-de-rivellino-as-ultimas-noticias-do-sao-paulo\/#primaryimage\",\"url\":\"https:\/\/www.gaveanews.com\/wp-content\/uploads\/Elenco-do-Sao-Paulo.webp\",\"contentUrl\":\"https:\/\/www.gaveanews.com\/wp-content\/uploads\/Elenco-do-Sao-Paulo.webp\",\"width\":1242,\"height\":1235,\"caption\":\"Elenco do S\u00e3o Paulo (Foto: Reprodu\u00e7\u00e3o\/Instagram)\"},{\"@type\":\"BreadcrumbList\",\"@id\":\"https:\/\/www.gaveanews.com\/index.php\/2025\/02\/12\/declaracao-de-paulo-nunes-recado-de-neto-e-avaliacao-de-rivellino-as-ultimas-noticias-do-sao-paulo\/#breadcrumb\",\"itemListElement\":[{\"@type\":\"ListItem\",\"position\":1,\"name\":\"Home\",\"item\":\"https:\/\/www.gaveanews.com\/\"},{\"@type\":\"ListItem\",\"position\":2,\"name\":\"Declara\u00e7\u00e3o de Paulo Nunes, recado de Neto e avalia\u00e7\u00e3o de Rivellino: as \u00faltimas not\u00edcias do S\u00e3o Paulo\"}]},{\"@type\":\"WebSite\",\"@id\":\"https:\/\/www.gaveanews.com\/#website\",\"url\":\"https:\/\/www.gaveanews.com\/\",\"name\":\"G\u00e1vea News\",\"description\":\"Veja todas as not\u00edcias sobre o Flamengo: Contrata\u00e7\u00f5es, categorias de base, resultados das partidas, tabela de classifica\u00e7\u00e3o, pr\u00f3ximos jogos!\",\"potentialAction\":[{\"@type\":\"SearchAction\",\"target\":{\"@type\":\"EntryPoint\",\"urlTemplate\":\"https:\/\/www.gaveanews.com\/?s={search_term_string}\"},\"query-input\":{\"@type\":\"PropertyValueSpecification\",\"valueRequired\":true,\"valueName\":\"search_term_string\"}}],\"inLanguage\":\"pt-BR\"},{\"@type\":\"Person\",\"@id\":\"https:\/\/www.gaveanews.com\/#\/schema\/person\/8207cd4627f56151707418bfc835b2fb\",\"name\":\"Matheus Felipe\",\"image\":{\"@type\":\"ImageObject\",\"inLanguage\":\"pt-BR\",\"@id\":\"https:\/\/www.gaveanews.com\/#\/schema\/person\/image\/\",\"url\":\"https:\/\/secure.gravatar.com\/avatar\/a452ffbed9130f726358b298bb3a99ce4bd3c5338411f8440e87e14d74c7c087?s=96&d=mm&r=g\",\"contentUrl\":\"https:\/\/secure.gravatar.com\/avatar\/a452ffbed9130f726358b298bb3a99ce4bd3c5338411f8440e87e14d74c7c087?s=96&d=mm&r=g\",\"caption\":\"Matheus Felipe\"}}]}<\/script>\n<!-- \/ Yoast SEO Premium plugin. -->","yoast_head_json":{"title":"Declara\u00e7\u00e3o de Paulo Nunes, recado de Neto e avalia\u00e7\u00e3o de Rivellino: as \u00faltimas not\u00edcias do S\u00e3o Paulo","robots":{"index":"index","follow":"follow","max-snippet":"max-snippet:-1","max-image-preview":"max-image-preview:large","max-video-preview":"max-video-preview:-1"},"canonical":"https:\/\/www.gaveanews.com\/index.php\/2025\/02\/12\/declaracao-de-paulo-nunes-recado-de-neto-e-avaliacao-de-rivellino-as-ultimas-noticias-do-sao-paulo\/","og_locale":"pt_BR","og_type":"article","og_title":"Declara\u00e7\u00e3o de Paulo Nunes, recado de Neto e avalia\u00e7\u00e3o de Rivellino: as \u00faltimas not\u00edcias do S\u00e3o Paulo","og_description":"Nas \u00faltimas horas, o foco das not\u00edcias sobre o S\u00e3o Paulo se concentram nos bastidores do clube, com destaques do dia a dia do time. Por conta deste contexto, leia abaixo um resumo preparado pela equipe do portal G\u00e1vea News para lhe manter muito bem informado! Avalia\u00e7\u00e3o de Rivellino O S\u00e3o Paulo refor\u00e7ou seu elenco [&hellip;]","og_url":"https:\/\/www.gaveanews.com\/index.php\/2025\/02\/12\/declaracao-de-paulo-nunes-recado-de-neto-e-avaliacao-de-rivellino-as-ultimas-noticias-do-sao-paulo\/","og_site_name":"G\u00e1vea News","article_publisher":"https:\/\/facebook.com\/gaveaNews\/","article_published_time":"2025-02-12T10:30:00+00:00","og_image":[{"width":1242,"height":1235,"url":"https:\/\/www.gaveanews.com\/wp-content\/uploads\/Elenco-do-Sao-Paulo.webp","type":"image\/jpeg"}],"author":"Matheus Felipe","twitter_card":"summary_large_image","twitter_misc":{"Escrito por":"Matheus Felipe","Est. tempo de leitura":"5 minutos"},"schema":{"@context":"https:\/\/schema.org","@graph":[{"@type":"NewsArticle","@id":"https:\/\/www.gaveanews.com\/index.php\/2025\/02\/12\/declaracao-de-paulo-nunes-recado-de-neto-e-avaliacao-de-rivellino-as-ultimas-noticias-do-sao-paulo\/#article","isPartOf":{"@id":"https:\/\/www.gaveanews.com\/index.php\/2025\/02\/12\/declaracao-de-paulo-nunes-recado-de-neto-e-avaliacao-de-rivellino-as-ultimas-noticias-do-sao-paulo\/"},"author":{"name":"Matheus Felipe","@id":"https:\/\/www.gaveanews.com\/#\/schema\/person\/8207cd4627f56151707418bfc835b2fb"},"headline":"Declara\u00e7\u00e3o de Paulo Nunes, recado de Neto e avalia\u00e7\u00e3o de Rivellino: as \u00faltimas not\u00edcias do S\u00e3o Paulo","datePublished":"2025-02-12T10:30:00+00:00","mainEntityOfPage":{"@id":"https:\/\/www.gaveanews.com\/index.php\/2025\/02\/12\/declaracao-de-paulo-nunes-recado-de-neto-e-avaliacao-de-rivellino-as-ultimas-noticias-do-sao-paulo\/"},"wordCount":701,"commentCount":0,"image":{"@id":"https:\/\/www.gaveanews.com\/index.php\/2025\/02\/12\/declaracao-de-paulo-nunes-recado-de-neto-e-avaliacao-de-rivellino-as-ultimas-noticias-do-sao-paulo\/#primaryimage"},"thumbnailUrl":"https:\/\/www.gaveanews.com\/wp-content\/uploads\/Elenco-do-Sao-Paulo.webp","articleSection":["S\u00e3o Paulo"],"inLanguage":"pt-BR","potentialAction":[{"@type":"CommentAction","name":"Comment","target":["https:\/\/www.gaveanews.com\/index.php\/2025\/02\/12\/declaracao-de-paulo-nunes-recado-de-neto-e-avaliacao-de-rivellino-as-ultimas-noticias-do-sao-paulo\/#respond"]}],"copyrightYear":"2025","copyrightHolder":{"@id":"https:\/\/www.gaveanews.com\/#organization"}},{"@type":"WebPage","@id":"https:\/\/www.gaveanews.com\/index.php\/2025\/02\/12\/declaracao-de-paulo-nunes-recado-de-neto-e-avaliacao-de-rivellino-as-ultimas-noticias-do-sao-paulo\/","url":"https:\/\/www.gaveanews.com\/index.php\/2025\/02\/12\/declaracao-de-paulo-nunes-recado-de-neto-e-avaliacao-de-rivellino-as-ultimas-noticias-do-sao-paulo\/","name":"Declara\u00e7\u00e3o de Paulo Nunes, recado de Neto e avalia\u00e7\u00e3o de Rivellino: as \u00faltimas not\u00edcias do S\u00e3o Paulo","isPartOf":{"@id":"https:\/\/www.gaveanews.com\/#website"},"primaryImageOfPage":{"@id":"https:\/\/www.gaveanews.com\/index.php\/2025\/02\/12\/declaracao-de-paulo-nunes-recado-de-neto-e-avaliacao-de-rivellino-as-ultimas-noticias-do-sao-paulo\/#primaryimage"},"image":{"@id":"https:\/\/www.gaveanews.com\/index.php\/2025\/02\/12\/declaracao-de-paulo-nunes-recado-de-neto-e-avaliacao-de-rivellino-as-ultimas-noticias-do-sao-paulo\/#primaryimage"},"thumbnailUrl":"https:\/\/www.gaveanews.com\/wp-content\/uploads\/Elenco-do-Sao-Paulo.webp","datePublished":"2025-02-12T10:30:00+00:00","author":{"@id":"https:\/\/www.gaveanews.com\/#\/schema\/person\/8207cd4627f56151707418bfc835b2fb"},"breadcrumb":{"@id":"https:\/\/www.gaveanews.com\/index.php\/2025\/02\/12\/declaracao-de-paulo-nunes-recado-de-neto-e-avaliacao-de-rivellino-as-ultimas-noticias-do-sao-paulo\/#breadcrumb"},"inLanguage":"pt-BR","potentialAction":[{"@type":"ReadAction","target":["https:\/\/www.gaveanews.com\/index.php\/2025\/02\/12\/declaracao-de-paulo-nunes-recado-de-neto-e-avaliacao-de-rivellino-as-ultimas-noticias-do-sao-paulo\/"]}]},{"@type":"ImageObject","inLanguage":"pt-BR","@id":"https:\/\/www.gaveanews.com\/index.php\/2025\/02\/12\/declaracao-de-paulo-nunes-recado-de-neto-e-avaliacao-de-rivellino-as-ultimas-noticias-do-sao-paulo\/#primaryimage","url":"https:\/\/www.gaveanews.com\/wp-content\/uploads\/Elenco-do-Sao-Paulo.webp","contentUrl":"https:\/\/www.gaveanews.com\/wp-content\/uploads\/Elenco-do-Sao-Paulo.webp","width":1242,"height":1235,"caption":"Elenco do S\u00e3o Paulo (Foto: Reprodu\u00e7\u00e3o\/Instagram)"},{"@type":"BreadcrumbList","@id":"https:\/\/www.gaveanews.com\/index.php\/2025\/02\/12\/declaracao-de-paulo-nunes-recado-de-neto-e-avaliacao-de-rivellino-as-ultimas-noticias-do-sao-paulo\/#breadcrumb","itemListElement":[{"@type":"ListItem","position":1,"name":"Home","item":"https:\/\/www.gaveanews.com\/"},{"@type":"ListItem","position":2,"name":"Declara\u00e7\u00e3o de Paulo Nunes, recado de Neto e avalia\u00e7\u00e3o de Rivellino: as \u00faltimas not\u00edcias do S\u00e3o Paulo"}]},{"@type":"WebSite","@id":"https:\/\/www.gaveanews.com\/#website","url":"https:\/\/www.gaveanews.com\/","name":"G\u00e1vea News","description":"Veja todas as not\u00edcias sobre o Flamengo: Contrata\u00e7\u00f5es, categorias de base, resultados das partidas, tabela de classifica\u00e7\u00e3o, pr\u00f3ximos jogos!","potentialAction":[{"@type":"SearchAction","target":{"@type":"EntryPoint","urlTemplate":"https:\/\/www.gaveanews.com\/?s={search_term_string}"},"query-input":{"@type":"PropertyValueSpecification","valueRequired":true,"valueName":"search_term_string"}}],"inLanguage":"pt-BR"},{"@type":"Person","@id":"https:\/\/www.gaveanews.com\/#\/schema\/person\/8207cd4627f56151707418bfc835b2fb","name":"Matheus Felipe","image":{"@type":"ImageObject","inLanguage":"pt-BR","@id":"https:\/\/www.gaveanews.com\/#\/schema\/person\/image\/","url":"https:\/\/secure.gravatar.com\/avatar\/a452ffbed9130f726358b298bb3a99ce4bd3c5338411f8440e87e14d74c7c087?s=96&d=mm&r=g","contentUrl":"https:\/\/secure.gravatar.com\/avatar\/a452ffbed9130f726358b298bb3a99ce4bd3c5338411f8440e87e14d74c7c087?s=96&d=mm&r=g","caption":"Matheus Felipe"}}]}},"_links":{"self":[{"href":"https:\/\/www.gaveanews.com\/index.php\/wp-json\/wp\/v2\/posts\/226618","targetHints":{"allow":["GET"]}}],"collection":[{"href":"https:\/\/www.gaveanews.com\/index.php\/wp-json\/wp\/v2\/posts"}],"about":[{"href":"https:\/\/www.gaveanews.com\/index.php\/wp-json\/wp\/v2\/types\/post"}],"author":[{"embeddable":true,"href":"https:\/\/www.gaveanews.com\/index.php\/wp-json\/wp\/v2\/users\/27"}],"replies":[{"embeddable":true,"href":"https:\/\/www.gaveanews.com\/index.php\/wp-json\/wp\/v2\/comments?post=226618"}],"version-history":[{"count":1,"href":"https:\/\/www.gaveanews.com\/index.php\/wp-json\/wp\/v2\/posts\/226618\/revisions"}],"predecessor-version":[{"id":226620,"href":"https:\/\/www.gaveanews.com\/index.php\/wp-json\/wp\/v2\/posts\/226618\/revisions\/226620"}],"wp:featuredmedia":[{"embeddable":true,"href":"https:\/\/www.gaveanews.com\/index.php\/wp-json\/wp\/v2\/media\/157734"}],"wp:attachment":[{"href":"https:\/\/www.gaveanews.com\/index.php\/wp-json\/wp\/v2\/media?parent=226618"}],"wp:term":[{"taxonomy":"category","embeddable":true,"href":"https:\/\/www.gaveanews.com\/index.php\/wp-json\/wp\/v2\/categories?post=226618"},{"taxonomy":"post_tag","embeddable":true,"href":"https:\/\/www.gaveanews.com\/index.php\/wp-json\/wp\/v2\/tags?post=226618"}],"curies":[{"name":"wp","href":"https:\/\/api.w.org\/{rel}","templated":true}]}}