{"id":226621,"date":"2025-02-12T06:35:00","date_gmt":"2025-02-12T09:35:00","guid":{"rendered":"https:\/\/www.gaveanews.com\/?p=226621"},"modified":"2025-02-12T02:52:52","modified_gmt":"2025-02-12T05:52:52","slug":"clima-quente-favorito-no-carioca-e-contratacoes-em-2025-as-ultimas-noticias-do-vasco","status":"publish","type":"post","link":"https:\/\/www.gaveanews.com\/index.php\/2025\/02\/12\/clima-quente-favorito-no-carioca-e-contratacoes-em-2025-as-ultimas-noticias-do-vasco\/","title":{"rendered":"Clima quente, favorito no Carioca e contrata\u00e7\u00f5es em 2025: as \u00faltimas not\u00edcias do Vasco"},"content":{"rendered":"\n<p>Nas \u00faltimas horas, o foco das not\u00edcias sobre o Vasco se concentram nos bastidores do clube, com destaques do dia a dia do time.<\/p>\n\n\n\n<p>Por conta deste contexto, leia abaixo um resumo preparado pela equipe do portal G\u00e1vea News para lhe manter muito bem informado!<\/p>\n\n\n\n<h2 class=\"wp-block-heading\" id=\"h-contratacoes-em-2025\">Contrata\u00e7\u00f5es em 2025<\/h2>\n\n\n\n<p>O mercado de transfer\u00eancias do Brasileir\u00e3o S\u00e9rie A 2025 foi movimentado, com diversas equipes refor\u00e7ando seus elencos para a temporada. Entre os destaques est\u00e3o Kayky, emprestado pelo Manchester City ao Bahia, e Bolasie, que assinou com o Cruzeiro ap\u00f3s se destacar no Crici\u00fama. Al\u00e9m deles, o S\u00e3o Paulo trouxe Enzo D\u00edaz por empr\u00e9stimo do River Plate, enquanto o Vasco contratou o goleiro Daniel Fuzato, ex-Eibar (leia a mat\u00e9ria completa).<\/p>\n\n\n\n<figure class=\"wp-block-image size-large\"><img loading=\"lazy\" decoding=\"async\" width=\"834\" height=\"1024\" src=\"http:\/\/www.gaveanews.com\/wp-content\/uploads\/Mauricio-Lemos-com-a-camisa-do-Atletico-MG-834x1024.webp\" alt=\"\" class=\"wp-image-153916\" srcset=\"https:\/\/www.gaveanews.com\/wp-content\/uploads\/Mauricio-Lemos-com-a-camisa-do-Atletico-MG-834x1024.webp 834w, https:\/\/www.gaveanews.com\/wp-content\/uploads\/Mauricio-Lemos-com-a-camisa-do-Atletico-MG-244x300.webp 244w, https:\/\/www.gaveanews.com\/wp-content\/uploads\/Mauricio-Lemos-com-a-camisa-do-Atletico-MG-768x943.webp 768w, https:\/\/www.gaveanews.com\/wp-content\/uploads\/Mauricio-Lemos-com-a-camisa-do-Atletico-MG-342x420.webp 342w, https:\/\/www.gaveanews.com\/wp-content\/uploads\/Mauricio-Lemos-com-a-camisa-do-Atletico-MG-684x840.webp 684w, https:\/\/www.gaveanews.com\/wp-content\/uploads\/Mauricio-Lemos-com-a-camisa-do-Atletico-MG-640x786.webp 640w, https:\/\/www.gaveanews.com\/wp-content\/uploads\/Mauricio-Lemos-com-a-camisa-do-Atletico-MG-681x836.webp 681w, https:\/\/www.gaveanews.com\/wp-content\/uploads\/Mauricio-Lemos-com-a-camisa-do-Atletico-MG-100x123.webp 100w, https:\/\/www.gaveanews.com\/wp-content\/uploads\/Mauricio-Lemos-com-a-camisa-do-Atletico-MG.webp 1075w\" sizes=\"auto, (max-width: 834px) 100vw, 834px\" \/><figcaption class=\"wp-element-caption\">Maur\u00edcio Lemos com a camisa do Atl\u00e9tico-MG (Foto: Reprodu\u00e7\u00e3o\/Atl\u00e9tico-MG)<\/figcaption><\/figure>\n\n\n\n<p>Outras movimenta\u00e7\u00f5es relevantes incluem Matheus Dav\u00f3, que se juntou ao Mirassol, e Barreal, que foi para o Santos por empr\u00e9stimo. <\/p>\n\n\n\n<p>O Cear\u00e1 tamb\u00e9m investiu, trazendo o zagueiro Willian Machado e o atacante Galeano, ambos para refor\u00e7ar o elenco na S\u00e9rie A. J\u00e1 o Vit\u00f3ria adquiriu o goleiro Gabriel junto ao Coritiba, apostando em sua experi\u00eancia para a temporada.<\/p>\n\n\n\n<p>Com tantas novidades, a expectativa para o Brasileir\u00e3o 2025 cresce, j\u00e1 que os clubes buscam equilibrar suas contrata\u00e7\u00f5es e fortalecer setores estrat\u00e9gicos. O in\u00edcio antecipado da competi\u00e7\u00e3o exigir\u00e1 que as equipes se adaptem rapidamente, e os refor\u00e7os anunciados podem ser decisivos para o desempenho ao longo do ano.<\/p>\n\n\n\n<h2 class=\"wp-block-heading\" id=\"h-favorito-no-carioca\">Favorito no Carioca<\/h2>\n\n\n\n<p>O comentarista Eug\u00eanio Leal apontou o Flamengo como favorito ao t\u00edtulo do Campeonato Carioca de 2025. Segundo ele, a equipe rubro-negra se destaca pela qualidade do elenco e, mesmo ainda se adaptando ao estilo de jogo de Filipe Lu\u00eds, demonstra solidez e competitividade. O Flamengo pode assumir a lideran\u00e7a da Ta\u00e7a Guanabara caso ven\u00e7a o Botafogo no cl\u00e1ssico atrasado da s\u00e9tima rodada <strong><a href=\"https:\/\/www.gaveanews.com\/index.php\/2025\/02\/11\/campeonato-carioca-eugenio-leal-aponta-favorito-ao-titulo\/\">(leia a mat\u00e9ria completa).<\/a><\/strong><\/p>\n\n\n\n<figure class=\"wp-block-image size-full\"><img loading=\"lazy\" decoding=\"async\" width=\"640\" height=\"400\" src=\"http:\/\/www.gaveanews.com\/wp-content\/uploads\/campeonato-carioca-taca.webp\" alt=\"\" class=\"wp-image-95987\" srcset=\"https:\/\/www.gaveanews.com\/wp-content\/uploads\/campeonato-carioca-taca.webp 640w, https:\/\/www.gaveanews.com\/wp-content\/uploads\/campeonato-carioca-taca-300x188.webp 300w, https:\/\/www.gaveanews.com\/wp-content\/uploads\/campeonato-carioca-taca-100x63.webp 100w\" sizes=\"auto, (max-width: 640px) 100vw, 640px\" \/><figcaption class=\"wp-element-caption\">Ta\u00e7a do Campeonato Carioca (Foto: Marcelo Cortes\/Flamengo)<\/figcaption><\/figure>\n\n\n\n<p>A disputa pela classifica\u00e7\u00e3o \u00e0 semifinal segue intensa, com Vasco, Nova Igua\u00e7u e Botafogo brigando por vagas. O Volta Redonda, atual l\u00edder, trope\u00e7ou contra o Nova Igua\u00e7u, empatando em 0 a 0, o que abriu caminho para o Flamengo assumir a ponta da tabela. Al\u00e9m disso, o Botafogo, que atuou com um time reserva, perdeu por 2 a 0 para o Madureira, facilitando ainda mais a trajet\u00f3ria rubro-negra.<\/p>\n\n\n\n<p>Eug\u00eanio Leal ressaltou que, apesar do favoritismo do Flamengo, a equipe n\u00e3o pode vacilar na reta final, pois um trope\u00e7o pode custar a lideran\u00e7a. Enquanto isso, na parte de baixo da tabela, o Bangu luta contra o rebaixamento e precisar\u00e1 vencer seus \u00faltimos jogos para escapar da queda. Com isso, a reta decisiva do Campeonato Carioca promete fortes emo\u00e7\u00f5es tanto na briga pelo t\u00edtulo quanto na luta contra o descenso.<\/p>\n\n\n\n<h2 class=\"wp-block-heading\" id=\"h-clima-quente\">Clima quente<\/h2>\n\n\n\n<p>O Vasco empatou sem gols com o Sampaio Corr\u00eaa pela nona rodada do Campeonato Carioca, e o resultado gerou frustra\u00e7\u00e3o entre os torcedores e um clima tenso no vesti\u00e1rio. O t\u00e9cnico F\u00e1bio Carille revelou que a equipe ficou indignada com o trope\u00e7o e destacou que o foco agora precisa ser o cl\u00e1ssico contra o Flamengo. O treinador tamb\u00e9m comentou que n\u00e3o viu uma suposta discuss\u00e3o entre o jogador Jo\u00e3o e torcedores ap\u00f3s a partida<strong><a href=\"https:\/\/www.gaveanews.com\/index.php\/2025\/02\/10\/vasco-empate-com-o-sampaio-correa-gera-climao-no-vestiario\/\"> (leia a mat\u00e9ria completa).<\/a><\/strong><\/p>\n\n\n\n<figure class=\"wp-block-image size-full\"><img loading=\"lazy\" decoding=\"async\" width=\"738\" height=\"469\" src=\"http:\/\/www.gaveanews.com\/wp-content\/uploads\/Carille-pelo-Vasco.webp\" alt=\"Carille pelo Vasco\" class=\"wp-image-220355\"\/><figcaption class=\"wp-element-caption\">Carille pelo Vasco (Foto: Reprodu\u00e7\u00e3o) <\/figcaption><\/figure>\n\n\n\n<p>O Cruzmaltino entrou em campo com desfalques importantes, como Philippe Coutinho e Paulinho, o que dificultou a cria\u00e7\u00e3o ofensiva da equipe. Al\u00e9m disso, Carille explicou que a escolha por um esquema com tr\u00eas volantes n\u00e3o foi espec\u00edfica para essa partida, mas sim um modelo t\u00e1tico que tem adotado nos \u00faltimos jogos para potencializar a posse de bola no campo advers\u00e1rio.<\/p>\n\n\n\n<p>Apesar do empate, o Vasco se mant\u00e9m na parte de cima da tabela e dentro da zona de classifica\u00e7\u00e3o para a fase mata-mata do estadual, ocupando a terceira posi\u00e7\u00e3o com 14 pontos. O time agora volta suas aten\u00e7\u00f5es para o confronto contra o Flamengo, no s\u00e1bado (15), em um jogo que pode ser decisivo para o moral da equipe na competi\u00e7\u00e3o.<\/p>\n","protected":false},"excerpt":{"rendered":"<p>Nas \u00faltimas horas, o foco das not\u00edcias sobre o Vasco se concentram nos bastidores do clube, com destaques do dia a dia do time. Por conta deste contexto, leia abaixo um resumo preparado pela equipe do portal G\u00e1vea News para lhe manter muito bem informado! Contrata\u00e7\u00f5es em 2025 O mercado de transfer\u00eancias do Brasileir\u00e3o S\u00e9rie [&hellip;]<\/p>\n","protected":false},"author":27,"featured_media":152090,"comment_status":"open","ping_status":"closed","sticky":false,"template":"","format":"standard","meta":{"footnotes":""},"categories":[152],"tags":[],"class_list":["post-226621","post","type-post","status-publish","format-standard","has-post-thumbnail","hentry","category-vasco"],"yoast_head":"<!-- This site is optimized with the Yoast SEO Premium plugin v24.2 (Yoast SEO v26.9) - https:\/\/yoast.com\/product\/yoast-seo-premium-wordpress\/ -->\n<title>Clima quente, favorito no Carioca e contrata\u00e7\u00f5es em 2025: as \u00faltimas not\u00edcias do Vasco<\/title>\n<meta name=\"robots\" content=\"index, follow, max-snippet:-1, max-image-preview:large, max-video-preview:-1\" \/>\n<link rel=\"canonical\" href=\"https:\/\/www.gaveanews.com\/index.php\/2025\/02\/12\/clima-quente-favorito-no-carioca-e-contratacoes-em-2025-as-ultimas-noticias-do-vasco\/\" \/>\n<meta property=\"og:locale\" content=\"pt_BR\" \/>\n<meta property=\"og:type\" content=\"article\" \/>\n<meta property=\"og:title\" content=\"Clima quente, favorito no Carioca e contrata\u00e7\u00f5es em 2025: as \u00faltimas not\u00edcias do Vasco\" \/>\n<meta property=\"og:description\" content=\"Nas \u00faltimas horas, o foco das not\u00edcias sobre o Vasco se concentram nos bastidores do clube, com destaques do dia a dia do time. Por conta deste contexto, leia abaixo um resumo preparado pela equipe do portal G\u00e1vea News para lhe manter muito bem informado! Contrata\u00e7\u00f5es em 2025 O mercado de transfer\u00eancias do Brasileir\u00e3o S\u00e9rie [&hellip;]\" \/>\n<meta property=\"og:url\" content=\"https:\/\/www.gaveanews.com\/index.php\/2025\/02\/12\/clima-quente-favorito-no-carioca-e-contratacoes-em-2025-as-ultimas-noticias-do-vasco\/\" \/>\n<meta property=\"og:site_name\" content=\"G\u00e1vea News\" \/>\n<meta property=\"article:publisher\" content=\"https:\/\/facebook.com\/gaveaNews\/\" \/>\n<meta property=\"article:published_time\" content=\"2025-02-12T09:35:00+00:00\" \/>\n<meta property=\"og:image\" content=\"https:\/\/www.gaveanews.com\/wp-content\/uploads\/Bandeira-do-Vasco-da-Gama.webp\" \/>\n\t<meta property=\"og:image:width\" content=\"1159\" \/>\n\t<meta property=\"og:image:height\" content=\"772\" \/>\n\t<meta property=\"og:image:type\" content=\"image\/webp\" \/>\n<meta name=\"author\" content=\"Matheus Felipe\" \/>\n<meta name=\"twitter:card\" content=\"summary_large_image\" \/>\n<meta name=\"twitter:label1\" content=\"Escrito por\" \/>\n\t<meta name=\"twitter:data1\" content=\"Matheus Felipe\" \/>\n\t<meta name=\"twitter:label2\" content=\"Est. tempo de leitura\" \/>\n\t<meta name=\"twitter:data2\" content=\"5 minutos\" \/>\n<script type=\"application\/ld+json\" class=\"yoast-schema-graph\">{\"@context\":\"https:\/\/schema.org\",\"@graph\":[{\"@type\":\"NewsArticle\",\"@id\":\"https:\/\/www.gaveanews.com\/index.php\/2025\/02\/12\/clima-quente-favorito-no-carioca-e-contratacoes-em-2025-as-ultimas-noticias-do-vasco\/#article\",\"isPartOf\":{\"@id\":\"https:\/\/www.gaveanews.com\/index.php\/2025\/02\/12\/clima-quente-favorito-no-carioca-e-contratacoes-em-2025-as-ultimas-noticias-do-vasco\/\"},\"author\":{\"name\":\"Matheus Felipe\",\"@id\":\"https:\/\/www.gaveanews.com\/#\/schema\/person\/8207cd4627f56151707418bfc835b2fb\"},\"headline\":\"Clima quente, favorito no Carioca e contrata\u00e7\u00f5es em 2025: as \u00faltimas not\u00edcias do Vasco\",\"datePublished\":\"2025-02-12T09:35:00+00:00\",\"mainEntityOfPage\":{\"@id\":\"https:\/\/www.gaveanews.com\/index.php\/2025\/02\/12\/clima-quente-favorito-no-carioca-e-contratacoes-em-2025-as-ultimas-noticias-do-vasco\/\"},\"wordCount\":740,\"commentCount\":0,\"image\":{\"@id\":\"https:\/\/www.gaveanews.com\/index.php\/2025\/02\/12\/clima-quente-favorito-no-carioca-e-contratacoes-em-2025-as-ultimas-noticias-do-vasco\/#primaryimage\"},\"thumbnailUrl\":\"https:\/\/www.gaveanews.com\/wp-content\/uploads\/Bandeira-do-Vasco-da-Gama.webp\",\"articleSection\":[\"Vasco\"],\"inLanguage\":\"pt-BR\",\"potentialAction\":[{\"@type\":\"CommentAction\",\"name\":\"Comment\",\"target\":[\"https:\/\/www.gaveanews.com\/index.php\/2025\/02\/12\/clima-quente-favorito-no-carioca-e-contratacoes-em-2025-as-ultimas-noticias-do-vasco\/#respond\"]}],\"copyrightYear\":\"2025\",\"copyrightHolder\":{\"@id\":\"https:\/\/www.gaveanews.com\/#organization\"}},{\"@type\":\"WebPage\",\"@id\":\"https:\/\/www.gaveanews.com\/index.php\/2025\/02\/12\/clima-quente-favorito-no-carioca-e-contratacoes-em-2025-as-ultimas-noticias-do-vasco\/\",\"url\":\"https:\/\/www.gaveanews.com\/index.php\/2025\/02\/12\/clima-quente-favorito-no-carioca-e-contratacoes-em-2025-as-ultimas-noticias-do-vasco\/\",\"name\":\"Clima quente, favorito no Carioca e contrata\u00e7\u00f5es em 2025: as \u00faltimas not\u00edcias do Vasco\",\"isPartOf\":{\"@id\":\"https:\/\/www.gaveanews.com\/#website\"},\"primaryImageOfPage\":{\"@id\":\"https:\/\/www.gaveanews.com\/index.php\/2025\/02\/12\/clima-quente-favorito-no-carioca-e-contratacoes-em-2025-as-ultimas-noticias-do-vasco\/#primaryimage\"},\"image\":{\"@id\":\"https:\/\/www.gaveanews.com\/index.php\/2025\/02\/12\/clima-quente-favorito-no-carioca-e-contratacoes-em-2025-as-ultimas-noticias-do-vasco\/#primaryimage\"},\"thumbnailUrl\":\"https:\/\/www.gaveanews.com\/wp-content\/uploads\/Bandeira-do-Vasco-da-Gama.webp\",\"datePublished\":\"2025-02-12T09:35:00+00:00\",\"author\":{\"@id\":\"https:\/\/www.gaveanews.com\/#\/schema\/person\/8207cd4627f56151707418bfc835b2fb\"},\"breadcrumb\":{\"@id\":\"https:\/\/www.gaveanews.com\/index.php\/2025\/02\/12\/clima-quente-favorito-no-carioca-e-contratacoes-em-2025-as-ultimas-noticias-do-vasco\/#breadcrumb\"},\"inLanguage\":\"pt-BR\",\"potentialAction\":[{\"@type\":\"ReadAction\",\"target\":[\"https:\/\/www.gaveanews.com\/index.php\/2025\/02\/12\/clima-quente-favorito-no-carioca-e-contratacoes-em-2025-as-ultimas-noticias-do-vasco\/\"]}]},{\"@type\":\"ImageObject\",\"inLanguage\":\"pt-BR\",\"@id\":\"https:\/\/www.gaveanews.com\/index.php\/2025\/02\/12\/clima-quente-favorito-no-carioca-e-contratacoes-em-2025-as-ultimas-noticias-do-vasco\/#primaryimage\",\"url\":\"https:\/\/www.gaveanews.com\/wp-content\/uploads\/Bandeira-do-Vasco-da-Gama.webp\",\"contentUrl\":\"https:\/\/www.gaveanews.com\/wp-content\/uploads\/Bandeira-do-Vasco-da-Gama.webp\",\"width\":1159,\"height\":772,\"caption\":\"Bandeira do Vasco da Gama (Foto: Reprodu\u00e7\u00e3o\/Vasco)\"},{\"@type\":\"BreadcrumbList\",\"@id\":\"https:\/\/www.gaveanews.com\/index.php\/2025\/02\/12\/clima-quente-favorito-no-carioca-e-contratacoes-em-2025-as-ultimas-noticias-do-vasco\/#breadcrumb\",\"itemListElement\":[{\"@type\":\"ListItem\",\"position\":1,\"name\":\"Home\",\"item\":\"https:\/\/www.gaveanews.com\/\"},{\"@type\":\"ListItem\",\"position\":2,\"name\":\"Clima quente, favorito no Carioca e contrata\u00e7\u00f5es em 2025: as \u00faltimas not\u00edcias do Vasco\"}]},{\"@type\":\"WebSite\",\"@id\":\"https:\/\/www.gaveanews.com\/#website\",\"url\":\"https:\/\/www.gaveanews.com\/\",\"name\":\"G\u00e1vea News\",\"description\":\"Veja todas as not\u00edcias sobre o Flamengo: Contrata\u00e7\u00f5es, categorias de base, resultados das partidas, tabela de classifica\u00e7\u00e3o, pr\u00f3ximos jogos!\",\"potentialAction\":[{\"@type\":\"SearchAction\",\"target\":{\"@type\":\"EntryPoint\",\"urlTemplate\":\"https:\/\/www.gaveanews.com\/?s={search_term_string}\"},\"query-input\":{\"@type\":\"PropertyValueSpecification\",\"valueRequired\":true,\"valueName\":\"search_term_string\"}}],\"inLanguage\":\"pt-BR\"},{\"@type\":\"Person\",\"@id\":\"https:\/\/www.gaveanews.com\/#\/schema\/person\/8207cd4627f56151707418bfc835b2fb\",\"name\":\"Matheus Felipe\",\"image\":{\"@type\":\"ImageObject\",\"inLanguage\":\"pt-BR\",\"@id\":\"https:\/\/www.gaveanews.com\/#\/schema\/person\/image\/\",\"url\":\"https:\/\/secure.gravatar.com\/avatar\/a452ffbed9130f726358b298bb3a99ce4bd3c5338411f8440e87e14d74c7c087?s=96&d=mm&r=g\",\"contentUrl\":\"https:\/\/secure.gravatar.com\/avatar\/a452ffbed9130f726358b298bb3a99ce4bd3c5338411f8440e87e14d74c7c087?s=96&d=mm&r=g\",\"caption\":\"Matheus Felipe\"}}]}<\/script>\n<!-- \/ Yoast SEO Premium plugin. -->","yoast_head_json":{"title":"Clima quente, favorito no Carioca e contrata\u00e7\u00f5es em 2025: as \u00faltimas not\u00edcias do Vasco","robots":{"index":"index","follow":"follow","max-snippet":"max-snippet:-1","max-image-preview":"max-image-preview:large","max-video-preview":"max-video-preview:-1"},"canonical":"https:\/\/www.gaveanews.com\/index.php\/2025\/02\/12\/clima-quente-favorito-no-carioca-e-contratacoes-em-2025-as-ultimas-noticias-do-vasco\/","og_locale":"pt_BR","og_type":"article","og_title":"Clima quente, favorito no Carioca e contrata\u00e7\u00f5es em 2025: as \u00faltimas not\u00edcias do Vasco","og_description":"Nas \u00faltimas horas, o foco das not\u00edcias sobre o Vasco se concentram nos bastidores do clube, com destaques do dia a dia do time. Por conta deste contexto, leia abaixo um resumo preparado pela equipe do portal G\u00e1vea News para lhe manter muito bem informado! Contrata\u00e7\u00f5es em 2025 O mercado de transfer\u00eancias do Brasileir\u00e3o S\u00e9rie [&hellip;]","og_url":"https:\/\/www.gaveanews.com\/index.php\/2025\/02\/12\/clima-quente-favorito-no-carioca-e-contratacoes-em-2025-as-ultimas-noticias-do-vasco\/","og_site_name":"G\u00e1vea News","article_publisher":"https:\/\/facebook.com\/gaveaNews\/","article_published_time":"2025-02-12T09:35:00+00:00","og_image":[{"width":1159,"height":772,"url":"https:\/\/www.gaveanews.com\/wp-content\/uploads\/Bandeira-do-Vasco-da-Gama.webp","type":"image\/webp"}],"author":"Matheus Felipe","twitter_card":"summary_large_image","twitter_misc":{"Escrito por":"Matheus Felipe","Est. tempo de leitura":"5 minutos"},"schema":{"@context":"https:\/\/schema.org","@graph":[{"@type":"NewsArticle","@id":"https:\/\/www.gaveanews.com\/index.php\/2025\/02\/12\/clima-quente-favorito-no-carioca-e-contratacoes-em-2025-as-ultimas-noticias-do-vasco\/#article","isPartOf":{"@id":"https:\/\/www.gaveanews.com\/index.php\/2025\/02\/12\/clima-quente-favorito-no-carioca-e-contratacoes-em-2025-as-ultimas-noticias-do-vasco\/"},"author":{"name":"Matheus Felipe","@id":"https:\/\/www.gaveanews.com\/#\/schema\/person\/8207cd4627f56151707418bfc835b2fb"},"headline":"Clima quente, favorito no Carioca e contrata\u00e7\u00f5es em 2025: as \u00faltimas not\u00edcias do Vasco","datePublished":"2025-02-12T09:35:00+00:00","mainEntityOfPage":{"@id":"https:\/\/www.gaveanews.com\/index.php\/2025\/02\/12\/clima-quente-favorito-no-carioca-e-contratacoes-em-2025-as-ultimas-noticias-do-vasco\/"},"wordCount":740,"commentCount":0,"image":{"@id":"https:\/\/www.gaveanews.com\/index.php\/2025\/02\/12\/clima-quente-favorito-no-carioca-e-contratacoes-em-2025-as-ultimas-noticias-do-vasco\/#primaryimage"},"thumbnailUrl":"https:\/\/www.gaveanews.com\/wp-content\/uploads\/Bandeira-do-Vasco-da-Gama.webp","articleSection":["Vasco"],"inLanguage":"pt-BR","potentialAction":[{"@type":"CommentAction","name":"Comment","target":["https:\/\/www.gaveanews.com\/index.php\/2025\/02\/12\/clima-quente-favorito-no-carioca-e-contratacoes-em-2025-as-ultimas-noticias-do-vasco\/#respond"]}],"copyrightYear":"2025","copyrightHolder":{"@id":"https:\/\/www.gaveanews.com\/#organization"}},{"@type":"WebPage","@id":"https:\/\/www.gaveanews.com\/index.php\/2025\/02\/12\/clima-quente-favorito-no-carioca-e-contratacoes-em-2025-as-ultimas-noticias-do-vasco\/","url":"https:\/\/www.gaveanews.com\/index.php\/2025\/02\/12\/clima-quente-favorito-no-carioca-e-contratacoes-em-2025-as-ultimas-noticias-do-vasco\/","name":"Clima quente, favorito no Carioca e contrata\u00e7\u00f5es em 2025: as \u00faltimas not\u00edcias do Vasco","isPartOf":{"@id":"https:\/\/www.gaveanews.com\/#website"},"primaryImageOfPage":{"@id":"https:\/\/www.gaveanews.com\/index.php\/2025\/02\/12\/clima-quente-favorito-no-carioca-e-contratacoes-em-2025-as-ultimas-noticias-do-vasco\/#primaryimage"},"image":{"@id":"https:\/\/www.gaveanews.com\/index.php\/2025\/02\/12\/clima-quente-favorito-no-carioca-e-contratacoes-em-2025-as-ultimas-noticias-do-vasco\/#primaryimage"},"thumbnailUrl":"https:\/\/www.gaveanews.com\/wp-content\/uploads\/Bandeira-do-Vasco-da-Gama.webp","datePublished":"2025-02-12T09:35:00+00:00","author":{"@id":"https:\/\/www.gaveanews.com\/#\/schema\/person\/8207cd4627f56151707418bfc835b2fb"},"breadcrumb":{"@id":"https:\/\/www.gaveanews.com\/index.php\/2025\/02\/12\/clima-quente-favorito-no-carioca-e-contratacoes-em-2025-as-ultimas-noticias-do-vasco\/#breadcrumb"},"inLanguage":"pt-BR","potentialAction":[{"@type":"ReadAction","target":["https:\/\/www.gaveanews.com\/index.php\/2025\/02\/12\/clima-quente-favorito-no-carioca-e-contratacoes-em-2025-as-ultimas-noticias-do-vasco\/"]}]},{"@type":"ImageObject","inLanguage":"pt-BR","@id":"https:\/\/www.gaveanews.com\/index.php\/2025\/02\/12\/clima-quente-favorito-no-carioca-e-contratacoes-em-2025-as-ultimas-noticias-do-vasco\/#primaryimage","url":"https:\/\/www.gaveanews.com\/wp-content\/uploads\/Bandeira-do-Vasco-da-Gama.webp","contentUrl":"https:\/\/www.gaveanews.com\/wp-content\/uploads\/Bandeira-do-Vasco-da-Gama.webp","width":1159,"height":772,"caption":"Bandeira do Vasco da Gama (Foto: Reprodu\u00e7\u00e3o\/Vasco)"},{"@type":"BreadcrumbList","@id":"https:\/\/www.gaveanews.com\/index.php\/2025\/02\/12\/clima-quente-favorito-no-carioca-e-contratacoes-em-2025-as-ultimas-noticias-do-vasco\/#breadcrumb","itemListElement":[{"@type":"ListItem","position":1,"name":"Home","item":"https:\/\/www.gaveanews.com\/"},{"@type":"ListItem","position":2,"name":"Clima quente, favorito no Carioca e contrata\u00e7\u00f5es em 2025: as \u00faltimas not\u00edcias do Vasco"}]},{"@type":"WebSite","@id":"https:\/\/www.gaveanews.com\/#website","url":"https:\/\/www.gaveanews.com\/","name":"G\u00e1vea News","description":"Veja todas as not\u00edcias sobre o Flamengo: Contrata\u00e7\u00f5es, categorias de base, resultados das partidas, tabela de classifica\u00e7\u00e3o, pr\u00f3ximos jogos!","potentialAction":[{"@type":"SearchAction","target":{"@type":"EntryPoint","urlTemplate":"https:\/\/www.gaveanews.com\/?s={search_term_string}"},"query-input":{"@type":"PropertyValueSpecification","valueRequired":true,"valueName":"search_term_string"}}],"inLanguage":"pt-BR"},{"@type":"Person","@id":"https:\/\/www.gaveanews.com\/#\/schema\/person\/8207cd4627f56151707418bfc835b2fb","name":"Matheus Felipe","image":{"@type":"ImageObject","inLanguage":"pt-BR","@id":"https:\/\/www.gaveanews.com\/#\/schema\/person\/image\/","url":"https:\/\/secure.gravatar.com\/avatar\/a452ffbed9130f726358b298bb3a99ce4bd3c5338411f8440e87e14d74c7c087?s=96&d=mm&r=g","contentUrl":"https:\/\/secure.gravatar.com\/avatar\/a452ffbed9130f726358b298bb3a99ce4bd3c5338411f8440e87e14d74c7c087?s=96&d=mm&r=g","caption":"Matheus Felipe"}}]}},"_links":{"self":[{"href":"https:\/\/www.gaveanews.com\/index.php\/wp-json\/wp\/v2\/posts\/226621","targetHints":{"allow":["GET"]}}],"collection":[{"href":"https:\/\/www.gaveanews.com\/index.php\/wp-json\/wp\/v2\/posts"}],"about":[{"href":"https:\/\/www.gaveanews.com\/index.php\/wp-json\/wp\/v2\/types\/post"}],"author":[{"embeddable":true,"href":"https:\/\/www.gaveanews.com\/index.php\/wp-json\/wp\/v2\/users\/27"}],"replies":[{"embeddable":true,"href":"https:\/\/www.gaveanews.com\/index.php\/wp-json\/wp\/v2\/comments?post=226621"}],"version-history":[{"count":1,"href":"https:\/\/www.gaveanews.com\/index.php\/wp-json\/wp\/v2\/posts\/226621\/revisions"}],"predecessor-version":[{"id":226623,"href":"https:\/\/www.gaveanews.com\/index.php\/wp-json\/wp\/v2\/posts\/226621\/revisions\/226623"}],"wp:featuredmedia":[{"embeddable":true,"href":"https:\/\/www.gaveanews.com\/index.php\/wp-json\/wp\/v2\/media\/152090"}],"wp:attachment":[{"href":"https:\/\/www.gaveanews.com\/index.php\/wp-json\/wp\/v2\/media?parent=226621"}],"wp:term":[{"taxonomy":"category","embeddable":true,"href":"https:\/\/www.gaveanews.com\/index.php\/wp-json\/wp\/v2\/categories?post=226621"},{"taxonomy":"post_tag","embeddable":true,"href":"https:\/\/www.gaveanews.com\/index.php\/wp-json\/wp\/v2\/tags?post=226621"}],"curies":[{"name":"wp","href":"https:\/\/api.w.org\/{rel}","templated":true}]}}