{"id":226624,"date":"2025-02-12T07:35:00","date_gmt":"2025-02-12T10:35:00","guid":{"rendered":"https:\/\/www.gaveanews.com\/?p=226624"},"modified":"2025-02-12T02:59:48","modified_gmt":"2025-02-12T05:59:48","slug":"mudanca-no-classico-conheca-benjamin-garre-e-negociacoes-da-serie-a-as-ultimas-noticias-do-vasco","status":"publish","type":"post","link":"https:\/\/www.gaveanews.com\/index.php\/2025\/02\/12\/mudanca-no-classico-conheca-benjamin-garre-e-negociacoes-da-serie-a-as-ultimas-noticias-do-vasco\/","title":{"rendered":"Mudan\u00e7a no cl\u00e1ssico, conhe\u00e7a Benjamin Garr\u00e9 e negocia\u00e7\u00f5es da s\u00e9rie A: as \u00faltimas not\u00edcias do Vasco"},"content":{"rendered":"\n<p>Nas \u00faltimas horas, o foco das not\u00edcias sobre o Vasco se concentram nos bastidores do clube, com destaques do dia a dia do time.<\/p>\n\n\n\n<p>Por conta deste contexto, leia abaixo um resumo preparado pela equipe do portal G\u00e1vea News para lhe manter muito bem informado!<\/p>\n\n\n\n<h2 class=\"wp-block-heading\" id=\"h-negociacoes-da-serie-a\">Negocia\u00e7\u00f5es da s\u00e9rie A<\/h2>\n\n\n\n<p>O mercado do Brasileir\u00e3o S\u00e9rie A 2025 continua movimentado, com diversas contrata\u00e7\u00f5es refor\u00e7ando os elencos dos clubes. O Palmeiras trouxe Facundo Torres, ex-Orlando City, por R$ 71,9 milh\u00f5es, visando fortalecer seu ataque. J\u00e1 o S\u00e3o Paulo garantiu a chegada do lateral-esquerdo Wendell, ex-Porto, para suprir uma car\u00eancia no setor defensivo. O Vasco tamb\u00e9m fez mudan\u00e7as na defesa, contratando Lucas Oliveira ap\u00f3s sua rescis\u00e3o com o Cruzeiro<strong><a href=\"https:\/\/www.gaveanews.com\/index.php\/2025\/02\/11\/facundo-torres-lucas-braga-gustavo-maia-carlos-alberto-wendell-alan-empereur-vitor-pernambucano-adriano-martins-eder-lucas-oliveira-e-pablo-as-contratacoes-do-brasileirao-serie-a-2025\/\"> (leia a mat\u00e9ria completa).<\/a><\/strong><\/p>\n\n\n\n<figure class=\"wp-block-image size-full\"><img loading=\"lazy\" decoding=\"async\" width=\"1024\" height=\"562\" src=\"http:\/\/www.gaveanews.com\/wp-content\/uploads\/Pedrinho-presidente-do-Vasco.webp\" alt=\"\" class=\"wp-image-146559\" srcset=\"https:\/\/www.gaveanews.com\/wp-content\/uploads\/Pedrinho-presidente-do-Vasco.webp 1024w, https:\/\/www.gaveanews.com\/wp-content\/uploads\/Pedrinho-presidente-do-Vasco-300x165.webp 300w, https:\/\/www.gaveanews.com\/wp-content\/uploads\/Pedrinho-presidente-do-Vasco-768x422.webp 768w, https:\/\/www.gaveanews.com\/wp-content\/uploads\/Pedrinho-presidente-do-Vasco-765x420.webp 765w, https:\/\/www.gaveanews.com\/wp-content\/uploads\/Pedrinho-presidente-do-Vasco-640x350.webp 640w, https:\/\/www.gaveanews.com\/wp-content\/uploads\/Pedrinho-presidente-do-Vasco-681x374.webp 681w, https:\/\/www.gaveanews.com\/wp-content\/uploads\/Pedrinho-presidente-do-Vasco-1022x562.webp 1022w, https:\/\/www.gaveanews.com\/wp-content\/uploads\/Pedrinho-presidente-do-Vasco-100x55.webp 100w\" sizes=\"auto, (max-width: 1024px) 100vw, 1024px\" \/><figcaption class=\"wp-element-caption\">Pedrinho, presidente do Vasco (Foto: Reprodu\u00e7\u00e3o\/Vasco TV)<\/figcaption><\/figure>\n\n\n\n<p>Outras movimenta\u00e7\u00f5es incluem Lucas Braga, que trocou o Santos pelo Vit\u00f3ria, e Gustavo Maia, que acertou com o Sport ap\u00f3s passagem pelo N\u00e1utico. <\/p>\n\n\n\n<p>O Cear\u00e1 contratou o zagueiro \u00c9der e o Mirassol trouxe Alan Empereur para refor\u00e7ar sua defesa. O Sport ainda fechou com Carlos Alberto, ex-Botafogo, em uma transfer\u00eancia de R$ 15 milh\u00f5es.<\/p>\n\n\n\n<p>Com o in\u00edcio antecipado do Brasileir\u00e3o, os clubes seguem ajustando seus elencos para a temporada. A expectativa \u00e9 que essas contrata\u00e7\u00f5es elevem o n\u00edvel da competi\u00e7\u00e3o, tornando a disputa ainda mais acirrada.<\/p>\n\n\n\n<h2 class=\"wp-block-heading\" id=\"h-conheca-benjamin-garre\">Conhe\u00e7a Benjamin Garr\u00e9<\/h2>\n\n\n\n<p>O Vasco est\u00e1 interessado na contrata\u00e7\u00e3o do atacante argentino Benjam\u00edn Garr\u00e9, de 24 anos, atualmente no Krylya Sovetov, da R\u00fassia. O clube j\u00e1 havia sondado o jogador na temporada passada e agora v\u00ea uma nova oportunidade de traz\u00ea-lo, especialmente devido ao seu hist\u00f3rico recente de les\u00f5es, que pode facilitar a negocia\u00e7\u00e3o. Canhoto e vers\u00e1til, Garr\u00e9 pode atuar em ambos os lados do campo e seria uma pe\u00e7a importante para suprir a car\u00eancia de pontas no elenco cruzmaltino<strong><a href=\"https:\/\/www.gaveanews.com\/index.php\/2025\/02\/10\/conheca-benjamin-garre-atacante-alvo-do-vasco\/\"> (leia a mat\u00e9ria completa).<\/a><\/strong><\/p>\n\n\n\n<figure class=\"wp-block-image size-large\"><img loading=\"lazy\" decoding=\"async\" width=\"1024\" height=\"683\" src=\"http:\/\/www.gaveanews.com\/wp-content\/uploads\/Jogadores-do-Vasco-durante-partida-contra-o-Atletico-GO-pela-Copa-do-Brasil-2024-1024x683.webp\" alt=\"\" class=\"wp-image-157096\" srcset=\"https:\/\/www.gaveanews.com\/wp-content\/uploads\/Jogadores-do-Vasco-durante-partida-contra-o-Atletico-GO-pela-Copa-do-Brasil-2024-1024x683.webp 1024w, https:\/\/www.gaveanews.com\/wp-content\/uploads\/Jogadores-do-Vasco-durante-partida-contra-o-Atletico-GO-pela-Copa-do-Brasil-2024-300x200.webp 300w, https:\/\/www.gaveanews.com\/wp-content\/uploads\/Jogadores-do-Vasco-durante-partida-contra-o-Atletico-GO-pela-Copa-do-Brasil-2024-768x512.webp 768w, https:\/\/www.gaveanews.com\/wp-content\/uploads\/Jogadores-do-Vasco-durante-partida-contra-o-Atletico-GO-pela-Copa-do-Brasil-2024-630x420.webp 630w, https:\/\/www.gaveanews.com\/wp-content\/uploads\/Jogadores-do-Vasco-durante-partida-contra-o-Atletico-GO-pela-Copa-do-Brasil-2024-1260x840.webp 1260w, https:\/\/www.gaveanews.com\/wp-content\/uploads\/Jogadores-do-Vasco-durante-partida-contra-o-Atletico-GO-pela-Copa-do-Brasil-2024-640x427.webp 640w, https:\/\/www.gaveanews.com\/wp-content\/uploads\/Jogadores-do-Vasco-durante-partida-contra-o-Atletico-GO-pela-Copa-do-Brasil-2024-1280x853.webp 1280w, https:\/\/www.gaveanews.com\/wp-content\/uploads\/Jogadores-do-Vasco-durante-partida-contra-o-Atletico-GO-pela-Copa-do-Brasil-2024-681x454.webp 681w, https:\/\/www.gaveanews.com\/wp-content\/uploads\/Jogadores-do-Vasco-durante-partida-contra-o-Atletico-GO-pela-Copa-do-Brasil-2024-1362x908.webp 1362w, https:\/\/www.gaveanews.com\/wp-content\/uploads\/Jogadores-do-Vasco-durante-partida-contra-o-Atletico-GO-pela-Copa-do-Brasil-2024-100x67.webp 100w, https:\/\/www.gaveanews.com\/wp-content\/uploads\/Jogadores-do-Vasco-durante-partida-contra-o-Atletico-GO-pela-Copa-do-Brasil-2024.webp 1440w\" sizes=\"auto, (max-width: 1024px) 100vw, 1024px\" \/><figcaption class=\"wp-element-caption\">Jogadores do Vasco durante partida contra o Atletico-GO pela Copa do Brasil 2024 (Foto: Reprodu\u00e7\u00e3o\/Instagram)<\/figcaption><\/figure>\n\n\n\n<p>Formado nas categorias de base do V\u00e9lez Sarsfield e do Manchester City, Garr\u00e9 teve destaque na UEFA Youth League antes de seguir para o Racing Club, onde iniciou sua carreira profissional. Ap\u00f3s passagens pelo Hurac\u00e1n e pelo futebol russo, soma 116 partidas na carreira, com 20 gols e sete assist\u00eancias. Sua melhor fase foi no Racing, onde marcou seu primeiro gol como profissional na Copa Libertadores contra o Alianza Lima.<\/p>\n\n\n\n<p>A diretoria do Vasco segue avaliando a viabilidade da contrata\u00e7\u00e3o, levando em conta tanto o potencial t\u00e9cnico do jogador quanto seu hist\u00f3rico f\u00edsico. Caso a negocia\u00e7\u00e3o avance, Garr\u00e9 pode ser um refor\u00e7o importante para a sequ\u00eancia da temporada, trazendo velocidade e criatividade ao ataque vasca\u00edno.<\/p>\n\n\n\n<h2 class=\"wp-block-heading\" id=\"h-mudanca-no-classico\">Mudan\u00e7a no cl\u00e1ssico<\/h2>\n\n\n\n<p>O Vasco empatou em 0 a 0 com o Sampaio Corr\u00eaa pela nona rodada do Campeonato Carioca, resultado que gerou vaias da torcida e um clima tenso no vesti\u00e1rio. Ap\u00f3s a partida, o t\u00e9cnico F\u00e1bio Carille admitiu que o elenco ficou indignado com o trope\u00e7o, mas destacou que o foco j\u00e1 est\u00e1 no pr\u00f3ximo jogo, o cl\u00e1ssico contra o Flamengo <strong><a href=\"https:\/\/www.gaveanews.com\/index.php\/2025\/02\/10\/flamengo-x-vasco-lucas-pedrosa-detona-mudanca-no-classico\/\">(leia a mat\u00e9ria completa).<\/a><\/strong><\/p>\n\n\n\n<figure class=\"wp-block-image size-full\"><img loading=\"lazy\" decoding=\"async\" width=\"984\" height=\"1230\" src=\"http:\/\/www.gaveanews.com\/wp-content\/uploads\/Fabricio-Bruno-e-Pablo-Vegetti-durante-o-classico-entre-Vasco-e-Flamengo-no-estadio-do-Maracana.avif\" alt=\"\" class=\"wp-image-146080\"\/><figcaption class=\"wp-element-caption\">Fabr\u00edcio Bruno e Pablo Vegetti durante o cl\u00e1ssico entre Vasco e Flamengo no est\u00e1dio do Maracan\u00e3 (Foto: Paula Reis\/Flamengo)<\/figcaption><\/figure>\n\n\n\n<p>A equipe cruzmaltina teve dificuldades na cria\u00e7\u00e3o e sentiu a aus\u00eancia de jogadores importantes, como Philippe Coutinho e Paulinho. Al\u00e9m disso, Carille justificou a escolha por um esquema com tr\u00eas volantes, explicando que essa estrat\u00e9gia tem sido utilizada desde o in\u00edcio de seu trabalho para preencher o campo advers\u00e1rio e dar suporte a Payet e Vegetti.<\/p>\n\n\n\n<p>Apesar do empate, o Vasco segue na terceira posi\u00e7\u00e3o da tabela, dentro da zona de classifica\u00e7\u00e3o para o mata-mata, com 14 pontos. O time agora se prepara para enfrentar o Flamengo no s\u00e1bado (15), em um confronto que pode ser decisivo para as pretens\u00f5es do clube no estadual.<\/p>\n","protected":false},"excerpt":{"rendered":"<p>Nas \u00faltimas horas, o foco das not\u00edcias sobre o Vasco se concentram nos bastidores do clube, com destaques do dia a dia do time. Por conta deste contexto, leia abaixo um resumo preparado pela equipe do portal G\u00e1vea News para lhe manter muito bem informado! Negocia\u00e7\u00f5es da s\u00e9rie A O mercado do Brasileir\u00e3o S\u00e9rie A [&hellip;]<\/p>\n","protected":false},"author":27,"featured_media":147443,"comment_status":"open","ping_status":"closed","sticky":false,"template":"","format":"standard","meta":{"footnotes":""},"categories":[152],"tags":[],"class_list":["post-226624","post","type-post","status-publish","format-standard","has-post-thumbnail","hentry","category-vasco"],"yoast_head":"<!-- This site is optimized with the Yoast SEO Premium plugin v24.2 (Yoast SEO v26.9) - https:\/\/yoast.com\/product\/yoast-seo-premium-wordpress\/ -->\n<title>Mudan\u00e7a no cl\u00e1ssico, conhe\u00e7a Benjamin Garr\u00e9 e negocia\u00e7\u00f5es da s\u00e9rie A: as \u00faltimas not\u00edcias do Vasco<\/title>\n<meta name=\"robots\" content=\"index, follow, max-snippet:-1, max-image-preview:large, max-video-preview:-1\" \/>\n<link rel=\"canonical\" href=\"https:\/\/www.gaveanews.com\/index.php\/2025\/02\/12\/mudanca-no-classico-conheca-benjamin-garre-e-negociacoes-da-serie-a-as-ultimas-noticias-do-vasco\/\" \/>\n<meta property=\"og:locale\" content=\"pt_BR\" \/>\n<meta property=\"og:type\" content=\"article\" \/>\n<meta property=\"og:title\" content=\"Mudan\u00e7a no cl\u00e1ssico, conhe\u00e7a Benjamin Garr\u00e9 e negocia\u00e7\u00f5es da s\u00e9rie A: as \u00faltimas not\u00edcias do Vasco\" \/>\n<meta property=\"og:description\" content=\"Nas \u00faltimas horas, o foco das not\u00edcias sobre o Vasco se concentram nos bastidores do clube, com destaques do dia a dia do time. Por conta deste contexto, leia abaixo um resumo preparado pela equipe do portal G\u00e1vea News para lhe manter muito bem informado! Negocia\u00e7\u00f5es da s\u00e9rie A O mercado do Brasileir\u00e3o S\u00e9rie A [&hellip;]\" \/>\n<meta property=\"og:url\" content=\"https:\/\/www.gaveanews.com\/index.php\/2025\/02\/12\/mudanca-no-classico-conheca-benjamin-garre-e-negociacoes-da-serie-a-as-ultimas-noticias-do-vasco\/\" \/>\n<meta property=\"og:site_name\" content=\"G\u00e1vea News\" \/>\n<meta property=\"article:publisher\" content=\"https:\/\/facebook.com\/gaveaNews\/\" \/>\n<meta property=\"article:published_time\" content=\"2025-02-12T10:35:00+00:00\" \/>\n<meta property=\"og:image\" content=\"https:\/\/www.gaveanews.com\/wp-content\/uploads\/Camisa-do-Vasco-da-Gama.webp\" \/>\n\t<meta property=\"og:image:width\" content=\"1440\" \/>\n\t<meta property=\"og:image:height\" content=\"960\" \/>\n\t<meta property=\"og:image:type\" content=\"image\/jpeg\" \/>\n<meta name=\"author\" content=\"Matheus Felipe\" \/>\n<meta name=\"twitter:card\" content=\"summary_large_image\" \/>\n<meta name=\"twitter:label1\" content=\"Escrito por\" \/>\n\t<meta name=\"twitter:data1\" content=\"Matheus Felipe\" \/>\n\t<meta name=\"twitter:label2\" content=\"Est. tempo de leitura\" \/>\n\t<meta name=\"twitter:data2\" content=\"5 minutos\" \/>\n<script type=\"application\/ld+json\" class=\"yoast-schema-graph\">{\"@context\":\"https:\/\/schema.org\",\"@graph\":[{\"@type\":\"NewsArticle\",\"@id\":\"https:\/\/www.gaveanews.com\/index.php\/2025\/02\/12\/mudanca-no-classico-conheca-benjamin-garre-e-negociacoes-da-serie-a-as-ultimas-noticias-do-vasco\/#article\",\"isPartOf\":{\"@id\":\"https:\/\/www.gaveanews.com\/index.php\/2025\/02\/12\/mudanca-no-classico-conheca-benjamin-garre-e-negociacoes-da-serie-a-as-ultimas-noticias-do-vasco\/\"},\"author\":{\"name\":\"Matheus Felipe\",\"@id\":\"https:\/\/www.gaveanews.com\/#\/schema\/person\/8207cd4627f56151707418bfc835b2fb\"},\"headline\":\"Mudan\u00e7a no cl\u00e1ssico, conhe\u00e7a Benjamin Garr\u00e9 e negocia\u00e7\u00f5es da s\u00e9rie A: as \u00faltimas not\u00edcias do Vasco\",\"datePublished\":\"2025-02-12T10:35:00+00:00\",\"mainEntityOfPage\":{\"@id\":\"https:\/\/www.gaveanews.com\/index.php\/2025\/02\/12\/mudanca-no-classico-conheca-benjamin-garre-e-negociacoes-da-serie-a-as-ultimas-noticias-do-vasco\/\"},\"wordCount\":708,\"commentCount\":0,\"image\":{\"@id\":\"https:\/\/www.gaveanews.com\/index.php\/2025\/02\/12\/mudanca-no-classico-conheca-benjamin-garre-e-negociacoes-da-serie-a-as-ultimas-noticias-do-vasco\/#primaryimage\"},\"thumbnailUrl\":\"https:\/\/www.gaveanews.com\/wp-content\/uploads\/Camisa-do-Vasco-da-Gama.webp\",\"articleSection\":[\"Vasco\"],\"inLanguage\":\"pt-BR\",\"potentialAction\":[{\"@type\":\"CommentAction\",\"name\":\"Comment\",\"target\":[\"https:\/\/www.gaveanews.com\/index.php\/2025\/02\/12\/mudanca-no-classico-conheca-benjamin-garre-e-negociacoes-da-serie-a-as-ultimas-noticias-do-vasco\/#respond\"]}],\"copyrightYear\":\"2025\",\"copyrightHolder\":{\"@id\":\"https:\/\/www.gaveanews.com\/#organization\"}},{\"@type\":\"WebPage\",\"@id\":\"https:\/\/www.gaveanews.com\/index.php\/2025\/02\/12\/mudanca-no-classico-conheca-benjamin-garre-e-negociacoes-da-serie-a-as-ultimas-noticias-do-vasco\/\",\"url\":\"https:\/\/www.gaveanews.com\/index.php\/2025\/02\/12\/mudanca-no-classico-conheca-benjamin-garre-e-negociacoes-da-serie-a-as-ultimas-noticias-do-vasco\/\",\"name\":\"Mudan\u00e7a no cl\u00e1ssico, conhe\u00e7a Benjamin Garr\u00e9 e negocia\u00e7\u00f5es da s\u00e9rie A: as \u00faltimas not\u00edcias do Vasco\",\"isPartOf\":{\"@id\":\"https:\/\/www.gaveanews.com\/#website\"},\"primaryImageOfPage\":{\"@id\":\"https:\/\/www.gaveanews.com\/index.php\/2025\/02\/12\/mudanca-no-classico-conheca-benjamin-garre-e-negociacoes-da-serie-a-as-ultimas-noticias-do-vasco\/#primaryimage\"},\"image\":{\"@id\":\"https:\/\/www.gaveanews.com\/index.php\/2025\/02\/12\/mudanca-no-classico-conheca-benjamin-garre-e-negociacoes-da-serie-a-as-ultimas-noticias-do-vasco\/#primaryimage\"},\"thumbnailUrl\":\"https:\/\/www.gaveanews.com\/wp-content\/uploads\/Camisa-do-Vasco-da-Gama.webp\",\"datePublished\":\"2025-02-12T10:35:00+00:00\",\"author\":{\"@id\":\"https:\/\/www.gaveanews.com\/#\/schema\/person\/8207cd4627f56151707418bfc835b2fb\"},\"breadcrumb\":{\"@id\":\"https:\/\/www.gaveanews.com\/index.php\/2025\/02\/12\/mudanca-no-classico-conheca-benjamin-garre-e-negociacoes-da-serie-a-as-ultimas-noticias-do-vasco\/#breadcrumb\"},\"inLanguage\":\"pt-BR\",\"potentialAction\":[{\"@type\":\"ReadAction\",\"target\":[\"https:\/\/www.gaveanews.com\/index.php\/2025\/02\/12\/mudanca-no-classico-conheca-benjamin-garre-e-negociacoes-da-serie-a-as-ultimas-noticias-do-vasco\/\"]}]},{\"@type\":\"ImageObject\",\"inLanguage\":\"pt-BR\",\"@id\":\"https:\/\/www.gaveanews.com\/index.php\/2025\/02\/12\/mudanca-no-classico-conheca-benjamin-garre-e-negociacoes-da-serie-a-as-ultimas-noticias-do-vasco\/#primaryimage\",\"url\":\"https:\/\/www.gaveanews.com\/wp-content\/uploads\/Camisa-do-Vasco-da-Gama.webp\",\"contentUrl\":\"https:\/\/www.gaveanews.com\/wp-content\/uploads\/Camisa-do-Vasco-da-Gama.webp\",\"width\":1440,\"height\":960,\"caption\":\"Camisa do Vasco da Gama (Foto: Reprodu\u00e7\u00e3o\/Instagram)\"},{\"@type\":\"BreadcrumbList\",\"@id\":\"https:\/\/www.gaveanews.com\/index.php\/2025\/02\/12\/mudanca-no-classico-conheca-benjamin-garre-e-negociacoes-da-serie-a-as-ultimas-noticias-do-vasco\/#breadcrumb\",\"itemListElement\":[{\"@type\":\"ListItem\",\"position\":1,\"name\":\"Home\",\"item\":\"https:\/\/www.gaveanews.com\/\"},{\"@type\":\"ListItem\",\"position\":2,\"name\":\"Mudan\u00e7a no cl\u00e1ssico, conhe\u00e7a Benjamin Garr\u00e9 e negocia\u00e7\u00f5es da s\u00e9rie A: as \u00faltimas not\u00edcias do Vasco\"}]},{\"@type\":\"WebSite\",\"@id\":\"https:\/\/www.gaveanews.com\/#website\",\"url\":\"https:\/\/www.gaveanews.com\/\",\"name\":\"G\u00e1vea News\",\"description\":\"Veja todas as not\u00edcias sobre o Flamengo: Contrata\u00e7\u00f5es, categorias de base, resultados das partidas, tabela de classifica\u00e7\u00e3o, pr\u00f3ximos jogos!\",\"potentialAction\":[{\"@type\":\"SearchAction\",\"target\":{\"@type\":\"EntryPoint\",\"urlTemplate\":\"https:\/\/www.gaveanews.com\/?s={search_term_string}\"},\"query-input\":{\"@type\":\"PropertyValueSpecification\",\"valueRequired\":true,\"valueName\":\"search_term_string\"}}],\"inLanguage\":\"pt-BR\"},{\"@type\":\"Person\",\"@id\":\"https:\/\/www.gaveanews.com\/#\/schema\/person\/8207cd4627f56151707418bfc835b2fb\",\"name\":\"Matheus Felipe\",\"image\":{\"@type\":\"ImageObject\",\"inLanguage\":\"pt-BR\",\"@id\":\"https:\/\/www.gaveanews.com\/#\/schema\/person\/image\/\",\"url\":\"https:\/\/secure.gravatar.com\/avatar\/a452ffbed9130f726358b298bb3a99ce4bd3c5338411f8440e87e14d74c7c087?s=96&d=mm&r=g\",\"contentUrl\":\"https:\/\/secure.gravatar.com\/avatar\/a452ffbed9130f726358b298bb3a99ce4bd3c5338411f8440e87e14d74c7c087?s=96&d=mm&r=g\",\"caption\":\"Matheus Felipe\"}}]}<\/script>\n<!-- \/ Yoast SEO Premium plugin. -->","yoast_head_json":{"title":"Mudan\u00e7a no cl\u00e1ssico, conhe\u00e7a Benjamin Garr\u00e9 e negocia\u00e7\u00f5es da s\u00e9rie A: as \u00faltimas not\u00edcias do Vasco","robots":{"index":"index","follow":"follow","max-snippet":"max-snippet:-1","max-image-preview":"max-image-preview:large","max-video-preview":"max-video-preview:-1"},"canonical":"https:\/\/www.gaveanews.com\/index.php\/2025\/02\/12\/mudanca-no-classico-conheca-benjamin-garre-e-negociacoes-da-serie-a-as-ultimas-noticias-do-vasco\/","og_locale":"pt_BR","og_type":"article","og_title":"Mudan\u00e7a no cl\u00e1ssico, conhe\u00e7a Benjamin Garr\u00e9 e negocia\u00e7\u00f5es da s\u00e9rie A: as \u00faltimas not\u00edcias do Vasco","og_description":"Nas \u00faltimas horas, o foco das not\u00edcias sobre o Vasco se concentram nos bastidores do clube, com destaques do dia a dia do time. Por conta deste contexto, leia abaixo um resumo preparado pela equipe do portal G\u00e1vea News para lhe manter muito bem informado! Negocia\u00e7\u00f5es da s\u00e9rie A O mercado do Brasileir\u00e3o S\u00e9rie A [&hellip;]","og_url":"https:\/\/www.gaveanews.com\/index.php\/2025\/02\/12\/mudanca-no-classico-conheca-benjamin-garre-e-negociacoes-da-serie-a-as-ultimas-noticias-do-vasco\/","og_site_name":"G\u00e1vea News","article_publisher":"https:\/\/facebook.com\/gaveaNews\/","article_published_time":"2025-02-12T10:35:00+00:00","og_image":[{"width":1440,"height":960,"url":"https:\/\/www.gaveanews.com\/wp-content\/uploads\/Camisa-do-Vasco-da-Gama.webp","type":"image\/jpeg"}],"author":"Matheus Felipe","twitter_card":"summary_large_image","twitter_misc":{"Escrito por":"Matheus Felipe","Est. tempo de leitura":"5 minutos"},"schema":{"@context":"https:\/\/schema.org","@graph":[{"@type":"NewsArticle","@id":"https:\/\/www.gaveanews.com\/index.php\/2025\/02\/12\/mudanca-no-classico-conheca-benjamin-garre-e-negociacoes-da-serie-a-as-ultimas-noticias-do-vasco\/#article","isPartOf":{"@id":"https:\/\/www.gaveanews.com\/index.php\/2025\/02\/12\/mudanca-no-classico-conheca-benjamin-garre-e-negociacoes-da-serie-a-as-ultimas-noticias-do-vasco\/"},"author":{"name":"Matheus Felipe","@id":"https:\/\/www.gaveanews.com\/#\/schema\/person\/8207cd4627f56151707418bfc835b2fb"},"headline":"Mudan\u00e7a no cl\u00e1ssico, conhe\u00e7a Benjamin Garr\u00e9 e negocia\u00e7\u00f5es da s\u00e9rie A: as \u00faltimas not\u00edcias do Vasco","datePublished":"2025-02-12T10:35:00+00:00","mainEntityOfPage":{"@id":"https:\/\/www.gaveanews.com\/index.php\/2025\/02\/12\/mudanca-no-classico-conheca-benjamin-garre-e-negociacoes-da-serie-a-as-ultimas-noticias-do-vasco\/"},"wordCount":708,"commentCount":0,"image":{"@id":"https:\/\/www.gaveanews.com\/index.php\/2025\/02\/12\/mudanca-no-classico-conheca-benjamin-garre-e-negociacoes-da-serie-a-as-ultimas-noticias-do-vasco\/#primaryimage"},"thumbnailUrl":"https:\/\/www.gaveanews.com\/wp-content\/uploads\/Camisa-do-Vasco-da-Gama.webp","articleSection":["Vasco"],"inLanguage":"pt-BR","potentialAction":[{"@type":"CommentAction","name":"Comment","target":["https:\/\/www.gaveanews.com\/index.php\/2025\/02\/12\/mudanca-no-classico-conheca-benjamin-garre-e-negociacoes-da-serie-a-as-ultimas-noticias-do-vasco\/#respond"]}],"copyrightYear":"2025","copyrightHolder":{"@id":"https:\/\/www.gaveanews.com\/#organization"}},{"@type":"WebPage","@id":"https:\/\/www.gaveanews.com\/index.php\/2025\/02\/12\/mudanca-no-classico-conheca-benjamin-garre-e-negociacoes-da-serie-a-as-ultimas-noticias-do-vasco\/","url":"https:\/\/www.gaveanews.com\/index.php\/2025\/02\/12\/mudanca-no-classico-conheca-benjamin-garre-e-negociacoes-da-serie-a-as-ultimas-noticias-do-vasco\/","name":"Mudan\u00e7a no cl\u00e1ssico, conhe\u00e7a Benjamin Garr\u00e9 e negocia\u00e7\u00f5es da s\u00e9rie A: as \u00faltimas not\u00edcias do Vasco","isPartOf":{"@id":"https:\/\/www.gaveanews.com\/#website"},"primaryImageOfPage":{"@id":"https:\/\/www.gaveanews.com\/index.php\/2025\/02\/12\/mudanca-no-classico-conheca-benjamin-garre-e-negociacoes-da-serie-a-as-ultimas-noticias-do-vasco\/#primaryimage"},"image":{"@id":"https:\/\/www.gaveanews.com\/index.php\/2025\/02\/12\/mudanca-no-classico-conheca-benjamin-garre-e-negociacoes-da-serie-a-as-ultimas-noticias-do-vasco\/#primaryimage"},"thumbnailUrl":"https:\/\/www.gaveanews.com\/wp-content\/uploads\/Camisa-do-Vasco-da-Gama.webp","datePublished":"2025-02-12T10:35:00+00:00","author":{"@id":"https:\/\/www.gaveanews.com\/#\/schema\/person\/8207cd4627f56151707418bfc835b2fb"},"breadcrumb":{"@id":"https:\/\/www.gaveanews.com\/index.php\/2025\/02\/12\/mudanca-no-classico-conheca-benjamin-garre-e-negociacoes-da-serie-a-as-ultimas-noticias-do-vasco\/#breadcrumb"},"inLanguage":"pt-BR","potentialAction":[{"@type":"ReadAction","target":["https:\/\/www.gaveanews.com\/index.php\/2025\/02\/12\/mudanca-no-classico-conheca-benjamin-garre-e-negociacoes-da-serie-a-as-ultimas-noticias-do-vasco\/"]}]},{"@type":"ImageObject","inLanguage":"pt-BR","@id":"https:\/\/www.gaveanews.com\/index.php\/2025\/02\/12\/mudanca-no-classico-conheca-benjamin-garre-e-negociacoes-da-serie-a-as-ultimas-noticias-do-vasco\/#primaryimage","url":"https:\/\/www.gaveanews.com\/wp-content\/uploads\/Camisa-do-Vasco-da-Gama.webp","contentUrl":"https:\/\/www.gaveanews.com\/wp-content\/uploads\/Camisa-do-Vasco-da-Gama.webp","width":1440,"height":960,"caption":"Camisa do Vasco da Gama (Foto: Reprodu\u00e7\u00e3o\/Instagram)"},{"@type":"BreadcrumbList","@id":"https:\/\/www.gaveanews.com\/index.php\/2025\/02\/12\/mudanca-no-classico-conheca-benjamin-garre-e-negociacoes-da-serie-a-as-ultimas-noticias-do-vasco\/#breadcrumb","itemListElement":[{"@type":"ListItem","position":1,"name":"Home","item":"https:\/\/www.gaveanews.com\/"},{"@type":"ListItem","position":2,"name":"Mudan\u00e7a no cl\u00e1ssico, conhe\u00e7a Benjamin Garr\u00e9 e negocia\u00e7\u00f5es da s\u00e9rie A: as \u00faltimas not\u00edcias do Vasco"}]},{"@type":"WebSite","@id":"https:\/\/www.gaveanews.com\/#website","url":"https:\/\/www.gaveanews.com\/","name":"G\u00e1vea News","description":"Veja todas as not\u00edcias sobre o Flamengo: Contrata\u00e7\u00f5es, categorias de base, resultados das partidas, tabela de classifica\u00e7\u00e3o, pr\u00f3ximos jogos!","potentialAction":[{"@type":"SearchAction","target":{"@type":"EntryPoint","urlTemplate":"https:\/\/www.gaveanews.com\/?s={search_term_string}"},"query-input":{"@type":"PropertyValueSpecification","valueRequired":true,"valueName":"search_term_string"}}],"inLanguage":"pt-BR"},{"@type":"Person","@id":"https:\/\/www.gaveanews.com\/#\/schema\/person\/8207cd4627f56151707418bfc835b2fb","name":"Matheus Felipe","image":{"@type":"ImageObject","inLanguage":"pt-BR","@id":"https:\/\/www.gaveanews.com\/#\/schema\/person\/image\/","url":"https:\/\/secure.gravatar.com\/avatar\/a452ffbed9130f726358b298bb3a99ce4bd3c5338411f8440e87e14d74c7c087?s=96&d=mm&r=g","contentUrl":"https:\/\/secure.gravatar.com\/avatar\/a452ffbed9130f726358b298bb3a99ce4bd3c5338411f8440e87e14d74c7c087?s=96&d=mm&r=g","caption":"Matheus Felipe"}}]}},"_links":{"self":[{"href":"https:\/\/www.gaveanews.com\/index.php\/wp-json\/wp\/v2\/posts\/226624","targetHints":{"allow":["GET"]}}],"collection":[{"href":"https:\/\/www.gaveanews.com\/index.php\/wp-json\/wp\/v2\/posts"}],"about":[{"href":"https:\/\/www.gaveanews.com\/index.php\/wp-json\/wp\/v2\/types\/post"}],"author":[{"embeddable":true,"href":"https:\/\/www.gaveanews.com\/index.php\/wp-json\/wp\/v2\/users\/27"}],"replies":[{"embeddable":true,"href":"https:\/\/www.gaveanews.com\/index.php\/wp-json\/wp\/v2\/comments?post=226624"}],"version-history":[{"count":1,"href":"https:\/\/www.gaveanews.com\/index.php\/wp-json\/wp\/v2\/posts\/226624\/revisions"}],"predecessor-version":[{"id":226627,"href":"https:\/\/www.gaveanews.com\/index.php\/wp-json\/wp\/v2\/posts\/226624\/revisions\/226627"}],"wp:featuredmedia":[{"embeddable":true,"href":"https:\/\/www.gaveanews.com\/index.php\/wp-json\/wp\/v2\/media\/147443"}],"wp:attachment":[{"href":"https:\/\/www.gaveanews.com\/index.php\/wp-json\/wp\/v2\/media?parent=226624"}],"wp:term":[{"taxonomy":"category","embeddable":true,"href":"https:\/\/www.gaveanews.com\/index.php\/wp-json\/wp\/v2\/categories?post=226624"},{"taxonomy":"post_tag","embeddable":true,"href":"https:\/\/www.gaveanews.com\/index.php\/wp-json\/wp\/v2\/tags?post=226624"}],"curies":[{"name":"wp","href":"https:\/\/api.w.org\/{rel}","templated":true}]}}