{"id":226633,"date":"2025-02-12T06:45:00","date_gmt":"2025-02-12T09:45:00","guid":{"rendered":"https:\/\/www.gaveanews.com\/?p=226633"},"modified":"2025-02-12T03:20:54","modified_gmt":"2025-02-12T06:20:54","slug":"declaracao-de-abel-braga-recado-de-filipe-luis-e-sormani-sobre-mano-menezes-as-ultimas-noticias-do-fluminense","status":"publish","type":"post","link":"https:\/\/www.gaveanews.com\/index.php\/2025\/02\/12\/declaracao-de-abel-braga-recado-de-filipe-luis-e-sormani-sobre-mano-menezes-as-ultimas-noticias-do-fluminense\/","title":{"rendered":"Declara\u00e7\u00e3o de Abel Braga, recado de Filipe Lu\u00eds e Sormani sobre Mano Menezes: as \u00faltimas not\u00edcias do Fluminense"},"content":{"rendered":"\n<p>Nas \u00faltimas horas, o foco das not\u00edcias sobre o Fluminense se concentram nos bastidores do clube, com destaques do dia a dia do time.<\/p>\n\n\n\n<p>Por conta deste contexto, leia abaixo um resumo preparado pela equipe do portal G\u00e1vea News para lhe manter muito bem informado!<\/p>\n\n\n\n<h2 class=\"wp-block-heading\" id=\"h-sormani-sobre-mano-menezes\">Sormani sobre Mano Menezes<\/h2>\n\n\n\n<p>O jornalista F\u00e1bio Sormani fez duras cr\u00edticas ao t\u00e9cnico Mano Menezes, destacando a press\u00e3o que o treinador enfrenta no Fluminense devido aos maus resultados no Campeonato Carioca. Apesar da recente vit\u00f3ria sobre o Vasco, o Tricolor segue mal posicionado na tabela, o que coloca a continuidade de Mano em risco. Sormani classificou a situa\u00e7\u00e3o como preocupante e ressaltou que \u00e9 um contraste gritante com o t\u00edtulo da Libertadores conquistado pelo clube h\u00e1 dois anos <strong><a href=\"https:\/\/www.gaveanews.com\/index.php\/2025\/02\/08\/sormani-e-sincero-sobre-mano-menezes-no-fluminense\/\">(leia a mat\u00e9ria completa).<\/a><\/strong><\/p>\n\n\n\n<figure class=\"wp-block-image size-full\"><img loading=\"lazy\" decoding=\"async\" width=\"799\" height=\"533\" src=\"http:\/\/www.gaveanews.com\/wp-content\/uploads\/Mano-Menezes-durante-Fluminense-x-Palmeiras-em-2024.webp\" alt=\"\" class=\"wp-image-154433\" srcset=\"https:\/\/www.gaveanews.com\/wp-content\/uploads\/Mano-Menezes-durante-Fluminense-x-Palmeiras-em-2024.webp 799w, https:\/\/www.gaveanews.com\/wp-content\/uploads\/Mano-Menezes-durante-Fluminense-x-Palmeiras-em-2024-300x200.webp 300w, https:\/\/www.gaveanews.com\/wp-content\/uploads\/Mano-Menezes-durante-Fluminense-x-Palmeiras-em-2024-768x512.webp 768w, https:\/\/www.gaveanews.com\/wp-content\/uploads\/Mano-Menezes-durante-Fluminense-x-Palmeiras-em-2024-630x420.webp 630w, https:\/\/www.gaveanews.com\/wp-content\/uploads\/Mano-Menezes-durante-Fluminense-x-Palmeiras-em-2024-640x427.webp 640w, https:\/\/www.gaveanews.com\/wp-content\/uploads\/Mano-Menezes-durante-Fluminense-x-Palmeiras-em-2024-681x454.webp 681w, https:\/\/www.gaveanews.com\/wp-content\/uploads\/Mano-Menezes-durante-Fluminense-x-Palmeiras-em-2024-100x67.webp 100w\" sizes=\"auto, (max-width: 799px) 100vw, 799px\" \/><figcaption class=\"wp-element-caption\">Mano Menezes durante Fluminense x Palmeiras em 2024 (Foto: Lucas Mer\u00e7on \/ Fluminense F.C)<\/figcaption><\/figure>\n\n\n\n<p>Al\u00e9m disso, o comentarista alertou para a possibilidade de um vexame no Super Mundial de Clubes da FIFA, que ser\u00e1 disputado em junho nos Estados Unidos. <\/p>\n\n\n\n<p>Segundo ele, o desempenho abaixo das expectativas do time n\u00e3o transmite seguran\u00e7a \u00e0 torcida de que o Fluminense poder\u00e1 competir de igual para igual contra advers\u00e1rios como Borussia Dortmund, Ulsan Hyundai e Mamelodi Sundowns, seus rivais na fase de grupos do torneio.<\/p>\n\n\n\n<p>A estreia do Fluminense no Mundial est\u00e1 marcada para o dia 17 de junho contra o Borussia Dortmund. Caso o desempenho da equipe n\u00e3o melhore nas pr\u00f3ximas semanas, Mano Menezes pode ter seu trabalho ainda mais contestado, aumentando a press\u00e3o sobre a diretoria para uma poss\u00edvel troca de comando antes da competi\u00e7\u00e3o internacional.<\/p>\n\n\n\n<h2 class=\"wp-block-heading\" id=\"h-recado-de-filipe-luis\">Recado de Filipe Lu\u00eds<\/h2>\n\n\n\n<p>O t\u00e9cnico do Flamengo, Filipe Lu\u00eds, relembrou os seis anos da trag\u00e9dia no Ninho do Urubu, destacando a import\u00e2ncia de manter viva a mem\u00f3ria dos jovens atletas que perderam a vida. Ap\u00f3s o empate sem gols no cl\u00e1ssico contra o Fluminense, ele afirmou que a data jamais deve ser esquecida e revelou ter conversado com os pais de dois dos garotos falecidos. Segundo Filipe Lu\u00eds, a conex\u00e3o com as fam\u00edlias das v\u00edtimas continua presente, e \u00e9 fundamental que o clube siga reconhecendo a import\u00e2ncia do epis\u00f3dio <strong><a href=\"https:\/\/www.gaveanews.com\/index.php\/2025\/02\/08\/flamengo-a-declaracao-de-filipe-luis-sobre-os-6-anos-da-tragedia-no-ninho-do-urubu\/\">(leia a mat\u00e9ria completa).<\/a><\/strong><\/p>\n\n\n\n<figure class=\"wp-block-image size-full\"><img loading=\"lazy\" decoding=\"async\" width=\"342\" height=\"338\" src=\"http:\/\/www.gaveanews.com\/wp-content\/uploads\/Filipe-Luis-durante-jogo-entre-o-Flamengo-x-Bahia.webp\" alt=\"\" class=\"wp-image-171957\" srcset=\"https:\/\/www.gaveanews.com\/wp-content\/uploads\/Filipe-Luis-durante-jogo-entre-o-Flamengo-x-Bahia.webp 342w, https:\/\/www.gaveanews.com\/wp-content\/uploads\/Filipe-Luis-durante-jogo-entre-o-Flamengo-x-Bahia-300x296.webp 300w, https:\/\/www.gaveanews.com\/wp-content\/uploads\/Filipe-Luis-durante-jogo-entre-o-Flamengo-x-Bahia-100x99.webp 100w\" sizes=\"auto, (max-width: 342px) 100vw, 342px\" \/><figcaption class=\"wp-element-caption\">Filipe Lu\u00eds durante jogo entre o Flamengo x Bahia (Foto: Gilvan de Souza\/CRF)<\/figcaption><\/figure>\n\n\n\n<p>A trag\u00e9dia ocorreu em 8 de fevereiro de 2019, quando um inc\u00eandio no alojamento das categorias de base do Flamengo resultou na morte de 10 jovens jogadores. O fogo come\u00e7ou devido a um problema no ar-condicionado de um dos quartos, e a estrutura inadequada dos containers facilitou a r\u00e1pida propaga\u00e7\u00e3o das chamas. Tr\u00eas atletas sobreviveram ao incidente, mas sofreram ferimentos.<\/p>\n\n\n\n<p>Filipe Lu\u00eds refor\u00e7ou que a torcida sempre lembra dos meninos e que essa \u00e9 uma forma de homenage\u00e1-los. Ele ressaltou que o Flamengo precisa continuar olhando para o futuro, mas sem deixar de reconhecer o passado e garantir que eventos como esse jamais se repitam.<\/p>\n\n\n\n<h2 class=\"wp-block-heading\" id=\"h-declaracao-de-abel-braga\">Declara\u00e7\u00e3o de Abel Braga<\/h2>\n\n\n\n<p>O t\u00e9cnico Abel Braga revelou que vencer o Flamengo sempre teve um sabor especial ao longo de sua carreira. Ele destacou que a rivalidade entre Flamengo e Fluminense cresceu nos \u00faltimos anos, deixando de ser apenas um cl\u00e1ssico \u201ccharmoso\u201d para se tornar uma disputa intensa. O ex-treinador do Tricolor afirmou que derrotar o Rubro-Negro \u00e9 algo \u201cimpactante\u201d e \u201csurreal\u201d, lembrando momentos marcantes em sua trajet\u00f3ria <strong><a href=\"https:\/\/www.gaveanews.com\/index.php\/2025\/02\/08\/abel-braga-revela-qual-time-mais-gosta-de-vencer\/\">(leia a mat\u00e9ria completa).<\/a><\/strong><\/p>\n\n\n\n<figure class=\"wp-block-image size-large\"><img loading=\"lazy\" decoding=\"async\" width=\"1024\" height=\"683\" src=\"http:\/\/www.gaveanews.com\/wp-content\/uploads\/tecnico-abel-braga-do-cruzeiro-1570566959650_v2_1920x1281-1024x683.webp\" alt=\"\" class=\"wp-image-33950\" srcset=\"https:\/\/www.gaveanews.com\/wp-content\/uploads\/tecnico-abel-braga-do-cruzeiro-1570566959650_v2_1920x1281-1024x683.webp 1024w, https:\/\/www.gaveanews.com\/wp-content\/uploads\/tecnico-abel-braga-do-cruzeiro-1570566959650_v2_1920x1281-300x200.webp 300w, https:\/\/www.gaveanews.com\/wp-content\/uploads\/tecnico-abel-braga-do-cruzeiro-1570566959650_v2_1920x1281-768x512.webp 768w, https:\/\/www.gaveanews.com\/wp-content\/uploads\/tecnico-abel-braga-do-cruzeiro-1570566959650_v2_1920x1281-1536x1025.webp 1536w, https:\/\/www.gaveanews.com\/wp-content\/uploads\/tecnico-abel-braga-do-cruzeiro-1570566959650_v2_1920x1281-630x420.webp 630w, https:\/\/www.gaveanews.com\/wp-content\/uploads\/tecnico-abel-braga-do-cruzeiro-1570566959650_v2_1920x1281-1259x840.webp 1259w, https:\/\/www.gaveanews.com\/wp-content\/uploads\/tecnico-abel-braga-do-cruzeiro-1570566959650_v2_1920x1281-640x427.webp 640w, https:\/\/www.gaveanews.com\/wp-content\/uploads\/tecnico-abel-braga-do-cruzeiro-1570566959650_v2_1920x1281-1280x854.webp 1280w, https:\/\/www.gaveanews.com\/wp-content\/uploads\/tecnico-abel-braga-do-cruzeiro-1570566959650_v2_1920x1281-681x454.webp 681w, https:\/\/www.gaveanews.com\/wp-content\/uploads\/tecnico-abel-braga-do-cruzeiro-1570566959650_v2_1920x1281-1362x909.webp 1362w, https:\/\/www.gaveanews.com\/wp-content\/uploads\/tecnico-abel-braga-do-cruzeiro-1570566959650_v2_1920x1281-100x67.webp 100w, https:\/\/www.gaveanews.com\/wp-content\/uploads\/tecnico-abel-braga-do-cruzeiro-1570566959650_v2_1920x1281.webp 1920w\" sizes=\"auto, (max-width: 1024px) 100vw, 1024px\" \/><\/figure>\n\n\n\n<p>Entre os confrontos mais importantes, Abel citou a final do Campeonato Carioca de 2022, quando comandou o Fluminense na vit\u00f3ria sobre o Flamengo para conquistar o t\u00edtulo estadual. Ele ressaltou que a equipe foi dominante na decis\u00e3o e que sua confian\u00e7a era t\u00e3o grande que prometeu ao presidente do clube, M\u00e1rio Bittencourt, que levaria o trof\u00e9u para as Laranjeiras.<\/p>\n\n\n\n<p>Apesar da forte rivalidade, Abel Braga fez quest\u00e3o de enfatizar que respeita o Flamengo e sua hist\u00f3ria. Ele esclareceu que nunca desmereceu o clube e que suas declara\u00e7\u00f5es refletem apenas o sentimento natural de um t\u00e9cnico que vive intensamente os cl\u00e1ssicos. Suas palavras refor\u00e7am como as grandes rivalidades do futebol brasileiro seguem despertando emo\u00e7\u00f5es dentro e fora de campo.<\/p>\n","protected":false},"excerpt":{"rendered":"<p>Nas \u00faltimas horas, o foco das not\u00edcias sobre o Fluminense se concentram nos bastidores do clube, com destaques do dia a dia do time. Por conta deste contexto, leia abaixo um resumo preparado pela equipe do portal G\u00e1vea News para lhe manter muito bem informado! Sormani sobre Mano Menezes O jornalista F\u00e1bio Sormani fez duras [&hellip;]<\/p>\n","protected":false},"author":27,"featured_media":155883,"comment_status":"open","ping_status":"closed","sticky":false,"template":"","format":"standard","meta":{"footnotes":""},"categories":[145],"tags":[],"class_list":["post-226633","post","type-post","status-publish","format-standard","has-post-thumbnail","hentry","category-fluminense"],"yoast_head":"<!-- This site is optimized with the Yoast SEO Premium plugin v24.2 (Yoast SEO v26.9) - https:\/\/yoast.com\/product\/yoast-seo-premium-wordpress\/ -->\n<title>Declara\u00e7\u00e3o de Abel Braga, recado de Filipe Lu\u00eds e Sormani sobre Mano Menezes: as \u00faltimas not\u00edcias do Fluminense<\/title>\n<meta name=\"robots\" content=\"index, follow, max-snippet:-1, max-image-preview:large, max-video-preview:-1\" \/>\n<link rel=\"canonical\" href=\"https:\/\/www.gaveanews.com\/index.php\/2025\/02\/12\/declaracao-de-abel-braga-recado-de-filipe-luis-e-sormani-sobre-mano-menezes-as-ultimas-noticias-do-fluminense\/\" \/>\n<meta property=\"og:locale\" content=\"pt_BR\" \/>\n<meta property=\"og:type\" content=\"article\" \/>\n<meta property=\"og:title\" content=\"Declara\u00e7\u00e3o de Abel Braga, recado de Filipe Lu\u00eds e Sormani sobre Mano Menezes: as \u00faltimas not\u00edcias do Fluminense\" \/>\n<meta property=\"og:description\" content=\"Nas \u00faltimas horas, o foco das not\u00edcias sobre o Fluminense se concentram nos bastidores do clube, com destaques do dia a dia do time. Por conta deste contexto, leia abaixo um resumo preparado pela equipe do portal G\u00e1vea News para lhe manter muito bem informado! Sormani sobre Mano Menezes O jornalista F\u00e1bio Sormani fez duras [&hellip;]\" \/>\n<meta property=\"og:url\" content=\"https:\/\/www.gaveanews.com\/index.php\/2025\/02\/12\/declaracao-de-abel-braga-recado-de-filipe-luis-e-sormani-sobre-mano-menezes-as-ultimas-noticias-do-fluminense\/\" \/>\n<meta property=\"og:site_name\" content=\"G\u00e1vea News\" \/>\n<meta property=\"article:publisher\" content=\"https:\/\/facebook.com\/gaveaNews\/\" \/>\n<meta property=\"article:published_time\" content=\"2025-02-12T09:45:00+00:00\" \/>\n<meta property=\"og:image\" content=\"https:\/\/www.gaveanews.com\/wp-content\/uploads\/Torcida-do-Fluminense-durante-partida-no-Maracana.webp\" \/>\n\t<meta property=\"og:image:width\" content=\"1236\" \/>\n\t<meta property=\"og:image:height\" content=\"1066\" \/>\n\t<meta property=\"og:image:type\" content=\"image\/jpeg\" \/>\n<meta name=\"author\" content=\"Matheus Felipe\" \/>\n<meta name=\"twitter:card\" content=\"summary_large_image\" \/>\n<meta name=\"twitter:label1\" content=\"Escrito por\" \/>\n\t<meta name=\"twitter:data1\" content=\"Matheus Felipe\" \/>\n\t<meta name=\"twitter:label2\" content=\"Est. tempo de leitura\" \/>\n\t<meta name=\"twitter:data2\" content=\"5 minutos\" \/>\n<script type=\"application\/ld+json\" class=\"yoast-schema-graph\">{\"@context\":\"https:\/\/schema.org\",\"@graph\":[{\"@type\":\"NewsArticle\",\"@id\":\"https:\/\/www.gaveanews.com\/index.php\/2025\/02\/12\/declaracao-de-abel-braga-recado-de-filipe-luis-e-sormani-sobre-mano-menezes-as-ultimas-noticias-do-fluminense\/#article\",\"isPartOf\":{\"@id\":\"https:\/\/www.gaveanews.com\/index.php\/2025\/02\/12\/declaracao-de-abel-braga-recado-de-filipe-luis-e-sormani-sobre-mano-menezes-as-ultimas-noticias-do-fluminense\/\"},\"author\":{\"name\":\"Matheus Felipe\",\"@id\":\"https:\/\/www.gaveanews.com\/#\/schema\/person\/8207cd4627f56151707418bfc835b2fb\"},\"headline\":\"Declara\u00e7\u00e3o de Abel Braga, recado de Filipe Lu\u00eds e Sormani sobre Mano Menezes: as \u00faltimas not\u00edcias do Fluminense\",\"datePublished\":\"2025-02-12T09:45:00+00:00\",\"mainEntityOfPage\":{\"@id\":\"https:\/\/www.gaveanews.com\/index.php\/2025\/02\/12\/declaracao-de-abel-braga-recado-de-filipe-luis-e-sormani-sobre-mano-menezes-as-ultimas-noticias-do-fluminense\/\"},\"wordCount\":740,\"commentCount\":0,\"image\":{\"@id\":\"https:\/\/www.gaveanews.com\/index.php\/2025\/02\/12\/declaracao-de-abel-braga-recado-de-filipe-luis-e-sormani-sobre-mano-menezes-as-ultimas-noticias-do-fluminense\/#primaryimage\"},\"thumbnailUrl\":\"https:\/\/www.gaveanews.com\/wp-content\/uploads\/Torcida-do-Fluminense-durante-partida-no-Maracana.webp\",\"articleSection\":[\"Fluminense\"],\"inLanguage\":\"pt-BR\",\"potentialAction\":[{\"@type\":\"CommentAction\",\"name\":\"Comment\",\"target\":[\"https:\/\/www.gaveanews.com\/index.php\/2025\/02\/12\/declaracao-de-abel-braga-recado-de-filipe-luis-e-sormani-sobre-mano-menezes-as-ultimas-noticias-do-fluminense\/#respond\"]}],\"copyrightYear\":\"2025\",\"copyrightHolder\":{\"@id\":\"https:\/\/www.gaveanews.com\/#organization\"}},{\"@type\":\"WebPage\",\"@id\":\"https:\/\/www.gaveanews.com\/index.php\/2025\/02\/12\/declaracao-de-abel-braga-recado-de-filipe-luis-e-sormani-sobre-mano-menezes-as-ultimas-noticias-do-fluminense\/\",\"url\":\"https:\/\/www.gaveanews.com\/index.php\/2025\/02\/12\/declaracao-de-abel-braga-recado-de-filipe-luis-e-sormani-sobre-mano-menezes-as-ultimas-noticias-do-fluminense\/\",\"name\":\"Declara\u00e7\u00e3o de Abel Braga, recado de Filipe Lu\u00eds e Sormani sobre Mano Menezes: as \u00faltimas not\u00edcias do Fluminense\",\"isPartOf\":{\"@id\":\"https:\/\/www.gaveanews.com\/#website\"},\"primaryImageOfPage\":{\"@id\":\"https:\/\/www.gaveanews.com\/index.php\/2025\/02\/12\/declaracao-de-abel-braga-recado-de-filipe-luis-e-sormani-sobre-mano-menezes-as-ultimas-noticias-do-fluminense\/#primaryimage\"},\"image\":{\"@id\":\"https:\/\/www.gaveanews.com\/index.php\/2025\/02\/12\/declaracao-de-abel-braga-recado-de-filipe-luis-e-sormani-sobre-mano-menezes-as-ultimas-noticias-do-fluminense\/#primaryimage\"},\"thumbnailUrl\":\"https:\/\/www.gaveanews.com\/wp-content\/uploads\/Torcida-do-Fluminense-durante-partida-no-Maracana.webp\",\"datePublished\":\"2025-02-12T09:45:00+00:00\",\"author\":{\"@id\":\"https:\/\/www.gaveanews.com\/#\/schema\/person\/8207cd4627f56151707418bfc835b2fb\"},\"breadcrumb\":{\"@id\":\"https:\/\/www.gaveanews.com\/index.php\/2025\/02\/12\/declaracao-de-abel-braga-recado-de-filipe-luis-e-sormani-sobre-mano-menezes-as-ultimas-noticias-do-fluminense\/#breadcrumb\"},\"inLanguage\":\"pt-BR\",\"potentialAction\":[{\"@type\":\"ReadAction\",\"target\":[\"https:\/\/www.gaveanews.com\/index.php\/2025\/02\/12\/declaracao-de-abel-braga-recado-de-filipe-luis-e-sormani-sobre-mano-menezes-as-ultimas-noticias-do-fluminense\/\"]}]},{\"@type\":\"ImageObject\",\"inLanguage\":\"pt-BR\",\"@id\":\"https:\/\/www.gaveanews.com\/index.php\/2025\/02\/12\/declaracao-de-abel-braga-recado-de-filipe-luis-e-sormani-sobre-mano-menezes-as-ultimas-noticias-do-fluminense\/#primaryimage\",\"url\":\"https:\/\/www.gaveanews.com\/wp-content\/uploads\/Torcida-do-Fluminense-durante-partida-no-Maracana.webp\",\"contentUrl\":\"https:\/\/www.gaveanews.com\/wp-content\/uploads\/Torcida-do-Fluminense-durante-partida-no-Maracana.webp\",\"width\":1236,\"height\":1066,\"caption\":\"Torcida do Fluminense durante partida no Maracan\u00e3 (Foto: Reprodu\u00e7\u00e3o\/Fluminense)\"},{\"@type\":\"BreadcrumbList\",\"@id\":\"https:\/\/www.gaveanews.com\/index.php\/2025\/02\/12\/declaracao-de-abel-braga-recado-de-filipe-luis-e-sormani-sobre-mano-menezes-as-ultimas-noticias-do-fluminense\/#breadcrumb\",\"itemListElement\":[{\"@type\":\"ListItem\",\"position\":1,\"name\":\"Home\",\"item\":\"https:\/\/www.gaveanews.com\/\"},{\"@type\":\"ListItem\",\"position\":2,\"name\":\"Declara\u00e7\u00e3o de Abel Braga, recado de Filipe Lu\u00eds e Sormani sobre Mano Menezes: as \u00faltimas not\u00edcias do Fluminense\"}]},{\"@type\":\"WebSite\",\"@id\":\"https:\/\/www.gaveanews.com\/#website\",\"url\":\"https:\/\/www.gaveanews.com\/\",\"name\":\"G\u00e1vea News\",\"description\":\"Veja todas as not\u00edcias sobre o Flamengo: Contrata\u00e7\u00f5es, categorias de base, resultados das partidas, tabela de classifica\u00e7\u00e3o, pr\u00f3ximos jogos!\",\"potentialAction\":[{\"@type\":\"SearchAction\",\"target\":{\"@type\":\"EntryPoint\",\"urlTemplate\":\"https:\/\/www.gaveanews.com\/?s={search_term_string}\"},\"query-input\":{\"@type\":\"PropertyValueSpecification\",\"valueRequired\":true,\"valueName\":\"search_term_string\"}}],\"inLanguage\":\"pt-BR\"},{\"@type\":\"Person\",\"@id\":\"https:\/\/www.gaveanews.com\/#\/schema\/person\/8207cd4627f56151707418bfc835b2fb\",\"name\":\"Matheus Felipe\",\"image\":{\"@type\":\"ImageObject\",\"inLanguage\":\"pt-BR\",\"@id\":\"https:\/\/www.gaveanews.com\/#\/schema\/person\/image\/\",\"url\":\"https:\/\/secure.gravatar.com\/avatar\/a452ffbed9130f726358b298bb3a99ce4bd3c5338411f8440e87e14d74c7c087?s=96&d=mm&r=g\",\"contentUrl\":\"https:\/\/secure.gravatar.com\/avatar\/a452ffbed9130f726358b298bb3a99ce4bd3c5338411f8440e87e14d74c7c087?s=96&d=mm&r=g\",\"caption\":\"Matheus Felipe\"}}]}<\/script>\n<!-- \/ Yoast SEO Premium plugin. -->","yoast_head_json":{"title":"Declara\u00e7\u00e3o de Abel Braga, recado de Filipe Lu\u00eds e Sormani sobre Mano Menezes: as \u00faltimas not\u00edcias do Fluminense","robots":{"index":"index","follow":"follow","max-snippet":"max-snippet:-1","max-image-preview":"max-image-preview:large","max-video-preview":"max-video-preview:-1"},"canonical":"https:\/\/www.gaveanews.com\/index.php\/2025\/02\/12\/declaracao-de-abel-braga-recado-de-filipe-luis-e-sormani-sobre-mano-menezes-as-ultimas-noticias-do-fluminense\/","og_locale":"pt_BR","og_type":"article","og_title":"Declara\u00e7\u00e3o de Abel Braga, recado de Filipe Lu\u00eds e Sormani sobre Mano Menezes: as \u00faltimas not\u00edcias do Fluminense","og_description":"Nas \u00faltimas horas, o foco das not\u00edcias sobre o Fluminense se concentram nos bastidores do clube, com destaques do dia a dia do time. Por conta deste contexto, leia abaixo um resumo preparado pela equipe do portal G\u00e1vea News para lhe manter muito bem informado! Sormani sobre Mano Menezes O jornalista F\u00e1bio Sormani fez duras [&hellip;]","og_url":"https:\/\/www.gaveanews.com\/index.php\/2025\/02\/12\/declaracao-de-abel-braga-recado-de-filipe-luis-e-sormani-sobre-mano-menezes-as-ultimas-noticias-do-fluminense\/","og_site_name":"G\u00e1vea News","article_publisher":"https:\/\/facebook.com\/gaveaNews\/","article_published_time":"2025-02-12T09:45:00+00:00","og_image":[{"width":1236,"height":1066,"url":"https:\/\/www.gaveanews.com\/wp-content\/uploads\/Torcida-do-Fluminense-durante-partida-no-Maracana.webp","type":"image\/jpeg"}],"author":"Matheus Felipe","twitter_card":"summary_large_image","twitter_misc":{"Escrito por":"Matheus Felipe","Est. tempo de leitura":"5 minutos"},"schema":{"@context":"https:\/\/schema.org","@graph":[{"@type":"NewsArticle","@id":"https:\/\/www.gaveanews.com\/index.php\/2025\/02\/12\/declaracao-de-abel-braga-recado-de-filipe-luis-e-sormani-sobre-mano-menezes-as-ultimas-noticias-do-fluminense\/#article","isPartOf":{"@id":"https:\/\/www.gaveanews.com\/index.php\/2025\/02\/12\/declaracao-de-abel-braga-recado-de-filipe-luis-e-sormani-sobre-mano-menezes-as-ultimas-noticias-do-fluminense\/"},"author":{"name":"Matheus Felipe","@id":"https:\/\/www.gaveanews.com\/#\/schema\/person\/8207cd4627f56151707418bfc835b2fb"},"headline":"Declara\u00e7\u00e3o de Abel Braga, recado de Filipe Lu\u00eds e Sormani sobre Mano Menezes: as \u00faltimas not\u00edcias do Fluminense","datePublished":"2025-02-12T09:45:00+00:00","mainEntityOfPage":{"@id":"https:\/\/www.gaveanews.com\/index.php\/2025\/02\/12\/declaracao-de-abel-braga-recado-de-filipe-luis-e-sormani-sobre-mano-menezes-as-ultimas-noticias-do-fluminense\/"},"wordCount":740,"commentCount":0,"image":{"@id":"https:\/\/www.gaveanews.com\/index.php\/2025\/02\/12\/declaracao-de-abel-braga-recado-de-filipe-luis-e-sormani-sobre-mano-menezes-as-ultimas-noticias-do-fluminense\/#primaryimage"},"thumbnailUrl":"https:\/\/www.gaveanews.com\/wp-content\/uploads\/Torcida-do-Fluminense-durante-partida-no-Maracana.webp","articleSection":["Fluminense"],"inLanguage":"pt-BR","potentialAction":[{"@type":"CommentAction","name":"Comment","target":["https:\/\/www.gaveanews.com\/index.php\/2025\/02\/12\/declaracao-de-abel-braga-recado-de-filipe-luis-e-sormani-sobre-mano-menezes-as-ultimas-noticias-do-fluminense\/#respond"]}],"copyrightYear":"2025","copyrightHolder":{"@id":"https:\/\/www.gaveanews.com\/#organization"}},{"@type":"WebPage","@id":"https:\/\/www.gaveanews.com\/index.php\/2025\/02\/12\/declaracao-de-abel-braga-recado-de-filipe-luis-e-sormani-sobre-mano-menezes-as-ultimas-noticias-do-fluminense\/","url":"https:\/\/www.gaveanews.com\/index.php\/2025\/02\/12\/declaracao-de-abel-braga-recado-de-filipe-luis-e-sormani-sobre-mano-menezes-as-ultimas-noticias-do-fluminense\/","name":"Declara\u00e7\u00e3o de Abel Braga, recado de Filipe Lu\u00eds e Sormani sobre Mano Menezes: as \u00faltimas not\u00edcias do Fluminense","isPartOf":{"@id":"https:\/\/www.gaveanews.com\/#website"},"primaryImageOfPage":{"@id":"https:\/\/www.gaveanews.com\/index.php\/2025\/02\/12\/declaracao-de-abel-braga-recado-de-filipe-luis-e-sormani-sobre-mano-menezes-as-ultimas-noticias-do-fluminense\/#primaryimage"},"image":{"@id":"https:\/\/www.gaveanews.com\/index.php\/2025\/02\/12\/declaracao-de-abel-braga-recado-de-filipe-luis-e-sormani-sobre-mano-menezes-as-ultimas-noticias-do-fluminense\/#primaryimage"},"thumbnailUrl":"https:\/\/www.gaveanews.com\/wp-content\/uploads\/Torcida-do-Fluminense-durante-partida-no-Maracana.webp","datePublished":"2025-02-12T09:45:00+00:00","author":{"@id":"https:\/\/www.gaveanews.com\/#\/schema\/person\/8207cd4627f56151707418bfc835b2fb"},"breadcrumb":{"@id":"https:\/\/www.gaveanews.com\/index.php\/2025\/02\/12\/declaracao-de-abel-braga-recado-de-filipe-luis-e-sormani-sobre-mano-menezes-as-ultimas-noticias-do-fluminense\/#breadcrumb"},"inLanguage":"pt-BR","potentialAction":[{"@type":"ReadAction","target":["https:\/\/www.gaveanews.com\/index.php\/2025\/02\/12\/declaracao-de-abel-braga-recado-de-filipe-luis-e-sormani-sobre-mano-menezes-as-ultimas-noticias-do-fluminense\/"]}]},{"@type":"ImageObject","inLanguage":"pt-BR","@id":"https:\/\/www.gaveanews.com\/index.php\/2025\/02\/12\/declaracao-de-abel-braga-recado-de-filipe-luis-e-sormani-sobre-mano-menezes-as-ultimas-noticias-do-fluminense\/#primaryimage","url":"https:\/\/www.gaveanews.com\/wp-content\/uploads\/Torcida-do-Fluminense-durante-partida-no-Maracana.webp","contentUrl":"https:\/\/www.gaveanews.com\/wp-content\/uploads\/Torcida-do-Fluminense-durante-partida-no-Maracana.webp","width":1236,"height":1066,"caption":"Torcida do Fluminense durante partida no Maracan\u00e3 (Foto: Reprodu\u00e7\u00e3o\/Fluminense)"},{"@type":"BreadcrumbList","@id":"https:\/\/www.gaveanews.com\/index.php\/2025\/02\/12\/declaracao-de-abel-braga-recado-de-filipe-luis-e-sormani-sobre-mano-menezes-as-ultimas-noticias-do-fluminense\/#breadcrumb","itemListElement":[{"@type":"ListItem","position":1,"name":"Home","item":"https:\/\/www.gaveanews.com\/"},{"@type":"ListItem","position":2,"name":"Declara\u00e7\u00e3o de Abel Braga, recado de Filipe Lu\u00eds e Sormani sobre Mano Menezes: as \u00faltimas not\u00edcias do Fluminense"}]},{"@type":"WebSite","@id":"https:\/\/www.gaveanews.com\/#website","url":"https:\/\/www.gaveanews.com\/","name":"G\u00e1vea News","description":"Veja todas as not\u00edcias sobre o Flamengo: Contrata\u00e7\u00f5es, categorias de base, resultados das partidas, tabela de classifica\u00e7\u00e3o, pr\u00f3ximos jogos!","potentialAction":[{"@type":"SearchAction","target":{"@type":"EntryPoint","urlTemplate":"https:\/\/www.gaveanews.com\/?s={search_term_string}"},"query-input":{"@type":"PropertyValueSpecification","valueRequired":true,"valueName":"search_term_string"}}],"inLanguage":"pt-BR"},{"@type":"Person","@id":"https:\/\/www.gaveanews.com\/#\/schema\/person\/8207cd4627f56151707418bfc835b2fb","name":"Matheus Felipe","image":{"@type":"ImageObject","inLanguage":"pt-BR","@id":"https:\/\/www.gaveanews.com\/#\/schema\/person\/image\/","url":"https:\/\/secure.gravatar.com\/avatar\/a452ffbed9130f726358b298bb3a99ce4bd3c5338411f8440e87e14d74c7c087?s=96&d=mm&r=g","contentUrl":"https:\/\/secure.gravatar.com\/avatar\/a452ffbed9130f726358b298bb3a99ce4bd3c5338411f8440e87e14d74c7c087?s=96&d=mm&r=g","caption":"Matheus Felipe"}}]}},"_links":{"self":[{"href":"https:\/\/www.gaveanews.com\/index.php\/wp-json\/wp\/v2\/posts\/226633","targetHints":{"allow":["GET"]}}],"collection":[{"href":"https:\/\/www.gaveanews.com\/index.php\/wp-json\/wp\/v2\/posts"}],"about":[{"href":"https:\/\/www.gaveanews.com\/index.php\/wp-json\/wp\/v2\/types\/post"}],"author":[{"embeddable":true,"href":"https:\/\/www.gaveanews.com\/index.php\/wp-json\/wp\/v2\/users\/27"}],"replies":[{"embeddable":true,"href":"https:\/\/www.gaveanews.com\/index.php\/wp-json\/wp\/v2\/comments?post=226633"}],"version-history":[{"count":1,"href":"https:\/\/www.gaveanews.com\/index.php\/wp-json\/wp\/v2\/posts\/226633\/revisions"}],"predecessor-version":[{"id":226635,"href":"https:\/\/www.gaveanews.com\/index.php\/wp-json\/wp\/v2\/posts\/226633\/revisions\/226635"}],"wp:featuredmedia":[{"embeddable":true,"href":"https:\/\/www.gaveanews.com\/index.php\/wp-json\/wp\/v2\/media\/155883"}],"wp:attachment":[{"href":"https:\/\/www.gaveanews.com\/index.php\/wp-json\/wp\/v2\/media?parent=226633"}],"wp:term":[{"taxonomy":"category","embeddable":true,"href":"https:\/\/www.gaveanews.com\/index.php\/wp-json\/wp\/v2\/categories?post=226633"},{"taxonomy":"post_tag","embeddable":true,"href":"https:\/\/www.gaveanews.com\/index.php\/wp-json\/wp\/v2\/tags?post=226633"}],"curies":[{"name":"wp","href":"https:\/\/api.w.org\/{rel}","templated":true}]}}