{"id":226654,"date":"2025-02-12T09:46:14","date_gmt":"2025-02-12T12:46:14","guid":{"rendered":"https:\/\/www.gaveanews.com\/?p=226654"},"modified":"2025-02-12T09:46:17","modified_gmt":"2025-02-12T12:46:17","slug":"agora-barcelona-quer-contratar-jogador-do-flamengo","status":"publish","type":"post","link":"https:\/\/www.gaveanews.com\/index.php\/2025\/02\/12\/agora-barcelona-quer-contratar-jogador-do-flamengo\/","title":{"rendered":"AGORA: Barcelona quer contratar jogador do Flamengo"},"content":{"rendered":"\n<p>A janela de transfer\u00eancias segue movimentada, e o mercado europeu volta a olhar para o futebol brasileiro em busca de refor\u00e7os. Dessa vez, o lateral-direito Wesley, do Flamengo, despertou o interesse do Barcelona, que monitora o atleta h\u00e1 algum tempo e considera fazer uma investida oficial.<\/p>\n\n\n\n<p>O clube espanhol j\u00e1 tentou contratar o jogador em 2023 por empr\u00e9stimo para sua equipe B, mas as negocia\u00e7\u00f5es n\u00e3o avan\u00e7aram. Mesmo assim, os catal\u00e3es seguiram acompanhando sua evolu\u00e7\u00e3o e agora o veem como uma poss\u00edvel op\u00e7\u00e3o para refor\u00e7ar o setor defensivo.<\/p>\n\n\n\n<h2 class=\"wp-block-heading\" id=\"h-barcelona-observa-wesley\">Barcelona observa Wesley<\/h2>\n\n\n\n<p>De acordo com o jornal espanhol <em>Sport<\/em>, Wesley est\u00e1 entre os jogadores analisados pela diretoria do Barcelona para fortalecer a lateral-direita na pr\u00f3xima janela de transfer\u00eancias. O jogador tem se destacado no Flamengo, chamando a aten\u00e7\u00e3o pelo seu desempenho ofensivo e capacidade de cobrir toda a faixa direita do campo.<\/p>\n\n\n\n<figure class=\"wp-block-image size-full\"><img loading=\"lazy\" decoding=\"async\" width=\"860\" height=\"484\" src=\"http:\/\/www.gaveanews.com\/wp-content\/uploads\/Wesley-em-acao-pelo-Flamengo.webp\" alt=\"\" class=\"wp-image-159864\" srcset=\"https:\/\/www.gaveanews.com\/wp-content\/uploads\/Wesley-em-acao-pelo-Flamengo.webp 860w, https:\/\/www.gaveanews.com\/wp-content\/uploads\/Wesley-em-acao-pelo-Flamengo-300x169.webp 300w, https:\/\/www.gaveanews.com\/wp-content\/uploads\/Wesley-em-acao-pelo-Flamengo-768x432.webp 768w, https:\/\/www.gaveanews.com\/wp-content\/uploads\/Wesley-em-acao-pelo-Flamengo-746x420.webp 746w, https:\/\/www.gaveanews.com\/wp-content\/uploads\/Wesley-em-acao-pelo-Flamengo-640x360.webp 640w, https:\/\/www.gaveanews.com\/wp-content\/uploads\/Wesley-em-acao-pelo-Flamengo-681x383.webp 681w, https:\/\/www.gaveanews.com\/wp-content\/uploads\/Wesley-em-acao-pelo-Flamengo-100x56.webp 100w\" sizes=\"auto, (max-width: 860px) 100vw, 860px\" \/><figcaption class=\"wp-element-caption\">Wesley em a\u00e7\u00e3o pelo Flamengo (Foto: Reprodu\u00e7\u00e3o\/Instagram Wesley)<\/figcaption><\/figure>\n\n\n\n<p>O jornal descreveu Wesley como um t\u00edpico lateral brasileiro, r\u00e1pido, ofensivo e resistente, caracter\u00edsticas que o tornam um nome promissor para o futebol europeu. Sob o comando de Filipe Lu\u00eds, o jogador tem mostrado amadurecimento t\u00e1tico, o que aumenta ainda mais seu valor no mercado.<\/p>\n\n\n\n<h2 class=\"wp-block-heading\" id=\"h-flamengo-estipula-valor-para-negociacao\">Flamengo estipula valor para negocia\u00e7\u00e3o<\/h2>\n\n\n\n<p>O Flamengo j\u00e1 definiu um valor m\u00ednimo para negociar Wesley. O clube carioca s\u00f3 aceitar\u00e1 ofertas a partir de 35 milh\u00f5es de euros (cerca de R$ 209 milh\u00f5es). Caso a transfer\u00eancia seja concretizada por esse montante, essa seria a terceira maior venda da hist\u00f3ria do Rubro-Negro, ficando atr\u00e1s apenas das transa\u00e7\u00f5es de Vinicius Jr. e Lucas Paquet\u00e1.<\/p>\n\n\n\n<p>Al\u00e9m do Barcelona, o Manchester United tamb\u00e9m demonstrou interesse no lateral. No entanto, outro clube que monitorava o jogador, o Zenit, da R\u00fassia, decidiu se retirar das negocia\u00e7\u00f5es. A diretoria do Flamengo segue acompanhando as movimenta\u00e7\u00f5es do mercado, enquanto Wesley continua \u00e0 disposi\u00e7\u00e3o da equipe para a sequ\u00eancia da temporada.<\/p>\n","protected":false},"excerpt":{"rendered":"<p>A janela de transfer\u00eancias segue movimentada, e o mercado europeu volta a olhar para o futebol brasileiro em busca de refor\u00e7os. Dessa vez, o lateral-direito Wesley, do Flamengo, despertou o interesse do Barcelona, que monitora o atleta h\u00e1 algum tempo e considera fazer uma investida oficial. O clube espanhol j\u00e1 tentou contratar o jogador em [&hellip;]<\/p>\n","protected":false},"author":15,"featured_media":127354,"comment_status":"open","ping_status":"closed","sticky":false,"template":"","format":"standard","meta":{"footnotes":""},"categories":[87,1],"tags":[],"class_list":["post-226654","post","type-post","status-publish","format-standard","has-post-thumbnail","hentry","category-barcelona","category-flamengo"],"yoast_head":"<!-- This site is optimized with the Yoast SEO Premium plugin v24.2 (Yoast SEO v26.9) - https:\/\/yoast.com\/product\/yoast-seo-premium-wordpress\/ -->\n<title>AGORA: Barcelona quer contratar jogador do Flamengo<\/title>\n<meta name=\"robots\" content=\"index, follow, max-snippet:-1, max-image-preview:large, max-video-preview:-1\" \/>\n<link rel=\"canonical\" href=\"https:\/\/www.gaveanews.com\/index.php\/2025\/02\/12\/agora-barcelona-quer-contratar-jogador-do-flamengo\/\" \/>\n<meta property=\"og:locale\" content=\"pt_BR\" \/>\n<meta property=\"og:type\" content=\"article\" \/>\n<meta property=\"og:title\" content=\"AGORA: Barcelona quer contratar jogador do Flamengo\" \/>\n<meta property=\"og:description\" content=\"A janela de transfer\u00eancias segue movimentada, e o mercado europeu volta a olhar para o futebol brasileiro em busca de refor\u00e7os. Dessa vez, o lateral-direito Wesley, do Flamengo, despertou o interesse do Barcelona, que monitora o atleta h\u00e1 algum tempo e considera fazer uma investida oficial. O clube espanhol j\u00e1 tentou contratar o jogador em [&hellip;]\" \/>\n<meta property=\"og:url\" content=\"https:\/\/www.gaveanews.com\/index.php\/2025\/02\/12\/agora-barcelona-quer-contratar-jogador-do-flamengo\/\" \/>\n<meta property=\"og:site_name\" content=\"G\u00e1vea News\" \/>\n<meta property=\"article:publisher\" content=\"https:\/\/facebook.com\/gaveaNews\/\" \/>\n<meta property=\"article:published_time\" content=\"2025-02-12T12:46:14+00:00\" \/>\n<meta property=\"article:modified_time\" content=\"2025-02-12T12:46:17+00:00\" \/>\n<meta property=\"og:image\" content=\"http:\/\/www.gaveanews.com\/wp-content\/uploads\/camisa-flamengo.webp\" \/>\n\t<meta property=\"og:image:width\" content=\"483\" \/>\n\t<meta property=\"og:image:height\" content=\"322\" \/>\n\t<meta property=\"og:image:type\" content=\"image\/webp\" \/>\n<meta name=\"author\" content=\"Henrique Machado\" \/>\n<meta name=\"twitter:card\" content=\"summary_large_image\" \/>\n<meta name=\"twitter:label1\" content=\"Escrito por\" \/>\n\t<meta name=\"twitter:data1\" content=\"Henrique Machado\" \/>\n\t<meta name=\"twitter:label2\" content=\"Est. tempo de leitura\" \/>\n\t<meta name=\"twitter:data2\" content=\"3 minutos\" \/>\n<script type=\"application\/ld+json\" class=\"yoast-schema-graph\">{\"@context\":\"https:\/\/schema.org\",\"@graph\":[{\"@type\":\"NewsArticle\",\"@id\":\"https:\/\/www.gaveanews.com\/index.php\/2025\/02\/12\/agora-barcelona-quer-contratar-jogador-do-flamengo\/#article\",\"isPartOf\":{\"@id\":\"https:\/\/www.gaveanews.com\/index.php\/2025\/02\/12\/agora-barcelona-quer-contratar-jogador-do-flamengo\/\"},\"author\":{\"name\":\"Henrique Machado\",\"@id\":\"https:\/\/www.gaveanews.com\/#\/schema\/person\/fd07635ec039ec3ba74ad18ec8a6dbd6\"},\"headline\":\"AGORA: Barcelona quer contratar jogador do Flamengo\",\"datePublished\":\"2025-02-12T12:46:14+00:00\",\"dateModified\":\"2025-02-12T12:46:17+00:00\",\"mainEntityOfPage\":{\"@id\":\"https:\/\/www.gaveanews.com\/index.php\/2025\/02\/12\/agora-barcelona-quer-contratar-jogador-do-flamengo\/\"},\"wordCount\":346,\"commentCount\":0,\"image\":{\"@id\":\"https:\/\/www.gaveanews.com\/index.php\/2025\/02\/12\/agora-barcelona-quer-contratar-jogador-do-flamengo\/#primaryimage\"},\"thumbnailUrl\":\"https:\/\/www.gaveanews.com\/wp-content\/uploads\/camisa-flamengo.webp\",\"articleSection\":[\"Barcelona\",\"Flamengo\"],\"inLanguage\":\"pt-BR\",\"potentialAction\":[{\"@type\":\"CommentAction\",\"name\":\"Comment\",\"target\":[\"https:\/\/www.gaveanews.com\/index.php\/2025\/02\/12\/agora-barcelona-quer-contratar-jogador-do-flamengo\/#respond\"]}],\"copyrightYear\":\"2025\",\"copyrightHolder\":{\"@id\":\"https:\/\/www.gaveanews.com\/#organization\"}},{\"@type\":\"WebPage\",\"@id\":\"https:\/\/www.gaveanews.com\/index.php\/2025\/02\/12\/agora-barcelona-quer-contratar-jogador-do-flamengo\/\",\"url\":\"https:\/\/www.gaveanews.com\/index.php\/2025\/02\/12\/agora-barcelona-quer-contratar-jogador-do-flamengo\/\",\"name\":\"AGORA: Barcelona quer contratar jogador do Flamengo\",\"isPartOf\":{\"@id\":\"https:\/\/www.gaveanews.com\/#website\"},\"primaryImageOfPage\":{\"@id\":\"https:\/\/www.gaveanews.com\/index.php\/2025\/02\/12\/agora-barcelona-quer-contratar-jogador-do-flamengo\/#primaryimage\"},\"image\":{\"@id\":\"https:\/\/www.gaveanews.com\/index.php\/2025\/02\/12\/agora-barcelona-quer-contratar-jogador-do-flamengo\/#primaryimage\"},\"thumbnailUrl\":\"https:\/\/www.gaveanews.com\/wp-content\/uploads\/camisa-flamengo.webp\",\"datePublished\":\"2025-02-12T12:46:14+00:00\",\"dateModified\":\"2025-02-12T12:46:17+00:00\",\"author\":{\"@id\":\"https:\/\/www.gaveanews.com\/#\/schema\/person\/fd07635ec039ec3ba74ad18ec8a6dbd6\"},\"breadcrumb\":{\"@id\":\"https:\/\/www.gaveanews.com\/index.php\/2025\/02\/12\/agora-barcelona-quer-contratar-jogador-do-flamengo\/#breadcrumb\"},\"inLanguage\":\"pt-BR\",\"potentialAction\":[{\"@type\":\"ReadAction\",\"target\":[\"https:\/\/www.gaveanews.com\/index.php\/2025\/02\/12\/agora-barcelona-quer-contratar-jogador-do-flamengo\/\"]}]},{\"@type\":\"ImageObject\",\"inLanguage\":\"pt-BR\",\"@id\":\"https:\/\/www.gaveanews.com\/index.php\/2025\/02\/12\/agora-barcelona-quer-contratar-jogador-do-flamengo\/#primaryimage\",\"url\":\"https:\/\/www.gaveanews.com\/wp-content\/uploads\/camisa-flamengo.webp\",\"contentUrl\":\"https:\/\/www.gaveanews.com\/wp-content\/uploads\/camisa-flamengo.webp\",\"width\":483,\"height\":322,\"caption\":\"Escudo do Flamengo (Foto: Reprodu\u00e7\u00e3o)\"},{\"@type\":\"BreadcrumbList\",\"@id\":\"https:\/\/www.gaveanews.com\/index.php\/2025\/02\/12\/agora-barcelona-quer-contratar-jogador-do-flamengo\/#breadcrumb\",\"itemListElement\":[{\"@type\":\"ListItem\",\"position\":1,\"name\":\"Home\",\"item\":\"https:\/\/www.gaveanews.com\/\"},{\"@type\":\"ListItem\",\"position\":2,\"name\":\"AGORA: Barcelona quer contratar jogador do Flamengo\"}]},{\"@type\":\"WebSite\",\"@id\":\"https:\/\/www.gaveanews.com\/#website\",\"url\":\"https:\/\/www.gaveanews.com\/\",\"name\":\"G\u00e1vea News\",\"description\":\"Veja todas as not\u00edcias sobre o Flamengo: Contrata\u00e7\u00f5es, categorias de base, resultados das partidas, tabela de classifica\u00e7\u00e3o, pr\u00f3ximos jogos!\",\"potentialAction\":[{\"@type\":\"SearchAction\",\"target\":{\"@type\":\"EntryPoint\",\"urlTemplate\":\"https:\/\/www.gaveanews.com\/?s={search_term_string}\"},\"query-input\":{\"@type\":\"PropertyValueSpecification\",\"valueRequired\":true,\"valueName\":\"search_term_string\"}}],\"inLanguage\":\"pt-BR\"},{\"@type\":\"Person\",\"@id\":\"https:\/\/www.gaveanews.com\/#\/schema\/person\/fd07635ec039ec3ba74ad18ec8a6dbd6\",\"name\":\"Henrique Machado\",\"image\":{\"@type\":\"ImageObject\",\"inLanguage\":\"pt-BR\",\"@id\":\"https:\/\/www.gaveanews.com\/#\/schema\/person\/image\/\",\"url\":\"https:\/\/secure.gravatar.com\/avatar\/b95e35997e01d9800c1b6184bd79d4d898d370a3fce2584f5c77b907d5c7d9e9?s=96&d=mm&r=g\",\"contentUrl\":\"https:\/\/secure.gravatar.com\/avatar\/b95e35997e01d9800c1b6184bd79d4d898d370a3fce2584f5c77b907d5c7d9e9?s=96&d=mm&r=g\",\"caption\":\"Henrique Machado\"}}]}<\/script>\n<!-- \/ Yoast SEO Premium plugin. -->","yoast_head_json":{"title":"AGORA: Barcelona quer contratar jogador do Flamengo","robots":{"index":"index","follow":"follow","max-snippet":"max-snippet:-1","max-image-preview":"max-image-preview:large","max-video-preview":"max-video-preview:-1"},"canonical":"https:\/\/www.gaveanews.com\/index.php\/2025\/02\/12\/agora-barcelona-quer-contratar-jogador-do-flamengo\/","og_locale":"pt_BR","og_type":"article","og_title":"AGORA: Barcelona quer contratar jogador do Flamengo","og_description":"A janela de transfer\u00eancias segue movimentada, e o mercado europeu volta a olhar para o futebol brasileiro em busca de refor\u00e7os. Dessa vez, o lateral-direito Wesley, do Flamengo, despertou o interesse do Barcelona, que monitora o atleta h\u00e1 algum tempo e considera fazer uma investida oficial. O clube espanhol j\u00e1 tentou contratar o jogador em [&hellip;]","og_url":"https:\/\/www.gaveanews.com\/index.php\/2025\/02\/12\/agora-barcelona-quer-contratar-jogador-do-flamengo\/","og_site_name":"G\u00e1vea News","article_publisher":"https:\/\/facebook.com\/gaveaNews\/","article_published_time":"2025-02-12T12:46:14+00:00","article_modified_time":"2025-02-12T12:46:17+00:00","og_image":[{"width":483,"height":322,"url":"http:\/\/www.gaveanews.com\/wp-content\/uploads\/camisa-flamengo.webp","type":"image\/webp"}],"author":"Henrique Machado","twitter_card":"summary_large_image","twitter_misc":{"Escrito por":"Henrique Machado","Est. tempo de leitura":"3 minutos"},"schema":{"@context":"https:\/\/schema.org","@graph":[{"@type":"NewsArticle","@id":"https:\/\/www.gaveanews.com\/index.php\/2025\/02\/12\/agora-barcelona-quer-contratar-jogador-do-flamengo\/#article","isPartOf":{"@id":"https:\/\/www.gaveanews.com\/index.php\/2025\/02\/12\/agora-barcelona-quer-contratar-jogador-do-flamengo\/"},"author":{"name":"Henrique Machado","@id":"https:\/\/www.gaveanews.com\/#\/schema\/person\/fd07635ec039ec3ba74ad18ec8a6dbd6"},"headline":"AGORA: Barcelona quer contratar jogador do Flamengo","datePublished":"2025-02-12T12:46:14+00:00","dateModified":"2025-02-12T12:46:17+00:00","mainEntityOfPage":{"@id":"https:\/\/www.gaveanews.com\/index.php\/2025\/02\/12\/agora-barcelona-quer-contratar-jogador-do-flamengo\/"},"wordCount":346,"commentCount":0,"image":{"@id":"https:\/\/www.gaveanews.com\/index.php\/2025\/02\/12\/agora-barcelona-quer-contratar-jogador-do-flamengo\/#primaryimage"},"thumbnailUrl":"https:\/\/www.gaveanews.com\/wp-content\/uploads\/camisa-flamengo.webp","articleSection":["Barcelona","Flamengo"],"inLanguage":"pt-BR","potentialAction":[{"@type":"CommentAction","name":"Comment","target":["https:\/\/www.gaveanews.com\/index.php\/2025\/02\/12\/agora-barcelona-quer-contratar-jogador-do-flamengo\/#respond"]}],"copyrightYear":"2025","copyrightHolder":{"@id":"https:\/\/www.gaveanews.com\/#organization"}},{"@type":"WebPage","@id":"https:\/\/www.gaveanews.com\/index.php\/2025\/02\/12\/agora-barcelona-quer-contratar-jogador-do-flamengo\/","url":"https:\/\/www.gaveanews.com\/index.php\/2025\/02\/12\/agora-barcelona-quer-contratar-jogador-do-flamengo\/","name":"AGORA: Barcelona quer contratar jogador do Flamengo","isPartOf":{"@id":"https:\/\/www.gaveanews.com\/#website"},"primaryImageOfPage":{"@id":"https:\/\/www.gaveanews.com\/index.php\/2025\/02\/12\/agora-barcelona-quer-contratar-jogador-do-flamengo\/#primaryimage"},"image":{"@id":"https:\/\/www.gaveanews.com\/index.php\/2025\/02\/12\/agora-barcelona-quer-contratar-jogador-do-flamengo\/#primaryimage"},"thumbnailUrl":"https:\/\/www.gaveanews.com\/wp-content\/uploads\/camisa-flamengo.webp","datePublished":"2025-02-12T12:46:14+00:00","dateModified":"2025-02-12T12:46:17+00:00","author":{"@id":"https:\/\/www.gaveanews.com\/#\/schema\/person\/fd07635ec039ec3ba74ad18ec8a6dbd6"},"breadcrumb":{"@id":"https:\/\/www.gaveanews.com\/index.php\/2025\/02\/12\/agora-barcelona-quer-contratar-jogador-do-flamengo\/#breadcrumb"},"inLanguage":"pt-BR","potentialAction":[{"@type":"ReadAction","target":["https:\/\/www.gaveanews.com\/index.php\/2025\/02\/12\/agora-barcelona-quer-contratar-jogador-do-flamengo\/"]}]},{"@type":"ImageObject","inLanguage":"pt-BR","@id":"https:\/\/www.gaveanews.com\/index.php\/2025\/02\/12\/agora-barcelona-quer-contratar-jogador-do-flamengo\/#primaryimage","url":"https:\/\/www.gaveanews.com\/wp-content\/uploads\/camisa-flamengo.webp","contentUrl":"https:\/\/www.gaveanews.com\/wp-content\/uploads\/camisa-flamengo.webp","width":483,"height":322,"caption":"Escudo do Flamengo (Foto: Reprodu\u00e7\u00e3o)"},{"@type":"BreadcrumbList","@id":"https:\/\/www.gaveanews.com\/index.php\/2025\/02\/12\/agora-barcelona-quer-contratar-jogador-do-flamengo\/#breadcrumb","itemListElement":[{"@type":"ListItem","position":1,"name":"Home","item":"https:\/\/www.gaveanews.com\/"},{"@type":"ListItem","position":2,"name":"AGORA: Barcelona quer contratar jogador do Flamengo"}]},{"@type":"WebSite","@id":"https:\/\/www.gaveanews.com\/#website","url":"https:\/\/www.gaveanews.com\/","name":"G\u00e1vea News","description":"Veja todas as not\u00edcias sobre o Flamengo: Contrata\u00e7\u00f5es, categorias de base, resultados das partidas, tabela de classifica\u00e7\u00e3o, pr\u00f3ximos jogos!","potentialAction":[{"@type":"SearchAction","target":{"@type":"EntryPoint","urlTemplate":"https:\/\/www.gaveanews.com\/?s={search_term_string}"},"query-input":{"@type":"PropertyValueSpecification","valueRequired":true,"valueName":"search_term_string"}}],"inLanguage":"pt-BR"},{"@type":"Person","@id":"https:\/\/www.gaveanews.com\/#\/schema\/person\/fd07635ec039ec3ba74ad18ec8a6dbd6","name":"Henrique Machado","image":{"@type":"ImageObject","inLanguage":"pt-BR","@id":"https:\/\/www.gaveanews.com\/#\/schema\/person\/image\/","url":"https:\/\/secure.gravatar.com\/avatar\/b95e35997e01d9800c1b6184bd79d4d898d370a3fce2584f5c77b907d5c7d9e9?s=96&d=mm&r=g","contentUrl":"https:\/\/secure.gravatar.com\/avatar\/b95e35997e01d9800c1b6184bd79d4d898d370a3fce2584f5c77b907d5c7d9e9?s=96&d=mm&r=g","caption":"Henrique Machado"}}]}},"_links":{"self":[{"href":"https:\/\/www.gaveanews.com\/index.php\/wp-json\/wp\/v2\/posts\/226654","targetHints":{"allow":["GET"]}}],"collection":[{"href":"https:\/\/www.gaveanews.com\/index.php\/wp-json\/wp\/v2\/posts"}],"about":[{"href":"https:\/\/www.gaveanews.com\/index.php\/wp-json\/wp\/v2\/types\/post"}],"author":[{"embeddable":true,"href":"https:\/\/www.gaveanews.com\/index.php\/wp-json\/wp\/v2\/users\/15"}],"replies":[{"embeddable":true,"href":"https:\/\/www.gaveanews.com\/index.php\/wp-json\/wp\/v2\/comments?post=226654"}],"version-history":[{"count":3,"href":"https:\/\/www.gaveanews.com\/index.php\/wp-json\/wp\/v2\/posts\/226654\/revisions"}],"predecessor-version":[{"id":226662,"href":"https:\/\/www.gaveanews.com\/index.php\/wp-json\/wp\/v2\/posts\/226654\/revisions\/226662"}],"wp:featuredmedia":[{"embeddable":true,"href":"https:\/\/www.gaveanews.com\/index.php\/wp-json\/wp\/v2\/media\/127354"}],"wp:attachment":[{"href":"https:\/\/www.gaveanews.com\/index.php\/wp-json\/wp\/v2\/media?parent=226654"}],"wp:term":[{"taxonomy":"category","embeddable":true,"href":"https:\/\/www.gaveanews.com\/index.php\/wp-json\/wp\/v2\/categories?post=226654"},{"taxonomy":"post_tag","embeddable":true,"href":"https:\/\/www.gaveanews.com\/index.php\/wp-json\/wp\/v2\/tags?post=226654"}],"curies":[{"name":"wp","href":"https:\/\/api.w.org\/{rel}","templated":true}]}}