{"id":226742,"date":"2025-02-12T16:00:51","date_gmt":"2025-02-12T19:00:51","guid":{"rendered":"https:\/\/www.gaveanews.com\/?p=226742"},"modified":"2025-02-12T15:27:44","modified_gmt":"2025-02-12T18:27:44","slug":"flamengo-x-vasco-coutinho-vai-jogar","status":"publish","type":"post","link":"https:\/\/www.gaveanews.com\/index.php\/2025\/02\/12\/flamengo-x-vasco-coutinho-vai-jogar\/","title":{"rendered":"Flamengo x Vasco: Coutinho vai jogar?"},"content":{"rendered":"\n<p>O cl\u00e1ssico entre Flamengo e Vasco, marcado para este s\u00e1bado (15), \u00e0s 21h45 (de Bras\u00edlia), no Maracan\u00e3, promete agitar os \u00e2nimos dos torcedores. O grande destaque da partida pode ser o retorno de Philippe Coutinho ao time do Vasco, que vem se recuperando de um edema no adutor da coxa esquerda.&nbsp;<\/p>\n\n\n\n<p>Se o jogador for relacionado, sua presen\u00e7a ser\u00e1 um refor\u00e7o importante para o Cruz-Maltino, que luta pela classifica\u00e7\u00e3o na Ta\u00e7a Guanabara.<\/p>\n\n\n\n<h2 class=\"wp-block-heading\" id=\"h-recuperacao-de-coutinho-segue-em-ritmo-acelerado-mas-com-cautela\">Recupera\u00e7\u00e3o de Coutinho segue em ritmo acelerado, mas com cautela<\/h2>\n\n\n\n<p>O departamento m\u00e9dico do Vasco tem tratado o caso de Coutinho com extrema cautela. O meia n\u00e3o tem conseguido se manter totalmente livre de les\u00f5es desde seu retorno ao clube no ano passado, e isso j\u00e1 gerou algumas preocupa\u00e7\u00f5es.&nbsp;<\/p>\n\n\n\n<p>Na \u00faltima rodada, ele foi poupado contra o Sampaio Corr\u00eaa, dando lugar a Payet, que n\u00e3o teve a mesma efic\u00e1cia.&nbsp;<\/p>\n\n\n\n<p>Vale destacar que Coutinho teve que ser substitu\u00eddo ainda no primeiro tempo do jogo contra o Fluminense, quando sentiu a les\u00e3o, ap\u00f3s abrir o placar para o Vasco. A les\u00e3o na coxa esquerda foi um golpe duro para o jogador, que vive uma fase de recupera\u00e7\u00e3o.<\/p>\n\n\n\n<h2 class=\"wp-block-heading\" id=\"h-payet-como-substituto-mas-a-torcida-espera-coutinho-de-volta\">Payet como substituto, mas a torcida espera Coutinho de volta<\/h2>\n\n\n\n<p>Se Coutinho n\u00e3o tiver condi\u00e7\u00f5es f\u00edsicas para iniciar o cl\u00e1ssico, o t\u00e9cnico do Vasco provavelmente manter\u00e1 Payet na equipe titular. O desempenho do franc\u00eas contra o Sampaio Corr\u00eaa foi discreto, mas com a poss\u00edvel aus\u00eancia de Coutinho, ele ter\u00e1 mais uma chance para mostrar servi\u00e7o.&nbsp;<\/p>\n\n\n\n<p>Sendo assim, a d\u00favida sobre a escala\u00e7\u00e3o para o cl\u00e1ssico ser\u00e1 resolvida nos pr\u00f3ximos dias, e a torcida do Vasco aguarda ansiosamente para ver se seu camisa 11 estar\u00e1 em campo.<\/p>\n\n\n\n<h2 class=\"wp-block-heading\" id=\"h-vasco-precisa-de-bons-resultados-nos-proximos-classicos\">Vasco precisa de bons resultados nos pr\u00f3ximos cl\u00e1ssicos<\/h2>\n\n\n\n<p>Com isso, o Vasco ocupa atualmente a terceira posi\u00e7\u00e3o na Ta\u00e7a Guanabara, com 14 pontos, e precisa de bons resultados nos cl\u00e1ssicos restantes para avan\u00e7ar \u00e0 semifinal.&nbsp;<\/p>\n\n\n\n<p>O Flamengo, por outro lado, tamb\u00e9m soma 14 pontos e ser\u00e1 um advers\u00e1rio dif\u00edcil. Portanto, este confronto ser\u00e1 crucial para as ambi\u00e7\u00f5es de ambos os times, e a presen\u00e7a de Coutinho pode fazer toda a diferen\u00e7a para o Vasco.<\/p>\n","protected":false},"excerpt":{"rendered":"<p>O cl\u00e1ssico entre Flamengo e Vasco, marcado para este s\u00e1bado (15), \u00e0s 21h45 (de Bras\u00edlia), no Maracan\u00e3, promete agitar os \u00e2nimos dos torcedores. O grande destaque da partida pode ser o retorno de Philippe Coutinho ao time do Vasco, que vem se recuperando de um edema no adutor da coxa esquerda.&nbsp; Se o jogador for [&hellip;]<\/p>\n","protected":false},"author":25,"featured_media":153282,"comment_status":"open","ping_status":"closed","sticky":false,"template":"","format":"standard","meta":{"footnotes":""},"categories":[1,152],"tags":[],"class_list":["post-226742","post","type-post","status-publish","format-standard","has-post-thumbnail","hentry","category-flamengo","category-vasco"],"yoast_head":"<!-- This site is optimized with the Yoast SEO Premium plugin v24.2 (Yoast SEO v26.9) - https:\/\/yoast.com\/product\/yoast-seo-premium-wordpress\/ -->\n<title>Flamengo x Vasco: Coutinho vai jogar?<\/title>\n<meta name=\"robots\" content=\"index, follow, max-snippet:-1, max-image-preview:large, max-video-preview:-1\" \/>\n<link rel=\"canonical\" href=\"https:\/\/www.gaveanews.com\/index.php\/2025\/02\/12\/flamengo-x-vasco-coutinho-vai-jogar\/\" \/>\n<meta property=\"og:locale\" content=\"pt_BR\" \/>\n<meta property=\"og:type\" content=\"article\" \/>\n<meta property=\"og:title\" content=\"Flamengo x Vasco: Coutinho vai jogar?\" \/>\n<meta property=\"og:description\" content=\"O cl\u00e1ssico entre Flamengo e Vasco, marcado para este s\u00e1bado (15), \u00e0s 21h45 (de Bras\u00edlia), no Maracan\u00e3, promete agitar os \u00e2nimos dos torcedores. O grande destaque da partida pode ser o retorno de Philippe Coutinho ao time do Vasco, que vem se recuperando de um edema no adutor da coxa esquerda.&nbsp; Se o jogador for [&hellip;]\" \/>\n<meta property=\"og:url\" content=\"https:\/\/www.gaveanews.com\/index.php\/2025\/02\/12\/flamengo-x-vasco-coutinho-vai-jogar\/\" \/>\n<meta property=\"og:site_name\" content=\"G\u00e1vea News\" \/>\n<meta property=\"article:publisher\" content=\"https:\/\/facebook.com\/gaveaNews\/\" \/>\n<meta property=\"article:published_time\" content=\"2025-02-12T19:00:51+00:00\" \/>\n<meta property=\"og:image\" content=\"https:\/\/www.gaveanews.com\/wp-content\/uploads\/Philippe-Coutinho-durante-apresentacao-ao-Vasco-da-Gama-em-Sao-Januario.webp\" \/>\n\t<meta property=\"og:image:width\" content=\"799\" \/>\n\t<meta property=\"og:image:height\" content=\"533\" \/>\n\t<meta property=\"og:image:type\" content=\"image\/jpeg\" \/>\n<meta name=\"author\" content=\"Rafaela Ladeira\" \/>\n<meta name=\"twitter:card\" content=\"summary_large_image\" \/>\n<meta name=\"twitter:label1\" content=\"Escrito por\" \/>\n\t<meta name=\"twitter:data1\" content=\"Rafaela Ladeira\" \/>\n\t<meta name=\"twitter:label2\" content=\"Est. tempo de leitura\" \/>\n\t<meta name=\"twitter:data2\" content=\"3 minutos\" \/>\n<script type=\"application\/ld+json\" class=\"yoast-schema-graph\">{\"@context\":\"https:\/\/schema.org\",\"@graph\":[{\"@type\":\"NewsArticle\",\"@id\":\"https:\/\/www.gaveanews.com\/index.php\/2025\/02\/12\/flamengo-x-vasco-coutinho-vai-jogar\/#article\",\"isPartOf\":{\"@id\":\"https:\/\/www.gaveanews.com\/index.php\/2025\/02\/12\/flamengo-x-vasco-coutinho-vai-jogar\/\"},\"author\":{\"name\":\"Rafaela Ladeira\",\"@id\":\"https:\/\/www.gaveanews.com\/#\/schema\/person\/0eb3e3fe1754f0205218538adbe8f5ed\"},\"headline\":\"Flamengo x Vasco: Coutinho vai jogar?\",\"datePublished\":\"2025-02-12T19:00:51+00:00\",\"mainEntityOfPage\":{\"@id\":\"https:\/\/www.gaveanews.com\/index.php\/2025\/02\/12\/flamengo-x-vasco-coutinho-vai-jogar\/\"},\"wordCount\":399,\"commentCount\":0,\"image\":{\"@id\":\"https:\/\/www.gaveanews.com\/index.php\/2025\/02\/12\/flamengo-x-vasco-coutinho-vai-jogar\/#primaryimage\"},\"thumbnailUrl\":\"https:\/\/www.gaveanews.com\/wp-content\/uploads\/Philippe-Coutinho-durante-apresentacao-ao-Vasco-da-Gama-em-Sao-Januario.webp\",\"articleSection\":[\"Flamengo\",\"Vasco\"],\"inLanguage\":\"pt-BR\",\"potentialAction\":[{\"@type\":\"CommentAction\",\"name\":\"Comment\",\"target\":[\"https:\/\/www.gaveanews.com\/index.php\/2025\/02\/12\/flamengo-x-vasco-coutinho-vai-jogar\/#respond\"]}],\"copyrightYear\":\"2025\",\"copyrightHolder\":{\"@id\":\"https:\/\/www.gaveanews.com\/#organization\"}},{\"@type\":\"WebPage\",\"@id\":\"https:\/\/www.gaveanews.com\/index.php\/2025\/02\/12\/flamengo-x-vasco-coutinho-vai-jogar\/\",\"url\":\"https:\/\/www.gaveanews.com\/index.php\/2025\/02\/12\/flamengo-x-vasco-coutinho-vai-jogar\/\",\"name\":\"Flamengo x Vasco: Coutinho vai jogar?\",\"isPartOf\":{\"@id\":\"https:\/\/www.gaveanews.com\/#website\"},\"primaryImageOfPage\":{\"@id\":\"https:\/\/www.gaveanews.com\/index.php\/2025\/02\/12\/flamengo-x-vasco-coutinho-vai-jogar\/#primaryimage\"},\"image\":{\"@id\":\"https:\/\/www.gaveanews.com\/index.php\/2025\/02\/12\/flamengo-x-vasco-coutinho-vai-jogar\/#primaryimage\"},\"thumbnailUrl\":\"https:\/\/www.gaveanews.com\/wp-content\/uploads\/Philippe-Coutinho-durante-apresentacao-ao-Vasco-da-Gama-em-Sao-Januario.webp\",\"datePublished\":\"2025-02-12T19:00:51+00:00\",\"author\":{\"@id\":\"https:\/\/www.gaveanews.com\/#\/schema\/person\/0eb3e3fe1754f0205218538adbe8f5ed\"},\"breadcrumb\":{\"@id\":\"https:\/\/www.gaveanews.com\/index.php\/2025\/02\/12\/flamengo-x-vasco-coutinho-vai-jogar\/#breadcrumb\"},\"inLanguage\":\"pt-BR\",\"potentialAction\":[{\"@type\":\"ReadAction\",\"target\":[\"https:\/\/www.gaveanews.com\/index.php\/2025\/02\/12\/flamengo-x-vasco-coutinho-vai-jogar\/\"]}]},{\"@type\":\"ImageObject\",\"inLanguage\":\"pt-BR\",\"@id\":\"https:\/\/www.gaveanews.com\/index.php\/2025\/02\/12\/flamengo-x-vasco-coutinho-vai-jogar\/#primaryimage\",\"url\":\"https:\/\/www.gaveanews.com\/wp-content\/uploads\/Philippe-Coutinho-durante-apresentacao-ao-Vasco-da-Gama-em-Sao-Januario.webp\",\"contentUrl\":\"https:\/\/www.gaveanews.com\/wp-content\/uploads\/Philippe-Coutinho-durante-apresentacao-ao-Vasco-da-Gama-em-Sao-Januario.webp\",\"width\":799,\"height\":533,\"caption\":\"Philippe Coutinho durante apresenta\u00e7\u00e3o ao Vasco da Gama em S\u00e3o Janu\u00e1rio (Foto: Reprodu\u00e7\u00e3o\/Vasco)\"},{\"@type\":\"BreadcrumbList\",\"@id\":\"https:\/\/www.gaveanews.com\/index.php\/2025\/02\/12\/flamengo-x-vasco-coutinho-vai-jogar\/#breadcrumb\",\"itemListElement\":[{\"@type\":\"ListItem\",\"position\":1,\"name\":\"Home\",\"item\":\"https:\/\/www.gaveanews.com\/\"},{\"@type\":\"ListItem\",\"position\":2,\"name\":\"Flamengo x Vasco: Coutinho vai jogar?\"}]},{\"@type\":\"WebSite\",\"@id\":\"https:\/\/www.gaveanews.com\/#website\",\"url\":\"https:\/\/www.gaveanews.com\/\",\"name\":\"G\u00e1vea News\",\"description\":\"Veja todas as not\u00edcias sobre o Flamengo: Contrata\u00e7\u00f5es, categorias de base, resultados das partidas, tabela de classifica\u00e7\u00e3o, pr\u00f3ximos jogos!\",\"potentialAction\":[{\"@type\":\"SearchAction\",\"target\":{\"@type\":\"EntryPoint\",\"urlTemplate\":\"https:\/\/www.gaveanews.com\/?s={search_term_string}\"},\"query-input\":{\"@type\":\"PropertyValueSpecification\",\"valueRequired\":true,\"valueName\":\"search_term_string\"}}],\"inLanguage\":\"pt-BR\"},{\"@type\":\"Person\",\"@id\":\"https:\/\/www.gaveanews.com\/#\/schema\/person\/0eb3e3fe1754f0205218538adbe8f5ed\",\"name\":\"Rafaela Ladeira\",\"image\":{\"@type\":\"ImageObject\",\"inLanguage\":\"pt-BR\",\"@id\":\"https:\/\/www.gaveanews.com\/#\/schema\/person\/image\/\",\"url\":\"https:\/\/secure.gravatar.com\/avatar\/c31f513acffd85eacab5730cbdfdbbf59f21ba5aeada8cd890acea879fbb2455?s=96&d=mm&r=g\",\"contentUrl\":\"https:\/\/secure.gravatar.com\/avatar\/c31f513acffd85eacab5730cbdfdbbf59f21ba5aeada8cd890acea879fbb2455?s=96&d=mm&r=g\",\"caption\":\"Rafaela Ladeira\"}}]}<\/script>\n<!-- \/ Yoast SEO Premium plugin. -->","yoast_head_json":{"title":"Flamengo x Vasco: Coutinho vai jogar?","robots":{"index":"index","follow":"follow","max-snippet":"max-snippet:-1","max-image-preview":"max-image-preview:large","max-video-preview":"max-video-preview:-1"},"canonical":"https:\/\/www.gaveanews.com\/index.php\/2025\/02\/12\/flamengo-x-vasco-coutinho-vai-jogar\/","og_locale":"pt_BR","og_type":"article","og_title":"Flamengo x Vasco: Coutinho vai jogar?","og_description":"O cl\u00e1ssico entre Flamengo e Vasco, marcado para este s\u00e1bado (15), \u00e0s 21h45 (de Bras\u00edlia), no Maracan\u00e3, promete agitar os \u00e2nimos dos torcedores. O grande destaque da partida pode ser o retorno de Philippe Coutinho ao time do Vasco, que vem se recuperando de um edema no adutor da coxa esquerda.&nbsp; Se o jogador for [&hellip;]","og_url":"https:\/\/www.gaveanews.com\/index.php\/2025\/02\/12\/flamengo-x-vasco-coutinho-vai-jogar\/","og_site_name":"G\u00e1vea News","article_publisher":"https:\/\/facebook.com\/gaveaNews\/","article_published_time":"2025-02-12T19:00:51+00:00","og_image":[{"width":799,"height":533,"url":"https:\/\/www.gaveanews.com\/wp-content\/uploads\/Philippe-Coutinho-durante-apresentacao-ao-Vasco-da-Gama-em-Sao-Januario.webp","type":"image\/jpeg"}],"author":"Rafaela Ladeira","twitter_card":"summary_large_image","twitter_misc":{"Escrito por":"Rafaela Ladeira","Est. tempo de leitura":"3 minutos"},"schema":{"@context":"https:\/\/schema.org","@graph":[{"@type":"NewsArticle","@id":"https:\/\/www.gaveanews.com\/index.php\/2025\/02\/12\/flamengo-x-vasco-coutinho-vai-jogar\/#article","isPartOf":{"@id":"https:\/\/www.gaveanews.com\/index.php\/2025\/02\/12\/flamengo-x-vasco-coutinho-vai-jogar\/"},"author":{"name":"Rafaela Ladeira","@id":"https:\/\/www.gaveanews.com\/#\/schema\/person\/0eb3e3fe1754f0205218538adbe8f5ed"},"headline":"Flamengo x Vasco: Coutinho vai jogar?","datePublished":"2025-02-12T19:00:51+00:00","mainEntityOfPage":{"@id":"https:\/\/www.gaveanews.com\/index.php\/2025\/02\/12\/flamengo-x-vasco-coutinho-vai-jogar\/"},"wordCount":399,"commentCount":0,"image":{"@id":"https:\/\/www.gaveanews.com\/index.php\/2025\/02\/12\/flamengo-x-vasco-coutinho-vai-jogar\/#primaryimage"},"thumbnailUrl":"https:\/\/www.gaveanews.com\/wp-content\/uploads\/Philippe-Coutinho-durante-apresentacao-ao-Vasco-da-Gama-em-Sao-Januario.webp","articleSection":["Flamengo","Vasco"],"inLanguage":"pt-BR","potentialAction":[{"@type":"CommentAction","name":"Comment","target":["https:\/\/www.gaveanews.com\/index.php\/2025\/02\/12\/flamengo-x-vasco-coutinho-vai-jogar\/#respond"]}],"copyrightYear":"2025","copyrightHolder":{"@id":"https:\/\/www.gaveanews.com\/#organization"}},{"@type":"WebPage","@id":"https:\/\/www.gaveanews.com\/index.php\/2025\/02\/12\/flamengo-x-vasco-coutinho-vai-jogar\/","url":"https:\/\/www.gaveanews.com\/index.php\/2025\/02\/12\/flamengo-x-vasco-coutinho-vai-jogar\/","name":"Flamengo x Vasco: Coutinho vai jogar?","isPartOf":{"@id":"https:\/\/www.gaveanews.com\/#website"},"primaryImageOfPage":{"@id":"https:\/\/www.gaveanews.com\/index.php\/2025\/02\/12\/flamengo-x-vasco-coutinho-vai-jogar\/#primaryimage"},"image":{"@id":"https:\/\/www.gaveanews.com\/index.php\/2025\/02\/12\/flamengo-x-vasco-coutinho-vai-jogar\/#primaryimage"},"thumbnailUrl":"https:\/\/www.gaveanews.com\/wp-content\/uploads\/Philippe-Coutinho-durante-apresentacao-ao-Vasco-da-Gama-em-Sao-Januario.webp","datePublished":"2025-02-12T19:00:51+00:00","author":{"@id":"https:\/\/www.gaveanews.com\/#\/schema\/person\/0eb3e3fe1754f0205218538adbe8f5ed"},"breadcrumb":{"@id":"https:\/\/www.gaveanews.com\/index.php\/2025\/02\/12\/flamengo-x-vasco-coutinho-vai-jogar\/#breadcrumb"},"inLanguage":"pt-BR","potentialAction":[{"@type":"ReadAction","target":["https:\/\/www.gaveanews.com\/index.php\/2025\/02\/12\/flamengo-x-vasco-coutinho-vai-jogar\/"]}]},{"@type":"ImageObject","inLanguage":"pt-BR","@id":"https:\/\/www.gaveanews.com\/index.php\/2025\/02\/12\/flamengo-x-vasco-coutinho-vai-jogar\/#primaryimage","url":"https:\/\/www.gaveanews.com\/wp-content\/uploads\/Philippe-Coutinho-durante-apresentacao-ao-Vasco-da-Gama-em-Sao-Januario.webp","contentUrl":"https:\/\/www.gaveanews.com\/wp-content\/uploads\/Philippe-Coutinho-durante-apresentacao-ao-Vasco-da-Gama-em-Sao-Januario.webp","width":799,"height":533,"caption":"Philippe Coutinho durante apresenta\u00e7\u00e3o ao Vasco da Gama em S\u00e3o Janu\u00e1rio (Foto: Reprodu\u00e7\u00e3o\/Vasco)"},{"@type":"BreadcrumbList","@id":"https:\/\/www.gaveanews.com\/index.php\/2025\/02\/12\/flamengo-x-vasco-coutinho-vai-jogar\/#breadcrumb","itemListElement":[{"@type":"ListItem","position":1,"name":"Home","item":"https:\/\/www.gaveanews.com\/"},{"@type":"ListItem","position":2,"name":"Flamengo x Vasco: Coutinho vai jogar?"}]},{"@type":"WebSite","@id":"https:\/\/www.gaveanews.com\/#website","url":"https:\/\/www.gaveanews.com\/","name":"G\u00e1vea News","description":"Veja todas as not\u00edcias sobre o Flamengo: Contrata\u00e7\u00f5es, categorias de base, resultados das partidas, tabela de classifica\u00e7\u00e3o, pr\u00f3ximos jogos!","potentialAction":[{"@type":"SearchAction","target":{"@type":"EntryPoint","urlTemplate":"https:\/\/www.gaveanews.com\/?s={search_term_string}"},"query-input":{"@type":"PropertyValueSpecification","valueRequired":true,"valueName":"search_term_string"}}],"inLanguage":"pt-BR"},{"@type":"Person","@id":"https:\/\/www.gaveanews.com\/#\/schema\/person\/0eb3e3fe1754f0205218538adbe8f5ed","name":"Rafaela Ladeira","image":{"@type":"ImageObject","inLanguage":"pt-BR","@id":"https:\/\/www.gaveanews.com\/#\/schema\/person\/image\/","url":"https:\/\/secure.gravatar.com\/avatar\/c31f513acffd85eacab5730cbdfdbbf59f21ba5aeada8cd890acea879fbb2455?s=96&d=mm&r=g","contentUrl":"https:\/\/secure.gravatar.com\/avatar\/c31f513acffd85eacab5730cbdfdbbf59f21ba5aeada8cd890acea879fbb2455?s=96&d=mm&r=g","caption":"Rafaela Ladeira"}}]}},"_links":{"self":[{"href":"https:\/\/www.gaveanews.com\/index.php\/wp-json\/wp\/v2\/posts\/226742","targetHints":{"allow":["GET"]}}],"collection":[{"href":"https:\/\/www.gaveanews.com\/index.php\/wp-json\/wp\/v2\/posts"}],"about":[{"href":"https:\/\/www.gaveanews.com\/index.php\/wp-json\/wp\/v2\/types\/post"}],"author":[{"embeddable":true,"href":"https:\/\/www.gaveanews.com\/index.php\/wp-json\/wp\/v2\/users\/25"}],"replies":[{"embeddable":true,"href":"https:\/\/www.gaveanews.com\/index.php\/wp-json\/wp\/v2\/comments?post=226742"}],"version-history":[{"count":1,"href":"https:\/\/www.gaveanews.com\/index.php\/wp-json\/wp\/v2\/posts\/226742\/revisions"}],"predecessor-version":[{"id":226744,"href":"https:\/\/www.gaveanews.com\/index.php\/wp-json\/wp\/v2\/posts\/226742\/revisions\/226744"}],"wp:featuredmedia":[{"embeddable":true,"href":"https:\/\/www.gaveanews.com\/index.php\/wp-json\/wp\/v2\/media\/153282"}],"wp:attachment":[{"href":"https:\/\/www.gaveanews.com\/index.php\/wp-json\/wp\/v2\/media?parent=226742"}],"wp:term":[{"taxonomy":"category","embeddable":true,"href":"https:\/\/www.gaveanews.com\/index.php\/wp-json\/wp\/v2\/categories?post=226742"},{"taxonomy":"post_tag","embeddable":true,"href":"https:\/\/www.gaveanews.com\/index.php\/wp-json\/wp\/v2\/tags?post=226742"}],"curies":[{"name":"wp","href":"https:\/\/api.w.org\/{rel}","templated":true}]}}