{"id":226748,"date":"2025-02-12T15:55:45","date_gmt":"2025-02-12T18:55:45","guid":{"rendered":"https:\/\/www.gaveanews.com\/?p=226748"},"modified":"2025-02-12T15:04:21","modified_gmt":"2025-02-12T18:04:21","slug":"martelo-batido-zubeldia-tem-futuro-definido-no-sao-paulo","status":"publish","type":"post","link":"https:\/\/www.gaveanews.com\/index.php\/2025\/02\/12\/martelo-batido-zubeldia-tem-futuro-definido-no-sao-paulo\/","title":{"rendered":"Martelo batido! Zubeld\u00eda tem futuro definido no S\u00e3o Paulo"},"content":{"rendered":"\n<p>A press\u00e3o sobre Luis Zubeld\u00eda no comando do S\u00e3o Paulo parece n\u00e3o ser suficiente para afetar sua perman\u00eancia no cargo. Apesar das recentes cr\u00edticas ap\u00f3s o empate sem gols contra a Inter de Limeira, a diretoria tricolor fez quest\u00e3o de deixar claro que o t\u00e9cnico argentino n\u00e3o ser\u00e1 demitido, mesmo em caso de derrotas para Velo Clube e Palmeiras. Dessa maneira, Zubeld\u00eda segue com seu futuro garantido, pelo menos, at\u00e9 o fim do Campeonato Paulista.<\/p>\n\n\n\n<h2 class=\"wp-block-heading\" id=\"h-a-confianca-da-diretoria-em-zubeldia\">A confian\u00e7a da diretoria em Zubeld\u00eda<\/h2>\n\n\n\n<p>Vale destacar que, apesar do desempenho abaixo das expectativas em algumas partidas, a gest\u00e3o do S\u00e3o Paulo n\u00e3o v\u00ea motivos para mudan\u00e7as dr\u00e1sticas. A diretoria deixou claro que n\u00e3o h\u00e1 planos para demitir o treinador neste momento, e a situa\u00e7\u00e3o n\u00e3o est\u00e1 sendo discutida internamente. Isso porque, mesmo com o empate frustrante, o clube entende que o processo de evolu\u00e7\u00e3o do time exige paci\u00eancia e perseveran\u00e7a.<\/p>\n\n\n\n<blockquote class=\"twitter-tweet\"><p lang=\"pt\" dir=\"ltr\">Zubeld\u00eda n\u00e3o ser\u00e1 demitido do S\u00e3o Paulo mesmo em caso de derrotas para Velo Clube e Palmeiras.<br><br>A diretoria tricolor deve bancar a perman\u00eancia do t\u00e9cnico argentino pelo menos at\u00e9 o fim do Campeonato Paulista.<br><br>\ud83d\uddde <a href=\"https:\/\/twitter.com\/_alexsander?ref_src=twsrc%5Etfw\">@_alexsander<\/a><br><br>\ud83d\udcf8 Erico Leonan\/SPFC<a href=\"https:\/\/twitter.com\/hashtag\/spfc?src=hash&amp;ref_src=twsrc%5Etfw\">#spfc<\/a> <a href=\"https:\/\/twitter.com\/hashtag\/tricolor?src=hash&amp;ref_src=twsrc%5Etfw\">#tricolor<\/a>\u2026 <a href=\"https:\/\/t.co\/7B6H1NzW2H\">pic.twitter.com\/7B6H1NzW2H<\/a><\/p>&mdash; Mercado do Futebol (@TransferenciaFC) <a href=\"https:\/\/twitter.com\/TransferenciaFC\/status\/1889678734694695112?ref_src=twsrc%5Etfw\">February 12, 2025<\/a><\/blockquote> <script async src=\"https:\/\/platform.twitter.com\/widgets.js\" charset=\"utf-8\"><\/script>\n\n\n\n<p>Ap\u00f3s o jogo contra a Inter de Limeira, Zubeld\u00eda reconheceu a dificuldade do resultado, apontando que a falta de convers\u00e3o das v\u00e1rias oportunidades de gol impediu o time de sair com a vit\u00f3ria. Sendo assim, o treinador acredita que, caso a equipe tivesse conseguido marcar ao menos um gol, a hist\u00f3ria do jogo poderia ser bem diferente, como j\u00e1 aconteceu em outras partidas.<\/p>\n\n\n\n<p>Al\u00e9m disso, o t\u00e9cnico argentino enfatizou que n\u00e3o \u00e9 hora de encarar o Campeonato Paulista com desespero. O foco do S\u00e3o Paulo segue em terminar a competi\u00e7\u00e3o nas primeiras posi\u00e7\u00f5es, e Zubeld\u00eda sabe que os advers\u00e1rios enfrentados t\u00eam bom n\u00edvel de preparo. Por isso, ele destaca a import\u00e2ncia de uma gest\u00e3o equilibrada do tempo de jogo dos atletas.<\/p>\n\n\n\n<h2 class=\"wp-block-heading\" id=\"h-proximo-jogo-do-sao-paulo-no-campeonato-paulista\">Pr\u00f3ximo jogo do S\u00e3o Paulo no Campeonato Paulista<\/h2>\n\n\n\n<p>O S\u00e3o Paulo entra em campo novamente nesta quinta-feira (11\/2) contra o Velo Clube, e Zubeld\u00eda sabe que essa ser\u00e1 mais uma oportunidade crucial para buscar a vit\u00f3ria e melhorar a classifica\u00e7\u00e3o na competi\u00e7\u00e3o. <\/p>\n\n\n\n<p>Cabe ressaltar que, mesmo diante de cr\u00edticas, o trabalho do treinador segue sendo apoiado pela diretoria, que acredita no potencial do argentino para alcan\u00e7ar os objetivos do clube. Com isso, o futuro de Zubeld\u00eda no S\u00e3o Paulo parece, ao menos por enquanto, assegurado.<\/p>\n","protected":false},"excerpt":{"rendered":"<p>A press\u00e3o sobre Luis Zubeld\u00eda no comando do S\u00e3o Paulo parece n\u00e3o ser suficiente para afetar sua perman\u00eancia no cargo. Apesar das recentes cr\u00edticas ap\u00f3s o empate sem gols contra a Inter de Limeira, a diretoria tricolor fez quest\u00e3o de deixar claro que o t\u00e9cnico argentino n\u00e3o ser\u00e1 demitido, mesmo em caso de derrotas para [&hellip;]<\/p>\n","protected":false},"author":24,"featured_media":143461,"comment_status":"open","ping_status":"closed","sticky":false,"template":"","format":"standard","meta":{"footnotes":""},"categories":[151],"tags":[],"class_list":["post-226748","post","type-post","status-publish","format-standard","has-post-thumbnail","hentry","category-sao-paulo"],"yoast_head":"<!-- This site is optimized with the Yoast SEO Premium plugin v24.2 (Yoast SEO v26.9) - https:\/\/yoast.com\/product\/yoast-seo-premium-wordpress\/ -->\n<title>Martelo batido! Zubeld\u00eda tem futuro definido no S\u00e3o Paulo<\/title>\n<meta name=\"robots\" content=\"index, follow, max-snippet:-1, max-image-preview:large, max-video-preview:-1\" \/>\n<link rel=\"canonical\" href=\"https:\/\/www.gaveanews.com\/index.php\/2025\/02\/12\/martelo-batido-zubeldia-tem-futuro-definido-no-sao-paulo\/\" \/>\n<meta property=\"og:locale\" content=\"pt_BR\" \/>\n<meta property=\"og:type\" content=\"article\" \/>\n<meta property=\"og:title\" content=\"Martelo batido! Zubeld\u00eda tem futuro definido no S\u00e3o Paulo\" \/>\n<meta property=\"og:description\" content=\"A press\u00e3o sobre Luis Zubeld\u00eda no comando do S\u00e3o Paulo parece n\u00e3o ser suficiente para afetar sua perman\u00eancia no cargo. Apesar das recentes cr\u00edticas ap\u00f3s o empate sem gols contra a Inter de Limeira, a diretoria tricolor fez quest\u00e3o de deixar claro que o t\u00e9cnico argentino n\u00e3o ser\u00e1 demitido, mesmo em caso de derrotas para [&hellip;]\" \/>\n<meta property=\"og:url\" content=\"https:\/\/www.gaveanews.com\/index.php\/2025\/02\/12\/martelo-batido-zubeldia-tem-futuro-definido-no-sao-paulo\/\" \/>\n<meta property=\"og:site_name\" content=\"G\u00e1vea News\" \/>\n<meta property=\"article:publisher\" content=\"https:\/\/facebook.com\/gaveaNews\/\" \/>\n<meta property=\"article:published_time\" content=\"2025-02-12T18:55:45+00:00\" \/>\n<meta property=\"og:image\" content=\"https:\/\/www.gaveanews.com\/wp-content\/uploads\/i-18.webp\" \/>\n\t<meta property=\"og:image:width\" content=\"570\" \/>\n\t<meta property=\"og:image:height\" content=\"321\" \/>\n\t<meta property=\"og:image:type\" content=\"image\/jpeg\" \/>\n<meta name=\"author\" content=\"Leandro Cardoso\" \/>\n<meta name=\"twitter:card\" content=\"summary_large_image\" \/>\n<meta name=\"twitter:label1\" content=\"Escrito por\" \/>\n\t<meta name=\"twitter:data1\" content=\"Leandro Cardoso\" \/>\n\t<meta name=\"twitter:label2\" content=\"Est. tempo de leitura\" \/>\n\t<meta name=\"twitter:data2\" content=\"3 minutos\" \/>\n<script type=\"application\/ld+json\" class=\"yoast-schema-graph\">{\"@context\":\"https:\/\/schema.org\",\"@graph\":[{\"@type\":\"NewsArticle\",\"@id\":\"https:\/\/www.gaveanews.com\/index.php\/2025\/02\/12\/martelo-batido-zubeldia-tem-futuro-definido-no-sao-paulo\/#article\",\"isPartOf\":{\"@id\":\"https:\/\/www.gaveanews.com\/index.php\/2025\/02\/12\/martelo-batido-zubeldia-tem-futuro-definido-no-sao-paulo\/\"},\"author\":{\"name\":\"Leandro Cardoso\",\"@id\":\"https:\/\/www.gaveanews.com\/#\/schema\/person\/2424ec6409bc3f068411fc5e4e9b6168\"},\"headline\":\"Martelo batido! Zubeld\u00eda tem futuro definido no S\u00e3o Paulo\",\"datePublished\":\"2025-02-12T18:55:45+00:00\",\"mainEntityOfPage\":{\"@id\":\"https:\/\/www.gaveanews.com\/index.php\/2025\/02\/12\/martelo-batido-zubeldia-tem-futuro-definido-no-sao-paulo\/\"},\"wordCount\":474,\"commentCount\":0,\"image\":{\"@id\":\"https:\/\/www.gaveanews.com\/index.php\/2025\/02\/12\/martelo-batido-zubeldia-tem-futuro-definido-no-sao-paulo\/#primaryimage\"},\"thumbnailUrl\":\"https:\/\/www.gaveanews.com\/wp-content\/uploads\/i-18.webp\",\"articleSection\":[\"S\u00e3o Paulo\"],\"inLanguage\":\"pt-BR\",\"potentialAction\":[{\"@type\":\"CommentAction\",\"name\":\"Comment\",\"target\":[\"https:\/\/www.gaveanews.com\/index.php\/2025\/02\/12\/martelo-batido-zubeldia-tem-futuro-definido-no-sao-paulo\/#respond\"]}],\"copyrightYear\":\"2025\",\"copyrightHolder\":{\"@id\":\"https:\/\/www.gaveanews.com\/#organization\"}},{\"@type\":\"WebPage\",\"@id\":\"https:\/\/www.gaveanews.com\/index.php\/2025\/02\/12\/martelo-batido-zubeldia-tem-futuro-definido-no-sao-paulo\/\",\"url\":\"https:\/\/www.gaveanews.com\/index.php\/2025\/02\/12\/martelo-batido-zubeldia-tem-futuro-definido-no-sao-paulo\/\",\"name\":\"Martelo batido! Zubeld\u00eda tem futuro definido no S\u00e3o Paulo\",\"isPartOf\":{\"@id\":\"https:\/\/www.gaveanews.com\/#website\"},\"primaryImageOfPage\":{\"@id\":\"https:\/\/www.gaveanews.com\/index.php\/2025\/02\/12\/martelo-batido-zubeldia-tem-futuro-definido-no-sao-paulo\/#primaryimage\"},\"image\":{\"@id\":\"https:\/\/www.gaveanews.com\/index.php\/2025\/02\/12\/martelo-batido-zubeldia-tem-futuro-definido-no-sao-paulo\/#primaryimage\"},\"thumbnailUrl\":\"https:\/\/www.gaveanews.com\/wp-content\/uploads\/i-18.webp\",\"datePublished\":\"2025-02-12T18:55:45+00:00\",\"author\":{\"@id\":\"https:\/\/www.gaveanews.com\/#\/schema\/person\/2424ec6409bc3f068411fc5e4e9b6168\"},\"breadcrumb\":{\"@id\":\"https:\/\/www.gaveanews.com\/index.php\/2025\/02\/12\/martelo-batido-zubeldia-tem-futuro-definido-no-sao-paulo\/#breadcrumb\"},\"inLanguage\":\"pt-BR\",\"potentialAction\":[{\"@type\":\"ReadAction\",\"target\":[\"https:\/\/www.gaveanews.com\/index.php\/2025\/02\/12\/martelo-batido-zubeldia-tem-futuro-definido-no-sao-paulo\/\"]}]},{\"@type\":\"ImageObject\",\"inLanguage\":\"pt-BR\",\"@id\":\"https:\/\/www.gaveanews.com\/index.php\/2025\/02\/12\/martelo-batido-zubeldia-tem-futuro-definido-no-sao-paulo\/#primaryimage\",\"url\":\"https:\/\/www.gaveanews.com\/wp-content\/uploads\/i-18.webp\",\"contentUrl\":\"https:\/\/www.gaveanews.com\/wp-content\/uploads\/i-18.webp\",\"width\":570,\"height\":321,\"caption\":\"Luis Zubeld\u00eda durante S\u00e3o Paulo x Fluminense Alexandre Schneider\/Getty Images\"},{\"@type\":\"BreadcrumbList\",\"@id\":\"https:\/\/www.gaveanews.com\/index.php\/2025\/02\/12\/martelo-batido-zubeldia-tem-futuro-definido-no-sao-paulo\/#breadcrumb\",\"itemListElement\":[{\"@type\":\"ListItem\",\"position\":1,\"name\":\"Home\",\"item\":\"https:\/\/www.gaveanews.com\/\"},{\"@type\":\"ListItem\",\"position\":2,\"name\":\"Martelo batido! Zubeld\u00eda tem futuro definido no S\u00e3o Paulo\"}]},{\"@type\":\"WebSite\",\"@id\":\"https:\/\/www.gaveanews.com\/#website\",\"url\":\"https:\/\/www.gaveanews.com\/\",\"name\":\"G\u00e1vea News\",\"description\":\"Veja todas as not\u00edcias sobre o Flamengo: Contrata\u00e7\u00f5es, categorias de base, resultados das partidas, tabela de classifica\u00e7\u00e3o, pr\u00f3ximos jogos!\",\"potentialAction\":[{\"@type\":\"SearchAction\",\"target\":{\"@type\":\"EntryPoint\",\"urlTemplate\":\"https:\/\/www.gaveanews.com\/?s={search_term_string}\"},\"query-input\":{\"@type\":\"PropertyValueSpecification\",\"valueRequired\":true,\"valueName\":\"search_term_string\"}}],\"inLanguage\":\"pt-BR\"},{\"@type\":\"Person\",\"@id\":\"https:\/\/www.gaveanews.com\/#\/schema\/person\/2424ec6409bc3f068411fc5e4e9b6168\",\"name\":\"Leandro Cardoso\",\"image\":{\"@type\":\"ImageObject\",\"inLanguage\":\"pt-BR\",\"@id\":\"https:\/\/www.gaveanews.com\/#\/schema\/person\/image\/\",\"url\":\"https:\/\/secure.gravatar.com\/avatar\/8ca179f9b55eefe9f376f5493ef25475bfa59fbc28ce937f6076ce20e523098f?s=96&d=mm&r=g\",\"contentUrl\":\"https:\/\/secure.gravatar.com\/avatar\/8ca179f9b55eefe9f376f5493ef25475bfa59fbc28ce937f6076ce20e523098f?s=96&d=mm&r=g\",\"caption\":\"Leandro Cardoso\"}}]}<\/script>\n<!-- \/ Yoast SEO Premium plugin. -->","yoast_head_json":{"title":"Martelo batido! Zubeld\u00eda tem futuro definido no S\u00e3o Paulo","robots":{"index":"index","follow":"follow","max-snippet":"max-snippet:-1","max-image-preview":"max-image-preview:large","max-video-preview":"max-video-preview:-1"},"canonical":"https:\/\/www.gaveanews.com\/index.php\/2025\/02\/12\/martelo-batido-zubeldia-tem-futuro-definido-no-sao-paulo\/","og_locale":"pt_BR","og_type":"article","og_title":"Martelo batido! Zubeld\u00eda tem futuro definido no S\u00e3o Paulo","og_description":"A press\u00e3o sobre Luis Zubeld\u00eda no comando do S\u00e3o Paulo parece n\u00e3o ser suficiente para afetar sua perman\u00eancia no cargo. Apesar das recentes cr\u00edticas ap\u00f3s o empate sem gols contra a Inter de Limeira, a diretoria tricolor fez quest\u00e3o de deixar claro que o t\u00e9cnico argentino n\u00e3o ser\u00e1 demitido, mesmo em caso de derrotas para [&hellip;]","og_url":"https:\/\/www.gaveanews.com\/index.php\/2025\/02\/12\/martelo-batido-zubeldia-tem-futuro-definido-no-sao-paulo\/","og_site_name":"G\u00e1vea News","article_publisher":"https:\/\/facebook.com\/gaveaNews\/","article_published_time":"2025-02-12T18:55:45+00:00","og_image":[{"width":570,"height":321,"url":"https:\/\/www.gaveanews.com\/wp-content\/uploads\/i-18.webp","type":"image\/jpeg"}],"author":"Leandro Cardoso","twitter_card":"summary_large_image","twitter_misc":{"Escrito por":"Leandro Cardoso","Est. tempo de leitura":"3 minutos"},"schema":{"@context":"https:\/\/schema.org","@graph":[{"@type":"NewsArticle","@id":"https:\/\/www.gaveanews.com\/index.php\/2025\/02\/12\/martelo-batido-zubeldia-tem-futuro-definido-no-sao-paulo\/#article","isPartOf":{"@id":"https:\/\/www.gaveanews.com\/index.php\/2025\/02\/12\/martelo-batido-zubeldia-tem-futuro-definido-no-sao-paulo\/"},"author":{"name":"Leandro Cardoso","@id":"https:\/\/www.gaveanews.com\/#\/schema\/person\/2424ec6409bc3f068411fc5e4e9b6168"},"headline":"Martelo batido! Zubeld\u00eda tem futuro definido no S\u00e3o Paulo","datePublished":"2025-02-12T18:55:45+00:00","mainEntityOfPage":{"@id":"https:\/\/www.gaveanews.com\/index.php\/2025\/02\/12\/martelo-batido-zubeldia-tem-futuro-definido-no-sao-paulo\/"},"wordCount":474,"commentCount":0,"image":{"@id":"https:\/\/www.gaveanews.com\/index.php\/2025\/02\/12\/martelo-batido-zubeldia-tem-futuro-definido-no-sao-paulo\/#primaryimage"},"thumbnailUrl":"https:\/\/www.gaveanews.com\/wp-content\/uploads\/i-18.webp","articleSection":["S\u00e3o Paulo"],"inLanguage":"pt-BR","potentialAction":[{"@type":"CommentAction","name":"Comment","target":["https:\/\/www.gaveanews.com\/index.php\/2025\/02\/12\/martelo-batido-zubeldia-tem-futuro-definido-no-sao-paulo\/#respond"]}],"copyrightYear":"2025","copyrightHolder":{"@id":"https:\/\/www.gaveanews.com\/#organization"}},{"@type":"WebPage","@id":"https:\/\/www.gaveanews.com\/index.php\/2025\/02\/12\/martelo-batido-zubeldia-tem-futuro-definido-no-sao-paulo\/","url":"https:\/\/www.gaveanews.com\/index.php\/2025\/02\/12\/martelo-batido-zubeldia-tem-futuro-definido-no-sao-paulo\/","name":"Martelo batido! Zubeld\u00eda tem futuro definido no S\u00e3o Paulo","isPartOf":{"@id":"https:\/\/www.gaveanews.com\/#website"},"primaryImageOfPage":{"@id":"https:\/\/www.gaveanews.com\/index.php\/2025\/02\/12\/martelo-batido-zubeldia-tem-futuro-definido-no-sao-paulo\/#primaryimage"},"image":{"@id":"https:\/\/www.gaveanews.com\/index.php\/2025\/02\/12\/martelo-batido-zubeldia-tem-futuro-definido-no-sao-paulo\/#primaryimage"},"thumbnailUrl":"https:\/\/www.gaveanews.com\/wp-content\/uploads\/i-18.webp","datePublished":"2025-02-12T18:55:45+00:00","author":{"@id":"https:\/\/www.gaveanews.com\/#\/schema\/person\/2424ec6409bc3f068411fc5e4e9b6168"},"breadcrumb":{"@id":"https:\/\/www.gaveanews.com\/index.php\/2025\/02\/12\/martelo-batido-zubeldia-tem-futuro-definido-no-sao-paulo\/#breadcrumb"},"inLanguage":"pt-BR","potentialAction":[{"@type":"ReadAction","target":["https:\/\/www.gaveanews.com\/index.php\/2025\/02\/12\/martelo-batido-zubeldia-tem-futuro-definido-no-sao-paulo\/"]}]},{"@type":"ImageObject","inLanguage":"pt-BR","@id":"https:\/\/www.gaveanews.com\/index.php\/2025\/02\/12\/martelo-batido-zubeldia-tem-futuro-definido-no-sao-paulo\/#primaryimage","url":"https:\/\/www.gaveanews.com\/wp-content\/uploads\/i-18.webp","contentUrl":"https:\/\/www.gaveanews.com\/wp-content\/uploads\/i-18.webp","width":570,"height":321,"caption":"Luis Zubeld\u00eda durante S\u00e3o Paulo x Fluminense Alexandre Schneider\/Getty Images"},{"@type":"BreadcrumbList","@id":"https:\/\/www.gaveanews.com\/index.php\/2025\/02\/12\/martelo-batido-zubeldia-tem-futuro-definido-no-sao-paulo\/#breadcrumb","itemListElement":[{"@type":"ListItem","position":1,"name":"Home","item":"https:\/\/www.gaveanews.com\/"},{"@type":"ListItem","position":2,"name":"Martelo batido! Zubeld\u00eda tem futuro definido no S\u00e3o Paulo"}]},{"@type":"WebSite","@id":"https:\/\/www.gaveanews.com\/#website","url":"https:\/\/www.gaveanews.com\/","name":"G\u00e1vea News","description":"Veja todas as not\u00edcias sobre o Flamengo: Contrata\u00e7\u00f5es, categorias de base, resultados das partidas, tabela de classifica\u00e7\u00e3o, pr\u00f3ximos jogos!","potentialAction":[{"@type":"SearchAction","target":{"@type":"EntryPoint","urlTemplate":"https:\/\/www.gaveanews.com\/?s={search_term_string}"},"query-input":{"@type":"PropertyValueSpecification","valueRequired":true,"valueName":"search_term_string"}}],"inLanguage":"pt-BR"},{"@type":"Person","@id":"https:\/\/www.gaveanews.com\/#\/schema\/person\/2424ec6409bc3f068411fc5e4e9b6168","name":"Leandro Cardoso","image":{"@type":"ImageObject","inLanguage":"pt-BR","@id":"https:\/\/www.gaveanews.com\/#\/schema\/person\/image\/","url":"https:\/\/secure.gravatar.com\/avatar\/8ca179f9b55eefe9f376f5493ef25475bfa59fbc28ce937f6076ce20e523098f?s=96&d=mm&r=g","contentUrl":"https:\/\/secure.gravatar.com\/avatar\/8ca179f9b55eefe9f376f5493ef25475bfa59fbc28ce937f6076ce20e523098f?s=96&d=mm&r=g","caption":"Leandro Cardoso"}}]}},"_links":{"self":[{"href":"https:\/\/www.gaveanews.com\/index.php\/wp-json\/wp\/v2\/posts\/226748","targetHints":{"allow":["GET"]}}],"collection":[{"href":"https:\/\/www.gaveanews.com\/index.php\/wp-json\/wp\/v2\/posts"}],"about":[{"href":"https:\/\/www.gaveanews.com\/index.php\/wp-json\/wp\/v2\/types\/post"}],"author":[{"embeddable":true,"href":"https:\/\/www.gaveanews.com\/index.php\/wp-json\/wp\/v2\/users\/24"}],"replies":[{"embeddable":true,"href":"https:\/\/www.gaveanews.com\/index.php\/wp-json\/wp\/v2\/comments?post=226748"}],"version-history":[{"count":1,"href":"https:\/\/www.gaveanews.com\/index.php\/wp-json\/wp\/v2\/posts\/226748\/revisions"}],"predecessor-version":[{"id":226751,"href":"https:\/\/www.gaveanews.com\/index.php\/wp-json\/wp\/v2\/posts\/226748\/revisions\/226751"}],"wp:featuredmedia":[{"embeddable":true,"href":"https:\/\/www.gaveanews.com\/index.php\/wp-json\/wp\/v2\/media\/143461"}],"wp:attachment":[{"href":"https:\/\/www.gaveanews.com\/index.php\/wp-json\/wp\/v2\/media?parent=226748"}],"wp:term":[{"taxonomy":"category","embeddable":true,"href":"https:\/\/www.gaveanews.com\/index.php\/wp-json\/wp\/v2\/categories?post=226748"},{"taxonomy":"post_tag","embeddable":true,"href":"https:\/\/www.gaveanews.com\/index.php\/wp-json\/wp\/v2\/tags?post=226748"}],"curies":[{"name":"wp","href":"https:\/\/api.w.org\/{rel}","templated":true}]}}