{"id":226884,"date":"2025-02-12T22:25:00","date_gmt":"2025-02-13T01:25:00","guid":{"rendered":"https:\/\/www.gaveanews.com\/?p=226884"},"modified":"2025-02-12T20:43:44","modified_gmt":"2025-02-12T23:43:44","slug":"ex-jogador-do-vasco-recebe-premio-no-futebol-portugues","status":"publish","type":"post","link":"https:\/\/www.gaveanews.com\/index.php\/2025\/02\/12\/ex-jogador-do-vasco-recebe-premio-no-futebol-portugues\/","title":{"rendered":"Ex-jogador do Vasco recebe pr\u00eamio no futebol portugu\u00eas"},"content":{"rendered":"\n<p>Clayton, do Rio Ave, foi escolhido como o artilheiro do m\u00eas na Liga Portuguesa. O ex-atacante do Vasco venceu o centroavante Pavlidis, do Benfica, na vota\u00e7\u00e3o realizada pelos treinadores da primeira divis\u00e3o portuguesa.<\/p>\n\n\n\n<p>O atleta de 26 anos atravessa uma excelente fase, com 12 gols anotados e uma assist\u00eancia nos \u00faltimos 14 compromissos. Ele ganhou destaque recentemente ao fazer os dois gols da sua equipe na vit\u00f3ria por 2 a 1 sobre S\u00e3o Jo\u00e3o de Ver, assegurando a passagem para a semifinal da Ta\u00e7a de Portugal.<\/p>\n\n\n\n<p>Clayton, ex-atleta do Casa Pia, de Portugal, foi cedido ao Vasco em janeiro de 2024. No meio do \u00faltimo ano, foi contratado de forma definitiva pelo clube do Rio de Janeiro, por\u00e9m emprestado ao Rio Ave. O v\u00ednculo com a equipe atual se estende at\u00e9 junho deste ano.<\/p>\n\n\n\n<figure class=\"wp-block-embed is-type-photo is-provider-flickr wp-block-embed-flickr\"><div class=\"wp-block-embed__wrapper\">\n<a href=\"https:\/\/www.flickr.com\/photos\/201636948@N07\/54323733593\/in\/dateposted-public\/\"><img loading=\"lazy\" decoding=\"async\" src=\"https:\/\/live.staticflickr.com\/65535\/54323733593_d7734b9a5d_z.webp\" alt=\"Avancado_Site_Novo_545691ced0\" width=\"640\" height=\"360\" \/><\/a>\n<\/div><\/figure>\n\n\n\n<h2 class=\"wp-block-heading\" id=\"h-vasco-tem-reforcos-para-os-proximos-jogos\">Vasco tem refor\u00e7os para os pr\u00f3ximos jogos<\/h2>\n\n\n\n<p>No Vasco, o treinador F\u00e1bio Carille recebeu boas not\u00edcias. Dos quatro jogadores de ponta \u00e0 disposi\u00e7\u00e3o no elenco, dois estavam em falta. Referimo-nos aos atacantes Rayan, que retornou da Sele\u00e7\u00e3o Brasileira Sub-20, e Adson, que se restabeleceu de uma les\u00e3o sofrida em agosto do \u00faltimo ano.<\/p>\n\n\n\n<p>Rayan n\u00e3o faz parte do elenco desde o come\u00e7o de 2025. O jogador de ataque foi selecionado para representar o Brasil no Sul-Americano Sub-20, que ocorrer\u00e1 na Venezuela. Como a competi\u00e7\u00e3o termina no pr\u00f3ximo domingo (16), Rayan pode ser uma op\u00e7\u00e3o para Carille para o jogo contra o Uni\u00e3o-MT, v\u00e1lido pela Copa do Brasil.<\/p>\n\n\n\n<p>Em contrapartida, Adson conseguiu se recuperar de uma les\u00e3o na canela direita. O atleta foi lesionado em 26 de agosto de 2024, em meio a um jogo do Brasileir\u00e3o. No total, ficou cinco meses sem jogar futebol. Ao contr\u00e1rio de Rayan, Adson pode ser convocado para a partida contra o Flamengo, marcada para o pr\u00f3ximo s\u00e1bado (15), no Maracan\u00e3.<\/p>\n\n\n\n<p>Com apenas 18 anos, Rayan tem a oportunidade de voltar \u00e0 equipe principal com Carille no Vasco. O jogador \u00e9 vers\u00e1til, tendo a capacidade de jogar como atacante centralizado na falta de Vegetti ou at\u00e9 mesmo ao lado do argentino. Uma alternativa seria atuar como ponta-direita, pois, assim como Adson, ele tamb\u00e9m \u00e9 destro.<\/p>\n\n\n\n<p>Em contrapartida, Adson, que era crucial para o Cruz-Maltino antes da contus\u00e3o, proporcionando velocidade e quebrando linhas de jogo, poderia formar dupla com Coutinho, avan\u00e7ando para as laterais e abrindo caminho para o lateral-direito Paulo Henrique, um dos destaques de 2025.<\/p>\n\n\n\n<p>Essa din\u00e2mica pode ser fundamental para a estrat\u00e9gia de jogo de Carille, que deve aproveitar a velocidade e a agilidade dos atletas para gerar mais alternativas ofensivas. Com a adi\u00e7\u00e3o de Adson e Rayan, o time amplia sua mobilidade e profundidade, tornando-se mais imprevis\u00edvel e desafiador para se defender.<\/p>\n","protected":false},"excerpt":{"rendered":"<p>Clayton, do Rio Ave, foi escolhido como o artilheiro do m\u00eas na Liga Portuguesa. O ex-atacante do Vasco venceu o centroavante Pavlidis, do Benfica, na vota\u00e7\u00e3o realizada pelos treinadores da primeira divis\u00e3o portuguesa. O atleta de 26 anos atravessa uma excelente fase, com 12 gols anotados e uma assist\u00eancia nos \u00faltimos 14 compromissos. Ele ganhou [&hellip;]<\/p>\n","protected":false},"author":16,"featured_media":161261,"comment_status":"open","ping_status":"closed","sticky":false,"template":"","format":"standard","meta":{"footnotes":""},"categories":[152],"tags":[],"class_list":["post-226884","post","type-post","status-publish","format-standard","has-post-thumbnail","hentry","category-vasco"],"yoast_head":"<!-- This site is optimized with the Yoast SEO Premium plugin v24.2 (Yoast SEO v26.9) - https:\/\/yoast.com\/product\/yoast-seo-premium-wordpress\/ -->\n<title>Ex-jogador do Vasco recebe pr\u00eamio no futebol portugu\u00eas<\/title>\n<meta name=\"robots\" content=\"index, follow, max-snippet:-1, max-image-preview:large, max-video-preview:-1\" \/>\n<link rel=\"canonical\" href=\"https:\/\/www.gaveanews.com\/index.php\/2025\/02\/12\/ex-jogador-do-vasco-recebe-premio-no-futebol-portugues\/\" \/>\n<meta property=\"og:locale\" content=\"pt_BR\" \/>\n<meta property=\"og:type\" content=\"article\" \/>\n<meta property=\"og:title\" content=\"Ex-jogador do Vasco recebe pr\u00eamio no futebol portugu\u00eas\" \/>\n<meta property=\"og:description\" content=\"Clayton, do Rio Ave, foi escolhido como o artilheiro do m\u00eas na Liga Portuguesa. O ex-atacante do Vasco venceu o centroavante Pavlidis, do Benfica, na vota\u00e7\u00e3o realizada pelos treinadores da primeira divis\u00e3o portuguesa. O atleta de 26 anos atravessa uma excelente fase, com 12 gols anotados e uma assist\u00eancia nos \u00faltimos 14 compromissos. Ele ganhou [&hellip;]\" \/>\n<meta property=\"og:url\" content=\"https:\/\/www.gaveanews.com\/index.php\/2025\/02\/12\/ex-jogador-do-vasco-recebe-premio-no-futebol-portugues\/\" \/>\n<meta property=\"og:site_name\" content=\"G\u00e1vea News\" \/>\n<meta property=\"article:publisher\" content=\"https:\/\/facebook.com\/gaveaNews\/\" \/>\n<meta property=\"article:published_time\" content=\"2025-02-13T01:25:00+00:00\" \/>\n<meta property=\"og:image\" content=\"https:\/\/www.gaveanews.com\/wp-content\/uploads\/Camisa-do-Vasco-2024.webp\" \/>\n\t<meta property=\"og:image:width\" content=\"1059\" \/>\n\t<meta property=\"og:image:height\" content=\"794\" \/>\n\t<meta property=\"og:image:type\" content=\"image\/webp\" \/>\n<meta name=\"author\" content=\"D\u00e9bora Figueiredo\" \/>\n<meta name=\"twitter:card\" content=\"summary_large_image\" \/>\n<meta name=\"twitter:label1\" content=\"Escrito por\" \/>\n\t<meta name=\"twitter:data1\" content=\"D\u00e9bora Figueiredo\" \/>\n\t<meta name=\"twitter:label2\" content=\"Est. tempo de leitura\" \/>\n\t<meta name=\"twitter:data2\" content=\"3 minutos\" \/>\n<script type=\"application\/ld+json\" class=\"yoast-schema-graph\">{\"@context\":\"https:\/\/schema.org\",\"@graph\":[{\"@type\":\"NewsArticle\",\"@id\":\"https:\/\/www.gaveanews.com\/index.php\/2025\/02\/12\/ex-jogador-do-vasco-recebe-premio-no-futebol-portugues\/#article\",\"isPartOf\":{\"@id\":\"https:\/\/www.gaveanews.com\/index.php\/2025\/02\/12\/ex-jogador-do-vasco-recebe-premio-no-futebol-portugues\/\"},\"author\":{\"name\":\"D\u00e9bora Figueiredo\",\"@id\":\"https:\/\/www.gaveanews.com\/#\/schema\/person\/37122681a8575a5c8db05a56f099a5e4\"},\"headline\":\"Ex-jogador do Vasco recebe pr\u00eamio no futebol portugu\u00eas\",\"datePublished\":\"2025-02-13T01:25:00+00:00\",\"mainEntityOfPage\":{\"@id\":\"https:\/\/www.gaveanews.com\/index.php\/2025\/02\/12\/ex-jogador-do-vasco-recebe-premio-no-futebol-portugues\/\"},\"wordCount\":482,\"commentCount\":0,\"image\":{\"@id\":\"https:\/\/www.gaveanews.com\/index.php\/2025\/02\/12\/ex-jogador-do-vasco-recebe-premio-no-futebol-portugues\/#primaryimage\"},\"thumbnailUrl\":\"https:\/\/www.gaveanews.com\/wp-content\/uploads\/Camisa-do-Vasco-2024.webp\",\"articleSection\":[\"Vasco\"],\"inLanguage\":\"pt-BR\",\"potentialAction\":[{\"@type\":\"CommentAction\",\"name\":\"Comment\",\"target\":[\"https:\/\/www.gaveanews.com\/index.php\/2025\/02\/12\/ex-jogador-do-vasco-recebe-premio-no-futebol-portugues\/#respond\"]}],\"copyrightYear\":\"2025\",\"copyrightHolder\":{\"@id\":\"https:\/\/www.gaveanews.com\/#organization\"}},{\"@type\":\"WebPage\",\"@id\":\"https:\/\/www.gaveanews.com\/index.php\/2025\/02\/12\/ex-jogador-do-vasco-recebe-premio-no-futebol-portugues\/\",\"url\":\"https:\/\/www.gaveanews.com\/index.php\/2025\/02\/12\/ex-jogador-do-vasco-recebe-premio-no-futebol-portugues\/\",\"name\":\"Ex-jogador do Vasco recebe pr\u00eamio no futebol portugu\u00eas\",\"isPartOf\":{\"@id\":\"https:\/\/www.gaveanews.com\/#website\"},\"primaryImageOfPage\":{\"@id\":\"https:\/\/www.gaveanews.com\/index.php\/2025\/02\/12\/ex-jogador-do-vasco-recebe-premio-no-futebol-portugues\/#primaryimage\"},\"image\":{\"@id\":\"https:\/\/www.gaveanews.com\/index.php\/2025\/02\/12\/ex-jogador-do-vasco-recebe-premio-no-futebol-portugues\/#primaryimage\"},\"thumbnailUrl\":\"https:\/\/www.gaveanews.com\/wp-content\/uploads\/Camisa-do-Vasco-2024.webp\",\"datePublished\":\"2025-02-13T01:25:00+00:00\",\"author\":{\"@id\":\"https:\/\/www.gaveanews.com\/#\/schema\/person\/37122681a8575a5c8db05a56f099a5e4\"},\"breadcrumb\":{\"@id\":\"https:\/\/www.gaveanews.com\/index.php\/2025\/02\/12\/ex-jogador-do-vasco-recebe-premio-no-futebol-portugues\/#breadcrumb\"},\"inLanguage\":\"pt-BR\",\"potentialAction\":[{\"@type\":\"ReadAction\",\"target\":[\"https:\/\/www.gaveanews.com\/index.php\/2025\/02\/12\/ex-jogador-do-vasco-recebe-premio-no-futebol-portugues\/\"]}]},{\"@type\":\"ImageObject\",\"inLanguage\":\"pt-BR\",\"@id\":\"https:\/\/www.gaveanews.com\/index.php\/2025\/02\/12\/ex-jogador-do-vasco-recebe-premio-no-futebol-portugues\/#primaryimage\",\"url\":\"https:\/\/www.gaveanews.com\/wp-content\/uploads\/Camisa-do-Vasco-2024.webp\",\"contentUrl\":\"https:\/\/www.gaveanews.com\/wp-content\/uploads\/Camisa-do-Vasco-2024.webp\",\"width\":1059,\"height\":794,\"caption\":\"Camisa do Vasco 2024 (Foto: Reprodu\u00e7\u00e3o\/Instagram)\"},{\"@type\":\"BreadcrumbList\",\"@id\":\"https:\/\/www.gaveanews.com\/index.php\/2025\/02\/12\/ex-jogador-do-vasco-recebe-premio-no-futebol-portugues\/#breadcrumb\",\"itemListElement\":[{\"@type\":\"ListItem\",\"position\":1,\"name\":\"Home\",\"item\":\"https:\/\/www.gaveanews.com\/\"},{\"@type\":\"ListItem\",\"position\":2,\"name\":\"Ex-jogador do Vasco recebe pr\u00eamio no futebol portugu\u00eas\"}]},{\"@type\":\"WebSite\",\"@id\":\"https:\/\/www.gaveanews.com\/#website\",\"url\":\"https:\/\/www.gaveanews.com\/\",\"name\":\"G\u00e1vea News\",\"description\":\"Veja todas as not\u00edcias sobre o Flamengo: Contrata\u00e7\u00f5es, categorias de base, resultados das partidas, tabela de classifica\u00e7\u00e3o, pr\u00f3ximos jogos!\",\"potentialAction\":[{\"@type\":\"SearchAction\",\"target\":{\"@type\":\"EntryPoint\",\"urlTemplate\":\"https:\/\/www.gaveanews.com\/?s={search_term_string}\"},\"query-input\":{\"@type\":\"PropertyValueSpecification\",\"valueRequired\":true,\"valueName\":\"search_term_string\"}}],\"inLanguage\":\"pt-BR\"},{\"@type\":\"Person\",\"@id\":\"https:\/\/www.gaveanews.com\/#\/schema\/person\/37122681a8575a5c8db05a56f099a5e4\",\"name\":\"D\u00e9bora Figueiredo\",\"image\":{\"@type\":\"ImageObject\",\"inLanguage\":\"pt-BR\",\"@id\":\"https:\/\/www.gaveanews.com\/#\/schema\/person\/image\/\",\"url\":\"https:\/\/secure.gravatar.com\/avatar\/1f44802859351588499d26f52aed1d15796ce17e67602895b72837c08018868d?s=96&d=mm&r=g\",\"contentUrl\":\"https:\/\/secure.gravatar.com\/avatar\/1f44802859351588499d26f52aed1d15796ce17e67602895b72837c08018868d?s=96&d=mm&r=g\",\"caption\":\"D\u00e9bora Figueiredo\"}}]}<\/script>\n<!-- \/ Yoast SEO Premium plugin. -->","yoast_head_json":{"title":"Ex-jogador do Vasco recebe pr\u00eamio no futebol portugu\u00eas","robots":{"index":"index","follow":"follow","max-snippet":"max-snippet:-1","max-image-preview":"max-image-preview:large","max-video-preview":"max-video-preview:-1"},"canonical":"https:\/\/www.gaveanews.com\/index.php\/2025\/02\/12\/ex-jogador-do-vasco-recebe-premio-no-futebol-portugues\/","og_locale":"pt_BR","og_type":"article","og_title":"Ex-jogador do Vasco recebe pr\u00eamio no futebol portugu\u00eas","og_description":"Clayton, do Rio Ave, foi escolhido como o artilheiro do m\u00eas na Liga Portuguesa. O ex-atacante do Vasco venceu o centroavante Pavlidis, do Benfica, na vota\u00e7\u00e3o realizada pelos treinadores da primeira divis\u00e3o portuguesa. O atleta de 26 anos atravessa uma excelente fase, com 12 gols anotados e uma assist\u00eancia nos \u00faltimos 14 compromissos. Ele ganhou [&hellip;]","og_url":"https:\/\/www.gaveanews.com\/index.php\/2025\/02\/12\/ex-jogador-do-vasco-recebe-premio-no-futebol-portugues\/","og_site_name":"G\u00e1vea News","article_publisher":"https:\/\/facebook.com\/gaveaNews\/","article_published_time":"2025-02-13T01:25:00+00:00","og_image":[{"width":1059,"height":794,"url":"https:\/\/www.gaveanews.com\/wp-content\/uploads\/Camisa-do-Vasco-2024.webp","type":"image\/webp"}],"author":"D\u00e9bora Figueiredo","twitter_card":"summary_large_image","twitter_misc":{"Escrito por":"D\u00e9bora Figueiredo","Est. tempo de leitura":"3 minutos"},"schema":{"@context":"https:\/\/schema.org","@graph":[{"@type":"NewsArticle","@id":"https:\/\/www.gaveanews.com\/index.php\/2025\/02\/12\/ex-jogador-do-vasco-recebe-premio-no-futebol-portugues\/#article","isPartOf":{"@id":"https:\/\/www.gaveanews.com\/index.php\/2025\/02\/12\/ex-jogador-do-vasco-recebe-premio-no-futebol-portugues\/"},"author":{"name":"D\u00e9bora Figueiredo","@id":"https:\/\/www.gaveanews.com\/#\/schema\/person\/37122681a8575a5c8db05a56f099a5e4"},"headline":"Ex-jogador do Vasco recebe pr\u00eamio no futebol portugu\u00eas","datePublished":"2025-02-13T01:25:00+00:00","mainEntityOfPage":{"@id":"https:\/\/www.gaveanews.com\/index.php\/2025\/02\/12\/ex-jogador-do-vasco-recebe-premio-no-futebol-portugues\/"},"wordCount":482,"commentCount":0,"image":{"@id":"https:\/\/www.gaveanews.com\/index.php\/2025\/02\/12\/ex-jogador-do-vasco-recebe-premio-no-futebol-portugues\/#primaryimage"},"thumbnailUrl":"https:\/\/www.gaveanews.com\/wp-content\/uploads\/Camisa-do-Vasco-2024.webp","articleSection":["Vasco"],"inLanguage":"pt-BR","potentialAction":[{"@type":"CommentAction","name":"Comment","target":["https:\/\/www.gaveanews.com\/index.php\/2025\/02\/12\/ex-jogador-do-vasco-recebe-premio-no-futebol-portugues\/#respond"]}],"copyrightYear":"2025","copyrightHolder":{"@id":"https:\/\/www.gaveanews.com\/#organization"}},{"@type":"WebPage","@id":"https:\/\/www.gaveanews.com\/index.php\/2025\/02\/12\/ex-jogador-do-vasco-recebe-premio-no-futebol-portugues\/","url":"https:\/\/www.gaveanews.com\/index.php\/2025\/02\/12\/ex-jogador-do-vasco-recebe-premio-no-futebol-portugues\/","name":"Ex-jogador do Vasco recebe pr\u00eamio no futebol portugu\u00eas","isPartOf":{"@id":"https:\/\/www.gaveanews.com\/#website"},"primaryImageOfPage":{"@id":"https:\/\/www.gaveanews.com\/index.php\/2025\/02\/12\/ex-jogador-do-vasco-recebe-premio-no-futebol-portugues\/#primaryimage"},"image":{"@id":"https:\/\/www.gaveanews.com\/index.php\/2025\/02\/12\/ex-jogador-do-vasco-recebe-premio-no-futebol-portugues\/#primaryimage"},"thumbnailUrl":"https:\/\/www.gaveanews.com\/wp-content\/uploads\/Camisa-do-Vasco-2024.webp","datePublished":"2025-02-13T01:25:00+00:00","author":{"@id":"https:\/\/www.gaveanews.com\/#\/schema\/person\/37122681a8575a5c8db05a56f099a5e4"},"breadcrumb":{"@id":"https:\/\/www.gaveanews.com\/index.php\/2025\/02\/12\/ex-jogador-do-vasco-recebe-premio-no-futebol-portugues\/#breadcrumb"},"inLanguage":"pt-BR","potentialAction":[{"@type":"ReadAction","target":["https:\/\/www.gaveanews.com\/index.php\/2025\/02\/12\/ex-jogador-do-vasco-recebe-premio-no-futebol-portugues\/"]}]},{"@type":"ImageObject","inLanguage":"pt-BR","@id":"https:\/\/www.gaveanews.com\/index.php\/2025\/02\/12\/ex-jogador-do-vasco-recebe-premio-no-futebol-portugues\/#primaryimage","url":"https:\/\/www.gaveanews.com\/wp-content\/uploads\/Camisa-do-Vasco-2024.webp","contentUrl":"https:\/\/www.gaveanews.com\/wp-content\/uploads\/Camisa-do-Vasco-2024.webp","width":1059,"height":794,"caption":"Camisa do Vasco 2024 (Foto: Reprodu\u00e7\u00e3o\/Instagram)"},{"@type":"BreadcrumbList","@id":"https:\/\/www.gaveanews.com\/index.php\/2025\/02\/12\/ex-jogador-do-vasco-recebe-premio-no-futebol-portugues\/#breadcrumb","itemListElement":[{"@type":"ListItem","position":1,"name":"Home","item":"https:\/\/www.gaveanews.com\/"},{"@type":"ListItem","position":2,"name":"Ex-jogador do Vasco recebe pr\u00eamio no futebol portugu\u00eas"}]},{"@type":"WebSite","@id":"https:\/\/www.gaveanews.com\/#website","url":"https:\/\/www.gaveanews.com\/","name":"G\u00e1vea News","description":"Veja todas as not\u00edcias sobre o Flamengo: Contrata\u00e7\u00f5es, categorias de base, resultados das partidas, tabela de classifica\u00e7\u00e3o, pr\u00f3ximos jogos!","potentialAction":[{"@type":"SearchAction","target":{"@type":"EntryPoint","urlTemplate":"https:\/\/www.gaveanews.com\/?s={search_term_string}"},"query-input":{"@type":"PropertyValueSpecification","valueRequired":true,"valueName":"search_term_string"}}],"inLanguage":"pt-BR"},{"@type":"Person","@id":"https:\/\/www.gaveanews.com\/#\/schema\/person\/37122681a8575a5c8db05a56f099a5e4","name":"D\u00e9bora Figueiredo","image":{"@type":"ImageObject","inLanguage":"pt-BR","@id":"https:\/\/www.gaveanews.com\/#\/schema\/person\/image\/","url":"https:\/\/secure.gravatar.com\/avatar\/1f44802859351588499d26f52aed1d15796ce17e67602895b72837c08018868d?s=96&d=mm&r=g","contentUrl":"https:\/\/secure.gravatar.com\/avatar\/1f44802859351588499d26f52aed1d15796ce17e67602895b72837c08018868d?s=96&d=mm&r=g","caption":"D\u00e9bora Figueiredo"}}]}},"_links":{"self":[{"href":"https:\/\/www.gaveanews.com\/index.php\/wp-json\/wp\/v2\/posts\/226884","targetHints":{"allow":["GET"]}}],"collection":[{"href":"https:\/\/www.gaveanews.com\/index.php\/wp-json\/wp\/v2\/posts"}],"about":[{"href":"https:\/\/www.gaveanews.com\/index.php\/wp-json\/wp\/v2\/types\/post"}],"author":[{"embeddable":true,"href":"https:\/\/www.gaveanews.com\/index.php\/wp-json\/wp\/v2\/users\/16"}],"replies":[{"embeddable":true,"href":"https:\/\/www.gaveanews.com\/index.php\/wp-json\/wp\/v2\/comments?post=226884"}],"version-history":[{"count":2,"href":"https:\/\/www.gaveanews.com\/index.php\/wp-json\/wp\/v2\/posts\/226884\/revisions"}],"predecessor-version":[{"id":226996,"href":"https:\/\/www.gaveanews.com\/index.php\/wp-json\/wp\/v2\/posts\/226884\/revisions\/226996"}],"wp:featuredmedia":[{"embeddable":true,"href":"https:\/\/www.gaveanews.com\/index.php\/wp-json\/wp\/v2\/media\/161261"}],"wp:attachment":[{"href":"https:\/\/www.gaveanews.com\/index.php\/wp-json\/wp\/v2\/media?parent=226884"}],"wp:term":[{"taxonomy":"category","embeddable":true,"href":"https:\/\/www.gaveanews.com\/index.php\/wp-json\/wp\/v2\/categories?post=226884"},{"taxonomy":"post_tag","embeddable":true,"href":"https:\/\/www.gaveanews.com\/index.php\/wp-json\/wp\/v2\/tags?post=226884"}],"curies":[{"name":"wp","href":"https:\/\/api.w.org\/{rel}","templated":true}]}}