{"id":226886,"date":"2025-02-12T22:05:00","date_gmt":"2025-02-13T01:05:00","guid":{"rendered":"https:\/\/www.gaveanews.com\/?p=226886"},"modified":"2025-02-12T20:40:11","modified_gmt":"2025-02-12T23:40:11","slug":"sao-paulo-x-velo-clube-wendell-vai-jogar","status":"publish","type":"post","link":"https:\/\/www.gaveanews.com\/index.php\/2025\/02\/12\/sao-paulo-x-velo-clube-wendell-vai-jogar\/","title":{"rendered":"S\u00e3o Paulo x Velo Clube: Wendell vai jogar?"},"content":{"rendered":"\n<p>Wendell pode estrear com a camisa do S\u00e3o Paulo, na pr\u00f3xima quinta-feira (13\/2), contra o Velo Clube, em partida v\u00e1lida pela 9\u00aa rodada do Campeonato Paulista, no est\u00e1dio Man\u00e9 Garrincha, em Bras\u00edlia. O lateral-esquerdo \u00e9 uma das op\u00e7\u00f5es do t\u00e9cnico Luis Zubeld\u00eda, que pode lan\u00e7ar m\u00e3o do atleta.<\/p>\n\n\n\n<p>A negocia\u00e7\u00e3o pelo jogador se estendia desde que ele foi convocado para a Copa Am\u00e9rica em 2024 e o presidente Julio Casares foi chefe da delega\u00e7\u00e3o da Sele\u00e7\u00e3o Brasileira. Na ocasi\u00e3o, faltava pouco menos de um ano para o contrato do jogador se encerrar com o Porto, de Portugal, e assim as conversas se iniciaram.<\/p>\n\n\n\n<p>No come\u00e7o de 2025, o defensor assinou um pr\u00e9-contrato com o Tricolor e restava apenas uma libera\u00e7\u00e3o dos Drag\u00f5es. Mas, mesmo que Wendell n\u00e3o estivesse nos planos da comiss\u00e3o t\u00e9cnica, a forma como o S\u00e3o Paulo abordou o jogador irritou e tentou fazer jogo duro. No entanto, ele foi liberado e assinou com o clube paulista.<\/p>\n\n\n\n<p>A contrata\u00e7\u00e3o do lateral-esquerdo foi recebida com bastante otimismo e expectativa por parte dos tricolores, haja visto a longa passagem pelo futebol europeu e as convoca\u00e7\u00f5es para o Escrete Canarinho. Ele supre uma car\u00eancia do setor, desde que Welington se desligou e foi para o Southampton e Jamal Lewis rumou para o Newcastle, ambos da Inglaterra.<\/p>\n\n\n\n<p>Wendell disputa posi\u00e7\u00e3o com o tamb\u00e9m rec\u00e9m-contratado Enzo D\u00edaz, que chegou com o status de titular. Por\u00e9m, o brasileiro segue trabalhando com o elenco e est\u00e1 em bom condicionamento f\u00edsico, pois treinava normalmente pelo Porto.<\/p>\n\n\n\n<p>Nesta semana, teve o nome regularizado no Boletim Informativo Di\u00e1rio (BID) da Confedera\u00e7\u00e3o Brasileira de Futebol (CBF) e est\u00e1 apto para estrear pelo S\u00e3o Paulo. O \u00fanico impedimento para que isso aconte\u00e7a \u00e9 o entendimento dele n\u00e3o estar pronto, pelo olhar do t\u00e9cnico Luis Zubeld\u00eda.<\/p>\n\n\n\n<p>Pode ser que ele pinte na escala\u00e7\u00e3o contra o Velo Clube, na pr\u00f3xima quinta-feira, em partida v\u00e1lida pela 9\u00aa rodada do Campeonato Paulista, no est\u00e1dio Man\u00e9 Garrincha, em Bras\u00edlia. O S\u00e3o Paulo tem realizado uma rodagem nas escala\u00e7\u00f5es mas mesmo assim lidera o Grupo C, com 14 pontos disputados e est\u00e1 antecipadamente classificado para a fase de mata-mata da competi\u00e7\u00e3o.<\/p>\n","protected":false},"excerpt":{"rendered":"<p>Wendell pode estrear com a camisa do S\u00e3o Paulo, na pr\u00f3xima quinta-feira (13\/2), contra o Velo Clube, em partida v\u00e1lida pela 9\u00aa rodada do Campeonato Paulista, no est\u00e1dio Man\u00e9 Garrincha, em Bras\u00edlia. O lateral-esquerdo \u00e9 uma das op\u00e7\u00f5es do t\u00e9cnico Luis Zubeld\u00eda, que pode lan\u00e7ar m\u00e3o do atleta. A negocia\u00e7\u00e3o pelo jogador se estendia desde [&hellip;]<\/p>\n","protected":false},"author":29,"featured_media":220209,"comment_status":"open","ping_status":"closed","sticky":false,"template":"","format":"standard","meta":{"footnotes":""},"categories":[151],"tags":[],"class_list":["post-226886","post","type-post","status-publish","format-standard","has-post-thumbnail","hentry","category-sao-paulo"],"yoast_head":"<!-- This site is optimized with the Yoast SEO Premium plugin v24.2 (Yoast SEO v26.9) - https:\/\/yoast.com\/product\/yoast-seo-premium-wordpress\/ -->\n<title>S\u00e3o Paulo x Velo Clube: Wendell vai jogar?<\/title>\n<meta name=\"robots\" content=\"index, follow, max-snippet:-1, max-image-preview:large, max-video-preview:-1\" \/>\n<link rel=\"canonical\" href=\"https:\/\/www.gaveanews.com\/index.php\/2025\/02\/12\/sao-paulo-x-velo-clube-wendell-vai-jogar\/\" \/>\n<meta property=\"og:locale\" content=\"pt_BR\" \/>\n<meta property=\"og:type\" content=\"article\" \/>\n<meta property=\"og:title\" content=\"S\u00e3o Paulo x Velo Clube: Wendell vai jogar?\" \/>\n<meta property=\"og:description\" content=\"Wendell pode estrear com a camisa do S\u00e3o Paulo, na pr\u00f3xima quinta-feira (13\/2), contra o Velo Clube, em partida v\u00e1lida pela 9\u00aa rodada do Campeonato Paulista, no est\u00e1dio Man\u00e9 Garrincha, em Bras\u00edlia. O lateral-esquerdo \u00e9 uma das op\u00e7\u00f5es do t\u00e9cnico Luis Zubeld\u00eda, que pode lan\u00e7ar m\u00e3o do atleta. A negocia\u00e7\u00e3o pelo jogador se estendia desde [&hellip;]\" \/>\n<meta property=\"og:url\" content=\"https:\/\/www.gaveanews.com\/index.php\/2025\/02\/12\/sao-paulo-x-velo-clube-wendell-vai-jogar\/\" \/>\n<meta property=\"og:site_name\" content=\"G\u00e1vea News\" \/>\n<meta property=\"article:publisher\" content=\"https:\/\/facebook.com\/gaveaNews\/\" \/>\n<meta property=\"article:published_time\" content=\"2025-02-13T01:05:00+00:00\" \/>\n<meta property=\"og:image\" content=\"https:\/\/www.gaveanews.com\/wp-content\/uploads\/29-01-Wendell.webp\" \/>\n\t<meta property=\"og:image:width\" content=\"750\" \/>\n\t<meta property=\"og:image:height\" content=\"350\" \/>\n\t<meta property=\"og:image:type\" content=\"image\/jpeg\" \/>\n<meta name=\"author\" content=\"Marco Menezes\" \/>\n<meta name=\"twitter:card\" content=\"summary_large_image\" \/>\n<meta name=\"twitter:label1\" content=\"Escrito por\" \/>\n\t<meta name=\"twitter:data1\" content=\"Marco Menezes\" \/>\n\t<meta name=\"twitter:label2\" content=\"Est. tempo de leitura\" \/>\n\t<meta name=\"twitter:data2\" content=\"3 minutos\" \/>\n<script type=\"application\/ld+json\" class=\"yoast-schema-graph\">{\"@context\":\"https:\/\/schema.org\",\"@graph\":[{\"@type\":\"NewsArticle\",\"@id\":\"https:\/\/www.gaveanews.com\/index.php\/2025\/02\/12\/sao-paulo-x-velo-clube-wendell-vai-jogar\/#article\",\"isPartOf\":{\"@id\":\"https:\/\/www.gaveanews.com\/index.php\/2025\/02\/12\/sao-paulo-x-velo-clube-wendell-vai-jogar\/\"},\"author\":{\"name\":\"Marco Menezes\",\"@id\":\"https:\/\/www.gaveanews.com\/#\/schema\/person\/a9f62fe75380c6bada1b2fc49bc23d69\"},\"headline\":\"S\u00e3o Paulo x Velo Clube: Wendell vai jogar?\",\"datePublished\":\"2025-02-13T01:05:00+00:00\",\"mainEntityOfPage\":{\"@id\":\"https:\/\/www.gaveanews.com\/index.php\/2025\/02\/12\/sao-paulo-x-velo-clube-wendell-vai-jogar\/\"},\"wordCount\":403,\"commentCount\":0,\"image\":{\"@id\":\"https:\/\/www.gaveanews.com\/index.php\/2025\/02\/12\/sao-paulo-x-velo-clube-wendell-vai-jogar\/#primaryimage\"},\"thumbnailUrl\":\"https:\/\/www.gaveanews.com\/wp-content\/uploads\/29-01-Wendell.webp\",\"articleSection\":[\"S\u00e3o Paulo\"],\"inLanguage\":\"pt-BR\",\"potentialAction\":[{\"@type\":\"CommentAction\",\"name\":\"Comment\",\"target\":[\"https:\/\/www.gaveanews.com\/index.php\/2025\/02\/12\/sao-paulo-x-velo-clube-wendell-vai-jogar\/#respond\"]}],\"copyrightYear\":\"2025\",\"copyrightHolder\":{\"@id\":\"https:\/\/www.gaveanews.com\/#organization\"}},{\"@type\":\"WebPage\",\"@id\":\"https:\/\/www.gaveanews.com\/index.php\/2025\/02\/12\/sao-paulo-x-velo-clube-wendell-vai-jogar\/\",\"url\":\"https:\/\/www.gaveanews.com\/index.php\/2025\/02\/12\/sao-paulo-x-velo-clube-wendell-vai-jogar\/\",\"name\":\"S\u00e3o Paulo x Velo Clube: Wendell vai jogar?\",\"isPartOf\":{\"@id\":\"https:\/\/www.gaveanews.com\/#website\"},\"primaryImageOfPage\":{\"@id\":\"https:\/\/www.gaveanews.com\/index.php\/2025\/02\/12\/sao-paulo-x-velo-clube-wendell-vai-jogar\/#primaryimage\"},\"image\":{\"@id\":\"https:\/\/www.gaveanews.com\/index.php\/2025\/02\/12\/sao-paulo-x-velo-clube-wendell-vai-jogar\/#primaryimage\"},\"thumbnailUrl\":\"https:\/\/www.gaveanews.com\/wp-content\/uploads\/29-01-Wendell.webp\",\"datePublished\":\"2025-02-13T01:05:00+00:00\",\"author\":{\"@id\":\"https:\/\/www.gaveanews.com\/#\/schema\/person\/a9f62fe75380c6bada1b2fc49bc23d69\"},\"breadcrumb\":{\"@id\":\"https:\/\/www.gaveanews.com\/index.php\/2025\/02\/12\/sao-paulo-x-velo-clube-wendell-vai-jogar\/#breadcrumb\"},\"inLanguage\":\"pt-BR\",\"potentialAction\":[{\"@type\":\"ReadAction\",\"target\":[\"https:\/\/www.gaveanews.com\/index.php\/2025\/02\/12\/sao-paulo-x-velo-clube-wendell-vai-jogar\/\"]}]},{\"@type\":\"ImageObject\",\"inLanguage\":\"pt-BR\",\"@id\":\"https:\/\/www.gaveanews.com\/index.php\/2025\/02\/12\/sao-paulo-x-velo-clube-wendell-vai-jogar\/#primaryimage\",\"url\":\"https:\/\/www.gaveanews.com\/wp-content\/uploads\/29-01-Wendell.webp\",\"contentUrl\":\"https:\/\/www.gaveanews.com\/wp-content\/uploads\/29-01-Wendell.webp\",\"width\":750,\"height\":350,\"caption\":\"Foto: S\u00e3o Paulo\"},{\"@type\":\"BreadcrumbList\",\"@id\":\"https:\/\/www.gaveanews.com\/index.php\/2025\/02\/12\/sao-paulo-x-velo-clube-wendell-vai-jogar\/#breadcrumb\",\"itemListElement\":[{\"@type\":\"ListItem\",\"position\":1,\"name\":\"Home\",\"item\":\"https:\/\/www.gaveanews.com\/\"},{\"@type\":\"ListItem\",\"position\":2,\"name\":\"S\u00e3o Paulo x Velo Clube: Wendell vai jogar?\"}]},{\"@type\":\"WebSite\",\"@id\":\"https:\/\/www.gaveanews.com\/#website\",\"url\":\"https:\/\/www.gaveanews.com\/\",\"name\":\"G\u00e1vea News\",\"description\":\"Veja todas as not\u00edcias sobre o Flamengo: Contrata\u00e7\u00f5es, categorias de base, resultados das partidas, tabela de classifica\u00e7\u00e3o, pr\u00f3ximos jogos!\",\"potentialAction\":[{\"@type\":\"SearchAction\",\"target\":{\"@type\":\"EntryPoint\",\"urlTemplate\":\"https:\/\/www.gaveanews.com\/?s={search_term_string}\"},\"query-input\":{\"@type\":\"PropertyValueSpecification\",\"valueRequired\":true,\"valueName\":\"search_term_string\"}}],\"inLanguage\":\"pt-BR\"},{\"@type\":\"Person\",\"@id\":\"https:\/\/www.gaveanews.com\/#\/schema\/person\/a9f62fe75380c6bada1b2fc49bc23d69\",\"name\":\"Marco Menezes\",\"image\":{\"@type\":\"ImageObject\",\"inLanguage\":\"pt-BR\",\"@id\":\"https:\/\/www.gaveanews.com\/#\/schema\/person\/image\/\",\"url\":\"https:\/\/secure.gravatar.com\/avatar\/a1d148ae17fc8bfc5dbccffd07979e8bd2c9ba494221779de86ec2c7907b71ec?s=96&d=mm&r=g\",\"contentUrl\":\"https:\/\/secure.gravatar.com\/avatar\/a1d148ae17fc8bfc5dbccffd07979e8bd2c9ba494221779de86ec2c7907b71ec?s=96&d=mm&r=g\",\"caption\":\"Marco Menezes\"}}]}<\/script>\n<!-- \/ Yoast SEO Premium plugin. -->","yoast_head_json":{"title":"S\u00e3o Paulo x Velo Clube: Wendell vai jogar?","robots":{"index":"index","follow":"follow","max-snippet":"max-snippet:-1","max-image-preview":"max-image-preview:large","max-video-preview":"max-video-preview:-1"},"canonical":"https:\/\/www.gaveanews.com\/index.php\/2025\/02\/12\/sao-paulo-x-velo-clube-wendell-vai-jogar\/","og_locale":"pt_BR","og_type":"article","og_title":"S\u00e3o Paulo x Velo Clube: Wendell vai jogar?","og_description":"Wendell pode estrear com a camisa do S\u00e3o Paulo, na pr\u00f3xima quinta-feira (13\/2), contra o Velo Clube, em partida v\u00e1lida pela 9\u00aa rodada do Campeonato Paulista, no est\u00e1dio Man\u00e9 Garrincha, em Bras\u00edlia. O lateral-esquerdo \u00e9 uma das op\u00e7\u00f5es do t\u00e9cnico Luis Zubeld\u00eda, que pode lan\u00e7ar m\u00e3o do atleta. A negocia\u00e7\u00e3o pelo jogador se estendia desde [&hellip;]","og_url":"https:\/\/www.gaveanews.com\/index.php\/2025\/02\/12\/sao-paulo-x-velo-clube-wendell-vai-jogar\/","og_site_name":"G\u00e1vea News","article_publisher":"https:\/\/facebook.com\/gaveaNews\/","article_published_time":"2025-02-13T01:05:00+00:00","og_image":[{"width":750,"height":350,"url":"https:\/\/www.gaveanews.com\/wp-content\/uploads\/29-01-Wendell.webp","type":"image\/jpeg"}],"author":"Marco Menezes","twitter_card":"summary_large_image","twitter_misc":{"Escrito por":"Marco Menezes","Est. tempo de leitura":"3 minutos"},"schema":{"@context":"https:\/\/schema.org","@graph":[{"@type":"NewsArticle","@id":"https:\/\/www.gaveanews.com\/index.php\/2025\/02\/12\/sao-paulo-x-velo-clube-wendell-vai-jogar\/#article","isPartOf":{"@id":"https:\/\/www.gaveanews.com\/index.php\/2025\/02\/12\/sao-paulo-x-velo-clube-wendell-vai-jogar\/"},"author":{"name":"Marco Menezes","@id":"https:\/\/www.gaveanews.com\/#\/schema\/person\/a9f62fe75380c6bada1b2fc49bc23d69"},"headline":"S\u00e3o Paulo x Velo Clube: Wendell vai jogar?","datePublished":"2025-02-13T01:05:00+00:00","mainEntityOfPage":{"@id":"https:\/\/www.gaveanews.com\/index.php\/2025\/02\/12\/sao-paulo-x-velo-clube-wendell-vai-jogar\/"},"wordCount":403,"commentCount":0,"image":{"@id":"https:\/\/www.gaveanews.com\/index.php\/2025\/02\/12\/sao-paulo-x-velo-clube-wendell-vai-jogar\/#primaryimage"},"thumbnailUrl":"https:\/\/www.gaveanews.com\/wp-content\/uploads\/29-01-Wendell.webp","articleSection":["S\u00e3o Paulo"],"inLanguage":"pt-BR","potentialAction":[{"@type":"CommentAction","name":"Comment","target":["https:\/\/www.gaveanews.com\/index.php\/2025\/02\/12\/sao-paulo-x-velo-clube-wendell-vai-jogar\/#respond"]}],"copyrightYear":"2025","copyrightHolder":{"@id":"https:\/\/www.gaveanews.com\/#organization"}},{"@type":"WebPage","@id":"https:\/\/www.gaveanews.com\/index.php\/2025\/02\/12\/sao-paulo-x-velo-clube-wendell-vai-jogar\/","url":"https:\/\/www.gaveanews.com\/index.php\/2025\/02\/12\/sao-paulo-x-velo-clube-wendell-vai-jogar\/","name":"S\u00e3o Paulo x Velo Clube: Wendell vai jogar?","isPartOf":{"@id":"https:\/\/www.gaveanews.com\/#website"},"primaryImageOfPage":{"@id":"https:\/\/www.gaveanews.com\/index.php\/2025\/02\/12\/sao-paulo-x-velo-clube-wendell-vai-jogar\/#primaryimage"},"image":{"@id":"https:\/\/www.gaveanews.com\/index.php\/2025\/02\/12\/sao-paulo-x-velo-clube-wendell-vai-jogar\/#primaryimage"},"thumbnailUrl":"https:\/\/www.gaveanews.com\/wp-content\/uploads\/29-01-Wendell.webp","datePublished":"2025-02-13T01:05:00+00:00","author":{"@id":"https:\/\/www.gaveanews.com\/#\/schema\/person\/a9f62fe75380c6bada1b2fc49bc23d69"},"breadcrumb":{"@id":"https:\/\/www.gaveanews.com\/index.php\/2025\/02\/12\/sao-paulo-x-velo-clube-wendell-vai-jogar\/#breadcrumb"},"inLanguage":"pt-BR","potentialAction":[{"@type":"ReadAction","target":["https:\/\/www.gaveanews.com\/index.php\/2025\/02\/12\/sao-paulo-x-velo-clube-wendell-vai-jogar\/"]}]},{"@type":"ImageObject","inLanguage":"pt-BR","@id":"https:\/\/www.gaveanews.com\/index.php\/2025\/02\/12\/sao-paulo-x-velo-clube-wendell-vai-jogar\/#primaryimage","url":"https:\/\/www.gaveanews.com\/wp-content\/uploads\/29-01-Wendell.webp","contentUrl":"https:\/\/www.gaveanews.com\/wp-content\/uploads\/29-01-Wendell.webp","width":750,"height":350,"caption":"Foto: S\u00e3o Paulo"},{"@type":"BreadcrumbList","@id":"https:\/\/www.gaveanews.com\/index.php\/2025\/02\/12\/sao-paulo-x-velo-clube-wendell-vai-jogar\/#breadcrumb","itemListElement":[{"@type":"ListItem","position":1,"name":"Home","item":"https:\/\/www.gaveanews.com\/"},{"@type":"ListItem","position":2,"name":"S\u00e3o Paulo x Velo Clube: Wendell vai jogar?"}]},{"@type":"WebSite","@id":"https:\/\/www.gaveanews.com\/#website","url":"https:\/\/www.gaveanews.com\/","name":"G\u00e1vea News","description":"Veja todas as not\u00edcias sobre o Flamengo: Contrata\u00e7\u00f5es, categorias de base, resultados das partidas, tabela de classifica\u00e7\u00e3o, pr\u00f3ximos jogos!","potentialAction":[{"@type":"SearchAction","target":{"@type":"EntryPoint","urlTemplate":"https:\/\/www.gaveanews.com\/?s={search_term_string}"},"query-input":{"@type":"PropertyValueSpecification","valueRequired":true,"valueName":"search_term_string"}}],"inLanguage":"pt-BR"},{"@type":"Person","@id":"https:\/\/www.gaveanews.com\/#\/schema\/person\/a9f62fe75380c6bada1b2fc49bc23d69","name":"Marco Menezes","image":{"@type":"ImageObject","inLanguage":"pt-BR","@id":"https:\/\/www.gaveanews.com\/#\/schema\/person\/image\/","url":"https:\/\/secure.gravatar.com\/avatar\/a1d148ae17fc8bfc5dbccffd07979e8bd2c9ba494221779de86ec2c7907b71ec?s=96&d=mm&r=g","contentUrl":"https:\/\/secure.gravatar.com\/avatar\/a1d148ae17fc8bfc5dbccffd07979e8bd2c9ba494221779de86ec2c7907b71ec?s=96&d=mm&r=g","caption":"Marco Menezes"}}]}},"_links":{"self":[{"href":"https:\/\/www.gaveanews.com\/index.php\/wp-json\/wp\/v2\/posts\/226886","targetHints":{"allow":["GET"]}}],"collection":[{"href":"https:\/\/www.gaveanews.com\/index.php\/wp-json\/wp\/v2\/posts"}],"about":[{"href":"https:\/\/www.gaveanews.com\/index.php\/wp-json\/wp\/v2\/types\/post"}],"author":[{"embeddable":true,"href":"https:\/\/www.gaveanews.com\/index.php\/wp-json\/wp\/v2\/users\/29"}],"replies":[{"embeddable":true,"href":"https:\/\/www.gaveanews.com\/index.php\/wp-json\/wp\/v2\/comments?post=226886"}],"version-history":[{"count":1,"href":"https:\/\/www.gaveanews.com\/index.php\/wp-json\/wp\/v2\/posts\/226886\/revisions"}],"predecessor-version":[{"id":226887,"href":"https:\/\/www.gaveanews.com\/index.php\/wp-json\/wp\/v2\/posts\/226886\/revisions\/226887"}],"wp:featuredmedia":[{"embeddable":true,"href":"https:\/\/www.gaveanews.com\/index.php\/wp-json\/wp\/v2\/media\/220209"}],"wp:attachment":[{"href":"https:\/\/www.gaveanews.com\/index.php\/wp-json\/wp\/v2\/media?parent=226886"}],"wp:term":[{"taxonomy":"category","embeddable":true,"href":"https:\/\/www.gaveanews.com\/index.php\/wp-json\/wp\/v2\/categories?post=226886"},{"taxonomy":"post_tag","embeddable":true,"href":"https:\/\/www.gaveanews.com\/index.php\/wp-json\/wp\/v2\/tags?post=226886"}],"curies":[{"name":"wp","href":"https:\/\/api.w.org\/{rel}","templated":true}]}}