{"id":226961,"date":"2025-02-12T21:10:00","date_gmt":"2025-02-13T00:10:00","guid":{"rendered":"https:\/\/www.gaveanews.com\/?p=226961"},"modified":"2025-02-12T20:34:02","modified_gmt":"2025-02-12T23:34:02","slug":"edenilson-e-sincero-ao-falar-sobre-vitoria-do-gremio-nao-podemos-dar-mole","status":"publish","type":"post","link":"https:\/\/www.gaveanews.com\/index.php\/2025\/02\/12\/edenilson-e-sincero-ao-falar-sobre-vitoria-do-gremio-nao-podemos-dar-mole\/","title":{"rendered":"Edenilson \u00e9 sincero ao falar sobre vit\u00f3ria do Gr\u00eamio: &#8220;N\u00e3o podemos dar mole&#8221;"},"content":{"rendered":"\n<h2 class=\"wp-block-heading\" id=\"h-gremio-goleia-o-pelotas-e-quinteros-cobra-reforcos-para-a-defesa\">Gr\u00eamio goleia o Pelotas e Quinteros cobra refor\u00e7os para a defesa<\/h2>\n\n\n\n<p>O Gr\u00eamio conquistou mais uma vit\u00f3ria no Campeonato Ga\u00facho ao golear o Pelotas por 5 a 0, na Arena, sem grandes dificuldades. O time comandado por Gustavo Quinteros teve uma atua\u00e7\u00e3o dominante, chegando a 18 gols marcados na temporada e confirmando a boa fase ofensiva. Apesar do placar el\u00e1stico, os jogadores revelaram que o time n\u00e3o come\u00e7ou a partida com a intensidade esperada e precisaram se cobrar no intervalo para melhorar o desempenho no segundo tempo.<\/p>\n\n\n\n<p>Ap\u00f3s o confronto, Edenilson comentou sobre a postura da equipe nos primeiros minutos e destacou a necessidade de manter a concentra\u00e7\u00e3o em todos os momentos do jogo.<\/p>\n\n\n\n<p>\u201cA gente come\u00e7ou um pouco murcho. N\u00e3o podemos dar mole, nos cobramos no intervalo. V\u00e3o ter jogos que, se entrarmos assim, vamos tomar gol. (Depois) o jogo fluiu naturalmente, mas precisamos entrar ligados\u201d, afirmou o meio-campista.<\/p>\n\n\n\n<p>Al\u00e9m da vit\u00f3ria, um dos temas abordados na coletiva p\u00f3s-jogo foi a busca do Gr\u00eamio por refor\u00e7os. O t\u00e9cnico Gustavo Quinteros voltou a cobrar a chegada de um novo zagueiro, posi\u00e7\u00e3o que ele considera a mais carente do elenco no momento.<\/p>\n\n\n\n<p>\u201cO Gr\u00eamio necessita de um zagueiro urgente. Tratamos que chegue, mas n\u00e3o est\u00e1 f\u00e1cil. \u00c9 a posi\u00e7\u00e3o que mais nos faz falta. H\u00e1 nomes de jogadores que se questionam\u201d, declarou Quinteros.<\/p>\n\n\n\n<p>O treinador ainda enfatizou a necessidade de ter mais op\u00e7\u00f5es defensivas, lembrando que o elenco conta atualmente com apenas tr\u00eas zagueiros de of\u00edcio, o que pode representar um problema caso haja les\u00f5es ao longo da temporada.<\/p>\n\n\n\n<p>\u201cO que a equipe mais precisa \u00e9 um zagueiro urgente. N\u00f3s temos apenas tr\u00eas. Se um lesiona, ficamos s\u00f3 com dois. \u00c9 uma posi\u00e7\u00e3o onde a equipe j\u00e1 teve alguns problemas no passado\u201d, completou.<\/p>\n\n\n\n<p>Nos \u00faltimos dias, o nome do zagueiro Luan, que atualmente defende o Toluca, do M\u00e9xico, foi especulado como poss\u00edvel refor\u00e7o. No entanto, segundo informa\u00e7\u00f5es do jornalista Diego Torres, o Gr\u00eamio n\u00e3o tem interesse na contrata\u00e7\u00e3o do ex-jogador do Palmeiras. A diretoria segue no mercado em busca de um defensor que atenda \u00e0s exig\u00eancias do treinador.<\/p>\n\n\n\n<p>Com a vit\u00f3ria sobre o Pelotas, o Gr\u00eamio se mant\u00e9m firme na briga pelas primeiras posi\u00e7\u00f5es do Gauch\u00e3o e volta a campo no fim de semana para dar sequ\u00eancia \u00e0 sua campanha na competi\u00e7\u00e3o.<\/p>\n","protected":false},"excerpt":{"rendered":"<p>Gr\u00eamio goleia o Pelotas e Quinteros cobra refor\u00e7os para a defesa O Gr\u00eamio conquistou mais uma vit\u00f3ria no Campeonato Ga\u00facho ao golear o Pelotas por 5 a 0, na Arena, sem grandes dificuldades. O time comandado por Gustavo Quinteros teve uma atua\u00e7\u00e3o dominante, chegando a 18 gols marcados na temporada e confirmando a boa fase [&hellip;]<\/p>\n","protected":false},"author":17,"featured_media":180686,"comment_status":"open","ping_status":"closed","sticky":false,"template":"","format":"standard","meta":{"footnotes":""},"categories":[147],"tags":[],"class_list":["post-226961","post","type-post","status-publish","format-standard","has-post-thumbnail","hentry","category-gremio"],"yoast_head":"<!-- This site is optimized with the Yoast SEO Premium plugin v24.2 (Yoast SEO v26.9) - https:\/\/yoast.com\/product\/yoast-seo-premium-wordpress\/ -->\n<title>Edenilson \u00e9 sincero ao falar sobre vit\u00f3ria do Gr\u00eamio: &quot;N\u00e3o podemos dar mole&quot;<\/title>\n<meta name=\"robots\" content=\"index, follow, max-snippet:-1, max-image-preview:large, max-video-preview:-1\" \/>\n<link rel=\"canonical\" href=\"https:\/\/www.gaveanews.com\/index.php\/2025\/02\/12\/edenilson-e-sincero-ao-falar-sobre-vitoria-do-gremio-nao-podemos-dar-mole\/\" \/>\n<meta property=\"og:locale\" content=\"pt_BR\" \/>\n<meta property=\"og:type\" content=\"article\" \/>\n<meta property=\"og:title\" content=\"Edenilson \u00e9 sincero ao falar sobre vit\u00f3ria do Gr\u00eamio: &quot;N\u00e3o podemos dar mole&quot;\" \/>\n<meta property=\"og:description\" content=\"Gr\u00eamio goleia o Pelotas e Quinteros cobra refor\u00e7os para a defesa O Gr\u00eamio conquistou mais uma vit\u00f3ria no Campeonato Ga\u00facho ao golear o Pelotas por 5 a 0, na Arena, sem grandes dificuldades. O time comandado por Gustavo Quinteros teve uma atua\u00e7\u00e3o dominante, chegando a 18 gols marcados na temporada e confirmando a boa fase [&hellip;]\" \/>\n<meta property=\"og:url\" content=\"https:\/\/www.gaveanews.com\/index.php\/2025\/02\/12\/edenilson-e-sincero-ao-falar-sobre-vitoria-do-gremio-nao-podemos-dar-mole\/\" \/>\n<meta property=\"og:site_name\" content=\"G\u00e1vea News\" \/>\n<meta property=\"article:publisher\" content=\"https:\/\/facebook.com\/gaveaNews\/\" \/>\n<meta property=\"article:published_time\" content=\"2025-02-13T00:10:00+00:00\" \/>\n<meta property=\"og:image\" content=\"https:\/\/www.gaveanews.com\/wp-content\/uploads\/Edenilson-em-acao-com-a-camisa-do-Gremio.webp\" \/>\n\t<meta property=\"og:image:width\" content=\"1100\" \/>\n\t<meta property=\"og:image:height\" content=\"825\" \/>\n\t<meta property=\"og:image:type\" content=\"image\/webp\" \/>\n<meta name=\"author\" content=\"Geovanna Thomaz\" \/>\n<meta name=\"twitter:card\" content=\"summary_large_image\" \/>\n<meta name=\"twitter:label1\" content=\"Escrito por\" \/>\n\t<meta name=\"twitter:data1\" content=\"Geovanna Thomaz\" \/>\n\t<meta name=\"twitter:label2\" content=\"Est. tempo de leitura\" \/>\n\t<meta name=\"twitter:data2\" content=\"3 minutos\" \/>\n<script type=\"application\/ld+json\" class=\"yoast-schema-graph\">{\"@context\":\"https:\/\/schema.org\",\"@graph\":[{\"@type\":\"NewsArticle\",\"@id\":\"https:\/\/www.gaveanews.com\/index.php\/2025\/02\/12\/edenilson-e-sincero-ao-falar-sobre-vitoria-do-gremio-nao-podemos-dar-mole\/#article\",\"isPartOf\":{\"@id\":\"https:\/\/www.gaveanews.com\/index.php\/2025\/02\/12\/edenilson-e-sincero-ao-falar-sobre-vitoria-do-gremio-nao-podemos-dar-mole\/\"},\"author\":{\"name\":\"Geovanna Thomaz\",\"@id\":\"https:\/\/www.gaveanews.com\/#\/schema\/person\/f42654babcd2b2014a1a65af82b081f1\"},\"headline\":\"Edenilson \u00e9 sincero ao falar sobre vit\u00f3ria do Gr\u00eamio: &#8220;N\u00e3o podemos dar mole&#8221;\",\"datePublished\":\"2025-02-13T00:10:00+00:00\",\"mainEntityOfPage\":{\"@id\":\"https:\/\/www.gaveanews.com\/index.php\/2025\/02\/12\/edenilson-e-sincero-ao-falar-sobre-vitoria-do-gremio-nao-podemos-dar-mole\/\"},\"wordCount\":436,\"commentCount\":0,\"image\":{\"@id\":\"https:\/\/www.gaveanews.com\/index.php\/2025\/02\/12\/edenilson-e-sincero-ao-falar-sobre-vitoria-do-gremio-nao-podemos-dar-mole\/#primaryimage\"},\"thumbnailUrl\":\"https:\/\/www.gaveanews.com\/wp-content\/uploads\/Edenilson-em-acao-com-a-camisa-do-Gremio.webp\",\"articleSection\":[\"Gr\u00eamio\"],\"inLanguage\":\"pt-BR\",\"potentialAction\":[{\"@type\":\"CommentAction\",\"name\":\"Comment\",\"target\":[\"https:\/\/www.gaveanews.com\/index.php\/2025\/02\/12\/edenilson-e-sincero-ao-falar-sobre-vitoria-do-gremio-nao-podemos-dar-mole\/#respond\"]}],\"copyrightYear\":\"2025\",\"copyrightHolder\":{\"@id\":\"https:\/\/www.gaveanews.com\/#organization\"}},{\"@type\":\"WebPage\",\"@id\":\"https:\/\/www.gaveanews.com\/index.php\/2025\/02\/12\/edenilson-e-sincero-ao-falar-sobre-vitoria-do-gremio-nao-podemos-dar-mole\/\",\"url\":\"https:\/\/www.gaveanews.com\/index.php\/2025\/02\/12\/edenilson-e-sincero-ao-falar-sobre-vitoria-do-gremio-nao-podemos-dar-mole\/\",\"name\":\"Edenilson \u00e9 sincero ao falar sobre vit\u00f3ria do Gr\u00eamio: \\\"N\u00e3o podemos dar mole\\\"\",\"isPartOf\":{\"@id\":\"https:\/\/www.gaveanews.com\/#website\"},\"primaryImageOfPage\":{\"@id\":\"https:\/\/www.gaveanews.com\/index.php\/2025\/02\/12\/edenilson-e-sincero-ao-falar-sobre-vitoria-do-gremio-nao-podemos-dar-mole\/#primaryimage\"},\"image\":{\"@id\":\"https:\/\/www.gaveanews.com\/index.php\/2025\/02\/12\/edenilson-e-sincero-ao-falar-sobre-vitoria-do-gremio-nao-podemos-dar-mole\/#primaryimage\"},\"thumbnailUrl\":\"https:\/\/www.gaveanews.com\/wp-content\/uploads\/Edenilson-em-acao-com-a-camisa-do-Gremio.webp\",\"datePublished\":\"2025-02-13T00:10:00+00:00\",\"author\":{\"@id\":\"https:\/\/www.gaveanews.com\/#\/schema\/person\/f42654babcd2b2014a1a65af82b081f1\"},\"breadcrumb\":{\"@id\":\"https:\/\/www.gaveanews.com\/index.php\/2025\/02\/12\/edenilson-e-sincero-ao-falar-sobre-vitoria-do-gremio-nao-podemos-dar-mole\/#breadcrumb\"},\"inLanguage\":\"pt-BR\",\"potentialAction\":[{\"@type\":\"ReadAction\",\"target\":[\"https:\/\/www.gaveanews.com\/index.php\/2025\/02\/12\/edenilson-e-sincero-ao-falar-sobre-vitoria-do-gremio-nao-podemos-dar-mole\/\"]}]},{\"@type\":\"ImageObject\",\"inLanguage\":\"pt-BR\",\"@id\":\"https:\/\/www.gaveanews.com\/index.php\/2025\/02\/12\/edenilson-e-sincero-ao-falar-sobre-vitoria-do-gremio-nao-podemos-dar-mole\/#primaryimage\",\"url\":\"https:\/\/www.gaveanews.com\/wp-content\/uploads\/Edenilson-em-acao-com-a-camisa-do-Gremio.webp\",\"contentUrl\":\"https:\/\/www.gaveanews.com\/wp-content\/uploads\/Edenilson-em-acao-com-a-camisa-do-Gremio.webp\",\"width\":1100,\"height\":825,\"caption\":\"Edenilson em a\u00e7\u00e3o com a camisa do Gr\u00eamio (Foto: Reprodu\u00e7\u00e3o\/Instagram)\"},{\"@type\":\"BreadcrumbList\",\"@id\":\"https:\/\/www.gaveanews.com\/index.php\/2025\/02\/12\/edenilson-e-sincero-ao-falar-sobre-vitoria-do-gremio-nao-podemos-dar-mole\/#breadcrumb\",\"itemListElement\":[{\"@type\":\"ListItem\",\"position\":1,\"name\":\"Home\",\"item\":\"https:\/\/www.gaveanews.com\/\"},{\"@type\":\"ListItem\",\"position\":2,\"name\":\"Edenilson \u00e9 sincero ao falar sobre vit\u00f3ria do Gr\u00eamio: &#8220;N\u00e3o podemos dar mole&#8221;\"}]},{\"@type\":\"WebSite\",\"@id\":\"https:\/\/www.gaveanews.com\/#website\",\"url\":\"https:\/\/www.gaveanews.com\/\",\"name\":\"G\u00e1vea News\",\"description\":\"Veja todas as not\u00edcias sobre o Flamengo: Contrata\u00e7\u00f5es, categorias de base, resultados das partidas, tabela de classifica\u00e7\u00e3o, pr\u00f3ximos jogos!\",\"potentialAction\":[{\"@type\":\"SearchAction\",\"target\":{\"@type\":\"EntryPoint\",\"urlTemplate\":\"https:\/\/www.gaveanews.com\/?s={search_term_string}\"},\"query-input\":{\"@type\":\"PropertyValueSpecification\",\"valueRequired\":true,\"valueName\":\"search_term_string\"}}],\"inLanguage\":\"pt-BR\"},{\"@type\":\"Person\",\"@id\":\"https:\/\/www.gaveanews.com\/#\/schema\/person\/f42654babcd2b2014a1a65af82b081f1\",\"name\":\"Geovanna Thomaz\",\"image\":{\"@type\":\"ImageObject\",\"inLanguage\":\"pt-BR\",\"@id\":\"https:\/\/www.gaveanews.com\/#\/schema\/person\/image\/\",\"url\":\"https:\/\/secure.gravatar.com\/avatar\/4092073255489533afb558984b49b64268c47198af8623cc82a925ae9fb7118a?s=96&d=mm&r=g\",\"contentUrl\":\"https:\/\/secure.gravatar.com\/avatar\/4092073255489533afb558984b49b64268c47198af8623cc82a925ae9fb7118a?s=96&d=mm&r=g\",\"caption\":\"Geovanna Thomaz\"}}]}<\/script>\n<!-- \/ Yoast SEO Premium plugin. -->","yoast_head_json":{"title":"Edenilson \u00e9 sincero ao falar sobre vit\u00f3ria do Gr\u00eamio: \"N\u00e3o podemos dar mole\"","robots":{"index":"index","follow":"follow","max-snippet":"max-snippet:-1","max-image-preview":"max-image-preview:large","max-video-preview":"max-video-preview:-1"},"canonical":"https:\/\/www.gaveanews.com\/index.php\/2025\/02\/12\/edenilson-e-sincero-ao-falar-sobre-vitoria-do-gremio-nao-podemos-dar-mole\/","og_locale":"pt_BR","og_type":"article","og_title":"Edenilson \u00e9 sincero ao falar sobre vit\u00f3ria do Gr\u00eamio: \"N\u00e3o podemos dar mole\"","og_description":"Gr\u00eamio goleia o Pelotas e Quinteros cobra refor\u00e7os para a defesa O Gr\u00eamio conquistou mais uma vit\u00f3ria no Campeonato Ga\u00facho ao golear o Pelotas por 5 a 0, na Arena, sem grandes dificuldades. O time comandado por Gustavo Quinteros teve uma atua\u00e7\u00e3o dominante, chegando a 18 gols marcados na temporada e confirmando a boa fase [&hellip;]","og_url":"https:\/\/www.gaveanews.com\/index.php\/2025\/02\/12\/edenilson-e-sincero-ao-falar-sobre-vitoria-do-gremio-nao-podemos-dar-mole\/","og_site_name":"G\u00e1vea News","article_publisher":"https:\/\/facebook.com\/gaveaNews\/","article_published_time":"2025-02-13T00:10:00+00:00","og_image":[{"width":1100,"height":825,"url":"https:\/\/www.gaveanews.com\/wp-content\/uploads\/Edenilson-em-acao-com-a-camisa-do-Gremio.webp","type":"image\/webp"}],"author":"Geovanna Thomaz","twitter_card":"summary_large_image","twitter_misc":{"Escrito por":"Geovanna Thomaz","Est. tempo de leitura":"3 minutos"},"schema":{"@context":"https:\/\/schema.org","@graph":[{"@type":"NewsArticle","@id":"https:\/\/www.gaveanews.com\/index.php\/2025\/02\/12\/edenilson-e-sincero-ao-falar-sobre-vitoria-do-gremio-nao-podemos-dar-mole\/#article","isPartOf":{"@id":"https:\/\/www.gaveanews.com\/index.php\/2025\/02\/12\/edenilson-e-sincero-ao-falar-sobre-vitoria-do-gremio-nao-podemos-dar-mole\/"},"author":{"name":"Geovanna Thomaz","@id":"https:\/\/www.gaveanews.com\/#\/schema\/person\/f42654babcd2b2014a1a65af82b081f1"},"headline":"Edenilson \u00e9 sincero ao falar sobre vit\u00f3ria do Gr\u00eamio: &#8220;N\u00e3o podemos dar mole&#8221;","datePublished":"2025-02-13T00:10:00+00:00","mainEntityOfPage":{"@id":"https:\/\/www.gaveanews.com\/index.php\/2025\/02\/12\/edenilson-e-sincero-ao-falar-sobre-vitoria-do-gremio-nao-podemos-dar-mole\/"},"wordCount":436,"commentCount":0,"image":{"@id":"https:\/\/www.gaveanews.com\/index.php\/2025\/02\/12\/edenilson-e-sincero-ao-falar-sobre-vitoria-do-gremio-nao-podemos-dar-mole\/#primaryimage"},"thumbnailUrl":"https:\/\/www.gaveanews.com\/wp-content\/uploads\/Edenilson-em-acao-com-a-camisa-do-Gremio.webp","articleSection":["Gr\u00eamio"],"inLanguage":"pt-BR","potentialAction":[{"@type":"CommentAction","name":"Comment","target":["https:\/\/www.gaveanews.com\/index.php\/2025\/02\/12\/edenilson-e-sincero-ao-falar-sobre-vitoria-do-gremio-nao-podemos-dar-mole\/#respond"]}],"copyrightYear":"2025","copyrightHolder":{"@id":"https:\/\/www.gaveanews.com\/#organization"}},{"@type":"WebPage","@id":"https:\/\/www.gaveanews.com\/index.php\/2025\/02\/12\/edenilson-e-sincero-ao-falar-sobre-vitoria-do-gremio-nao-podemos-dar-mole\/","url":"https:\/\/www.gaveanews.com\/index.php\/2025\/02\/12\/edenilson-e-sincero-ao-falar-sobre-vitoria-do-gremio-nao-podemos-dar-mole\/","name":"Edenilson \u00e9 sincero ao falar sobre vit\u00f3ria do Gr\u00eamio: \"N\u00e3o podemos dar mole\"","isPartOf":{"@id":"https:\/\/www.gaveanews.com\/#website"},"primaryImageOfPage":{"@id":"https:\/\/www.gaveanews.com\/index.php\/2025\/02\/12\/edenilson-e-sincero-ao-falar-sobre-vitoria-do-gremio-nao-podemos-dar-mole\/#primaryimage"},"image":{"@id":"https:\/\/www.gaveanews.com\/index.php\/2025\/02\/12\/edenilson-e-sincero-ao-falar-sobre-vitoria-do-gremio-nao-podemos-dar-mole\/#primaryimage"},"thumbnailUrl":"https:\/\/www.gaveanews.com\/wp-content\/uploads\/Edenilson-em-acao-com-a-camisa-do-Gremio.webp","datePublished":"2025-02-13T00:10:00+00:00","author":{"@id":"https:\/\/www.gaveanews.com\/#\/schema\/person\/f42654babcd2b2014a1a65af82b081f1"},"breadcrumb":{"@id":"https:\/\/www.gaveanews.com\/index.php\/2025\/02\/12\/edenilson-e-sincero-ao-falar-sobre-vitoria-do-gremio-nao-podemos-dar-mole\/#breadcrumb"},"inLanguage":"pt-BR","potentialAction":[{"@type":"ReadAction","target":["https:\/\/www.gaveanews.com\/index.php\/2025\/02\/12\/edenilson-e-sincero-ao-falar-sobre-vitoria-do-gremio-nao-podemos-dar-mole\/"]}]},{"@type":"ImageObject","inLanguage":"pt-BR","@id":"https:\/\/www.gaveanews.com\/index.php\/2025\/02\/12\/edenilson-e-sincero-ao-falar-sobre-vitoria-do-gremio-nao-podemos-dar-mole\/#primaryimage","url":"https:\/\/www.gaveanews.com\/wp-content\/uploads\/Edenilson-em-acao-com-a-camisa-do-Gremio.webp","contentUrl":"https:\/\/www.gaveanews.com\/wp-content\/uploads\/Edenilson-em-acao-com-a-camisa-do-Gremio.webp","width":1100,"height":825,"caption":"Edenilson em a\u00e7\u00e3o com a camisa do Gr\u00eamio (Foto: Reprodu\u00e7\u00e3o\/Instagram)"},{"@type":"BreadcrumbList","@id":"https:\/\/www.gaveanews.com\/index.php\/2025\/02\/12\/edenilson-e-sincero-ao-falar-sobre-vitoria-do-gremio-nao-podemos-dar-mole\/#breadcrumb","itemListElement":[{"@type":"ListItem","position":1,"name":"Home","item":"https:\/\/www.gaveanews.com\/"},{"@type":"ListItem","position":2,"name":"Edenilson \u00e9 sincero ao falar sobre vit\u00f3ria do Gr\u00eamio: &#8220;N\u00e3o podemos dar mole&#8221;"}]},{"@type":"WebSite","@id":"https:\/\/www.gaveanews.com\/#website","url":"https:\/\/www.gaveanews.com\/","name":"G\u00e1vea News","description":"Veja todas as not\u00edcias sobre o Flamengo: Contrata\u00e7\u00f5es, categorias de base, resultados das partidas, tabela de classifica\u00e7\u00e3o, pr\u00f3ximos jogos!","potentialAction":[{"@type":"SearchAction","target":{"@type":"EntryPoint","urlTemplate":"https:\/\/www.gaveanews.com\/?s={search_term_string}"},"query-input":{"@type":"PropertyValueSpecification","valueRequired":true,"valueName":"search_term_string"}}],"inLanguage":"pt-BR"},{"@type":"Person","@id":"https:\/\/www.gaveanews.com\/#\/schema\/person\/f42654babcd2b2014a1a65af82b081f1","name":"Geovanna Thomaz","image":{"@type":"ImageObject","inLanguage":"pt-BR","@id":"https:\/\/www.gaveanews.com\/#\/schema\/person\/image\/","url":"https:\/\/secure.gravatar.com\/avatar\/4092073255489533afb558984b49b64268c47198af8623cc82a925ae9fb7118a?s=96&d=mm&r=g","contentUrl":"https:\/\/secure.gravatar.com\/avatar\/4092073255489533afb558984b49b64268c47198af8623cc82a925ae9fb7118a?s=96&d=mm&r=g","caption":"Geovanna Thomaz"}}]}},"_links":{"self":[{"href":"https:\/\/www.gaveanews.com\/index.php\/wp-json\/wp\/v2\/posts\/226961","targetHints":{"allow":["GET"]}}],"collection":[{"href":"https:\/\/www.gaveanews.com\/index.php\/wp-json\/wp\/v2\/posts"}],"about":[{"href":"https:\/\/www.gaveanews.com\/index.php\/wp-json\/wp\/v2\/types\/post"}],"author":[{"embeddable":true,"href":"https:\/\/www.gaveanews.com\/index.php\/wp-json\/wp\/v2\/users\/17"}],"replies":[{"embeddable":true,"href":"https:\/\/www.gaveanews.com\/index.php\/wp-json\/wp\/v2\/comments?post=226961"}],"version-history":[{"count":1,"href":"https:\/\/www.gaveanews.com\/index.php\/wp-json\/wp\/v2\/posts\/226961\/revisions"}],"predecessor-version":[{"id":226962,"href":"https:\/\/www.gaveanews.com\/index.php\/wp-json\/wp\/v2\/posts\/226961\/revisions\/226962"}],"wp:featuredmedia":[{"embeddable":true,"href":"https:\/\/www.gaveanews.com\/index.php\/wp-json\/wp\/v2\/media\/180686"}],"wp:attachment":[{"href":"https:\/\/www.gaveanews.com\/index.php\/wp-json\/wp\/v2\/media?parent=226961"}],"wp:term":[{"taxonomy":"category","embeddable":true,"href":"https:\/\/www.gaveanews.com\/index.php\/wp-json\/wp\/v2\/categories?post=226961"},{"taxonomy":"post_tag","embeddable":true,"href":"https:\/\/www.gaveanews.com\/index.php\/wp-json\/wp\/v2\/tags?post=226961"}],"curies":[{"name":"wp","href":"https:\/\/api.w.org\/{rel}","templated":true}]}}