{"id":226975,"date":"2025-02-12T21:25:00","date_gmt":"2025-02-13T00:25:00","guid":{"rendered":"https:\/\/www.gaveanews.com\/?p=226975"},"modified":"2025-02-12T20:35:54","modified_gmt":"2025-02-12T23:35:54","slug":"botafogo-x-racing-a-declaracao-de-eric-faria-sobre-a-final-da-recopa-sul-americana","status":"publish","type":"post","link":"https:\/\/www.gaveanews.com\/index.php\/2025\/02\/12\/botafogo-x-racing-a-declaracao-de-eric-faria-sobre-a-final-da-recopa-sul-americana\/","title":{"rendered":"Botafogo x Racing: a declara\u00e7\u00e3o de Eric Faria sobre a final da Recopa Sul-Americana"},"content":{"rendered":"\n<p>Na semana que vem, o Botafogo come\u00e7a a batalha pelo t\u00edtulo da Recopa Sul-Americana, contra o Racing, ainda sem t\u00e9cnico e com defici\u00eancias principalmente na parte ofensiva do elenco. O comentarista Eric Faria, no programa Sele\u00e7\u00e3o SporTV, expressou preocupa\u00e7\u00e3o com a demora no planejamento para o clube alcan\u00e7ar mais um t\u00edtulo internacional e in\u00e9dito em sua trajet\u00f3ria.<\/p>\n\n\n\n<p>&#8220;Daqui a pouco o Botafogo vai decidir um t\u00edtulo internacional contra o Racing. Por mais que o Textor fale que o importante \u00e9 o Brasileiro, \u00e9 o Mundial de Clubes, \u00e9 a Libertadores, o torcedor quer ganhar. O torcedor via na Supercopa uma possibilidade de um t\u00edtulo em cima de um rival. N\u00e3o deu, ok Agora \u00e9 um t\u00edtulo internacional, um t\u00edtulo importante, in\u00e9dito para o clube. Vai jogar contra um time argentino. N\u00e3o d\u00e1 para s\u00f3 achar que os outros campeonatos s\u00e3o importantes, disse Eric, apontando um \u201cexcesso de calma\u201d no clube:&#8221;<\/p>\n\n\n\n<p>&#8220;Acho que at\u00e9 o jogo da Supercopa era normal que houvesse essa defasagem do Botafogo em rela\u00e7\u00e3o ao Flamengo, por uma semana a mais de treinamento do Flamengo, o Flamengo ter mantido a comiss\u00e3o t\u00e9cnica e a maior parte do elenco, o Botafogo perdeu dois dos seus melhores jogadores, estava sem comiss\u00e3o t\u00e9cnica, precisando reestabelecer parte f\u00edsica\u2026 At\u00e9 ali estava dentro do aceit\u00e1vel, at\u00e9 o n\u00edvel mesmo que o Flamengo imp\u00f4s ao Botafogo naquela partida. S\u00f3 que eu acho que, de l\u00e1 para c\u00e1, as coisas n\u00e3o est\u00e3o acontecendo no Botafogo, a n\u00e3o ser que estejam acontecendo e a gente n\u00e3o saiba.&#8221;<\/p>\n\n\n\n<p>Eric Faria tamb\u00e9m declarou que a aus\u00eancia de um treinador substituto ir\u00e1 dificultar a adapta\u00e7\u00e3o do Botafogo aos refor\u00e7os que j\u00e1 chegaram e aos que ainda est\u00e3o por vir. O clube continua sob o comando de Carlos Leiria e trabalha nos bastidores para contratar jogadores como Santiago Rodr\u00edguez, Henry Mosquera e Nathan Fernandes.<\/p>\n\n\n\n<p>As coisas est\u00e3o ficando atrasadas. Vai chegar jogador novo. Quem vai adaptar o Jair no Botafogo? Vai ser o Leiria? Quem vai adaptar o Nathan, se contratar mesmo do Gr\u00eamio, vai ser o Leiria? Quando o Artur se recuperar, quem vai recoloc\u00e1-lo no time para jogar da melhor forma poss\u00edvel, extrair o melhor dele, vai ser o Leiria? N\u00e3o, n\u00e3o vai ser. E quem vai ser? A gente n\u00e3o sabe. &#8220;<\/p>\n\n\n\n<p>&#8220;Os processos no Botafogo j\u00e1 est\u00e3o come\u00e7ando a ficar mais atrasados do que deveriam, na minha opini\u00e3o. Ano passado deu certo, o Artur Jorge chegou na segunda rodada da Libertadores, mas ser\u00e1 que sempre vai ser assim?, questionou.&#8221;<\/p>\n","protected":false},"excerpt":{"rendered":"<p>Na semana que vem, o Botafogo come\u00e7a a batalha pelo t\u00edtulo da Recopa Sul-Americana, contra o Racing, ainda sem t\u00e9cnico e com defici\u00eancias principalmente na parte ofensiva do elenco. O comentarista Eric Faria, no programa Sele\u00e7\u00e3o SporTV, expressou preocupa\u00e7\u00e3o com a demora no planejamento para o clube alcan\u00e7ar mais um t\u00edtulo internacional e in\u00e9dito em [&hellip;]<\/p>\n","protected":false},"author":16,"featured_media":128412,"comment_status":"open","ping_status":"closed","sticky":false,"template":"","format":"standard","meta":{"footnotes":""},"categories":[138],"tags":[],"class_list":["post-226975","post","type-post","status-publish","format-standard","has-post-thumbnail","hentry","category-botafogo"],"yoast_head":"<!-- This site is optimized with the Yoast SEO Premium plugin v24.2 (Yoast SEO v26.9) - https:\/\/yoast.com\/product\/yoast-seo-premium-wordpress\/ -->\n<title>Botafogo x Racing: a declara\u00e7\u00e3o de Eric Faria sobre a final da Recopa Sul-Americana<\/title>\n<meta name=\"robots\" content=\"index, follow, max-snippet:-1, max-image-preview:large, max-video-preview:-1\" \/>\n<link rel=\"canonical\" href=\"https:\/\/www.gaveanews.com\/index.php\/2025\/02\/12\/botafogo-x-racing-a-declaracao-de-eric-faria-sobre-a-final-da-recopa-sul-americana\/\" \/>\n<meta property=\"og:locale\" content=\"pt_BR\" \/>\n<meta property=\"og:type\" content=\"article\" \/>\n<meta property=\"og:title\" content=\"Botafogo x Racing: a declara\u00e7\u00e3o de Eric Faria sobre a final da Recopa Sul-Americana\" \/>\n<meta property=\"og:description\" content=\"Na semana que vem, o Botafogo come\u00e7a a batalha pelo t\u00edtulo da Recopa Sul-Americana, contra o Racing, ainda sem t\u00e9cnico e com defici\u00eancias principalmente na parte ofensiva do elenco. O comentarista Eric Faria, no programa Sele\u00e7\u00e3o SporTV, expressou preocupa\u00e7\u00e3o com a demora no planejamento para o clube alcan\u00e7ar mais um t\u00edtulo internacional e in\u00e9dito em [&hellip;]\" \/>\n<meta property=\"og:url\" content=\"https:\/\/www.gaveanews.com\/index.php\/2025\/02\/12\/botafogo-x-racing-a-declaracao-de-eric-faria-sobre-a-final-da-recopa-sul-americana\/\" \/>\n<meta property=\"og:site_name\" content=\"G\u00e1vea News\" \/>\n<meta property=\"article:publisher\" content=\"https:\/\/facebook.com\/gaveaNews\/\" \/>\n<meta property=\"article:published_time\" content=\"2025-02-13T00:25:00+00:00\" \/>\n<meta property=\"og:image\" content=\"https:\/\/www.gaveanews.com\/wp-content\/uploads\/chrome_kmzQ6iXXsX.webp\" \/>\n\t<meta property=\"og:image:width\" content=\"1542\" \/>\n\t<meta property=\"og:image:height\" content=\"959\" \/>\n\t<meta property=\"og:image:type\" content=\"image\/jpeg\" \/>\n<meta name=\"author\" content=\"D\u00e9bora Figueiredo\" \/>\n<meta name=\"twitter:card\" content=\"summary_large_image\" \/>\n<meta name=\"twitter:label1\" content=\"Escrito por\" \/>\n\t<meta name=\"twitter:data1\" content=\"D\u00e9bora Figueiredo\" \/>\n\t<meta name=\"twitter:label2\" content=\"Est. tempo de leitura\" \/>\n\t<meta name=\"twitter:data2\" content=\"3 minutos\" \/>\n<script type=\"application\/ld+json\" class=\"yoast-schema-graph\">{\"@context\":\"https:\/\/schema.org\",\"@graph\":[{\"@type\":\"NewsArticle\",\"@id\":\"https:\/\/www.gaveanews.com\/index.php\/2025\/02\/12\/botafogo-x-racing-a-declaracao-de-eric-faria-sobre-a-final-da-recopa-sul-americana\/#article\",\"isPartOf\":{\"@id\":\"https:\/\/www.gaveanews.com\/index.php\/2025\/02\/12\/botafogo-x-racing-a-declaracao-de-eric-faria-sobre-a-final-da-recopa-sul-americana\/\"},\"author\":{\"name\":\"D\u00e9bora Figueiredo\",\"@id\":\"https:\/\/www.gaveanews.com\/#\/schema\/person\/37122681a8575a5c8db05a56f099a5e4\"},\"headline\":\"Botafogo x Racing: a declara\u00e7\u00e3o de Eric Faria sobre a final da Recopa Sul-Americana\",\"datePublished\":\"2025-02-13T00:25:00+00:00\",\"mainEntityOfPage\":{\"@id\":\"https:\/\/www.gaveanews.com\/index.php\/2025\/02\/12\/botafogo-x-racing-a-declaracao-de-eric-faria-sobre-a-final-da-recopa-sul-americana\/\"},\"wordCount\":471,\"commentCount\":0,\"image\":{\"@id\":\"https:\/\/www.gaveanews.com\/index.php\/2025\/02\/12\/botafogo-x-racing-a-declaracao-de-eric-faria-sobre-a-final-da-recopa-sul-americana\/#primaryimage\"},\"thumbnailUrl\":\"https:\/\/www.gaveanews.com\/wp-content\/uploads\/chrome_kmzQ6iXXsX.webp\",\"articleSection\":[\"Botafogo\"],\"inLanguage\":\"pt-BR\",\"potentialAction\":[{\"@type\":\"CommentAction\",\"name\":\"Comment\",\"target\":[\"https:\/\/www.gaveanews.com\/index.php\/2025\/02\/12\/botafogo-x-racing-a-declaracao-de-eric-faria-sobre-a-final-da-recopa-sul-americana\/#respond\"]}],\"copyrightYear\":\"2025\",\"copyrightHolder\":{\"@id\":\"https:\/\/www.gaveanews.com\/#organization\"}},{\"@type\":\"WebPage\",\"@id\":\"https:\/\/www.gaveanews.com\/index.php\/2025\/02\/12\/botafogo-x-racing-a-declaracao-de-eric-faria-sobre-a-final-da-recopa-sul-americana\/\",\"url\":\"https:\/\/www.gaveanews.com\/index.php\/2025\/02\/12\/botafogo-x-racing-a-declaracao-de-eric-faria-sobre-a-final-da-recopa-sul-americana\/\",\"name\":\"Botafogo x Racing: a declara\u00e7\u00e3o de Eric Faria sobre a final da Recopa Sul-Americana\",\"isPartOf\":{\"@id\":\"https:\/\/www.gaveanews.com\/#website\"},\"primaryImageOfPage\":{\"@id\":\"https:\/\/www.gaveanews.com\/index.php\/2025\/02\/12\/botafogo-x-racing-a-declaracao-de-eric-faria-sobre-a-final-da-recopa-sul-americana\/#primaryimage\"},\"image\":{\"@id\":\"https:\/\/www.gaveanews.com\/index.php\/2025\/02\/12\/botafogo-x-racing-a-declaracao-de-eric-faria-sobre-a-final-da-recopa-sul-americana\/#primaryimage\"},\"thumbnailUrl\":\"https:\/\/www.gaveanews.com\/wp-content\/uploads\/chrome_kmzQ6iXXsX.webp\",\"datePublished\":\"2025-02-13T00:25:00+00:00\",\"author\":{\"@id\":\"https:\/\/www.gaveanews.com\/#\/schema\/person\/37122681a8575a5c8db05a56f099a5e4\"},\"breadcrumb\":{\"@id\":\"https:\/\/www.gaveanews.com\/index.php\/2025\/02\/12\/botafogo-x-racing-a-declaracao-de-eric-faria-sobre-a-final-da-recopa-sul-americana\/#breadcrumb\"},\"inLanguage\":\"pt-BR\",\"potentialAction\":[{\"@type\":\"ReadAction\",\"target\":[\"https:\/\/www.gaveanews.com\/index.php\/2025\/02\/12\/botafogo-x-racing-a-declaracao-de-eric-faria-sobre-a-final-da-recopa-sul-americana\/\"]}]},{\"@type\":\"ImageObject\",\"inLanguage\":\"pt-BR\",\"@id\":\"https:\/\/www.gaveanews.com\/index.php\/2025\/02\/12\/botafogo-x-racing-a-declaracao-de-eric-faria-sobre-a-final-da-recopa-sul-americana\/#primaryimage\",\"url\":\"https:\/\/www.gaveanews.com\/wp-content\/uploads\/chrome_kmzQ6iXXsX.webp\",\"contentUrl\":\"https:\/\/www.gaveanews.com\/wp-content\/uploads\/chrome_kmzQ6iXXsX.webp\",\"width\":1542,\"height\":959,\"caption\":\"Eric Faria no Charla Podcast - Foto: Reprodu\u00e7\u00e3o\/Youtube\"},{\"@type\":\"BreadcrumbList\",\"@id\":\"https:\/\/www.gaveanews.com\/index.php\/2025\/02\/12\/botafogo-x-racing-a-declaracao-de-eric-faria-sobre-a-final-da-recopa-sul-americana\/#breadcrumb\",\"itemListElement\":[{\"@type\":\"ListItem\",\"position\":1,\"name\":\"Home\",\"item\":\"https:\/\/www.gaveanews.com\/\"},{\"@type\":\"ListItem\",\"position\":2,\"name\":\"Botafogo x Racing: a declara\u00e7\u00e3o de Eric Faria sobre a final da Recopa Sul-Americana\"}]},{\"@type\":\"WebSite\",\"@id\":\"https:\/\/www.gaveanews.com\/#website\",\"url\":\"https:\/\/www.gaveanews.com\/\",\"name\":\"G\u00e1vea News\",\"description\":\"Veja todas as not\u00edcias sobre o Flamengo: Contrata\u00e7\u00f5es, categorias de base, resultados das partidas, tabela de classifica\u00e7\u00e3o, pr\u00f3ximos jogos!\",\"potentialAction\":[{\"@type\":\"SearchAction\",\"target\":{\"@type\":\"EntryPoint\",\"urlTemplate\":\"https:\/\/www.gaveanews.com\/?s={search_term_string}\"},\"query-input\":{\"@type\":\"PropertyValueSpecification\",\"valueRequired\":true,\"valueName\":\"search_term_string\"}}],\"inLanguage\":\"pt-BR\"},{\"@type\":\"Person\",\"@id\":\"https:\/\/www.gaveanews.com\/#\/schema\/person\/37122681a8575a5c8db05a56f099a5e4\",\"name\":\"D\u00e9bora Figueiredo\",\"image\":{\"@type\":\"ImageObject\",\"inLanguage\":\"pt-BR\",\"@id\":\"https:\/\/www.gaveanews.com\/#\/schema\/person\/image\/\",\"url\":\"https:\/\/secure.gravatar.com\/avatar\/1f44802859351588499d26f52aed1d15796ce17e67602895b72837c08018868d?s=96&d=mm&r=g\",\"contentUrl\":\"https:\/\/secure.gravatar.com\/avatar\/1f44802859351588499d26f52aed1d15796ce17e67602895b72837c08018868d?s=96&d=mm&r=g\",\"caption\":\"D\u00e9bora Figueiredo\"}}]}<\/script>\n<!-- \/ Yoast SEO Premium plugin. -->","yoast_head_json":{"title":"Botafogo x Racing: a declara\u00e7\u00e3o de Eric Faria sobre a final da Recopa Sul-Americana","robots":{"index":"index","follow":"follow","max-snippet":"max-snippet:-1","max-image-preview":"max-image-preview:large","max-video-preview":"max-video-preview:-1"},"canonical":"https:\/\/www.gaveanews.com\/index.php\/2025\/02\/12\/botafogo-x-racing-a-declaracao-de-eric-faria-sobre-a-final-da-recopa-sul-americana\/","og_locale":"pt_BR","og_type":"article","og_title":"Botafogo x Racing: a declara\u00e7\u00e3o de Eric Faria sobre a final da Recopa Sul-Americana","og_description":"Na semana que vem, o Botafogo come\u00e7a a batalha pelo t\u00edtulo da Recopa Sul-Americana, contra o Racing, ainda sem t\u00e9cnico e com defici\u00eancias principalmente na parte ofensiva do elenco. O comentarista Eric Faria, no programa Sele\u00e7\u00e3o SporTV, expressou preocupa\u00e7\u00e3o com a demora no planejamento para o clube alcan\u00e7ar mais um t\u00edtulo internacional e in\u00e9dito em [&hellip;]","og_url":"https:\/\/www.gaveanews.com\/index.php\/2025\/02\/12\/botafogo-x-racing-a-declaracao-de-eric-faria-sobre-a-final-da-recopa-sul-americana\/","og_site_name":"G\u00e1vea News","article_publisher":"https:\/\/facebook.com\/gaveaNews\/","article_published_time":"2025-02-13T00:25:00+00:00","og_image":[{"width":1542,"height":959,"url":"https:\/\/www.gaveanews.com\/wp-content\/uploads\/chrome_kmzQ6iXXsX.webp","type":"image\/jpeg"}],"author":"D\u00e9bora Figueiredo","twitter_card":"summary_large_image","twitter_misc":{"Escrito por":"D\u00e9bora Figueiredo","Est. tempo de leitura":"3 minutos"},"schema":{"@context":"https:\/\/schema.org","@graph":[{"@type":"NewsArticle","@id":"https:\/\/www.gaveanews.com\/index.php\/2025\/02\/12\/botafogo-x-racing-a-declaracao-de-eric-faria-sobre-a-final-da-recopa-sul-americana\/#article","isPartOf":{"@id":"https:\/\/www.gaveanews.com\/index.php\/2025\/02\/12\/botafogo-x-racing-a-declaracao-de-eric-faria-sobre-a-final-da-recopa-sul-americana\/"},"author":{"name":"D\u00e9bora Figueiredo","@id":"https:\/\/www.gaveanews.com\/#\/schema\/person\/37122681a8575a5c8db05a56f099a5e4"},"headline":"Botafogo x Racing: a declara\u00e7\u00e3o de Eric Faria sobre a final da Recopa Sul-Americana","datePublished":"2025-02-13T00:25:00+00:00","mainEntityOfPage":{"@id":"https:\/\/www.gaveanews.com\/index.php\/2025\/02\/12\/botafogo-x-racing-a-declaracao-de-eric-faria-sobre-a-final-da-recopa-sul-americana\/"},"wordCount":471,"commentCount":0,"image":{"@id":"https:\/\/www.gaveanews.com\/index.php\/2025\/02\/12\/botafogo-x-racing-a-declaracao-de-eric-faria-sobre-a-final-da-recopa-sul-americana\/#primaryimage"},"thumbnailUrl":"https:\/\/www.gaveanews.com\/wp-content\/uploads\/chrome_kmzQ6iXXsX.webp","articleSection":["Botafogo"],"inLanguage":"pt-BR","potentialAction":[{"@type":"CommentAction","name":"Comment","target":["https:\/\/www.gaveanews.com\/index.php\/2025\/02\/12\/botafogo-x-racing-a-declaracao-de-eric-faria-sobre-a-final-da-recopa-sul-americana\/#respond"]}],"copyrightYear":"2025","copyrightHolder":{"@id":"https:\/\/www.gaveanews.com\/#organization"}},{"@type":"WebPage","@id":"https:\/\/www.gaveanews.com\/index.php\/2025\/02\/12\/botafogo-x-racing-a-declaracao-de-eric-faria-sobre-a-final-da-recopa-sul-americana\/","url":"https:\/\/www.gaveanews.com\/index.php\/2025\/02\/12\/botafogo-x-racing-a-declaracao-de-eric-faria-sobre-a-final-da-recopa-sul-americana\/","name":"Botafogo x Racing: a declara\u00e7\u00e3o de Eric Faria sobre a final da Recopa Sul-Americana","isPartOf":{"@id":"https:\/\/www.gaveanews.com\/#website"},"primaryImageOfPage":{"@id":"https:\/\/www.gaveanews.com\/index.php\/2025\/02\/12\/botafogo-x-racing-a-declaracao-de-eric-faria-sobre-a-final-da-recopa-sul-americana\/#primaryimage"},"image":{"@id":"https:\/\/www.gaveanews.com\/index.php\/2025\/02\/12\/botafogo-x-racing-a-declaracao-de-eric-faria-sobre-a-final-da-recopa-sul-americana\/#primaryimage"},"thumbnailUrl":"https:\/\/www.gaveanews.com\/wp-content\/uploads\/chrome_kmzQ6iXXsX.webp","datePublished":"2025-02-13T00:25:00+00:00","author":{"@id":"https:\/\/www.gaveanews.com\/#\/schema\/person\/37122681a8575a5c8db05a56f099a5e4"},"breadcrumb":{"@id":"https:\/\/www.gaveanews.com\/index.php\/2025\/02\/12\/botafogo-x-racing-a-declaracao-de-eric-faria-sobre-a-final-da-recopa-sul-americana\/#breadcrumb"},"inLanguage":"pt-BR","potentialAction":[{"@type":"ReadAction","target":["https:\/\/www.gaveanews.com\/index.php\/2025\/02\/12\/botafogo-x-racing-a-declaracao-de-eric-faria-sobre-a-final-da-recopa-sul-americana\/"]}]},{"@type":"ImageObject","inLanguage":"pt-BR","@id":"https:\/\/www.gaveanews.com\/index.php\/2025\/02\/12\/botafogo-x-racing-a-declaracao-de-eric-faria-sobre-a-final-da-recopa-sul-americana\/#primaryimage","url":"https:\/\/www.gaveanews.com\/wp-content\/uploads\/chrome_kmzQ6iXXsX.webp","contentUrl":"https:\/\/www.gaveanews.com\/wp-content\/uploads\/chrome_kmzQ6iXXsX.webp","width":1542,"height":959,"caption":"Eric Faria no Charla Podcast - Foto: Reprodu\u00e7\u00e3o\/Youtube"},{"@type":"BreadcrumbList","@id":"https:\/\/www.gaveanews.com\/index.php\/2025\/02\/12\/botafogo-x-racing-a-declaracao-de-eric-faria-sobre-a-final-da-recopa-sul-americana\/#breadcrumb","itemListElement":[{"@type":"ListItem","position":1,"name":"Home","item":"https:\/\/www.gaveanews.com\/"},{"@type":"ListItem","position":2,"name":"Botafogo x Racing: a declara\u00e7\u00e3o de Eric Faria sobre a final da Recopa Sul-Americana"}]},{"@type":"WebSite","@id":"https:\/\/www.gaveanews.com\/#website","url":"https:\/\/www.gaveanews.com\/","name":"G\u00e1vea News","description":"Veja todas as not\u00edcias sobre o Flamengo: Contrata\u00e7\u00f5es, categorias de base, resultados das partidas, tabela de classifica\u00e7\u00e3o, pr\u00f3ximos jogos!","potentialAction":[{"@type":"SearchAction","target":{"@type":"EntryPoint","urlTemplate":"https:\/\/www.gaveanews.com\/?s={search_term_string}"},"query-input":{"@type":"PropertyValueSpecification","valueRequired":true,"valueName":"search_term_string"}}],"inLanguage":"pt-BR"},{"@type":"Person","@id":"https:\/\/www.gaveanews.com\/#\/schema\/person\/37122681a8575a5c8db05a56f099a5e4","name":"D\u00e9bora Figueiredo","image":{"@type":"ImageObject","inLanguage":"pt-BR","@id":"https:\/\/www.gaveanews.com\/#\/schema\/person\/image\/","url":"https:\/\/secure.gravatar.com\/avatar\/1f44802859351588499d26f52aed1d15796ce17e67602895b72837c08018868d?s=96&d=mm&r=g","contentUrl":"https:\/\/secure.gravatar.com\/avatar\/1f44802859351588499d26f52aed1d15796ce17e67602895b72837c08018868d?s=96&d=mm&r=g","caption":"D\u00e9bora Figueiredo"}}]}},"_links":{"self":[{"href":"https:\/\/www.gaveanews.com\/index.php\/wp-json\/wp\/v2\/posts\/226975","targetHints":{"allow":["GET"]}}],"collection":[{"href":"https:\/\/www.gaveanews.com\/index.php\/wp-json\/wp\/v2\/posts"}],"about":[{"href":"https:\/\/www.gaveanews.com\/index.php\/wp-json\/wp\/v2\/types\/post"}],"author":[{"embeddable":true,"href":"https:\/\/www.gaveanews.com\/index.php\/wp-json\/wp\/v2\/users\/16"}],"replies":[{"embeddable":true,"href":"https:\/\/www.gaveanews.com\/index.php\/wp-json\/wp\/v2\/comments?post=226975"}],"version-history":[{"count":2,"href":"https:\/\/www.gaveanews.com\/index.php\/wp-json\/wp\/v2\/posts\/226975\/revisions"}],"predecessor-version":[{"id":226992,"href":"https:\/\/www.gaveanews.com\/index.php\/wp-json\/wp\/v2\/posts\/226975\/revisions\/226992"}],"wp:featuredmedia":[{"embeddable":true,"href":"https:\/\/www.gaveanews.com\/index.php\/wp-json\/wp\/v2\/media\/128412"}],"wp:attachment":[{"href":"https:\/\/www.gaveanews.com\/index.php\/wp-json\/wp\/v2\/media?parent=226975"}],"wp:term":[{"taxonomy":"category","embeddable":true,"href":"https:\/\/www.gaveanews.com\/index.php\/wp-json\/wp\/v2\/categories?post=226975"},{"taxonomy":"post_tag","embeddable":true,"href":"https:\/\/www.gaveanews.com\/index.php\/wp-json\/wp\/v2\/tags?post=226975"}],"curies":[{"name":"wp","href":"https:\/\/api.w.org\/{rel}","templated":true}]}}