{"id":226977,"date":"2025-02-12T21:50:00","date_gmt":"2025-02-13T00:50:00","guid":{"rendered":"https:\/\/www.gaveanews.com\/?p=226977"},"modified":"2025-02-12T20:37:50","modified_gmt":"2025-02-12T23:37:50","slug":"tudo-isso-salario-de-thiago-no-santos-e-revelado","status":"publish","type":"post","link":"https:\/\/www.gaveanews.com\/index.php\/2025\/02\/12\/tudo-isso-salario-de-thiago-no-santos-e-revelado\/","title":{"rendered":"Tudo isso?! Sal\u00e1rio de Thiago no Santos \u00e9 revelado"},"content":{"rendered":"\n<p>O bom filho a casa torna! A pedido de Neymar, Thiago Maia tamb\u00e9m est\u00e1 de volta \u00e0 Vila Belmiro e \u00e9 mais um nome do pacot\u00e3o de refor\u00e7os para temporada. Santos e Internacional chegaram a um acordo por 6,5 milh\u00f5es de euros (R$ 39 milh\u00f5es), sendo que parte dessa quantia se refere \u00e0 d\u00edvida colorada com o Flamengo. O jogador, por sua vez, retorna ao clube com um sal\u00e1rio pr\u00f3ximo a R$ 1 milh\u00e3o.<\/p>\n\n\n\n<p>Segundo informa\u00e7\u00f5es da reportagem do &#8216;BolaVip Brasil&#8217;, o volante receber\u00e1 uma valoriza\u00e7\u00e3o de R$ 200 mil no Santos em rela\u00e7\u00e3o aos vencimentos no Internacional. O Colorado pagava em torno de R$ 600 mil mensais a Thiago Maia, enquanto o Peixe prop\u00f4s um sal\u00e1rio de R$ 800 mil.<\/p>\n\n\n\n<p>Menino da Vila, Thiago Maia iniciou sua carreira profissional no Santos, em 2014. Permaneceu no time principal do Peixe at\u00e9 2017, quando seguiu para sua primeira &#8211; e \u00fanica &#8211; experi\u00eancia no futebol europeu pelo Lille, da Fran\u00e7a. Em 2020, foi emprestado e, posteriormente, vendido ao Flamengo.<\/p>\n\n\n\n<h2 class=\"wp-block-heading\" id=\"h-divida-com-o-flamengo\">D\u00edvida com o Flamengo<\/h2>\n\n\n\n<p>O Internacional firmou um acordo com o Rubro-Negro no valor de 4 milh\u00f5es de euros (cerca de R$ 24 milh\u00f5es) pelo jogador em 2024, mas n\u00e3o honrou com o neg\u00f3cio. Isso porque o Colorado j\u00e1 deve ao menos tr\u00eas parcelas, equivalentes a 700 mil euros (R$ 4 milh\u00f5es), ao Flamengo pela contrata\u00e7\u00e3o.<\/p>\n\n\n\n<p>A c\u00fapula colorada planejava quitar a d\u00edvida com o Flamengo neste m\u00eas mesmo se n\u00e3o houvesse a venda. Por\u00e9m, como o Santos se disp\u00f4s a arcar com o subs\u00eddio, o Internacional concordou em ficar apenas com 2,5 milh\u00f5es de euros da negocia\u00e7\u00e3o envolvendo Thiago Maia.<\/p>\n\n\n\n<h2 class=\"wp-block-heading\" id=\"h-influencia-de-neymar\">Influ\u00eancia de Neymar<\/h2>\n\n\n\n<p>A contrata\u00e7\u00e3o de Thiago Maia foi um pedido de Neymar \u00e0 diretoria santista. Al\u00e9m disso, as tratativas entre Santos e Internacional contaram com interm\u00e9dio de Neymar Pai, tamb\u00e9m entusiasta da volta do volante \u00e0 Vila Belmiro.<\/p>\n\n\n\n<p>Al\u00e9m de amigos pessoais, Neymar e Thiago Maia j\u00e1 foram parceiros de time e t\u00eam entrosamento de outros carnavais. A dupla conquistou a in\u00e9dita medalha de ouro do Brasil na Olimp\u00edada Rio 2016, no Maracan\u00e3, pelo futebol masculino.<\/p>\n","protected":false},"excerpt":{"rendered":"<p>O bom filho a casa torna! A pedido de Neymar, Thiago Maia tamb\u00e9m est\u00e1 de volta \u00e0 Vila Belmiro e \u00e9 mais um nome do pacot\u00e3o de refor\u00e7os para temporada. Santos e Internacional chegaram a um acordo por 6,5 milh\u00f5es de euros (R$ 39 milh\u00f5es), sendo que parte dessa quantia se refere \u00e0 d\u00edvida colorada [&hellip;]<\/p>\n","protected":false},"author":30,"featured_media":169849,"comment_status":"open","ping_status":"closed","sticky":false,"template":"","format":"standard","meta":{"footnotes":""},"categories":[139],"tags":[],"class_list":["post-226977","post","type-post","status-publish","format-standard","has-post-thumbnail","hentry","category-santos"],"yoast_head":"<!-- This site is optimized with the Yoast SEO Premium plugin v24.2 (Yoast SEO v26.9) - https:\/\/yoast.com\/product\/yoast-seo-premium-wordpress\/ -->\n<title>Tudo isso?! Sal\u00e1rio de Thiago no Santos \u00e9 revelado<\/title>\n<meta name=\"robots\" content=\"index, follow, max-snippet:-1, max-image-preview:large, max-video-preview:-1\" \/>\n<link rel=\"canonical\" href=\"https:\/\/www.gaveanews.com\/index.php\/2025\/02\/12\/tudo-isso-salario-de-thiago-no-santos-e-revelado\/\" \/>\n<meta property=\"og:locale\" content=\"pt_BR\" \/>\n<meta property=\"og:type\" content=\"article\" \/>\n<meta property=\"og:title\" content=\"Tudo isso?! Sal\u00e1rio de Thiago no Santos \u00e9 revelado\" \/>\n<meta property=\"og:description\" content=\"O bom filho a casa torna! A pedido de Neymar, Thiago Maia tamb\u00e9m est\u00e1 de volta \u00e0 Vila Belmiro e \u00e9 mais um nome do pacot\u00e3o de refor\u00e7os para temporada. Santos e Internacional chegaram a um acordo por 6,5 milh\u00f5es de euros (R$ 39 milh\u00f5es), sendo que parte dessa quantia se refere \u00e0 d\u00edvida colorada [&hellip;]\" \/>\n<meta property=\"og:url\" content=\"https:\/\/www.gaveanews.com\/index.php\/2025\/02\/12\/tudo-isso-salario-de-thiago-no-santos-e-revelado\/\" \/>\n<meta property=\"og:site_name\" content=\"G\u00e1vea News\" \/>\n<meta property=\"article:publisher\" content=\"https:\/\/facebook.com\/gaveaNews\/\" \/>\n<meta property=\"article:published_time\" content=\"2025-02-13T00:50:00+00:00\" \/>\n<meta property=\"og:image\" content=\"https:\/\/www.gaveanews.com\/wp-content\/uploads\/Thiago-Maia-em-acao-pelo-Internacional.webp\" \/>\n\t<meta property=\"og:image:width\" content=\"774\" \/>\n\t<meta property=\"og:image:height\" content=\"508\" \/>\n\t<meta property=\"og:image:type\" content=\"image\/jpeg\" \/>\n<meta name=\"author\" content=\"Ana Teixeira\" \/>\n<meta name=\"twitter:card\" content=\"summary_large_image\" \/>\n<meta name=\"twitter:label1\" content=\"Escrito por\" \/>\n\t<meta name=\"twitter:data1\" content=\"Ana Teixeira\" \/>\n\t<meta name=\"twitter:label2\" content=\"Est. tempo de leitura\" \/>\n\t<meta name=\"twitter:data2\" content=\"3 minutos\" \/>\n<script type=\"application\/ld+json\" class=\"yoast-schema-graph\">{\"@context\":\"https:\/\/schema.org\",\"@graph\":[{\"@type\":\"NewsArticle\",\"@id\":\"https:\/\/www.gaveanews.com\/index.php\/2025\/02\/12\/tudo-isso-salario-de-thiago-no-santos-e-revelado\/#article\",\"isPartOf\":{\"@id\":\"https:\/\/www.gaveanews.com\/index.php\/2025\/02\/12\/tudo-isso-salario-de-thiago-no-santos-e-revelado\/\"},\"author\":{\"name\":\"Ana Teixeira\",\"@id\":\"https:\/\/www.gaveanews.com\/#\/schema\/person\/3b19f7288b0ce20372991275e4f2e6c2\"},\"headline\":\"Tudo isso?! Sal\u00e1rio de Thiago no Santos \u00e9 revelado\",\"datePublished\":\"2025-02-13T00:50:00+00:00\",\"mainEntityOfPage\":{\"@id\":\"https:\/\/www.gaveanews.com\/index.php\/2025\/02\/12\/tudo-isso-salario-de-thiago-no-santos-e-revelado\/\"},\"wordCount\":376,\"commentCount\":0,\"image\":{\"@id\":\"https:\/\/www.gaveanews.com\/index.php\/2025\/02\/12\/tudo-isso-salario-de-thiago-no-santos-e-revelado\/#primaryimage\"},\"thumbnailUrl\":\"https:\/\/www.gaveanews.com\/wp-content\/uploads\/Thiago-Maia-em-acao-pelo-Internacional.webp\",\"articleSection\":[\"Santos\"],\"inLanguage\":\"pt-BR\",\"potentialAction\":[{\"@type\":\"CommentAction\",\"name\":\"Comment\",\"target\":[\"https:\/\/www.gaveanews.com\/index.php\/2025\/02\/12\/tudo-isso-salario-de-thiago-no-santos-e-revelado\/#respond\"]}],\"copyrightYear\":\"2025\",\"copyrightHolder\":{\"@id\":\"https:\/\/www.gaveanews.com\/#organization\"}},{\"@type\":\"WebPage\",\"@id\":\"https:\/\/www.gaveanews.com\/index.php\/2025\/02\/12\/tudo-isso-salario-de-thiago-no-santos-e-revelado\/\",\"url\":\"https:\/\/www.gaveanews.com\/index.php\/2025\/02\/12\/tudo-isso-salario-de-thiago-no-santos-e-revelado\/\",\"name\":\"Tudo isso?! Sal\u00e1rio de Thiago no Santos \u00e9 revelado\",\"isPartOf\":{\"@id\":\"https:\/\/www.gaveanews.com\/#website\"},\"primaryImageOfPage\":{\"@id\":\"https:\/\/www.gaveanews.com\/index.php\/2025\/02\/12\/tudo-isso-salario-de-thiago-no-santos-e-revelado\/#primaryimage\"},\"image\":{\"@id\":\"https:\/\/www.gaveanews.com\/index.php\/2025\/02\/12\/tudo-isso-salario-de-thiago-no-santos-e-revelado\/#primaryimage\"},\"thumbnailUrl\":\"https:\/\/www.gaveanews.com\/wp-content\/uploads\/Thiago-Maia-em-acao-pelo-Internacional.webp\",\"datePublished\":\"2025-02-13T00:50:00+00:00\",\"author\":{\"@id\":\"https:\/\/www.gaveanews.com\/#\/schema\/person\/3b19f7288b0ce20372991275e4f2e6c2\"},\"breadcrumb\":{\"@id\":\"https:\/\/www.gaveanews.com\/index.php\/2025\/02\/12\/tudo-isso-salario-de-thiago-no-santos-e-revelado\/#breadcrumb\"},\"inLanguage\":\"pt-BR\",\"potentialAction\":[{\"@type\":\"ReadAction\",\"target\":[\"https:\/\/www.gaveanews.com\/index.php\/2025\/02\/12\/tudo-isso-salario-de-thiago-no-santos-e-revelado\/\"]}]},{\"@type\":\"ImageObject\",\"inLanguage\":\"pt-BR\",\"@id\":\"https:\/\/www.gaveanews.com\/index.php\/2025\/02\/12\/tudo-isso-salario-de-thiago-no-santos-e-revelado\/#primaryimage\",\"url\":\"https:\/\/www.gaveanews.com\/wp-content\/uploads\/Thiago-Maia-em-acao-pelo-Internacional.webp\",\"contentUrl\":\"https:\/\/www.gaveanews.com\/wp-content\/uploads\/Thiago-Maia-em-acao-pelo-Internacional.webp\",\"width\":774,\"height\":508,\"caption\":\"Thiago Maia em a\u00e7\u00e3o pelo Internacional (Foto: Divulga\u00e7\u00e3o\/Internacional)\"},{\"@type\":\"BreadcrumbList\",\"@id\":\"https:\/\/www.gaveanews.com\/index.php\/2025\/02\/12\/tudo-isso-salario-de-thiago-no-santos-e-revelado\/#breadcrumb\",\"itemListElement\":[{\"@type\":\"ListItem\",\"position\":1,\"name\":\"Home\",\"item\":\"https:\/\/www.gaveanews.com\/\"},{\"@type\":\"ListItem\",\"position\":2,\"name\":\"Tudo isso?! Sal\u00e1rio de Thiago no Santos \u00e9 revelado\"}]},{\"@type\":\"WebSite\",\"@id\":\"https:\/\/www.gaveanews.com\/#website\",\"url\":\"https:\/\/www.gaveanews.com\/\",\"name\":\"G\u00e1vea News\",\"description\":\"Veja todas as not\u00edcias sobre o Flamengo: Contrata\u00e7\u00f5es, categorias de base, resultados das partidas, tabela de classifica\u00e7\u00e3o, pr\u00f3ximos jogos!\",\"potentialAction\":[{\"@type\":\"SearchAction\",\"target\":{\"@type\":\"EntryPoint\",\"urlTemplate\":\"https:\/\/www.gaveanews.com\/?s={search_term_string}\"},\"query-input\":{\"@type\":\"PropertyValueSpecification\",\"valueRequired\":true,\"valueName\":\"search_term_string\"}}],\"inLanguage\":\"pt-BR\"},{\"@type\":\"Person\",\"@id\":\"https:\/\/www.gaveanews.com\/#\/schema\/person\/3b19f7288b0ce20372991275e4f2e6c2\",\"name\":\"Ana Teixeira\",\"image\":{\"@type\":\"ImageObject\",\"inLanguage\":\"pt-BR\",\"@id\":\"https:\/\/www.gaveanews.com\/#\/schema\/person\/image\/\",\"url\":\"https:\/\/secure.gravatar.com\/avatar\/0a73f5a5258f3fed37fc2fa641892f3f7a4748456d4d4792f9bc550e6c19e06c?s=96&d=mm&r=g\",\"contentUrl\":\"https:\/\/secure.gravatar.com\/avatar\/0a73f5a5258f3fed37fc2fa641892f3f7a4748456d4d4792f9bc550e6c19e06c?s=96&d=mm&r=g\",\"caption\":\"Ana Teixeira\"}}]}<\/script>\n<!-- \/ Yoast SEO Premium plugin. -->","yoast_head_json":{"title":"Tudo isso?! Sal\u00e1rio de Thiago no Santos \u00e9 revelado","robots":{"index":"index","follow":"follow","max-snippet":"max-snippet:-1","max-image-preview":"max-image-preview:large","max-video-preview":"max-video-preview:-1"},"canonical":"https:\/\/www.gaveanews.com\/index.php\/2025\/02\/12\/tudo-isso-salario-de-thiago-no-santos-e-revelado\/","og_locale":"pt_BR","og_type":"article","og_title":"Tudo isso?! Sal\u00e1rio de Thiago no Santos \u00e9 revelado","og_description":"O bom filho a casa torna! A pedido de Neymar, Thiago Maia tamb\u00e9m est\u00e1 de volta \u00e0 Vila Belmiro e \u00e9 mais um nome do pacot\u00e3o de refor\u00e7os para temporada. Santos e Internacional chegaram a um acordo por 6,5 milh\u00f5es de euros (R$ 39 milh\u00f5es), sendo que parte dessa quantia se refere \u00e0 d\u00edvida colorada [&hellip;]","og_url":"https:\/\/www.gaveanews.com\/index.php\/2025\/02\/12\/tudo-isso-salario-de-thiago-no-santos-e-revelado\/","og_site_name":"G\u00e1vea News","article_publisher":"https:\/\/facebook.com\/gaveaNews\/","article_published_time":"2025-02-13T00:50:00+00:00","og_image":[{"width":774,"height":508,"url":"https:\/\/www.gaveanews.com\/wp-content\/uploads\/Thiago-Maia-em-acao-pelo-Internacional.webp","type":"image\/jpeg"}],"author":"Ana Teixeira","twitter_card":"summary_large_image","twitter_misc":{"Escrito por":"Ana Teixeira","Est. tempo de leitura":"3 minutos"},"schema":{"@context":"https:\/\/schema.org","@graph":[{"@type":"NewsArticle","@id":"https:\/\/www.gaveanews.com\/index.php\/2025\/02\/12\/tudo-isso-salario-de-thiago-no-santos-e-revelado\/#article","isPartOf":{"@id":"https:\/\/www.gaveanews.com\/index.php\/2025\/02\/12\/tudo-isso-salario-de-thiago-no-santos-e-revelado\/"},"author":{"name":"Ana Teixeira","@id":"https:\/\/www.gaveanews.com\/#\/schema\/person\/3b19f7288b0ce20372991275e4f2e6c2"},"headline":"Tudo isso?! Sal\u00e1rio de Thiago no Santos \u00e9 revelado","datePublished":"2025-02-13T00:50:00+00:00","mainEntityOfPage":{"@id":"https:\/\/www.gaveanews.com\/index.php\/2025\/02\/12\/tudo-isso-salario-de-thiago-no-santos-e-revelado\/"},"wordCount":376,"commentCount":0,"image":{"@id":"https:\/\/www.gaveanews.com\/index.php\/2025\/02\/12\/tudo-isso-salario-de-thiago-no-santos-e-revelado\/#primaryimage"},"thumbnailUrl":"https:\/\/www.gaveanews.com\/wp-content\/uploads\/Thiago-Maia-em-acao-pelo-Internacional.webp","articleSection":["Santos"],"inLanguage":"pt-BR","potentialAction":[{"@type":"CommentAction","name":"Comment","target":["https:\/\/www.gaveanews.com\/index.php\/2025\/02\/12\/tudo-isso-salario-de-thiago-no-santos-e-revelado\/#respond"]}],"copyrightYear":"2025","copyrightHolder":{"@id":"https:\/\/www.gaveanews.com\/#organization"}},{"@type":"WebPage","@id":"https:\/\/www.gaveanews.com\/index.php\/2025\/02\/12\/tudo-isso-salario-de-thiago-no-santos-e-revelado\/","url":"https:\/\/www.gaveanews.com\/index.php\/2025\/02\/12\/tudo-isso-salario-de-thiago-no-santos-e-revelado\/","name":"Tudo isso?! Sal\u00e1rio de Thiago no Santos \u00e9 revelado","isPartOf":{"@id":"https:\/\/www.gaveanews.com\/#website"},"primaryImageOfPage":{"@id":"https:\/\/www.gaveanews.com\/index.php\/2025\/02\/12\/tudo-isso-salario-de-thiago-no-santos-e-revelado\/#primaryimage"},"image":{"@id":"https:\/\/www.gaveanews.com\/index.php\/2025\/02\/12\/tudo-isso-salario-de-thiago-no-santos-e-revelado\/#primaryimage"},"thumbnailUrl":"https:\/\/www.gaveanews.com\/wp-content\/uploads\/Thiago-Maia-em-acao-pelo-Internacional.webp","datePublished":"2025-02-13T00:50:00+00:00","author":{"@id":"https:\/\/www.gaveanews.com\/#\/schema\/person\/3b19f7288b0ce20372991275e4f2e6c2"},"breadcrumb":{"@id":"https:\/\/www.gaveanews.com\/index.php\/2025\/02\/12\/tudo-isso-salario-de-thiago-no-santos-e-revelado\/#breadcrumb"},"inLanguage":"pt-BR","potentialAction":[{"@type":"ReadAction","target":["https:\/\/www.gaveanews.com\/index.php\/2025\/02\/12\/tudo-isso-salario-de-thiago-no-santos-e-revelado\/"]}]},{"@type":"ImageObject","inLanguage":"pt-BR","@id":"https:\/\/www.gaveanews.com\/index.php\/2025\/02\/12\/tudo-isso-salario-de-thiago-no-santos-e-revelado\/#primaryimage","url":"https:\/\/www.gaveanews.com\/wp-content\/uploads\/Thiago-Maia-em-acao-pelo-Internacional.webp","contentUrl":"https:\/\/www.gaveanews.com\/wp-content\/uploads\/Thiago-Maia-em-acao-pelo-Internacional.webp","width":774,"height":508,"caption":"Thiago Maia em a\u00e7\u00e3o pelo Internacional (Foto: Divulga\u00e7\u00e3o\/Internacional)"},{"@type":"BreadcrumbList","@id":"https:\/\/www.gaveanews.com\/index.php\/2025\/02\/12\/tudo-isso-salario-de-thiago-no-santos-e-revelado\/#breadcrumb","itemListElement":[{"@type":"ListItem","position":1,"name":"Home","item":"https:\/\/www.gaveanews.com\/"},{"@type":"ListItem","position":2,"name":"Tudo isso?! Sal\u00e1rio de Thiago no Santos \u00e9 revelado"}]},{"@type":"WebSite","@id":"https:\/\/www.gaveanews.com\/#website","url":"https:\/\/www.gaveanews.com\/","name":"G\u00e1vea News","description":"Veja todas as not\u00edcias sobre o Flamengo: Contrata\u00e7\u00f5es, categorias de base, resultados das partidas, tabela de classifica\u00e7\u00e3o, pr\u00f3ximos jogos!","potentialAction":[{"@type":"SearchAction","target":{"@type":"EntryPoint","urlTemplate":"https:\/\/www.gaveanews.com\/?s={search_term_string}"},"query-input":{"@type":"PropertyValueSpecification","valueRequired":true,"valueName":"search_term_string"}}],"inLanguage":"pt-BR"},{"@type":"Person","@id":"https:\/\/www.gaveanews.com\/#\/schema\/person\/3b19f7288b0ce20372991275e4f2e6c2","name":"Ana Teixeira","image":{"@type":"ImageObject","inLanguage":"pt-BR","@id":"https:\/\/www.gaveanews.com\/#\/schema\/person\/image\/","url":"https:\/\/secure.gravatar.com\/avatar\/0a73f5a5258f3fed37fc2fa641892f3f7a4748456d4d4792f9bc550e6c19e06c?s=96&d=mm&r=g","contentUrl":"https:\/\/secure.gravatar.com\/avatar\/0a73f5a5258f3fed37fc2fa641892f3f7a4748456d4d4792f9bc550e6c19e06c?s=96&d=mm&r=g","caption":"Ana Teixeira"}}]}},"_links":{"self":[{"href":"https:\/\/www.gaveanews.com\/index.php\/wp-json\/wp\/v2\/posts\/226977","targetHints":{"allow":["GET"]}}],"collection":[{"href":"https:\/\/www.gaveanews.com\/index.php\/wp-json\/wp\/v2\/posts"}],"about":[{"href":"https:\/\/www.gaveanews.com\/index.php\/wp-json\/wp\/v2\/types\/post"}],"author":[{"embeddable":true,"href":"https:\/\/www.gaveanews.com\/index.php\/wp-json\/wp\/v2\/users\/30"}],"replies":[{"embeddable":true,"href":"https:\/\/www.gaveanews.com\/index.php\/wp-json\/wp\/v2\/comments?post=226977"}],"version-history":[{"count":3,"href":"https:\/\/www.gaveanews.com\/index.php\/wp-json\/wp\/v2\/posts\/226977\/revisions"}],"predecessor-version":[{"id":226980,"href":"https:\/\/www.gaveanews.com\/index.php\/wp-json\/wp\/v2\/posts\/226977\/revisions\/226980"}],"wp:featuredmedia":[{"embeddable":true,"href":"https:\/\/www.gaveanews.com\/index.php\/wp-json\/wp\/v2\/media\/169849"}],"wp:attachment":[{"href":"https:\/\/www.gaveanews.com\/index.php\/wp-json\/wp\/v2\/media?parent=226977"}],"wp:term":[{"taxonomy":"category","embeddable":true,"href":"https:\/\/www.gaveanews.com\/index.php\/wp-json\/wp\/v2\/categories?post=226977"},{"taxonomy":"post_tag","embeddable":true,"href":"https:\/\/www.gaveanews.com\/index.php\/wp-json\/wp\/v2\/tags?post=226977"}],"curies":[{"name":"wp","href":"https:\/\/api.w.org\/{rel}","templated":true}]}}