{"id":227001,"date":"2025-02-12T22:00:00","date_gmt":"2025-02-13T01:00:00","guid":{"rendered":"https:\/\/www.gaveanews.com\/?p=227001"},"modified":"2025-02-12T21:30:51","modified_gmt":"2025-02-13T00:30:51","slug":"saiba-qual-e-o-clube-que-wesley-do-flamengo-sonha-em-defender","status":"publish","type":"post","link":"https:\/\/www.gaveanews.com\/index.php\/2025\/02\/12\/saiba-qual-e-o-clube-que-wesley-do-flamengo-sonha-em-defender\/","title":{"rendered":"Saiba qual \u00e9 o clube que Wesley, do Flamengo, sonha em defender"},"content":{"rendered":"\n<p>Um dos grandes destaques do elenco do Flamengo, Wesley vive grande fase no clube e est\u00e1 sendo alvo de ass\u00e9dio de gigantes europeus. O lateral, que deve deixar o Rubro-Negro ainda durante a temporada, tem um sonho em espec\u00edfico.<\/p>\n\n\n\n<p>Segundo informa\u00e7\u00f5es do &#8216;Gazeta do Urubu&#8217;, o sonho de Wesley \u00e9 defender o Barcelona, da Espanha. E o time catal\u00e3o \u00e9 justamente um dos interessados na contrata\u00e7\u00e3o do lateral-direito. Ao menos, \u00e9 o que afirma o jornalista Joaquim Piera, do jornal &#8216;Sport&#8217;.<\/p>\n\n\n\n<p>Ainda conforme o &#8216;Sport&#8217;, o Barcelona se prepara para oficializar uma proposta pelo jogador, que chama a aten\u00e7\u00e3o de diversos clubes do mundo, entre eles, o Manchester United, da Inglaterra, e o Zenit, da R\u00fassia. Os russos, inclusive, estariam dispostos a pagar 30 milh\u00f5es de euros, cerca de R$ 180 milh\u00f5es pelo jogador.<\/p>\n\n\n\n<p>Vale destacar, no entanto, que ainda de acordo com o ve\u00edculo citado, o Flamengo projeta negociar Wesley por, no m\u00ednimo, 35 milh\u00f5es de euros &#8211; R$ 209 milh\u00f5es na cota\u00e7\u00e3o atual. Na temporada anterior, o lateral-direito quase se transferiu para o Atalanta, mas as negocia\u00e7\u00f5es n\u00e3o deram certo. <\/p>\n\n\n\n<p>Desde ent\u00e3o, Wesley viu sua pot\u00eancia crescer, e se tornou titular absoluto do Flamengo e pe\u00e7a fundamental para a equipe de Filipe Lu\u00eds. O t\u00e9cnico, inclusive, destacou que, em junho, o lateral-direito vai &#8220;escolher onde quer jogar&#8221;.<\/p>\n\n\n\n<p>&#8220;\u00c9 o tipo de jogador que em junho vai escolher onde ele quiser, onde ele vai querer jogar. Porque n\u00e3o tem teto, esse moleque \u00e9 diferente. O Dorival (J\u00fanior) estava a\u00ed, n\u00e9? Mais um que vai sair (convocado) na Data Fifa (risos)&#8221;, disse Filipe, ap\u00f3s o t\u00edtulo do Flamengo na Supercopa Rei do Brasil, sobre o Botafogo. <\/p>\n\n\n\n<p>O Flamengo, no entanto, resiste \u00e0s investidas e n\u00e3o pretende negociar o jovem antes da disputa do Super Mundial da FIFA, que ser\u00e1 realizado entre junho e julho. <\/p>\n","protected":false},"excerpt":{"rendered":"<p>Um dos grandes destaques do elenco do Flamengo, Wesley vive grande fase no clube e est\u00e1 sendo alvo de ass\u00e9dio de gigantes europeus. O lateral, que deve deixar o Rubro-Negro ainda durante a temporada, tem um sonho em espec\u00edfico. Segundo informa\u00e7\u00f5es do &#8216;Gazeta do Urubu&#8217;, o sonho de Wesley \u00e9 defender o Barcelona, da Espanha. [&hellip;]<\/p>\n","protected":false},"author":18,"featured_media":159864,"comment_status":"open","ping_status":"closed","sticky":false,"template":"","format":"standard","meta":{"footnotes":""},"categories":[87,1],"tags":[],"class_list":["post-227001","post","type-post","status-publish","format-standard","has-post-thumbnail","hentry","category-barcelona","category-flamengo"],"yoast_head":"<!-- This site is optimized with the Yoast SEO Premium plugin v24.2 (Yoast SEO v26.9) - https:\/\/yoast.com\/product\/yoast-seo-premium-wordpress\/ -->\n<title>Saiba qual \u00e9 o clube que Wesley, do Flamengo, sonha em defender<\/title>\n<meta name=\"robots\" content=\"index, follow, max-snippet:-1, max-image-preview:large, max-video-preview:-1\" \/>\n<link rel=\"canonical\" href=\"https:\/\/www.gaveanews.com\/index.php\/2025\/02\/12\/saiba-qual-e-o-clube-que-wesley-do-flamengo-sonha-em-defender\/\" \/>\n<meta property=\"og:locale\" content=\"pt_BR\" \/>\n<meta property=\"og:type\" content=\"article\" \/>\n<meta property=\"og:title\" content=\"Saiba qual \u00e9 o clube que Wesley, do Flamengo, sonha em defender\" \/>\n<meta property=\"og:description\" content=\"Um dos grandes destaques do elenco do Flamengo, Wesley vive grande fase no clube e est\u00e1 sendo alvo de ass\u00e9dio de gigantes europeus. O lateral, que deve deixar o Rubro-Negro ainda durante a temporada, tem um sonho em espec\u00edfico. Segundo informa\u00e7\u00f5es do &#8216;Gazeta do Urubu&#8217;, o sonho de Wesley \u00e9 defender o Barcelona, da Espanha. [&hellip;]\" \/>\n<meta property=\"og:url\" content=\"https:\/\/www.gaveanews.com\/index.php\/2025\/02\/12\/saiba-qual-e-o-clube-que-wesley-do-flamengo-sonha-em-defender\/\" \/>\n<meta property=\"og:site_name\" content=\"G\u00e1vea News\" \/>\n<meta property=\"article:publisher\" content=\"https:\/\/facebook.com\/gaveaNews\/\" \/>\n<meta property=\"article:published_time\" content=\"2025-02-13T01:00:00+00:00\" \/>\n<meta property=\"og:image\" content=\"https:\/\/www.gaveanews.com\/wp-content\/uploads\/Wesley-em-acao-pelo-Flamengo.webp\" \/>\n\t<meta property=\"og:image:width\" content=\"860\" \/>\n\t<meta property=\"og:image:height\" content=\"484\" \/>\n\t<meta property=\"og:image:type\" content=\"image\/jpeg\" \/>\n<meta name=\"author\" content=\"Paula Silva\" \/>\n<meta name=\"twitter:card\" content=\"summary_large_image\" \/>\n<meta name=\"twitter:label1\" content=\"Escrito por\" \/>\n\t<meta name=\"twitter:data1\" content=\"Paula Silva\" \/>\n\t<meta name=\"twitter:label2\" content=\"Est. tempo de leitura\" \/>\n\t<meta name=\"twitter:data2\" content=\"2 minutos\" \/>\n<script type=\"application\/ld+json\" class=\"yoast-schema-graph\">{\"@context\":\"https:\/\/schema.org\",\"@graph\":[{\"@type\":\"NewsArticle\",\"@id\":\"https:\/\/www.gaveanews.com\/index.php\/2025\/02\/12\/saiba-qual-e-o-clube-que-wesley-do-flamengo-sonha-em-defender\/#article\",\"isPartOf\":{\"@id\":\"https:\/\/www.gaveanews.com\/index.php\/2025\/02\/12\/saiba-qual-e-o-clube-que-wesley-do-flamengo-sonha-em-defender\/\"},\"author\":{\"name\":\"Paula Silva\",\"@id\":\"https:\/\/www.gaveanews.com\/#\/schema\/person\/daf63eec72e1164eb13dc35096c2b8da\"},\"headline\":\"Saiba qual \u00e9 o clube que Wesley, do Flamengo, sonha em defender\",\"datePublished\":\"2025-02-13T01:00:00+00:00\",\"mainEntityOfPage\":{\"@id\":\"https:\/\/www.gaveanews.com\/index.php\/2025\/02\/12\/saiba-qual-e-o-clube-que-wesley-do-flamengo-sonha-em-defender\/\"},\"wordCount\":332,\"commentCount\":0,\"image\":{\"@id\":\"https:\/\/www.gaveanews.com\/index.php\/2025\/02\/12\/saiba-qual-e-o-clube-que-wesley-do-flamengo-sonha-em-defender\/#primaryimage\"},\"thumbnailUrl\":\"https:\/\/www.gaveanews.com\/wp-content\/uploads\/Wesley-em-acao-pelo-Flamengo.webp\",\"articleSection\":[\"Barcelona\",\"Flamengo\"],\"inLanguage\":\"pt-BR\",\"potentialAction\":[{\"@type\":\"CommentAction\",\"name\":\"Comment\",\"target\":[\"https:\/\/www.gaveanews.com\/index.php\/2025\/02\/12\/saiba-qual-e-o-clube-que-wesley-do-flamengo-sonha-em-defender\/#respond\"]}],\"copyrightYear\":\"2025\",\"copyrightHolder\":{\"@id\":\"https:\/\/www.gaveanews.com\/#organization\"}},{\"@type\":\"WebPage\",\"@id\":\"https:\/\/www.gaveanews.com\/index.php\/2025\/02\/12\/saiba-qual-e-o-clube-que-wesley-do-flamengo-sonha-em-defender\/\",\"url\":\"https:\/\/www.gaveanews.com\/index.php\/2025\/02\/12\/saiba-qual-e-o-clube-que-wesley-do-flamengo-sonha-em-defender\/\",\"name\":\"Saiba qual \u00e9 o clube que Wesley, do Flamengo, sonha em defender\",\"isPartOf\":{\"@id\":\"https:\/\/www.gaveanews.com\/#website\"},\"primaryImageOfPage\":{\"@id\":\"https:\/\/www.gaveanews.com\/index.php\/2025\/02\/12\/saiba-qual-e-o-clube-que-wesley-do-flamengo-sonha-em-defender\/#primaryimage\"},\"image\":{\"@id\":\"https:\/\/www.gaveanews.com\/index.php\/2025\/02\/12\/saiba-qual-e-o-clube-que-wesley-do-flamengo-sonha-em-defender\/#primaryimage\"},\"thumbnailUrl\":\"https:\/\/www.gaveanews.com\/wp-content\/uploads\/Wesley-em-acao-pelo-Flamengo.webp\",\"datePublished\":\"2025-02-13T01:00:00+00:00\",\"author\":{\"@id\":\"https:\/\/www.gaveanews.com\/#\/schema\/person\/daf63eec72e1164eb13dc35096c2b8da\"},\"breadcrumb\":{\"@id\":\"https:\/\/www.gaveanews.com\/index.php\/2025\/02\/12\/saiba-qual-e-o-clube-que-wesley-do-flamengo-sonha-em-defender\/#breadcrumb\"},\"inLanguage\":\"pt-BR\",\"potentialAction\":[{\"@type\":\"ReadAction\",\"target\":[\"https:\/\/www.gaveanews.com\/index.php\/2025\/02\/12\/saiba-qual-e-o-clube-que-wesley-do-flamengo-sonha-em-defender\/\"]}]},{\"@type\":\"ImageObject\",\"inLanguage\":\"pt-BR\",\"@id\":\"https:\/\/www.gaveanews.com\/index.php\/2025\/02\/12\/saiba-qual-e-o-clube-que-wesley-do-flamengo-sonha-em-defender\/#primaryimage\",\"url\":\"https:\/\/www.gaveanews.com\/wp-content\/uploads\/Wesley-em-acao-pelo-Flamengo.webp\",\"contentUrl\":\"https:\/\/www.gaveanews.com\/wp-content\/uploads\/Wesley-em-acao-pelo-Flamengo.webp\",\"width\":860,\"height\":484,\"caption\":\"Wesley em a\u00e7\u00e3o pelo Flamengo (Foto: Reprodu\u00e7\u00e3o\/Instagram Wesley)\"},{\"@type\":\"BreadcrumbList\",\"@id\":\"https:\/\/www.gaveanews.com\/index.php\/2025\/02\/12\/saiba-qual-e-o-clube-que-wesley-do-flamengo-sonha-em-defender\/#breadcrumb\",\"itemListElement\":[{\"@type\":\"ListItem\",\"position\":1,\"name\":\"Home\",\"item\":\"https:\/\/www.gaveanews.com\/\"},{\"@type\":\"ListItem\",\"position\":2,\"name\":\"Saiba qual \u00e9 o clube que Wesley, do Flamengo, sonha em defender\"}]},{\"@type\":\"WebSite\",\"@id\":\"https:\/\/www.gaveanews.com\/#website\",\"url\":\"https:\/\/www.gaveanews.com\/\",\"name\":\"G\u00e1vea News\",\"description\":\"Veja todas as not\u00edcias sobre o Flamengo: Contrata\u00e7\u00f5es, categorias de base, resultados das partidas, tabela de classifica\u00e7\u00e3o, pr\u00f3ximos jogos!\",\"potentialAction\":[{\"@type\":\"SearchAction\",\"target\":{\"@type\":\"EntryPoint\",\"urlTemplate\":\"https:\/\/www.gaveanews.com\/?s={search_term_string}\"},\"query-input\":{\"@type\":\"PropertyValueSpecification\",\"valueRequired\":true,\"valueName\":\"search_term_string\"}}],\"inLanguage\":\"pt-BR\"},{\"@type\":\"Person\",\"@id\":\"https:\/\/www.gaveanews.com\/#\/schema\/person\/daf63eec72e1164eb13dc35096c2b8da\",\"name\":\"Paula Silva\",\"image\":{\"@type\":\"ImageObject\",\"inLanguage\":\"pt-BR\",\"@id\":\"https:\/\/www.gaveanews.com\/#\/schema\/person\/image\/\",\"url\":\"https:\/\/secure.gravatar.com\/avatar\/eda381c845527cc5d64c13b901833cda29d97500ba040d3e6461f76f51d163bb?s=96&d=mm&r=g\",\"contentUrl\":\"https:\/\/secure.gravatar.com\/avatar\/eda381c845527cc5d64c13b901833cda29d97500ba040d3e6461f76f51d163bb?s=96&d=mm&r=g\",\"caption\":\"Paula Silva\"}}]}<\/script>\n<!-- \/ Yoast SEO Premium plugin. -->","yoast_head_json":{"title":"Saiba qual \u00e9 o clube que Wesley, do Flamengo, sonha em defender","robots":{"index":"index","follow":"follow","max-snippet":"max-snippet:-1","max-image-preview":"max-image-preview:large","max-video-preview":"max-video-preview:-1"},"canonical":"https:\/\/www.gaveanews.com\/index.php\/2025\/02\/12\/saiba-qual-e-o-clube-que-wesley-do-flamengo-sonha-em-defender\/","og_locale":"pt_BR","og_type":"article","og_title":"Saiba qual \u00e9 o clube que Wesley, do Flamengo, sonha em defender","og_description":"Um dos grandes destaques do elenco do Flamengo, Wesley vive grande fase no clube e est\u00e1 sendo alvo de ass\u00e9dio de gigantes europeus. O lateral, que deve deixar o Rubro-Negro ainda durante a temporada, tem um sonho em espec\u00edfico. Segundo informa\u00e7\u00f5es do &#8216;Gazeta do Urubu&#8217;, o sonho de Wesley \u00e9 defender o Barcelona, da Espanha. [&hellip;]","og_url":"https:\/\/www.gaveanews.com\/index.php\/2025\/02\/12\/saiba-qual-e-o-clube-que-wesley-do-flamengo-sonha-em-defender\/","og_site_name":"G\u00e1vea News","article_publisher":"https:\/\/facebook.com\/gaveaNews\/","article_published_time":"2025-02-13T01:00:00+00:00","og_image":[{"width":860,"height":484,"url":"https:\/\/www.gaveanews.com\/wp-content\/uploads\/Wesley-em-acao-pelo-Flamengo.webp","type":"image\/jpeg"}],"author":"Paula Silva","twitter_card":"summary_large_image","twitter_misc":{"Escrito por":"Paula Silva","Est. tempo de leitura":"2 minutos"},"schema":{"@context":"https:\/\/schema.org","@graph":[{"@type":"NewsArticle","@id":"https:\/\/www.gaveanews.com\/index.php\/2025\/02\/12\/saiba-qual-e-o-clube-que-wesley-do-flamengo-sonha-em-defender\/#article","isPartOf":{"@id":"https:\/\/www.gaveanews.com\/index.php\/2025\/02\/12\/saiba-qual-e-o-clube-que-wesley-do-flamengo-sonha-em-defender\/"},"author":{"name":"Paula Silva","@id":"https:\/\/www.gaveanews.com\/#\/schema\/person\/daf63eec72e1164eb13dc35096c2b8da"},"headline":"Saiba qual \u00e9 o clube que Wesley, do Flamengo, sonha em defender","datePublished":"2025-02-13T01:00:00+00:00","mainEntityOfPage":{"@id":"https:\/\/www.gaveanews.com\/index.php\/2025\/02\/12\/saiba-qual-e-o-clube-que-wesley-do-flamengo-sonha-em-defender\/"},"wordCount":332,"commentCount":0,"image":{"@id":"https:\/\/www.gaveanews.com\/index.php\/2025\/02\/12\/saiba-qual-e-o-clube-que-wesley-do-flamengo-sonha-em-defender\/#primaryimage"},"thumbnailUrl":"https:\/\/www.gaveanews.com\/wp-content\/uploads\/Wesley-em-acao-pelo-Flamengo.webp","articleSection":["Barcelona","Flamengo"],"inLanguage":"pt-BR","potentialAction":[{"@type":"CommentAction","name":"Comment","target":["https:\/\/www.gaveanews.com\/index.php\/2025\/02\/12\/saiba-qual-e-o-clube-que-wesley-do-flamengo-sonha-em-defender\/#respond"]}],"copyrightYear":"2025","copyrightHolder":{"@id":"https:\/\/www.gaveanews.com\/#organization"}},{"@type":"WebPage","@id":"https:\/\/www.gaveanews.com\/index.php\/2025\/02\/12\/saiba-qual-e-o-clube-que-wesley-do-flamengo-sonha-em-defender\/","url":"https:\/\/www.gaveanews.com\/index.php\/2025\/02\/12\/saiba-qual-e-o-clube-que-wesley-do-flamengo-sonha-em-defender\/","name":"Saiba qual \u00e9 o clube que Wesley, do Flamengo, sonha em defender","isPartOf":{"@id":"https:\/\/www.gaveanews.com\/#website"},"primaryImageOfPage":{"@id":"https:\/\/www.gaveanews.com\/index.php\/2025\/02\/12\/saiba-qual-e-o-clube-que-wesley-do-flamengo-sonha-em-defender\/#primaryimage"},"image":{"@id":"https:\/\/www.gaveanews.com\/index.php\/2025\/02\/12\/saiba-qual-e-o-clube-que-wesley-do-flamengo-sonha-em-defender\/#primaryimage"},"thumbnailUrl":"https:\/\/www.gaveanews.com\/wp-content\/uploads\/Wesley-em-acao-pelo-Flamengo.webp","datePublished":"2025-02-13T01:00:00+00:00","author":{"@id":"https:\/\/www.gaveanews.com\/#\/schema\/person\/daf63eec72e1164eb13dc35096c2b8da"},"breadcrumb":{"@id":"https:\/\/www.gaveanews.com\/index.php\/2025\/02\/12\/saiba-qual-e-o-clube-que-wesley-do-flamengo-sonha-em-defender\/#breadcrumb"},"inLanguage":"pt-BR","potentialAction":[{"@type":"ReadAction","target":["https:\/\/www.gaveanews.com\/index.php\/2025\/02\/12\/saiba-qual-e-o-clube-que-wesley-do-flamengo-sonha-em-defender\/"]}]},{"@type":"ImageObject","inLanguage":"pt-BR","@id":"https:\/\/www.gaveanews.com\/index.php\/2025\/02\/12\/saiba-qual-e-o-clube-que-wesley-do-flamengo-sonha-em-defender\/#primaryimage","url":"https:\/\/www.gaveanews.com\/wp-content\/uploads\/Wesley-em-acao-pelo-Flamengo.webp","contentUrl":"https:\/\/www.gaveanews.com\/wp-content\/uploads\/Wesley-em-acao-pelo-Flamengo.webp","width":860,"height":484,"caption":"Wesley em a\u00e7\u00e3o pelo Flamengo (Foto: Reprodu\u00e7\u00e3o\/Instagram Wesley)"},{"@type":"BreadcrumbList","@id":"https:\/\/www.gaveanews.com\/index.php\/2025\/02\/12\/saiba-qual-e-o-clube-que-wesley-do-flamengo-sonha-em-defender\/#breadcrumb","itemListElement":[{"@type":"ListItem","position":1,"name":"Home","item":"https:\/\/www.gaveanews.com\/"},{"@type":"ListItem","position":2,"name":"Saiba qual \u00e9 o clube que Wesley, do Flamengo, sonha em defender"}]},{"@type":"WebSite","@id":"https:\/\/www.gaveanews.com\/#website","url":"https:\/\/www.gaveanews.com\/","name":"G\u00e1vea News","description":"Veja todas as not\u00edcias sobre o Flamengo: Contrata\u00e7\u00f5es, categorias de base, resultados das partidas, tabela de classifica\u00e7\u00e3o, pr\u00f3ximos jogos!","potentialAction":[{"@type":"SearchAction","target":{"@type":"EntryPoint","urlTemplate":"https:\/\/www.gaveanews.com\/?s={search_term_string}"},"query-input":{"@type":"PropertyValueSpecification","valueRequired":true,"valueName":"search_term_string"}}],"inLanguage":"pt-BR"},{"@type":"Person","@id":"https:\/\/www.gaveanews.com\/#\/schema\/person\/daf63eec72e1164eb13dc35096c2b8da","name":"Paula Silva","image":{"@type":"ImageObject","inLanguage":"pt-BR","@id":"https:\/\/www.gaveanews.com\/#\/schema\/person\/image\/","url":"https:\/\/secure.gravatar.com\/avatar\/eda381c845527cc5d64c13b901833cda29d97500ba040d3e6461f76f51d163bb?s=96&d=mm&r=g","contentUrl":"https:\/\/secure.gravatar.com\/avatar\/eda381c845527cc5d64c13b901833cda29d97500ba040d3e6461f76f51d163bb?s=96&d=mm&r=g","caption":"Paula Silva"}}]}},"_links":{"self":[{"href":"https:\/\/www.gaveanews.com\/index.php\/wp-json\/wp\/v2\/posts\/227001","targetHints":{"allow":["GET"]}}],"collection":[{"href":"https:\/\/www.gaveanews.com\/index.php\/wp-json\/wp\/v2\/posts"}],"about":[{"href":"https:\/\/www.gaveanews.com\/index.php\/wp-json\/wp\/v2\/types\/post"}],"author":[{"embeddable":true,"href":"https:\/\/www.gaveanews.com\/index.php\/wp-json\/wp\/v2\/users\/18"}],"replies":[{"embeddable":true,"href":"https:\/\/www.gaveanews.com\/index.php\/wp-json\/wp\/v2\/comments?post=227001"}],"version-history":[{"count":1,"href":"https:\/\/www.gaveanews.com\/index.php\/wp-json\/wp\/v2\/posts\/227001\/revisions"}],"predecessor-version":[{"id":227011,"href":"https:\/\/www.gaveanews.com\/index.php\/wp-json\/wp\/v2\/posts\/227001\/revisions\/227011"}],"wp:featuredmedia":[{"embeddable":true,"href":"https:\/\/www.gaveanews.com\/index.php\/wp-json\/wp\/v2\/media\/159864"}],"wp:attachment":[{"href":"https:\/\/www.gaveanews.com\/index.php\/wp-json\/wp\/v2\/media?parent=227001"}],"wp:term":[{"taxonomy":"category","embeddable":true,"href":"https:\/\/www.gaveanews.com\/index.php\/wp-json\/wp\/v2\/categories?post=227001"},{"taxonomy":"post_tag","embeddable":true,"href":"https:\/\/www.gaveanews.com\/index.php\/wp-json\/wp\/v2\/tags?post=227001"}],"curies":[{"name":"wp","href":"https:\/\/api.w.org\/{rel}","templated":true}]}}