{"id":22707,"date":"2019-07-07T00:29:29","date_gmt":"2019-07-07T03:29:29","guid":{"rendered":"https:\/\/www.gaveanews.com\/?p=22707"},"modified":"2019-07-07T00:29:30","modified_gmt":"2019-07-07T03:29:30","slug":"lateral-do-flamengo-e-oferecido-ao-sao-paulo","status":"publish","type":"post","link":"https:\/\/www.gaveanews.com\/index.php\/2019\/07\/07\/lateral-do-flamengo-e-oferecido-ao-sao-paulo\/","title":{"rendered":"Lateral do Flamengo \u00e9 oferecido ao S\u00e3o Paulo"},"content":{"rendered":"\n<p>Assim que chegou ao Brasil, para assumir o \u200bFlamengo, Jorge Jesus identificou que o elenco rubro-negro possu\u00eda alguns desequil\u00edbrios com excesso de jogadores em algumas posi\u00e7\u00f5es. Diante deste cen\u00e1rio, alguns jogadores, que n\u00e3o est\u00e3o nos planos do treinador, ir\u00e3o ser negociados em definitivo ou atrav\u00e9s do empr\u00e9stimo. <\/p>\n\n\n\n<p>Como por exemplo: o lateral-direito <strong><a href=\"https:\/\/www.gaveanews.com\/index.php\/2019\/07\/03\/apos-chegada-de-rafinha-lateral-do-flamengo-e-negociado-com-um-time-do-marrocos\/\">Klebinho, que foi emprestado, para o futebol marroquino<\/a><\/strong>. O volante Ronaldo, tamb\u00e9m deve deixar o time da G\u00e1vea, de maneira tempor\u00e1ria. <\/p>\n\n\n\n<p>Outro que n\u00e3o deve permanecer no Mais Querido \u00e9 o lateral-direito Par\u00e1. O jogador tem contrato apenas at\u00e9 o final do ano e j\u00e1 foi autorizado para procurar um novo clube. <\/p>\n\n\n\n<p>Os representantes do atleta tentam achar um time que tenha interesse no futebol do jogador e vem oferecendo o lateral para diversos clubes brasileiros, incluindo o \u200bS\u00e3o Paulo, que procura um refor\u00e7o para a posi\u00e7\u00e3o a pedido do t\u00e9cnico Cuca. <\/p>\n\n\n\n<p>Vale citar que o time paulista ainda n\u00e3o respondeu se tem interesse no neg\u00f3cio e passar\u00e1 o nome para o comandante s\u00e3o-paulino tomar a decis\u00e3o final.<\/p>\n\n\n\n\n\n<p>Adaptado de: 90 min<\/p>\n","protected":false},"excerpt":{"rendered":"<p>Assim que chegou ao Brasil, para assumir o \u200bFlamengo, Jorge Jesus identificou que o elenco rubro-negro possu\u00eda alguns desequil\u00edbrios com excesso de jogadores em algumas posi\u00e7\u00f5es. Diante deste cen\u00e1rio, alguns jogadores, que n\u00e3o est\u00e3o nos planos do treinador, ir\u00e3o ser negociados em definitivo ou atrav\u00e9s do empr\u00e9stimo. Como por exemplo: o lateral-direito Klebinho, que foi [&hellip;]<\/p>\n","protected":false},"author":1,"featured_media":14558,"comment_status":"open","ping_status":"open","sticky":false,"template":"","format":"standard","meta":{"footnotes":""},"categories":[48],"tags":[],"class_list":["post-22707","post","type-post","status-publish","format-standard","has-post-thumbnail","hentry","category-negociacoes"],"yoast_head":"<!-- This site is optimized with the Yoast SEO Premium plugin v24.2 (Yoast SEO v26.9) - https:\/\/yoast.com\/product\/yoast-seo-premium-wordpress\/ -->\n<title>Lateral do Flamengo \u00e9 oferecido ao S\u00e3o Paulo<\/title>\n<meta name=\"robots\" content=\"index, follow, max-snippet:-1, max-image-preview:large, max-video-preview:-1\" \/>\n<link rel=\"canonical\" href=\"https:\/\/www.gaveanews.com\/index.php\/2019\/07\/07\/lateral-do-flamengo-e-oferecido-ao-sao-paulo\/\" \/>\n<meta property=\"og:locale\" content=\"pt_BR\" \/>\n<meta property=\"og:type\" content=\"article\" \/>\n<meta property=\"og:title\" content=\"Lateral do Flamengo \u00e9 oferecido ao S\u00e3o Paulo\" \/>\n<meta property=\"og:description\" content=\"Assim que chegou ao Brasil, para assumir o \u200bFlamengo, Jorge Jesus identificou que o elenco rubro-negro possu\u00eda alguns desequil\u00edbrios com excesso de jogadores em algumas posi\u00e7\u00f5es. Diante deste cen\u00e1rio, alguns jogadores, que n\u00e3o est\u00e3o nos planos do treinador, ir\u00e3o ser negociados em definitivo ou atrav\u00e9s do empr\u00e9stimo. Como por exemplo: o lateral-direito Klebinho, que foi [&hellip;]\" \/>\n<meta property=\"og:url\" content=\"https:\/\/www.gaveanews.com\/index.php\/2019\/07\/07\/lateral-do-flamengo-e-oferecido-ao-sao-paulo\/\" \/>\n<meta property=\"og:site_name\" content=\"G\u00e1vea News\" \/>\n<meta property=\"article:publisher\" content=\"https:\/\/facebook.com\/gaveaNews\/\" \/>\n<meta property=\"article:published_time\" content=\"2019-07-07T03:29:29+00:00\" \/>\n<meta property=\"article:modified_time\" content=\"2019-07-07T03:29:30+00:00\" \/>\n<meta property=\"og:image\" content=\"https:\/\/www.gaveanews.com\/wp-content\/uploads\/2019\/03\/Bruno-Henrique-e-Para-durante-treinamento-no-Ninho-do-Urubu.webp\" \/>\n\t<meta property=\"og:image:width\" content=\"1\" \/>\n\t<meta property=\"og:image:height\" content=\"1\" \/>\n\t<meta property=\"og:image:type\" content=\"image\/jpeg\" \/>\n<meta name=\"author\" content=\"Equipe G\u00e1vea News\" \/>\n<meta name=\"twitter:card\" content=\"summary_large_image\" \/>\n<meta name=\"twitter:label1\" content=\"Escrito por\" \/>\n\t<meta name=\"twitter:data1\" content=\"Equipe G\u00e1vea News\" \/>\n\t<meta name=\"twitter:label2\" content=\"Est. tempo de leitura\" \/>\n\t<meta name=\"twitter:data2\" content=\"1 minuto\" \/>\n<script type=\"application\/ld+json\" class=\"yoast-schema-graph\">{\"@context\":\"https:\/\/schema.org\",\"@graph\":[{\"@type\":\"NewsArticle\",\"@id\":\"https:\/\/www.gaveanews.com\/index.php\/2019\/07\/07\/lateral-do-flamengo-e-oferecido-ao-sao-paulo\/#article\",\"isPartOf\":{\"@id\":\"https:\/\/www.gaveanews.com\/index.php\/2019\/07\/07\/lateral-do-flamengo-e-oferecido-ao-sao-paulo\/\"},\"author\":{\"name\":\"Equipe G\u00e1vea News\",\"@id\":\"https:\/\/www.gaveanews.com\/#\/schema\/person\/2ec14f73fb96be2caf28f91afb14749d\"},\"headline\":\"Lateral do Flamengo \u00e9 oferecido ao S\u00e3o Paulo\",\"datePublished\":\"2019-07-07T03:29:29+00:00\",\"dateModified\":\"2019-07-07T03:29:30+00:00\",\"mainEntityOfPage\":{\"@id\":\"https:\/\/www.gaveanews.com\/index.php\/2019\/07\/07\/lateral-do-flamengo-e-oferecido-ao-sao-paulo\/\"},\"wordCount\":201,\"commentCount\":0,\"image\":{\"@id\":\"https:\/\/www.gaveanews.com\/index.php\/2019\/07\/07\/lateral-do-flamengo-e-oferecido-ao-sao-paulo\/#primaryimage\"},\"thumbnailUrl\":\"https:\/\/www.gaveanews.com\/wp-content\/uploads\/2019\/03\/Bruno-Henrique-e-Para-durante-treinamento-no-Ninho-do-Urubu.webp\",\"articleSection\":[\"Negocia\u00e7\u00f5es\"],\"inLanguage\":\"pt-BR\",\"potentialAction\":[{\"@type\":\"CommentAction\",\"name\":\"Comment\",\"target\":[\"https:\/\/www.gaveanews.com\/index.php\/2019\/07\/07\/lateral-do-flamengo-e-oferecido-ao-sao-paulo\/#respond\"]}],\"copyrightYear\":\"2019\",\"copyrightHolder\":{\"@id\":\"https:\/\/www.gaveanews.com\/#organization\"}},{\"@type\":\"WebPage\",\"@id\":\"https:\/\/www.gaveanews.com\/index.php\/2019\/07\/07\/lateral-do-flamengo-e-oferecido-ao-sao-paulo\/\",\"url\":\"https:\/\/www.gaveanews.com\/index.php\/2019\/07\/07\/lateral-do-flamengo-e-oferecido-ao-sao-paulo\/\",\"name\":\"Lateral do Flamengo \u00e9 oferecido ao S\u00e3o Paulo\",\"isPartOf\":{\"@id\":\"https:\/\/www.gaveanews.com\/#website\"},\"primaryImageOfPage\":{\"@id\":\"https:\/\/www.gaveanews.com\/index.php\/2019\/07\/07\/lateral-do-flamengo-e-oferecido-ao-sao-paulo\/#primaryimage\"},\"image\":{\"@id\":\"https:\/\/www.gaveanews.com\/index.php\/2019\/07\/07\/lateral-do-flamengo-e-oferecido-ao-sao-paulo\/#primaryimage\"},\"thumbnailUrl\":\"https:\/\/www.gaveanews.com\/wp-content\/uploads\/2019\/03\/Bruno-Henrique-e-Para-durante-treinamento-no-Ninho-do-Urubu.webp\",\"datePublished\":\"2019-07-07T03:29:29+00:00\",\"dateModified\":\"2019-07-07T03:29:30+00:00\",\"author\":{\"@id\":\"https:\/\/www.gaveanews.com\/#\/schema\/person\/2ec14f73fb96be2caf28f91afb14749d\"},\"breadcrumb\":{\"@id\":\"https:\/\/www.gaveanews.com\/index.php\/2019\/07\/07\/lateral-do-flamengo-e-oferecido-ao-sao-paulo\/#breadcrumb\"},\"inLanguage\":\"pt-BR\",\"potentialAction\":[{\"@type\":\"ReadAction\",\"target\":[\"https:\/\/www.gaveanews.com\/index.php\/2019\/07\/07\/lateral-do-flamengo-e-oferecido-ao-sao-paulo\/\"]}]},{\"@type\":\"ImageObject\",\"inLanguage\":\"pt-BR\",\"@id\":\"https:\/\/www.gaveanews.com\/index.php\/2019\/07\/07\/lateral-do-flamengo-e-oferecido-ao-sao-paulo\/#primaryimage\",\"url\":\"https:\/\/www.gaveanews.com\/wp-content\/uploads\/2019\/03\/Bruno-Henrique-e-Para-durante-treinamento-no-Ninho-do-Urubu.webp\",\"contentUrl\":\"https:\/\/www.gaveanews.com\/wp-content\/uploads\/2019\/03\/Bruno-Henrique-e-Para-durante-treinamento-no-Ninho-do-Urubu.webp\",\"width\":901,\"height\":600,\"caption\":\"Bruno Henrique e Par\u00e1 durante treinamento no Ninho do Urubu (Foto: Alexandre Vidal\/Flamengo)\"},{\"@type\":\"BreadcrumbList\",\"@id\":\"https:\/\/www.gaveanews.com\/index.php\/2019\/07\/07\/lateral-do-flamengo-e-oferecido-ao-sao-paulo\/#breadcrumb\",\"itemListElement\":[{\"@type\":\"ListItem\",\"position\":1,\"name\":\"Home\",\"item\":\"https:\/\/www.gaveanews.com\/\"},{\"@type\":\"ListItem\",\"position\":2,\"name\":\"Lateral do Flamengo \u00e9 oferecido ao S\u00e3o Paulo\"}]},{\"@type\":\"WebSite\",\"@id\":\"https:\/\/www.gaveanews.com\/#website\",\"url\":\"https:\/\/www.gaveanews.com\/\",\"name\":\"G\u00e1vea News\",\"description\":\"Veja todas as not\u00edcias sobre o Flamengo: Contrata\u00e7\u00f5es, categorias de base, resultados das partidas, tabela de classifica\u00e7\u00e3o, pr\u00f3ximos jogos!\",\"potentialAction\":[{\"@type\":\"SearchAction\",\"target\":{\"@type\":\"EntryPoint\",\"urlTemplate\":\"https:\/\/www.gaveanews.com\/?s={search_term_string}\"},\"query-input\":{\"@type\":\"PropertyValueSpecification\",\"valueRequired\":true,\"valueName\":\"search_term_string\"}}],\"inLanguage\":\"pt-BR\"},{\"@type\":\"Person\",\"@id\":\"https:\/\/www.gaveanews.com\/#\/schema\/person\/2ec14f73fb96be2caf28f91afb14749d\",\"name\":\"Equipe G\u00e1vea News\",\"image\":{\"@type\":\"ImageObject\",\"inLanguage\":\"pt-BR\",\"@id\":\"https:\/\/www.gaveanews.com\/#\/schema\/person\/image\/\",\"url\":\"https:\/\/secure.gravatar.com\/avatar\/1e1956f1facbffd3f8fa53a326721950116b3b9dc9bd44939c01180fd4a745a9?s=96&d=mm&r=g\",\"contentUrl\":\"https:\/\/secure.gravatar.com\/avatar\/1e1956f1facbffd3f8fa53a326721950116b3b9dc9bd44939c01180fd4a745a9?s=96&d=mm&r=g\",\"caption\":\"Equipe G\u00e1vea News\"}}]}<\/script>\n<!-- \/ Yoast SEO Premium plugin. -->","yoast_head_json":{"title":"Lateral do Flamengo \u00e9 oferecido ao S\u00e3o Paulo","robots":{"index":"index","follow":"follow","max-snippet":"max-snippet:-1","max-image-preview":"max-image-preview:large","max-video-preview":"max-video-preview:-1"},"canonical":"https:\/\/www.gaveanews.com\/index.php\/2019\/07\/07\/lateral-do-flamengo-e-oferecido-ao-sao-paulo\/","og_locale":"pt_BR","og_type":"article","og_title":"Lateral do Flamengo \u00e9 oferecido ao S\u00e3o Paulo","og_description":"Assim que chegou ao Brasil, para assumir o \u200bFlamengo, Jorge Jesus identificou que o elenco rubro-negro possu\u00eda alguns desequil\u00edbrios com excesso de jogadores em algumas posi\u00e7\u00f5es. Diante deste cen\u00e1rio, alguns jogadores, que n\u00e3o est\u00e3o nos planos do treinador, ir\u00e3o ser negociados em definitivo ou atrav\u00e9s do empr\u00e9stimo. Como por exemplo: o lateral-direito Klebinho, que foi [&hellip;]","og_url":"https:\/\/www.gaveanews.com\/index.php\/2019\/07\/07\/lateral-do-flamengo-e-oferecido-ao-sao-paulo\/","og_site_name":"G\u00e1vea News","article_publisher":"https:\/\/facebook.com\/gaveaNews\/","article_published_time":"2019-07-07T03:29:29+00:00","article_modified_time":"2019-07-07T03:29:30+00:00","og_image":[{"url":"https:\/\/www.gaveanews.com\/wp-content\/uploads\/2019\/03\/Bruno-Henrique-e-Para-durante-treinamento-no-Ninho-do-Urubu.webp","width":1,"height":1,"type":"image\/jpeg"}],"author":"Equipe G\u00e1vea News","twitter_card":"summary_large_image","twitter_misc":{"Escrito por":"Equipe G\u00e1vea News","Est. tempo de leitura":"1 minuto"},"schema":{"@context":"https:\/\/schema.org","@graph":[{"@type":"NewsArticle","@id":"https:\/\/www.gaveanews.com\/index.php\/2019\/07\/07\/lateral-do-flamengo-e-oferecido-ao-sao-paulo\/#article","isPartOf":{"@id":"https:\/\/www.gaveanews.com\/index.php\/2019\/07\/07\/lateral-do-flamengo-e-oferecido-ao-sao-paulo\/"},"author":{"name":"Equipe G\u00e1vea News","@id":"https:\/\/www.gaveanews.com\/#\/schema\/person\/2ec14f73fb96be2caf28f91afb14749d"},"headline":"Lateral do Flamengo \u00e9 oferecido ao S\u00e3o Paulo","datePublished":"2019-07-07T03:29:29+00:00","dateModified":"2019-07-07T03:29:30+00:00","mainEntityOfPage":{"@id":"https:\/\/www.gaveanews.com\/index.php\/2019\/07\/07\/lateral-do-flamengo-e-oferecido-ao-sao-paulo\/"},"wordCount":201,"commentCount":0,"image":{"@id":"https:\/\/www.gaveanews.com\/index.php\/2019\/07\/07\/lateral-do-flamengo-e-oferecido-ao-sao-paulo\/#primaryimage"},"thumbnailUrl":"https:\/\/www.gaveanews.com\/wp-content\/uploads\/2019\/03\/Bruno-Henrique-e-Para-durante-treinamento-no-Ninho-do-Urubu.webp","articleSection":["Negocia\u00e7\u00f5es"],"inLanguage":"pt-BR","potentialAction":[{"@type":"CommentAction","name":"Comment","target":["https:\/\/www.gaveanews.com\/index.php\/2019\/07\/07\/lateral-do-flamengo-e-oferecido-ao-sao-paulo\/#respond"]}],"copyrightYear":"2019","copyrightHolder":{"@id":"https:\/\/www.gaveanews.com\/#organization"}},{"@type":"WebPage","@id":"https:\/\/www.gaveanews.com\/index.php\/2019\/07\/07\/lateral-do-flamengo-e-oferecido-ao-sao-paulo\/","url":"https:\/\/www.gaveanews.com\/index.php\/2019\/07\/07\/lateral-do-flamengo-e-oferecido-ao-sao-paulo\/","name":"Lateral do Flamengo \u00e9 oferecido ao S\u00e3o Paulo","isPartOf":{"@id":"https:\/\/www.gaveanews.com\/#website"},"primaryImageOfPage":{"@id":"https:\/\/www.gaveanews.com\/index.php\/2019\/07\/07\/lateral-do-flamengo-e-oferecido-ao-sao-paulo\/#primaryimage"},"image":{"@id":"https:\/\/www.gaveanews.com\/index.php\/2019\/07\/07\/lateral-do-flamengo-e-oferecido-ao-sao-paulo\/#primaryimage"},"thumbnailUrl":"https:\/\/www.gaveanews.com\/wp-content\/uploads\/2019\/03\/Bruno-Henrique-e-Para-durante-treinamento-no-Ninho-do-Urubu.webp","datePublished":"2019-07-07T03:29:29+00:00","dateModified":"2019-07-07T03:29:30+00:00","author":{"@id":"https:\/\/www.gaveanews.com\/#\/schema\/person\/2ec14f73fb96be2caf28f91afb14749d"},"breadcrumb":{"@id":"https:\/\/www.gaveanews.com\/index.php\/2019\/07\/07\/lateral-do-flamengo-e-oferecido-ao-sao-paulo\/#breadcrumb"},"inLanguage":"pt-BR","potentialAction":[{"@type":"ReadAction","target":["https:\/\/www.gaveanews.com\/index.php\/2019\/07\/07\/lateral-do-flamengo-e-oferecido-ao-sao-paulo\/"]}]},{"@type":"ImageObject","inLanguage":"pt-BR","@id":"https:\/\/www.gaveanews.com\/index.php\/2019\/07\/07\/lateral-do-flamengo-e-oferecido-ao-sao-paulo\/#primaryimage","url":"https:\/\/www.gaveanews.com\/wp-content\/uploads\/2019\/03\/Bruno-Henrique-e-Para-durante-treinamento-no-Ninho-do-Urubu.webp","contentUrl":"https:\/\/www.gaveanews.com\/wp-content\/uploads\/2019\/03\/Bruno-Henrique-e-Para-durante-treinamento-no-Ninho-do-Urubu.webp","width":901,"height":600,"caption":"Bruno Henrique e Par\u00e1 durante treinamento no Ninho do Urubu (Foto: Alexandre Vidal\/Flamengo)"},{"@type":"BreadcrumbList","@id":"https:\/\/www.gaveanews.com\/index.php\/2019\/07\/07\/lateral-do-flamengo-e-oferecido-ao-sao-paulo\/#breadcrumb","itemListElement":[{"@type":"ListItem","position":1,"name":"Home","item":"https:\/\/www.gaveanews.com\/"},{"@type":"ListItem","position":2,"name":"Lateral do Flamengo \u00e9 oferecido ao S\u00e3o Paulo"}]},{"@type":"WebSite","@id":"https:\/\/www.gaveanews.com\/#website","url":"https:\/\/www.gaveanews.com\/","name":"G\u00e1vea News","description":"Veja todas as not\u00edcias sobre o Flamengo: Contrata\u00e7\u00f5es, categorias de base, resultados das partidas, tabela de classifica\u00e7\u00e3o, pr\u00f3ximos jogos!","potentialAction":[{"@type":"SearchAction","target":{"@type":"EntryPoint","urlTemplate":"https:\/\/www.gaveanews.com\/?s={search_term_string}"},"query-input":{"@type":"PropertyValueSpecification","valueRequired":true,"valueName":"search_term_string"}}],"inLanguage":"pt-BR"},{"@type":"Person","@id":"https:\/\/www.gaveanews.com\/#\/schema\/person\/2ec14f73fb96be2caf28f91afb14749d","name":"Equipe G\u00e1vea News","image":{"@type":"ImageObject","inLanguage":"pt-BR","@id":"https:\/\/www.gaveanews.com\/#\/schema\/person\/image\/","url":"https:\/\/secure.gravatar.com\/avatar\/1e1956f1facbffd3f8fa53a326721950116b3b9dc9bd44939c01180fd4a745a9?s=96&d=mm&r=g","contentUrl":"https:\/\/secure.gravatar.com\/avatar\/1e1956f1facbffd3f8fa53a326721950116b3b9dc9bd44939c01180fd4a745a9?s=96&d=mm&r=g","caption":"Equipe G\u00e1vea News"}}]}},"_links":{"self":[{"href":"https:\/\/www.gaveanews.com\/index.php\/wp-json\/wp\/v2\/posts\/22707","targetHints":{"allow":["GET"]}}],"collection":[{"href":"https:\/\/www.gaveanews.com\/index.php\/wp-json\/wp\/v2\/posts"}],"about":[{"href":"https:\/\/www.gaveanews.com\/index.php\/wp-json\/wp\/v2\/types\/post"}],"author":[{"embeddable":true,"href":"https:\/\/www.gaveanews.com\/index.php\/wp-json\/wp\/v2\/users\/1"}],"replies":[{"embeddable":true,"href":"https:\/\/www.gaveanews.com\/index.php\/wp-json\/wp\/v2\/comments?post=22707"}],"version-history":[{"count":0,"href":"https:\/\/www.gaveanews.com\/index.php\/wp-json\/wp\/v2\/posts\/22707\/revisions"}],"wp:featuredmedia":[{"embeddable":true,"href":"https:\/\/www.gaveanews.com\/index.php\/wp-json\/wp\/v2\/media\/14558"}],"wp:attachment":[{"href":"https:\/\/www.gaveanews.com\/index.php\/wp-json\/wp\/v2\/media?parent=22707"}],"wp:term":[{"taxonomy":"category","embeddable":true,"href":"https:\/\/www.gaveanews.com\/index.php\/wp-json\/wp\/v2\/categories?post=22707"},{"taxonomy":"post_tag","embeddable":true,"href":"https:\/\/www.gaveanews.com\/index.php\/wp-json\/wp\/v2\/tags?post=22707"}],"curies":[{"name":"wp","href":"https:\/\/api.w.org\/{rel}","templated":true}]}}