{"id":227183,"date":"2025-02-13T10:25:29","date_gmt":"2025-02-13T13:25:29","guid":{"rendered":"https:\/\/www.gaveanews.com\/?p=227183"},"modified":"2025-02-13T09:50:10","modified_gmt":"2025-02-13T12:50:10","slug":"tecnico-do-botafogo-e-sincero-ao-falar-apos-a-derrota-para-o-flamengo","status":"publish","type":"post","link":"https:\/\/www.gaveanews.com\/index.php\/2025\/02\/13\/tecnico-do-botafogo-e-sincero-ao-falar-apos-a-derrota-para-o-flamengo\/","title":{"rendered":"T\u00e9cnico do Botafogo \u00e9 sincero ao falar ap\u00f3s a derrota para o Flamengo"},"content":{"rendered":"\n<p>O Botafogo entrou em campo no Maracan\u00e3 buscando recupera\u00e7\u00e3o no Campeonato Carioca, mas novamente saiu derrotado pelo Flamengo. O rev\u00e9s por 1 a 0, na \u00faltima quarta-feira, n\u00e3o s\u00f3 ampliou o jejum contra o rival, como tamb\u00e9m impediu o time de retornar ao G-4 da competi\u00e7\u00e3o.&nbsp;<\/p>\n\n\n\n<p>Apesar do resultado negativo, o t\u00e9cnico Carlos Leiria preferiu destacar os avan\u00e7os da equipe e avaliou o desempenho como positivo em alguns aspectos.<\/p>\n\n\n\n<h2 class=\"wp-block-heading\" id=\"h-evolucao-mesmo-com-derrota\">Evolu\u00e7\u00e3o mesmo com derrota<\/h2>\n\n\n\n<p>Ap\u00f3s a partida, Leiria fez uma an\u00e1lise detalhada do desempenho do Botafogo. Para ele, o time apresentou evolu\u00e7\u00e3o, principalmente no setor ofensivo, ainda que o processo de refinamento demande tempo.<\/p>\n\n\n\n<p>\u201cTiveram muitas situa\u00e7\u00f5es. Como citei no jogo contra o Madureira, agora, a gente precisa refinar tudo. A gente come\u00e7a a inserir algumas quest\u00f5es, principalmente para atacar, que \u00e9 um processo demorado e leva mais tempo, e ficou n\u00edtida a evolu\u00e7\u00e3o que tivemos do cl\u00e1ssico\u201d, afirmou o treinador.<\/p>\n\n\n\n<p>Al\u00e9m disso, o t\u00e9cnico enfatizou que a equipe conseguiu neutralizar pontos fortes do Flamengo e criar oportunidades claras de gol. Por isso, acredita que o elenco est\u00e1 no caminho certo para se fortalecer nas rodadas finais da fase classificat\u00f3ria.<\/p>\n\n\n\n<h2 class=\"wp-block-heading\" id=\"h-briga-generalizada-e-cartoes-vermelhos\">Briga generalizada e cart\u00f5es vermelhos<\/h2>\n\n\n\n<p>O jogo foi marcado por uma confus\u00e3o generalizada nos minutos finais, resultando nas expuls\u00f5es de Gerson e Cleiton, pelo Flamengo, e Alexander Barboza, do Botafogo. Sobre a situa\u00e7\u00e3o, Leiria minimizou o ocorrido e preferiu focar na atua\u00e7\u00e3o da equipe.<\/p>\n\n\n\n<p>\u201cEm rela\u00e7\u00e3o ao final do jogo, s\u00e3o cenas que n\u00e3o fazem parte do espet\u00e1culo. Infelizmente aconteceu porque \u00e9 um cl\u00e1ssico, os \u00e2nimos estavam exaltados, um jogo muito competitivo. Prefiro focar no jogo do que nessas coisas do final\u201d, declarou.<\/p>\n\n\n\n<p>Sendo assim, o treinador evitou pol\u00eamicas e refor\u00e7ou sua prioridade no desenvolvimento do time dentro de campo.<\/p>\n\n\n\n<h2 class=\"wp-block-heading\" id=\"h-situacao-na-tabela-preocupa-torcedores\">Situa\u00e7\u00e3o na tabela preocupa torcedores<\/h2>\n\n\n\n<p>Com a derrota, o Botafogo estacionou nos 12 pontos e caiu para a sexta posi\u00e7\u00e3o, ficando em situa\u00e7\u00e3o delicada na luta pela semifinal. O retrospecto recente tem causado insatisfa\u00e7\u00e3o entre os torcedores, que cobram mais regularidade da equipe.<\/p>\n\n\n\n<p>Leiria reconheceu as cr\u00edticas e pediu paci\u00eancia \u00e0 torcida, ressaltando que o in\u00edcio de temporada sempre exige ajustes.<\/p>\n\n\n\n<p>\u201cPrecisamos pensar em algumas situa\u00e7\u00f5es. O Botafogo tem sido criticado pelo padr\u00e3o. No in\u00edcio do ano tem sido dif\u00edcil de encontrar o padr\u00e3o nos \u00faltimos anos, mas estamos fazendo de tudo pela classifica\u00e7\u00e3o para as semifinais do Carioca, a equipe ainda tem chances\u201d, afirmou.<\/p>\n\n\n\n<p>Dessa maneira, o treinador busca manter o foco nas rodadas finais para garantir uma vaga no mata-mata. Com isso, o Botafogo volta a campo no s\u00e1bado para enfrentar o Boavista, em Bacax\u00e1, precisando da vit\u00f3ria para continuar na briga.<\/p>\n","protected":false},"excerpt":{"rendered":"<p>O Botafogo entrou em campo no Maracan\u00e3 buscando recupera\u00e7\u00e3o no Campeonato Carioca, mas novamente saiu derrotado pelo Flamengo. O rev\u00e9s por 1 a 0, na \u00faltima quarta-feira, n\u00e3o s\u00f3 ampliou o jejum contra o rival, como tamb\u00e9m impediu o time de retornar ao G-4 da competi\u00e7\u00e3o.&nbsp; Apesar do resultado negativo, o t\u00e9cnico Carlos Leiria preferiu [&hellip;]<\/p>\n","protected":false},"author":25,"featured_media":227118,"comment_status":"open","ping_status":"closed","sticky":false,"template":"","format":"standard","meta":{"footnotes":""},"categories":[138,1],"tags":[],"class_list":["post-227183","post","type-post","status-publish","format-standard","has-post-thumbnail","hentry","category-botafogo","category-flamengo"],"yoast_head":"<!-- This site is optimized with the Yoast SEO Premium plugin v24.2 (Yoast SEO v26.9) - https:\/\/yoast.com\/product\/yoast-seo-premium-wordpress\/ -->\n<title>T\u00e9cnico do Botafogo \u00e9 sincero ao falar ap\u00f3s a derrota para o Flamengo<\/title>\n<meta name=\"robots\" content=\"index, follow, max-snippet:-1, max-image-preview:large, max-video-preview:-1\" \/>\n<link rel=\"canonical\" href=\"https:\/\/www.gaveanews.com\/index.php\/2025\/02\/13\/tecnico-do-botafogo-e-sincero-ao-falar-apos-a-derrota-para-o-flamengo\/\" \/>\n<meta property=\"og:locale\" content=\"pt_BR\" \/>\n<meta property=\"og:type\" content=\"article\" \/>\n<meta property=\"og:title\" content=\"T\u00e9cnico do Botafogo \u00e9 sincero ao falar ap\u00f3s a derrota para o Flamengo\" \/>\n<meta property=\"og:description\" content=\"O Botafogo entrou em campo no Maracan\u00e3 buscando recupera\u00e7\u00e3o no Campeonato Carioca, mas novamente saiu derrotado pelo Flamengo. O rev\u00e9s por 1 a 0, na \u00faltima quarta-feira, n\u00e3o s\u00f3 ampliou o jejum contra o rival, como tamb\u00e9m impediu o time de retornar ao G-4 da competi\u00e7\u00e3o.&nbsp; Apesar do resultado negativo, o t\u00e9cnico Carlos Leiria preferiu [&hellip;]\" \/>\n<meta property=\"og:url\" content=\"https:\/\/www.gaveanews.com\/index.php\/2025\/02\/13\/tecnico-do-botafogo-e-sincero-ao-falar-apos-a-derrota-para-o-flamengo\/\" \/>\n<meta property=\"og:site_name\" content=\"G\u00e1vea News\" \/>\n<meta property=\"article:publisher\" content=\"https:\/\/facebook.com\/gaveaNews\/\" \/>\n<meta property=\"article:published_time\" content=\"2025-02-13T13:25:29+00:00\" \/>\n<meta property=\"og:image\" content=\"https:\/\/www.gaveanews.com\/wp-content\/uploads\/Flamengo-x-Botafogo-no-Maracana-pelo-Campeonato-Carioca.webp\" \/>\n\t<meta property=\"og:image:width\" content=\"525\" \/>\n\t<meta property=\"og:image:height\" content=\"575\" \/>\n\t<meta property=\"og:image:type\" content=\"image\/jpeg\" \/>\n<meta name=\"author\" content=\"Rafaela Ladeira\" \/>\n<meta name=\"twitter:card\" content=\"summary_large_image\" \/>\n<meta name=\"twitter:label1\" content=\"Escrito por\" \/>\n\t<meta name=\"twitter:data1\" content=\"Rafaela Ladeira\" \/>\n\t<meta name=\"twitter:label2\" content=\"Est. tempo de leitura\" \/>\n\t<meta name=\"twitter:data2\" content=\"3 minutos\" \/>\n<script type=\"application\/ld+json\" class=\"yoast-schema-graph\">{\"@context\":\"https:\/\/schema.org\",\"@graph\":[{\"@type\":\"NewsArticle\",\"@id\":\"https:\/\/www.gaveanews.com\/index.php\/2025\/02\/13\/tecnico-do-botafogo-e-sincero-ao-falar-apos-a-derrota-para-o-flamengo\/#article\",\"isPartOf\":{\"@id\":\"https:\/\/www.gaveanews.com\/index.php\/2025\/02\/13\/tecnico-do-botafogo-e-sincero-ao-falar-apos-a-derrota-para-o-flamengo\/\"},\"author\":{\"name\":\"Rafaela Ladeira\",\"@id\":\"https:\/\/www.gaveanews.com\/#\/schema\/person\/0eb3e3fe1754f0205218538adbe8f5ed\"},\"headline\":\"T\u00e9cnico do Botafogo \u00e9 sincero ao falar ap\u00f3s a derrota para o Flamengo\",\"datePublished\":\"2025-02-13T13:25:29+00:00\",\"mainEntityOfPage\":{\"@id\":\"https:\/\/www.gaveanews.com\/index.php\/2025\/02\/13\/tecnico-do-botafogo-e-sincero-ao-falar-apos-a-derrota-para-o-flamengo\/\"},\"wordCount\":489,\"commentCount\":0,\"image\":{\"@id\":\"https:\/\/www.gaveanews.com\/index.php\/2025\/02\/13\/tecnico-do-botafogo-e-sincero-ao-falar-apos-a-derrota-para-o-flamengo\/#primaryimage\"},\"thumbnailUrl\":\"https:\/\/www.gaveanews.com\/wp-content\/uploads\/Flamengo-x-Botafogo-no-Maracana-pelo-Campeonato-Carioca.webp\",\"articleSection\":[\"Botafogo\",\"Flamengo\"],\"inLanguage\":\"pt-BR\",\"potentialAction\":[{\"@type\":\"CommentAction\",\"name\":\"Comment\",\"target\":[\"https:\/\/www.gaveanews.com\/index.php\/2025\/02\/13\/tecnico-do-botafogo-e-sincero-ao-falar-apos-a-derrota-para-o-flamengo\/#respond\"]}],\"copyrightYear\":\"2025\",\"copyrightHolder\":{\"@id\":\"https:\/\/www.gaveanews.com\/#organization\"}},{\"@type\":\"WebPage\",\"@id\":\"https:\/\/www.gaveanews.com\/index.php\/2025\/02\/13\/tecnico-do-botafogo-e-sincero-ao-falar-apos-a-derrota-para-o-flamengo\/\",\"url\":\"https:\/\/www.gaveanews.com\/index.php\/2025\/02\/13\/tecnico-do-botafogo-e-sincero-ao-falar-apos-a-derrota-para-o-flamengo\/\",\"name\":\"T\u00e9cnico do Botafogo \u00e9 sincero ao falar ap\u00f3s a derrota para o Flamengo\",\"isPartOf\":{\"@id\":\"https:\/\/www.gaveanews.com\/#website\"},\"primaryImageOfPage\":{\"@id\":\"https:\/\/www.gaveanews.com\/index.php\/2025\/02\/13\/tecnico-do-botafogo-e-sincero-ao-falar-apos-a-derrota-para-o-flamengo\/#primaryimage\"},\"image\":{\"@id\":\"https:\/\/www.gaveanews.com\/index.php\/2025\/02\/13\/tecnico-do-botafogo-e-sincero-ao-falar-apos-a-derrota-para-o-flamengo\/#primaryimage\"},\"thumbnailUrl\":\"https:\/\/www.gaveanews.com\/wp-content\/uploads\/Flamengo-x-Botafogo-no-Maracana-pelo-Campeonato-Carioca.webp\",\"datePublished\":\"2025-02-13T13:25:29+00:00\",\"author\":{\"@id\":\"https:\/\/www.gaveanews.com\/#\/schema\/person\/0eb3e3fe1754f0205218538adbe8f5ed\"},\"breadcrumb\":{\"@id\":\"https:\/\/www.gaveanews.com\/index.php\/2025\/02\/13\/tecnico-do-botafogo-e-sincero-ao-falar-apos-a-derrota-para-o-flamengo\/#breadcrumb\"},\"inLanguage\":\"pt-BR\",\"potentialAction\":[{\"@type\":\"ReadAction\",\"target\":[\"https:\/\/www.gaveanews.com\/index.php\/2025\/02\/13\/tecnico-do-botafogo-e-sincero-ao-falar-apos-a-derrota-para-o-flamengo\/\"]}]},{\"@type\":\"ImageObject\",\"inLanguage\":\"pt-BR\",\"@id\":\"https:\/\/www.gaveanews.com\/index.php\/2025\/02\/13\/tecnico-do-botafogo-e-sincero-ao-falar-apos-a-derrota-para-o-flamengo\/#primaryimage\",\"url\":\"https:\/\/www.gaveanews.com\/wp-content\/uploads\/Flamengo-x-Botafogo-no-Maracana-pelo-Campeonato-Carioca.webp\",\"contentUrl\":\"https:\/\/www.gaveanews.com\/wp-content\/uploads\/Flamengo-x-Botafogo-no-Maracana-pelo-Campeonato-Carioca.webp\",\"width\":525,\"height\":575,\"caption\":\"Flamengo x Botafogo no Maracan\u00e3, pelo Campeonato Carioca (Foto: Gilvan de Souza e Paula Reis\/Flamengo)\"},{\"@type\":\"BreadcrumbList\",\"@id\":\"https:\/\/www.gaveanews.com\/index.php\/2025\/02\/13\/tecnico-do-botafogo-e-sincero-ao-falar-apos-a-derrota-para-o-flamengo\/#breadcrumb\",\"itemListElement\":[{\"@type\":\"ListItem\",\"position\":1,\"name\":\"Home\",\"item\":\"https:\/\/www.gaveanews.com\/\"},{\"@type\":\"ListItem\",\"position\":2,\"name\":\"T\u00e9cnico do Botafogo \u00e9 sincero ao falar ap\u00f3s a derrota para o Flamengo\"}]},{\"@type\":\"WebSite\",\"@id\":\"https:\/\/www.gaveanews.com\/#website\",\"url\":\"https:\/\/www.gaveanews.com\/\",\"name\":\"G\u00e1vea News\",\"description\":\"Veja todas as not\u00edcias sobre o Flamengo: Contrata\u00e7\u00f5es, categorias de base, resultados das partidas, tabela de classifica\u00e7\u00e3o, pr\u00f3ximos jogos!\",\"potentialAction\":[{\"@type\":\"SearchAction\",\"target\":{\"@type\":\"EntryPoint\",\"urlTemplate\":\"https:\/\/www.gaveanews.com\/?s={search_term_string}\"},\"query-input\":{\"@type\":\"PropertyValueSpecification\",\"valueRequired\":true,\"valueName\":\"search_term_string\"}}],\"inLanguage\":\"pt-BR\"},{\"@type\":\"Person\",\"@id\":\"https:\/\/www.gaveanews.com\/#\/schema\/person\/0eb3e3fe1754f0205218538adbe8f5ed\",\"name\":\"Rafaela Ladeira\",\"image\":{\"@type\":\"ImageObject\",\"inLanguage\":\"pt-BR\",\"@id\":\"https:\/\/www.gaveanews.com\/#\/schema\/person\/image\/\",\"url\":\"https:\/\/secure.gravatar.com\/avatar\/c31f513acffd85eacab5730cbdfdbbf59f21ba5aeada8cd890acea879fbb2455?s=96&d=mm&r=g\",\"contentUrl\":\"https:\/\/secure.gravatar.com\/avatar\/c31f513acffd85eacab5730cbdfdbbf59f21ba5aeada8cd890acea879fbb2455?s=96&d=mm&r=g\",\"caption\":\"Rafaela Ladeira\"}}]}<\/script>\n<!-- \/ Yoast SEO Premium plugin. -->","yoast_head_json":{"title":"T\u00e9cnico do Botafogo \u00e9 sincero ao falar ap\u00f3s a derrota para o Flamengo","robots":{"index":"index","follow":"follow","max-snippet":"max-snippet:-1","max-image-preview":"max-image-preview:large","max-video-preview":"max-video-preview:-1"},"canonical":"https:\/\/www.gaveanews.com\/index.php\/2025\/02\/13\/tecnico-do-botafogo-e-sincero-ao-falar-apos-a-derrota-para-o-flamengo\/","og_locale":"pt_BR","og_type":"article","og_title":"T\u00e9cnico do Botafogo \u00e9 sincero ao falar ap\u00f3s a derrota para o Flamengo","og_description":"O Botafogo entrou em campo no Maracan\u00e3 buscando recupera\u00e7\u00e3o no Campeonato Carioca, mas novamente saiu derrotado pelo Flamengo. O rev\u00e9s por 1 a 0, na \u00faltima quarta-feira, n\u00e3o s\u00f3 ampliou o jejum contra o rival, como tamb\u00e9m impediu o time de retornar ao G-4 da competi\u00e7\u00e3o.&nbsp; Apesar do resultado negativo, o t\u00e9cnico Carlos Leiria preferiu [&hellip;]","og_url":"https:\/\/www.gaveanews.com\/index.php\/2025\/02\/13\/tecnico-do-botafogo-e-sincero-ao-falar-apos-a-derrota-para-o-flamengo\/","og_site_name":"G\u00e1vea News","article_publisher":"https:\/\/facebook.com\/gaveaNews\/","article_published_time":"2025-02-13T13:25:29+00:00","og_image":[{"width":525,"height":575,"url":"https:\/\/www.gaveanews.com\/wp-content\/uploads\/Flamengo-x-Botafogo-no-Maracana-pelo-Campeonato-Carioca.webp","type":"image\/jpeg"}],"author":"Rafaela Ladeira","twitter_card":"summary_large_image","twitter_misc":{"Escrito por":"Rafaela Ladeira","Est. tempo de leitura":"3 minutos"},"schema":{"@context":"https:\/\/schema.org","@graph":[{"@type":"NewsArticle","@id":"https:\/\/www.gaveanews.com\/index.php\/2025\/02\/13\/tecnico-do-botafogo-e-sincero-ao-falar-apos-a-derrota-para-o-flamengo\/#article","isPartOf":{"@id":"https:\/\/www.gaveanews.com\/index.php\/2025\/02\/13\/tecnico-do-botafogo-e-sincero-ao-falar-apos-a-derrota-para-o-flamengo\/"},"author":{"name":"Rafaela Ladeira","@id":"https:\/\/www.gaveanews.com\/#\/schema\/person\/0eb3e3fe1754f0205218538adbe8f5ed"},"headline":"T\u00e9cnico do Botafogo \u00e9 sincero ao falar ap\u00f3s a derrota para o Flamengo","datePublished":"2025-02-13T13:25:29+00:00","mainEntityOfPage":{"@id":"https:\/\/www.gaveanews.com\/index.php\/2025\/02\/13\/tecnico-do-botafogo-e-sincero-ao-falar-apos-a-derrota-para-o-flamengo\/"},"wordCount":489,"commentCount":0,"image":{"@id":"https:\/\/www.gaveanews.com\/index.php\/2025\/02\/13\/tecnico-do-botafogo-e-sincero-ao-falar-apos-a-derrota-para-o-flamengo\/#primaryimage"},"thumbnailUrl":"https:\/\/www.gaveanews.com\/wp-content\/uploads\/Flamengo-x-Botafogo-no-Maracana-pelo-Campeonato-Carioca.webp","articleSection":["Botafogo","Flamengo"],"inLanguage":"pt-BR","potentialAction":[{"@type":"CommentAction","name":"Comment","target":["https:\/\/www.gaveanews.com\/index.php\/2025\/02\/13\/tecnico-do-botafogo-e-sincero-ao-falar-apos-a-derrota-para-o-flamengo\/#respond"]}],"copyrightYear":"2025","copyrightHolder":{"@id":"https:\/\/www.gaveanews.com\/#organization"}},{"@type":"WebPage","@id":"https:\/\/www.gaveanews.com\/index.php\/2025\/02\/13\/tecnico-do-botafogo-e-sincero-ao-falar-apos-a-derrota-para-o-flamengo\/","url":"https:\/\/www.gaveanews.com\/index.php\/2025\/02\/13\/tecnico-do-botafogo-e-sincero-ao-falar-apos-a-derrota-para-o-flamengo\/","name":"T\u00e9cnico do Botafogo \u00e9 sincero ao falar ap\u00f3s a derrota para o Flamengo","isPartOf":{"@id":"https:\/\/www.gaveanews.com\/#website"},"primaryImageOfPage":{"@id":"https:\/\/www.gaveanews.com\/index.php\/2025\/02\/13\/tecnico-do-botafogo-e-sincero-ao-falar-apos-a-derrota-para-o-flamengo\/#primaryimage"},"image":{"@id":"https:\/\/www.gaveanews.com\/index.php\/2025\/02\/13\/tecnico-do-botafogo-e-sincero-ao-falar-apos-a-derrota-para-o-flamengo\/#primaryimage"},"thumbnailUrl":"https:\/\/www.gaveanews.com\/wp-content\/uploads\/Flamengo-x-Botafogo-no-Maracana-pelo-Campeonato-Carioca.webp","datePublished":"2025-02-13T13:25:29+00:00","author":{"@id":"https:\/\/www.gaveanews.com\/#\/schema\/person\/0eb3e3fe1754f0205218538adbe8f5ed"},"breadcrumb":{"@id":"https:\/\/www.gaveanews.com\/index.php\/2025\/02\/13\/tecnico-do-botafogo-e-sincero-ao-falar-apos-a-derrota-para-o-flamengo\/#breadcrumb"},"inLanguage":"pt-BR","potentialAction":[{"@type":"ReadAction","target":["https:\/\/www.gaveanews.com\/index.php\/2025\/02\/13\/tecnico-do-botafogo-e-sincero-ao-falar-apos-a-derrota-para-o-flamengo\/"]}]},{"@type":"ImageObject","inLanguage":"pt-BR","@id":"https:\/\/www.gaveanews.com\/index.php\/2025\/02\/13\/tecnico-do-botafogo-e-sincero-ao-falar-apos-a-derrota-para-o-flamengo\/#primaryimage","url":"https:\/\/www.gaveanews.com\/wp-content\/uploads\/Flamengo-x-Botafogo-no-Maracana-pelo-Campeonato-Carioca.webp","contentUrl":"https:\/\/www.gaveanews.com\/wp-content\/uploads\/Flamengo-x-Botafogo-no-Maracana-pelo-Campeonato-Carioca.webp","width":525,"height":575,"caption":"Flamengo x Botafogo no Maracan\u00e3, pelo Campeonato Carioca (Foto: Gilvan de Souza e Paula Reis\/Flamengo)"},{"@type":"BreadcrumbList","@id":"https:\/\/www.gaveanews.com\/index.php\/2025\/02\/13\/tecnico-do-botafogo-e-sincero-ao-falar-apos-a-derrota-para-o-flamengo\/#breadcrumb","itemListElement":[{"@type":"ListItem","position":1,"name":"Home","item":"https:\/\/www.gaveanews.com\/"},{"@type":"ListItem","position":2,"name":"T\u00e9cnico do Botafogo \u00e9 sincero ao falar ap\u00f3s a derrota para o Flamengo"}]},{"@type":"WebSite","@id":"https:\/\/www.gaveanews.com\/#website","url":"https:\/\/www.gaveanews.com\/","name":"G\u00e1vea News","description":"Veja todas as not\u00edcias sobre o Flamengo: Contrata\u00e7\u00f5es, categorias de base, resultados das partidas, tabela de classifica\u00e7\u00e3o, pr\u00f3ximos jogos!","potentialAction":[{"@type":"SearchAction","target":{"@type":"EntryPoint","urlTemplate":"https:\/\/www.gaveanews.com\/?s={search_term_string}"},"query-input":{"@type":"PropertyValueSpecification","valueRequired":true,"valueName":"search_term_string"}}],"inLanguage":"pt-BR"},{"@type":"Person","@id":"https:\/\/www.gaveanews.com\/#\/schema\/person\/0eb3e3fe1754f0205218538adbe8f5ed","name":"Rafaela Ladeira","image":{"@type":"ImageObject","inLanguage":"pt-BR","@id":"https:\/\/www.gaveanews.com\/#\/schema\/person\/image\/","url":"https:\/\/secure.gravatar.com\/avatar\/c31f513acffd85eacab5730cbdfdbbf59f21ba5aeada8cd890acea879fbb2455?s=96&d=mm&r=g","contentUrl":"https:\/\/secure.gravatar.com\/avatar\/c31f513acffd85eacab5730cbdfdbbf59f21ba5aeada8cd890acea879fbb2455?s=96&d=mm&r=g","caption":"Rafaela Ladeira"}}]}},"_links":{"self":[{"href":"https:\/\/www.gaveanews.com\/index.php\/wp-json\/wp\/v2\/posts\/227183","targetHints":{"allow":["GET"]}}],"collection":[{"href":"https:\/\/www.gaveanews.com\/index.php\/wp-json\/wp\/v2\/posts"}],"about":[{"href":"https:\/\/www.gaveanews.com\/index.php\/wp-json\/wp\/v2\/types\/post"}],"author":[{"embeddable":true,"href":"https:\/\/www.gaveanews.com\/index.php\/wp-json\/wp\/v2\/users\/25"}],"replies":[{"embeddable":true,"href":"https:\/\/www.gaveanews.com\/index.php\/wp-json\/wp\/v2\/comments?post=227183"}],"version-history":[{"count":2,"href":"https:\/\/www.gaveanews.com\/index.php\/wp-json\/wp\/v2\/posts\/227183\/revisions"}],"predecessor-version":[{"id":227208,"href":"https:\/\/www.gaveanews.com\/index.php\/wp-json\/wp\/v2\/posts\/227183\/revisions\/227208"}],"wp:featuredmedia":[{"embeddable":true,"href":"https:\/\/www.gaveanews.com\/index.php\/wp-json\/wp\/v2\/media\/227118"}],"wp:attachment":[{"href":"https:\/\/www.gaveanews.com\/index.php\/wp-json\/wp\/v2\/media?parent=227183"}],"wp:term":[{"taxonomy":"category","embeddable":true,"href":"https:\/\/www.gaveanews.com\/index.php\/wp-json\/wp\/v2\/categories?post=227183"},{"taxonomy":"post_tag","embeddable":true,"href":"https:\/\/www.gaveanews.com\/index.php\/wp-json\/wp\/v2\/tags?post=227183"}],"curies":[{"name":"wp","href":"https:\/\/api.w.org\/{rel}","templated":true}]}}