{"id":227270,"date":"2025-02-13T23:35:00","date_gmt":"2025-02-14T02:35:00","guid":{"rendered":"https:\/\/www.gaveanews.com\/?p=227270"},"modified":"2025-02-13T22:53:00","modified_gmt":"2025-02-14T01:53:00","slug":"novidade-veja-detalhes-do-novo-programa-de-galvao-bueno-na-band","status":"publish","type":"post","link":"https:\/\/www.gaveanews.com\/index.php\/2025\/02\/13\/novidade-veja-detalhes-do-novo-programa-de-galvao-bueno-na-band\/","title":{"rendered":"Novidade! Veja detalhes do novo programa de Galv\u00e3o Bueno na Band"},"content":{"rendered":"\n<p>Galv\u00e3o Bueno, um dos maiores nomes da narra\u00e7\u00e3o esportiva no Brasil, acaba de dar um passo importante em sua carreira, assinando um novo contrato que promete agitar as noites de segunda-feira. O comunicador, que recentemente firmou um acordo com a Amazon para transmiss\u00f5es de futebol no Prime Video, agora retorna \u00e0 sua antiga casa, a Band, ap\u00f3s 44 anos. Vale destacar que essa \u00e9 uma novidade aguardada por muitos f\u00e3s de esportes e do pr\u00f3prio apresentador.<\/p>\n\n\n\n<h2 class=\"wp-block-heading\" id=\"h-novo-projeto-de-galvao-na-band-o-galvao-e-amigos\">Novo projeto de Galv\u00e3o na Band: o &#8220;Galv\u00e3o e Amigos&#8221;<\/h2>\n\n\n\n<p>\u201cGalv\u00e3o Bueno assina contrato com a Band e volta \u00e0 emissora ap\u00f3s 44 anos. Ele vai apresentar o \u2018Galv\u00e3o e Amigos\u2019, programa que vai debater futebol nas noites de segunda-feira, similar ao antigo \u2018Bem, Amigos!&#8217;\u201d, informa Gabriel Vaquer.<\/p>\n\n\n\n<blockquote class=\"twitter-tweet\"><p lang=\"pt\" dir=\"ltr\">Aten\u00e7\u00e3o! Assinou!<br><br>De agora com todos os detalhes na coluna no <a href=\"https:\/\/twitter.com\/sitef5?ref_src=twsrc%5Etfw\">@sitef5<\/a> <a href=\"https:\/\/twitter.com\/folha?ref_src=twsrc%5Etfw\">@folha<\/a>: Galv\u00e3o Bueno assina contrato com a Band e volta \u00e0 emissora ap\u00f3s 44 anos para programa semanal. Ele tamb\u00e9m vai participar das transmiss\u00f5es da F\u00f3rmula 1<a href=\"https:\/\/t.co\/ixOi2U78ul\">https:\/\/t.co\/ixOi2U78ul<\/a><\/p>&mdash; Gabriel Vaquer (@bielvaquer) <a href=\"https:\/\/twitter.com\/bielvaquer\/status\/1889999703141708250?ref_src=twsrc%5Etfw\">February 13, 2025<\/a><\/blockquote> <script async src=\"https:\/\/platform.twitter.com\/widgets.js\" charset=\"utf-8\"><\/script>\n\n\n\n<p>Isso porque, al\u00e9m de sua vasta experi\u00eancia como narrador e comentarista, Galv\u00e3o tamb\u00e9m \u00e9 um \u00edcone da comunica\u00e7\u00e3o esportiva no Brasil, e sua volta \u00e0 TV promete ser um grande sucesso.<\/p>\n\n\n\n<p>Dessa maneira, Galv\u00e3o Bueno n\u00e3o estar\u00e1 sozinho nessa nova empreitada. Participar\u00e3o do programa nomes de peso como Mauro Naves, Casagrande e Paulo Roberto Falc\u00e3o. No entanto, a grande surpresa \u00e9 a presen\u00e7a de Vanderlei Luxemburgo, que, ap\u00f3s sua sa\u00edda do Corinthians, parece confirmar sua aposentadoria do futebol e se dedica agora \u00e0 comunica\u00e7\u00e3o. Isso porque Luxa sempre foi uma presen\u00e7a constante no &#8220;Bem, Amigos!&#8221; e agora ocupar\u00e1 uma vaga fixa na bancada, agitando ainda mais as discuss\u00f5es sobre futebol no programa.<\/p>\n\n\n\n<h2 class=\"wp-block-heading\" id=\"h-galvao-fora-da-formula-1-mas-com-um-novo-papel\">Galv\u00e3o fora da F\u00f3rmula 1, mas com um novo papel<\/h2>\n\n\n\n<p>Com isso, Galv\u00e3o Bueno n\u00e3o se envolver\u00e1 mais com a narra\u00e7\u00e3o da F\u00f3rmula 1, mas ter\u00e1 um papel importante nas transmiss\u00f5es esportivas como mestre de cerim\u00f4nias. Sendo assim, ele continuar\u00e1 a se destacar como um comunicador vers\u00e1til e apaixonado pelo esporte.<\/p>\n\n\n\n<p>A expectativa \u00e9 que o &#8220;Galv\u00e3o e Amigos&#8221; se torne mais um grande sucesso da Band, com debates de alto n\u00edvel e muita intera\u00e7\u00e3o com os f\u00e3s de futebol.<\/p>\n","protected":false},"excerpt":{"rendered":"<p>Galv\u00e3o Bueno, um dos maiores nomes da narra\u00e7\u00e3o esportiva no Brasil, acaba de dar um passo importante em sua carreira, assinando um novo contrato que promete agitar as noites de segunda-feira. O comunicador, que recentemente firmou um acordo com a Amazon para transmiss\u00f5es de futebol no Prime Video, agora retorna \u00e0 sua antiga casa, a [&hellip;]<\/p>\n","protected":false},"author":24,"featured_media":96144,"comment_status":"open","ping_status":"closed","sticky":false,"template":"","format":"standard","meta":{"footnotes":""},"categories":[81],"tags":[],"class_list":["post-227270","post","type-post","status-publish","format-standard","has-post-thumbnail","hentry","category-celebridades"],"yoast_head":"<!-- This site is optimized with the Yoast SEO Premium plugin v24.2 (Yoast SEO v26.9) - https:\/\/yoast.com\/product\/yoast-seo-premium-wordpress\/ -->\n<title>Novidade! Veja detalhes do novo programa de Galv\u00e3o Bueno na Band<\/title>\n<meta name=\"robots\" content=\"index, follow, max-snippet:-1, max-image-preview:large, max-video-preview:-1\" \/>\n<link rel=\"canonical\" href=\"https:\/\/www.gaveanews.com\/index.php\/2025\/02\/13\/novidade-veja-detalhes-do-novo-programa-de-galvao-bueno-na-band\/\" \/>\n<meta property=\"og:locale\" content=\"pt_BR\" \/>\n<meta property=\"og:type\" content=\"article\" \/>\n<meta property=\"og:title\" content=\"Novidade! Veja detalhes do novo programa de Galv\u00e3o Bueno na Band\" \/>\n<meta property=\"og:description\" content=\"Galv\u00e3o Bueno, um dos maiores nomes da narra\u00e7\u00e3o esportiva no Brasil, acaba de dar um passo importante em sua carreira, assinando um novo contrato que promete agitar as noites de segunda-feira. O comunicador, que recentemente firmou um acordo com a Amazon para transmiss\u00f5es de futebol no Prime Video, agora retorna \u00e0 sua antiga casa, a [&hellip;]\" \/>\n<meta property=\"og:url\" content=\"https:\/\/www.gaveanews.com\/index.php\/2025\/02\/13\/novidade-veja-detalhes-do-novo-programa-de-galvao-bueno-na-band\/\" \/>\n<meta property=\"og:site_name\" content=\"G\u00e1vea News\" \/>\n<meta property=\"article:publisher\" content=\"https:\/\/facebook.com\/gaveaNews\/\" \/>\n<meta property=\"article:published_time\" content=\"2025-02-14T02:35:00+00:00\" \/>\n<meta property=\"og:image\" content=\"https:\/\/www.gaveanews.com\/wp-content\/uploads\/Galvao-Bueno-canal-YouTube.webp\" \/>\n\t<meta property=\"og:image:width\" content=\"846\" \/>\n\t<meta property=\"og:image:height\" content=\"577\" \/>\n\t<meta property=\"og:image:type\" content=\"image\/png\" \/>\n<meta name=\"author\" content=\"Leandro Cardoso\" \/>\n<meta name=\"twitter:card\" content=\"summary_large_image\" \/>\n<meta name=\"twitter:label1\" content=\"Escrito por\" \/>\n\t<meta name=\"twitter:data1\" content=\"Leandro Cardoso\" \/>\n\t<meta name=\"twitter:label2\" content=\"Est. tempo de leitura\" \/>\n\t<meta name=\"twitter:data2\" content=\"2 minutos\" \/>\n<script type=\"application\/ld+json\" class=\"yoast-schema-graph\">{\"@context\":\"https:\/\/schema.org\",\"@graph\":[{\"@type\":\"NewsArticle\",\"@id\":\"https:\/\/www.gaveanews.com\/index.php\/2025\/02\/13\/novidade-veja-detalhes-do-novo-programa-de-galvao-bueno-na-band\/#article\",\"isPartOf\":{\"@id\":\"https:\/\/www.gaveanews.com\/index.php\/2025\/02\/13\/novidade-veja-detalhes-do-novo-programa-de-galvao-bueno-na-band\/\"},\"author\":{\"name\":\"Leandro Cardoso\",\"@id\":\"https:\/\/www.gaveanews.com\/#\/schema\/person\/2424ec6409bc3f068411fc5e4e9b6168\"},\"headline\":\"Novidade! Veja detalhes do novo programa de Galv\u00e3o Bueno na Band\",\"datePublished\":\"2025-02-14T02:35:00+00:00\",\"mainEntityOfPage\":{\"@id\":\"https:\/\/www.gaveanews.com\/index.php\/2025\/02\/13\/novidade-veja-detalhes-do-novo-programa-de-galvao-bueno-na-band\/\"},\"wordCount\":408,\"commentCount\":0,\"image\":{\"@id\":\"https:\/\/www.gaveanews.com\/index.php\/2025\/02\/13\/novidade-veja-detalhes-do-novo-programa-de-galvao-bueno-na-band\/#primaryimage\"},\"thumbnailUrl\":\"https:\/\/www.gaveanews.com\/wp-content\/uploads\/Galvao-Bueno-canal-YouTube.webp\",\"articleSection\":[\"Celebridades\"],\"inLanguage\":\"pt-BR\",\"potentialAction\":[{\"@type\":\"CommentAction\",\"name\":\"Comment\",\"target\":[\"https:\/\/www.gaveanews.com\/index.php\/2025\/02\/13\/novidade-veja-detalhes-do-novo-programa-de-galvao-bueno-na-band\/#respond\"]}],\"copyrightYear\":\"2025\",\"copyrightHolder\":{\"@id\":\"https:\/\/www.gaveanews.com\/#organization\"}},{\"@type\":\"WebPage\",\"@id\":\"https:\/\/www.gaveanews.com\/index.php\/2025\/02\/13\/novidade-veja-detalhes-do-novo-programa-de-galvao-bueno-na-band\/\",\"url\":\"https:\/\/www.gaveanews.com\/index.php\/2025\/02\/13\/novidade-veja-detalhes-do-novo-programa-de-galvao-bueno-na-band\/\",\"name\":\"Novidade! Veja detalhes do novo programa de Galv\u00e3o Bueno na Band\",\"isPartOf\":{\"@id\":\"https:\/\/www.gaveanews.com\/#website\"},\"primaryImageOfPage\":{\"@id\":\"https:\/\/www.gaveanews.com\/index.php\/2025\/02\/13\/novidade-veja-detalhes-do-novo-programa-de-galvao-bueno-na-band\/#primaryimage\"},\"image\":{\"@id\":\"https:\/\/www.gaveanews.com\/index.php\/2025\/02\/13\/novidade-veja-detalhes-do-novo-programa-de-galvao-bueno-na-band\/#primaryimage\"},\"thumbnailUrl\":\"https:\/\/www.gaveanews.com\/wp-content\/uploads\/Galvao-Bueno-canal-YouTube.webp\",\"datePublished\":\"2025-02-14T02:35:00+00:00\",\"author\":{\"@id\":\"https:\/\/www.gaveanews.com\/#\/schema\/person\/2424ec6409bc3f068411fc5e4e9b6168\"},\"breadcrumb\":{\"@id\":\"https:\/\/www.gaveanews.com\/index.php\/2025\/02\/13\/novidade-veja-detalhes-do-novo-programa-de-galvao-bueno-na-band\/#breadcrumb\"},\"inLanguage\":\"pt-BR\",\"potentialAction\":[{\"@type\":\"ReadAction\",\"target\":[\"https:\/\/www.gaveanews.com\/index.php\/2025\/02\/13\/novidade-veja-detalhes-do-novo-programa-de-galvao-bueno-na-band\/\"]}]},{\"@type\":\"ImageObject\",\"inLanguage\":\"pt-BR\",\"@id\":\"https:\/\/www.gaveanews.com\/index.php\/2025\/02\/13\/novidade-veja-detalhes-do-novo-programa-de-galvao-bueno-na-band\/#primaryimage\",\"url\":\"https:\/\/www.gaveanews.com\/wp-content\/uploads\/Galvao-Bueno-canal-YouTube.webp\",\"contentUrl\":\"https:\/\/www.gaveanews.com\/wp-content\/uploads\/Galvao-Bueno-canal-YouTube.webp\",\"width\":846,\"height\":577,\"caption\":\"Galv\u00e3o Bueno (Foto: Divulga\u00e7\u00e3o)\"},{\"@type\":\"BreadcrumbList\",\"@id\":\"https:\/\/www.gaveanews.com\/index.php\/2025\/02\/13\/novidade-veja-detalhes-do-novo-programa-de-galvao-bueno-na-band\/#breadcrumb\",\"itemListElement\":[{\"@type\":\"ListItem\",\"position\":1,\"name\":\"Home\",\"item\":\"https:\/\/www.gaveanews.com\/\"},{\"@type\":\"ListItem\",\"position\":2,\"name\":\"Novidade! Veja detalhes do novo programa de Galv\u00e3o Bueno na Band\"}]},{\"@type\":\"WebSite\",\"@id\":\"https:\/\/www.gaveanews.com\/#website\",\"url\":\"https:\/\/www.gaveanews.com\/\",\"name\":\"G\u00e1vea News\",\"description\":\"Veja todas as not\u00edcias sobre o Flamengo: Contrata\u00e7\u00f5es, categorias de base, resultados das partidas, tabela de classifica\u00e7\u00e3o, pr\u00f3ximos jogos!\",\"potentialAction\":[{\"@type\":\"SearchAction\",\"target\":{\"@type\":\"EntryPoint\",\"urlTemplate\":\"https:\/\/www.gaveanews.com\/?s={search_term_string}\"},\"query-input\":{\"@type\":\"PropertyValueSpecification\",\"valueRequired\":true,\"valueName\":\"search_term_string\"}}],\"inLanguage\":\"pt-BR\"},{\"@type\":\"Person\",\"@id\":\"https:\/\/www.gaveanews.com\/#\/schema\/person\/2424ec6409bc3f068411fc5e4e9b6168\",\"name\":\"Leandro Cardoso\",\"image\":{\"@type\":\"ImageObject\",\"inLanguage\":\"pt-BR\",\"@id\":\"https:\/\/www.gaveanews.com\/#\/schema\/person\/image\/\",\"url\":\"https:\/\/secure.gravatar.com\/avatar\/8ca179f9b55eefe9f376f5493ef25475bfa59fbc28ce937f6076ce20e523098f?s=96&d=mm&r=g\",\"contentUrl\":\"https:\/\/secure.gravatar.com\/avatar\/8ca179f9b55eefe9f376f5493ef25475bfa59fbc28ce937f6076ce20e523098f?s=96&d=mm&r=g\",\"caption\":\"Leandro Cardoso\"}}]}<\/script>\n<!-- \/ Yoast SEO Premium plugin. -->","yoast_head_json":{"title":"Novidade! Veja detalhes do novo programa de Galv\u00e3o Bueno na Band","robots":{"index":"index","follow":"follow","max-snippet":"max-snippet:-1","max-image-preview":"max-image-preview:large","max-video-preview":"max-video-preview:-1"},"canonical":"https:\/\/www.gaveanews.com\/index.php\/2025\/02\/13\/novidade-veja-detalhes-do-novo-programa-de-galvao-bueno-na-band\/","og_locale":"pt_BR","og_type":"article","og_title":"Novidade! Veja detalhes do novo programa de Galv\u00e3o Bueno na Band","og_description":"Galv\u00e3o Bueno, um dos maiores nomes da narra\u00e7\u00e3o esportiva no Brasil, acaba de dar um passo importante em sua carreira, assinando um novo contrato que promete agitar as noites de segunda-feira. O comunicador, que recentemente firmou um acordo com a Amazon para transmiss\u00f5es de futebol no Prime Video, agora retorna \u00e0 sua antiga casa, a [&hellip;]","og_url":"https:\/\/www.gaveanews.com\/index.php\/2025\/02\/13\/novidade-veja-detalhes-do-novo-programa-de-galvao-bueno-na-band\/","og_site_name":"G\u00e1vea News","article_publisher":"https:\/\/facebook.com\/gaveaNews\/","article_published_time":"2025-02-14T02:35:00+00:00","og_image":[{"width":846,"height":577,"url":"https:\/\/www.gaveanews.com\/wp-content\/uploads\/Galvao-Bueno-canal-YouTube.webp","type":"image\/png"}],"author":"Leandro Cardoso","twitter_card":"summary_large_image","twitter_misc":{"Escrito por":"Leandro Cardoso","Est. tempo de leitura":"2 minutos"},"schema":{"@context":"https:\/\/schema.org","@graph":[{"@type":"NewsArticle","@id":"https:\/\/www.gaveanews.com\/index.php\/2025\/02\/13\/novidade-veja-detalhes-do-novo-programa-de-galvao-bueno-na-band\/#article","isPartOf":{"@id":"https:\/\/www.gaveanews.com\/index.php\/2025\/02\/13\/novidade-veja-detalhes-do-novo-programa-de-galvao-bueno-na-band\/"},"author":{"name":"Leandro Cardoso","@id":"https:\/\/www.gaveanews.com\/#\/schema\/person\/2424ec6409bc3f068411fc5e4e9b6168"},"headline":"Novidade! Veja detalhes do novo programa de Galv\u00e3o Bueno na Band","datePublished":"2025-02-14T02:35:00+00:00","mainEntityOfPage":{"@id":"https:\/\/www.gaveanews.com\/index.php\/2025\/02\/13\/novidade-veja-detalhes-do-novo-programa-de-galvao-bueno-na-band\/"},"wordCount":408,"commentCount":0,"image":{"@id":"https:\/\/www.gaveanews.com\/index.php\/2025\/02\/13\/novidade-veja-detalhes-do-novo-programa-de-galvao-bueno-na-band\/#primaryimage"},"thumbnailUrl":"https:\/\/www.gaveanews.com\/wp-content\/uploads\/Galvao-Bueno-canal-YouTube.webp","articleSection":["Celebridades"],"inLanguage":"pt-BR","potentialAction":[{"@type":"CommentAction","name":"Comment","target":["https:\/\/www.gaveanews.com\/index.php\/2025\/02\/13\/novidade-veja-detalhes-do-novo-programa-de-galvao-bueno-na-band\/#respond"]}],"copyrightYear":"2025","copyrightHolder":{"@id":"https:\/\/www.gaveanews.com\/#organization"}},{"@type":"WebPage","@id":"https:\/\/www.gaveanews.com\/index.php\/2025\/02\/13\/novidade-veja-detalhes-do-novo-programa-de-galvao-bueno-na-band\/","url":"https:\/\/www.gaveanews.com\/index.php\/2025\/02\/13\/novidade-veja-detalhes-do-novo-programa-de-galvao-bueno-na-band\/","name":"Novidade! Veja detalhes do novo programa de Galv\u00e3o Bueno na Band","isPartOf":{"@id":"https:\/\/www.gaveanews.com\/#website"},"primaryImageOfPage":{"@id":"https:\/\/www.gaveanews.com\/index.php\/2025\/02\/13\/novidade-veja-detalhes-do-novo-programa-de-galvao-bueno-na-band\/#primaryimage"},"image":{"@id":"https:\/\/www.gaveanews.com\/index.php\/2025\/02\/13\/novidade-veja-detalhes-do-novo-programa-de-galvao-bueno-na-band\/#primaryimage"},"thumbnailUrl":"https:\/\/www.gaveanews.com\/wp-content\/uploads\/Galvao-Bueno-canal-YouTube.webp","datePublished":"2025-02-14T02:35:00+00:00","author":{"@id":"https:\/\/www.gaveanews.com\/#\/schema\/person\/2424ec6409bc3f068411fc5e4e9b6168"},"breadcrumb":{"@id":"https:\/\/www.gaveanews.com\/index.php\/2025\/02\/13\/novidade-veja-detalhes-do-novo-programa-de-galvao-bueno-na-band\/#breadcrumb"},"inLanguage":"pt-BR","potentialAction":[{"@type":"ReadAction","target":["https:\/\/www.gaveanews.com\/index.php\/2025\/02\/13\/novidade-veja-detalhes-do-novo-programa-de-galvao-bueno-na-band\/"]}]},{"@type":"ImageObject","inLanguage":"pt-BR","@id":"https:\/\/www.gaveanews.com\/index.php\/2025\/02\/13\/novidade-veja-detalhes-do-novo-programa-de-galvao-bueno-na-band\/#primaryimage","url":"https:\/\/www.gaveanews.com\/wp-content\/uploads\/Galvao-Bueno-canal-YouTube.webp","contentUrl":"https:\/\/www.gaveanews.com\/wp-content\/uploads\/Galvao-Bueno-canal-YouTube.webp","width":846,"height":577,"caption":"Galv\u00e3o Bueno (Foto: Divulga\u00e7\u00e3o)"},{"@type":"BreadcrumbList","@id":"https:\/\/www.gaveanews.com\/index.php\/2025\/02\/13\/novidade-veja-detalhes-do-novo-programa-de-galvao-bueno-na-band\/#breadcrumb","itemListElement":[{"@type":"ListItem","position":1,"name":"Home","item":"https:\/\/www.gaveanews.com\/"},{"@type":"ListItem","position":2,"name":"Novidade! Veja detalhes do novo programa de Galv\u00e3o Bueno na Band"}]},{"@type":"WebSite","@id":"https:\/\/www.gaveanews.com\/#website","url":"https:\/\/www.gaveanews.com\/","name":"G\u00e1vea News","description":"Veja todas as not\u00edcias sobre o Flamengo: Contrata\u00e7\u00f5es, categorias de base, resultados das partidas, tabela de classifica\u00e7\u00e3o, pr\u00f3ximos jogos!","potentialAction":[{"@type":"SearchAction","target":{"@type":"EntryPoint","urlTemplate":"https:\/\/www.gaveanews.com\/?s={search_term_string}"},"query-input":{"@type":"PropertyValueSpecification","valueRequired":true,"valueName":"search_term_string"}}],"inLanguage":"pt-BR"},{"@type":"Person","@id":"https:\/\/www.gaveanews.com\/#\/schema\/person\/2424ec6409bc3f068411fc5e4e9b6168","name":"Leandro Cardoso","image":{"@type":"ImageObject","inLanguage":"pt-BR","@id":"https:\/\/www.gaveanews.com\/#\/schema\/person\/image\/","url":"https:\/\/secure.gravatar.com\/avatar\/8ca179f9b55eefe9f376f5493ef25475bfa59fbc28ce937f6076ce20e523098f?s=96&d=mm&r=g","contentUrl":"https:\/\/secure.gravatar.com\/avatar\/8ca179f9b55eefe9f376f5493ef25475bfa59fbc28ce937f6076ce20e523098f?s=96&d=mm&r=g","caption":"Leandro Cardoso"}}]}},"_links":{"self":[{"href":"https:\/\/www.gaveanews.com\/index.php\/wp-json\/wp\/v2\/posts\/227270","targetHints":{"allow":["GET"]}}],"collection":[{"href":"https:\/\/www.gaveanews.com\/index.php\/wp-json\/wp\/v2\/posts"}],"about":[{"href":"https:\/\/www.gaveanews.com\/index.php\/wp-json\/wp\/v2\/types\/post"}],"author":[{"embeddable":true,"href":"https:\/\/www.gaveanews.com\/index.php\/wp-json\/wp\/v2\/users\/24"}],"replies":[{"embeddable":true,"href":"https:\/\/www.gaveanews.com\/index.php\/wp-json\/wp\/v2\/comments?post=227270"}],"version-history":[{"count":1,"href":"https:\/\/www.gaveanews.com\/index.php\/wp-json\/wp\/v2\/posts\/227270\/revisions"}],"predecessor-version":[{"id":227273,"href":"https:\/\/www.gaveanews.com\/index.php\/wp-json\/wp\/v2\/posts\/227270\/revisions\/227273"}],"wp:featuredmedia":[{"embeddable":true,"href":"https:\/\/www.gaveanews.com\/index.php\/wp-json\/wp\/v2\/media\/96144"}],"wp:attachment":[{"href":"https:\/\/www.gaveanews.com\/index.php\/wp-json\/wp\/v2\/media?parent=227270"}],"wp:term":[{"taxonomy":"category","embeddable":true,"href":"https:\/\/www.gaveanews.com\/index.php\/wp-json\/wp\/v2\/categories?post=227270"},{"taxonomy":"post_tag","embeddable":true,"href":"https:\/\/www.gaveanews.com\/index.php\/wp-json\/wp\/v2\/tags?post=227270"}],"curies":[{"name":"wp","href":"https:\/\/api.w.org\/{rel}","templated":true}]}}