{"id":227277,"date":"2025-02-13T12:58:24","date_gmt":"2025-02-13T15:58:24","guid":{"rendered":"https:\/\/www.gaveanews.com\/?p=227277"},"modified":"2025-02-13T12:58:28","modified_gmt":"2025-02-13T15:58:28","slug":"galvao-bueno-assina-com-emissora-concorrente-da-rede-globo","status":"publish","type":"post","link":"https:\/\/www.gaveanews.com\/index.php\/2025\/02\/13\/galvao-bueno-assina-com-emissora-concorrente-da-rede-globo\/","title":{"rendered":"Galv\u00e3o Bueno assina com emissora concorrente da Rede Globo"},"content":{"rendered":"\n<p>Uma grande surpresa no mundo da m\u00eddia! Galv\u00e3o Bueno, o narrador mais ic\u00f4nico do Brasil, acaba de assinar contrato com a Band, retornando \u00e0 emissora ap\u00f3s 44 anos. O an\u00fancio foi feito nesta quinta-feira, 13 de fevereiro de 2025, e promete agitar o cen\u00e1rio esportivo e televisivo. Dessa maneira, Galv\u00e3o estar\u00e1 de volta \u00e0 TV aberta, onde iniciou sua carreira, agora apresentando o programa \u201cGalv\u00e3o e Amigos\u201d, dedicado a debates sobre futebol nas noites de segunda-feira.<\/p>\n\n\n\n<h2 class=\"wp-block-heading\" id=\"h-o-retorno-de-galvao-a-band-e-a-nova-atracao\">O retorno de Galv\u00e3o \u00e0 Band e a nova atra\u00e7\u00e3o<\/h2>\n\n\n\n<p>Galv\u00e3o Bueno trabalhou na Band entre 1977 e 1981, per\u00edodo em que marcou presen\u00e7a nas transmiss\u00f5es de F\u00f3rmula 1. Por isso, sua volta \u00e0 emissora \u00e9 um retorno simb\u00f3lico, repleto de expectativas. O programa \u201cGalv\u00e3o e Amigos\u201d trar\u00e1 uma proposta similar ao extinto \u201cBem, Amigos!\u201d, transmitido pelo Sportv. <\/p>\n\n\n\n<blockquote class=\"twitter-tweet\"><p lang=\"pt\" dir=\"ltr\">\u26a0\ufe0f Oficial! Galv\u00e3o Bueno assina contrato com a Band e volta \u00e0 emissora ap\u00f3s 44 anos.<br><br>Ele vai apresentar o &#39;Galv\u00e3o e Amigos&#39;, programa que vai debater futebol nas noites de segunda-feira, similar ao antigo &#39;Bem, Amigos!&#39;, do Sportv.<br><br>No programa, estar\u00e3o amigos de Galv\u00e3o, como\u2026 <a href=\"https:\/\/t.co\/IpyzNRYMCK\">pic.twitter.com\/IpyzNRYMCK<\/a><\/p>&mdash; Planeta do Futebol \ud83c\udf0e (@futebol_info) <a href=\"https:\/\/twitter.com\/futebol_info\/status\/1890001981869003249?ref_src=twsrc%5Etfw\">February 13, 2025<\/a><\/blockquote> <script async src=\"https:\/\/platform.twitter.com\/widgets.js\" charset=\"utf-8\"><\/script>\n\n\n\n<p>Galv\u00e3o ter\u00e1 ao seu lado um time de comentaristas de peso, como Mauro Naves, Casagrande e Paulo Roberto Falc\u00e3o. Al\u00e9m disso, a grande novidade ser\u00e1 a presen\u00e7a de Vanderlei Luxemburgo, ex-treinador de futebol e \u00edcone do esporte brasileiro, agora se dedicando \u00e0 comunica\u00e7\u00e3o.<\/p>\n\n\n\n<p>Sendo assim, a transi\u00e7\u00e3o de Galv\u00e3o para a Band tamb\u00e9m implica em mudan\u00e7as significativas em sua carreira. Ele n\u00e3o estar\u00e1 mais \u00e0 frente das transmiss\u00f5es de F\u00f3rmula 1, um papel que desempenhou por muitos anos na Globo. No entanto, Galv\u00e3o ter\u00e1 a fun\u00e7\u00e3o de mestre de cerim\u00f4nias nas principais corridas, mantendo sua liga\u00e7\u00e3o com o automobilismo. Com isso, ele seguir\u00e1 comandando grandes eventos esportivos, mas com um formato renovado.<\/p>\n\n\n\n<h2 class=\"wp-block-heading\" id=\"h-galvao-tambem-na-amazon-prime-video\">Galv\u00e3o tamb\u00e9m na Amazon Prime Video<\/h2>\n\n\n\n<p>Al\u00e9m da Band, vale destacar que Galv\u00e3o Bueno firmou recentemente contrato com a Amazon Prime Video. Ele ser\u00e1 o narrador principal das transmiss\u00f5es de jogos do Brasileir\u00e3o e da Copa do Brasil, o que o coloca em uma posi\u00e7\u00e3o estrat\u00e9gica de influ\u00eancia nas plataformas de streaming. <\/p>\n\n\n\n<p>Portanto, o narrador, conhecido pela sua voz marcante, continuar\u00e1 a ser uma figura chave nas transmiss\u00f5es esportivas no Brasil. Essa nova fase de Galv\u00e3o promete trazer muitas novidades para o p\u00fablico, e a expectativa \u00e9 alta para o sucesso do programa \u201cGalv\u00e3o e Amigos\u201d na Band.<\/p>\n","protected":false},"excerpt":{"rendered":"<p>Uma grande surpresa no mundo da m\u00eddia! Galv\u00e3o Bueno, o narrador mais ic\u00f4nico do Brasil, acaba de assinar contrato com a Band, retornando \u00e0 emissora ap\u00f3s 44 anos. O an\u00fancio foi feito nesta quinta-feira, 13 de fevereiro de 2025, e promete agitar o cen\u00e1rio esportivo e televisivo. Dessa maneira, Galv\u00e3o estar\u00e1 de volta \u00e0 TV [&hellip;]<\/p>\n","protected":false},"author":24,"featured_media":47962,"comment_status":"open","ping_status":"closed","sticky":false,"template":"","format":"standard","meta":{"footnotes":""},"categories":[81],"tags":[],"class_list":["post-227277","post","type-post","status-publish","format-standard","has-post-thumbnail","hentry","category-celebridades"],"yoast_head":"<!-- This site is optimized with the Yoast SEO Premium plugin v24.2 (Yoast SEO v26.9) - https:\/\/yoast.com\/product\/yoast-seo-premium-wordpress\/ -->\n<title>Galv\u00e3o Bueno assina com emissora concorrente da Rede Globo<\/title>\n<meta name=\"robots\" content=\"index, follow, max-snippet:-1, max-image-preview:large, max-video-preview:-1\" \/>\n<link rel=\"canonical\" href=\"https:\/\/www.gaveanews.com\/index.php\/2025\/02\/13\/galvao-bueno-assina-com-emissora-concorrente-da-rede-globo\/\" \/>\n<meta property=\"og:locale\" content=\"pt_BR\" \/>\n<meta property=\"og:type\" content=\"article\" \/>\n<meta property=\"og:title\" content=\"Galv\u00e3o Bueno assina com emissora concorrente da Rede Globo\" \/>\n<meta property=\"og:description\" content=\"Uma grande surpresa no mundo da m\u00eddia! Galv\u00e3o Bueno, o narrador mais ic\u00f4nico do Brasil, acaba de assinar contrato com a Band, retornando \u00e0 emissora ap\u00f3s 44 anos. O an\u00fancio foi feito nesta quinta-feira, 13 de fevereiro de 2025, e promete agitar o cen\u00e1rio esportivo e televisivo. Dessa maneira, Galv\u00e3o estar\u00e1 de volta \u00e0 TV [&hellip;]\" \/>\n<meta property=\"og:url\" content=\"https:\/\/www.gaveanews.com\/index.php\/2025\/02\/13\/galvao-bueno-assina-com-emissora-concorrente-da-rede-globo\/\" \/>\n<meta property=\"og:site_name\" content=\"G\u00e1vea News\" \/>\n<meta property=\"article:publisher\" content=\"https:\/\/facebook.com\/gaveaNews\/\" \/>\n<meta property=\"article:published_time\" content=\"2025-02-13T15:58:24+00:00\" \/>\n<meta property=\"article:modified_time\" content=\"2025-02-13T15:58:28+00:00\" \/>\n<meta property=\"og:image\" content=\"http:\/\/www.gaveanews.com\/wp-content\/uploads\/Galvao-Bueno-com-o-terno-da-Rede-Globo-e-da-SporTV.webp\" \/>\n\t<meta property=\"og:image:width\" content=\"1200\" \/>\n\t<meta property=\"og:image:height\" content=\"912\" \/>\n\t<meta property=\"og:image:type\" content=\"image\/jpeg\" \/>\n<meta name=\"author\" content=\"Leandro Cardoso\" \/>\n<meta name=\"twitter:card\" content=\"summary_large_image\" \/>\n<meta name=\"twitter:label1\" content=\"Escrito por\" \/>\n\t<meta name=\"twitter:data1\" content=\"Leandro Cardoso\" \/>\n\t<meta name=\"twitter:label2\" content=\"Est. tempo de leitura\" \/>\n\t<meta name=\"twitter:data2\" content=\"3 minutos\" \/>\n<script type=\"application\/ld+json\" class=\"yoast-schema-graph\">{\"@context\":\"https:\/\/schema.org\",\"@graph\":[{\"@type\":\"NewsArticle\",\"@id\":\"https:\/\/www.gaveanews.com\/index.php\/2025\/02\/13\/galvao-bueno-assina-com-emissora-concorrente-da-rede-globo\/#article\",\"isPartOf\":{\"@id\":\"https:\/\/www.gaveanews.com\/index.php\/2025\/02\/13\/galvao-bueno-assina-com-emissora-concorrente-da-rede-globo\/\"},\"author\":{\"name\":\"Leandro Cardoso\",\"@id\":\"https:\/\/www.gaveanews.com\/#\/schema\/person\/2424ec6409bc3f068411fc5e4e9b6168\"},\"headline\":\"Galv\u00e3o Bueno assina com emissora concorrente da Rede Globo\",\"datePublished\":\"2025-02-13T15:58:24+00:00\",\"dateModified\":\"2025-02-13T15:58:28+00:00\",\"mainEntityOfPage\":{\"@id\":\"https:\/\/www.gaveanews.com\/index.php\/2025\/02\/13\/galvao-bueno-assina-com-emissora-concorrente-da-rede-globo\/\"},\"wordCount\":444,\"commentCount\":0,\"image\":{\"@id\":\"https:\/\/www.gaveanews.com\/index.php\/2025\/02\/13\/galvao-bueno-assina-com-emissora-concorrente-da-rede-globo\/#primaryimage\"},\"thumbnailUrl\":\"https:\/\/www.gaveanews.com\/wp-content\/uploads\/Galvao-Bueno-com-o-terno-da-Rede-Globo-e-da-SporTV.webp\",\"articleSection\":[\"Celebridades\"],\"inLanguage\":\"pt-BR\",\"potentialAction\":[{\"@type\":\"CommentAction\",\"name\":\"Comment\",\"target\":[\"https:\/\/www.gaveanews.com\/index.php\/2025\/02\/13\/galvao-bueno-assina-com-emissora-concorrente-da-rede-globo\/#respond\"]}],\"copyrightYear\":\"2025\",\"copyrightHolder\":{\"@id\":\"https:\/\/www.gaveanews.com\/#organization\"}},{\"@type\":\"WebPage\",\"@id\":\"https:\/\/www.gaveanews.com\/index.php\/2025\/02\/13\/galvao-bueno-assina-com-emissora-concorrente-da-rede-globo\/\",\"url\":\"https:\/\/www.gaveanews.com\/index.php\/2025\/02\/13\/galvao-bueno-assina-com-emissora-concorrente-da-rede-globo\/\",\"name\":\"Galv\u00e3o Bueno assina com emissora concorrente da Rede Globo\",\"isPartOf\":{\"@id\":\"https:\/\/www.gaveanews.com\/#website\"},\"primaryImageOfPage\":{\"@id\":\"https:\/\/www.gaveanews.com\/index.php\/2025\/02\/13\/galvao-bueno-assina-com-emissora-concorrente-da-rede-globo\/#primaryimage\"},\"image\":{\"@id\":\"https:\/\/www.gaveanews.com\/index.php\/2025\/02\/13\/galvao-bueno-assina-com-emissora-concorrente-da-rede-globo\/#primaryimage\"},\"thumbnailUrl\":\"https:\/\/www.gaveanews.com\/wp-content\/uploads\/Galvao-Bueno-com-o-terno-da-Rede-Globo-e-da-SporTV.webp\",\"datePublished\":\"2025-02-13T15:58:24+00:00\",\"dateModified\":\"2025-02-13T15:58:28+00:00\",\"author\":{\"@id\":\"https:\/\/www.gaveanews.com\/#\/schema\/person\/2424ec6409bc3f068411fc5e4e9b6168\"},\"breadcrumb\":{\"@id\":\"https:\/\/www.gaveanews.com\/index.php\/2025\/02\/13\/galvao-bueno-assina-com-emissora-concorrente-da-rede-globo\/#breadcrumb\"},\"inLanguage\":\"pt-BR\",\"potentialAction\":[{\"@type\":\"ReadAction\",\"target\":[\"https:\/\/www.gaveanews.com\/index.php\/2025\/02\/13\/galvao-bueno-assina-com-emissora-concorrente-da-rede-globo\/\"]}]},{\"@type\":\"ImageObject\",\"inLanguage\":\"pt-BR\",\"@id\":\"https:\/\/www.gaveanews.com\/index.php\/2025\/02\/13\/galvao-bueno-assina-com-emissora-concorrente-da-rede-globo\/#primaryimage\",\"url\":\"https:\/\/www.gaveanews.com\/wp-content\/uploads\/Galvao-Bueno-com-o-terno-da-Rede-Globo-e-da-SporTV.webp\",\"contentUrl\":\"https:\/\/www.gaveanews.com\/wp-content\/uploads\/Galvao-Bueno-com-o-terno-da-Rede-Globo-e-da-SporTV.webp\",\"width\":1200,\"height\":912,\"caption\":\"Galv\u00e3o Bueno com o terno da Rede Globo e da SporTV (Foto: Divulga\u00e7\u00e3o)\"},{\"@type\":\"BreadcrumbList\",\"@id\":\"https:\/\/www.gaveanews.com\/index.php\/2025\/02\/13\/galvao-bueno-assina-com-emissora-concorrente-da-rede-globo\/#breadcrumb\",\"itemListElement\":[{\"@type\":\"ListItem\",\"position\":1,\"name\":\"Home\",\"item\":\"https:\/\/www.gaveanews.com\/\"},{\"@type\":\"ListItem\",\"position\":2,\"name\":\"Galv\u00e3o Bueno assina com emissora concorrente da Rede Globo\"}]},{\"@type\":\"WebSite\",\"@id\":\"https:\/\/www.gaveanews.com\/#website\",\"url\":\"https:\/\/www.gaveanews.com\/\",\"name\":\"G\u00e1vea News\",\"description\":\"Veja todas as not\u00edcias sobre o Flamengo: Contrata\u00e7\u00f5es, categorias de base, resultados das partidas, tabela de classifica\u00e7\u00e3o, pr\u00f3ximos jogos!\",\"potentialAction\":[{\"@type\":\"SearchAction\",\"target\":{\"@type\":\"EntryPoint\",\"urlTemplate\":\"https:\/\/www.gaveanews.com\/?s={search_term_string}\"},\"query-input\":{\"@type\":\"PropertyValueSpecification\",\"valueRequired\":true,\"valueName\":\"search_term_string\"}}],\"inLanguage\":\"pt-BR\"},{\"@type\":\"Person\",\"@id\":\"https:\/\/www.gaveanews.com\/#\/schema\/person\/2424ec6409bc3f068411fc5e4e9b6168\",\"name\":\"Leandro Cardoso\",\"image\":{\"@type\":\"ImageObject\",\"inLanguage\":\"pt-BR\",\"@id\":\"https:\/\/www.gaveanews.com\/#\/schema\/person\/image\/\",\"url\":\"https:\/\/secure.gravatar.com\/avatar\/8ca179f9b55eefe9f376f5493ef25475bfa59fbc28ce937f6076ce20e523098f?s=96&d=mm&r=g\",\"contentUrl\":\"https:\/\/secure.gravatar.com\/avatar\/8ca179f9b55eefe9f376f5493ef25475bfa59fbc28ce937f6076ce20e523098f?s=96&d=mm&r=g\",\"caption\":\"Leandro Cardoso\"}}]}<\/script>\n<!-- \/ Yoast SEO Premium plugin. -->","yoast_head_json":{"title":"Galv\u00e3o Bueno assina com emissora concorrente da Rede Globo","robots":{"index":"index","follow":"follow","max-snippet":"max-snippet:-1","max-image-preview":"max-image-preview:large","max-video-preview":"max-video-preview:-1"},"canonical":"https:\/\/www.gaveanews.com\/index.php\/2025\/02\/13\/galvao-bueno-assina-com-emissora-concorrente-da-rede-globo\/","og_locale":"pt_BR","og_type":"article","og_title":"Galv\u00e3o Bueno assina com emissora concorrente da Rede Globo","og_description":"Uma grande surpresa no mundo da m\u00eddia! Galv\u00e3o Bueno, o narrador mais ic\u00f4nico do Brasil, acaba de assinar contrato com a Band, retornando \u00e0 emissora ap\u00f3s 44 anos. O an\u00fancio foi feito nesta quinta-feira, 13 de fevereiro de 2025, e promete agitar o cen\u00e1rio esportivo e televisivo. Dessa maneira, Galv\u00e3o estar\u00e1 de volta \u00e0 TV [&hellip;]","og_url":"https:\/\/www.gaveanews.com\/index.php\/2025\/02\/13\/galvao-bueno-assina-com-emissora-concorrente-da-rede-globo\/","og_site_name":"G\u00e1vea News","article_publisher":"https:\/\/facebook.com\/gaveaNews\/","article_published_time":"2025-02-13T15:58:24+00:00","article_modified_time":"2025-02-13T15:58:28+00:00","og_image":[{"width":1200,"height":912,"url":"http:\/\/www.gaveanews.com\/wp-content\/uploads\/Galvao-Bueno-com-o-terno-da-Rede-Globo-e-da-SporTV.webp","type":"image\/jpeg"}],"author":"Leandro Cardoso","twitter_card":"summary_large_image","twitter_misc":{"Escrito por":"Leandro Cardoso","Est. tempo de leitura":"3 minutos"},"schema":{"@context":"https:\/\/schema.org","@graph":[{"@type":"NewsArticle","@id":"https:\/\/www.gaveanews.com\/index.php\/2025\/02\/13\/galvao-bueno-assina-com-emissora-concorrente-da-rede-globo\/#article","isPartOf":{"@id":"https:\/\/www.gaveanews.com\/index.php\/2025\/02\/13\/galvao-bueno-assina-com-emissora-concorrente-da-rede-globo\/"},"author":{"name":"Leandro Cardoso","@id":"https:\/\/www.gaveanews.com\/#\/schema\/person\/2424ec6409bc3f068411fc5e4e9b6168"},"headline":"Galv\u00e3o Bueno assina com emissora concorrente da Rede Globo","datePublished":"2025-02-13T15:58:24+00:00","dateModified":"2025-02-13T15:58:28+00:00","mainEntityOfPage":{"@id":"https:\/\/www.gaveanews.com\/index.php\/2025\/02\/13\/galvao-bueno-assina-com-emissora-concorrente-da-rede-globo\/"},"wordCount":444,"commentCount":0,"image":{"@id":"https:\/\/www.gaveanews.com\/index.php\/2025\/02\/13\/galvao-bueno-assina-com-emissora-concorrente-da-rede-globo\/#primaryimage"},"thumbnailUrl":"https:\/\/www.gaveanews.com\/wp-content\/uploads\/Galvao-Bueno-com-o-terno-da-Rede-Globo-e-da-SporTV.webp","articleSection":["Celebridades"],"inLanguage":"pt-BR","potentialAction":[{"@type":"CommentAction","name":"Comment","target":["https:\/\/www.gaveanews.com\/index.php\/2025\/02\/13\/galvao-bueno-assina-com-emissora-concorrente-da-rede-globo\/#respond"]}],"copyrightYear":"2025","copyrightHolder":{"@id":"https:\/\/www.gaveanews.com\/#organization"}},{"@type":"WebPage","@id":"https:\/\/www.gaveanews.com\/index.php\/2025\/02\/13\/galvao-bueno-assina-com-emissora-concorrente-da-rede-globo\/","url":"https:\/\/www.gaveanews.com\/index.php\/2025\/02\/13\/galvao-bueno-assina-com-emissora-concorrente-da-rede-globo\/","name":"Galv\u00e3o Bueno assina com emissora concorrente da Rede Globo","isPartOf":{"@id":"https:\/\/www.gaveanews.com\/#website"},"primaryImageOfPage":{"@id":"https:\/\/www.gaveanews.com\/index.php\/2025\/02\/13\/galvao-bueno-assina-com-emissora-concorrente-da-rede-globo\/#primaryimage"},"image":{"@id":"https:\/\/www.gaveanews.com\/index.php\/2025\/02\/13\/galvao-bueno-assina-com-emissora-concorrente-da-rede-globo\/#primaryimage"},"thumbnailUrl":"https:\/\/www.gaveanews.com\/wp-content\/uploads\/Galvao-Bueno-com-o-terno-da-Rede-Globo-e-da-SporTV.webp","datePublished":"2025-02-13T15:58:24+00:00","dateModified":"2025-02-13T15:58:28+00:00","author":{"@id":"https:\/\/www.gaveanews.com\/#\/schema\/person\/2424ec6409bc3f068411fc5e4e9b6168"},"breadcrumb":{"@id":"https:\/\/www.gaveanews.com\/index.php\/2025\/02\/13\/galvao-bueno-assina-com-emissora-concorrente-da-rede-globo\/#breadcrumb"},"inLanguage":"pt-BR","potentialAction":[{"@type":"ReadAction","target":["https:\/\/www.gaveanews.com\/index.php\/2025\/02\/13\/galvao-bueno-assina-com-emissora-concorrente-da-rede-globo\/"]}]},{"@type":"ImageObject","inLanguage":"pt-BR","@id":"https:\/\/www.gaveanews.com\/index.php\/2025\/02\/13\/galvao-bueno-assina-com-emissora-concorrente-da-rede-globo\/#primaryimage","url":"https:\/\/www.gaveanews.com\/wp-content\/uploads\/Galvao-Bueno-com-o-terno-da-Rede-Globo-e-da-SporTV.webp","contentUrl":"https:\/\/www.gaveanews.com\/wp-content\/uploads\/Galvao-Bueno-com-o-terno-da-Rede-Globo-e-da-SporTV.webp","width":1200,"height":912,"caption":"Galv\u00e3o Bueno com o terno da Rede Globo e da SporTV (Foto: Divulga\u00e7\u00e3o)"},{"@type":"BreadcrumbList","@id":"https:\/\/www.gaveanews.com\/index.php\/2025\/02\/13\/galvao-bueno-assina-com-emissora-concorrente-da-rede-globo\/#breadcrumb","itemListElement":[{"@type":"ListItem","position":1,"name":"Home","item":"https:\/\/www.gaveanews.com\/"},{"@type":"ListItem","position":2,"name":"Galv\u00e3o Bueno assina com emissora concorrente da Rede Globo"}]},{"@type":"WebSite","@id":"https:\/\/www.gaveanews.com\/#website","url":"https:\/\/www.gaveanews.com\/","name":"G\u00e1vea News","description":"Veja todas as not\u00edcias sobre o Flamengo: Contrata\u00e7\u00f5es, categorias de base, resultados das partidas, tabela de classifica\u00e7\u00e3o, pr\u00f3ximos jogos!","potentialAction":[{"@type":"SearchAction","target":{"@type":"EntryPoint","urlTemplate":"https:\/\/www.gaveanews.com\/?s={search_term_string}"},"query-input":{"@type":"PropertyValueSpecification","valueRequired":true,"valueName":"search_term_string"}}],"inLanguage":"pt-BR"},{"@type":"Person","@id":"https:\/\/www.gaveanews.com\/#\/schema\/person\/2424ec6409bc3f068411fc5e4e9b6168","name":"Leandro Cardoso","image":{"@type":"ImageObject","inLanguage":"pt-BR","@id":"https:\/\/www.gaveanews.com\/#\/schema\/person\/image\/","url":"https:\/\/secure.gravatar.com\/avatar\/8ca179f9b55eefe9f376f5493ef25475bfa59fbc28ce937f6076ce20e523098f?s=96&d=mm&r=g","contentUrl":"https:\/\/secure.gravatar.com\/avatar\/8ca179f9b55eefe9f376f5493ef25475bfa59fbc28ce937f6076ce20e523098f?s=96&d=mm&r=g","caption":"Leandro Cardoso"}}]}},"_links":{"self":[{"href":"https:\/\/www.gaveanews.com\/index.php\/wp-json\/wp\/v2\/posts\/227277","targetHints":{"allow":["GET"]}}],"collection":[{"href":"https:\/\/www.gaveanews.com\/index.php\/wp-json\/wp\/v2\/posts"}],"about":[{"href":"https:\/\/www.gaveanews.com\/index.php\/wp-json\/wp\/v2\/types\/post"}],"author":[{"embeddable":true,"href":"https:\/\/www.gaveanews.com\/index.php\/wp-json\/wp\/v2\/users\/24"}],"replies":[{"embeddable":true,"href":"https:\/\/www.gaveanews.com\/index.php\/wp-json\/wp\/v2\/comments?post=227277"}],"version-history":[{"count":2,"href":"https:\/\/www.gaveanews.com\/index.php\/wp-json\/wp\/v2\/posts\/227277\/revisions"}],"predecessor-version":[{"id":227308,"href":"https:\/\/www.gaveanews.com\/index.php\/wp-json\/wp\/v2\/posts\/227277\/revisions\/227308"}],"wp:featuredmedia":[{"embeddable":true,"href":"https:\/\/www.gaveanews.com\/index.php\/wp-json\/wp\/v2\/media\/47962"}],"wp:attachment":[{"href":"https:\/\/www.gaveanews.com\/index.php\/wp-json\/wp\/v2\/media?parent=227277"}],"wp:term":[{"taxonomy":"category","embeddable":true,"href":"https:\/\/www.gaveanews.com\/index.php\/wp-json\/wp\/v2\/categories?post=227277"},{"taxonomy":"post_tag","embeddable":true,"href":"https:\/\/www.gaveanews.com\/index.php\/wp-json\/wp\/v2\/tags?post=227277"}],"curies":[{"name":"wp","href":"https:\/\/api.w.org\/{rel}","templated":true}]}}