{"id":227291,"date":"2025-02-13T22:00:00","date_gmt":"2025-02-14T01:00:00","guid":{"rendered":"https:\/\/www.gaveanews.com\/?p=227291"},"modified":"2025-02-13T20:47:29","modified_gmt":"2025-02-13T23:47:29","slug":"confusao-em-flamengo-x-botafogo-repercute-no-exterior","status":"publish","type":"post","link":"https:\/\/www.gaveanews.com\/index.php\/2025\/02\/13\/confusao-em-flamengo-x-botafogo-repercute-no-exterior\/","title":{"rendered":"Confus\u00e3o em Flamengo x Botafogo repercute no exterior"},"content":{"rendered":"\n<p>O cl\u00e1ssico entre Flamengo e Botafogo, v\u00e1lido pelo Campeonato Carioca, disputado no Maracan\u00e3 na noite de quarta-feira (12), foi marcado por um incidente que gerou repercuss\u00e3o internacional. Al\u00e9m da vit\u00f3ria rubro-negra por 1 a 0, os acontecimentos p\u00f3s-jogo, que resultaram em uma briga generalizada entre os jogadores, chamaram a aten\u00e7\u00e3o da imprensa de diversos pa\u00edses. A confus\u00e3o foi t\u00e3o intensa que reverberou em publica\u00e7\u00f5es de renome mundial, como em Portugal, Argentina e Espanha.<\/p>\n\n\n\n<h2 class=\"wp-block-heading\" id=\"h-repercussao-internacional-da-briga\">Repercuss\u00e3o internacional da briga <\/h2>\n\n\n\n<p>Vale destacar que a situa\u00e7\u00e3o mais grave envolveu o zagueiro do Botafogo, Barboza, que foi atingido por Cleiton, do Flamengo, durante o tumulto em campo. Segundo o jornal A Bola, de Portugal, Barboza saiu do est\u00e1dio com um dente a menos ap\u00f3s o empurra-empurra entre os jogadores.&#8221;Ficou com sangue na boca e perdeu um dente&#8221;, destacou a publica\u00e7\u00e3o. <\/p>\n\n\n\n<p>A cena foi descrita como uma verdadeira batalha, que n\u00e3o terminou no apito final, mas seguiu para os vesti\u00e1rios, onde os \u00e2nimos se mantiveram elevados, com outro confronto entre os atletas.<\/p>\n\n\n\n<p>A confus\u00e3o teve uma repercuss\u00e3o mundial, com a imprensa de diferentes pa\u00edses tratando o epis\u00f3dio de formas intensas. O jornal Ol\u00e9, da Argentina, chamou a cena de &#8220;esc\u00e2ndalo&#8221;, considerando o impacto da briga no jogo e nas rela\u00e7\u00f5es entre os clubes. <\/p>\n\n\n\n<p>Na Espanha, o As classificou a briga como uma \u201cbatalha campal\u201d, enfatizando as tentativas de socos e os inumer\u00e1veis empurr\u00f5es que marcaram o desentendimento.<\/p>\n\n\n\n<h2 class=\"wp-block-heading\" id=\"h-a-origem-do-conflito\">A origem do conflito<\/h2>\n\n\n\n<p>Cabe ressaltar que a confus\u00e3o teve in\u00edcio ap\u00f3s uma poss\u00edvel provoca\u00e7\u00e3o de Bruno Henrique, do Flamengo, que gerou um desentendimento com Barboza, do Botafogo. Gerson, do Flamengo, tentou intervir para separar os jogadores, mas isso apenas intensificou os \u00e2nimos, desencadeando o tumulto que tomou conta do Maracan\u00e3. Al\u00e9m disso, com isso, os jogadores dos dois clubes se enfrentaram, causando o clima de tens\u00e3o tanto dentro quanto fora de campo.<\/p>\n","protected":false},"excerpt":{"rendered":"<p>O cl\u00e1ssico entre Flamengo e Botafogo, v\u00e1lido pelo Campeonato Carioca, disputado no Maracan\u00e3 na noite de quarta-feira (12), foi marcado por um incidente que gerou repercuss\u00e3o internacional. Al\u00e9m da vit\u00f3ria rubro-negra por 1 a 0, os acontecimentos p\u00f3s-jogo, que resultaram em uma briga generalizada entre os jogadores, chamaram a aten\u00e7\u00e3o da imprensa de diversos pa\u00edses. [&hellip;]<\/p>\n","protected":false},"author":24,"featured_media":227105,"comment_status":"open","ping_status":"closed","sticky":false,"template":"","format":"standard","meta":{"footnotes":""},"categories":[138,1],"tags":[],"class_list":["post-227291","post","type-post","status-publish","format-standard","has-post-thumbnail","hentry","category-botafogo","category-flamengo"],"yoast_head":"<!-- This site is optimized with the Yoast SEO Premium plugin v24.2 (Yoast SEO v26.9) - https:\/\/yoast.com\/product\/yoast-seo-premium-wordpress\/ -->\n<title>Confus\u00e3o em Flamengo x Botafogo repercute no exterior<\/title>\n<meta name=\"robots\" content=\"index, follow, max-snippet:-1, max-image-preview:large, max-video-preview:-1\" \/>\n<link rel=\"canonical\" href=\"https:\/\/www.gaveanews.com\/index.php\/2025\/02\/13\/confusao-em-flamengo-x-botafogo-repercute-no-exterior\/\" \/>\n<meta property=\"og:locale\" content=\"pt_BR\" \/>\n<meta property=\"og:type\" content=\"article\" \/>\n<meta property=\"og:title\" content=\"Confus\u00e3o em Flamengo x Botafogo repercute no exterior\" \/>\n<meta property=\"og:description\" content=\"O cl\u00e1ssico entre Flamengo e Botafogo, v\u00e1lido pelo Campeonato Carioca, disputado no Maracan\u00e3 na noite de quarta-feira (12), foi marcado por um incidente que gerou repercuss\u00e3o internacional. Al\u00e9m da vit\u00f3ria rubro-negra por 1 a 0, os acontecimentos p\u00f3s-jogo, que resultaram em uma briga generalizada entre os jogadores, chamaram a aten\u00e7\u00e3o da imprensa de diversos pa\u00edses. [&hellip;]\" \/>\n<meta property=\"og:url\" content=\"https:\/\/www.gaveanews.com\/index.php\/2025\/02\/13\/confusao-em-flamengo-x-botafogo-repercute-no-exterior\/\" \/>\n<meta property=\"og:site_name\" content=\"G\u00e1vea News\" \/>\n<meta property=\"article:publisher\" content=\"https:\/\/facebook.com\/gaveaNews\/\" \/>\n<meta property=\"article:published_time\" content=\"2025-02-14T01:00:00+00:00\" \/>\n<meta property=\"og:image\" content=\"https:\/\/www.gaveanews.com\/wp-content\/uploads\/Jogadores-brigam-em-Flamengo-x-Botafogo.webp\" \/>\n\t<meta property=\"og:image:width\" content=\"749\" \/>\n\t<meta property=\"og:image:height\" content=\"368\" \/>\n\t<meta property=\"og:image:type\" content=\"image\/jpeg\" \/>\n<meta name=\"author\" content=\"Leandro Cardoso\" \/>\n<meta name=\"twitter:card\" content=\"summary_large_image\" \/>\n<meta name=\"twitter:label1\" content=\"Escrito por\" \/>\n\t<meta name=\"twitter:data1\" content=\"Leandro Cardoso\" \/>\n\t<meta name=\"twitter:label2\" content=\"Est. tempo de leitura\" \/>\n\t<meta name=\"twitter:data2\" content=\"2 minutos\" \/>\n<script type=\"application\/ld+json\" class=\"yoast-schema-graph\">{\"@context\":\"https:\/\/schema.org\",\"@graph\":[{\"@type\":\"NewsArticle\",\"@id\":\"https:\/\/www.gaveanews.com\/index.php\/2025\/02\/13\/confusao-em-flamengo-x-botafogo-repercute-no-exterior\/#article\",\"isPartOf\":{\"@id\":\"https:\/\/www.gaveanews.com\/index.php\/2025\/02\/13\/confusao-em-flamengo-x-botafogo-repercute-no-exterior\/\"},\"author\":{\"name\":\"Leandro Cardoso\",\"@id\":\"https:\/\/www.gaveanews.com\/#\/schema\/person\/2424ec6409bc3f068411fc5e4e9b6168\"},\"headline\":\"Confus\u00e3o em Flamengo x Botafogo repercute no exterior\",\"datePublished\":\"2025-02-14T01:00:00+00:00\",\"mainEntityOfPage\":{\"@id\":\"https:\/\/www.gaveanews.com\/index.php\/2025\/02\/13\/confusao-em-flamengo-x-botafogo-repercute-no-exterior\/\"},\"wordCount\":344,\"commentCount\":0,\"image\":{\"@id\":\"https:\/\/www.gaveanews.com\/index.php\/2025\/02\/13\/confusao-em-flamengo-x-botafogo-repercute-no-exterior\/#primaryimage\"},\"thumbnailUrl\":\"https:\/\/www.gaveanews.com\/wp-content\/uploads\/Jogadores-brigam-em-Flamengo-x-Botafogo.webp\",\"articleSection\":[\"Botafogo\",\"Flamengo\"],\"inLanguage\":\"pt-BR\",\"potentialAction\":[{\"@type\":\"CommentAction\",\"name\":\"Comment\",\"target\":[\"https:\/\/www.gaveanews.com\/index.php\/2025\/02\/13\/confusao-em-flamengo-x-botafogo-repercute-no-exterior\/#respond\"]}],\"copyrightYear\":\"2025\",\"copyrightHolder\":{\"@id\":\"https:\/\/www.gaveanews.com\/#organization\"}},{\"@type\":\"WebPage\",\"@id\":\"https:\/\/www.gaveanews.com\/index.php\/2025\/02\/13\/confusao-em-flamengo-x-botafogo-repercute-no-exterior\/\",\"url\":\"https:\/\/www.gaveanews.com\/index.php\/2025\/02\/13\/confusao-em-flamengo-x-botafogo-repercute-no-exterior\/\",\"name\":\"Confus\u00e3o em Flamengo x Botafogo repercute no exterior\",\"isPartOf\":{\"@id\":\"https:\/\/www.gaveanews.com\/#website\"},\"primaryImageOfPage\":{\"@id\":\"https:\/\/www.gaveanews.com\/index.php\/2025\/02\/13\/confusao-em-flamengo-x-botafogo-repercute-no-exterior\/#primaryimage\"},\"image\":{\"@id\":\"https:\/\/www.gaveanews.com\/index.php\/2025\/02\/13\/confusao-em-flamengo-x-botafogo-repercute-no-exterior\/#primaryimage\"},\"thumbnailUrl\":\"https:\/\/www.gaveanews.com\/wp-content\/uploads\/Jogadores-brigam-em-Flamengo-x-Botafogo.webp\",\"datePublished\":\"2025-02-14T01:00:00+00:00\",\"author\":{\"@id\":\"https:\/\/www.gaveanews.com\/#\/schema\/person\/2424ec6409bc3f068411fc5e4e9b6168\"},\"breadcrumb\":{\"@id\":\"https:\/\/www.gaveanews.com\/index.php\/2025\/02\/13\/confusao-em-flamengo-x-botafogo-repercute-no-exterior\/#breadcrumb\"},\"inLanguage\":\"pt-BR\",\"potentialAction\":[{\"@type\":\"ReadAction\",\"target\":[\"https:\/\/www.gaveanews.com\/index.php\/2025\/02\/13\/confusao-em-flamengo-x-botafogo-repercute-no-exterior\/\"]}]},{\"@type\":\"ImageObject\",\"inLanguage\":\"pt-BR\",\"@id\":\"https:\/\/www.gaveanews.com\/index.php\/2025\/02\/13\/confusao-em-flamengo-x-botafogo-repercute-no-exterior\/#primaryimage\",\"url\":\"https:\/\/www.gaveanews.com\/wp-content\/uploads\/Jogadores-brigam-em-Flamengo-x-Botafogo.webp\",\"contentUrl\":\"https:\/\/www.gaveanews.com\/wp-content\/uploads\/Jogadores-brigam-em-Flamengo-x-Botafogo.webp\",\"width\":749,\"height\":368,\"caption\":\"Jogadores brigam em Flamengo x Botafogo (Foto: Reprodu\u00e7\u00e3o\/Premiere)\"},{\"@type\":\"BreadcrumbList\",\"@id\":\"https:\/\/www.gaveanews.com\/index.php\/2025\/02\/13\/confusao-em-flamengo-x-botafogo-repercute-no-exterior\/#breadcrumb\",\"itemListElement\":[{\"@type\":\"ListItem\",\"position\":1,\"name\":\"Home\",\"item\":\"https:\/\/www.gaveanews.com\/\"},{\"@type\":\"ListItem\",\"position\":2,\"name\":\"Confus\u00e3o em Flamengo x Botafogo repercute no exterior\"}]},{\"@type\":\"WebSite\",\"@id\":\"https:\/\/www.gaveanews.com\/#website\",\"url\":\"https:\/\/www.gaveanews.com\/\",\"name\":\"G\u00e1vea News\",\"description\":\"Veja todas as not\u00edcias sobre o Flamengo: Contrata\u00e7\u00f5es, categorias de base, resultados das partidas, tabela de classifica\u00e7\u00e3o, pr\u00f3ximos jogos!\",\"potentialAction\":[{\"@type\":\"SearchAction\",\"target\":{\"@type\":\"EntryPoint\",\"urlTemplate\":\"https:\/\/www.gaveanews.com\/?s={search_term_string}\"},\"query-input\":{\"@type\":\"PropertyValueSpecification\",\"valueRequired\":true,\"valueName\":\"search_term_string\"}}],\"inLanguage\":\"pt-BR\"},{\"@type\":\"Person\",\"@id\":\"https:\/\/www.gaveanews.com\/#\/schema\/person\/2424ec6409bc3f068411fc5e4e9b6168\",\"name\":\"Leandro Cardoso\",\"image\":{\"@type\":\"ImageObject\",\"inLanguage\":\"pt-BR\",\"@id\":\"https:\/\/www.gaveanews.com\/#\/schema\/person\/image\/\",\"url\":\"https:\/\/secure.gravatar.com\/avatar\/8ca179f9b55eefe9f376f5493ef25475bfa59fbc28ce937f6076ce20e523098f?s=96&d=mm&r=g\",\"contentUrl\":\"https:\/\/secure.gravatar.com\/avatar\/8ca179f9b55eefe9f376f5493ef25475bfa59fbc28ce937f6076ce20e523098f?s=96&d=mm&r=g\",\"caption\":\"Leandro Cardoso\"}}]}<\/script>\n<!-- \/ Yoast SEO Premium plugin. -->","yoast_head_json":{"title":"Confus\u00e3o em Flamengo x Botafogo repercute no exterior","robots":{"index":"index","follow":"follow","max-snippet":"max-snippet:-1","max-image-preview":"max-image-preview:large","max-video-preview":"max-video-preview:-1"},"canonical":"https:\/\/www.gaveanews.com\/index.php\/2025\/02\/13\/confusao-em-flamengo-x-botafogo-repercute-no-exterior\/","og_locale":"pt_BR","og_type":"article","og_title":"Confus\u00e3o em Flamengo x Botafogo repercute no exterior","og_description":"O cl\u00e1ssico entre Flamengo e Botafogo, v\u00e1lido pelo Campeonato Carioca, disputado no Maracan\u00e3 na noite de quarta-feira (12), foi marcado por um incidente que gerou repercuss\u00e3o internacional. Al\u00e9m da vit\u00f3ria rubro-negra por 1 a 0, os acontecimentos p\u00f3s-jogo, que resultaram em uma briga generalizada entre os jogadores, chamaram a aten\u00e7\u00e3o da imprensa de diversos pa\u00edses. [&hellip;]","og_url":"https:\/\/www.gaveanews.com\/index.php\/2025\/02\/13\/confusao-em-flamengo-x-botafogo-repercute-no-exterior\/","og_site_name":"G\u00e1vea News","article_publisher":"https:\/\/facebook.com\/gaveaNews\/","article_published_time":"2025-02-14T01:00:00+00:00","og_image":[{"width":749,"height":368,"url":"https:\/\/www.gaveanews.com\/wp-content\/uploads\/Jogadores-brigam-em-Flamengo-x-Botafogo.webp","type":"image\/jpeg"}],"author":"Leandro Cardoso","twitter_card":"summary_large_image","twitter_misc":{"Escrito por":"Leandro Cardoso","Est. tempo de leitura":"2 minutos"},"schema":{"@context":"https:\/\/schema.org","@graph":[{"@type":"NewsArticle","@id":"https:\/\/www.gaveanews.com\/index.php\/2025\/02\/13\/confusao-em-flamengo-x-botafogo-repercute-no-exterior\/#article","isPartOf":{"@id":"https:\/\/www.gaveanews.com\/index.php\/2025\/02\/13\/confusao-em-flamengo-x-botafogo-repercute-no-exterior\/"},"author":{"name":"Leandro Cardoso","@id":"https:\/\/www.gaveanews.com\/#\/schema\/person\/2424ec6409bc3f068411fc5e4e9b6168"},"headline":"Confus\u00e3o em Flamengo x Botafogo repercute no exterior","datePublished":"2025-02-14T01:00:00+00:00","mainEntityOfPage":{"@id":"https:\/\/www.gaveanews.com\/index.php\/2025\/02\/13\/confusao-em-flamengo-x-botafogo-repercute-no-exterior\/"},"wordCount":344,"commentCount":0,"image":{"@id":"https:\/\/www.gaveanews.com\/index.php\/2025\/02\/13\/confusao-em-flamengo-x-botafogo-repercute-no-exterior\/#primaryimage"},"thumbnailUrl":"https:\/\/www.gaveanews.com\/wp-content\/uploads\/Jogadores-brigam-em-Flamengo-x-Botafogo.webp","articleSection":["Botafogo","Flamengo"],"inLanguage":"pt-BR","potentialAction":[{"@type":"CommentAction","name":"Comment","target":["https:\/\/www.gaveanews.com\/index.php\/2025\/02\/13\/confusao-em-flamengo-x-botafogo-repercute-no-exterior\/#respond"]}],"copyrightYear":"2025","copyrightHolder":{"@id":"https:\/\/www.gaveanews.com\/#organization"}},{"@type":"WebPage","@id":"https:\/\/www.gaveanews.com\/index.php\/2025\/02\/13\/confusao-em-flamengo-x-botafogo-repercute-no-exterior\/","url":"https:\/\/www.gaveanews.com\/index.php\/2025\/02\/13\/confusao-em-flamengo-x-botafogo-repercute-no-exterior\/","name":"Confus\u00e3o em Flamengo x Botafogo repercute no exterior","isPartOf":{"@id":"https:\/\/www.gaveanews.com\/#website"},"primaryImageOfPage":{"@id":"https:\/\/www.gaveanews.com\/index.php\/2025\/02\/13\/confusao-em-flamengo-x-botafogo-repercute-no-exterior\/#primaryimage"},"image":{"@id":"https:\/\/www.gaveanews.com\/index.php\/2025\/02\/13\/confusao-em-flamengo-x-botafogo-repercute-no-exterior\/#primaryimage"},"thumbnailUrl":"https:\/\/www.gaveanews.com\/wp-content\/uploads\/Jogadores-brigam-em-Flamengo-x-Botafogo.webp","datePublished":"2025-02-14T01:00:00+00:00","author":{"@id":"https:\/\/www.gaveanews.com\/#\/schema\/person\/2424ec6409bc3f068411fc5e4e9b6168"},"breadcrumb":{"@id":"https:\/\/www.gaveanews.com\/index.php\/2025\/02\/13\/confusao-em-flamengo-x-botafogo-repercute-no-exterior\/#breadcrumb"},"inLanguage":"pt-BR","potentialAction":[{"@type":"ReadAction","target":["https:\/\/www.gaveanews.com\/index.php\/2025\/02\/13\/confusao-em-flamengo-x-botafogo-repercute-no-exterior\/"]}]},{"@type":"ImageObject","inLanguage":"pt-BR","@id":"https:\/\/www.gaveanews.com\/index.php\/2025\/02\/13\/confusao-em-flamengo-x-botafogo-repercute-no-exterior\/#primaryimage","url":"https:\/\/www.gaveanews.com\/wp-content\/uploads\/Jogadores-brigam-em-Flamengo-x-Botafogo.webp","contentUrl":"https:\/\/www.gaveanews.com\/wp-content\/uploads\/Jogadores-brigam-em-Flamengo-x-Botafogo.webp","width":749,"height":368,"caption":"Jogadores brigam em Flamengo x Botafogo (Foto: Reprodu\u00e7\u00e3o\/Premiere)"},{"@type":"BreadcrumbList","@id":"https:\/\/www.gaveanews.com\/index.php\/2025\/02\/13\/confusao-em-flamengo-x-botafogo-repercute-no-exterior\/#breadcrumb","itemListElement":[{"@type":"ListItem","position":1,"name":"Home","item":"https:\/\/www.gaveanews.com\/"},{"@type":"ListItem","position":2,"name":"Confus\u00e3o em Flamengo x Botafogo repercute no exterior"}]},{"@type":"WebSite","@id":"https:\/\/www.gaveanews.com\/#website","url":"https:\/\/www.gaveanews.com\/","name":"G\u00e1vea News","description":"Veja todas as not\u00edcias sobre o Flamengo: Contrata\u00e7\u00f5es, categorias de base, resultados das partidas, tabela de classifica\u00e7\u00e3o, pr\u00f3ximos jogos!","potentialAction":[{"@type":"SearchAction","target":{"@type":"EntryPoint","urlTemplate":"https:\/\/www.gaveanews.com\/?s={search_term_string}"},"query-input":{"@type":"PropertyValueSpecification","valueRequired":true,"valueName":"search_term_string"}}],"inLanguage":"pt-BR"},{"@type":"Person","@id":"https:\/\/www.gaveanews.com\/#\/schema\/person\/2424ec6409bc3f068411fc5e4e9b6168","name":"Leandro Cardoso","image":{"@type":"ImageObject","inLanguage":"pt-BR","@id":"https:\/\/www.gaveanews.com\/#\/schema\/person\/image\/","url":"https:\/\/secure.gravatar.com\/avatar\/8ca179f9b55eefe9f376f5493ef25475bfa59fbc28ce937f6076ce20e523098f?s=96&d=mm&r=g","contentUrl":"https:\/\/secure.gravatar.com\/avatar\/8ca179f9b55eefe9f376f5493ef25475bfa59fbc28ce937f6076ce20e523098f?s=96&d=mm&r=g","caption":"Leandro Cardoso"}}]}},"_links":{"self":[{"href":"https:\/\/www.gaveanews.com\/index.php\/wp-json\/wp\/v2\/posts\/227291","targetHints":{"allow":["GET"]}}],"collection":[{"href":"https:\/\/www.gaveanews.com\/index.php\/wp-json\/wp\/v2\/posts"}],"about":[{"href":"https:\/\/www.gaveanews.com\/index.php\/wp-json\/wp\/v2\/types\/post"}],"author":[{"embeddable":true,"href":"https:\/\/www.gaveanews.com\/index.php\/wp-json\/wp\/v2\/users\/24"}],"replies":[{"embeddable":true,"href":"https:\/\/www.gaveanews.com\/index.php\/wp-json\/wp\/v2\/comments?post=227291"}],"version-history":[{"count":2,"href":"https:\/\/www.gaveanews.com\/index.php\/wp-json\/wp\/v2\/posts\/227291\/revisions"}],"predecessor-version":[{"id":227295,"href":"https:\/\/www.gaveanews.com\/index.php\/wp-json\/wp\/v2\/posts\/227291\/revisions\/227295"}],"wp:featuredmedia":[{"embeddable":true,"href":"https:\/\/www.gaveanews.com\/index.php\/wp-json\/wp\/v2\/media\/227105"}],"wp:attachment":[{"href":"https:\/\/www.gaveanews.com\/index.php\/wp-json\/wp\/v2\/media?parent=227291"}],"wp:term":[{"taxonomy":"category","embeddable":true,"href":"https:\/\/www.gaveanews.com\/index.php\/wp-json\/wp\/v2\/categories?post=227291"},{"taxonomy":"post_tag","embeddable":true,"href":"https:\/\/www.gaveanews.com\/index.php\/wp-json\/wp\/v2\/tags?post=227291"}],"curies":[{"name":"wp","href":"https:\/\/api.w.org\/{rel}","templated":true}]}}