{"id":227303,"date":"2025-02-13T21:10:00","date_gmt":"2025-02-14T00:10:00","guid":{"rendered":"https:\/\/www.gaveanews.com\/?p=227303"},"modified":"2025-02-13T19:30:55","modified_gmt":"2025-02-13T22:30:55","slug":"a-declaracao-de-dalessandro-sobre-os-reforcos-do-internacional","status":"publish","type":"post","link":"https:\/\/www.gaveanews.com\/index.php\/2025\/02\/13\/a-declaracao-de-dalessandro-sobre-os-reforcos-do-internacional\/","title":{"rendered":"A declara\u00e7\u00e3o de D\u2019Alessandro sobre os refor\u00e7os do Internacional"},"content":{"rendered":"\n<p>Com o prazo para inscri\u00e7\u00e3o de novos jogadores no Campeonato Ga\u00facho se encerrando nesta sexta-feira (15), D\u2019Alessandro, diretor esportivo e \u00eddolo do Internacional, revelou os bastidores do clube no mercado da bola.&nbsp;<\/p>\n\n\n\n<p>Em entrevista, o ex-jogador detalhou as prioridades da equipe e as expectativas para refor\u00e7ar o elenco, sem perder a calma. Vale destacar que, apesar das movimenta\u00e7\u00f5es, o Inter busca uma estrat\u00e9gia criteriosa para qualificar o time sem comprometer a integridade financeira.<\/p>\n\n\n\n<h2 class=\"wp-block-heading\" id=\"h-reforcos-de-qualidade\">Refor\u00e7os de qualidade<\/h2>\n\n\n\n<p>D\u2019Alessandro fez quest\u00e3o de deixar claro que o Internacional est\u00e1 atento ao mercado, mas sem precipita\u00e7\u00e3o.&nbsp;<\/p>\n\n\n\n<p>\u201cO mercado ainda n\u00e3o fechou. N\u00f3s sabemos que existem posi\u00e7\u00f5es que temos de refor\u00e7ar. Mas n\u00e3o vamos entrar na loucura. Temos de ter um jogador que compita pela titularidade. Que acrescente qualidade\u201d, afirmou.&nbsp;<\/p>\n\n\n\n<p>Dessa maneira, a dire\u00e7\u00e3o do clube demonstra que, apesar de buscar refor\u00e7os, a prioridade \u00e9 adicionar atletas que realmente venham para disputar uma vaga no time titular, agregando qualidade ao elenco.<\/p>\n\n\n\n<p>Al\u00e9m disso, D\u2019Ale ressaltou que a necessidade de refor\u00e7os \u00e9 real, mas a cautela \u00e9 essencial para n\u00e3o fazer contrata\u00e7\u00f5es apressadas, que n\u00e3o se encaixem no perfil desejado por Roger Machado.&nbsp;<\/p>\n\n\n\n<h2 class=\"wp-block-heading\" id=\"h-foco-nas-semifinais\">Foco nas semifinais<\/h2>\n\n\n\n<p>Com a vit\u00f3ria sobre o S\u00e3o Luiz por 3 a 1, o Internacional garantiu sua classifica\u00e7\u00e3o para as semifinais do Campeonato Ga\u00facho. Sendo assim, a equipe segue com 17 pontos, liderando o Grupo B da competi\u00e7\u00e3o. A vit\u00f3ria tamb\u00e9m deu confian\u00e7a ao time, que busca a lideran\u00e7a no estado ap\u00f3s anos sem conquistas importantes.<\/p>\n\n\n\n<p>Apesar do bom desempenho, o treinador Roger Machado n\u00e3o poupou cr\u00edticas \u00e0 arbitragem.&nbsp;<\/p>\n\n\n\n<p>\u201cA arbitragem n\u00e3o teve o mesmo crit\u00e9rio. N\u00e3o vimos ser aplicado aos dois lados. A recupera\u00e7\u00e3o de partida para partida fica mais complexa\u201d, disse o treinador.<\/p>\n\n\n\n<p>Portanto, o Internacional segue focado no Gauch\u00e3o, com a aten\u00e7\u00e3o voltada tamb\u00e9m para o mercado de refor\u00e7os. O clube pretende seguir com um elenco competitivo, sem perder a cabe\u00e7a e priorizando jogadores de qualidade que possam agregar ao time titular.<\/p>\n","protected":false},"excerpt":{"rendered":"<p>Com o prazo para inscri\u00e7\u00e3o de novos jogadores no Campeonato Ga\u00facho se encerrando nesta sexta-feira (15), D\u2019Alessandro, diretor esportivo e \u00eddolo do Internacional, revelou os bastidores do clube no mercado da bola.&nbsp; Em entrevista, o ex-jogador detalhou as prioridades da equipe e as expectativas para refor\u00e7ar o elenco, sem perder a calma. Vale destacar que, [&hellip;]<\/p>\n","protected":false},"author":25,"featured_media":173600,"comment_status":"open","ping_status":"closed","sticky":false,"template":"","format":"standard","meta":{"footnotes":""},"categories":[148],"tags":[],"class_list":["post-227303","post","type-post","status-publish","format-standard","has-post-thumbnail","hentry","category-internacional"],"yoast_head":"<!-- This site is optimized with the Yoast SEO Premium plugin v24.2 (Yoast SEO v26.9) - https:\/\/yoast.com\/product\/yoast-seo-premium-wordpress\/ -->\n<title>A declara\u00e7\u00e3o de D\u2019Alessandro sobre os refor\u00e7os do Internacional<\/title>\n<meta name=\"robots\" content=\"index, follow, max-snippet:-1, max-image-preview:large, max-video-preview:-1\" \/>\n<link rel=\"canonical\" href=\"https:\/\/www.gaveanews.com\/index.php\/2025\/02\/13\/a-declaracao-de-dalessandro-sobre-os-reforcos-do-internacional\/\" \/>\n<meta property=\"og:locale\" content=\"pt_BR\" \/>\n<meta property=\"og:type\" content=\"article\" \/>\n<meta property=\"og:title\" content=\"A declara\u00e7\u00e3o de D\u2019Alessandro sobre os refor\u00e7os do Internacional\" \/>\n<meta property=\"og:description\" content=\"Com o prazo para inscri\u00e7\u00e3o de novos jogadores no Campeonato Ga\u00facho se encerrando nesta sexta-feira (15), D\u2019Alessandro, diretor esportivo e \u00eddolo do Internacional, revelou os bastidores do clube no mercado da bola.&nbsp; Em entrevista, o ex-jogador detalhou as prioridades da equipe e as expectativas para refor\u00e7ar o elenco, sem perder a calma. Vale destacar que, [&hellip;]\" \/>\n<meta property=\"og:url\" content=\"https:\/\/www.gaveanews.com\/index.php\/2025\/02\/13\/a-declaracao-de-dalessandro-sobre-os-reforcos-do-internacional\/\" \/>\n<meta property=\"og:site_name\" content=\"G\u00e1vea News\" \/>\n<meta property=\"article:publisher\" content=\"https:\/\/facebook.com\/gaveaNews\/\" \/>\n<meta property=\"article:published_time\" content=\"2025-02-14T00:10:00+00:00\" \/>\n<meta property=\"og:image\" content=\"https:\/\/www.gaveanews.com\/wp-content\/uploads\/Escudo-do-Internacional.webp\" \/>\n\t<meta property=\"og:image:width\" content=\"1728\" \/>\n\t<meta property=\"og:image:height\" content=\"1080\" \/>\n\t<meta property=\"og:image:type\" content=\"image\/webp\" \/>\n<meta name=\"author\" content=\"Rafaela Ladeira\" \/>\n<meta name=\"twitter:card\" content=\"summary_large_image\" \/>\n<meta name=\"twitter:label1\" content=\"Escrito por\" \/>\n\t<meta name=\"twitter:data1\" content=\"Rafaela Ladeira\" \/>\n\t<meta name=\"twitter:label2\" content=\"Est. tempo de leitura\" \/>\n\t<meta name=\"twitter:data2\" content=\"2 minutos\" \/>\n<script type=\"application\/ld+json\" class=\"yoast-schema-graph\">{\"@context\":\"https:\/\/schema.org\",\"@graph\":[{\"@type\":\"NewsArticle\",\"@id\":\"https:\/\/www.gaveanews.com\/index.php\/2025\/02\/13\/a-declaracao-de-dalessandro-sobre-os-reforcos-do-internacional\/#article\",\"isPartOf\":{\"@id\":\"https:\/\/www.gaveanews.com\/index.php\/2025\/02\/13\/a-declaracao-de-dalessandro-sobre-os-reforcos-do-internacional\/\"},\"author\":{\"name\":\"Rafaela Ladeira\",\"@id\":\"https:\/\/www.gaveanews.com\/#\/schema\/person\/0eb3e3fe1754f0205218538adbe8f5ed\"},\"headline\":\"A declara\u00e7\u00e3o de D\u2019Alessandro sobre os refor\u00e7os do Internacional\",\"datePublished\":\"2025-02-14T00:10:00+00:00\",\"mainEntityOfPage\":{\"@id\":\"https:\/\/www.gaveanews.com\/index.php\/2025\/02\/13\/a-declaracao-de-dalessandro-sobre-os-reforcos-do-internacional\/\"},\"wordCount\":376,\"commentCount\":0,\"image\":{\"@id\":\"https:\/\/www.gaveanews.com\/index.php\/2025\/02\/13\/a-declaracao-de-dalessandro-sobre-os-reforcos-do-internacional\/#primaryimage\"},\"thumbnailUrl\":\"https:\/\/www.gaveanews.com\/wp-content\/uploads\/Escudo-do-Internacional.webp\",\"articleSection\":[\"Internacional\"],\"inLanguage\":\"pt-BR\",\"potentialAction\":[{\"@type\":\"CommentAction\",\"name\":\"Comment\",\"target\":[\"https:\/\/www.gaveanews.com\/index.php\/2025\/02\/13\/a-declaracao-de-dalessandro-sobre-os-reforcos-do-internacional\/#respond\"]}],\"copyrightYear\":\"2025\",\"copyrightHolder\":{\"@id\":\"https:\/\/www.gaveanews.com\/#organization\"}},{\"@type\":\"WebPage\",\"@id\":\"https:\/\/www.gaveanews.com\/index.php\/2025\/02\/13\/a-declaracao-de-dalessandro-sobre-os-reforcos-do-internacional\/\",\"url\":\"https:\/\/www.gaveanews.com\/index.php\/2025\/02\/13\/a-declaracao-de-dalessandro-sobre-os-reforcos-do-internacional\/\",\"name\":\"A declara\u00e7\u00e3o de D\u2019Alessandro sobre os refor\u00e7os do Internacional\",\"isPartOf\":{\"@id\":\"https:\/\/www.gaveanews.com\/#website\"},\"primaryImageOfPage\":{\"@id\":\"https:\/\/www.gaveanews.com\/index.php\/2025\/02\/13\/a-declaracao-de-dalessandro-sobre-os-reforcos-do-internacional\/#primaryimage\"},\"image\":{\"@id\":\"https:\/\/www.gaveanews.com\/index.php\/2025\/02\/13\/a-declaracao-de-dalessandro-sobre-os-reforcos-do-internacional\/#primaryimage\"},\"thumbnailUrl\":\"https:\/\/www.gaveanews.com\/wp-content\/uploads\/Escudo-do-Internacional.webp\",\"datePublished\":\"2025-02-14T00:10:00+00:00\",\"author\":{\"@id\":\"https:\/\/www.gaveanews.com\/#\/schema\/person\/0eb3e3fe1754f0205218538adbe8f5ed\"},\"breadcrumb\":{\"@id\":\"https:\/\/www.gaveanews.com\/index.php\/2025\/02\/13\/a-declaracao-de-dalessandro-sobre-os-reforcos-do-internacional\/#breadcrumb\"},\"inLanguage\":\"pt-BR\",\"potentialAction\":[{\"@type\":\"ReadAction\",\"target\":[\"https:\/\/www.gaveanews.com\/index.php\/2025\/02\/13\/a-declaracao-de-dalessandro-sobre-os-reforcos-do-internacional\/\"]}]},{\"@type\":\"ImageObject\",\"inLanguage\":\"pt-BR\",\"@id\":\"https:\/\/www.gaveanews.com\/index.php\/2025\/02\/13\/a-declaracao-de-dalessandro-sobre-os-reforcos-do-internacional\/#primaryimage\",\"url\":\"https:\/\/www.gaveanews.com\/wp-content\/uploads\/Escudo-do-Internacional.webp\",\"contentUrl\":\"https:\/\/www.gaveanews.com\/wp-content\/uploads\/Escudo-do-Internacional.webp\",\"width\":1728,\"height\":1080,\"caption\":\"Escudo do Internacional (Foto: Reprodu\u00e7\u00e3o)\"},{\"@type\":\"BreadcrumbList\",\"@id\":\"https:\/\/www.gaveanews.com\/index.php\/2025\/02\/13\/a-declaracao-de-dalessandro-sobre-os-reforcos-do-internacional\/#breadcrumb\",\"itemListElement\":[{\"@type\":\"ListItem\",\"position\":1,\"name\":\"Home\",\"item\":\"https:\/\/www.gaveanews.com\/\"},{\"@type\":\"ListItem\",\"position\":2,\"name\":\"A declara\u00e7\u00e3o de D\u2019Alessandro sobre os refor\u00e7os do Internacional\"}]},{\"@type\":\"WebSite\",\"@id\":\"https:\/\/www.gaveanews.com\/#website\",\"url\":\"https:\/\/www.gaveanews.com\/\",\"name\":\"G\u00e1vea News\",\"description\":\"Veja todas as not\u00edcias sobre o Flamengo: Contrata\u00e7\u00f5es, categorias de base, resultados das partidas, tabela de classifica\u00e7\u00e3o, pr\u00f3ximos jogos!\",\"potentialAction\":[{\"@type\":\"SearchAction\",\"target\":{\"@type\":\"EntryPoint\",\"urlTemplate\":\"https:\/\/www.gaveanews.com\/?s={search_term_string}\"},\"query-input\":{\"@type\":\"PropertyValueSpecification\",\"valueRequired\":true,\"valueName\":\"search_term_string\"}}],\"inLanguage\":\"pt-BR\"},{\"@type\":\"Person\",\"@id\":\"https:\/\/www.gaveanews.com\/#\/schema\/person\/0eb3e3fe1754f0205218538adbe8f5ed\",\"name\":\"Rafaela Ladeira\",\"image\":{\"@type\":\"ImageObject\",\"inLanguage\":\"pt-BR\",\"@id\":\"https:\/\/www.gaveanews.com\/#\/schema\/person\/image\/\",\"url\":\"https:\/\/secure.gravatar.com\/avatar\/c31f513acffd85eacab5730cbdfdbbf59f21ba5aeada8cd890acea879fbb2455?s=96&d=mm&r=g\",\"contentUrl\":\"https:\/\/secure.gravatar.com\/avatar\/c31f513acffd85eacab5730cbdfdbbf59f21ba5aeada8cd890acea879fbb2455?s=96&d=mm&r=g\",\"caption\":\"Rafaela Ladeira\"}}]}<\/script>\n<!-- \/ Yoast SEO Premium plugin. -->","yoast_head_json":{"title":"A declara\u00e7\u00e3o de D\u2019Alessandro sobre os refor\u00e7os do Internacional","robots":{"index":"index","follow":"follow","max-snippet":"max-snippet:-1","max-image-preview":"max-image-preview:large","max-video-preview":"max-video-preview:-1"},"canonical":"https:\/\/www.gaveanews.com\/index.php\/2025\/02\/13\/a-declaracao-de-dalessandro-sobre-os-reforcos-do-internacional\/","og_locale":"pt_BR","og_type":"article","og_title":"A declara\u00e7\u00e3o de D\u2019Alessandro sobre os refor\u00e7os do Internacional","og_description":"Com o prazo para inscri\u00e7\u00e3o de novos jogadores no Campeonato Ga\u00facho se encerrando nesta sexta-feira (15), D\u2019Alessandro, diretor esportivo e \u00eddolo do Internacional, revelou os bastidores do clube no mercado da bola.&nbsp; Em entrevista, o ex-jogador detalhou as prioridades da equipe e as expectativas para refor\u00e7ar o elenco, sem perder a calma. Vale destacar que, [&hellip;]","og_url":"https:\/\/www.gaveanews.com\/index.php\/2025\/02\/13\/a-declaracao-de-dalessandro-sobre-os-reforcos-do-internacional\/","og_site_name":"G\u00e1vea News","article_publisher":"https:\/\/facebook.com\/gaveaNews\/","article_published_time":"2025-02-14T00:10:00+00:00","og_image":[{"width":1728,"height":1080,"url":"https:\/\/www.gaveanews.com\/wp-content\/uploads\/Escudo-do-Internacional.webp","type":"image\/webp"}],"author":"Rafaela Ladeira","twitter_card":"summary_large_image","twitter_misc":{"Escrito por":"Rafaela Ladeira","Est. tempo de leitura":"2 minutos"},"schema":{"@context":"https:\/\/schema.org","@graph":[{"@type":"NewsArticle","@id":"https:\/\/www.gaveanews.com\/index.php\/2025\/02\/13\/a-declaracao-de-dalessandro-sobre-os-reforcos-do-internacional\/#article","isPartOf":{"@id":"https:\/\/www.gaveanews.com\/index.php\/2025\/02\/13\/a-declaracao-de-dalessandro-sobre-os-reforcos-do-internacional\/"},"author":{"name":"Rafaela Ladeira","@id":"https:\/\/www.gaveanews.com\/#\/schema\/person\/0eb3e3fe1754f0205218538adbe8f5ed"},"headline":"A declara\u00e7\u00e3o de D\u2019Alessandro sobre os refor\u00e7os do Internacional","datePublished":"2025-02-14T00:10:00+00:00","mainEntityOfPage":{"@id":"https:\/\/www.gaveanews.com\/index.php\/2025\/02\/13\/a-declaracao-de-dalessandro-sobre-os-reforcos-do-internacional\/"},"wordCount":376,"commentCount":0,"image":{"@id":"https:\/\/www.gaveanews.com\/index.php\/2025\/02\/13\/a-declaracao-de-dalessandro-sobre-os-reforcos-do-internacional\/#primaryimage"},"thumbnailUrl":"https:\/\/www.gaveanews.com\/wp-content\/uploads\/Escudo-do-Internacional.webp","articleSection":["Internacional"],"inLanguage":"pt-BR","potentialAction":[{"@type":"CommentAction","name":"Comment","target":["https:\/\/www.gaveanews.com\/index.php\/2025\/02\/13\/a-declaracao-de-dalessandro-sobre-os-reforcos-do-internacional\/#respond"]}],"copyrightYear":"2025","copyrightHolder":{"@id":"https:\/\/www.gaveanews.com\/#organization"}},{"@type":"WebPage","@id":"https:\/\/www.gaveanews.com\/index.php\/2025\/02\/13\/a-declaracao-de-dalessandro-sobre-os-reforcos-do-internacional\/","url":"https:\/\/www.gaveanews.com\/index.php\/2025\/02\/13\/a-declaracao-de-dalessandro-sobre-os-reforcos-do-internacional\/","name":"A declara\u00e7\u00e3o de D\u2019Alessandro sobre os refor\u00e7os do Internacional","isPartOf":{"@id":"https:\/\/www.gaveanews.com\/#website"},"primaryImageOfPage":{"@id":"https:\/\/www.gaveanews.com\/index.php\/2025\/02\/13\/a-declaracao-de-dalessandro-sobre-os-reforcos-do-internacional\/#primaryimage"},"image":{"@id":"https:\/\/www.gaveanews.com\/index.php\/2025\/02\/13\/a-declaracao-de-dalessandro-sobre-os-reforcos-do-internacional\/#primaryimage"},"thumbnailUrl":"https:\/\/www.gaveanews.com\/wp-content\/uploads\/Escudo-do-Internacional.webp","datePublished":"2025-02-14T00:10:00+00:00","author":{"@id":"https:\/\/www.gaveanews.com\/#\/schema\/person\/0eb3e3fe1754f0205218538adbe8f5ed"},"breadcrumb":{"@id":"https:\/\/www.gaveanews.com\/index.php\/2025\/02\/13\/a-declaracao-de-dalessandro-sobre-os-reforcos-do-internacional\/#breadcrumb"},"inLanguage":"pt-BR","potentialAction":[{"@type":"ReadAction","target":["https:\/\/www.gaveanews.com\/index.php\/2025\/02\/13\/a-declaracao-de-dalessandro-sobre-os-reforcos-do-internacional\/"]}]},{"@type":"ImageObject","inLanguage":"pt-BR","@id":"https:\/\/www.gaveanews.com\/index.php\/2025\/02\/13\/a-declaracao-de-dalessandro-sobre-os-reforcos-do-internacional\/#primaryimage","url":"https:\/\/www.gaveanews.com\/wp-content\/uploads\/Escudo-do-Internacional.webp","contentUrl":"https:\/\/www.gaveanews.com\/wp-content\/uploads\/Escudo-do-Internacional.webp","width":1728,"height":1080,"caption":"Escudo do Internacional (Foto: Reprodu\u00e7\u00e3o)"},{"@type":"BreadcrumbList","@id":"https:\/\/www.gaveanews.com\/index.php\/2025\/02\/13\/a-declaracao-de-dalessandro-sobre-os-reforcos-do-internacional\/#breadcrumb","itemListElement":[{"@type":"ListItem","position":1,"name":"Home","item":"https:\/\/www.gaveanews.com\/"},{"@type":"ListItem","position":2,"name":"A declara\u00e7\u00e3o de D\u2019Alessandro sobre os refor\u00e7os do Internacional"}]},{"@type":"WebSite","@id":"https:\/\/www.gaveanews.com\/#website","url":"https:\/\/www.gaveanews.com\/","name":"G\u00e1vea News","description":"Veja todas as not\u00edcias sobre o Flamengo: Contrata\u00e7\u00f5es, categorias de base, resultados das partidas, tabela de classifica\u00e7\u00e3o, pr\u00f3ximos jogos!","potentialAction":[{"@type":"SearchAction","target":{"@type":"EntryPoint","urlTemplate":"https:\/\/www.gaveanews.com\/?s={search_term_string}"},"query-input":{"@type":"PropertyValueSpecification","valueRequired":true,"valueName":"search_term_string"}}],"inLanguage":"pt-BR"},{"@type":"Person","@id":"https:\/\/www.gaveanews.com\/#\/schema\/person\/0eb3e3fe1754f0205218538adbe8f5ed","name":"Rafaela Ladeira","image":{"@type":"ImageObject","inLanguage":"pt-BR","@id":"https:\/\/www.gaveanews.com\/#\/schema\/person\/image\/","url":"https:\/\/secure.gravatar.com\/avatar\/c31f513acffd85eacab5730cbdfdbbf59f21ba5aeada8cd890acea879fbb2455?s=96&d=mm&r=g","contentUrl":"https:\/\/secure.gravatar.com\/avatar\/c31f513acffd85eacab5730cbdfdbbf59f21ba5aeada8cd890acea879fbb2455?s=96&d=mm&r=g","caption":"Rafaela Ladeira"}}]}},"_links":{"self":[{"href":"https:\/\/www.gaveanews.com\/index.php\/wp-json\/wp\/v2\/posts\/227303","targetHints":{"allow":["GET"]}}],"collection":[{"href":"https:\/\/www.gaveanews.com\/index.php\/wp-json\/wp\/v2\/posts"}],"about":[{"href":"https:\/\/www.gaveanews.com\/index.php\/wp-json\/wp\/v2\/types\/post"}],"author":[{"embeddable":true,"href":"https:\/\/www.gaveanews.com\/index.php\/wp-json\/wp\/v2\/users\/25"}],"replies":[{"embeddable":true,"href":"https:\/\/www.gaveanews.com\/index.php\/wp-json\/wp\/v2\/comments?post=227303"}],"version-history":[{"count":1,"href":"https:\/\/www.gaveanews.com\/index.php\/wp-json\/wp\/v2\/posts\/227303\/revisions"}],"predecessor-version":[{"id":227305,"href":"https:\/\/www.gaveanews.com\/index.php\/wp-json\/wp\/v2\/posts\/227303\/revisions\/227305"}],"wp:featuredmedia":[{"embeddable":true,"href":"https:\/\/www.gaveanews.com\/index.php\/wp-json\/wp\/v2\/media\/173600"}],"wp:attachment":[{"href":"https:\/\/www.gaveanews.com\/index.php\/wp-json\/wp\/v2\/media?parent=227303"}],"wp:term":[{"taxonomy":"category","embeddable":true,"href":"https:\/\/www.gaveanews.com\/index.php\/wp-json\/wp\/v2\/categories?post=227303"},{"taxonomy":"post_tag","embeddable":true,"href":"https:\/\/www.gaveanews.com\/index.php\/wp-json\/wp\/v2\/tags?post=227303"}],"curies":[{"name":"wp","href":"https:\/\/api.w.org\/{rel}","templated":true}]}}