{"id":227605,"date":"2025-02-14T13:55:00","date_gmt":"2025-02-14T16:55:00","guid":{"rendered":"https:\/\/www.gaveanews.com\/?p=227605"},"modified":"2025-02-14T13:38:57","modified_gmt":"2025-02-14T16:38:57","slug":"fernando-seabra-e-sincero-e-revela-preocupacao-no-bragantino","status":"publish","type":"post","link":"https:\/\/www.gaveanews.com\/index.php\/2025\/02\/14\/fernando-seabra-e-sincero-e-revela-preocupacao-no-bragantino\/","title":{"rendered":"Fernando Seabra \u00e9 sincero e revela preocupa\u00e7\u00e3o no Bragantino"},"content":{"rendered":"\n<p>Fernando Seabra, t\u00e9cnico do Bragantino, manifestou preocupa\u00e7\u00e3o com a inconsist\u00eancia do time ap\u00f3s a partida contra o Botafogo-SP, na \u00faltima ter\u00e7a-feira (11). Embora o desempenho contra o S\u00e3o Paulo tenha sido positivo, o treinador classificou o rendimento no confronto mais recente como abaixo do esperado. <\/p>\n\n\n\n<p>Nesse sentido, ele destacou falhas na constru\u00e7\u00e3o de jogadas, na produtividade e na cria\u00e7\u00e3o de chances claras de gol. &#8220;Nosso desempenho foi abaixo em rela\u00e7\u00e3o \u00e0 consist\u00eancia de constru\u00e7\u00e3o, produtividade, de chances de gol. Um primeiro tempo de muitos erros, gerando contra-ataques. Realmente, a inconsist\u00eancia de um jogo para o outro preocupa (do jogo contra o S\u00e3o Paulo para contra o Botafogo-SP)&#8221;, disparou.<\/p>\n\n\n\n<p>Seabra atribuiu o in\u00edcio irregular da temporada a fatores como a pr\u00e9-temporada curta e as mudan\u00e7as significativas no elenco. Ele comparou a prepara\u00e7\u00e3o do Botafogo-SP, que iniciou os treinos em 12 de dezembro, com a do Massa Bruta, que teve menos tempo para ajustes.<\/p>\n\n\n\n<p>O treinador explicou que equipes com per\u00edodos de descanso semelhantes tamb\u00e9m enfrentaram dificuldades, mesmo em vit\u00f3rias. Ele enfatizou a import\u00e2ncia do tempo para consolidar o trabalho t\u00e9cnico, fortalecer os v\u00ednculos entre os jogadores e adaptar-se \u00e0s demandas competitivas. <\/p>\n\n\n\n<p>Apesar dos desafios, Seabra afirmou que o vesti\u00e1rio est\u00e1 ganhando vitalidade, mas refor\u00e7ou que o processo exige paci\u00eancia. &#8220;Do ponto de vista de temporada, estamos passando por per\u00edodos iniciais j\u00e1 competindo e enfrentando equipes que j\u00e1 vinham se preparando h\u00e1 mais tempo&#8221;, comentou.<\/p>\n\n\n\n<h2 class=\"wp-block-heading\" id=\"h-treinador-fala-sobre-risco-de-rebaixamento\">Treinador fala sobre risco de rebaixamento <\/h2>\n\n\n\n<p>Sobre o risco de rebaixamento e as chances de classifica\u00e7\u00e3o, o t\u00e9cnico adotou uma postura equilibrada. Ele declarou que o foco principal \u00e9 garantir a classifica\u00e7\u00e3o, o que naturalmente afastaria o time da zona de degola. <\/p>\n\n\n\n<p>&#8220;Estamos focados me buscar a classifica\u00e7\u00e3o e, automaticamente, nos afastar da situa\u00e7\u00e3o incomoda de rebaixamento. Uma coisa \u00e9 consequ\u00eancia da outra. Temos que encarar esse desafio duplo. Sendo s\u00e9rio e realista, mas temos condi\u00e7\u00f5es de conseguir a classifica\u00e7\u00e3o, conseguir o objetivo. Temos condi\u00e7\u00f5es para isso&#8221;, declarou.<\/p>\n","protected":false},"excerpt":{"rendered":"<p>Fernando Seabra, t\u00e9cnico do Bragantino, manifestou preocupa\u00e7\u00e3o com a inconsist\u00eancia do time ap\u00f3s a partida contra o Botafogo-SP, na \u00faltima ter\u00e7a-feira (11). Embora o desempenho contra o S\u00e3o Paulo tenha sido positivo, o treinador classificou o rendimento no confronto mais recente como abaixo do esperado. Nesse sentido, ele destacou falhas na constru\u00e7\u00e3o de jogadas, na [&hellip;]<\/p>\n","protected":false},"author":28,"featured_media":188648,"comment_status":"open","ping_status":"closed","sticky":false,"template":"","format":"standard","meta":{"footnotes":""},"categories":[140],"tags":[],"class_list":["post-227605","post","type-post","status-publish","format-standard","has-post-thumbnail","hentry","category-bragantino"],"yoast_head":"<!-- This site is optimized with the Yoast SEO Premium plugin v24.2 (Yoast SEO v26.9) - https:\/\/yoast.com\/product\/yoast-seo-premium-wordpress\/ -->\n<title>Fernando Seabra \u00e9 sincero e revela preocupa\u00e7\u00e3o no Bragantino<\/title>\n<meta name=\"robots\" content=\"index, follow, max-snippet:-1, max-image-preview:large, max-video-preview:-1\" \/>\n<link rel=\"canonical\" href=\"https:\/\/www.gaveanews.com\/index.php\/2025\/02\/14\/fernando-seabra-e-sincero-e-revela-preocupacao-no-bragantino\/\" \/>\n<meta property=\"og:locale\" content=\"pt_BR\" \/>\n<meta property=\"og:type\" content=\"article\" \/>\n<meta property=\"og:title\" content=\"Fernando Seabra \u00e9 sincero e revela preocupa\u00e7\u00e3o no Bragantino\" \/>\n<meta property=\"og:description\" content=\"Fernando Seabra, t\u00e9cnico do Bragantino, manifestou preocupa\u00e7\u00e3o com a inconsist\u00eancia do time ap\u00f3s a partida contra o Botafogo-SP, na \u00faltima ter\u00e7a-feira (11). Embora o desempenho contra o S\u00e3o Paulo tenha sido positivo, o treinador classificou o rendimento no confronto mais recente como abaixo do esperado. Nesse sentido, ele destacou falhas na constru\u00e7\u00e3o de jogadas, na [&hellip;]\" \/>\n<meta property=\"og:url\" content=\"https:\/\/www.gaveanews.com\/index.php\/2025\/02\/14\/fernando-seabra-e-sincero-e-revela-preocupacao-no-bragantino\/\" \/>\n<meta property=\"og:site_name\" content=\"G\u00e1vea News\" \/>\n<meta property=\"article:publisher\" content=\"https:\/\/facebook.com\/gaveaNews\/\" \/>\n<meta property=\"article:published_time\" content=\"2025-02-14T16:55:00+00:00\" \/>\n<meta property=\"og:image\" content=\"https:\/\/www.gaveanews.com\/wp-content\/uploads\/Fernando-Seabra-pelo-Bragantino.webp\" \/>\n\t<meta property=\"og:image:width\" content=\"1103\" \/>\n\t<meta property=\"og:image:height\" content=\"800\" \/>\n\t<meta property=\"og:image:type\" content=\"image\/jpeg\" \/>\n<meta name=\"author\" content=\"Hudson Pereira\" \/>\n<meta name=\"twitter:card\" content=\"summary_large_image\" \/>\n<meta name=\"twitter:label1\" content=\"Escrito por\" \/>\n\t<meta name=\"twitter:data1\" content=\"Hudson Pereira\" \/>\n\t<meta name=\"twitter:label2\" content=\"Est. tempo de leitura\" \/>\n\t<meta name=\"twitter:data2\" content=\"2 minutos\" \/>\n<script type=\"application\/ld+json\" class=\"yoast-schema-graph\">{\"@context\":\"https:\/\/schema.org\",\"@graph\":[{\"@type\":\"NewsArticle\",\"@id\":\"https:\/\/www.gaveanews.com\/index.php\/2025\/02\/14\/fernando-seabra-e-sincero-e-revela-preocupacao-no-bragantino\/#article\",\"isPartOf\":{\"@id\":\"https:\/\/www.gaveanews.com\/index.php\/2025\/02\/14\/fernando-seabra-e-sincero-e-revela-preocupacao-no-bragantino\/\"},\"author\":{\"name\":\"Hudson Pereira\",\"@id\":\"https:\/\/www.gaveanews.com\/#\/schema\/person\/bd08f00534b403119b92741a6d469ef0\"},\"headline\":\"Fernando Seabra \u00e9 sincero e revela preocupa\u00e7\u00e3o no Bragantino\",\"datePublished\":\"2025-02-14T16:55:00+00:00\",\"mainEntityOfPage\":{\"@id\":\"https:\/\/www.gaveanews.com\/index.php\/2025\/02\/14\/fernando-seabra-e-sincero-e-revela-preocupacao-no-bragantino\/\"},\"wordCount\":362,\"commentCount\":0,\"image\":{\"@id\":\"https:\/\/www.gaveanews.com\/index.php\/2025\/02\/14\/fernando-seabra-e-sincero-e-revela-preocupacao-no-bragantino\/#primaryimage\"},\"thumbnailUrl\":\"https:\/\/www.gaveanews.com\/wp-content\/uploads\/Fernando-Seabra-pelo-Bragantino.webp\",\"articleSection\":[\"Bragantino\"],\"inLanguage\":\"pt-BR\",\"potentialAction\":[{\"@type\":\"CommentAction\",\"name\":\"Comment\",\"target\":[\"https:\/\/www.gaveanews.com\/index.php\/2025\/02\/14\/fernando-seabra-e-sincero-e-revela-preocupacao-no-bragantino\/#respond\"]}],\"copyrightYear\":\"2025\",\"copyrightHolder\":{\"@id\":\"https:\/\/www.gaveanews.com\/#organization\"}},{\"@type\":\"WebPage\",\"@id\":\"https:\/\/www.gaveanews.com\/index.php\/2025\/02\/14\/fernando-seabra-e-sincero-e-revela-preocupacao-no-bragantino\/\",\"url\":\"https:\/\/www.gaveanews.com\/index.php\/2025\/02\/14\/fernando-seabra-e-sincero-e-revela-preocupacao-no-bragantino\/\",\"name\":\"Fernando Seabra \u00e9 sincero e revela preocupa\u00e7\u00e3o no Bragantino\",\"isPartOf\":{\"@id\":\"https:\/\/www.gaveanews.com\/#website\"},\"primaryImageOfPage\":{\"@id\":\"https:\/\/www.gaveanews.com\/index.php\/2025\/02\/14\/fernando-seabra-e-sincero-e-revela-preocupacao-no-bragantino\/#primaryimage\"},\"image\":{\"@id\":\"https:\/\/www.gaveanews.com\/index.php\/2025\/02\/14\/fernando-seabra-e-sincero-e-revela-preocupacao-no-bragantino\/#primaryimage\"},\"thumbnailUrl\":\"https:\/\/www.gaveanews.com\/wp-content\/uploads\/Fernando-Seabra-pelo-Bragantino.webp\",\"datePublished\":\"2025-02-14T16:55:00+00:00\",\"author\":{\"@id\":\"https:\/\/www.gaveanews.com\/#\/schema\/person\/bd08f00534b403119b92741a6d469ef0\"},\"breadcrumb\":{\"@id\":\"https:\/\/www.gaveanews.com\/index.php\/2025\/02\/14\/fernando-seabra-e-sincero-e-revela-preocupacao-no-bragantino\/#breadcrumb\"},\"inLanguage\":\"pt-BR\",\"potentialAction\":[{\"@type\":\"ReadAction\",\"target\":[\"https:\/\/www.gaveanews.com\/index.php\/2025\/02\/14\/fernando-seabra-e-sincero-e-revela-preocupacao-no-bragantino\/\"]}]},{\"@type\":\"ImageObject\",\"inLanguage\":\"pt-BR\",\"@id\":\"https:\/\/www.gaveanews.com\/index.php\/2025\/02\/14\/fernando-seabra-e-sincero-e-revela-preocupacao-no-bragantino\/#primaryimage\",\"url\":\"https:\/\/www.gaveanews.com\/wp-content\/uploads\/Fernando-Seabra-pelo-Bragantino.webp\",\"contentUrl\":\"https:\/\/www.gaveanews.com\/wp-content\/uploads\/Fernando-Seabra-pelo-Bragantino.webp\",\"width\":1103,\"height\":800,\"caption\":\"Fernando Seabra pelo Bragantino (Foto: Reprodu\u00e7\u00e3o\/Bragantino)\"},{\"@type\":\"BreadcrumbList\",\"@id\":\"https:\/\/www.gaveanews.com\/index.php\/2025\/02\/14\/fernando-seabra-e-sincero-e-revela-preocupacao-no-bragantino\/#breadcrumb\",\"itemListElement\":[{\"@type\":\"ListItem\",\"position\":1,\"name\":\"Home\",\"item\":\"https:\/\/www.gaveanews.com\/\"},{\"@type\":\"ListItem\",\"position\":2,\"name\":\"Fernando Seabra \u00e9 sincero e revela preocupa\u00e7\u00e3o no Bragantino\"}]},{\"@type\":\"WebSite\",\"@id\":\"https:\/\/www.gaveanews.com\/#website\",\"url\":\"https:\/\/www.gaveanews.com\/\",\"name\":\"G\u00e1vea News\",\"description\":\"Veja todas as not\u00edcias sobre o Flamengo: Contrata\u00e7\u00f5es, categorias de base, resultados das partidas, tabela de classifica\u00e7\u00e3o, pr\u00f3ximos jogos!\",\"potentialAction\":[{\"@type\":\"SearchAction\",\"target\":{\"@type\":\"EntryPoint\",\"urlTemplate\":\"https:\/\/www.gaveanews.com\/?s={search_term_string}\"},\"query-input\":{\"@type\":\"PropertyValueSpecification\",\"valueRequired\":true,\"valueName\":\"search_term_string\"}}],\"inLanguage\":\"pt-BR\"},{\"@type\":\"Person\",\"@id\":\"https:\/\/www.gaveanews.com\/#\/schema\/person\/bd08f00534b403119b92741a6d469ef0\",\"name\":\"Hudson Pereira\",\"image\":{\"@type\":\"ImageObject\",\"inLanguage\":\"pt-BR\",\"@id\":\"https:\/\/www.gaveanews.com\/#\/schema\/person\/image\/\",\"url\":\"https:\/\/secure.gravatar.com\/avatar\/ecc491b489e454e510efffc9b23c1052ce5fb4f2e05555768ba65819cd55f03e?s=96&d=mm&r=g\",\"contentUrl\":\"https:\/\/secure.gravatar.com\/avatar\/ecc491b489e454e510efffc9b23c1052ce5fb4f2e05555768ba65819cd55f03e?s=96&d=mm&r=g\",\"caption\":\"Hudson Pereira\"}}]}<\/script>\n<!-- \/ Yoast SEO Premium plugin. -->","yoast_head_json":{"title":"Fernando Seabra \u00e9 sincero e revela preocupa\u00e7\u00e3o no Bragantino","robots":{"index":"index","follow":"follow","max-snippet":"max-snippet:-1","max-image-preview":"max-image-preview:large","max-video-preview":"max-video-preview:-1"},"canonical":"https:\/\/www.gaveanews.com\/index.php\/2025\/02\/14\/fernando-seabra-e-sincero-e-revela-preocupacao-no-bragantino\/","og_locale":"pt_BR","og_type":"article","og_title":"Fernando Seabra \u00e9 sincero e revela preocupa\u00e7\u00e3o no Bragantino","og_description":"Fernando Seabra, t\u00e9cnico do Bragantino, manifestou preocupa\u00e7\u00e3o com a inconsist\u00eancia do time ap\u00f3s a partida contra o Botafogo-SP, na \u00faltima ter\u00e7a-feira (11). Embora o desempenho contra o S\u00e3o Paulo tenha sido positivo, o treinador classificou o rendimento no confronto mais recente como abaixo do esperado. Nesse sentido, ele destacou falhas na constru\u00e7\u00e3o de jogadas, na [&hellip;]","og_url":"https:\/\/www.gaveanews.com\/index.php\/2025\/02\/14\/fernando-seabra-e-sincero-e-revela-preocupacao-no-bragantino\/","og_site_name":"G\u00e1vea News","article_publisher":"https:\/\/facebook.com\/gaveaNews\/","article_published_time":"2025-02-14T16:55:00+00:00","og_image":[{"width":1103,"height":800,"url":"https:\/\/www.gaveanews.com\/wp-content\/uploads\/Fernando-Seabra-pelo-Bragantino.webp","type":"image\/jpeg"}],"author":"Hudson Pereira","twitter_card":"summary_large_image","twitter_misc":{"Escrito por":"Hudson Pereira","Est. tempo de leitura":"2 minutos"},"schema":{"@context":"https:\/\/schema.org","@graph":[{"@type":"NewsArticle","@id":"https:\/\/www.gaveanews.com\/index.php\/2025\/02\/14\/fernando-seabra-e-sincero-e-revela-preocupacao-no-bragantino\/#article","isPartOf":{"@id":"https:\/\/www.gaveanews.com\/index.php\/2025\/02\/14\/fernando-seabra-e-sincero-e-revela-preocupacao-no-bragantino\/"},"author":{"name":"Hudson Pereira","@id":"https:\/\/www.gaveanews.com\/#\/schema\/person\/bd08f00534b403119b92741a6d469ef0"},"headline":"Fernando Seabra \u00e9 sincero e revela preocupa\u00e7\u00e3o no Bragantino","datePublished":"2025-02-14T16:55:00+00:00","mainEntityOfPage":{"@id":"https:\/\/www.gaveanews.com\/index.php\/2025\/02\/14\/fernando-seabra-e-sincero-e-revela-preocupacao-no-bragantino\/"},"wordCount":362,"commentCount":0,"image":{"@id":"https:\/\/www.gaveanews.com\/index.php\/2025\/02\/14\/fernando-seabra-e-sincero-e-revela-preocupacao-no-bragantino\/#primaryimage"},"thumbnailUrl":"https:\/\/www.gaveanews.com\/wp-content\/uploads\/Fernando-Seabra-pelo-Bragantino.webp","articleSection":["Bragantino"],"inLanguage":"pt-BR","potentialAction":[{"@type":"CommentAction","name":"Comment","target":["https:\/\/www.gaveanews.com\/index.php\/2025\/02\/14\/fernando-seabra-e-sincero-e-revela-preocupacao-no-bragantino\/#respond"]}],"copyrightYear":"2025","copyrightHolder":{"@id":"https:\/\/www.gaveanews.com\/#organization"}},{"@type":"WebPage","@id":"https:\/\/www.gaveanews.com\/index.php\/2025\/02\/14\/fernando-seabra-e-sincero-e-revela-preocupacao-no-bragantino\/","url":"https:\/\/www.gaveanews.com\/index.php\/2025\/02\/14\/fernando-seabra-e-sincero-e-revela-preocupacao-no-bragantino\/","name":"Fernando Seabra \u00e9 sincero e revela preocupa\u00e7\u00e3o no Bragantino","isPartOf":{"@id":"https:\/\/www.gaveanews.com\/#website"},"primaryImageOfPage":{"@id":"https:\/\/www.gaveanews.com\/index.php\/2025\/02\/14\/fernando-seabra-e-sincero-e-revela-preocupacao-no-bragantino\/#primaryimage"},"image":{"@id":"https:\/\/www.gaveanews.com\/index.php\/2025\/02\/14\/fernando-seabra-e-sincero-e-revela-preocupacao-no-bragantino\/#primaryimage"},"thumbnailUrl":"https:\/\/www.gaveanews.com\/wp-content\/uploads\/Fernando-Seabra-pelo-Bragantino.webp","datePublished":"2025-02-14T16:55:00+00:00","author":{"@id":"https:\/\/www.gaveanews.com\/#\/schema\/person\/bd08f00534b403119b92741a6d469ef0"},"breadcrumb":{"@id":"https:\/\/www.gaveanews.com\/index.php\/2025\/02\/14\/fernando-seabra-e-sincero-e-revela-preocupacao-no-bragantino\/#breadcrumb"},"inLanguage":"pt-BR","potentialAction":[{"@type":"ReadAction","target":["https:\/\/www.gaveanews.com\/index.php\/2025\/02\/14\/fernando-seabra-e-sincero-e-revela-preocupacao-no-bragantino\/"]}]},{"@type":"ImageObject","inLanguage":"pt-BR","@id":"https:\/\/www.gaveanews.com\/index.php\/2025\/02\/14\/fernando-seabra-e-sincero-e-revela-preocupacao-no-bragantino\/#primaryimage","url":"https:\/\/www.gaveanews.com\/wp-content\/uploads\/Fernando-Seabra-pelo-Bragantino.webp","contentUrl":"https:\/\/www.gaveanews.com\/wp-content\/uploads\/Fernando-Seabra-pelo-Bragantino.webp","width":1103,"height":800,"caption":"Fernando Seabra pelo Bragantino (Foto: Reprodu\u00e7\u00e3o\/Bragantino)"},{"@type":"BreadcrumbList","@id":"https:\/\/www.gaveanews.com\/index.php\/2025\/02\/14\/fernando-seabra-e-sincero-e-revela-preocupacao-no-bragantino\/#breadcrumb","itemListElement":[{"@type":"ListItem","position":1,"name":"Home","item":"https:\/\/www.gaveanews.com\/"},{"@type":"ListItem","position":2,"name":"Fernando Seabra \u00e9 sincero e revela preocupa\u00e7\u00e3o no Bragantino"}]},{"@type":"WebSite","@id":"https:\/\/www.gaveanews.com\/#website","url":"https:\/\/www.gaveanews.com\/","name":"G\u00e1vea News","description":"Veja todas as not\u00edcias sobre o Flamengo: Contrata\u00e7\u00f5es, categorias de base, resultados das partidas, tabela de classifica\u00e7\u00e3o, pr\u00f3ximos jogos!","potentialAction":[{"@type":"SearchAction","target":{"@type":"EntryPoint","urlTemplate":"https:\/\/www.gaveanews.com\/?s={search_term_string}"},"query-input":{"@type":"PropertyValueSpecification","valueRequired":true,"valueName":"search_term_string"}}],"inLanguage":"pt-BR"},{"@type":"Person","@id":"https:\/\/www.gaveanews.com\/#\/schema\/person\/bd08f00534b403119b92741a6d469ef0","name":"Hudson Pereira","image":{"@type":"ImageObject","inLanguage":"pt-BR","@id":"https:\/\/www.gaveanews.com\/#\/schema\/person\/image\/","url":"https:\/\/secure.gravatar.com\/avatar\/ecc491b489e454e510efffc9b23c1052ce5fb4f2e05555768ba65819cd55f03e?s=96&d=mm&r=g","contentUrl":"https:\/\/secure.gravatar.com\/avatar\/ecc491b489e454e510efffc9b23c1052ce5fb4f2e05555768ba65819cd55f03e?s=96&d=mm&r=g","caption":"Hudson Pereira"}}]}},"_links":{"self":[{"href":"https:\/\/www.gaveanews.com\/index.php\/wp-json\/wp\/v2\/posts\/227605","targetHints":{"allow":["GET"]}}],"collection":[{"href":"https:\/\/www.gaveanews.com\/index.php\/wp-json\/wp\/v2\/posts"}],"about":[{"href":"https:\/\/www.gaveanews.com\/index.php\/wp-json\/wp\/v2\/types\/post"}],"author":[{"embeddable":true,"href":"https:\/\/www.gaveanews.com\/index.php\/wp-json\/wp\/v2\/users\/28"}],"replies":[{"embeddable":true,"href":"https:\/\/www.gaveanews.com\/index.php\/wp-json\/wp\/v2\/comments?post=227605"}],"version-history":[{"count":1,"href":"https:\/\/www.gaveanews.com\/index.php\/wp-json\/wp\/v2\/posts\/227605\/revisions"}],"predecessor-version":[{"id":227614,"href":"https:\/\/www.gaveanews.com\/index.php\/wp-json\/wp\/v2\/posts\/227605\/revisions\/227614"}],"wp:featuredmedia":[{"embeddable":true,"href":"https:\/\/www.gaveanews.com\/index.php\/wp-json\/wp\/v2\/media\/188648"}],"wp:attachment":[{"href":"https:\/\/www.gaveanews.com\/index.php\/wp-json\/wp\/v2\/media?parent=227605"}],"wp:term":[{"taxonomy":"category","embeddable":true,"href":"https:\/\/www.gaveanews.com\/index.php\/wp-json\/wp\/v2\/categories?post=227605"},{"taxonomy":"post_tag","embeddable":true,"href":"https:\/\/www.gaveanews.com\/index.php\/wp-json\/wp\/v2\/tags?post=227605"}],"curies":[{"name":"wp","href":"https:\/\/api.w.org\/{rel}","templated":true}]}}