{"id":227621,"date":"2025-02-14T06:15:00","date_gmt":"2025-02-14T09:15:00","guid":{"rendered":"https:\/\/www.gaveanews.com\/?p=227621"},"modified":"2025-02-14T03:15:39","modified_gmt":"2025-02-14T06:15:39","slug":"declaracao-de-rafael-sobis-renovacao-de-matheus-pereira-e-as-contratacoes-do-brasileirao-serie-a-as-ultimas-noticias-do-cruzeiro","status":"publish","type":"post","link":"https:\/\/www.gaveanews.com\/index.php\/2025\/02\/14\/declaracao-de-rafael-sobis-renovacao-de-matheus-pereira-e-as-contratacoes-do-brasileirao-serie-a-as-ultimas-noticias-do-cruzeiro\/","title":{"rendered":"Declara\u00e7\u00e3o de Rafael Sobis, renova\u00e7\u00e3o de Matheus Pereira e as contrata\u00e7\u00f5es do Brasileir\u00e3o S\u00e9rie A: as \u00faltimas not\u00edcias do Cruzeiro"},"content":{"rendered":"\n<p>Nas \u00faltimas horas, o foco das not\u00edcias sobre o Cruzeiro se concentram nos bastidores do clube, com destaques do dia a dia do time.<\/p>\n\n\n\n<p>Por conta deste contexto, leia abaixo um resumo preparado pela equipe do portal G\u00e1vea News para lhe manter muito bem informado!<\/p>\n\n\n\n<h2 class=\"wp-block-heading\" id=\"h-as-contratacoes-do-brasileirao-serie-a\">As contrata\u00e7\u00f5es do Brasileir\u00e3o S\u00e9rie A<\/h2>\n\n\n\n<p>Os clubes do Brasileir\u00e3o S\u00e9rie A 2025 seguem investindo em refor\u00e7os de peso, visando qualificar seus elencos para a temporada. O Santos desembolsou R$ 32 milh\u00f5es para contratar Thaciano, enquanto o Palmeiras fechou com o meio-campista Emiliano Mart\u00ednez, ex-Midtjylland, at\u00e9 2029. O Flamengo trouxe Danilo, ex-Juventus, para refor\u00e7ar a defesa ap\u00f3s a sa\u00edda de Fabr\u00edcio Bruno, e o Cruzeiro contratou Gabigol ap\u00f3s o atacante se desentender com a diretoria rubro-negra, assinando v\u00ednculo at\u00e9 2028. J\u00e1 o Fluminense pagou R$ 37 milh\u00f5es por Canobbio, destaque do Athletico-PR em 2024 <strong><a href=\"https:\/\/www.gaveanews.com\/index.php\/2025\/02\/11\/willian-jose-pedro-henrique-gabigol-danilo-canobbio-brenno-marcos-paulo-clayson-emiliano-martinez-e-thaciano-as-contratacoes-do-brasileirao-serie-a-2025\/\">(leia a mat\u00e9ria completa).<\/a><\/strong><\/p>\n\n\n\n<figure class=\"wp-block-image size-large\"><img loading=\"lazy\" decoding=\"async\" width=\"1024\" height=\"768\" src=\"http:\/\/www.gaveanews.com\/wp-content\/uploads\/Gabigol-com-a-camisa-do-Cruzeiro-1024x768.webp\" alt=\"\" class=\"wp-image-206773\" srcset=\"https:\/\/www.gaveanews.com\/wp-content\/uploads\/Gabigol-com-a-camisa-do-Cruzeiro-1024x768.webp 1024w, https:\/\/www.gaveanews.com\/wp-content\/uploads\/Gabigol-com-a-camisa-do-Cruzeiro-300x225.webp 300w, https:\/\/www.gaveanews.com\/wp-content\/uploads\/Gabigol-com-a-camisa-do-Cruzeiro-768x576.webp 768w, https:\/\/www.gaveanews.com\/wp-content\/uploads\/Gabigol-com-a-camisa-do-Cruzeiro-560x420.webp 560w, https:\/\/www.gaveanews.com\/wp-content\/uploads\/Gabigol-com-a-camisa-do-Cruzeiro-1119x840.webp 1119w, https:\/\/www.gaveanews.com\/wp-content\/uploads\/Gabigol-com-a-camisa-do-Cruzeiro-80x60.webp 80w, https:\/\/www.gaveanews.com\/wp-content\/uploads\/Gabigol-com-a-camisa-do-Cruzeiro-160x120.webp 160w, https:\/\/www.gaveanews.com\/wp-content\/uploads\/Gabigol-com-a-camisa-do-Cruzeiro-100x75.webp 100w, https:\/\/www.gaveanews.com\/wp-content\/uploads\/Gabigol-com-a-camisa-do-Cruzeiro-200x150.webp 200w, https:\/\/www.gaveanews.com\/wp-content\/uploads\/Gabigol-com-a-camisa-do-Cruzeiro-180x135.webp 180w, https:\/\/www.gaveanews.com\/wp-content\/uploads\/Gabigol-com-a-camisa-do-Cruzeiro-360x270.webp 360w, https:\/\/www.gaveanews.com\/wp-content\/uploads\/Gabigol-com-a-camisa-do-Cruzeiro-238x178.webp 238w, https:\/\/www.gaveanews.com\/wp-content\/uploads\/Gabigol-com-a-camisa-do-Cruzeiro-476x356.webp 476w, https:\/\/www.gaveanews.com\/wp-content\/uploads\/Gabigol-com-a-camisa-do-Cruzeiro-640x480.webp 640w, https:\/\/www.gaveanews.com\/wp-content\/uploads\/Gabigol-com-a-camisa-do-Cruzeiro-1280x960.webp 1280w, https:\/\/www.gaveanews.com\/wp-content\/uploads\/Gabigol-com-a-camisa-do-Cruzeiro-681x511.webp 681w, https:\/\/www.gaveanews.com\/wp-content\/uploads\/Gabigol-com-a-camisa-do-Cruzeiro.webp 1350w\" sizes=\"auto, (max-width: 1024px) 100vw, 1024px\" \/><figcaption class=\"wp-element-caption\">Gabigol com a camisa do Cruzeiro (Foto: Reprodu\u00e7\u00e3o\/Instagram)<\/figcaption><\/figure>\n\n\n\n<p>Outras equipes tamb\u00e9m se movimentaram no mercado. O Bahia garantiu Willian Jos\u00e9 sem custos, ap\u00f3s sua rescis\u00e3o com o Spartak Moscou, enquanto o Fortaleza contratou o goleiro Brenno, ex-Gr\u00eamio, at\u00e9 o fim de 2027. <\/p>\n\n\n\n<p>O Cear\u00e1 anunciou Pedro Henrique, ex-Internacional, com contrato at\u00e9 2026, e o Juventude trouxe Marcos Paulo, lateral-esquerdo do Red Bull Bragantino, por empr\u00e9stimo at\u00e9 o t\u00e9rmino do ano. Clayson, por sua vez, se desvinculou do Cuiab\u00e1 e assinou por uma temporada com o Mirassol.<\/p>\n\n\n\n<p>Essas movimenta\u00e7\u00f5es demonstram a inten\u00e7\u00e3o dos times em montar elencos competitivos, elevando o n\u00edvel t\u00e9cnico da competi\u00e7\u00e3o. A chegada de atletas experientes como Danilo e Willian Jos\u00e9, aliada \u00e0 aposta em jovens como Emiliano Mart\u00ednez e Brenno, mostra que os clubes est\u00e3o diversificando suas estrat\u00e9gias para equilibrar experi\u00eancia e renova\u00e7\u00e3o, visando brigar pelas primeiras posi\u00e7\u00f5es e evitar riscos na tabela.<\/p>\n\n\n\n<h2 class=\"wp-block-heading\" id=\"h-renovacao-de-matheus-pereira\">Renova\u00e7\u00e3o de Matheus Pereira<\/h2>\n\n\n\n<p>O Cruzeiro trabalha nos bastidores para garantir a perman\u00eancia e a valoriza\u00e7\u00e3o do meia Matheus Pereira, pe\u00e7a-chave no esquema da equipe. Apesar do desejo do jogador de retornar ao futebol europeu, nenhuma proposta concreta foi apresentada, e o clube mineiro fixou seu pre\u00e7o em 24 milh\u00f5es de euros, valor considerado elevado para o mercado atual. A diretoria celeste acredita que dificilmente surgir\u00e1 uma oferta compat\u00edvel, o que aumenta a confian\u00e7a na continuidade do atleta em Belo Horizonte<strong><a href=\"https:\/\/www.gaveanews.com\/index.php\/2025\/02\/11\/cruzeiro-prepara-renovacao-de-matheus-pereira-veja-novos-valores\/\"> (leia a mat\u00e9ria completa).<\/a><\/strong><\/p>\n\n\n\n<figure class=\"wp-block-image size-large\"><img loading=\"lazy\" decoding=\"async\" width=\"819\" height=\"1024\" src=\"http:\/\/www.gaveanews.com\/wp-content\/uploads\/Matheus-Pereira-em-acao-pelo-Cruzeiro-819x1024.webp\" alt=\"\" class=\"wp-image-158265\" srcset=\"https:\/\/www.gaveanews.com\/wp-content\/uploads\/Matheus-Pereira-em-acao-pelo-Cruzeiro-819x1024.webp 819w, https:\/\/www.gaveanews.com\/wp-content\/uploads\/Matheus-Pereira-em-acao-pelo-Cruzeiro-240x300.webp 240w, https:\/\/www.gaveanews.com\/wp-content\/uploads\/Matheus-Pereira-em-acao-pelo-Cruzeiro-768x960.webp 768w, https:\/\/www.gaveanews.com\/wp-content\/uploads\/Matheus-Pereira-em-acao-pelo-Cruzeiro-336x420.webp 336w, https:\/\/www.gaveanews.com\/wp-content\/uploads\/Matheus-Pereira-em-acao-pelo-Cruzeiro-672x840.webp 672w, https:\/\/www.gaveanews.com\/wp-content\/uploads\/Matheus-Pereira-em-acao-pelo-Cruzeiro-640x800.webp 640w, https:\/\/www.gaveanews.com\/wp-content\/uploads\/Matheus-Pereira-em-acao-pelo-Cruzeiro-681x851.webp 681w, https:\/\/www.gaveanews.com\/wp-content\/uploads\/Matheus-Pereira-em-acao-pelo-Cruzeiro-100x125.webp 100w, https:\/\/www.gaveanews.com\/wp-content\/uploads\/Matheus-Pereira-em-acao-pelo-Cruzeiro.webp 1080w\" sizes=\"auto, (max-width: 819px) 100vw, 819px\" \/><figcaption class=\"wp-element-caption\">Matheus Pereira em a\u00e7\u00e3o pelo Cruzeiro (Foto: Reprodu\u00e7\u00e3o\/Instagram)<\/figcaption><\/figure>\n\n\n\n<p>O empres\u00e1rio Pedro Louren\u00e7o, um dos respons\u00e1veis pela gest\u00e3o da SAF do Cruzeiro, j\u00e1 iniciou tratativas para renovar o v\u00ednculo do meia, que atualmente se estende at\u00e9 junho de 2026. A inten\u00e7\u00e3o \u00e9 reajustar o sal\u00e1rio de Matheus Pereira, aproximando-o da faixa de R$ 2,4 milh\u00f5es mensais, valor semelhante ao que recebe Gabigol no Flamengo. O objetivo \u00e9 manter o jogador motivado e integrado ao projeto esportivo da equipe, refor\u00e7ando sua posi\u00e7\u00e3o como l\u00edder t\u00e9cnico do elenco.<\/p>\n\n\n\n<p>Embora o desejo de atuar novamente na Europa ainda exista, a falta de propostas e o bom ambiente no clube tornam prov\u00e1vel que Matheus permane\u00e7a por um per\u00edodo mais longo. O Cruzeiro considera sua perman\u00eancia essencial para as pretens\u00f5es da temporada, e a renova\u00e7\u00e3o salarial \u00e9 vista como um movimento estrat\u00e9gico para garantir o comprometimento e a tranquilidade do camisa 10. Dessa forma, a novela envolvendo o futuro do jogador segue, mas com tend\u00eancia favor\u00e1vel \u00e0 continuidade na equipe mineira.<\/p>\n\n\n\n<h2 class=\"wp-block-heading\" id=\"h-declaracao-de-rafael-sobis\">Declara\u00e7\u00e3o de Rafael Sobis<\/h2>\n\n\n\n<p>O cl\u00e1ssico entre Cruzeiro e Atl\u00e9tico-MG, disputado no \u00faltimo s\u00e1bado (8), continua gerando repercuss\u00e3o no cen\u00e1rio esportivo, principalmente por conta de um lance pol\u00eamico envolvendo Lyanco, zagueiro do Galo, e Dudu, atacante celeste. Rafael Sobis, ex-jogador do Cruzeiro, criticou duramente a conduta do defensor, afirmando que o pis\u00e3o no bra\u00e7o do advers\u00e1rio foi intencional e que o atleta deveria ter sido expulso. A atitude de Lyanco gerou revolta entre jogadores e dirigentes cruzeirenses, alimentando ainda mais a rivalidade entre os clubes mineiros <strong><a href=\"https:\/\/www.gaveanews.com\/index.php\/2025\/02\/11\/a-declaracao-de-rafael-sobis-direcionada-a-lyanco-do-atletico-mg\/\">(leia a mat\u00e9ria completa).<\/a><\/strong><\/p>\n\n\n\n<figure class=\"wp-block-image size-full\"><img loading=\"lazy\" decoding=\"async\" width=\"795\" height=\"448\" src=\"http:\/\/www.gaveanews.com\/wp-content\/uploads\/lyanco-1.webp\" alt=\"\" class=\"wp-image-149654\" srcset=\"https:\/\/www.gaveanews.com\/wp-content\/uploads\/lyanco-1.webp 795w, https:\/\/www.gaveanews.com\/wp-content\/uploads\/lyanco-1-300x169.webp 300w, https:\/\/www.gaveanews.com\/wp-content\/uploads\/lyanco-1-768x433.webp 768w, https:\/\/www.gaveanews.com\/wp-content\/uploads\/lyanco-1-745x420.webp 745w, https:\/\/www.gaveanews.com\/wp-content\/uploads\/lyanco-1-640x361.webp 640w, https:\/\/www.gaveanews.com\/wp-content\/uploads\/lyanco-1-681x384.webp 681w, https:\/\/www.gaveanews.com\/wp-content\/uploads\/lyanco-1-100x56.webp 100w\" sizes=\"auto, (max-width: 795px) 100vw, 795px\" \/><figcaption class=\"wp-element-caption\">Foto: Divulga\u00e7\u00e3o\/Al-Gharafa\n<\/figcaption><\/figure>\n\n\n\n<p>Em entrevista ao canal 4D Esportes, Sobis destacou que jogadores experientes conseguem evitar esse tipo de contato e classificou o comportamento do zagueiro como proposital. Al\u00e9m disso, o ex-atacante acusou Lyanco de adotar uma postura agressiva em campo para conquistar o apoio da torcida atleticana. Sobis chegou a cham\u00e1-lo de &#8220;fanfarr\u00e3o&#8221;, sugerindo que o defensor est\u00e1 utilizando provoca\u00e7\u00f5es e jogadas r\u00edspidas como estrat\u00e9gia para se consolidar no elenco do Galo.<\/p>\n\n\n\n<p>A discuss\u00e3o sobre o lance n\u00e3o se encerrou ap\u00f3s a partida e motivou pronunciamentos tanto de integrantes do Cruzeiro quanto de torcedores. A Federa\u00e7\u00e3o Mineira de Futebol, pressionada pela repercuss\u00e3o do epis\u00f3dio, precisou se posicionar oficialmente sobre a arbitragem do cl\u00e1ssico. Esse epis\u00f3dio refor\u00e7a a tens\u00e3o caracter\u00edstica dos confrontos entre Atl\u00e9tico-MG e Cruzeiro, e a expectativa \u00e9 que futuros embates entre as equipes sejam ainda mais quentes, com aten\u00e7\u00e3o redobrada para a postura de atletas como Lyanco.<\/p>\n","protected":false},"excerpt":{"rendered":"<p>Nas \u00faltimas horas, o foco das not\u00edcias sobre o Cruzeiro se concentram nos bastidores do clube, com destaques do dia a dia do time. Por conta deste contexto, leia abaixo um resumo preparado pela equipe do portal G\u00e1vea News para lhe manter muito bem informado! As contrata\u00e7\u00f5es do Brasileir\u00e3o S\u00e9rie A Os clubes do Brasileir\u00e3o [&hellip;]<\/p>\n","protected":false},"author":27,"featured_media":157993,"comment_status":"open","ping_status":"closed","sticky":false,"template":"","format":"standard","meta":{"footnotes":""},"categories":[143],"tags":[],"class_list":["post-227621","post","type-post","status-publish","format-standard","has-post-thumbnail","hentry","category-cruzeiro"],"yoast_head":"<!-- This site is optimized with the Yoast SEO Premium plugin v24.2 (Yoast SEO v26.9) - https:\/\/yoast.com\/product\/yoast-seo-premium-wordpress\/ -->\n<title>Declara\u00e7\u00e3o de Rafael Sobis, renova\u00e7\u00e3o de Matheus Pereira e as contrata\u00e7\u00f5es do Brasileir\u00e3o S\u00e9rie A: as \u00faltimas not\u00edcias do Cruzeiro<\/title>\n<meta name=\"robots\" content=\"index, follow, max-snippet:-1, max-image-preview:large, max-video-preview:-1\" \/>\n<link rel=\"canonical\" href=\"https:\/\/www.gaveanews.com\/index.php\/2025\/02\/14\/declaracao-de-rafael-sobis-renovacao-de-matheus-pereira-e-as-contratacoes-do-brasileirao-serie-a-as-ultimas-noticias-do-cruzeiro\/\" \/>\n<meta property=\"og:locale\" content=\"pt_BR\" \/>\n<meta property=\"og:type\" content=\"article\" \/>\n<meta property=\"og:title\" content=\"Declara\u00e7\u00e3o de Rafael Sobis, renova\u00e7\u00e3o de Matheus Pereira e as contrata\u00e7\u00f5es do Brasileir\u00e3o S\u00e9rie A: as \u00faltimas not\u00edcias do Cruzeiro\" \/>\n<meta property=\"og:description\" content=\"Nas \u00faltimas horas, o foco das not\u00edcias sobre o Cruzeiro se concentram nos bastidores do clube, com destaques do dia a dia do time. Por conta deste contexto, leia abaixo um resumo preparado pela equipe do portal G\u00e1vea News para lhe manter muito bem informado! As contrata\u00e7\u00f5es do Brasileir\u00e3o S\u00e9rie A Os clubes do Brasileir\u00e3o [&hellip;]\" \/>\n<meta property=\"og:url\" content=\"https:\/\/www.gaveanews.com\/index.php\/2025\/02\/14\/declaracao-de-rafael-sobis-renovacao-de-matheus-pereira-e-as-contratacoes-do-brasileirao-serie-a-as-ultimas-noticias-do-cruzeiro\/\" \/>\n<meta property=\"og:site_name\" content=\"G\u00e1vea News\" \/>\n<meta property=\"article:publisher\" content=\"https:\/\/facebook.com\/gaveaNews\/\" \/>\n<meta property=\"article:published_time\" content=\"2025-02-14T09:15:00+00:00\" \/>\n<meta property=\"og:image\" content=\"https:\/\/www.gaveanews.com\/wp-content\/uploads\/Jogadores-do-Cruzeiro-comemorando-durante-partida-contra-o-Botafogo-pelo-Brasileirao-2024.webp\" \/>\n\t<meta property=\"og:image:width\" content=\"1440\" \/>\n\t<meta property=\"og:image:height\" content=\"959\" \/>\n\t<meta property=\"og:image:type\" content=\"image\/webp\" \/>\n<meta name=\"author\" content=\"Matheus Felipe\" \/>\n<meta name=\"twitter:card\" content=\"summary_large_image\" \/>\n<meta name=\"twitter:label1\" content=\"Escrito por\" \/>\n\t<meta name=\"twitter:data1\" content=\"Matheus Felipe\" \/>\n\t<meta name=\"twitter:label2\" content=\"Est. tempo de leitura\" \/>\n\t<meta name=\"twitter:data2\" content=\"6 minutos\" \/>\n<script type=\"application\/ld+json\" class=\"yoast-schema-graph\">{\"@context\":\"https:\/\/schema.org\",\"@graph\":[{\"@type\":\"NewsArticle\",\"@id\":\"https:\/\/www.gaveanews.com\/index.php\/2025\/02\/14\/declaracao-de-rafael-sobis-renovacao-de-matheus-pereira-e-as-contratacoes-do-brasileirao-serie-a-as-ultimas-noticias-do-cruzeiro\/#article\",\"isPartOf\":{\"@id\":\"https:\/\/www.gaveanews.com\/index.php\/2025\/02\/14\/declaracao-de-rafael-sobis-renovacao-de-matheus-pereira-e-as-contratacoes-do-brasileirao-serie-a-as-ultimas-noticias-do-cruzeiro\/\"},\"author\":{\"name\":\"Matheus Felipe\",\"@id\":\"https:\/\/www.gaveanews.com\/#\/schema\/person\/8207cd4627f56151707418bfc835b2fb\"},\"headline\":\"Declara\u00e7\u00e3o de Rafael Sobis, renova\u00e7\u00e3o de Matheus Pereira e as contrata\u00e7\u00f5es do Brasileir\u00e3o S\u00e9rie A: as \u00faltimas not\u00edcias do Cruzeiro\",\"datePublished\":\"2025-02-14T09:15:00+00:00\",\"mainEntityOfPage\":{\"@id\":\"https:\/\/www.gaveanews.com\/index.php\/2025\/02\/14\/declaracao-de-rafael-sobis-renovacao-de-matheus-pereira-e-as-contratacoes-do-brasileirao-serie-a-as-ultimas-noticias-do-cruzeiro\/\"},\"wordCount\":887,\"commentCount\":0,\"image\":{\"@id\":\"https:\/\/www.gaveanews.com\/index.php\/2025\/02\/14\/declaracao-de-rafael-sobis-renovacao-de-matheus-pereira-e-as-contratacoes-do-brasileirao-serie-a-as-ultimas-noticias-do-cruzeiro\/#primaryimage\"},\"thumbnailUrl\":\"https:\/\/www.gaveanews.com\/wp-content\/uploads\/Jogadores-do-Cruzeiro-comemorando-durante-partida-contra-o-Botafogo-pelo-Brasileirao-2024.webp\",\"articleSection\":[\"Cruzeiro\"],\"inLanguage\":\"pt-BR\",\"potentialAction\":[{\"@type\":\"CommentAction\",\"name\":\"Comment\",\"target\":[\"https:\/\/www.gaveanews.com\/index.php\/2025\/02\/14\/declaracao-de-rafael-sobis-renovacao-de-matheus-pereira-e-as-contratacoes-do-brasileirao-serie-a-as-ultimas-noticias-do-cruzeiro\/#respond\"]}],\"copyrightYear\":\"2025\",\"copyrightHolder\":{\"@id\":\"https:\/\/www.gaveanews.com\/#organization\"}},{\"@type\":\"WebPage\",\"@id\":\"https:\/\/www.gaveanews.com\/index.php\/2025\/02\/14\/declaracao-de-rafael-sobis-renovacao-de-matheus-pereira-e-as-contratacoes-do-brasileirao-serie-a-as-ultimas-noticias-do-cruzeiro\/\",\"url\":\"https:\/\/www.gaveanews.com\/index.php\/2025\/02\/14\/declaracao-de-rafael-sobis-renovacao-de-matheus-pereira-e-as-contratacoes-do-brasileirao-serie-a-as-ultimas-noticias-do-cruzeiro\/\",\"name\":\"Declara\u00e7\u00e3o de Rafael Sobis, renova\u00e7\u00e3o de Matheus Pereira e as contrata\u00e7\u00f5es do Brasileir\u00e3o S\u00e9rie A: as \u00faltimas not\u00edcias do Cruzeiro\",\"isPartOf\":{\"@id\":\"https:\/\/www.gaveanews.com\/#website\"},\"primaryImageOfPage\":{\"@id\":\"https:\/\/www.gaveanews.com\/index.php\/2025\/02\/14\/declaracao-de-rafael-sobis-renovacao-de-matheus-pereira-e-as-contratacoes-do-brasileirao-serie-a-as-ultimas-noticias-do-cruzeiro\/#primaryimage\"},\"image\":{\"@id\":\"https:\/\/www.gaveanews.com\/index.php\/2025\/02\/14\/declaracao-de-rafael-sobis-renovacao-de-matheus-pereira-e-as-contratacoes-do-brasileirao-serie-a-as-ultimas-noticias-do-cruzeiro\/#primaryimage\"},\"thumbnailUrl\":\"https:\/\/www.gaveanews.com\/wp-content\/uploads\/Jogadores-do-Cruzeiro-comemorando-durante-partida-contra-o-Botafogo-pelo-Brasileirao-2024.webp\",\"datePublished\":\"2025-02-14T09:15:00+00:00\",\"author\":{\"@id\":\"https:\/\/www.gaveanews.com\/#\/schema\/person\/8207cd4627f56151707418bfc835b2fb\"},\"breadcrumb\":{\"@id\":\"https:\/\/www.gaveanews.com\/index.php\/2025\/02\/14\/declaracao-de-rafael-sobis-renovacao-de-matheus-pereira-e-as-contratacoes-do-brasileirao-serie-a-as-ultimas-noticias-do-cruzeiro\/#breadcrumb\"},\"inLanguage\":\"pt-BR\",\"potentialAction\":[{\"@type\":\"ReadAction\",\"target\":[\"https:\/\/www.gaveanews.com\/index.php\/2025\/02\/14\/declaracao-de-rafael-sobis-renovacao-de-matheus-pereira-e-as-contratacoes-do-brasileirao-serie-a-as-ultimas-noticias-do-cruzeiro\/\"]}]},{\"@type\":\"ImageObject\",\"inLanguage\":\"pt-BR\",\"@id\":\"https:\/\/www.gaveanews.com\/index.php\/2025\/02\/14\/declaracao-de-rafael-sobis-renovacao-de-matheus-pereira-e-as-contratacoes-do-brasileirao-serie-a-as-ultimas-noticias-do-cruzeiro\/#primaryimage\",\"url\":\"https:\/\/www.gaveanews.com\/wp-content\/uploads\/Jogadores-do-Cruzeiro-comemorando-durante-partida-contra-o-Botafogo-pelo-Brasileirao-2024.webp\",\"contentUrl\":\"https:\/\/www.gaveanews.com\/wp-content\/uploads\/Jogadores-do-Cruzeiro-comemorando-durante-partida-contra-o-Botafogo-pelo-Brasileirao-2024.webp\",\"width\":1440,\"height\":959,\"caption\":\"Jogadores do Cruzeiro comemorando durante partida contra o Botafogo pelo Brasileir\u00e3o 2024 (Foto: Gustavo Aleixo\/Cruzeiro)\"},{\"@type\":\"BreadcrumbList\",\"@id\":\"https:\/\/www.gaveanews.com\/index.php\/2025\/02\/14\/declaracao-de-rafael-sobis-renovacao-de-matheus-pereira-e-as-contratacoes-do-brasileirao-serie-a-as-ultimas-noticias-do-cruzeiro\/#breadcrumb\",\"itemListElement\":[{\"@type\":\"ListItem\",\"position\":1,\"name\":\"Home\",\"item\":\"https:\/\/www.gaveanews.com\/\"},{\"@type\":\"ListItem\",\"position\":2,\"name\":\"Declara\u00e7\u00e3o de Rafael Sobis, renova\u00e7\u00e3o de Matheus Pereira e as contrata\u00e7\u00f5es do Brasileir\u00e3o S\u00e9rie A: as \u00faltimas not\u00edcias do Cruzeiro\"}]},{\"@type\":\"WebSite\",\"@id\":\"https:\/\/www.gaveanews.com\/#website\",\"url\":\"https:\/\/www.gaveanews.com\/\",\"name\":\"G\u00e1vea News\",\"description\":\"Veja todas as not\u00edcias sobre o Flamengo: Contrata\u00e7\u00f5es, categorias de base, resultados das partidas, tabela de classifica\u00e7\u00e3o, pr\u00f3ximos jogos!\",\"potentialAction\":[{\"@type\":\"SearchAction\",\"target\":{\"@type\":\"EntryPoint\",\"urlTemplate\":\"https:\/\/www.gaveanews.com\/?s={search_term_string}\"},\"query-input\":{\"@type\":\"PropertyValueSpecification\",\"valueRequired\":true,\"valueName\":\"search_term_string\"}}],\"inLanguage\":\"pt-BR\"},{\"@type\":\"Person\",\"@id\":\"https:\/\/www.gaveanews.com\/#\/schema\/person\/8207cd4627f56151707418bfc835b2fb\",\"name\":\"Matheus Felipe\",\"image\":{\"@type\":\"ImageObject\",\"inLanguage\":\"pt-BR\",\"@id\":\"https:\/\/www.gaveanews.com\/#\/schema\/person\/image\/\",\"url\":\"https:\/\/secure.gravatar.com\/avatar\/a452ffbed9130f726358b298bb3a99ce4bd3c5338411f8440e87e14d74c7c087?s=96&d=mm&r=g\",\"contentUrl\":\"https:\/\/secure.gravatar.com\/avatar\/a452ffbed9130f726358b298bb3a99ce4bd3c5338411f8440e87e14d74c7c087?s=96&d=mm&r=g\",\"caption\":\"Matheus Felipe\"}}]}<\/script>\n<!-- \/ Yoast SEO Premium plugin. -->","yoast_head_json":{"title":"Declara\u00e7\u00e3o de Rafael Sobis, renova\u00e7\u00e3o de Matheus Pereira e as contrata\u00e7\u00f5es do Brasileir\u00e3o S\u00e9rie A: as \u00faltimas not\u00edcias do Cruzeiro","robots":{"index":"index","follow":"follow","max-snippet":"max-snippet:-1","max-image-preview":"max-image-preview:large","max-video-preview":"max-video-preview:-1"},"canonical":"https:\/\/www.gaveanews.com\/index.php\/2025\/02\/14\/declaracao-de-rafael-sobis-renovacao-de-matheus-pereira-e-as-contratacoes-do-brasileirao-serie-a-as-ultimas-noticias-do-cruzeiro\/","og_locale":"pt_BR","og_type":"article","og_title":"Declara\u00e7\u00e3o de Rafael Sobis, renova\u00e7\u00e3o de Matheus Pereira e as contrata\u00e7\u00f5es do Brasileir\u00e3o S\u00e9rie A: as \u00faltimas not\u00edcias do Cruzeiro","og_description":"Nas \u00faltimas horas, o foco das not\u00edcias sobre o Cruzeiro se concentram nos bastidores do clube, com destaques do dia a dia do time. Por conta deste contexto, leia abaixo um resumo preparado pela equipe do portal G\u00e1vea News para lhe manter muito bem informado! As contrata\u00e7\u00f5es do Brasileir\u00e3o S\u00e9rie A Os clubes do Brasileir\u00e3o [&hellip;]","og_url":"https:\/\/www.gaveanews.com\/index.php\/2025\/02\/14\/declaracao-de-rafael-sobis-renovacao-de-matheus-pereira-e-as-contratacoes-do-brasileirao-serie-a-as-ultimas-noticias-do-cruzeiro\/","og_site_name":"G\u00e1vea News","article_publisher":"https:\/\/facebook.com\/gaveaNews\/","article_published_time":"2025-02-14T09:15:00+00:00","og_image":[{"width":1440,"height":959,"url":"https:\/\/www.gaveanews.com\/wp-content\/uploads\/Jogadores-do-Cruzeiro-comemorando-durante-partida-contra-o-Botafogo-pelo-Brasileirao-2024.webp","type":"image\/webp"}],"author":"Matheus Felipe","twitter_card":"summary_large_image","twitter_misc":{"Escrito por":"Matheus Felipe","Est. tempo de leitura":"6 minutos"},"schema":{"@context":"https:\/\/schema.org","@graph":[{"@type":"NewsArticle","@id":"https:\/\/www.gaveanews.com\/index.php\/2025\/02\/14\/declaracao-de-rafael-sobis-renovacao-de-matheus-pereira-e-as-contratacoes-do-brasileirao-serie-a-as-ultimas-noticias-do-cruzeiro\/#article","isPartOf":{"@id":"https:\/\/www.gaveanews.com\/index.php\/2025\/02\/14\/declaracao-de-rafael-sobis-renovacao-de-matheus-pereira-e-as-contratacoes-do-brasileirao-serie-a-as-ultimas-noticias-do-cruzeiro\/"},"author":{"name":"Matheus Felipe","@id":"https:\/\/www.gaveanews.com\/#\/schema\/person\/8207cd4627f56151707418bfc835b2fb"},"headline":"Declara\u00e7\u00e3o de Rafael Sobis, renova\u00e7\u00e3o de Matheus Pereira e as contrata\u00e7\u00f5es do Brasileir\u00e3o S\u00e9rie A: as \u00faltimas not\u00edcias do Cruzeiro","datePublished":"2025-02-14T09:15:00+00:00","mainEntityOfPage":{"@id":"https:\/\/www.gaveanews.com\/index.php\/2025\/02\/14\/declaracao-de-rafael-sobis-renovacao-de-matheus-pereira-e-as-contratacoes-do-brasileirao-serie-a-as-ultimas-noticias-do-cruzeiro\/"},"wordCount":887,"commentCount":0,"image":{"@id":"https:\/\/www.gaveanews.com\/index.php\/2025\/02\/14\/declaracao-de-rafael-sobis-renovacao-de-matheus-pereira-e-as-contratacoes-do-brasileirao-serie-a-as-ultimas-noticias-do-cruzeiro\/#primaryimage"},"thumbnailUrl":"https:\/\/www.gaveanews.com\/wp-content\/uploads\/Jogadores-do-Cruzeiro-comemorando-durante-partida-contra-o-Botafogo-pelo-Brasileirao-2024.webp","articleSection":["Cruzeiro"],"inLanguage":"pt-BR","potentialAction":[{"@type":"CommentAction","name":"Comment","target":["https:\/\/www.gaveanews.com\/index.php\/2025\/02\/14\/declaracao-de-rafael-sobis-renovacao-de-matheus-pereira-e-as-contratacoes-do-brasileirao-serie-a-as-ultimas-noticias-do-cruzeiro\/#respond"]}],"copyrightYear":"2025","copyrightHolder":{"@id":"https:\/\/www.gaveanews.com\/#organization"}},{"@type":"WebPage","@id":"https:\/\/www.gaveanews.com\/index.php\/2025\/02\/14\/declaracao-de-rafael-sobis-renovacao-de-matheus-pereira-e-as-contratacoes-do-brasileirao-serie-a-as-ultimas-noticias-do-cruzeiro\/","url":"https:\/\/www.gaveanews.com\/index.php\/2025\/02\/14\/declaracao-de-rafael-sobis-renovacao-de-matheus-pereira-e-as-contratacoes-do-brasileirao-serie-a-as-ultimas-noticias-do-cruzeiro\/","name":"Declara\u00e7\u00e3o de Rafael Sobis, renova\u00e7\u00e3o de Matheus Pereira e as contrata\u00e7\u00f5es do Brasileir\u00e3o S\u00e9rie A: as \u00faltimas not\u00edcias do Cruzeiro","isPartOf":{"@id":"https:\/\/www.gaveanews.com\/#website"},"primaryImageOfPage":{"@id":"https:\/\/www.gaveanews.com\/index.php\/2025\/02\/14\/declaracao-de-rafael-sobis-renovacao-de-matheus-pereira-e-as-contratacoes-do-brasileirao-serie-a-as-ultimas-noticias-do-cruzeiro\/#primaryimage"},"image":{"@id":"https:\/\/www.gaveanews.com\/index.php\/2025\/02\/14\/declaracao-de-rafael-sobis-renovacao-de-matheus-pereira-e-as-contratacoes-do-brasileirao-serie-a-as-ultimas-noticias-do-cruzeiro\/#primaryimage"},"thumbnailUrl":"https:\/\/www.gaveanews.com\/wp-content\/uploads\/Jogadores-do-Cruzeiro-comemorando-durante-partida-contra-o-Botafogo-pelo-Brasileirao-2024.webp","datePublished":"2025-02-14T09:15:00+00:00","author":{"@id":"https:\/\/www.gaveanews.com\/#\/schema\/person\/8207cd4627f56151707418bfc835b2fb"},"breadcrumb":{"@id":"https:\/\/www.gaveanews.com\/index.php\/2025\/02\/14\/declaracao-de-rafael-sobis-renovacao-de-matheus-pereira-e-as-contratacoes-do-brasileirao-serie-a-as-ultimas-noticias-do-cruzeiro\/#breadcrumb"},"inLanguage":"pt-BR","potentialAction":[{"@type":"ReadAction","target":["https:\/\/www.gaveanews.com\/index.php\/2025\/02\/14\/declaracao-de-rafael-sobis-renovacao-de-matheus-pereira-e-as-contratacoes-do-brasileirao-serie-a-as-ultimas-noticias-do-cruzeiro\/"]}]},{"@type":"ImageObject","inLanguage":"pt-BR","@id":"https:\/\/www.gaveanews.com\/index.php\/2025\/02\/14\/declaracao-de-rafael-sobis-renovacao-de-matheus-pereira-e-as-contratacoes-do-brasileirao-serie-a-as-ultimas-noticias-do-cruzeiro\/#primaryimage","url":"https:\/\/www.gaveanews.com\/wp-content\/uploads\/Jogadores-do-Cruzeiro-comemorando-durante-partida-contra-o-Botafogo-pelo-Brasileirao-2024.webp","contentUrl":"https:\/\/www.gaveanews.com\/wp-content\/uploads\/Jogadores-do-Cruzeiro-comemorando-durante-partida-contra-o-Botafogo-pelo-Brasileirao-2024.webp","width":1440,"height":959,"caption":"Jogadores do Cruzeiro comemorando durante partida contra o Botafogo pelo Brasileir\u00e3o 2024 (Foto: Gustavo Aleixo\/Cruzeiro)"},{"@type":"BreadcrumbList","@id":"https:\/\/www.gaveanews.com\/index.php\/2025\/02\/14\/declaracao-de-rafael-sobis-renovacao-de-matheus-pereira-e-as-contratacoes-do-brasileirao-serie-a-as-ultimas-noticias-do-cruzeiro\/#breadcrumb","itemListElement":[{"@type":"ListItem","position":1,"name":"Home","item":"https:\/\/www.gaveanews.com\/"},{"@type":"ListItem","position":2,"name":"Declara\u00e7\u00e3o de Rafael Sobis, renova\u00e7\u00e3o de Matheus Pereira e as contrata\u00e7\u00f5es do Brasileir\u00e3o S\u00e9rie A: as \u00faltimas not\u00edcias do Cruzeiro"}]},{"@type":"WebSite","@id":"https:\/\/www.gaveanews.com\/#website","url":"https:\/\/www.gaveanews.com\/","name":"G\u00e1vea News","description":"Veja todas as not\u00edcias sobre o Flamengo: Contrata\u00e7\u00f5es, categorias de base, resultados das partidas, tabela de classifica\u00e7\u00e3o, pr\u00f3ximos jogos!","potentialAction":[{"@type":"SearchAction","target":{"@type":"EntryPoint","urlTemplate":"https:\/\/www.gaveanews.com\/?s={search_term_string}"},"query-input":{"@type":"PropertyValueSpecification","valueRequired":true,"valueName":"search_term_string"}}],"inLanguage":"pt-BR"},{"@type":"Person","@id":"https:\/\/www.gaveanews.com\/#\/schema\/person\/8207cd4627f56151707418bfc835b2fb","name":"Matheus Felipe","image":{"@type":"ImageObject","inLanguage":"pt-BR","@id":"https:\/\/www.gaveanews.com\/#\/schema\/person\/image\/","url":"https:\/\/secure.gravatar.com\/avatar\/a452ffbed9130f726358b298bb3a99ce4bd3c5338411f8440e87e14d74c7c087?s=96&d=mm&r=g","contentUrl":"https:\/\/secure.gravatar.com\/avatar\/a452ffbed9130f726358b298bb3a99ce4bd3c5338411f8440e87e14d74c7c087?s=96&d=mm&r=g","caption":"Matheus Felipe"}}]}},"_links":{"self":[{"href":"https:\/\/www.gaveanews.com\/index.php\/wp-json\/wp\/v2\/posts\/227621","targetHints":{"allow":["GET"]}}],"collection":[{"href":"https:\/\/www.gaveanews.com\/index.php\/wp-json\/wp\/v2\/posts"}],"about":[{"href":"https:\/\/www.gaveanews.com\/index.php\/wp-json\/wp\/v2\/types\/post"}],"author":[{"embeddable":true,"href":"https:\/\/www.gaveanews.com\/index.php\/wp-json\/wp\/v2\/users\/27"}],"replies":[{"embeddable":true,"href":"https:\/\/www.gaveanews.com\/index.php\/wp-json\/wp\/v2\/comments?post=227621"}],"version-history":[{"count":1,"href":"https:\/\/www.gaveanews.com\/index.php\/wp-json\/wp\/v2\/posts\/227621\/revisions"}],"predecessor-version":[{"id":227673,"href":"https:\/\/www.gaveanews.com\/index.php\/wp-json\/wp\/v2\/posts\/227621\/revisions\/227673"}],"wp:featuredmedia":[{"embeddable":true,"href":"https:\/\/www.gaveanews.com\/index.php\/wp-json\/wp\/v2\/media\/157993"}],"wp:attachment":[{"href":"https:\/\/www.gaveanews.com\/index.php\/wp-json\/wp\/v2\/media?parent=227621"}],"wp:term":[{"taxonomy":"category","embeddable":true,"href":"https:\/\/www.gaveanews.com\/index.php\/wp-json\/wp\/v2\/categories?post=227621"},{"taxonomy":"post_tag","embeddable":true,"href":"https:\/\/www.gaveanews.com\/index.php\/wp-json\/wp\/v2\/tags?post=227621"}],"curies":[{"name":"wp","href":"https:\/\/api.w.org\/{rel}","templated":true}]}}