{"id":227622,"date":"2025-02-14T07:10:00","date_gmt":"2025-02-14T10:10:00","guid":{"rendered":"https:\/\/www.gaveanews.com\/?p=227622"},"modified":"2025-02-14T03:09:53","modified_gmt":"2025-02-14T06:09:53","slug":"situacao-de-henry-mosquera-contratacao-de-lucas-halter-e-recado-de-bruno-prado-as-ultimas-noticias-do-botafogo","status":"publish","type":"post","link":"https:\/\/www.gaveanews.com\/index.php\/2025\/02\/14\/situacao-de-henry-mosquera-contratacao-de-lucas-halter-e-recado-de-bruno-prado-as-ultimas-noticias-do-botafogo\/","title":{"rendered":"Situa\u00e7\u00e3o de Henry Mosquera, contrata\u00e7\u00e3o de Lucas Halter e recado de Bruno Prado: as \u00faltimas not\u00edcias do Botafogo"},"content":{"rendered":"\n<p>Nas \u00faltimas horas, o foco das not\u00edcias sobre o Botafogo se concentram nos bastidores do clube, com destaques do dia a dia do time.<\/p>\n\n\n\n<p>Por conta deste contexto, leia abaixo um resumo preparado pela equipe do portal G\u00e1vea News para lhe manter muito bem informado!<\/p>\n\n\n\n<h2 class=\"wp-block-heading\" id=\"h-recado-de-bruno-prado\">Recado de Bruno Prado<\/h2>\n\n\n\n<p>Ap\u00f3s a sa\u00edda do t\u00e9cnico Artur Jorge para o Al Rayyan, do Catar, o Botafogo segue em busca de um novo comandante, com Tite sendo um dos nomes cogitados. Enquanto as negocia\u00e7\u00f5es n\u00e3o avan\u00e7am, o time \u00e9 dirigido interinamente por Carlos Leiria, t\u00e9cnico do sub-20. O jornalista Bruno Prado comentou sobre a poss\u00edvel chegada de Tite, destacando que o ex-treinador da Sele\u00e7\u00e3o Brasileira se surpreendeu com a intensidade do dia a dia dos clubes ap\u00f3s anos no comando da equipe nacional. Segundo Prado, o desafio do calend\u00e1rio e a press\u00e3o constante podem dificultar o retorno do t\u00e9cnico a um time no Brasil <strong><a href=\"https:\/\/www.gaveanews.com\/index.php\/2025\/02\/04\/botafogo-bruno-prado-e-sincero-ao-falar-sobre-a-contratacao-de-tite\/\">(leia a mat\u00e9ria completa).<\/a><\/strong><\/p>\n\n\n\n<figure class=\"wp-block-image size-full\"><img loading=\"lazy\" decoding=\"async\" width=\"633\" height=\"312\" src=\"http:\/\/www.gaveanews.com\/wp-content\/uploads\/Tite-durante-jogo-contra-o-Palmeiras-pelo-Brasileirao-no-Maracana.webp\" alt=\"\" class=\"wp-image-158166\" srcset=\"https:\/\/www.gaveanews.com\/wp-content\/uploads\/Tite-durante-jogo-contra-o-Palmeiras-pelo-Brasileirao-no-Maracana.webp 633w, https:\/\/www.gaveanews.com\/wp-content\/uploads\/Tite-durante-jogo-contra-o-Palmeiras-pelo-Brasileirao-no-Maracana-300x148.webp 300w, https:\/\/www.gaveanews.com\/wp-content\/uploads\/Tite-durante-jogo-contra-o-Palmeiras-pelo-Brasileirao-no-Maracana-100x49.webp 100w\" sizes=\"auto, (max-width: 633px) 100vw, 633px\" \/><figcaption class=\"wp-element-caption\">Tite durante jogo contra o Palmeiras, pelo Brasileir\u00e3o, no Maracan\u00e3 (Foto: Divulga\u00e7\u00e3o\/Flamengo)<\/figcaption><\/figure>\n\n\n\n<p>A an\u00e1lise refor\u00e7a as diferen\u00e7as entre os trabalhos em sele\u00e7\u00f5es e em clubes, com o cotidiano dos times exigindo acompanhamento intenso e conviv\u00eancia di\u00e1ria com cr\u00edticas e cobran\u00e7as. <\/p>\n\n\n\n<p>Tite, reconhecido como um dos melhores treinadores do pa\u00eds, ainda n\u00e3o definiu seu futuro ap\u00f3s deixar a Sele\u00e7\u00e3o em 2022, e o Botafogo avalia se o perfil do treinador se encaixa no projeto a longo prazo defendido por John Textor, propriet\u00e1rio da SAF alvinegra.<\/p>\n\n\n\n<p>Enquanto o novo treinador n\u00e3o \u00e9 definido, o Botafogo mant\u00e9m o foco nas competi\u00e7\u00f5es em andamento. Ap\u00f3s perder a final da Supercopa do Brasil para o Flamengo, o clube tem a Recopa Sul-Americana contra o Racing-ARG como pr\u00f3ximo desafio, nos dias 20 e 27 de fevereiro. A expectativa \u00e9 que at\u00e9 l\u00e1 a diretoria consiga avan\u00e7ar nas tratativas, visando dar estabilidade \u00e0 equipe e manter o alto n\u00edvel competitivo na temporada.<\/p>\n\n\n\n<h2 class=\"wp-block-heading\" id=\"h-contratacao-de-lucas-halter\">Contrata\u00e7\u00e3o de Lucas Halter<\/h2>\n\n\n\n<p>O zagueiro Lucas Halter, ex-Botafogo, foi anunciado como novo refor\u00e7o do Vit\u00f3ria para a temporada de 2025. O jogador de 24 anos chega por empr\u00e9stimo at\u00e9 o fim do ano, j\u00e1 teve seu nome publicado no Boletim Informativo Di\u00e1rio (BID) da CBF e est\u00e1 regularizado para estrear. A contrata\u00e7\u00e3o contou com o aval do t\u00e9cnico Thiago Carpini, que destacou a qualidade do defensor e minimizou cr\u00edticas recentes sobre sua atua\u00e7\u00e3o na final da Supercopa do Brasil, quando ainda defendia o clube carioca <strong><a href=\"https:\/\/www.gaveanews.com\/index.php\/2025\/02\/07\/lucas-halter-ex-botafogo-e-anunciado-por-novo-clube\/\">(leia a mat\u00e9ria completa).<\/a><\/strong><\/p>\n\n\n\n<figure class=\"wp-block-image size-large\"><img loading=\"lazy\" decoding=\"async\" width=\"1024\" height=\"683\" src=\"http:\/\/www.gaveanews.com\/wp-content\/uploads\/Lucas-Halter-em-acao-pelo-Botafogo-1024x683.webp\" alt=\"\" class=\"wp-image-150727\" srcset=\"https:\/\/www.gaveanews.com\/wp-content\/uploads\/Lucas-Halter-em-acao-pelo-Botafogo-1024x683.webp 1024w, https:\/\/www.gaveanews.com\/wp-content\/uploads\/Lucas-Halter-em-acao-pelo-Botafogo-300x200.webp 300w, https:\/\/www.gaveanews.com\/wp-content\/uploads\/Lucas-Halter-em-acao-pelo-Botafogo-768x512.webp 768w, https:\/\/www.gaveanews.com\/wp-content\/uploads\/Lucas-Halter-em-acao-pelo-Botafogo-1536x1024.webp 1536w, https:\/\/www.gaveanews.com\/wp-content\/uploads\/Lucas-Halter-em-acao-pelo-Botafogo-2048x1366.webp 2048w, https:\/\/www.gaveanews.com\/wp-content\/uploads\/Lucas-Halter-em-acao-pelo-Botafogo-630x420.webp 630w, https:\/\/www.gaveanews.com\/wp-content\/uploads\/Lucas-Halter-em-acao-pelo-Botafogo-1260x840.webp 1260w, https:\/\/www.gaveanews.com\/wp-content\/uploads\/Lucas-Halter-em-acao-pelo-Botafogo-640x427.webp 640w, https:\/\/www.gaveanews.com\/wp-content\/uploads\/Lucas-Halter-em-acao-pelo-Botafogo-1280x854.webp 1280w, https:\/\/www.gaveanews.com\/wp-content\/uploads\/Lucas-Halter-em-acao-pelo-Botafogo-681x454.webp 681w, https:\/\/www.gaveanews.com\/wp-content\/uploads\/Lucas-Halter-em-acao-pelo-Botafogo-1362x908.webp 1362w, https:\/\/www.gaveanews.com\/wp-content\/uploads\/Lucas-Halter-em-acao-pelo-Botafogo-100x67.webp 100w\" sizes=\"auto, (max-width: 1024px) 100vw, 1024px\" \/><figcaption class=\"wp-element-caption\">Lucas Halter em a\u00e7\u00e3o pelo Botafogo (Foto: V\u00edtor Silva\/Botafogo)<\/figcaption><\/figure>\n\n\n\n<p>A sa\u00edda de Halter do Botafogo foi marcada por um per\u00edodo conturbado, envolvendo sua tentativa anterior de ser inclu\u00eddo em uma negocia\u00e7\u00e3o que envolvia o volante Jair, o que acabou n\u00e3o se concretizando. O atleta, que iniciou a temporada passada como titular, perdeu espa\u00e7o no elenco alvinegro e encerrou o ano com poucas oportunidades. Segundo Carpini, o zagueiro precisar\u00e1 recuperar a confian\u00e7a e ter\u00e1 a miss\u00e3o de elevar o n\u00edvel do setor defensivo do time baiano.<\/p>\n\n\n\n<p>Revelado pelo Athletico-PR, Halter tamb\u00e9m defendeu o Goi\u00e1s e acumulou passagens pelas sele\u00e7\u00f5es de base do Brasil, nas categorias Sub-17 e Ol\u00edmpica. Com a mudan\u00e7a para o Vit\u00f3ria, o jogador busca retomar a boa fase e se consolidar novamente como pe\u00e7a importante em um clube da S\u00e9rie A, enquanto o Rubro-Negro espera contar com sua experi\u00eancia e potencial para fortalecer a defesa durante a temporada.<\/p>\n\n\n\n<h2 class=\"wp-block-heading\" id=\"h-situacao-de-henry-mosquera\">Situa\u00e7\u00e3o de Henry Mosquera<\/h2>\n\n\n\n<p>O atacante colombiano Henry Mosquera, de 23 anos, manifestou seu desejo de ser negociado com o Botafogo, ap\u00f3s solicitar ao Red Bull Bragantino a transfer\u00eancia. Insatisfeito com a falta de oportunidades em sua atual equipe, o jogador enxerga no clube carioca uma chance de crescimento e maior visibilidade. A diretoria alvinegra, ciente do interesse do atleta, busca refor\u00e7ar o elenco e j\u00e1 iniciou tratativas para concretizar a contrata\u00e7\u00e3o, movimentando o mercado da bola neste in\u00edcio de temporada <strong><a href=\"https:\/\/www.gaveanews.com\/index.php\/2025\/02\/10\/atacante-pede-para-ser-vendido-ao-botafogo\/\">(leia a mat\u00e9ria completa).<\/a><\/strong><\/p>\n\n\n\n<figure class=\"wp-block-image size-full\"><img loading=\"lazy\" decoding=\"async\" width=\"1000\" height=\"987\" src=\"http:\/\/www.gaveanews.com\/wp-content\/uploads\/Henry-Mosquera.webp\" alt=\"\" class=\"wp-image-112417\" srcset=\"https:\/\/www.gaveanews.com\/wp-content\/uploads\/Henry-Mosquera.webp 1000w, https:\/\/www.gaveanews.com\/wp-content\/uploads\/Henry-Mosquera-300x296.webp 300w, https:\/\/www.gaveanews.com\/wp-content\/uploads\/Henry-Mosquera-768x758.webp 768w, https:\/\/www.gaveanews.com\/wp-content\/uploads\/Henry-Mosquera-426x420.webp 426w, https:\/\/www.gaveanews.com\/wp-content\/uploads\/Henry-Mosquera-851x840.webp 851w, https:\/\/www.gaveanews.com\/wp-content\/uploads\/Henry-Mosquera-640x632.webp 640w, https:\/\/www.gaveanews.com\/wp-content\/uploads\/Henry-Mosquera-681x672.webp 681w, https:\/\/www.gaveanews.com\/wp-content\/uploads\/Henry-Mosquera-100x99.webp 100w\" sizes=\"auto, (max-width: 1000px) 100vw, 1000px\" \/><figcaption class=\"wp-element-caption\">Henry Mosquera, do Bragantino, comemora um dos gols marcados contra o Flamengo \u2014 Foto: Ari Ferreira\/Red Bull Bragantino<\/figcaption><\/figure>\n\n\n\n<p>A primeira proposta do Botafogo, que previa um empr\u00e9stimo com op\u00e7\u00e3o de compra, foi recusada pelo Bragantino. No entanto, o time carioca fez uma nova investida e ofereceu 4 milh\u00f5es de d\u00f3lares (aproximadamente R$ 23 milh\u00f5es) pela aquisi\u00e7\u00e3o definitiva dos direitos econ\u00f4micos de Mosquera. As negocia\u00e7\u00f5es seguem em andamento e ganharam um passo importante com a chegada do empres\u00e1rio do atacante ao Brasil, que se reunir\u00e1 com a diretoria paulista para tentar avan\u00e7ar nas conversas.<\/p>\n\n\n\n<p>O interesse de Mosquera em se juntar ao Botafogo est\u00e1 alinhado com o projeto de crescimento do clube, que tem investido fortemente em refor\u00e7os e busca consolidar sua posi\u00e7\u00e3o entre as principais equipes do futebol brasileiro. A defini\u00e7\u00e3o do futuro do atacante deve ocorrer nos pr\u00f3ximos dias, e, caso o acordo seja selado, o colombiano poder\u00e1 se tornar um importante refor\u00e7o para a sequ\u00eancia da temporada, aumentando as op\u00e7\u00f5es do t\u00e9cnico Carlos Leiria no setor ofensivo.<\/p>\n","protected":false},"excerpt":{"rendered":"<p>Nas \u00faltimas horas, o foco das not\u00edcias sobre o Botafogo se concentram nos bastidores do clube, com destaques do dia a dia do time. Por conta deste contexto, leia abaixo um resumo preparado pela equipe do portal G\u00e1vea News para lhe manter muito bem informado! Recado de Bruno Prado Ap\u00f3s a sa\u00edda do t\u00e9cnico Artur [&hellip;]<\/p>\n","protected":false},"author":27,"featured_media":158965,"comment_status":"open","ping_status":"closed","sticky":false,"template":"","format":"standard","meta":{"footnotes":""},"categories":[138],"tags":[],"class_list":["post-227622","post","type-post","status-publish","format-standard","has-post-thumbnail","hentry","category-botafogo"],"yoast_head":"<!-- This site is optimized with the Yoast SEO Premium plugin v24.2 (Yoast SEO v26.9) - https:\/\/yoast.com\/product\/yoast-seo-premium-wordpress\/ -->\n<title>Situa\u00e7\u00e3o de Henry Mosquera, contrata\u00e7\u00e3o de Lucas Halter e recado de Bruno Prado: as \u00faltimas not\u00edcias do Botafogo<\/title>\n<meta name=\"robots\" content=\"index, follow, max-snippet:-1, max-image-preview:large, max-video-preview:-1\" \/>\n<link rel=\"canonical\" href=\"https:\/\/www.gaveanews.com\/index.php\/2025\/02\/14\/situacao-de-henry-mosquera-contratacao-de-lucas-halter-e-recado-de-bruno-prado-as-ultimas-noticias-do-botafogo\/\" \/>\n<meta property=\"og:locale\" content=\"pt_BR\" \/>\n<meta property=\"og:type\" content=\"article\" \/>\n<meta property=\"og:title\" content=\"Situa\u00e7\u00e3o de Henry Mosquera, contrata\u00e7\u00e3o de Lucas Halter e recado de Bruno Prado: as \u00faltimas not\u00edcias do Botafogo\" \/>\n<meta property=\"og:description\" content=\"Nas \u00faltimas horas, o foco das not\u00edcias sobre o Botafogo se concentram nos bastidores do clube, com destaques do dia a dia do time. Por conta deste contexto, leia abaixo um resumo preparado pela equipe do portal G\u00e1vea News para lhe manter muito bem informado! Recado de Bruno Prado Ap\u00f3s a sa\u00edda do t\u00e9cnico Artur [&hellip;]\" \/>\n<meta property=\"og:url\" content=\"https:\/\/www.gaveanews.com\/index.php\/2025\/02\/14\/situacao-de-henry-mosquera-contratacao-de-lucas-halter-e-recado-de-bruno-prado-as-ultimas-noticias-do-botafogo\/\" \/>\n<meta property=\"og:site_name\" content=\"G\u00e1vea News\" \/>\n<meta property=\"article:publisher\" content=\"https:\/\/facebook.com\/gaveaNews\/\" \/>\n<meta property=\"article:published_time\" content=\"2025-02-14T10:10:00+00:00\" \/>\n<meta property=\"og:image\" content=\"https:\/\/www.gaveanews.com\/wp-content\/uploads\/53924402764_6b4493792f_o-e1723743312178.webp\" \/>\n\t<meta property=\"og:image:width\" content=\"1220\" \/>\n\t<meta property=\"og:image:height\" content=\"674\" \/>\n\t<meta property=\"og:image:type\" content=\"image\/webp\" \/>\n<meta name=\"author\" content=\"Matheus Felipe\" \/>\n<meta name=\"twitter:card\" content=\"summary_large_image\" \/>\n<meta name=\"twitter:label1\" content=\"Escrito por\" \/>\n\t<meta name=\"twitter:data1\" content=\"Matheus Felipe\" \/>\n\t<meta name=\"twitter:label2\" content=\"Est. tempo de leitura\" \/>\n\t<meta name=\"twitter:data2\" content=\"6 minutos\" \/>\n<script type=\"application\/ld+json\" class=\"yoast-schema-graph\">{\"@context\":\"https:\/\/schema.org\",\"@graph\":[{\"@type\":\"NewsArticle\",\"@id\":\"https:\/\/www.gaveanews.com\/index.php\/2025\/02\/14\/situacao-de-henry-mosquera-contratacao-de-lucas-halter-e-recado-de-bruno-prado-as-ultimas-noticias-do-botafogo\/#article\",\"isPartOf\":{\"@id\":\"https:\/\/www.gaveanews.com\/index.php\/2025\/02\/14\/situacao-de-henry-mosquera-contratacao-de-lucas-halter-e-recado-de-bruno-prado-as-ultimas-noticias-do-botafogo\/\"},\"author\":{\"name\":\"Matheus Felipe\",\"@id\":\"https:\/\/www.gaveanews.com\/#\/schema\/person\/8207cd4627f56151707418bfc835b2fb\"},\"headline\":\"Situa\u00e7\u00e3o de Henry Mosquera, contrata\u00e7\u00e3o de Lucas Halter e recado de Bruno Prado: as \u00faltimas not\u00edcias do Botafogo\",\"datePublished\":\"2025-02-14T10:10:00+00:00\",\"mainEntityOfPage\":{\"@id\":\"https:\/\/www.gaveanews.com\/index.php\/2025\/02\/14\/situacao-de-henry-mosquera-contratacao-de-lucas-halter-e-recado-de-bruno-prado-as-ultimas-noticias-do-botafogo\/\"},\"wordCount\":908,\"commentCount\":0,\"image\":{\"@id\":\"https:\/\/www.gaveanews.com\/index.php\/2025\/02\/14\/situacao-de-henry-mosquera-contratacao-de-lucas-halter-e-recado-de-bruno-prado-as-ultimas-noticias-do-botafogo\/#primaryimage\"},\"thumbnailUrl\":\"https:\/\/www.gaveanews.com\/wp-content\/uploads\/53924402764_6b4493792f_o-e1723743312178.webp\",\"articleSection\":[\"Botafogo\"],\"inLanguage\":\"pt-BR\",\"potentialAction\":[{\"@type\":\"CommentAction\",\"name\":\"Comment\",\"target\":[\"https:\/\/www.gaveanews.com\/index.php\/2025\/02\/14\/situacao-de-henry-mosquera-contratacao-de-lucas-halter-e-recado-de-bruno-prado-as-ultimas-noticias-do-botafogo\/#respond\"]}],\"copyrightYear\":\"2025\",\"copyrightHolder\":{\"@id\":\"https:\/\/www.gaveanews.com\/#organization\"}},{\"@type\":\"WebPage\",\"@id\":\"https:\/\/www.gaveanews.com\/index.php\/2025\/02\/14\/situacao-de-henry-mosquera-contratacao-de-lucas-halter-e-recado-de-bruno-prado-as-ultimas-noticias-do-botafogo\/\",\"url\":\"https:\/\/www.gaveanews.com\/index.php\/2025\/02\/14\/situacao-de-henry-mosquera-contratacao-de-lucas-halter-e-recado-de-bruno-prado-as-ultimas-noticias-do-botafogo\/\",\"name\":\"Situa\u00e7\u00e3o de Henry Mosquera, contrata\u00e7\u00e3o de Lucas Halter e recado de Bruno Prado: as \u00faltimas not\u00edcias do Botafogo\",\"isPartOf\":{\"@id\":\"https:\/\/www.gaveanews.com\/#website\"},\"primaryImageOfPage\":{\"@id\":\"https:\/\/www.gaveanews.com\/index.php\/2025\/02\/14\/situacao-de-henry-mosquera-contratacao-de-lucas-halter-e-recado-de-bruno-prado-as-ultimas-noticias-do-botafogo\/#primaryimage\"},\"image\":{\"@id\":\"https:\/\/www.gaveanews.com\/index.php\/2025\/02\/14\/situacao-de-henry-mosquera-contratacao-de-lucas-halter-e-recado-de-bruno-prado-as-ultimas-noticias-do-botafogo\/#primaryimage\"},\"thumbnailUrl\":\"https:\/\/www.gaveanews.com\/wp-content\/uploads\/53924402764_6b4493792f_o-e1723743312178.webp\",\"datePublished\":\"2025-02-14T10:10:00+00:00\",\"author\":{\"@id\":\"https:\/\/www.gaveanews.com\/#\/schema\/person\/8207cd4627f56151707418bfc835b2fb\"},\"breadcrumb\":{\"@id\":\"https:\/\/www.gaveanews.com\/index.php\/2025\/02\/14\/situacao-de-henry-mosquera-contratacao-de-lucas-halter-e-recado-de-bruno-prado-as-ultimas-noticias-do-botafogo\/#breadcrumb\"},\"inLanguage\":\"pt-BR\",\"potentialAction\":[{\"@type\":\"ReadAction\",\"target\":[\"https:\/\/www.gaveanews.com\/index.php\/2025\/02\/14\/situacao-de-henry-mosquera-contratacao-de-lucas-halter-e-recado-de-bruno-prado-as-ultimas-noticias-do-botafogo\/\"]}]},{\"@type\":\"ImageObject\",\"inLanguage\":\"pt-BR\",\"@id\":\"https:\/\/www.gaveanews.com\/index.php\/2025\/02\/14\/situacao-de-henry-mosquera-contratacao-de-lucas-halter-e-recado-de-bruno-prado-as-ultimas-noticias-do-botafogo\/#primaryimage\",\"url\":\"https:\/\/www.gaveanews.com\/wp-content\/uploads\/53924402764_6b4493792f_o-e1723743312178.webp\",\"contentUrl\":\"https:\/\/www.gaveanews.com\/wp-content\/uploads\/53924402764_6b4493792f_o-e1723743312178.webp\",\"width\":1220,\"height\":674,\"caption\":\"Torcida do Botafogo no jogo contra o Palmeiras pela Libertadores - Foto: Botafogo\/Flickr\"},{\"@type\":\"BreadcrumbList\",\"@id\":\"https:\/\/www.gaveanews.com\/index.php\/2025\/02\/14\/situacao-de-henry-mosquera-contratacao-de-lucas-halter-e-recado-de-bruno-prado-as-ultimas-noticias-do-botafogo\/#breadcrumb\",\"itemListElement\":[{\"@type\":\"ListItem\",\"position\":1,\"name\":\"Home\",\"item\":\"https:\/\/www.gaveanews.com\/\"},{\"@type\":\"ListItem\",\"position\":2,\"name\":\"Situa\u00e7\u00e3o de Henry Mosquera, contrata\u00e7\u00e3o de Lucas Halter e recado de Bruno Prado: as \u00faltimas not\u00edcias do Botafogo\"}]},{\"@type\":\"WebSite\",\"@id\":\"https:\/\/www.gaveanews.com\/#website\",\"url\":\"https:\/\/www.gaveanews.com\/\",\"name\":\"G\u00e1vea News\",\"description\":\"Veja todas as not\u00edcias sobre o Flamengo: Contrata\u00e7\u00f5es, categorias de base, resultados das partidas, tabela de classifica\u00e7\u00e3o, pr\u00f3ximos jogos!\",\"potentialAction\":[{\"@type\":\"SearchAction\",\"target\":{\"@type\":\"EntryPoint\",\"urlTemplate\":\"https:\/\/www.gaveanews.com\/?s={search_term_string}\"},\"query-input\":{\"@type\":\"PropertyValueSpecification\",\"valueRequired\":true,\"valueName\":\"search_term_string\"}}],\"inLanguage\":\"pt-BR\"},{\"@type\":\"Person\",\"@id\":\"https:\/\/www.gaveanews.com\/#\/schema\/person\/8207cd4627f56151707418bfc835b2fb\",\"name\":\"Matheus Felipe\",\"image\":{\"@type\":\"ImageObject\",\"inLanguage\":\"pt-BR\",\"@id\":\"https:\/\/www.gaveanews.com\/#\/schema\/person\/image\/\",\"url\":\"https:\/\/secure.gravatar.com\/avatar\/a452ffbed9130f726358b298bb3a99ce4bd3c5338411f8440e87e14d74c7c087?s=96&d=mm&r=g\",\"contentUrl\":\"https:\/\/secure.gravatar.com\/avatar\/a452ffbed9130f726358b298bb3a99ce4bd3c5338411f8440e87e14d74c7c087?s=96&d=mm&r=g\",\"caption\":\"Matheus Felipe\"}}]}<\/script>\n<!-- \/ Yoast SEO Premium plugin. -->","yoast_head_json":{"title":"Situa\u00e7\u00e3o de Henry Mosquera, contrata\u00e7\u00e3o de Lucas Halter e recado de Bruno Prado: as \u00faltimas not\u00edcias do Botafogo","robots":{"index":"index","follow":"follow","max-snippet":"max-snippet:-1","max-image-preview":"max-image-preview:large","max-video-preview":"max-video-preview:-1"},"canonical":"https:\/\/www.gaveanews.com\/index.php\/2025\/02\/14\/situacao-de-henry-mosquera-contratacao-de-lucas-halter-e-recado-de-bruno-prado-as-ultimas-noticias-do-botafogo\/","og_locale":"pt_BR","og_type":"article","og_title":"Situa\u00e7\u00e3o de Henry Mosquera, contrata\u00e7\u00e3o de Lucas Halter e recado de Bruno Prado: as \u00faltimas not\u00edcias do Botafogo","og_description":"Nas \u00faltimas horas, o foco das not\u00edcias sobre o Botafogo se concentram nos bastidores do clube, com destaques do dia a dia do time. Por conta deste contexto, leia abaixo um resumo preparado pela equipe do portal G\u00e1vea News para lhe manter muito bem informado! Recado de Bruno Prado Ap\u00f3s a sa\u00edda do t\u00e9cnico Artur [&hellip;]","og_url":"https:\/\/www.gaveanews.com\/index.php\/2025\/02\/14\/situacao-de-henry-mosquera-contratacao-de-lucas-halter-e-recado-de-bruno-prado-as-ultimas-noticias-do-botafogo\/","og_site_name":"G\u00e1vea News","article_publisher":"https:\/\/facebook.com\/gaveaNews\/","article_published_time":"2025-02-14T10:10:00+00:00","og_image":[{"width":1220,"height":674,"url":"https:\/\/www.gaveanews.com\/wp-content\/uploads\/53924402764_6b4493792f_o-e1723743312178.webp","type":"image\/webp"}],"author":"Matheus Felipe","twitter_card":"summary_large_image","twitter_misc":{"Escrito por":"Matheus Felipe","Est. tempo de leitura":"6 minutos"},"schema":{"@context":"https:\/\/schema.org","@graph":[{"@type":"NewsArticle","@id":"https:\/\/www.gaveanews.com\/index.php\/2025\/02\/14\/situacao-de-henry-mosquera-contratacao-de-lucas-halter-e-recado-de-bruno-prado-as-ultimas-noticias-do-botafogo\/#article","isPartOf":{"@id":"https:\/\/www.gaveanews.com\/index.php\/2025\/02\/14\/situacao-de-henry-mosquera-contratacao-de-lucas-halter-e-recado-de-bruno-prado-as-ultimas-noticias-do-botafogo\/"},"author":{"name":"Matheus Felipe","@id":"https:\/\/www.gaveanews.com\/#\/schema\/person\/8207cd4627f56151707418bfc835b2fb"},"headline":"Situa\u00e7\u00e3o de Henry Mosquera, contrata\u00e7\u00e3o de Lucas Halter e recado de Bruno Prado: as \u00faltimas not\u00edcias do Botafogo","datePublished":"2025-02-14T10:10:00+00:00","mainEntityOfPage":{"@id":"https:\/\/www.gaveanews.com\/index.php\/2025\/02\/14\/situacao-de-henry-mosquera-contratacao-de-lucas-halter-e-recado-de-bruno-prado-as-ultimas-noticias-do-botafogo\/"},"wordCount":908,"commentCount":0,"image":{"@id":"https:\/\/www.gaveanews.com\/index.php\/2025\/02\/14\/situacao-de-henry-mosquera-contratacao-de-lucas-halter-e-recado-de-bruno-prado-as-ultimas-noticias-do-botafogo\/#primaryimage"},"thumbnailUrl":"https:\/\/www.gaveanews.com\/wp-content\/uploads\/53924402764_6b4493792f_o-e1723743312178.webp","articleSection":["Botafogo"],"inLanguage":"pt-BR","potentialAction":[{"@type":"CommentAction","name":"Comment","target":["https:\/\/www.gaveanews.com\/index.php\/2025\/02\/14\/situacao-de-henry-mosquera-contratacao-de-lucas-halter-e-recado-de-bruno-prado-as-ultimas-noticias-do-botafogo\/#respond"]}],"copyrightYear":"2025","copyrightHolder":{"@id":"https:\/\/www.gaveanews.com\/#organization"}},{"@type":"WebPage","@id":"https:\/\/www.gaveanews.com\/index.php\/2025\/02\/14\/situacao-de-henry-mosquera-contratacao-de-lucas-halter-e-recado-de-bruno-prado-as-ultimas-noticias-do-botafogo\/","url":"https:\/\/www.gaveanews.com\/index.php\/2025\/02\/14\/situacao-de-henry-mosquera-contratacao-de-lucas-halter-e-recado-de-bruno-prado-as-ultimas-noticias-do-botafogo\/","name":"Situa\u00e7\u00e3o de Henry Mosquera, contrata\u00e7\u00e3o de Lucas Halter e recado de Bruno Prado: as \u00faltimas not\u00edcias do Botafogo","isPartOf":{"@id":"https:\/\/www.gaveanews.com\/#website"},"primaryImageOfPage":{"@id":"https:\/\/www.gaveanews.com\/index.php\/2025\/02\/14\/situacao-de-henry-mosquera-contratacao-de-lucas-halter-e-recado-de-bruno-prado-as-ultimas-noticias-do-botafogo\/#primaryimage"},"image":{"@id":"https:\/\/www.gaveanews.com\/index.php\/2025\/02\/14\/situacao-de-henry-mosquera-contratacao-de-lucas-halter-e-recado-de-bruno-prado-as-ultimas-noticias-do-botafogo\/#primaryimage"},"thumbnailUrl":"https:\/\/www.gaveanews.com\/wp-content\/uploads\/53924402764_6b4493792f_o-e1723743312178.webp","datePublished":"2025-02-14T10:10:00+00:00","author":{"@id":"https:\/\/www.gaveanews.com\/#\/schema\/person\/8207cd4627f56151707418bfc835b2fb"},"breadcrumb":{"@id":"https:\/\/www.gaveanews.com\/index.php\/2025\/02\/14\/situacao-de-henry-mosquera-contratacao-de-lucas-halter-e-recado-de-bruno-prado-as-ultimas-noticias-do-botafogo\/#breadcrumb"},"inLanguage":"pt-BR","potentialAction":[{"@type":"ReadAction","target":["https:\/\/www.gaveanews.com\/index.php\/2025\/02\/14\/situacao-de-henry-mosquera-contratacao-de-lucas-halter-e-recado-de-bruno-prado-as-ultimas-noticias-do-botafogo\/"]}]},{"@type":"ImageObject","inLanguage":"pt-BR","@id":"https:\/\/www.gaveanews.com\/index.php\/2025\/02\/14\/situacao-de-henry-mosquera-contratacao-de-lucas-halter-e-recado-de-bruno-prado-as-ultimas-noticias-do-botafogo\/#primaryimage","url":"https:\/\/www.gaveanews.com\/wp-content\/uploads\/53924402764_6b4493792f_o-e1723743312178.webp","contentUrl":"https:\/\/www.gaveanews.com\/wp-content\/uploads\/53924402764_6b4493792f_o-e1723743312178.webp","width":1220,"height":674,"caption":"Torcida do Botafogo no jogo contra o Palmeiras pela Libertadores - Foto: Botafogo\/Flickr"},{"@type":"BreadcrumbList","@id":"https:\/\/www.gaveanews.com\/index.php\/2025\/02\/14\/situacao-de-henry-mosquera-contratacao-de-lucas-halter-e-recado-de-bruno-prado-as-ultimas-noticias-do-botafogo\/#breadcrumb","itemListElement":[{"@type":"ListItem","position":1,"name":"Home","item":"https:\/\/www.gaveanews.com\/"},{"@type":"ListItem","position":2,"name":"Situa\u00e7\u00e3o de Henry Mosquera, contrata\u00e7\u00e3o de Lucas Halter e recado de Bruno Prado: as \u00faltimas not\u00edcias do Botafogo"}]},{"@type":"WebSite","@id":"https:\/\/www.gaveanews.com\/#website","url":"https:\/\/www.gaveanews.com\/","name":"G\u00e1vea News","description":"Veja todas as not\u00edcias sobre o Flamengo: Contrata\u00e7\u00f5es, categorias de base, resultados das partidas, tabela de classifica\u00e7\u00e3o, pr\u00f3ximos jogos!","potentialAction":[{"@type":"SearchAction","target":{"@type":"EntryPoint","urlTemplate":"https:\/\/www.gaveanews.com\/?s={search_term_string}"},"query-input":{"@type":"PropertyValueSpecification","valueRequired":true,"valueName":"search_term_string"}}],"inLanguage":"pt-BR"},{"@type":"Person","@id":"https:\/\/www.gaveanews.com\/#\/schema\/person\/8207cd4627f56151707418bfc835b2fb","name":"Matheus Felipe","image":{"@type":"ImageObject","inLanguage":"pt-BR","@id":"https:\/\/www.gaveanews.com\/#\/schema\/person\/image\/","url":"https:\/\/secure.gravatar.com\/avatar\/a452ffbed9130f726358b298bb3a99ce4bd3c5338411f8440e87e14d74c7c087?s=96&d=mm&r=g","contentUrl":"https:\/\/secure.gravatar.com\/avatar\/a452ffbed9130f726358b298bb3a99ce4bd3c5338411f8440e87e14d74c7c087?s=96&d=mm&r=g","caption":"Matheus Felipe"}}]}},"_links":{"self":[{"href":"https:\/\/www.gaveanews.com\/index.php\/wp-json\/wp\/v2\/posts\/227622","targetHints":{"allow":["GET"]}}],"collection":[{"href":"https:\/\/www.gaveanews.com\/index.php\/wp-json\/wp\/v2\/posts"}],"about":[{"href":"https:\/\/www.gaveanews.com\/index.php\/wp-json\/wp\/v2\/types\/post"}],"author":[{"embeddable":true,"href":"https:\/\/www.gaveanews.com\/index.php\/wp-json\/wp\/v2\/users\/27"}],"replies":[{"embeddable":true,"href":"https:\/\/www.gaveanews.com\/index.php\/wp-json\/wp\/v2\/comments?post=227622"}],"version-history":[{"count":1,"href":"https:\/\/www.gaveanews.com\/index.php\/wp-json\/wp\/v2\/posts\/227622\/revisions"}],"predecessor-version":[{"id":227669,"href":"https:\/\/www.gaveanews.com\/index.php\/wp-json\/wp\/v2\/posts\/227622\/revisions\/227669"}],"wp:featuredmedia":[{"embeddable":true,"href":"https:\/\/www.gaveanews.com\/index.php\/wp-json\/wp\/v2\/media\/158965"}],"wp:attachment":[{"href":"https:\/\/www.gaveanews.com\/index.php\/wp-json\/wp\/v2\/media?parent=227622"}],"wp:term":[{"taxonomy":"category","embeddable":true,"href":"https:\/\/www.gaveanews.com\/index.php\/wp-json\/wp\/v2\/categories?post=227622"},{"taxonomy":"post_tag","embeddable":true,"href":"https:\/\/www.gaveanews.com\/index.php\/wp-json\/wp\/v2\/tags?post=227622"}],"curies":[{"name":"wp","href":"https:\/\/api.w.org\/{rel}","templated":true}]}}