{"id":227623,"date":"2025-02-14T06:10:00","date_gmt":"2025-02-14T09:10:00","guid":{"rendered":"https:\/\/www.gaveanews.com\/?p=227623"},"modified":"2025-02-14T03:09:36","modified_gmt":"2025-02-14T06:09:36","slug":"declaracao-de-carlos-leiria-nova-contratacao-e-as-contratacoes-do-brasileirao-serie-a-as-ultimas-noticias-do-botafogo","status":"publish","type":"post","link":"https:\/\/www.gaveanews.com\/index.php\/2025\/02\/14\/declaracao-de-carlos-leiria-nova-contratacao-e-as-contratacoes-do-brasileirao-serie-a-as-ultimas-noticias-do-botafogo\/","title":{"rendered":"Declara\u00e7\u00e3o de Carlos Leiria, nova contrata\u00e7\u00e3o e as contrata\u00e7\u00f5es do Brasileir\u00e3o S\u00e9rie A: as \u00faltimas not\u00edcias do Botafogo"},"content":{"rendered":"\n<p>Nas \u00faltimas horas, o foco das not\u00edcias sobre o Botafogo se concentram nos bastidores do clube, com destaques do dia a dia do time.<\/p>\n\n\n\n<p>Por conta deste contexto, leia abaixo um resumo preparado pela equipe do portal G\u00e1vea News para lhe manter muito bem informado!<\/p>\n\n\n\n<h2 class=\"wp-block-heading\" id=\"h-as-contratacoes-do-brasileirao-serie-a\">As contrata\u00e7\u00f5es do Brasileir\u00e3o S\u00e9rie A<\/h2>\n\n\n\n<p>O mercado de transfer\u00eancias do Brasileir\u00e3o S\u00e9rie A 2025 movimentou os clubes, que buscaram refor\u00e7ar seus elencos com nomes de peso e jovens promessas. O destaque ficou por conta da volta de Neymar ao Santos, reacendendo a paix\u00e3o da torcida alvinegra e aumentando as expectativas para a temporada. Al\u00e9m dele, o Flamengo trouxe Juninho para suprir as aus\u00eancias no ataque, enquanto o Fluminense garantiu o atacante uruguaio Joaqu\u00edn Lavega, considerado um talento promissor. O Fortaleza apostou na contrata\u00e7\u00e3o do colombiano Dylan Borrero, e o Bragantino investiu R$ 30 milh\u00f5es no paraguaio Isidro Pitta para refor\u00e7ar o setor ofensivo <strong><a href=\"https:\/\/www.gaveanews.com\/index.php\/2025\/02\/10\/neymar-david-martins-gabriel-menino-artur-isidro-pitta-dieguinho-christian-juninho-lavega-e-dylan-borrero-as-contratacoes-do-brasileirao-serie-a-2025\/\">(leia a mat\u00e9ria completa).<\/a><\/strong><\/p>\n\n\n\n<blockquote class=\"instagram-media\" data-instgrm-permalink=\"https:\/\/www.instagram.com\/p\/DFYFhRMvTOx\/?utm_source=ig_embed&amp;utm_campaign=loading\" data-instgrm-version=\"14\" style=\" background:#FFF; border:0; border-radius:3px; box-shadow:0 0 1px 0 rgba(0,0,0,0.5),0 1px 10px 0 rgba(0,0,0,0.15); margin: 1px; max-width:540px; min-width:326px; padding:0; width:99.375%; width:-webkit-calc(100% - 2px); width:calc(100% - 2px);\"><div style=\"padding:16px;\"> <a href=\"https:\/\/www.instagram.com\/p\/DFYFhRMvTOx\/?utm_source=ig_embed&amp;utm_campaign=loading\" style=\" background:#FFFFFF; line-height:0; padding:0 0; text-align:center; text-decoration:none; width:100%;\" target=\"_blank\"> <div style=\" display: flex; flex-direction: row; align-items: center;\"> <div style=\"background-color: #F4F4F4; border-radius: 50%; flex-grow: 0; height: 40px; margin-right: 14px; width: 40px;\"><\/div> <div style=\"display: flex; flex-direction: column; flex-grow: 1; justify-content: center;\"> <div style=\" background-color: #F4F4F4; border-radius: 4px; flex-grow: 0; height: 14px; margin-bottom: 6px; width: 100px;\"><\/div> <div style=\" background-color: #F4F4F4; border-radius: 4px; flex-grow: 0; height: 14px; width: 60px;\"><\/div><\/div><\/div><div style=\"padding: 19% 0;\"><\/div> <div style=\"display:block; height:50px; margin:0 auto 12px; width:50px;\"><svg width=\"50px\" height=\"50px\" viewBox=\"0 0 60 60\" version=\"1.1\" xmlns=\"https:\/\/www.w3.org\/2000\/svg\" xmlns:xlink=\"https:\/\/www.w3.org\/1999\/xlink\"><g stroke=\"none\" stroke-width=\"1\" fill=\"none\" fill-rule=\"evenodd\"><g transform=\"translate(-511.000000, -20.000000)\" fill=\"#000000\"><g><path d=\"M556.869,30.41 C554.814,30.41 553.148,32.076 553.148,34.131 C553.148,36.186 554.814,37.852 556.869,37.852 C558.924,37.852 560.59,36.186 560.59,34.131 C560.59,32.076 558.924,30.41 556.869,30.41 M541,60.657 C535.114,60.657 530.342,55.887 530.342,50 C530.342,44.114 535.114,39.342 541,39.342 C546.887,39.342 551.658,44.114 551.658,50 C551.658,55.887 546.887,60.657 541,60.657 M541,33.886 C532.1,33.886 524.886,41.1 524.886,50 C524.886,58.899 532.1,66.113 541,66.113 C549.9,66.113 557.115,58.899 557.115,50 C557.115,41.1 549.9,33.886 541,33.886 M565.378,62.101 C565.244,65.022 564.756,66.606 564.346,67.663 C563.803,69.06 563.154,70.057 562.106,71.106 C561.058,72.155 560.06,72.803 558.662,73.347 C557.607,73.757 556.021,74.244 553.102,74.378 C549.944,74.521 548.997,74.552 541,74.552 C533.003,74.552 532.056,74.521 528.898,74.378 C525.979,74.244 524.393,73.757 523.338,73.347 C521.94,72.803 520.942,72.155 519.894,71.106 C518.846,70.057 518.197,69.06 517.654,67.663 C517.244,66.606 516.755,65.022 516.623,62.101 C516.479,58.943 516.448,57.996 516.448,50 C516.448,42.003 516.479,41.056 516.623,37.899 C516.755,34.978 517.244,33.391 517.654,32.338 C518.197,30.938 518.846,29.942 519.894,28.894 C520.942,27.846 521.94,27.196 523.338,26.654 C524.393,26.244 525.979,25.756 528.898,25.623 C532.057,25.479 533.004,25.448 541,25.448 C548.997,25.448 549.943,25.479 553.102,25.623 C556.021,25.756 557.607,26.244 558.662,26.654 C560.06,27.196 561.058,27.846 562.106,28.894 C563.154,29.942 563.803,30.938 564.346,32.338 C564.756,33.391 565.244,34.978 565.378,37.899 C565.522,41.056 565.552,42.003 565.552,50 C565.552,57.996 565.522,58.943 565.378,62.101 M570.82,37.631 C570.674,34.438 570.167,32.258 569.425,30.349 C568.659,28.377 567.633,26.702 565.965,25.035 C564.297,23.368 562.623,22.342 560.652,21.575 C558.743,20.834 556.562,20.326 553.369,20.18 C550.169,20.033 549.148,20 541,20 C532.853,20 531.831,20.033 528.631,20.18 C525.438,20.326 523.257,20.834 521.349,21.575 C519.376,22.342 517.703,23.368 516.035,25.035 C514.368,26.702 513.342,28.377 512.574,30.349 C511.834,32.258 511.326,34.438 511.181,37.631 C511.035,40.831 511,41.851 511,50 C511,58.147 511.035,59.17 511.181,62.369 C511.326,65.562 511.834,67.743 512.574,69.651 C513.342,71.625 514.368,73.296 516.035,74.965 C517.703,76.634 519.376,77.658 521.349,78.425 C523.257,79.167 525.438,79.673 528.631,79.82 C531.831,79.965 532.853,80.001 541,80.001 C549.148,80.001 550.169,79.965 553.369,79.82 C556.562,79.673 558.743,79.167 560.652,78.425 C562.623,77.658 564.297,76.634 565.965,74.965 C567.633,73.296 568.659,71.625 569.425,69.651 C570.167,67.743 570.674,65.562 570.82,62.369 C570.966,59.17 571,58.147 571,50 C571,41.851 570.966,40.831 570.82,37.631\"><\/path><\/g><\/g><\/g><\/svg><\/div><div style=\"padding-top: 8px;\"> <div style=\" color:#3897f0; font-family:Arial,sans-serif; font-size:14px; font-style:normal; font-weight:550; line-height:18px;\">Ver essa foto no Instagram<\/div><\/div><div style=\"padding: 12.5% 0;\"><\/div> <div style=\"display: flex; flex-direction: row; margin-bottom: 14px; align-items: center;\"><div> <div style=\"background-color: #F4F4F4; border-radius: 50%; height: 12.5px; width: 12.5px; transform: translateX(0px) translateY(7px);\"><\/div> <div style=\"background-color: #F4F4F4; height: 12.5px; transform: rotate(-45deg) translateX(3px) translateY(1px); width: 12.5px; flex-grow: 0; margin-right: 14px; margin-left: 2px;\"><\/div> <div style=\"background-color: #F4F4F4; border-radius: 50%; height: 12.5px; width: 12.5px; transform: translateX(9px) translateY(-18px);\"><\/div><\/div><div style=\"margin-left: 8px;\"> <div style=\" background-color: #F4F4F4; border-radius: 50%; flex-grow: 0; height: 20px; width: 20px;\"><\/div> <div style=\" width: 0; height: 0; border-top: 2px solid transparent; border-left: 6px solid #f4f4f4; border-bottom: 2px solid transparent; transform: translateX(16px) translateY(-4px) rotate(30deg)\"><\/div><\/div><div style=\"margin-left: auto;\"> <div style=\" width: 0px; border-top: 8px solid #F4F4F4; border-right: 8px solid transparent; transform: translateY(16px);\"><\/div> <div style=\" background-color: #F4F4F4; flex-grow: 0; height: 12px; width: 16px; transform: translateY(-4px);\"><\/div> <div style=\" width: 0; height: 0; border-top: 8px solid #F4F4F4; border-left: 8px solid transparent; transform: translateY(-4px) translateX(8px);\"><\/div><\/div><\/div> <div style=\"display: flex; flex-direction: column; flex-grow: 1; justify-content: center; margin-bottom: 24px;\"> <div style=\" background-color: #F4F4F4; border-radius: 4px; flex-grow: 0; height: 14px; margin-bottom: 6px; width: 224px;\"><\/div> <div style=\" background-color: #F4F4F4; border-radius: 4px; flex-grow: 0; height: 14px; width: 144px;\"><\/div><\/div><\/a><p style=\" color:#c9c8cd; font-family:Arial,sans-serif; font-size:14px; line-height:17px; margin-bottom:0; margin-top:8px; overflow:hidden; padding:8px 0 7px; text-align:center; text-overflow:ellipsis; white-space:nowrap;\"><a href=\"https:\/\/www.instagram.com\/p\/DFYFhRMvTOx\/?utm_source=ig_embed&amp;utm_campaign=loading\" style=\" color:#c9c8cd; font-family:Arial,sans-serif; font-size:14px; font-style:normal; font-weight:normal; line-height:17px; text-decoration:none;\" target=\"_blank\">Uma publica\u00e7\u00e3o compartilhada por Botafogo F.R. (@botafogo)<\/a><\/p><\/div><\/blockquote>\n<script async src=\"\/\/www.instagram.com\/embed.js\"><\/script>\n\n\n\n<p>Outros clubes tamb\u00e9m se movimentaram intensamente. O Atl\u00e9tico-MG contratou Gabriel Menino em negocia\u00e7\u00e3o que envolveu a sa\u00edda de Paulinho para o Palmeiras, enquanto o Cruzeiro adquiriu o volante Christian junto ao Athletico-PR por R$ 17,5 milh\u00f5es. <\/p>\n\n\n\n<p>O Bahia buscou nas categorias de base do Am\u00e9rica-MG o jovem David Martins, pagando cerca de R$ 12 milh\u00f5es. J\u00e1 o Botafogo acertou a contrata\u00e7\u00e3o do atacante Artur, ex-Zenit, por R$ 62 milh\u00f5es, mostrando ambi\u00e7\u00e3o na busca por um elenco competitivo.<\/p>\n\n\n\n<p>Entre as contrata\u00e7\u00f5es voltadas para refor\u00e7ar setores espec\u00edficos, o Cear\u00e1 trouxe Dieguinho, que atua tanto como lateral-direito quanto como meio-campista, ampliando as op\u00e7\u00f5es defensivas e de transi\u00e7\u00e3o. Esses movimentos do mercado evidenciam o fortalecimento do futebol brasileiro, com clubes investindo em grandes nomes e promessas emergentes, o que eleva o n\u00edvel do campeonato e promete uma disputa acirrada pela ta\u00e7a em 2025.<\/p>\n\n\n\n<h2 class=\"wp-block-heading\" id=\"h-nova-contratacao\">Nova contrata\u00e7\u00e3o<\/h2>\n\n\n\n<p>O Botafogo anunciou oficialmente a contrata\u00e7\u00e3o do jovem zagueiro Jair Cunha, de 19 anos, formado nas categorias de base do Santos. O defensor, que est\u00e1 com a Sele\u00e7\u00e3o Brasileira sub-20 disputando o Sul-Americano da categoria, se apresentar\u00e1 ao clube carioca ap\u00f3s o encerramento do torneio, no dia 16 de fevereiro. O contrato firmado ter\u00e1 dura\u00e7\u00e3o at\u00e9 o final de 2028, e a chegada do atleta atende \u00e0 busca do Alvinegro por pe\u00e7as promissoras para refor\u00e7ar o sistema defensivo, que atualmente conta com Alexander Barboza e Bastos como dupla titular <strong><a href=\"https:\/\/www.gaveanews.com\/index.php\/2025\/02\/10\/oficial-botafogo-anuncia-nova-contratacao\/\">(leia a mat\u00e9ria completa).<\/a><\/strong><\/p>\n\n\n\n<figure class=\"wp-block-image size-large\"><img loading=\"lazy\" decoding=\"async\" width=\"819\" height=\"1024\" src=\"http:\/\/www.gaveanews.com\/wp-content\/uploads\/Jair-com-a-camisa-do-Santos-819x1024.webp\" alt=\"\" class=\"wp-image-150813\" srcset=\"https:\/\/www.gaveanews.com\/wp-content\/uploads\/Jair-com-a-camisa-do-Santos-819x1024.webp 819w, https:\/\/www.gaveanews.com\/wp-content\/uploads\/Jair-com-a-camisa-do-Santos-240x300.webp 240w, https:\/\/www.gaveanews.com\/wp-content\/uploads\/Jair-com-a-camisa-do-Santos-768x960.webp 768w, https:\/\/www.gaveanews.com\/wp-content\/uploads\/Jair-com-a-camisa-do-Santos-1229x1536.webp 1229w, https:\/\/www.gaveanews.com\/wp-content\/uploads\/Jair-com-a-camisa-do-Santos-336x420.webp 336w, https:\/\/www.gaveanews.com\/wp-content\/uploads\/Jair-com-a-camisa-do-Santos-672x840.webp 672w, https:\/\/www.gaveanews.com\/wp-content\/uploads\/Jair-com-a-camisa-do-Santos-640x800.webp 640w, https:\/\/www.gaveanews.com\/wp-content\/uploads\/Jair-com-a-camisa-do-Santos-681x851.webp 681w, https:\/\/www.gaveanews.com\/wp-content\/uploads\/Jair-com-a-camisa-do-Santos-100x125.webp 100w, https:\/\/www.gaveanews.com\/wp-content\/uploads\/Jair-com-a-camisa-do-Santos.webp 1280w\" sizes=\"auto, (max-width: 819px) 100vw, 819px\" \/><figcaption class=\"wp-element-caption\">Jair com a camisa do Santos (Foto: Reprodu\u00e7\u00e3o\/Santos)<\/figcaption><\/figure>\n\n\n\n<p>A contrata\u00e7\u00e3o de Jair era um desejo antigo da diretoria botafoguense, que j\u00e1 havia tentado sua aquisi\u00e7\u00e3o em 2024, sem sucesso. Na ocasi\u00e3o, o Santos recusou ofertas de outros clubes, como Porto, de Portugal, e Atalanta, da It\u00e1lia. O jogador foi titular em 19 das 20 partidas que disputou pelo clube paulista na S\u00e9rie B do Campeonato Brasileiro, despertando o interesse do departamento de an\u00e1lise do Botafogo, que acredita em seu potencial para integrar futuramente a Sele\u00e7\u00e3o Brasileira principal.<\/p>\n\n\n\n<p>Al\u00e9m de Jair Cunha, o Botafogo tamb\u00e9m acertou recentemente a chegada do atacante Rwan Cruz, que atuava pelo Ludogorets, da Bulg\u00e1ria. O jogador pernambucano, revelado pelo Santos e com passagem r\u00e1pida pelo Vasco, assinou contrato at\u00e9 2027 e chega ao Glorioso ap\u00f3s conquistar o Campeonato B\u00falgaro e a Superta\u00e7a do pa\u00eds. As movimenta\u00e7\u00f5es evidenciam o esfor\u00e7o do clube em qualificar o elenco para a temporada e mesclar juventude e experi\u00eancia nos setores defensivo e ofensivo.<\/p>\n\n\n\n<h2 class=\"wp-block-heading\" id=\"h-declaracao-de-carlos-leiria\">Declara\u00e7\u00e3o de Carlos Leiria<\/h2>\n\n\n\n<p>O volante Allan, considerado uma das principais contrata\u00e7\u00f5es do Botafogo para 2024, est\u00e1 pr\u00f3ximo de retornar aos gramados ap\u00f3s se recuperar de problemas f\u00edsicos que limitaram sua participa\u00e7\u00e3o no in\u00edcio de 2025. O t\u00e9cnico Carlos Leiria destacou a evolu\u00e7\u00e3o do atleta nos treinamentos e confirmou que ele poder\u00e1 ser relacionado para o cl\u00e1ssico contra o Flamengo, pelo Campeonato Carioca. Allan n\u00e3o esteve presente nas \u00faltimas partidas devido a um desgaste f\u00edsico e ao cumprimento de protocolos internos do clube, mas agora se mostra pronto para refor\u00e7ar o time em um dos confrontos mais aguardados da competi\u00e7\u00e3o<strong><a href=\"https:\/\/www.gaveanews.com\/index.php\/2025\/02\/10\/botafogo-a-declaracao-de-carlos-leiria-sobre-o-retorno-de-allan\/\"> (leia a mat\u00e9ria completa).<\/a><\/strong><\/p>\n\n\n\n<figure class=\"wp-block-image size-full\"><img loading=\"lazy\" decoding=\"async\" width=\"888\" height=\"592\" src=\"http:\/\/www.gaveanews.com\/wp-content\/uploads\/Carlos-Leiria-durante-treino-do-Botafogo.webp\" alt=\"\" class=\"wp-image-214740\" srcset=\"https:\/\/www.gaveanews.com\/wp-content\/uploads\/Carlos-Leiria-durante-treino-do-Botafogo.webp 888w, https:\/\/www.gaveanews.com\/wp-content\/uploads\/Carlos-Leiria-durante-treino-do-Botafogo-300x200.webp 300w, https:\/\/www.gaveanews.com\/wp-content\/uploads\/Carlos-Leiria-durante-treino-do-Botafogo-768x512.webp 768w, https:\/\/www.gaveanews.com\/wp-content\/uploads\/Carlos-Leiria-durante-treino-do-Botafogo-630x420.webp 630w, https:\/\/www.gaveanews.com\/wp-content\/uploads\/Carlos-Leiria-durante-treino-do-Botafogo-640x427.webp 640w, https:\/\/www.gaveanews.com\/wp-content\/uploads\/Carlos-Leiria-durante-treino-do-Botafogo-681x454.webp 681w, https:\/\/www.gaveanews.com\/wp-content\/uploads\/Carlos-Leiria-durante-treino-do-Botafogo-100x67.webp 100w\" sizes=\"auto, (max-width: 888px) 100vw, 888px\" \/><figcaption class=\"wp-element-caption\">Carlos Leiria durante treino do Botafogo (Foto: Vitor Silva\/Botafogo)<\/figcaption><\/figure>\n\n\n\n<p>Durante entrevista, Leiria elogiou o empenho do meio-campista e explicou que a aus\u00eancia de Allan foi uma medida preventiva, considerando o hist\u00f3rico recente de les\u00f5es. O comandante afirmou que o jogador poderia ter sido escalado contra o Madureira, mas a comiss\u00e3o t\u00e9cnica optou por preserv\u00e1-lo. Agora, com o volante demonstrando bom desempenho nos treinamentos, o treinador acredita que ele pode contribuir significativamente para o fortalecimento do setor de meio de campo, que tem sido liderado por Gregore e Marlon Freitas.<\/p>\n\n\n\n<p>A expectativa \u00e9 que Allan, ao recuperar seu espa\u00e7o, amplie as op\u00e7\u00f5es do Botafogo na sequ\u00eancia da temporada e reforce a disputa por uma vaga entre os titulares. O retorno do volante traz otimismo \u00e0 torcida alvinegra, principalmente diante da necessidade de um elenco equilibrado para enfrentar o intenso calend\u00e1rio de competi\u00e7\u00f5es. O cl\u00e1ssico contra o Flamengo ser\u00e1 um teste importante para a equipe, e a presen\u00e7a de Allan \u00e9 vista como um trunfo para que o Botafogo mantenha um bom desempenho no Campeonato Carioca.<\/p>\n","protected":false},"excerpt":{"rendered":"<p>Nas \u00faltimas horas, o foco das not\u00edcias sobre o Botafogo se concentram nos bastidores do clube, com destaques do dia a dia do time. Por conta deste contexto, leia abaixo um resumo preparado pela equipe do portal G\u00e1vea News para lhe manter muito bem informado! As contrata\u00e7\u00f5es do Brasileir\u00e3o S\u00e9rie A O mercado de transfer\u00eancias [&hellip;]<\/p>\n","protected":false},"author":27,"featured_media":120619,"comment_status":"open","ping_status":"closed","sticky":false,"template":"","format":"standard","meta":{"footnotes":""},"categories":[138],"tags":[],"class_list":["post-227623","post","type-post","status-publish","format-standard","has-post-thumbnail","hentry","category-botafogo"],"yoast_head":"<!-- This site is optimized with the Yoast SEO Premium plugin v24.2 (Yoast SEO v26.9) - https:\/\/yoast.com\/product\/yoast-seo-premium-wordpress\/ -->\n<title>Declara\u00e7\u00e3o de Carlos Leiria, nova contrata\u00e7\u00e3o e as contrata\u00e7\u00f5es do Brasileir\u00e3o S\u00e9rie A: as \u00faltimas not\u00edcias do Botafogo<\/title>\n<meta name=\"robots\" content=\"index, follow, max-snippet:-1, max-image-preview:large, max-video-preview:-1\" \/>\n<link rel=\"canonical\" href=\"https:\/\/www.gaveanews.com\/index.php\/2025\/02\/14\/declaracao-de-carlos-leiria-nova-contratacao-e-as-contratacoes-do-brasileirao-serie-a-as-ultimas-noticias-do-botafogo\/\" \/>\n<meta property=\"og:locale\" content=\"pt_BR\" \/>\n<meta property=\"og:type\" content=\"article\" \/>\n<meta property=\"og:title\" content=\"Declara\u00e7\u00e3o de Carlos Leiria, nova contrata\u00e7\u00e3o e as contrata\u00e7\u00f5es do Brasileir\u00e3o S\u00e9rie A: as \u00faltimas not\u00edcias do Botafogo\" \/>\n<meta property=\"og:description\" content=\"Nas \u00faltimas horas, o foco das not\u00edcias sobre o Botafogo se concentram nos bastidores do clube, com destaques do dia a dia do time. Por conta deste contexto, leia abaixo um resumo preparado pela equipe do portal G\u00e1vea News para lhe manter muito bem informado! As contrata\u00e7\u00f5es do Brasileir\u00e3o S\u00e9rie A O mercado de transfer\u00eancias [&hellip;]\" \/>\n<meta property=\"og:url\" content=\"https:\/\/www.gaveanews.com\/index.php\/2025\/02\/14\/declaracao-de-carlos-leiria-nova-contratacao-e-as-contratacoes-do-brasileirao-serie-a-as-ultimas-noticias-do-botafogo\/\" \/>\n<meta property=\"og:site_name\" content=\"G\u00e1vea News\" \/>\n<meta property=\"article:publisher\" content=\"https:\/\/facebook.com\/gaveaNews\/\" \/>\n<meta property=\"article:published_time\" content=\"2025-02-14T09:10:00+00:00\" \/>\n<meta property=\"og:image\" content=\"https:\/\/www.gaveanews.com\/wp-content\/uploads\/botafogoescudo.webp\" \/>\n\t<meta property=\"og:image:width\" content=\"900\" \/>\n\t<meta property=\"og:image:height\" content=\"600\" \/>\n\t<meta property=\"og:image:type\" content=\"image\/webp\" \/>\n<meta name=\"author\" content=\"Matheus Felipe\" \/>\n<meta name=\"twitter:card\" content=\"summary_large_image\" \/>\n<meta name=\"twitter:label1\" content=\"Escrito por\" \/>\n\t<meta name=\"twitter:data1\" content=\"Matheus Felipe\" \/>\n\t<meta name=\"twitter:label2\" content=\"Est. tempo de leitura\" \/>\n\t<meta name=\"twitter:data2\" content=\"6 minutos\" \/>\n<script type=\"application\/ld+json\" class=\"yoast-schema-graph\">{\"@context\":\"https:\/\/schema.org\",\"@graph\":[{\"@type\":\"NewsArticle\",\"@id\":\"https:\/\/www.gaveanews.com\/index.php\/2025\/02\/14\/declaracao-de-carlos-leiria-nova-contratacao-e-as-contratacoes-do-brasileirao-serie-a-as-ultimas-noticias-do-botafogo\/#article\",\"isPartOf\":{\"@id\":\"https:\/\/www.gaveanews.com\/index.php\/2025\/02\/14\/declaracao-de-carlos-leiria-nova-contratacao-e-as-contratacoes-do-brasileirao-serie-a-as-ultimas-noticias-do-botafogo\/\"},\"author\":{\"name\":\"Matheus Felipe\",\"@id\":\"https:\/\/www.gaveanews.com\/#\/schema\/person\/8207cd4627f56151707418bfc835b2fb\"},\"headline\":\"Declara\u00e7\u00e3o de Carlos Leiria, nova contrata\u00e7\u00e3o e as contrata\u00e7\u00f5es do Brasileir\u00e3o S\u00e9rie A: as \u00faltimas not\u00edcias do Botafogo\",\"datePublished\":\"2025-02-14T09:10:00+00:00\",\"mainEntityOfPage\":{\"@id\":\"https:\/\/www.gaveanews.com\/index.php\/2025\/02\/14\/declaracao-de-carlos-leiria-nova-contratacao-e-as-contratacoes-do-brasileirao-serie-a-as-ultimas-noticias-do-botafogo\/\"},\"wordCount\":937,\"commentCount\":0,\"image\":{\"@id\":\"https:\/\/www.gaveanews.com\/index.php\/2025\/02\/14\/declaracao-de-carlos-leiria-nova-contratacao-e-as-contratacoes-do-brasileirao-serie-a-as-ultimas-noticias-do-botafogo\/#primaryimage\"},\"thumbnailUrl\":\"https:\/\/www.gaveanews.com\/wp-content\/uploads\/botafogoescudo.webp\",\"articleSection\":[\"Botafogo\"],\"inLanguage\":\"pt-BR\",\"potentialAction\":[{\"@type\":\"CommentAction\",\"name\":\"Comment\",\"target\":[\"https:\/\/www.gaveanews.com\/index.php\/2025\/02\/14\/declaracao-de-carlos-leiria-nova-contratacao-e-as-contratacoes-do-brasileirao-serie-a-as-ultimas-noticias-do-botafogo\/#respond\"]}],\"copyrightYear\":\"2025\",\"copyrightHolder\":{\"@id\":\"https:\/\/www.gaveanews.com\/#organization\"}},{\"@type\":\"WebPage\",\"@id\":\"https:\/\/www.gaveanews.com\/index.php\/2025\/02\/14\/declaracao-de-carlos-leiria-nova-contratacao-e-as-contratacoes-do-brasileirao-serie-a-as-ultimas-noticias-do-botafogo\/\",\"url\":\"https:\/\/www.gaveanews.com\/index.php\/2025\/02\/14\/declaracao-de-carlos-leiria-nova-contratacao-e-as-contratacoes-do-brasileirao-serie-a-as-ultimas-noticias-do-botafogo\/\",\"name\":\"Declara\u00e7\u00e3o de Carlos Leiria, nova contrata\u00e7\u00e3o e as contrata\u00e7\u00f5es do Brasileir\u00e3o S\u00e9rie A: as \u00faltimas not\u00edcias do Botafogo\",\"isPartOf\":{\"@id\":\"https:\/\/www.gaveanews.com\/#website\"},\"primaryImageOfPage\":{\"@id\":\"https:\/\/www.gaveanews.com\/index.php\/2025\/02\/14\/declaracao-de-carlos-leiria-nova-contratacao-e-as-contratacoes-do-brasileirao-serie-a-as-ultimas-noticias-do-botafogo\/#primaryimage\"},\"image\":{\"@id\":\"https:\/\/www.gaveanews.com\/index.php\/2025\/02\/14\/declaracao-de-carlos-leiria-nova-contratacao-e-as-contratacoes-do-brasileirao-serie-a-as-ultimas-noticias-do-botafogo\/#primaryimage\"},\"thumbnailUrl\":\"https:\/\/www.gaveanews.com\/wp-content\/uploads\/botafogoescudo.webp\",\"datePublished\":\"2025-02-14T09:10:00+00:00\",\"author\":{\"@id\":\"https:\/\/www.gaveanews.com\/#\/schema\/person\/8207cd4627f56151707418bfc835b2fb\"},\"breadcrumb\":{\"@id\":\"https:\/\/www.gaveanews.com\/index.php\/2025\/02\/14\/declaracao-de-carlos-leiria-nova-contratacao-e-as-contratacoes-do-brasileirao-serie-a-as-ultimas-noticias-do-botafogo\/#breadcrumb\"},\"inLanguage\":\"pt-BR\",\"potentialAction\":[{\"@type\":\"ReadAction\",\"target\":[\"https:\/\/www.gaveanews.com\/index.php\/2025\/02\/14\/declaracao-de-carlos-leiria-nova-contratacao-e-as-contratacoes-do-brasileirao-serie-a-as-ultimas-noticias-do-botafogo\/\"]}]},{\"@type\":\"ImageObject\",\"inLanguage\":\"pt-BR\",\"@id\":\"https:\/\/www.gaveanews.com\/index.php\/2025\/02\/14\/declaracao-de-carlos-leiria-nova-contratacao-e-as-contratacoes-do-brasileirao-serie-a-as-ultimas-noticias-do-botafogo\/#primaryimage\",\"url\":\"https:\/\/www.gaveanews.com\/wp-content\/uploads\/botafogoescudo.webp\",\"contentUrl\":\"https:\/\/www.gaveanews.com\/wp-content\/uploads\/botafogoescudo.webp\",\"width\":900,\"height\":600,\"caption\":\"Escudo do Botafogo (Foto: Reprodu\u00e7\u00e3o)\"},{\"@type\":\"BreadcrumbList\",\"@id\":\"https:\/\/www.gaveanews.com\/index.php\/2025\/02\/14\/declaracao-de-carlos-leiria-nova-contratacao-e-as-contratacoes-do-brasileirao-serie-a-as-ultimas-noticias-do-botafogo\/#breadcrumb\",\"itemListElement\":[{\"@type\":\"ListItem\",\"position\":1,\"name\":\"Home\",\"item\":\"https:\/\/www.gaveanews.com\/\"},{\"@type\":\"ListItem\",\"position\":2,\"name\":\"Declara\u00e7\u00e3o de Carlos Leiria, nova contrata\u00e7\u00e3o e as contrata\u00e7\u00f5es do Brasileir\u00e3o S\u00e9rie A: as \u00faltimas not\u00edcias do Botafogo\"}]},{\"@type\":\"WebSite\",\"@id\":\"https:\/\/www.gaveanews.com\/#website\",\"url\":\"https:\/\/www.gaveanews.com\/\",\"name\":\"G\u00e1vea News\",\"description\":\"Veja todas as not\u00edcias sobre o Flamengo: Contrata\u00e7\u00f5es, categorias de base, resultados das partidas, tabela de classifica\u00e7\u00e3o, pr\u00f3ximos jogos!\",\"potentialAction\":[{\"@type\":\"SearchAction\",\"target\":{\"@type\":\"EntryPoint\",\"urlTemplate\":\"https:\/\/www.gaveanews.com\/?s={search_term_string}\"},\"query-input\":{\"@type\":\"PropertyValueSpecification\",\"valueRequired\":true,\"valueName\":\"search_term_string\"}}],\"inLanguage\":\"pt-BR\"},{\"@type\":\"Person\",\"@id\":\"https:\/\/www.gaveanews.com\/#\/schema\/person\/8207cd4627f56151707418bfc835b2fb\",\"name\":\"Matheus Felipe\",\"image\":{\"@type\":\"ImageObject\",\"inLanguage\":\"pt-BR\",\"@id\":\"https:\/\/www.gaveanews.com\/#\/schema\/person\/image\/\",\"url\":\"https:\/\/secure.gravatar.com\/avatar\/a452ffbed9130f726358b298bb3a99ce4bd3c5338411f8440e87e14d74c7c087?s=96&d=mm&r=g\",\"contentUrl\":\"https:\/\/secure.gravatar.com\/avatar\/a452ffbed9130f726358b298bb3a99ce4bd3c5338411f8440e87e14d74c7c087?s=96&d=mm&r=g\",\"caption\":\"Matheus Felipe\"}}]}<\/script>\n<!-- \/ Yoast SEO Premium plugin. -->","yoast_head_json":{"title":"Declara\u00e7\u00e3o de Carlos Leiria, nova contrata\u00e7\u00e3o e as contrata\u00e7\u00f5es do Brasileir\u00e3o S\u00e9rie A: as \u00faltimas not\u00edcias do Botafogo","robots":{"index":"index","follow":"follow","max-snippet":"max-snippet:-1","max-image-preview":"max-image-preview:large","max-video-preview":"max-video-preview:-1"},"canonical":"https:\/\/www.gaveanews.com\/index.php\/2025\/02\/14\/declaracao-de-carlos-leiria-nova-contratacao-e-as-contratacoes-do-brasileirao-serie-a-as-ultimas-noticias-do-botafogo\/","og_locale":"pt_BR","og_type":"article","og_title":"Declara\u00e7\u00e3o de Carlos Leiria, nova contrata\u00e7\u00e3o e as contrata\u00e7\u00f5es do Brasileir\u00e3o S\u00e9rie A: as \u00faltimas not\u00edcias do Botafogo","og_description":"Nas \u00faltimas horas, o foco das not\u00edcias sobre o Botafogo se concentram nos bastidores do clube, com destaques do dia a dia do time. Por conta deste contexto, leia abaixo um resumo preparado pela equipe do portal G\u00e1vea News para lhe manter muito bem informado! As contrata\u00e7\u00f5es do Brasileir\u00e3o S\u00e9rie A O mercado de transfer\u00eancias [&hellip;]","og_url":"https:\/\/www.gaveanews.com\/index.php\/2025\/02\/14\/declaracao-de-carlos-leiria-nova-contratacao-e-as-contratacoes-do-brasileirao-serie-a-as-ultimas-noticias-do-botafogo\/","og_site_name":"G\u00e1vea News","article_publisher":"https:\/\/facebook.com\/gaveaNews\/","article_published_time":"2025-02-14T09:10:00+00:00","og_image":[{"width":900,"height":600,"url":"https:\/\/www.gaveanews.com\/wp-content\/uploads\/botafogoescudo.webp","type":"image\/webp"}],"author":"Matheus Felipe","twitter_card":"summary_large_image","twitter_misc":{"Escrito por":"Matheus Felipe","Est. tempo de leitura":"6 minutos"},"schema":{"@context":"https:\/\/schema.org","@graph":[{"@type":"NewsArticle","@id":"https:\/\/www.gaveanews.com\/index.php\/2025\/02\/14\/declaracao-de-carlos-leiria-nova-contratacao-e-as-contratacoes-do-brasileirao-serie-a-as-ultimas-noticias-do-botafogo\/#article","isPartOf":{"@id":"https:\/\/www.gaveanews.com\/index.php\/2025\/02\/14\/declaracao-de-carlos-leiria-nova-contratacao-e-as-contratacoes-do-brasileirao-serie-a-as-ultimas-noticias-do-botafogo\/"},"author":{"name":"Matheus Felipe","@id":"https:\/\/www.gaveanews.com\/#\/schema\/person\/8207cd4627f56151707418bfc835b2fb"},"headline":"Declara\u00e7\u00e3o de Carlos Leiria, nova contrata\u00e7\u00e3o e as contrata\u00e7\u00f5es do Brasileir\u00e3o S\u00e9rie A: as \u00faltimas not\u00edcias do Botafogo","datePublished":"2025-02-14T09:10:00+00:00","mainEntityOfPage":{"@id":"https:\/\/www.gaveanews.com\/index.php\/2025\/02\/14\/declaracao-de-carlos-leiria-nova-contratacao-e-as-contratacoes-do-brasileirao-serie-a-as-ultimas-noticias-do-botafogo\/"},"wordCount":937,"commentCount":0,"image":{"@id":"https:\/\/www.gaveanews.com\/index.php\/2025\/02\/14\/declaracao-de-carlos-leiria-nova-contratacao-e-as-contratacoes-do-brasileirao-serie-a-as-ultimas-noticias-do-botafogo\/#primaryimage"},"thumbnailUrl":"https:\/\/www.gaveanews.com\/wp-content\/uploads\/botafogoescudo.webp","articleSection":["Botafogo"],"inLanguage":"pt-BR","potentialAction":[{"@type":"CommentAction","name":"Comment","target":["https:\/\/www.gaveanews.com\/index.php\/2025\/02\/14\/declaracao-de-carlos-leiria-nova-contratacao-e-as-contratacoes-do-brasileirao-serie-a-as-ultimas-noticias-do-botafogo\/#respond"]}],"copyrightYear":"2025","copyrightHolder":{"@id":"https:\/\/www.gaveanews.com\/#organization"}},{"@type":"WebPage","@id":"https:\/\/www.gaveanews.com\/index.php\/2025\/02\/14\/declaracao-de-carlos-leiria-nova-contratacao-e-as-contratacoes-do-brasileirao-serie-a-as-ultimas-noticias-do-botafogo\/","url":"https:\/\/www.gaveanews.com\/index.php\/2025\/02\/14\/declaracao-de-carlos-leiria-nova-contratacao-e-as-contratacoes-do-brasileirao-serie-a-as-ultimas-noticias-do-botafogo\/","name":"Declara\u00e7\u00e3o de Carlos Leiria, nova contrata\u00e7\u00e3o e as contrata\u00e7\u00f5es do Brasileir\u00e3o S\u00e9rie A: as \u00faltimas not\u00edcias do Botafogo","isPartOf":{"@id":"https:\/\/www.gaveanews.com\/#website"},"primaryImageOfPage":{"@id":"https:\/\/www.gaveanews.com\/index.php\/2025\/02\/14\/declaracao-de-carlos-leiria-nova-contratacao-e-as-contratacoes-do-brasileirao-serie-a-as-ultimas-noticias-do-botafogo\/#primaryimage"},"image":{"@id":"https:\/\/www.gaveanews.com\/index.php\/2025\/02\/14\/declaracao-de-carlos-leiria-nova-contratacao-e-as-contratacoes-do-brasileirao-serie-a-as-ultimas-noticias-do-botafogo\/#primaryimage"},"thumbnailUrl":"https:\/\/www.gaveanews.com\/wp-content\/uploads\/botafogoescudo.webp","datePublished":"2025-02-14T09:10:00+00:00","author":{"@id":"https:\/\/www.gaveanews.com\/#\/schema\/person\/8207cd4627f56151707418bfc835b2fb"},"breadcrumb":{"@id":"https:\/\/www.gaveanews.com\/index.php\/2025\/02\/14\/declaracao-de-carlos-leiria-nova-contratacao-e-as-contratacoes-do-brasileirao-serie-a-as-ultimas-noticias-do-botafogo\/#breadcrumb"},"inLanguage":"pt-BR","potentialAction":[{"@type":"ReadAction","target":["https:\/\/www.gaveanews.com\/index.php\/2025\/02\/14\/declaracao-de-carlos-leiria-nova-contratacao-e-as-contratacoes-do-brasileirao-serie-a-as-ultimas-noticias-do-botafogo\/"]}]},{"@type":"ImageObject","inLanguage":"pt-BR","@id":"https:\/\/www.gaveanews.com\/index.php\/2025\/02\/14\/declaracao-de-carlos-leiria-nova-contratacao-e-as-contratacoes-do-brasileirao-serie-a-as-ultimas-noticias-do-botafogo\/#primaryimage","url":"https:\/\/www.gaveanews.com\/wp-content\/uploads\/botafogoescudo.webp","contentUrl":"https:\/\/www.gaveanews.com\/wp-content\/uploads\/botafogoescudo.webp","width":900,"height":600,"caption":"Escudo do Botafogo (Foto: Reprodu\u00e7\u00e3o)"},{"@type":"BreadcrumbList","@id":"https:\/\/www.gaveanews.com\/index.php\/2025\/02\/14\/declaracao-de-carlos-leiria-nova-contratacao-e-as-contratacoes-do-brasileirao-serie-a-as-ultimas-noticias-do-botafogo\/#breadcrumb","itemListElement":[{"@type":"ListItem","position":1,"name":"Home","item":"https:\/\/www.gaveanews.com\/"},{"@type":"ListItem","position":2,"name":"Declara\u00e7\u00e3o de Carlos Leiria, nova contrata\u00e7\u00e3o e as contrata\u00e7\u00f5es do Brasileir\u00e3o S\u00e9rie A: as \u00faltimas not\u00edcias do Botafogo"}]},{"@type":"WebSite","@id":"https:\/\/www.gaveanews.com\/#website","url":"https:\/\/www.gaveanews.com\/","name":"G\u00e1vea News","description":"Veja todas as not\u00edcias sobre o Flamengo: Contrata\u00e7\u00f5es, categorias de base, resultados das partidas, tabela de classifica\u00e7\u00e3o, pr\u00f3ximos jogos!","potentialAction":[{"@type":"SearchAction","target":{"@type":"EntryPoint","urlTemplate":"https:\/\/www.gaveanews.com\/?s={search_term_string}"},"query-input":{"@type":"PropertyValueSpecification","valueRequired":true,"valueName":"search_term_string"}}],"inLanguage":"pt-BR"},{"@type":"Person","@id":"https:\/\/www.gaveanews.com\/#\/schema\/person\/8207cd4627f56151707418bfc835b2fb","name":"Matheus Felipe","image":{"@type":"ImageObject","inLanguage":"pt-BR","@id":"https:\/\/www.gaveanews.com\/#\/schema\/person\/image\/","url":"https:\/\/secure.gravatar.com\/avatar\/a452ffbed9130f726358b298bb3a99ce4bd3c5338411f8440e87e14d74c7c087?s=96&d=mm&r=g","contentUrl":"https:\/\/secure.gravatar.com\/avatar\/a452ffbed9130f726358b298bb3a99ce4bd3c5338411f8440e87e14d74c7c087?s=96&d=mm&r=g","caption":"Matheus Felipe"}}]}},"_links":{"self":[{"href":"https:\/\/www.gaveanews.com\/index.php\/wp-json\/wp\/v2\/posts\/227623","targetHints":{"allow":["GET"]}}],"collection":[{"href":"https:\/\/www.gaveanews.com\/index.php\/wp-json\/wp\/v2\/posts"}],"about":[{"href":"https:\/\/www.gaveanews.com\/index.php\/wp-json\/wp\/v2\/types\/post"}],"author":[{"embeddable":true,"href":"https:\/\/www.gaveanews.com\/index.php\/wp-json\/wp\/v2\/users\/27"}],"replies":[{"embeddable":true,"href":"https:\/\/www.gaveanews.com\/index.php\/wp-json\/wp\/v2\/comments?post=227623"}],"version-history":[{"count":1,"href":"https:\/\/www.gaveanews.com\/index.php\/wp-json\/wp\/v2\/posts\/227623\/revisions"}],"predecessor-version":[{"id":227667,"href":"https:\/\/www.gaveanews.com\/index.php\/wp-json\/wp\/v2\/posts\/227623\/revisions\/227667"}],"wp:featuredmedia":[{"embeddable":true,"href":"https:\/\/www.gaveanews.com\/index.php\/wp-json\/wp\/v2\/media\/120619"}],"wp:attachment":[{"href":"https:\/\/www.gaveanews.com\/index.php\/wp-json\/wp\/v2\/media?parent=227623"}],"wp:term":[{"taxonomy":"category","embeddable":true,"href":"https:\/\/www.gaveanews.com\/index.php\/wp-json\/wp\/v2\/categories?post=227623"},{"taxonomy":"post_tag","embeddable":true,"href":"https:\/\/www.gaveanews.com\/index.php\/wp-json\/wp\/v2\/tags?post=227623"}],"curies":[{"name":"wp","href":"https:\/\/api.w.org\/{rel}","templated":true}]}}