{"id":227625,"date":"2025-02-14T06:05:00","date_gmt":"2025-02-14T09:05:00","guid":{"rendered":"https:\/\/www.gaveanews.com\/?p=227625"},"modified":"2025-02-14T02:48:08","modified_gmt":"2025-02-14T05:48:08","slug":"declaracao-de-rafael-sobis-contratacao-de-novo-reforco-e-chegada-de-rony-as-ultimas-noticias-do-atletico-mg","status":"publish","type":"post","link":"https:\/\/www.gaveanews.com\/index.php\/2025\/02\/14\/declaracao-de-rafael-sobis-contratacao-de-novo-reforco-e-chegada-de-rony-as-ultimas-noticias-do-atletico-mg\/","title":{"rendered":"Declara\u00e7\u00e3o de Rafael Sobis, contrata\u00e7\u00e3o de novo refor\u00e7o e chegada de Rony: as \u00faltimas not\u00edcias do Atl\u00e9tico-MG"},"content":{"rendered":"\n<p>Nas \u00faltimas horas, o foco das not\u00edcias sobre o Atl\u00e9tico-MG se concentram nos bastidores do clube, com destaques do dia a dia do time.<\/p>\n\n\n\n<p>Por conta deste contexto, leia abaixo um resumo preparado pela equipe do portal G\u00e1vea News para lhe manter muito bem informado!<\/p>\n\n\n\n<h2 class=\"wp-block-heading\" id=\"h-chegada-de-rony\">Chegada de Rony<\/h2>\n\n\n\n<p>O Atl\u00e9tico-MG avalia a possibilidade de contratar o atacante Rony, do Palmeiras, segundo informa\u00e7\u00f5es do jornalista Andr\u00e9 Hernan. Apesar do interesse, nenhuma proposta formal foi apresentada ao clube paulista ou aos representantes do jogador. Rony, que tem contrato at\u00e9 2027, foi liberado pelo Palmeiras para buscar um novo destino e quase se transferiu para o Al Rayyan, do Qatar, e para o Fluminense, mas as negocia\u00e7\u00f5es n\u00e3o avan\u00e7aram por quest\u00f5es burocr\u00e1ticas e diverg\u00eancias salariais, respectivamente<strong><a href=\"https:\/\/www.gaveanews.com\/index.php\/2025\/01\/20\/fluminense-atualizacao-sobre-a-chegada-de-rony\/\"> (leia a mat\u00e9ria completa).<\/a><\/strong><\/p>\n\n\n\n<figure class=\"wp-block-image size-full\"><img loading=\"lazy\" decoding=\"async\" width=\"720\" height=\"480\" src=\"http:\/\/www.gaveanews.com\/wp-content\/uploads\/rony7oficial_1706308549610-edited.webp\" alt=\"\" class=\"wp-image-123955\" srcset=\"https:\/\/www.gaveanews.com\/wp-content\/uploads\/rony7oficial_1706308549610-edited.webp 720w, https:\/\/www.gaveanews.com\/wp-content\/uploads\/rony7oficial_1706308549610-edited-300x200.webp 300w, https:\/\/www.gaveanews.com\/wp-content\/uploads\/rony7oficial_1706308549610-edited-630x420.webp 630w, https:\/\/www.gaveanews.com\/wp-content\/uploads\/rony7oficial_1706308549610-edited-640x427.webp 640w, https:\/\/www.gaveanews.com\/wp-content\/uploads\/rony7oficial_1706308549610-edited-681x454.webp 681w, https:\/\/www.gaveanews.com\/wp-content\/uploads\/rony7oficial_1706308549610-edited-100x67.webp 100w\" sizes=\"auto, (max-width: 720px) 100vw, 720px\" \/><figcaption class=\"wp-element-caption\">Rony em a\u00e7\u00e3o pelo Palmeiras (Foto: Reprodu\u00e7\u00e3o\/Instagram)<\/figcaption><\/figure>\n\n\n\n<p>Paralelamente, o Fluminense est\u00e1 em tratativas com o volante Ot\u00e1vio, do Atl\u00e9tico-MG, para refor\u00e7ar o setor de meio-campo. <\/p>\n\n\n\n<p>O jogador de 30 anos, que tem v\u00ednculo at\u00e9 2026, perdeu espa\u00e7o com o t\u00e9cnico Cuca, e o clube mineiro aceita negoci\u00e1-lo por R$ 20 milh\u00f5es. O time carioca busca suprir car\u00eancias na posi\u00e7\u00e3o ap\u00f3s perder atletas como Kau\u00e3 Elias e John Kennedy, e Ot\u00e1vio \u00e9 visto como pe\u00e7a-chave pela experi\u00eancia e qualidade que pode agregar ao elenco.<\/p>\n\n\n\n<p>Esses poss\u00edveis movimentos refletem a movimenta\u00e7\u00e3o intensa dos clubes brasileiros no mercado, em busca de fortalecer seus elencos para a temporada. Enquanto o Atl\u00e9tico-MG tenta trazer refor\u00e7os ofensivos, o Fluminense procura equilibrar seu meio-campo, destacando a import\u00e2ncia de jogadores experientes em competi\u00e7\u00f5es de alto n\u00edvel. A torcida do Galo, por outro lado, se divide sobre a sa\u00edda de Ot\u00e1vio, devido \u00e0 sua contribui\u00e7\u00e3o recente em campo, o que evidencia as dificuldades das diretorias em equilibrar mudan\u00e7as e manter a qualidade do plantel.<\/p>\n\n\n\n<h2 class=\"wp-block-heading\" id=\"h-contratacao-de-novo-reforco\">Contrata\u00e7\u00e3o de novo refor\u00e7o<\/h2>\n\n\n\n<p>O Fluminense est\u00e1 em fase avan\u00e7ada de negocia\u00e7\u00f5es para contratar o volante Ot\u00e1vio, atualmente no Atl\u00e9tico-MG. O jogador, que perdeu espa\u00e7o no elenco mineiro, interessa ao clube carioca, que busca refor\u00e7ar seu meio-campo nesta janela de transfer\u00eancias. A diretoria tricolor iniciou conversas com o Galo, que se mostrou receptivo \u00e0 libera\u00e7\u00e3o do atleta, facilitando o avan\u00e7o das tratativas entre as partes <strong><a href=\"https:\/\/www.gaveanews.com\/index.php\/2025\/02\/11\/fluminense-esta-proximo-de-fechar-contratacao-de-novo-reforco\/\">(leia a mat\u00e9ria completa).<\/a><\/strong><\/p>\n\n\n\n<figure class=\"wp-block-image size-large\"><img loading=\"lazy\" decoding=\"async\" width=\"1024\" height=\"768\" src=\"http:\/\/www.gaveanews.com\/wp-content\/uploads\/Bandeira-do-Fluminense-1024x768.webp\" alt=\"\" class=\"wp-image-152558\" srcset=\"https:\/\/www.gaveanews.com\/wp-content\/uploads\/Bandeira-do-Fluminense-1024x768.webp 1024w, https:\/\/www.gaveanews.com\/wp-content\/uploads\/Bandeira-do-Fluminense-300x225.webp 300w, https:\/\/www.gaveanews.com\/wp-content\/uploads\/Bandeira-do-Fluminense-768x576.webp 768w, https:\/\/www.gaveanews.com\/wp-content\/uploads\/Bandeira-do-Fluminense-560x420.webp 560w, https:\/\/www.gaveanews.com\/wp-content\/uploads\/Bandeira-do-Fluminense-1120x840.webp 1120w, https:\/\/www.gaveanews.com\/wp-content\/uploads\/Bandeira-do-Fluminense-80x60.webp 80w, https:\/\/www.gaveanews.com\/wp-content\/uploads\/Bandeira-do-Fluminense-160x120.webp 160w, https:\/\/www.gaveanews.com\/wp-content\/uploads\/Bandeira-do-Fluminense-100x75.webp 100w, https:\/\/www.gaveanews.com\/wp-content\/uploads\/Bandeira-do-Fluminense-200x150.webp 200w, https:\/\/www.gaveanews.com\/wp-content\/uploads\/Bandeira-do-Fluminense-180x135.webp 180w, https:\/\/www.gaveanews.com\/wp-content\/uploads\/Bandeira-do-Fluminense-360x270.webp 360w, https:\/\/www.gaveanews.com\/wp-content\/uploads\/Bandeira-do-Fluminense-238x178.webp 238w, https:\/\/www.gaveanews.com\/wp-content\/uploads\/Bandeira-do-Fluminense-476x356.webp 476w, https:\/\/www.gaveanews.com\/wp-content\/uploads\/Bandeira-do-Fluminense-640x480.webp 640w, https:\/\/www.gaveanews.com\/wp-content\/uploads\/Bandeira-do-Fluminense-1280x960.webp 1280w, https:\/\/www.gaveanews.com\/wp-content\/uploads\/Bandeira-do-Fluminense-681x511.webp 681w, https:\/\/www.gaveanews.com\/wp-content\/uploads\/Bandeira-do-Fluminense-1362x1022.webp 1362w, https:\/\/www.gaveanews.com\/wp-content\/uploads\/Bandeira-do-Fluminense.webp 1440w\" sizes=\"auto, (max-width: 1024px) 100vw, 1024px\" \/><figcaption class=\"wp-element-caption\">Bandeira do Fluminense (Foto: Reprodu\u00e7\u00e3o\/Fluminense)<\/figcaption><\/figure>\n\n\n\n<p>A solicita\u00e7\u00e3o pela contrata\u00e7\u00e3o partiu do t\u00e9cnico Mano Menezes, que v\u00ea no volante uma oportunidade para fortalecer a marca\u00e7\u00e3o e dar mais consist\u00eancia defensiva \u00e0 equipe. Ot\u00e1vio, com poucas chances sob o comando de Cuca em 2025, disputou apenas tr\u00eas partidas no Campeonato Mineiro, acumulando 28 minutos em campo. Diante desse cen\u00e1rio, a transfer\u00eancia \u00e9 vista como positiva tanto para o jogador quanto para o Atl\u00e9tico-MG.<\/p>\n\n\n\n<p>Apesar da disposi\u00e7\u00e3o para negociar, o clube mineiro pretende garantir uma reposi\u00e7\u00e3o antes de oficializar a sa\u00edda do volante. O Galo sondou Gregore, do Botafogo, mas a proposta de US$ 4 milh\u00f5es (cerca de R$ 23 milh\u00f5es) foi recusada. Ainda assim, o Fluminense segue confiante de que o acordo ser\u00e1 fechado nos pr\u00f3ximos dias, com Ot\u00e1vio chegando ao Rio de Janeiro como mais uma alternativa para o setor de meio-campo comandado por Mano Menezes.<\/p>\n\n\n\n<h2 class=\"wp-block-heading\" id=\"h-declaracao-de-rafael-sobis\">Declara\u00e7\u00e3o de Rafael Sobis<\/h2>\n\n\n\n<p>Ap\u00f3s o cl\u00e1ssico entre Cruzeiro e Atl\u00e9tico-MG, disputado no \u00faltimo s\u00e1bado (8), uma jogada pol\u00eamica envolvendo o zagueiro Lyanco e o atacante Dudu gerou grande repercuss\u00e3o. Rafael Sobis, ex-jogador e \u00eddolo do Cruzeiro, criticou duramente o defensor atleticano, acusando-o de ter pisado de prop\u00f3sito no bra\u00e7o do advers\u00e1rio durante a partida. Sobis afirmou que, para quem conhece futebol, ficou claro que Lyanco poderia ter evitado o contato e que a atitude merecia expuls\u00e3o, o que acirrou ainda mais as discuss\u00f5es sobre a arbitragem do jogo<strong><a href=\"https:\/\/www.gaveanews.com\/index.php\/2025\/02\/11\/a-declaracao-de-rafael-sobis-direcionada-a-lyanco-do-atletico-mg\/\"> (leia a mat\u00e9ria completa).<\/a><\/strong><\/p>\n\n\n\n<figure class=\"wp-block-image size-full\"><img loading=\"lazy\" decoding=\"async\" width=\"690\" height=\"421\" src=\"http:\/\/www.gaveanews.com\/wp-content\/uploads\/Lyanco.webp\" alt=\"\" class=\"wp-image-225525\"\/><\/figure>\n\n\n\n<p>Em entrevista ao canal 4D Esportes, Sobis foi al\u00e9m e classificou Lyanco como &#8220;fanfarr\u00e3o&#8221;, sugerindo que o zagueiro tem adotado um comportamento provocativo para ganhar moral junto \u00e0 torcida do Atl\u00e9tico-MG. Ele destacou que, embora considere o atleta talentoso, acredita que as atitudes agressivas v\u00eam sendo usadas como recurso para se firmar no elenco. A insatisfa\u00e7\u00e3o pelo lance n\u00e3o se limitou ao coment\u00e1rio do ex-atacante, pois jogadores e dirigentes do Cruzeiro tamb\u00e9m questionaram a conduta do \u00e1rbitro ap\u00f3s o t\u00e9rmino do confronto.<\/p>\n\n\n\n<p>Esse epis\u00f3dio adicionou mais tens\u00e3o \u00e0 hist\u00f3rica rivalidade entre as equipes mineiras, refor\u00e7ando a atmosfera acalorada que envolve o cl\u00e1ssico. A repercuss\u00e3o da jogada ainda domina as rodas de debate esportivo, e a expectativa \u00e9 que futuros encontros entre Cruzeiro e Atl\u00e9tico-MG continuem sendo pautados por disputas intensas e pol\u00eamicas. O comportamento de Lyanco seguir\u00e1 sob os holofotes, enquanto torcedores e especialistas acompanham de perto os pr\u00f3ximos desdobramentos dessa rivalidade.<\/p>\n","protected":false},"excerpt":{"rendered":"<p>Nas \u00faltimas horas, o foco das not\u00edcias sobre o Atl\u00e9tico-MG se concentram nos bastidores do clube, com destaques do dia a dia do time. Por conta deste contexto, leia abaixo um resumo preparado pela equipe do portal G\u00e1vea News para lhe manter muito bem informado! Chegada de Rony O Atl\u00e9tico-MG avalia a possibilidade de contratar [&hellip;]<\/p>\n","protected":false},"author":27,"featured_media":153999,"comment_status":"open","ping_status":"closed","sticky":false,"template":"","format":"standard","meta":{"footnotes":""},"categories":[136],"tags":[],"class_list":["post-227625","post","type-post","status-publish","format-standard","has-post-thumbnail","hentry","category-atletico-mg"],"yoast_head":"<!-- This site is optimized with the Yoast SEO Premium plugin v24.2 (Yoast SEO v26.9) - https:\/\/yoast.com\/product\/yoast-seo-premium-wordpress\/ -->\n<title>Declara\u00e7\u00e3o de Rafael Sobis, contrata\u00e7\u00e3o de novo refor\u00e7o e chegada de Rony: as \u00faltimas not\u00edcias do Atl\u00e9tico-MG<\/title>\n<meta name=\"robots\" content=\"index, follow, max-snippet:-1, max-image-preview:large, max-video-preview:-1\" \/>\n<link rel=\"canonical\" href=\"https:\/\/www.gaveanews.com\/index.php\/2025\/02\/14\/declaracao-de-rafael-sobis-contratacao-de-novo-reforco-e-chegada-de-rony-as-ultimas-noticias-do-atletico-mg\/\" \/>\n<meta property=\"og:locale\" content=\"pt_BR\" \/>\n<meta property=\"og:type\" content=\"article\" \/>\n<meta property=\"og:title\" content=\"Declara\u00e7\u00e3o de Rafael Sobis, contrata\u00e7\u00e3o de novo refor\u00e7o e chegada de Rony: as \u00faltimas not\u00edcias do Atl\u00e9tico-MG\" \/>\n<meta property=\"og:description\" content=\"Nas \u00faltimas horas, o foco das not\u00edcias sobre o Atl\u00e9tico-MG se concentram nos bastidores do clube, com destaques do dia a dia do time. Por conta deste contexto, leia abaixo um resumo preparado pela equipe do portal G\u00e1vea News para lhe manter muito bem informado! Chegada de Rony O Atl\u00e9tico-MG avalia a possibilidade de contratar [&hellip;]\" \/>\n<meta property=\"og:url\" content=\"https:\/\/www.gaveanews.com\/index.php\/2025\/02\/14\/declaracao-de-rafael-sobis-contratacao-de-novo-reforco-e-chegada-de-rony-as-ultimas-noticias-do-atletico-mg\/\" \/>\n<meta property=\"og:site_name\" content=\"G\u00e1vea News\" \/>\n<meta property=\"article:publisher\" content=\"https:\/\/facebook.com\/gaveaNews\/\" \/>\n<meta property=\"article:published_time\" content=\"2025-02-14T09:05:00+00:00\" \/>\n<meta property=\"og:image\" content=\"https:\/\/www.gaveanews.com\/wp-content\/uploads\/Estadio-do-Atletico-MG.webp\" \/>\n\t<meta property=\"og:image:width\" content=\"900\" \/>\n\t<meta property=\"og:image:height\" content=\"600\" \/>\n\t<meta property=\"og:image:type\" content=\"image\/webp\" \/>\n<meta name=\"author\" content=\"Matheus Felipe\" \/>\n<meta name=\"twitter:card\" content=\"summary_large_image\" \/>\n<meta name=\"twitter:label1\" content=\"Escrito por\" \/>\n\t<meta name=\"twitter:data1\" content=\"Matheus Felipe\" \/>\n\t<meta name=\"twitter:label2\" content=\"Est. tempo de leitura\" \/>\n\t<meta name=\"twitter:data2\" content=\"5 minutos\" \/>\n<script type=\"application\/ld+json\" class=\"yoast-schema-graph\">{\"@context\":\"https:\/\/schema.org\",\"@graph\":[{\"@type\":\"NewsArticle\",\"@id\":\"https:\/\/www.gaveanews.com\/index.php\/2025\/02\/14\/declaracao-de-rafael-sobis-contratacao-de-novo-reforco-e-chegada-de-rony-as-ultimas-noticias-do-atletico-mg\/#article\",\"isPartOf\":{\"@id\":\"https:\/\/www.gaveanews.com\/index.php\/2025\/02\/14\/declaracao-de-rafael-sobis-contratacao-de-novo-reforco-e-chegada-de-rony-as-ultimas-noticias-do-atletico-mg\/\"},\"author\":{\"name\":\"Matheus Felipe\",\"@id\":\"https:\/\/www.gaveanews.com\/#\/schema\/person\/8207cd4627f56151707418bfc835b2fb\"},\"headline\":\"Declara\u00e7\u00e3o de Rafael Sobis, contrata\u00e7\u00e3o de novo refor\u00e7o e chegada de Rony: as \u00faltimas not\u00edcias do Atl\u00e9tico-MG\",\"datePublished\":\"2025-02-14T09:05:00+00:00\",\"mainEntityOfPage\":{\"@id\":\"https:\/\/www.gaveanews.com\/index.php\/2025\/02\/14\/declaracao-de-rafael-sobis-contratacao-de-novo-reforco-e-chegada-de-rony-as-ultimas-noticias-do-atletico-mg\/\"},\"wordCount\":859,\"commentCount\":0,\"image\":{\"@id\":\"https:\/\/www.gaveanews.com\/index.php\/2025\/02\/14\/declaracao-de-rafael-sobis-contratacao-de-novo-reforco-e-chegada-de-rony-as-ultimas-noticias-do-atletico-mg\/#primaryimage\"},\"thumbnailUrl\":\"https:\/\/www.gaveanews.com\/wp-content\/uploads\/Estadio-do-Atletico-MG.webp\",\"articleSection\":[\"Atl\u00e9tico-MG\"],\"inLanguage\":\"pt-BR\",\"potentialAction\":[{\"@type\":\"CommentAction\",\"name\":\"Comment\",\"target\":[\"https:\/\/www.gaveanews.com\/index.php\/2025\/02\/14\/declaracao-de-rafael-sobis-contratacao-de-novo-reforco-e-chegada-de-rony-as-ultimas-noticias-do-atletico-mg\/#respond\"]}],\"copyrightYear\":\"2025\",\"copyrightHolder\":{\"@id\":\"https:\/\/www.gaveanews.com\/#organization\"}},{\"@type\":\"WebPage\",\"@id\":\"https:\/\/www.gaveanews.com\/index.php\/2025\/02\/14\/declaracao-de-rafael-sobis-contratacao-de-novo-reforco-e-chegada-de-rony-as-ultimas-noticias-do-atletico-mg\/\",\"url\":\"https:\/\/www.gaveanews.com\/index.php\/2025\/02\/14\/declaracao-de-rafael-sobis-contratacao-de-novo-reforco-e-chegada-de-rony-as-ultimas-noticias-do-atletico-mg\/\",\"name\":\"Declara\u00e7\u00e3o de Rafael Sobis, contrata\u00e7\u00e3o de novo refor\u00e7o e chegada de Rony: as \u00faltimas not\u00edcias do Atl\u00e9tico-MG\",\"isPartOf\":{\"@id\":\"https:\/\/www.gaveanews.com\/#website\"},\"primaryImageOfPage\":{\"@id\":\"https:\/\/www.gaveanews.com\/index.php\/2025\/02\/14\/declaracao-de-rafael-sobis-contratacao-de-novo-reforco-e-chegada-de-rony-as-ultimas-noticias-do-atletico-mg\/#primaryimage\"},\"image\":{\"@id\":\"https:\/\/www.gaveanews.com\/index.php\/2025\/02\/14\/declaracao-de-rafael-sobis-contratacao-de-novo-reforco-e-chegada-de-rony-as-ultimas-noticias-do-atletico-mg\/#primaryimage\"},\"thumbnailUrl\":\"https:\/\/www.gaveanews.com\/wp-content\/uploads\/Estadio-do-Atletico-MG.webp\",\"datePublished\":\"2025-02-14T09:05:00+00:00\",\"author\":{\"@id\":\"https:\/\/www.gaveanews.com\/#\/schema\/person\/8207cd4627f56151707418bfc835b2fb\"},\"breadcrumb\":{\"@id\":\"https:\/\/www.gaveanews.com\/index.php\/2025\/02\/14\/declaracao-de-rafael-sobis-contratacao-de-novo-reforco-e-chegada-de-rony-as-ultimas-noticias-do-atletico-mg\/#breadcrumb\"},\"inLanguage\":\"pt-BR\",\"potentialAction\":[{\"@type\":\"ReadAction\",\"target\":[\"https:\/\/www.gaveanews.com\/index.php\/2025\/02\/14\/declaracao-de-rafael-sobis-contratacao-de-novo-reforco-e-chegada-de-rony-as-ultimas-noticias-do-atletico-mg\/\"]}]},{\"@type\":\"ImageObject\",\"inLanguage\":\"pt-BR\",\"@id\":\"https:\/\/www.gaveanews.com\/index.php\/2025\/02\/14\/declaracao-de-rafael-sobis-contratacao-de-novo-reforco-e-chegada-de-rony-as-ultimas-noticias-do-atletico-mg\/#primaryimage\",\"url\":\"https:\/\/www.gaveanews.com\/wp-content\/uploads\/Estadio-do-Atletico-MG.webp\",\"contentUrl\":\"https:\/\/www.gaveanews.com\/wp-content\/uploads\/Estadio-do-Atletico-MG.webp\",\"width\":900,\"height\":600,\"caption\":\"Arena MRV, est\u00e1dio do Atl\u00e9tico-MG (Foto: Reprodu\u00e7\u00e3o\/Atl\u00e9tico)\"},{\"@type\":\"BreadcrumbList\",\"@id\":\"https:\/\/www.gaveanews.com\/index.php\/2025\/02\/14\/declaracao-de-rafael-sobis-contratacao-de-novo-reforco-e-chegada-de-rony-as-ultimas-noticias-do-atletico-mg\/#breadcrumb\",\"itemListElement\":[{\"@type\":\"ListItem\",\"position\":1,\"name\":\"Home\",\"item\":\"https:\/\/www.gaveanews.com\/\"},{\"@type\":\"ListItem\",\"position\":2,\"name\":\"Declara\u00e7\u00e3o de Rafael Sobis, contrata\u00e7\u00e3o de novo refor\u00e7o e chegada de Rony: as \u00faltimas not\u00edcias do Atl\u00e9tico-MG\"}]},{\"@type\":\"WebSite\",\"@id\":\"https:\/\/www.gaveanews.com\/#website\",\"url\":\"https:\/\/www.gaveanews.com\/\",\"name\":\"G\u00e1vea News\",\"description\":\"Veja todas as not\u00edcias sobre o Flamengo: Contrata\u00e7\u00f5es, categorias de base, resultados das partidas, tabela de classifica\u00e7\u00e3o, pr\u00f3ximos jogos!\",\"potentialAction\":[{\"@type\":\"SearchAction\",\"target\":{\"@type\":\"EntryPoint\",\"urlTemplate\":\"https:\/\/www.gaveanews.com\/?s={search_term_string}\"},\"query-input\":{\"@type\":\"PropertyValueSpecification\",\"valueRequired\":true,\"valueName\":\"search_term_string\"}}],\"inLanguage\":\"pt-BR\"},{\"@type\":\"Person\",\"@id\":\"https:\/\/www.gaveanews.com\/#\/schema\/person\/8207cd4627f56151707418bfc835b2fb\",\"name\":\"Matheus Felipe\",\"image\":{\"@type\":\"ImageObject\",\"inLanguage\":\"pt-BR\",\"@id\":\"https:\/\/www.gaveanews.com\/#\/schema\/person\/image\/\",\"url\":\"https:\/\/secure.gravatar.com\/avatar\/a452ffbed9130f726358b298bb3a99ce4bd3c5338411f8440e87e14d74c7c087?s=96&d=mm&r=g\",\"contentUrl\":\"https:\/\/secure.gravatar.com\/avatar\/a452ffbed9130f726358b298bb3a99ce4bd3c5338411f8440e87e14d74c7c087?s=96&d=mm&r=g\",\"caption\":\"Matheus Felipe\"}}]}<\/script>\n<!-- \/ Yoast SEO Premium plugin. -->","yoast_head_json":{"title":"Declara\u00e7\u00e3o de Rafael Sobis, contrata\u00e7\u00e3o de novo refor\u00e7o e chegada de Rony: as \u00faltimas not\u00edcias do Atl\u00e9tico-MG","robots":{"index":"index","follow":"follow","max-snippet":"max-snippet:-1","max-image-preview":"max-image-preview:large","max-video-preview":"max-video-preview:-1"},"canonical":"https:\/\/www.gaveanews.com\/index.php\/2025\/02\/14\/declaracao-de-rafael-sobis-contratacao-de-novo-reforco-e-chegada-de-rony-as-ultimas-noticias-do-atletico-mg\/","og_locale":"pt_BR","og_type":"article","og_title":"Declara\u00e7\u00e3o de Rafael Sobis, contrata\u00e7\u00e3o de novo refor\u00e7o e chegada de Rony: as \u00faltimas not\u00edcias do Atl\u00e9tico-MG","og_description":"Nas \u00faltimas horas, o foco das not\u00edcias sobre o Atl\u00e9tico-MG se concentram nos bastidores do clube, com destaques do dia a dia do time. Por conta deste contexto, leia abaixo um resumo preparado pela equipe do portal G\u00e1vea News para lhe manter muito bem informado! Chegada de Rony O Atl\u00e9tico-MG avalia a possibilidade de contratar [&hellip;]","og_url":"https:\/\/www.gaveanews.com\/index.php\/2025\/02\/14\/declaracao-de-rafael-sobis-contratacao-de-novo-reforco-e-chegada-de-rony-as-ultimas-noticias-do-atletico-mg\/","og_site_name":"G\u00e1vea News","article_publisher":"https:\/\/facebook.com\/gaveaNews\/","article_published_time":"2025-02-14T09:05:00+00:00","og_image":[{"width":900,"height":600,"url":"https:\/\/www.gaveanews.com\/wp-content\/uploads\/Estadio-do-Atletico-MG.webp","type":"image\/webp"}],"author":"Matheus Felipe","twitter_card":"summary_large_image","twitter_misc":{"Escrito por":"Matheus Felipe","Est. tempo de leitura":"5 minutos"},"schema":{"@context":"https:\/\/schema.org","@graph":[{"@type":"NewsArticle","@id":"https:\/\/www.gaveanews.com\/index.php\/2025\/02\/14\/declaracao-de-rafael-sobis-contratacao-de-novo-reforco-e-chegada-de-rony-as-ultimas-noticias-do-atletico-mg\/#article","isPartOf":{"@id":"https:\/\/www.gaveanews.com\/index.php\/2025\/02\/14\/declaracao-de-rafael-sobis-contratacao-de-novo-reforco-e-chegada-de-rony-as-ultimas-noticias-do-atletico-mg\/"},"author":{"name":"Matheus Felipe","@id":"https:\/\/www.gaveanews.com\/#\/schema\/person\/8207cd4627f56151707418bfc835b2fb"},"headline":"Declara\u00e7\u00e3o de Rafael Sobis, contrata\u00e7\u00e3o de novo refor\u00e7o e chegada de Rony: as \u00faltimas not\u00edcias do Atl\u00e9tico-MG","datePublished":"2025-02-14T09:05:00+00:00","mainEntityOfPage":{"@id":"https:\/\/www.gaveanews.com\/index.php\/2025\/02\/14\/declaracao-de-rafael-sobis-contratacao-de-novo-reforco-e-chegada-de-rony-as-ultimas-noticias-do-atletico-mg\/"},"wordCount":859,"commentCount":0,"image":{"@id":"https:\/\/www.gaveanews.com\/index.php\/2025\/02\/14\/declaracao-de-rafael-sobis-contratacao-de-novo-reforco-e-chegada-de-rony-as-ultimas-noticias-do-atletico-mg\/#primaryimage"},"thumbnailUrl":"https:\/\/www.gaveanews.com\/wp-content\/uploads\/Estadio-do-Atletico-MG.webp","articleSection":["Atl\u00e9tico-MG"],"inLanguage":"pt-BR","potentialAction":[{"@type":"CommentAction","name":"Comment","target":["https:\/\/www.gaveanews.com\/index.php\/2025\/02\/14\/declaracao-de-rafael-sobis-contratacao-de-novo-reforco-e-chegada-de-rony-as-ultimas-noticias-do-atletico-mg\/#respond"]}],"copyrightYear":"2025","copyrightHolder":{"@id":"https:\/\/www.gaveanews.com\/#organization"}},{"@type":"WebPage","@id":"https:\/\/www.gaveanews.com\/index.php\/2025\/02\/14\/declaracao-de-rafael-sobis-contratacao-de-novo-reforco-e-chegada-de-rony-as-ultimas-noticias-do-atletico-mg\/","url":"https:\/\/www.gaveanews.com\/index.php\/2025\/02\/14\/declaracao-de-rafael-sobis-contratacao-de-novo-reforco-e-chegada-de-rony-as-ultimas-noticias-do-atletico-mg\/","name":"Declara\u00e7\u00e3o de Rafael Sobis, contrata\u00e7\u00e3o de novo refor\u00e7o e chegada de Rony: as \u00faltimas not\u00edcias do Atl\u00e9tico-MG","isPartOf":{"@id":"https:\/\/www.gaveanews.com\/#website"},"primaryImageOfPage":{"@id":"https:\/\/www.gaveanews.com\/index.php\/2025\/02\/14\/declaracao-de-rafael-sobis-contratacao-de-novo-reforco-e-chegada-de-rony-as-ultimas-noticias-do-atletico-mg\/#primaryimage"},"image":{"@id":"https:\/\/www.gaveanews.com\/index.php\/2025\/02\/14\/declaracao-de-rafael-sobis-contratacao-de-novo-reforco-e-chegada-de-rony-as-ultimas-noticias-do-atletico-mg\/#primaryimage"},"thumbnailUrl":"https:\/\/www.gaveanews.com\/wp-content\/uploads\/Estadio-do-Atletico-MG.webp","datePublished":"2025-02-14T09:05:00+00:00","author":{"@id":"https:\/\/www.gaveanews.com\/#\/schema\/person\/8207cd4627f56151707418bfc835b2fb"},"breadcrumb":{"@id":"https:\/\/www.gaveanews.com\/index.php\/2025\/02\/14\/declaracao-de-rafael-sobis-contratacao-de-novo-reforco-e-chegada-de-rony-as-ultimas-noticias-do-atletico-mg\/#breadcrumb"},"inLanguage":"pt-BR","potentialAction":[{"@type":"ReadAction","target":["https:\/\/www.gaveanews.com\/index.php\/2025\/02\/14\/declaracao-de-rafael-sobis-contratacao-de-novo-reforco-e-chegada-de-rony-as-ultimas-noticias-do-atletico-mg\/"]}]},{"@type":"ImageObject","inLanguage":"pt-BR","@id":"https:\/\/www.gaveanews.com\/index.php\/2025\/02\/14\/declaracao-de-rafael-sobis-contratacao-de-novo-reforco-e-chegada-de-rony-as-ultimas-noticias-do-atletico-mg\/#primaryimage","url":"https:\/\/www.gaveanews.com\/wp-content\/uploads\/Estadio-do-Atletico-MG.webp","contentUrl":"https:\/\/www.gaveanews.com\/wp-content\/uploads\/Estadio-do-Atletico-MG.webp","width":900,"height":600,"caption":"Arena MRV, est\u00e1dio do Atl\u00e9tico-MG (Foto: Reprodu\u00e7\u00e3o\/Atl\u00e9tico)"},{"@type":"BreadcrumbList","@id":"https:\/\/www.gaveanews.com\/index.php\/2025\/02\/14\/declaracao-de-rafael-sobis-contratacao-de-novo-reforco-e-chegada-de-rony-as-ultimas-noticias-do-atletico-mg\/#breadcrumb","itemListElement":[{"@type":"ListItem","position":1,"name":"Home","item":"https:\/\/www.gaveanews.com\/"},{"@type":"ListItem","position":2,"name":"Declara\u00e7\u00e3o de Rafael Sobis, contrata\u00e7\u00e3o de novo refor\u00e7o e chegada de Rony: as \u00faltimas not\u00edcias do Atl\u00e9tico-MG"}]},{"@type":"WebSite","@id":"https:\/\/www.gaveanews.com\/#website","url":"https:\/\/www.gaveanews.com\/","name":"G\u00e1vea News","description":"Veja todas as not\u00edcias sobre o Flamengo: Contrata\u00e7\u00f5es, categorias de base, resultados das partidas, tabela de classifica\u00e7\u00e3o, pr\u00f3ximos jogos!","potentialAction":[{"@type":"SearchAction","target":{"@type":"EntryPoint","urlTemplate":"https:\/\/www.gaveanews.com\/?s={search_term_string}"},"query-input":{"@type":"PropertyValueSpecification","valueRequired":true,"valueName":"search_term_string"}}],"inLanguage":"pt-BR"},{"@type":"Person","@id":"https:\/\/www.gaveanews.com\/#\/schema\/person\/8207cd4627f56151707418bfc835b2fb","name":"Matheus Felipe","image":{"@type":"ImageObject","inLanguage":"pt-BR","@id":"https:\/\/www.gaveanews.com\/#\/schema\/person\/image\/","url":"https:\/\/secure.gravatar.com\/avatar\/a452ffbed9130f726358b298bb3a99ce4bd3c5338411f8440e87e14d74c7c087?s=96&d=mm&r=g","contentUrl":"https:\/\/secure.gravatar.com\/avatar\/a452ffbed9130f726358b298bb3a99ce4bd3c5338411f8440e87e14d74c7c087?s=96&d=mm&r=g","caption":"Matheus Felipe"}}]}},"_links":{"self":[{"href":"https:\/\/www.gaveanews.com\/index.php\/wp-json\/wp\/v2\/posts\/227625","targetHints":{"allow":["GET"]}}],"collection":[{"href":"https:\/\/www.gaveanews.com\/index.php\/wp-json\/wp\/v2\/posts"}],"about":[{"href":"https:\/\/www.gaveanews.com\/index.php\/wp-json\/wp\/v2\/types\/post"}],"author":[{"embeddable":true,"href":"https:\/\/www.gaveanews.com\/index.php\/wp-json\/wp\/v2\/users\/27"}],"replies":[{"embeddable":true,"href":"https:\/\/www.gaveanews.com\/index.php\/wp-json\/wp\/v2\/comments?post=227625"}],"version-history":[{"count":1,"href":"https:\/\/www.gaveanews.com\/index.php\/wp-json\/wp\/v2\/posts\/227625\/revisions"}],"predecessor-version":[{"id":227658,"href":"https:\/\/www.gaveanews.com\/index.php\/wp-json\/wp\/v2\/posts\/227625\/revisions\/227658"}],"wp:featuredmedia":[{"embeddable":true,"href":"https:\/\/www.gaveanews.com\/index.php\/wp-json\/wp\/v2\/media\/153999"}],"wp:attachment":[{"href":"https:\/\/www.gaveanews.com\/index.php\/wp-json\/wp\/v2\/media?parent=227625"}],"wp:term":[{"taxonomy":"category","embeddable":true,"href":"https:\/\/www.gaveanews.com\/index.php\/wp-json\/wp\/v2\/categories?post=227625"},{"taxonomy":"post_tag","embeddable":true,"href":"https:\/\/www.gaveanews.com\/index.php\/wp-json\/wp\/v2\/tags?post=227625"}],"curies":[{"name":"wp","href":"https:\/\/api.w.org\/{rel}","templated":true}]}}