{"id":227626,"date":"2025-02-14T07:00:00","date_gmt":"2025-02-14T10:00:00","guid":{"rendered":"https:\/\/www.gaveanews.com\/?p=227626"},"modified":"2025-02-14T02:30:40","modified_gmt":"2025-02-14T05:30:40","slug":"barcelona-observa-wesley-situacao-de-de-la-cruz-e-declaracao-de-flavio-prado-as-ultimas-noticias-do-flamengo","status":"publish","type":"post","link":"https:\/\/www.gaveanews.com\/index.php\/2025\/02\/14\/barcelona-observa-wesley-situacao-de-de-la-cruz-e-declaracao-de-flavio-prado-as-ultimas-noticias-do-flamengo\/","title":{"rendered":"Barcelona observa Wesley, situa\u00e7\u00e3o de De La Cruz e declara\u00e7\u00e3o de Fl\u00e1vio Prado: as \u00faltimas not\u00edcias do Flamengo"},"content":{"rendered":"\n<p>Nas \u00faltimas horas, o foco das not\u00edcias sobre o Flamengo se concentram nos bastidores do clube, com destaques do dia a dia do time.<\/p>\n\n\n\n<p>Por conta deste contexto, leia abaixo um resumo preparado pela equipe do portal G\u00e1vea News para lhe manter muito bem informado!<\/p>\n\n\n\n<h2 class=\"wp-block-heading\" id=\"h-declaracao-de-flavio-prado\">Declara\u00e7\u00e3o de Fl\u00e1vio Prado<\/h2>\n\n\n\n<p>Gerson, meio-campista e capit\u00e3o do Flamengo, vive uma excelente fase no clube carioca, sendo considerado um dos destaques do futebol brasileiro e presen\u00e7a constante na Sele\u00e7\u00e3o. Reconhecido por sua lideran\u00e7a e desempenho t\u00e9cnico, o jogador tem atra\u00eddo elogios e interesse de outros clubes, como o Zenit, que apresentou proposta para contrat\u00e1-lo. Contudo, o Flamengo estabeleceu que s\u00f3 negociar\u00e1 o atleta por, no m\u00ednimo, 35 milh\u00f5es de euros, cerca de R$ 210 milh\u00f5es <strong><a href=\"https:\/\/www.gaveanews.com\/index.php\/2025\/02\/09\/video-a-declaracao-de-flavio-prado-direcionada-a-gerson-do-flamengo\/\">(leia a mat\u00e9ria completa).<\/a><\/strong><\/p>\n\n\n\n<figure class=\"wp-block-image size-full\"><img loading=\"lazy\" decoding=\"async\" width=\"999\" height=\"548\" src=\"http:\/\/www.gaveanews.com\/wp-content\/uploads\/Flavio-Prado.webp\" alt=\"\" class=\"wp-image-102292\" srcset=\"https:\/\/www.gaveanews.com\/wp-content\/uploads\/Flavio-Prado.webp 999w, https:\/\/www.gaveanews.com\/wp-content\/uploads\/Flavio-Prado-300x165.webp 300w, https:\/\/www.gaveanews.com\/wp-content\/uploads\/Flavio-Prado-768x421.webp 768w, https:\/\/www.gaveanews.com\/wp-content\/uploads\/Flavio-Prado-766x420.webp 766w, https:\/\/www.gaveanews.com\/wp-content\/uploads\/Flavio-Prado-640x350.webp 640w, https:\/\/www.gaveanews.com\/wp-content\/uploads\/Flavio-Prado-681x374.webp 681w, https:\/\/www.gaveanews.com\/wp-content\/uploads\/Flavio-Prado-100x55.webp 100w\" sizes=\"auto, (max-width: 999px) 100vw, 999px\" \/><\/figure>\n\n\n\n<p>O jornalista Fl\u00e1vio Prado elogiou a performance do camisa 8, mas ponderou que sua trajet\u00f3ria na Europa n\u00e3o foi t\u00e3o bem-sucedida quanto a vivida no Brasil. <\/p>\n\n\n\n<p>Segundo Prado, apesar de ser um dos melhores jogadores em atividade no pa\u00eds, Gerson n\u00e3o conseguiu se firmar nas duas oportunidades que teve no futebol europeu, o que pode limitar seu espa\u00e7o nos grandes centros do continente. Ainda assim, o comentarista destacou que o volante se consolidou como pe\u00e7a-chave no Flamengo e tamb\u00e9m tem se sa\u00eddo bem nas convoca\u00e7\u00f5es da Sele\u00e7\u00e3o.<\/p>\n\n\n\n<p>Al\u00e9m do aspecto t\u00e9cnico, Gerson \u00e9 reconhecido pela influ\u00eancia positiva que exerce sobre o elenco rubro-negro, sendo refer\u00eancia para os jovens e exemplo de profissionalismo aos mais experientes. Esse perfil de lideran\u00e7a, aliado ao desempenho consistente em campo, fortaleceu sua import\u00e2ncia no Flamengo e justificou a resist\u00eancia do clube em negoci\u00e1-lo. O interesse internacional sinaliza o reconhecimento do mercado pelo talento do jogador, mas o valor estipulado pela diretoria refor\u00e7a a confian\u00e7a no potencial do capit\u00e3o para seguir ajudando a equipe a alcan\u00e7ar t\u00edtulos.<\/p>\n\n\n\n<h2 class=\"wp-block-heading\" id=\"h-situacao-de-de-la-cruz\">Situa\u00e7\u00e3o de De La Cruz<\/h2>\n\n\n\n<p>A aus\u00eancia de Nico De La Cruz no cl\u00e1ssico entre Flamengo e Fluminense, realizado no s\u00e1bado (8), gerou repercuss\u00e3o entre torcedores e comentaristas esportivos. O clube justificou o desfalque alegando \u201ccontrole de carga\u201d, explica\u00e7\u00e3o que n\u00e3o foi bem recebida por todos. O jornalista Renato Maur\u00edcio Prado criticou publicamente a situa\u00e7\u00e3o, chamando o jogador de \u201cvidro\u201d, em alus\u00e3o \u00e0s recorrentes aus\u00eancias por problemas f\u00edsicos desde sua chegada ao time rubro-negro no in\u00edcio de 2024<strong><a href=\"https:\/\/www.gaveanews.com\/index.php\/2025\/02\/08\/flamengo-renato-mauricio-prado-e-sincero-sobre-situacao-de-de-la-cruz\/\"> (leia a mat\u00e9ria completa).<\/a><\/strong><\/p>\n\n\n\n<figure class=\"wp-block-image size-large\"><img loading=\"lazy\" decoding=\"async\" width=\"1024\" height=\"576\" src=\"http:\/\/www.gaveanews.com\/wp-content\/uploads\/chrome_WyNUPff5rM-1024x576.webp\" alt=\"\" class=\"wp-image-121106\" srcset=\"https:\/\/www.gaveanews.com\/wp-content\/uploads\/chrome_WyNUPff5rM-1024x576.webp 1024w, https:\/\/www.gaveanews.com\/wp-content\/uploads\/chrome_WyNUPff5rM-300x169.webp 300w, https:\/\/www.gaveanews.com\/wp-content\/uploads\/chrome_WyNUPff5rM-768x432.webp 768w, https:\/\/www.gaveanews.com\/wp-content\/uploads\/chrome_WyNUPff5rM-1536x864.webp 1536w, https:\/\/www.gaveanews.com\/wp-content\/uploads\/chrome_WyNUPff5rM-747x420.webp 747w, https:\/\/www.gaveanews.com\/wp-content\/uploads\/chrome_WyNUPff5rM-1493x840.webp 1493w, https:\/\/www.gaveanews.com\/wp-content\/uploads\/chrome_WyNUPff5rM-640x360.webp 640w, https:\/\/www.gaveanews.com\/wp-content\/uploads\/chrome_WyNUPff5rM-1280x720.webp 1280w, https:\/\/www.gaveanews.com\/wp-content\/uploads\/chrome_WyNUPff5rM-681x383.webp 681w, https:\/\/www.gaveanews.com\/wp-content\/uploads\/chrome_WyNUPff5rM-1362x766.webp 1362w, https:\/\/www.gaveanews.com\/wp-content\/uploads\/chrome_WyNUPff5rM-100x56.webp 100w, https:\/\/www.gaveanews.com\/wp-content\/uploads\/chrome_WyNUPff5rM.webp 1920w\" sizes=\"auto, (max-width: 1024px) 100vw, 1024px\" \/><figcaption class=\"wp-element-caption\">Nicol\u00e1s de la Cruz em apresenta\u00e7\u00e3o pelo Flamengo &#8211; Foto: reprodu\u00e7\u00e3o FlaTV<\/figcaption><\/figure>\n\n\n\n<p>A diretoria do Flamengo esclareceu, por meio de nota oficial, que a decis\u00e3o faz parte de um planejamento preventivo para preservar o estado f\u00edsico do meia uruguaio ao longo da temporada. Mesmo assim, parte da torcida demonstrou insatisfa\u00e7\u00e3o, visto que De La Cruz foi contratado como refor\u00e7o de peso, mas tem desfalcado a equipe em partidas relevantes. O desgaste f\u00edsico do atleta tem gerado d\u00favidas sobre sua condi\u00e7\u00e3o e capacidade de suportar o calend\u00e1rio competitivo brasileiro.<\/p>\n\n\n\n<p>Apesar da pol\u00eamica, o Flamengo entrou em campo em boa situa\u00e7\u00e3o no Campeonato Carioca, ocupando a vice-lideran\u00e7a com 13 pontos. A equipe comandada por Filipe Lu\u00eds mostrou ter alternativas para contornar aus\u00eancias e manter um desempenho s\u00f3lido. O resultado do Fla-Flu, portanto, se tornou importante n\u00e3o apenas pela pontua\u00e7\u00e3o, mas tamb\u00e9m como resposta \u00e0s cr\u00edticas, evidenciando a for\u00e7a coletiva do elenco mesmo sem a presen\u00e7a de um dos seus principais refor\u00e7os.<\/p>\n\n\n\n<h2 class=\"wp-block-heading\" id=\"h-barcelona-observa-wesley\">Barcelona observa Wesley<\/h2>\n\n\n\n<p>O lateral-direito Wesley, do Flamengo, despertou o interesse do Barcelona, que acompanha seu desenvolvimento h\u00e1 algum tempo e cogita formalizar uma proposta na pr\u00f3xima janela de transfer\u00eancias. O clube catal\u00e3o j\u00e1 havia tentado contrat\u00e1-lo em 2023, por empr\u00e9stimo para a equipe B, mas as negocia\u00e7\u00f5es n\u00e3o avan\u00e7aram. Desta vez, o desempenho do jogador sob o comando de Filipe Lu\u00eds e suas caracter\u00edsticas ofensivas e de resist\u00eancia chamaram novamente a aten\u00e7\u00e3o dos espanh\u00f3is, que veem nele uma op\u00e7\u00e3o promissora para fortalecer a lateral-direita <strong><a href=\"https:\/\/www.gaveanews.com\/index.php\/2025\/02\/12\/agora-barcelona-quer-contratar-jogador-do-flamengo\/\">(leia a mat\u00e9ria completa).<\/a><\/strong><\/p>\n\n\n\n<figure class=\"wp-block-image size-full\"><img loading=\"lazy\" decoding=\"async\" width=\"860\" height=\"484\" src=\"http:\/\/www.gaveanews.com\/wp-content\/uploads\/Wesley-em-acao-pelo-Flamengo.webp\" alt=\"\" class=\"wp-image-159864\" srcset=\"https:\/\/www.gaveanews.com\/wp-content\/uploads\/Wesley-em-acao-pelo-Flamengo.webp 860w, https:\/\/www.gaveanews.com\/wp-content\/uploads\/Wesley-em-acao-pelo-Flamengo-300x169.webp 300w, https:\/\/www.gaveanews.com\/wp-content\/uploads\/Wesley-em-acao-pelo-Flamengo-768x432.webp 768w, https:\/\/www.gaveanews.com\/wp-content\/uploads\/Wesley-em-acao-pelo-Flamengo-746x420.webp 746w, https:\/\/www.gaveanews.com\/wp-content\/uploads\/Wesley-em-acao-pelo-Flamengo-640x360.webp 640w, https:\/\/www.gaveanews.com\/wp-content\/uploads\/Wesley-em-acao-pelo-Flamengo-681x383.webp 681w, https:\/\/www.gaveanews.com\/wp-content\/uploads\/Wesley-em-acao-pelo-Flamengo-100x56.webp 100w\" sizes=\"auto, (max-width: 860px) 100vw, 860px\" \/><figcaption class=\"wp-element-caption\">Wesley em a\u00e7\u00e3o pelo Flamengo (Foto: Reprodu\u00e7\u00e3o\/Instagram Wesley)<\/figcaption><\/figure>\n\n\n\n<p>Segundo o jornal espanhol Sport, Wesley \u00e9 avaliado como um lateral t\u00edpico do futebol brasileiro, com velocidade e capacidade para atuar em toda a extens\u00e3o do lado direito do campo. A diretoria do Flamengo, ciente da valoriza\u00e7\u00e3o do atleta, estipulou um valor m\u00ednimo de 35 milh\u00f5es de euros (aproximadamente R$ 209 milh\u00f5es) para concretizar qualquer negocia\u00e7\u00e3o. Se a venda ocorrer por esse montante, ser\u00e1 a terceira maior transa\u00e7\u00e3o da hist\u00f3ria do clube, ficando atr\u00e1s apenas das vendas de Vinicius Jr. e Lucas Paquet\u00e1.<\/p>\n\n\n\n<p>Al\u00e9m do Barcelona, o Manchester United tamb\u00e9m teria demonstrado interesse em Wesley, enquanto o Zenit, da R\u00fassia, desistiu das tratativas. O Flamengo segue atento \u00e0s movimenta\u00e7\u00f5es do mercado, mas o lateral permanece integrado ao elenco e dispon\u00edvel para os compromissos da temporada. A poss\u00edvel negocia\u00e7\u00e3o \u00e9 vista como uma oportunidade para o jogador dar um passo importante na carreira, e o clube carioca aguarda por propostas que atendam suas expectativas financeiras.<\/p>\n","protected":false},"excerpt":{"rendered":"<p>Nas \u00faltimas horas, o foco das not\u00edcias sobre o Flamengo se concentram nos bastidores do clube, com destaques do dia a dia do time. Por conta deste contexto, leia abaixo um resumo preparado pela equipe do portal G\u00e1vea News para lhe manter muito bem informado! Declara\u00e7\u00e3o de Fl\u00e1vio Prado Gerson, meio-campista e capit\u00e3o do Flamengo, [&hellip;]<\/p>\n","protected":false},"author":27,"featured_media":64001,"comment_status":"open","ping_status":"closed","sticky":false,"template":"","format":"standard","meta":{"footnotes":""},"categories":[1],"tags":[],"class_list":["post-227626","post","type-post","status-publish","format-standard","has-post-thumbnail","hentry","category-flamengo"],"yoast_head":"<!-- This site is optimized with the Yoast SEO Premium plugin v24.2 (Yoast SEO v26.9) - https:\/\/yoast.com\/product\/yoast-seo-premium-wordpress\/ -->\n<title>Barcelona observa Wesley, situa\u00e7\u00e3o de De La Cruz e declara\u00e7\u00e3o de Fl\u00e1vio Prado: as \u00faltimas not\u00edcias do Flamengo<\/title>\n<meta name=\"robots\" content=\"index, follow, max-snippet:-1, max-image-preview:large, max-video-preview:-1\" \/>\n<link rel=\"canonical\" href=\"https:\/\/www.gaveanews.com\/index.php\/2025\/02\/14\/barcelona-observa-wesley-situacao-de-de-la-cruz-e-declaracao-de-flavio-prado-as-ultimas-noticias-do-flamengo\/\" \/>\n<meta property=\"og:locale\" content=\"pt_BR\" \/>\n<meta property=\"og:type\" content=\"article\" \/>\n<meta property=\"og:title\" content=\"Barcelona observa Wesley, situa\u00e7\u00e3o de De La Cruz e declara\u00e7\u00e3o de Fl\u00e1vio Prado: as \u00faltimas not\u00edcias do Flamengo\" \/>\n<meta property=\"og:description\" content=\"Nas \u00faltimas horas, o foco das not\u00edcias sobre o Flamengo se concentram nos bastidores do clube, com destaques do dia a dia do time. Por conta deste contexto, leia abaixo um resumo preparado pela equipe do portal G\u00e1vea News para lhe manter muito bem informado! Declara\u00e7\u00e3o de Fl\u00e1vio Prado Gerson, meio-campista e capit\u00e3o do Flamengo, [&hellip;]\" \/>\n<meta property=\"og:url\" content=\"https:\/\/www.gaveanews.com\/index.php\/2025\/02\/14\/barcelona-observa-wesley-situacao-de-de-la-cruz-e-declaracao-de-flavio-prado-as-ultimas-noticias-do-flamengo\/\" \/>\n<meta property=\"og:site_name\" content=\"G\u00e1vea News\" \/>\n<meta property=\"article:publisher\" content=\"https:\/\/facebook.com\/gaveaNews\/\" \/>\n<meta property=\"article:published_time\" content=\"2025-02-14T10:00:00+00:00\" \/>\n<meta property=\"og:image\" content=\"https:\/\/www.gaveanews.com\/wp-content\/uploads\/Bandeira-do-Flamengo-no-estadio-do-Corinthians-antes-do-jogo-contra-o-Fluminense-pelo-Campeonato-Brasileiro-de-2021.webp\" \/>\n\t<meta property=\"og:image:width\" content=\"799\" \/>\n\t<meta property=\"og:image:height\" content=\"532\" \/>\n\t<meta property=\"og:image:type\" content=\"image\/jpeg\" \/>\n<meta name=\"author\" content=\"Matheus Felipe\" \/>\n<meta name=\"twitter:card\" content=\"summary_large_image\" \/>\n<meta name=\"twitter:label1\" content=\"Escrito por\" \/>\n\t<meta name=\"twitter:data1\" content=\"Matheus Felipe\" \/>\n\t<meta name=\"twitter:label2\" content=\"Est. tempo de leitura\" \/>\n\t<meta name=\"twitter:data2\" content=\"6 minutos\" \/>\n<script type=\"application\/ld+json\" class=\"yoast-schema-graph\">{\"@context\":\"https:\/\/schema.org\",\"@graph\":[{\"@type\":\"NewsArticle\",\"@id\":\"https:\/\/www.gaveanews.com\/index.php\/2025\/02\/14\/barcelona-observa-wesley-situacao-de-de-la-cruz-e-declaracao-de-flavio-prado-as-ultimas-noticias-do-flamengo\/#article\",\"isPartOf\":{\"@id\":\"https:\/\/www.gaveanews.com\/index.php\/2025\/02\/14\/barcelona-observa-wesley-situacao-de-de-la-cruz-e-declaracao-de-flavio-prado-as-ultimas-noticias-do-flamengo\/\"},\"author\":{\"name\":\"Matheus Felipe\",\"@id\":\"https:\/\/www.gaveanews.com\/#\/schema\/person\/8207cd4627f56151707418bfc835b2fb\"},\"headline\":\"Barcelona observa Wesley, situa\u00e7\u00e3o de De La Cruz e declara\u00e7\u00e3o de Fl\u00e1vio Prado: as \u00faltimas not\u00edcias do Flamengo\",\"datePublished\":\"2025-02-14T10:00:00+00:00\",\"mainEntityOfPage\":{\"@id\":\"https:\/\/www.gaveanews.com\/index.php\/2025\/02\/14\/barcelona-observa-wesley-situacao-de-de-la-cruz-e-declaracao-de-flavio-prado-as-ultimas-noticias-do-flamengo\/\"},\"wordCount\":911,\"commentCount\":0,\"image\":{\"@id\":\"https:\/\/www.gaveanews.com\/index.php\/2025\/02\/14\/barcelona-observa-wesley-situacao-de-de-la-cruz-e-declaracao-de-flavio-prado-as-ultimas-noticias-do-flamengo\/#primaryimage\"},\"thumbnailUrl\":\"https:\/\/www.gaveanews.com\/wp-content\/uploads\/Bandeira-do-Flamengo-no-estadio-do-Corinthians-antes-do-jogo-contra-o-Fluminense-pelo-Campeonato-Brasileiro-de-2021.webp\",\"articleSection\":[\"Flamengo\"],\"inLanguage\":\"pt-BR\",\"potentialAction\":[{\"@type\":\"CommentAction\",\"name\":\"Comment\",\"target\":[\"https:\/\/www.gaveanews.com\/index.php\/2025\/02\/14\/barcelona-observa-wesley-situacao-de-de-la-cruz-e-declaracao-de-flavio-prado-as-ultimas-noticias-do-flamengo\/#respond\"]}],\"copyrightYear\":\"2025\",\"copyrightHolder\":{\"@id\":\"https:\/\/www.gaveanews.com\/#organization\"}},{\"@type\":\"WebPage\",\"@id\":\"https:\/\/www.gaveanews.com\/index.php\/2025\/02\/14\/barcelona-observa-wesley-situacao-de-de-la-cruz-e-declaracao-de-flavio-prado-as-ultimas-noticias-do-flamengo\/\",\"url\":\"https:\/\/www.gaveanews.com\/index.php\/2025\/02\/14\/barcelona-observa-wesley-situacao-de-de-la-cruz-e-declaracao-de-flavio-prado-as-ultimas-noticias-do-flamengo\/\",\"name\":\"Barcelona observa Wesley, situa\u00e7\u00e3o de De La Cruz e declara\u00e7\u00e3o de Fl\u00e1vio Prado: as \u00faltimas not\u00edcias do Flamengo\",\"isPartOf\":{\"@id\":\"https:\/\/www.gaveanews.com\/#website\"},\"primaryImageOfPage\":{\"@id\":\"https:\/\/www.gaveanews.com\/index.php\/2025\/02\/14\/barcelona-observa-wesley-situacao-de-de-la-cruz-e-declaracao-de-flavio-prado-as-ultimas-noticias-do-flamengo\/#primaryimage\"},\"image\":{\"@id\":\"https:\/\/www.gaveanews.com\/index.php\/2025\/02\/14\/barcelona-observa-wesley-situacao-de-de-la-cruz-e-declaracao-de-flavio-prado-as-ultimas-noticias-do-flamengo\/#primaryimage\"},\"thumbnailUrl\":\"https:\/\/www.gaveanews.com\/wp-content\/uploads\/Bandeira-do-Flamengo-no-estadio-do-Corinthians-antes-do-jogo-contra-o-Fluminense-pelo-Campeonato-Brasileiro-de-2021.webp\",\"datePublished\":\"2025-02-14T10:00:00+00:00\",\"author\":{\"@id\":\"https:\/\/www.gaveanews.com\/#\/schema\/person\/8207cd4627f56151707418bfc835b2fb\"},\"breadcrumb\":{\"@id\":\"https:\/\/www.gaveanews.com\/index.php\/2025\/02\/14\/barcelona-observa-wesley-situacao-de-de-la-cruz-e-declaracao-de-flavio-prado-as-ultimas-noticias-do-flamengo\/#breadcrumb\"},\"inLanguage\":\"pt-BR\",\"potentialAction\":[{\"@type\":\"ReadAction\",\"target\":[\"https:\/\/www.gaveanews.com\/index.php\/2025\/02\/14\/barcelona-observa-wesley-situacao-de-de-la-cruz-e-declaracao-de-flavio-prado-as-ultimas-noticias-do-flamengo\/\"]}]},{\"@type\":\"ImageObject\",\"inLanguage\":\"pt-BR\",\"@id\":\"https:\/\/www.gaveanews.com\/index.php\/2025\/02\/14\/barcelona-observa-wesley-situacao-de-de-la-cruz-e-declaracao-de-flavio-prado-as-ultimas-noticias-do-flamengo\/#primaryimage\",\"url\":\"https:\/\/www.gaveanews.com\/wp-content\/uploads\/Bandeira-do-Flamengo-no-estadio-do-Corinthians-antes-do-jogo-contra-o-Fluminense-pelo-Campeonato-Brasileiro-de-2021.webp\",\"contentUrl\":\"https:\/\/www.gaveanews.com\/wp-content\/uploads\/Bandeira-do-Flamengo-no-estadio-do-Corinthians-antes-do-jogo-contra-o-Fluminense-pelo-Campeonato-Brasileiro-de-2021.webp\",\"width\":799,\"height\":532,\"caption\":\"Bandeira do Flamengo no est\u00e1dio do Corinthians antes do jogo contra o Fluminense pelo Campeonato Brasileiro de 2021 (Foto: Alexandre Vidal\/Flamengo)\"},{\"@type\":\"BreadcrumbList\",\"@id\":\"https:\/\/www.gaveanews.com\/index.php\/2025\/02\/14\/barcelona-observa-wesley-situacao-de-de-la-cruz-e-declaracao-de-flavio-prado-as-ultimas-noticias-do-flamengo\/#breadcrumb\",\"itemListElement\":[{\"@type\":\"ListItem\",\"position\":1,\"name\":\"Home\",\"item\":\"https:\/\/www.gaveanews.com\/\"},{\"@type\":\"ListItem\",\"position\":2,\"name\":\"Barcelona observa Wesley, situa\u00e7\u00e3o de De La Cruz e declara\u00e7\u00e3o de Fl\u00e1vio Prado: as \u00faltimas not\u00edcias do Flamengo\"}]},{\"@type\":\"WebSite\",\"@id\":\"https:\/\/www.gaveanews.com\/#website\",\"url\":\"https:\/\/www.gaveanews.com\/\",\"name\":\"G\u00e1vea News\",\"description\":\"Veja todas as not\u00edcias sobre o Flamengo: Contrata\u00e7\u00f5es, categorias de base, resultados das partidas, tabela de classifica\u00e7\u00e3o, pr\u00f3ximos jogos!\",\"potentialAction\":[{\"@type\":\"SearchAction\",\"target\":{\"@type\":\"EntryPoint\",\"urlTemplate\":\"https:\/\/www.gaveanews.com\/?s={search_term_string}\"},\"query-input\":{\"@type\":\"PropertyValueSpecification\",\"valueRequired\":true,\"valueName\":\"search_term_string\"}}],\"inLanguage\":\"pt-BR\"},{\"@type\":\"Person\",\"@id\":\"https:\/\/www.gaveanews.com\/#\/schema\/person\/8207cd4627f56151707418bfc835b2fb\",\"name\":\"Matheus Felipe\",\"image\":{\"@type\":\"ImageObject\",\"inLanguage\":\"pt-BR\",\"@id\":\"https:\/\/www.gaveanews.com\/#\/schema\/person\/image\/\",\"url\":\"https:\/\/secure.gravatar.com\/avatar\/a452ffbed9130f726358b298bb3a99ce4bd3c5338411f8440e87e14d74c7c087?s=96&d=mm&r=g\",\"contentUrl\":\"https:\/\/secure.gravatar.com\/avatar\/a452ffbed9130f726358b298bb3a99ce4bd3c5338411f8440e87e14d74c7c087?s=96&d=mm&r=g\",\"caption\":\"Matheus Felipe\"}}]}<\/script>\n<!-- \/ Yoast SEO Premium plugin. -->","yoast_head_json":{"title":"Barcelona observa Wesley, situa\u00e7\u00e3o de De La Cruz e declara\u00e7\u00e3o de Fl\u00e1vio Prado: as \u00faltimas not\u00edcias do Flamengo","robots":{"index":"index","follow":"follow","max-snippet":"max-snippet:-1","max-image-preview":"max-image-preview:large","max-video-preview":"max-video-preview:-1"},"canonical":"https:\/\/www.gaveanews.com\/index.php\/2025\/02\/14\/barcelona-observa-wesley-situacao-de-de-la-cruz-e-declaracao-de-flavio-prado-as-ultimas-noticias-do-flamengo\/","og_locale":"pt_BR","og_type":"article","og_title":"Barcelona observa Wesley, situa\u00e7\u00e3o de De La Cruz e declara\u00e7\u00e3o de Fl\u00e1vio Prado: as \u00faltimas not\u00edcias do Flamengo","og_description":"Nas \u00faltimas horas, o foco das not\u00edcias sobre o Flamengo se concentram nos bastidores do clube, com destaques do dia a dia do time. Por conta deste contexto, leia abaixo um resumo preparado pela equipe do portal G\u00e1vea News para lhe manter muito bem informado! Declara\u00e7\u00e3o de Fl\u00e1vio Prado Gerson, meio-campista e capit\u00e3o do Flamengo, [&hellip;]","og_url":"https:\/\/www.gaveanews.com\/index.php\/2025\/02\/14\/barcelona-observa-wesley-situacao-de-de-la-cruz-e-declaracao-de-flavio-prado-as-ultimas-noticias-do-flamengo\/","og_site_name":"G\u00e1vea News","article_publisher":"https:\/\/facebook.com\/gaveaNews\/","article_published_time":"2025-02-14T10:00:00+00:00","og_image":[{"width":799,"height":532,"url":"https:\/\/www.gaveanews.com\/wp-content\/uploads\/Bandeira-do-Flamengo-no-estadio-do-Corinthians-antes-do-jogo-contra-o-Fluminense-pelo-Campeonato-Brasileiro-de-2021.webp","type":"image\/jpeg"}],"author":"Matheus Felipe","twitter_card":"summary_large_image","twitter_misc":{"Escrito por":"Matheus Felipe","Est. tempo de leitura":"6 minutos"},"schema":{"@context":"https:\/\/schema.org","@graph":[{"@type":"NewsArticle","@id":"https:\/\/www.gaveanews.com\/index.php\/2025\/02\/14\/barcelona-observa-wesley-situacao-de-de-la-cruz-e-declaracao-de-flavio-prado-as-ultimas-noticias-do-flamengo\/#article","isPartOf":{"@id":"https:\/\/www.gaveanews.com\/index.php\/2025\/02\/14\/barcelona-observa-wesley-situacao-de-de-la-cruz-e-declaracao-de-flavio-prado-as-ultimas-noticias-do-flamengo\/"},"author":{"name":"Matheus Felipe","@id":"https:\/\/www.gaveanews.com\/#\/schema\/person\/8207cd4627f56151707418bfc835b2fb"},"headline":"Barcelona observa Wesley, situa\u00e7\u00e3o de De La Cruz e declara\u00e7\u00e3o de Fl\u00e1vio Prado: as \u00faltimas not\u00edcias do Flamengo","datePublished":"2025-02-14T10:00:00+00:00","mainEntityOfPage":{"@id":"https:\/\/www.gaveanews.com\/index.php\/2025\/02\/14\/barcelona-observa-wesley-situacao-de-de-la-cruz-e-declaracao-de-flavio-prado-as-ultimas-noticias-do-flamengo\/"},"wordCount":911,"commentCount":0,"image":{"@id":"https:\/\/www.gaveanews.com\/index.php\/2025\/02\/14\/barcelona-observa-wesley-situacao-de-de-la-cruz-e-declaracao-de-flavio-prado-as-ultimas-noticias-do-flamengo\/#primaryimage"},"thumbnailUrl":"https:\/\/www.gaveanews.com\/wp-content\/uploads\/Bandeira-do-Flamengo-no-estadio-do-Corinthians-antes-do-jogo-contra-o-Fluminense-pelo-Campeonato-Brasileiro-de-2021.webp","articleSection":["Flamengo"],"inLanguage":"pt-BR","potentialAction":[{"@type":"CommentAction","name":"Comment","target":["https:\/\/www.gaveanews.com\/index.php\/2025\/02\/14\/barcelona-observa-wesley-situacao-de-de-la-cruz-e-declaracao-de-flavio-prado-as-ultimas-noticias-do-flamengo\/#respond"]}],"copyrightYear":"2025","copyrightHolder":{"@id":"https:\/\/www.gaveanews.com\/#organization"}},{"@type":"WebPage","@id":"https:\/\/www.gaveanews.com\/index.php\/2025\/02\/14\/barcelona-observa-wesley-situacao-de-de-la-cruz-e-declaracao-de-flavio-prado-as-ultimas-noticias-do-flamengo\/","url":"https:\/\/www.gaveanews.com\/index.php\/2025\/02\/14\/barcelona-observa-wesley-situacao-de-de-la-cruz-e-declaracao-de-flavio-prado-as-ultimas-noticias-do-flamengo\/","name":"Barcelona observa Wesley, situa\u00e7\u00e3o de De La Cruz e declara\u00e7\u00e3o de Fl\u00e1vio Prado: as \u00faltimas not\u00edcias do Flamengo","isPartOf":{"@id":"https:\/\/www.gaveanews.com\/#website"},"primaryImageOfPage":{"@id":"https:\/\/www.gaveanews.com\/index.php\/2025\/02\/14\/barcelona-observa-wesley-situacao-de-de-la-cruz-e-declaracao-de-flavio-prado-as-ultimas-noticias-do-flamengo\/#primaryimage"},"image":{"@id":"https:\/\/www.gaveanews.com\/index.php\/2025\/02\/14\/barcelona-observa-wesley-situacao-de-de-la-cruz-e-declaracao-de-flavio-prado-as-ultimas-noticias-do-flamengo\/#primaryimage"},"thumbnailUrl":"https:\/\/www.gaveanews.com\/wp-content\/uploads\/Bandeira-do-Flamengo-no-estadio-do-Corinthians-antes-do-jogo-contra-o-Fluminense-pelo-Campeonato-Brasileiro-de-2021.webp","datePublished":"2025-02-14T10:00:00+00:00","author":{"@id":"https:\/\/www.gaveanews.com\/#\/schema\/person\/8207cd4627f56151707418bfc835b2fb"},"breadcrumb":{"@id":"https:\/\/www.gaveanews.com\/index.php\/2025\/02\/14\/barcelona-observa-wesley-situacao-de-de-la-cruz-e-declaracao-de-flavio-prado-as-ultimas-noticias-do-flamengo\/#breadcrumb"},"inLanguage":"pt-BR","potentialAction":[{"@type":"ReadAction","target":["https:\/\/www.gaveanews.com\/index.php\/2025\/02\/14\/barcelona-observa-wesley-situacao-de-de-la-cruz-e-declaracao-de-flavio-prado-as-ultimas-noticias-do-flamengo\/"]}]},{"@type":"ImageObject","inLanguage":"pt-BR","@id":"https:\/\/www.gaveanews.com\/index.php\/2025\/02\/14\/barcelona-observa-wesley-situacao-de-de-la-cruz-e-declaracao-de-flavio-prado-as-ultimas-noticias-do-flamengo\/#primaryimage","url":"https:\/\/www.gaveanews.com\/wp-content\/uploads\/Bandeira-do-Flamengo-no-estadio-do-Corinthians-antes-do-jogo-contra-o-Fluminense-pelo-Campeonato-Brasileiro-de-2021.webp","contentUrl":"https:\/\/www.gaveanews.com\/wp-content\/uploads\/Bandeira-do-Flamengo-no-estadio-do-Corinthians-antes-do-jogo-contra-o-Fluminense-pelo-Campeonato-Brasileiro-de-2021.webp","width":799,"height":532,"caption":"Bandeira do Flamengo no est\u00e1dio do Corinthians antes do jogo contra o Fluminense pelo Campeonato Brasileiro de 2021 (Foto: Alexandre Vidal\/Flamengo)"},{"@type":"BreadcrumbList","@id":"https:\/\/www.gaveanews.com\/index.php\/2025\/02\/14\/barcelona-observa-wesley-situacao-de-de-la-cruz-e-declaracao-de-flavio-prado-as-ultimas-noticias-do-flamengo\/#breadcrumb","itemListElement":[{"@type":"ListItem","position":1,"name":"Home","item":"https:\/\/www.gaveanews.com\/"},{"@type":"ListItem","position":2,"name":"Barcelona observa Wesley, situa\u00e7\u00e3o de De La Cruz e declara\u00e7\u00e3o de Fl\u00e1vio Prado: as \u00faltimas not\u00edcias do Flamengo"}]},{"@type":"WebSite","@id":"https:\/\/www.gaveanews.com\/#website","url":"https:\/\/www.gaveanews.com\/","name":"G\u00e1vea News","description":"Veja todas as not\u00edcias sobre o Flamengo: Contrata\u00e7\u00f5es, categorias de base, resultados das partidas, tabela de classifica\u00e7\u00e3o, pr\u00f3ximos jogos!","potentialAction":[{"@type":"SearchAction","target":{"@type":"EntryPoint","urlTemplate":"https:\/\/www.gaveanews.com\/?s={search_term_string}"},"query-input":{"@type":"PropertyValueSpecification","valueRequired":true,"valueName":"search_term_string"}}],"inLanguage":"pt-BR"},{"@type":"Person","@id":"https:\/\/www.gaveanews.com\/#\/schema\/person\/8207cd4627f56151707418bfc835b2fb","name":"Matheus Felipe","image":{"@type":"ImageObject","inLanguage":"pt-BR","@id":"https:\/\/www.gaveanews.com\/#\/schema\/person\/image\/","url":"https:\/\/secure.gravatar.com\/avatar\/a452ffbed9130f726358b298bb3a99ce4bd3c5338411f8440e87e14d74c7c087?s=96&d=mm&r=g","contentUrl":"https:\/\/secure.gravatar.com\/avatar\/a452ffbed9130f726358b298bb3a99ce4bd3c5338411f8440e87e14d74c7c087?s=96&d=mm&r=g","caption":"Matheus Felipe"}}]}},"_links":{"self":[{"href":"https:\/\/www.gaveanews.com\/index.php\/wp-json\/wp\/v2\/posts\/227626","targetHints":{"allow":["GET"]}}],"collection":[{"href":"https:\/\/www.gaveanews.com\/index.php\/wp-json\/wp\/v2\/posts"}],"about":[{"href":"https:\/\/www.gaveanews.com\/index.php\/wp-json\/wp\/v2\/types\/post"}],"author":[{"embeddable":true,"href":"https:\/\/www.gaveanews.com\/index.php\/wp-json\/wp\/v2\/users\/27"}],"replies":[{"embeddable":true,"href":"https:\/\/www.gaveanews.com\/index.php\/wp-json\/wp\/v2\/comments?post=227626"}],"version-history":[{"count":1,"href":"https:\/\/www.gaveanews.com\/index.php\/wp-json\/wp\/v2\/posts\/227626\/revisions"}],"predecessor-version":[{"id":227652,"href":"https:\/\/www.gaveanews.com\/index.php\/wp-json\/wp\/v2\/posts\/227626\/revisions\/227652"}],"wp:featuredmedia":[{"embeddable":true,"href":"https:\/\/www.gaveanews.com\/index.php\/wp-json\/wp\/v2\/media\/64001"}],"wp:attachment":[{"href":"https:\/\/www.gaveanews.com\/index.php\/wp-json\/wp\/v2\/media?parent=227626"}],"wp:term":[{"taxonomy":"category","embeddable":true,"href":"https:\/\/www.gaveanews.com\/index.php\/wp-json\/wp\/v2\/categories?post=227626"},{"taxonomy":"post_tag","embeddable":true,"href":"https:\/\/www.gaveanews.com\/index.php\/wp-json\/wp\/v2\/tags?post=227626"}],"curies":[{"name":"wp","href":"https:\/\/api.w.org\/{rel}","templated":true}]}}