{"id":227653,"date":"2025-02-14T06:25:00","date_gmt":"2025-02-14T09:25:00","guid":{"rendered":"https:\/\/www.gaveanews.com\/?p=227653"},"modified":"2025-02-14T03:44:13","modified_gmt":"2025-02-14T06:44:13","slug":"recado-de-cicinho-substituto-vitor-reis-e-as-contratacoes-do-brasileirao-serie-a-as-ultimas-noticias-do-palmeiras","status":"publish","type":"post","link":"https:\/\/www.gaveanews.com\/index.php\/2025\/02\/14\/recado-de-cicinho-substituto-vitor-reis-e-as-contratacoes-do-brasileirao-serie-a-as-ultimas-noticias-do-palmeiras\/","title":{"rendered":"Recado de Cicinho, substituto Vitor Reis e as contrata\u00e7\u00f5es do Brasileir\u00e3o S\u00e9rie A: as \u00faltimas not\u00edcias do Palmeiras"},"content":{"rendered":"\n<p>Nas \u00faltimas horas, o foco das not\u00edcias sobre o Palmeiras se concentram nos bastidores do clube, com destaques do dia a dia do time.<\/p>\n\n\n\n<p>Por conta deste contexto, leia abaixo um resumo preparado pela equipe do portal G\u00e1vea News para lhe manter muito bem informado!<\/p>\n\n\n\n<h2 class=\"wp-block-heading\" id=\"h-as-contratacoes-do-brasileirao-serie-a\">As contrata\u00e7\u00f5es do Brasileir\u00e3o S\u00e9rie A<\/h2>\n\n\n\n<p>Os clubes do Brasileir\u00e3o S\u00e9rie A 2025 seguem investindo pesado em refor\u00e7os para fortalecer seus elencos. A negocia\u00e7\u00e3o mais significativa foi a do Palmeiras, que pagou R$ 115 milh\u00f5es ao Atl\u00e9tico-MG pela contrata\u00e7\u00e3o de Paulinho, artilheiro do Brasileir\u00e3o 2023, envolvendo ainda Gabriel Menino e Patrick na transa\u00e7\u00e3o. O Galo tamb\u00e9m buscou se refor\u00e7ar e desembolsou R$ 48 milh\u00f5es para contratar J\u00fanior Santos, atacante que pertencia ao Botafogo. J\u00e1 o Bahia investiu R$ 18,8 milh\u00f5es na aquisi\u00e7\u00e3o de Erick Pulga, destaque do Cear\u00e1 no acesso \u00e0 elite do futebol nacional <strong><a href=\"https:\/\/www.gaveanews.com\/index.php\/2025\/02\/11\/paulinho-junior-santos-erick-pulga-eduardo-fernando-santos-keiller-paulo-baya-diogo-barbosa-joao-lucas-e-kaique-rocha-as-contratacoes-do-brasileirao-serie-a-2025\/\">(leia a mat\u00e9ria completa).<\/a><\/strong><\/p>\n\n\n\n<figure class=\"wp-block-image size-full\"><img loading=\"lazy\" decoding=\"async\" width=\"1000\" height=\"667\" src=\"http:\/\/www.gaveanews.com\/wp-content\/uploads\/Taca-do-Campeonato-Brasileiro.webp\" alt=\"\" class=\"wp-image-86017\" srcset=\"https:\/\/www.gaveanews.com\/wp-content\/uploads\/Taca-do-Campeonato-Brasileiro.webp 1000w, https:\/\/www.gaveanews.com\/wp-content\/uploads\/Taca-do-Campeonato-Brasileiro-300x200.webp 300w, https:\/\/www.gaveanews.com\/wp-content\/uploads\/Taca-do-Campeonato-Brasileiro-768x512.webp 768w, https:\/\/www.gaveanews.com\/wp-content\/uploads\/Taca-do-Campeonato-Brasileiro-630x420.webp 630w, https:\/\/www.gaveanews.com\/wp-content\/uploads\/Taca-do-Campeonato-Brasileiro-640x427.webp 640w, https:\/\/www.gaveanews.com\/wp-content\/uploads\/Taca-do-Campeonato-Brasileiro-681x454.webp 681w, https:\/\/www.gaveanews.com\/wp-content\/uploads\/Taca-do-Campeonato-Brasileiro-100x67.webp 100w\" sizes=\"auto, (max-width: 1000px) 100vw, 1000px\" \/><figcaption class=\"wp-element-caption\">Ta\u00e7a do Campeonato Brasileiro (Foto: Lucas Figueiredo\/CBF)<\/figcaption><\/figure>\n\n\n\n<p>Al\u00e9m desses, outros movimentos chamaram aten\u00e7\u00e3o. O Fluminense garantiu o empr\u00e9stimo de Paulo Baya, atacante que se destacou pelo Goi\u00e1s, enquanto o Fortaleza contratou Diogo Barbosa, ap\u00f3s o lateral n\u00e3o renovar com o Tricolor das Laranjeiras. <\/p>\n\n\n\n<p>O Cear\u00e1 acertou com o goleiro Keiller, ex-Vasco, e o Gr\u00eamio pagou R$ 12,7 milh\u00f5es para contar com Jo\u00e3o Lucas, lateral que brilhou pelo Juventude. No Cruzeiro, Eduardo foi anunciado ap\u00f3s n\u00e3o acertar a renova\u00e7\u00e3o com o Botafogo.<\/p>\n\n\n\n<p>O Internacional trouxe de volta o zagueiro Ka\u00edque Rocha, que estava no Athletico-PR, e o Bragantino apostou no atacante Fernando Santos, com passagem pelo Shakhtar Donetsk e formado no Palmeiras. Esses refor\u00e7os evidenciam a busca dos clubes por qualidade e profundidade em seus elencos, preparando o cen\u00e1rio para uma edi\u00e7\u00e3o do Brasileir\u00e3o marcada por equil\u00edbrio e alto n\u00edvel t\u00e9cnico.<\/p>\n\n\n\n<h2 class=\"wp-block-heading\" id=\"h-substituto-vitor-reis\">Substituto Vitor Reis<\/h2>\n\n\n\n<p>Ap\u00f3s concretizar a venda de Vitor Reis, o Palmeiras voltou suas aten\u00e7\u00f5es ao mercado e tem como alvo o zagueiro V\u00edtor Tormena, de 29 anos, que atua pelo Krasnodar, da R\u00fassia. Embora o clube paulista n\u00e3o tenha oficializado a investida, informa\u00e7\u00f5es divulgadas pelo portal \u2018Nosso Palestra\u2019 indicam que o atleta \u00e9 bem avaliado pela comiss\u00e3o t\u00e9cnica de Abel Ferreira. O t\u00e9cnico portugu\u00eas, inclusive, j\u00e1 havia demonstrado interesse no jogador quando comandava o Braga, em 2019<strong><a href=\"https:\/\/www.gaveanews.com\/index.php\/2025\/02\/10\/palmeiras-busca-reforco-para-substituir-vitor-reis\/\"> (leia a mat\u00e9ria completa).<\/a><\/strong><\/p>\n\n\n\n<figure class=\"wp-block-image size-large\"><img loading=\"lazy\" decoding=\"async\" width=\"851\" height=\"1024\" src=\"http:\/\/www.gaveanews.com\/wp-content\/uploads\/Vitor-Reis-em-acao-pelo-Palmeiras-851x1024.webp\" alt=\"\" class=\"wp-image-150227\" srcset=\"https:\/\/www.gaveanews.com\/wp-content\/uploads\/Vitor-Reis-em-acao-pelo-Palmeiras-851x1024.webp 851w, https:\/\/www.gaveanews.com\/wp-content\/uploads\/Vitor-Reis-em-acao-pelo-Palmeiras-249x300.webp 249w, https:\/\/www.gaveanews.com\/wp-content\/uploads\/Vitor-Reis-em-acao-pelo-Palmeiras-768x924.webp 768w, https:\/\/www.gaveanews.com\/wp-content\/uploads\/Vitor-Reis-em-acao-pelo-Palmeiras-349x420.webp 349w, https:\/\/www.gaveanews.com\/wp-content\/uploads\/Vitor-Reis-em-acao-pelo-Palmeiras-698x840.webp 698w, https:\/\/www.gaveanews.com\/wp-content\/uploads\/Vitor-Reis-em-acao-pelo-Palmeiras-640x770.webp 640w, https:\/\/www.gaveanews.com\/wp-content\/uploads\/Vitor-Reis-em-acao-pelo-Palmeiras-681x820.webp 681w, https:\/\/www.gaveanews.com\/wp-content\/uploads\/Vitor-Reis-em-acao-pelo-Palmeiras-100x120.webp 100w, https:\/\/www.gaveanews.com\/wp-content\/uploads\/Vitor-Reis-em-acao-pelo-Palmeiras.webp 1080w\" sizes=\"auto, (max-width: 851px) 100vw, 851px\" \/><figcaption class=\"wp-element-caption\">Vitor Reis em a\u00e7\u00e3o pelo Palmeiras (Foto: Reprodu\u00e7\u00e3o\/Instagram)<\/figcaption><\/figure>\n\n\n\n<p>Tormena, que mede 1,92m, chegou ao Krasnodar em 2023 ap\u00f3s ser negociado por 3 milh\u00f5es de euros junto ao Braga. Desde ent\u00e3o, ele disputou 49 partidas pelo time russo, marcou um gol e deu uma assist\u00eancia. Formado nas categorias de base do S\u00e3o Paulo, o defensor tamb\u00e9m passou pelo Novorizontino antes de se transferir ao futebol europeu, onde construiu sua carreira nos \u00faltimos oito anos.<\/p>\n\n\n\n<p>O Palmeiras considera essencial refor\u00e7ar o setor defensivo ap\u00f3s a sa\u00edda de Vitor Reis, e Tormena surge como uma op\u00e7\u00e3o experiente e fisicamente imponente. Seu contrato na R\u00fassia \u00e9 v\u00e1lido at\u00e9 2027, o que pode representar um desafio financeiro para a diretoria alviverde, mas a confian\u00e7a de Abel Ferreira em seu futebol pesa a favor da negocia\u00e7\u00e3o. A expectativa \u00e9 que os contatos avancem nas pr\u00f3ximas semanas para tentar viabilizar a chegada do zagueiro.<\/p>\n\n\n\n<h2 class=\"wp-block-heading\" id=\"h-recado-de-cicinho\">Recado de Cicinho<\/h2>\n\n\n\n<p>Ap\u00f3s a goleada do Palmeiras por 4 a 1 sobre o Guarani, o t\u00e9cnico Abel Ferreira voltou a se envolver em pol\u00eamica ao criticar a imprensa durante a entrevista coletiva. O comportamento do portugu\u00eas foi um dos temas debatidos no programa Arena SBT, onde o ex-jogador e comentarista Cicinho fez duras cr\u00edticas \u00e0 postura do treinador. Segundo ele, Abel tem agido com arrog\u00e2ncia ao lidar com os jornalistas, enxergando a m\u00eddia como inimiga e se exaltando quando questionado sobre temas que n\u00e3o lhe agradam <strong><a href=\"https:\/\/www.gaveanews.com\/index.php\/2025\/02\/04\/cicinho-e-sincero-ao-falar-sobre-abel-ferreira-do-palmeiras\/\">(leia a mat\u00e9ria completa).<\/a><\/strong><\/p>\n\n\n\n<figure class=\"wp-block-image size-full\"><img loading=\"lazy\" decoding=\"async\" width=\"941\" height=\"589\" src=\"http:\/\/www.gaveanews.com\/wp-content\/uploads\/20210810-cicinho-arena-sbt.webp\" alt=\"\" class=\"wp-image-215675\" srcset=\"https:\/\/www.gaveanews.com\/wp-content\/uploads\/20210810-cicinho-arena-sbt.webp 941w, https:\/\/www.gaveanews.com\/wp-content\/uploads\/20210810-cicinho-arena-sbt-300x188.webp 300w, https:\/\/www.gaveanews.com\/wp-content\/uploads\/20210810-cicinho-arena-sbt-768x481.webp 768w, https:\/\/www.gaveanews.com\/wp-content\/uploads\/20210810-cicinho-arena-sbt-671x420.webp 671w, https:\/\/www.gaveanews.com\/wp-content\/uploads\/20210810-cicinho-arena-sbt-640x401.webp 640w, https:\/\/www.gaveanews.com\/wp-content\/uploads\/20210810-cicinho-arena-sbt-681x426.webp 681w, https:\/\/www.gaveanews.com\/wp-content\/uploads\/20210810-cicinho-arena-sbt-100x63.webp 100w\" sizes=\"auto, (max-width: 941px) 100vw, 941px\" \/><figcaption class=\"wp-element-caption\">Cicinho, comentarista do SBT (Foto: Reprodu\u00e7\u00e3o)<\/figcaption><\/figure>\n\n\n\n<p>Cicinho reconheceu o talento e os t\u00edtulos conquistados por Abel, considerando-o o melhor t\u00e9cnico do futebol brasileiro, mas apontou que a postura em entrevistas tem prejudicado sua imagem. O comentarista afirmou que o treinador s\u00f3 quer responder perguntas que considera convenientes e, diante de questionamentos inesperados, costuma reagir de maneira r\u00edspida. Para Cicinho, essa atitude demonstra arrog\u00e2ncia e acaba criando um clima desnecess\u00e1rio de tens\u00e3o com a imprensa.<\/p>\n\n\n\n<p>Al\u00e9m das cr\u00edticas ao treinador palmeirense, o programa tamb\u00e9m abordou a expectativa para os pr\u00f3ximos jogos do Campeonato Paulista. A reestreia de Neymar pelo Santos, na quarta-feira (5), e o cl\u00e1ssico entre Palmeiras e Corinthians, na quinta-feira (6), s\u00e3o os grandes destaques da rodada. O debate sobre Abel Ferreira gerou repercuss\u00e3o entre torcedores e especialistas, reacendendo a discuss\u00e3o sobre a rela\u00e7\u00e3o entre t\u00e9cnicos e a m\u00eddia esportiva no Brasil.<\/p>\n","protected":false},"excerpt":{"rendered":"<p>Nas \u00faltimas horas, o foco das not\u00edcias sobre o Palmeiras se concentram nos bastidores do clube, com destaques do dia a dia do time. Por conta deste contexto, leia abaixo um resumo preparado pela equipe do portal G\u00e1vea News para lhe manter muito bem informado! As contrata\u00e7\u00f5es do Brasileir\u00e3o S\u00e9rie A Os clubes do Brasileir\u00e3o [&hellip;]<\/p>\n","protected":false},"author":27,"featured_media":158317,"comment_status":"open","ping_status":"closed","sticky":false,"template":"","format":"standard","meta":{"footnotes":""},"categories":[150],"tags":[],"class_list":["post-227653","post","type-post","status-publish","format-standard","has-post-thumbnail","hentry","category-palmeiras"],"yoast_head":"<!-- This site is optimized with the Yoast SEO Premium plugin v24.2 (Yoast SEO v26.9) - https:\/\/yoast.com\/product\/yoast-seo-premium-wordpress\/ -->\n<title>Recado de Cicinho, substituto Vitor Reis e as contrata\u00e7\u00f5es do Brasileir\u00e3o S\u00e9rie A: as \u00faltimas not\u00edcias do Palmeiras<\/title>\n<meta name=\"robots\" content=\"index, follow, max-snippet:-1, max-image-preview:large, max-video-preview:-1\" \/>\n<link rel=\"canonical\" href=\"https:\/\/www.gaveanews.com\/index.php\/2025\/02\/14\/recado-de-cicinho-substituto-vitor-reis-e-as-contratacoes-do-brasileirao-serie-a-as-ultimas-noticias-do-palmeiras\/\" \/>\n<meta property=\"og:locale\" content=\"pt_BR\" \/>\n<meta property=\"og:type\" content=\"article\" \/>\n<meta property=\"og:title\" content=\"Recado de Cicinho, substituto Vitor Reis e as contrata\u00e7\u00f5es do Brasileir\u00e3o S\u00e9rie A: as \u00faltimas not\u00edcias do Palmeiras\" \/>\n<meta property=\"og:description\" content=\"Nas \u00faltimas horas, o foco das not\u00edcias sobre o Palmeiras se concentram nos bastidores do clube, com destaques do dia a dia do time. Por conta deste contexto, leia abaixo um resumo preparado pela equipe do portal G\u00e1vea News para lhe manter muito bem informado! As contrata\u00e7\u00f5es do Brasileir\u00e3o S\u00e9rie A Os clubes do Brasileir\u00e3o [&hellip;]\" \/>\n<meta property=\"og:url\" content=\"https:\/\/www.gaveanews.com\/index.php\/2025\/02\/14\/recado-de-cicinho-substituto-vitor-reis-e-as-contratacoes-do-brasileirao-serie-a-as-ultimas-noticias-do-palmeiras\/\" \/>\n<meta property=\"og:site_name\" content=\"G\u00e1vea News\" \/>\n<meta property=\"article:publisher\" content=\"https:\/\/facebook.com\/gaveaNews\/\" \/>\n<meta property=\"article:published_time\" content=\"2025-02-14T09:25:00+00:00\" \/>\n<meta property=\"og:image\" content=\"https:\/\/www.gaveanews.com\/wp-content\/uploads\/Jogadores-do-Palmeiras-reunidos-durante-partida-da-Copa-do-Brasil-2024.webp\" \/>\n\t<meta property=\"og:image:width\" content=\"1187\" \/>\n\t<meta property=\"og:image:height\" content=\"792\" \/>\n\t<meta property=\"og:image:type\" content=\"image\/webp\" \/>\n<meta name=\"author\" content=\"Matheus Felipe\" \/>\n<meta name=\"twitter:card\" content=\"summary_large_image\" \/>\n<meta name=\"twitter:label1\" content=\"Escrito por\" \/>\n\t<meta name=\"twitter:data1\" content=\"Matheus Felipe\" \/>\n\t<meta name=\"twitter:label2\" content=\"Est. tempo de leitura\" \/>\n\t<meta name=\"twitter:data2\" content=\"5 minutos\" \/>\n<script type=\"application\/ld+json\" class=\"yoast-schema-graph\">{\"@context\":\"https:\/\/schema.org\",\"@graph\":[{\"@type\":\"NewsArticle\",\"@id\":\"https:\/\/www.gaveanews.com\/index.php\/2025\/02\/14\/recado-de-cicinho-substituto-vitor-reis-e-as-contratacoes-do-brasileirao-serie-a-as-ultimas-noticias-do-palmeiras\/#article\",\"isPartOf\":{\"@id\":\"https:\/\/www.gaveanews.com\/index.php\/2025\/02\/14\/recado-de-cicinho-substituto-vitor-reis-e-as-contratacoes-do-brasileirao-serie-a-as-ultimas-noticias-do-palmeiras\/\"},\"author\":{\"name\":\"Matheus Felipe\",\"@id\":\"https:\/\/www.gaveanews.com\/#\/schema\/person\/8207cd4627f56151707418bfc835b2fb\"},\"headline\":\"Recado de Cicinho, substituto Vitor Reis e as contrata\u00e7\u00f5es do Brasileir\u00e3o S\u00e9rie A: as \u00faltimas not\u00edcias do Palmeiras\",\"datePublished\":\"2025-02-14T09:25:00+00:00\",\"mainEntityOfPage\":{\"@id\":\"https:\/\/www.gaveanews.com\/index.php\/2025\/02\/14\/recado-de-cicinho-substituto-vitor-reis-e-as-contratacoes-do-brasileirao-serie-a-as-ultimas-noticias-do-palmeiras\/\"},\"wordCount\":847,\"commentCount\":0,\"image\":{\"@id\":\"https:\/\/www.gaveanews.com\/index.php\/2025\/02\/14\/recado-de-cicinho-substituto-vitor-reis-e-as-contratacoes-do-brasileirao-serie-a-as-ultimas-noticias-do-palmeiras\/#primaryimage\"},\"thumbnailUrl\":\"https:\/\/www.gaveanews.com\/wp-content\/uploads\/Jogadores-do-Palmeiras-reunidos-durante-partida-da-Copa-do-Brasil-2024.webp\",\"articleSection\":[\"Palmeiras\"],\"inLanguage\":\"pt-BR\",\"potentialAction\":[{\"@type\":\"CommentAction\",\"name\":\"Comment\",\"target\":[\"https:\/\/www.gaveanews.com\/index.php\/2025\/02\/14\/recado-de-cicinho-substituto-vitor-reis-e-as-contratacoes-do-brasileirao-serie-a-as-ultimas-noticias-do-palmeiras\/#respond\"]}],\"copyrightYear\":\"2025\",\"copyrightHolder\":{\"@id\":\"https:\/\/www.gaveanews.com\/#organization\"}},{\"@type\":\"WebPage\",\"@id\":\"https:\/\/www.gaveanews.com\/index.php\/2025\/02\/14\/recado-de-cicinho-substituto-vitor-reis-e-as-contratacoes-do-brasileirao-serie-a-as-ultimas-noticias-do-palmeiras\/\",\"url\":\"https:\/\/www.gaveanews.com\/index.php\/2025\/02\/14\/recado-de-cicinho-substituto-vitor-reis-e-as-contratacoes-do-brasileirao-serie-a-as-ultimas-noticias-do-palmeiras\/\",\"name\":\"Recado de Cicinho, substituto Vitor Reis e as contrata\u00e7\u00f5es do Brasileir\u00e3o S\u00e9rie A: as \u00faltimas not\u00edcias do Palmeiras\",\"isPartOf\":{\"@id\":\"https:\/\/www.gaveanews.com\/#website\"},\"primaryImageOfPage\":{\"@id\":\"https:\/\/www.gaveanews.com\/index.php\/2025\/02\/14\/recado-de-cicinho-substituto-vitor-reis-e-as-contratacoes-do-brasileirao-serie-a-as-ultimas-noticias-do-palmeiras\/#primaryimage\"},\"image\":{\"@id\":\"https:\/\/www.gaveanews.com\/index.php\/2025\/02\/14\/recado-de-cicinho-substituto-vitor-reis-e-as-contratacoes-do-brasileirao-serie-a-as-ultimas-noticias-do-palmeiras\/#primaryimage\"},\"thumbnailUrl\":\"https:\/\/www.gaveanews.com\/wp-content\/uploads\/Jogadores-do-Palmeiras-reunidos-durante-partida-da-Copa-do-Brasil-2024.webp\",\"datePublished\":\"2025-02-14T09:25:00+00:00\",\"author\":{\"@id\":\"https:\/\/www.gaveanews.com\/#\/schema\/person\/8207cd4627f56151707418bfc835b2fb\"},\"breadcrumb\":{\"@id\":\"https:\/\/www.gaveanews.com\/index.php\/2025\/02\/14\/recado-de-cicinho-substituto-vitor-reis-e-as-contratacoes-do-brasileirao-serie-a-as-ultimas-noticias-do-palmeiras\/#breadcrumb\"},\"inLanguage\":\"pt-BR\",\"potentialAction\":[{\"@type\":\"ReadAction\",\"target\":[\"https:\/\/www.gaveanews.com\/index.php\/2025\/02\/14\/recado-de-cicinho-substituto-vitor-reis-e-as-contratacoes-do-brasileirao-serie-a-as-ultimas-noticias-do-palmeiras\/\"]}]},{\"@type\":\"ImageObject\",\"inLanguage\":\"pt-BR\",\"@id\":\"https:\/\/www.gaveanews.com\/index.php\/2025\/02\/14\/recado-de-cicinho-substituto-vitor-reis-e-as-contratacoes-do-brasileirao-serie-a-as-ultimas-noticias-do-palmeiras\/#primaryimage\",\"url\":\"https:\/\/www.gaveanews.com\/wp-content\/uploads\/Jogadores-do-Palmeiras-reunidos-durante-partida-da-Copa-do-Brasil-2024.webp\",\"contentUrl\":\"https:\/\/www.gaveanews.com\/wp-content\/uploads\/Jogadores-do-Palmeiras-reunidos-durante-partida-da-Copa-do-Brasil-2024.webp\",\"width\":1187,\"height\":792,\"caption\":\"Jogadores do Palmeiras reunidos durante partida da Copa do Brasil 2024 (Foto: Reprodu\u00e7\u00e3o\/Palmeiras)\"},{\"@type\":\"BreadcrumbList\",\"@id\":\"https:\/\/www.gaveanews.com\/index.php\/2025\/02\/14\/recado-de-cicinho-substituto-vitor-reis-e-as-contratacoes-do-brasileirao-serie-a-as-ultimas-noticias-do-palmeiras\/#breadcrumb\",\"itemListElement\":[{\"@type\":\"ListItem\",\"position\":1,\"name\":\"Home\",\"item\":\"https:\/\/www.gaveanews.com\/\"},{\"@type\":\"ListItem\",\"position\":2,\"name\":\"Recado de Cicinho, substituto Vitor Reis e as contrata\u00e7\u00f5es do Brasileir\u00e3o S\u00e9rie A: as \u00faltimas not\u00edcias do Palmeiras\"}]},{\"@type\":\"WebSite\",\"@id\":\"https:\/\/www.gaveanews.com\/#website\",\"url\":\"https:\/\/www.gaveanews.com\/\",\"name\":\"G\u00e1vea News\",\"description\":\"Veja todas as not\u00edcias sobre o Flamengo: Contrata\u00e7\u00f5es, categorias de base, resultados das partidas, tabela de classifica\u00e7\u00e3o, pr\u00f3ximos jogos!\",\"potentialAction\":[{\"@type\":\"SearchAction\",\"target\":{\"@type\":\"EntryPoint\",\"urlTemplate\":\"https:\/\/www.gaveanews.com\/?s={search_term_string}\"},\"query-input\":{\"@type\":\"PropertyValueSpecification\",\"valueRequired\":true,\"valueName\":\"search_term_string\"}}],\"inLanguage\":\"pt-BR\"},{\"@type\":\"Person\",\"@id\":\"https:\/\/www.gaveanews.com\/#\/schema\/person\/8207cd4627f56151707418bfc835b2fb\",\"name\":\"Matheus Felipe\",\"image\":{\"@type\":\"ImageObject\",\"inLanguage\":\"pt-BR\",\"@id\":\"https:\/\/www.gaveanews.com\/#\/schema\/person\/image\/\",\"url\":\"https:\/\/secure.gravatar.com\/avatar\/a452ffbed9130f726358b298bb3a99ce4bd3c5338411f8440e87e14d74c7c087?s=96&d=mm&r=g\",\"contentUrl\":\"https:\/\/secure.gravatar.com\/avatar\/a452ffbed9130f726358b298bb3a99ce4bd3c5338411f8440e87e14d74c7c087?s=96&d=mm&r=g\",\"caption\":\"Matheus Felipe\"}}]}<\/script>\n<!-- \/ Yoast SEO Premium plugin. -->","yoast_head_json":{"title":"Recado de Cicinho, substituto Vitor Reis e as contrata\u00e7\u00f5es do Brasileir\u00e3o S\u00e9rie A: as \u00faltimas not\u00edcias do Palmeiras","robots":{"index":"index","follow":"follow","max-snippet":"max-snippet:-1","max-image-preview":"max-image-preview:large","max-video-preview":"max-video-preview:-1"},"canonical":"https:\/\/www.gaveanews.com\/index.php\/2025\/02\/14\/recado-de-cicinho-substituto-vitor-reis-e-as-contratacoes-do-brasileirao-serie-a-as-ultimas-noticias-do-palmeiras\/","og_locale":"pt_BR","og_type":"article","og_title":"Recado de Cicinho, substituto Vitor Reis e as contrata\u00e7\u00f5es do Brasileir\u00e3o S\u00e9rie A: as \u00faltimas not\u00edcias do Palmeiras","og_description":"Nas \u00faltimas horas, o foco das not\u00edcias sobre o Palmeiras se concentram nos bastidores do clube, com destaques do dia a dia do time. Por conta deste contexto, leia abaixo um resumo preparado pela equipe do portal G\u00e1vea News para lhe manter muito bem informado! As contrata\u00e7\u00f5es do Brasileir\u00e3o S\u00e9rie A Os clubes do Brasileir\u00e3o [&hellip;]","og_url":"https:\/\/www.gaveanews.com\/index.php\/2025\/02\/14\/recado-de-cicinho-substituto-vitor-reis-e-as-contratacoes-do-brasileirao-serie-a-as-ultimas-noticias-do-palmeiras\/","og_site_name":"G\u00e1vea News","article_publisher":"https:\/\/facebook.com\/gaveaNews\/","article_published_time":"2025-02-14T09:25:00+00:00","og_image":[{"width":1187,"height":792,"url":"https:\/\/www.gaveanews.com\/wp-content\/uploads\/Jogadores-do-Palmeiras-reunidos-durante-partida-da-Copa-do-Brasil-2024.webp","type":"image\/webp"}],"author":"Matheus Felipe","twitter_card":"summary_large_image","twitter_misc":{"Escrito por":"Matheus Felipe","Est. tempo de leitura":"5 minutos"},"schema":{"@context":"https:\/\/schema.org","@graph":[{"@type":"NewsArticle","@id":"https:\/\/www.gaveanews.com\/index.php\/2025\/02\/14\/recado-de-cicinho-substituto-vitor-reis-e-as-contratacoes-do-brasileirao-serie-a-as-ultimas-noticias-do-palmeiras\/#article","isPartOf":{"@id":"https:\/\/www.gaveanews.com\/index.php\/2025\/02\/14\/recado-de-cicinho-substituto-vitor-reis-e-as-contratacoes-do-brasileirao-serie-a-as-ultimas-noticias-do-palmeiras\/"},"author":{"name":"Matheus Felipe","@id":"https:\/\/www.gaveanews.com\/#\/schema\/person\/8207cd4627f56151707418bfc835b2fb"},"headline":"Recado de Cicinho, substituto Vitor Reis e as contrata\u00e7\u00f5es do Brasileir\u00e3o S\u00e9rie A: as \u00faltimas not\u00edcias do Palmeiras","datePublished":"2025-02-14T09:25:00+00:00","mainEntityOfPage":{"@id":"https:\/\/www.gaveanews.com\/index.php\/2025\/02\/14\/recado-de-cicinho-substituto-vitor-reis-e-as-contratacoes-do-brasileirao-serie-a-as-ultimas-noticias-do-palmeiras\/"},"wordCount":847,"commentCount":0,"image":{"@id":"https:\/\/www.gaveanews.com\/index.php\/2025\/02\/14\/recado-de-cicinho-substituto-vitor-reis-e-as-contratacoes-do-brasileirao-serie-a-as-ultimas-noticias-do-palmeiras\/#primaryimage"},"thumbnailUrl":"https:\/\/www.gaveanews.com\/wp-content\/uploads\/Jogadores-do-Palmeiras-reunidos-durante-partida-da-Copa-do-Brasil-2024.webp","articleSection":["Palmeiras"],"inLanguage":"pt-BR","potentialAction":[{"@type":"CommentAction","name":"Comment","target":["https:\/\/www.gaveanews.com\/index.php\/2025\/02\/14\/recado-de-cicinho-substituto-vitor-reis-e-as-contratacoes-do-brasileirao-serie-a-as-ultimas-noticias-do-palmeiras\/#respond"]}],"copyrightYear":"2025","copyrightHolder":{"@id":"https:\/\/www.gaveanews.com\/#organization"}},{"@type":"WebPage","@id":"https:\/\/www.gaveanews.com\/index.php\/2025\/02\/14\/recado-de-cicinho-substituto-vitor-reis-e-as-contratacoes-do-brasileirao-serie-a-as-ultimas-noticias-do-palmeiras\/","url":"https:\/\/www.gaveanews.com\/index.php\/2025\/02\/14\/recado-de-cicinho-substituto-vitor-reis-e-as-contratacoes-do-brasileirao-serie-a-as-ultimas-noticias-do-palmeiras\/","name":"Recado de Cicinho, substituto Vitor Reis e as contrata\u00e7\u00f5es do Brasileir\u00e3o S\u00e9rie A: as \u00faltimas not\u00edcias do Palmeiras","isPartOf":{"@id":"https:\/\/www.gaveanews.com\/#website"},"primaryImageOfPage":{"@id":"https:\/\/www.gaveanews.com\/index.php\/2025\/02\/14\/recado-de-cicinho-substituto-vitor-reis-e-as-contratacoes-do-brasileirao-serie-a-as-ultimas-noticias-do-palmeiras\/#primaryimage"},"image":{"@id":"https:\/\/www.gaveanews.com\/index.php\/2025\/02\/14\/recado-de-cicinho-substituto-vitor-reis-e-as-contratacoes-do-brasileirao-serie-a-as-ultimas-noticias-do-palmeiras\/#primaryimage"},"thumbnailUrl":"https:\/\/www.gaveanews.com\/wp-content\/uploads\/Jogadores-do-Palmeiras-reunidos-durante-partida-da-Copa-do-Brasil-2024.webp","datePublished":"2025-02-14T09:25:00+00:00","author":{"@id":"https:\/\/www.gaveanews.com\/#\/schema\/person\/8207cd4627f56151707418bfc835b2fb"},"breadcrumb":{"@id":"https:\/\/www.gaveanews.com\/index.php\/2025\/02\/14\/recado-de-cicinho-substituto-vitor-reis-e-as-contratacoes-do-brasileirao-serie-a-as-ultimas-noticias-do-palmeiras\/#breadcrumb"},"inLanguage":"pt-BR","potentialAction":[{"@type":"ReadAction","target":["https:\/\/www.gaveanews.com\/index.php\/2025\/02\/14\/recado-de-cicinho-substituto-vitor-reis-e-as-contratacoes-do-brasileirao-serie-a-as-ultimas-noticias-do-palmeiras\/"]}]},{"@type":"ImageObject","inLanguage":"pt-BR","@id":"https:\/\/www.gaveanews.com\/index.php\/2025\/02\/14\/recado-de-cicinho-substituto-vitor-reis-e-as-contratacoes-do-brasileirao-serie-a-as-ultimas-noticias-do-palmeiras\/#primaryimage","url":"https:\/\/www.gaveanews.com\/wp-content\/uploads\/Jogadores-do-Palmeiras-reunidos-durante-partida-da-Copa-do-Brasil-2024.webp","contentUrl":"https:\/\/www.gaveanews.com\/wp-content\/uploads\/Jogadores-do-Palmeiras-reunidos-durante-partida-da-Copa-do-Brasil-2024.webp","width":1187,"height":792,"caption":"Jogadores do Palmeiras reunidos durante partida da Copa do Brasil 2024 (Foto: Reprodu\u00e7\u00e3o\/Palmeiras)"},{"@type":"BreadcrumbList","@id":"https:\/\/www.gaveanews.com\/index.php\/2025\/02\/14\/recado-de-cicinho-substituto-vitor-reis-e-as-contratacoes-do-brasileirao-serie-a-as-ultimas-noticias-do-palmeiras\/#breadcrumb","itemListElement":[{"@type":"ListItem","position":1,"name":"Home","item":"https:\/\/www.gaveanews.com\/"},{"@type":"ListItem","position":2,"name":"Recado de Cicinho, substituto Vitor Reis e as contrata\u00e7\u00f5es do Brasileir\u00e3o S\u00e9rie A: as \u00faltimas not\u00edcias do Palmeiras"}]},{"@type":"WebSite","@id":"https:\/\/www.gaveanews.com\/#website","url":"https:\/\/www.gaveanews.com\/","name":"G\u00e1vea News","description":"Veja todas as not\u00edcias sobre o Flamengo: Contrata\u00e7\u00f5es, categorias de base, resultados das partidas, tabela de classifica\u00e7\u00e3o, pr\u00f3ximos jogos!","potentialAction":[{"@type":"SearchAction","target":{"@type":"EntryPoint","urlTemplate":"https:\/\/www.gaveanews.com\/?s={search_term_string}"},"query-input":{"@type":"PropertyValueSpecification","valueRequired":true,"valueName":"search_term_string"}}],"inLanguage":"pt-BR"},{"@type":"Person","@id":"https:\/\/www.gaveanews.com\/#\/schema\/person\/8207cd4627f56151707418bfc835b2fb","name":"Matheus Felipe","image":{"@type":"ImageObject","inLanguage":"pt-BR","@id":"https:\/\/www.gaveanews.com\/#\/schema\/person\/image\/","url":"https:\/\/secure.gravatar.com\/avatar\/a452ffbed9130f726358b298bb3a99ce4bd3c5338411f8440e87e14d74c7c087?s=96&d=mm&r=g","contentUrl":"https:\/\/secure.gravatar.com\/avatar\/a452ffbed9130f726358b298bb3a99ce4bd3c5338411f8440e87e14d74c7c087?s=96&d=mm&r=g","caption":"Matheus Felipe"}}]}},"_links":{"self":[{"href":"https:\/\/www.gaveanews.com\/index.php\/wp-json\/wp\/v2\/posts\/227653","targetHints":{"allow":["GET"]}}],"collection":[{"href":"https:\/\/www.gaveanews.com\/index.php\/wp-json\/wp\/v2\/posts"}],"about":[{"href":"https:\/\/www.gaveanews.com\/index.php\/wp-json\/wp\/v2\/types\/post"}],"author":[{"embeddable":true,"href":"https:\/\/www.gaveanews.com\/index.php\/wp-json\/wp\/v2\/users\/27"}],"replies":[{"embeddable":true,"href":"https:\/\/www.gaveanews.com\/index.php\/wp-json\/wp\/v2\/comments?post=227653"}],"version-history":[{"count":1,"href":"https:\/\/www.gaveanews.com\/index.php\/wp-json\/wp\/v2\/posts\/227653\/revisions"}],"predecessor-version":[{"id":227687,"href":"https:\/\/www.gaveanews.com\/index.php\/wp-json\/wp\/v2\/posts\/227653\/revisions\/227687"}],"wp:featuredmedia":[{"embeddable":true,"href":"https:\/\/www.gaveanews.com\/index.php\/wp-json\/wp\/v2\/media\/158317"}],"wp:attachment":[{"href":"https:\/\/www.gaveanews.com\/index.php\/wp-json\/wp\/v2\/media?parent=227653"}],"wp:term":[{"taxonomy":"category","embeddable":true,"href":"https:\/\/www.gaveanews.com\/index.php\/wp-json\/wp\/v2\/categories?post=227653"},{"taxonomy":"post_tag","embeddable":true,"href":"https:\/\/www.gaveanews.com\/index.php\/wp-json\/wp\/v2\/tags?post=227653"}],"curies":[{"name":"wp","href":"https:\/\/api.w.org\/{rel}","templated":true}]}}