{"id":227664,"date":"2025-02-14T06:30:00","date_gmt":"2025-02-14T09:30:00","guid":{"rendered":"https:\/\/www.gaveanews.com\/?p=227664"},"modified":"2025-02-14T04:39:30","modified_gmt":"2025-02-14T07:39:30","slug":"oportunidades-na-temporada-declaracao-de-muller-e-as-contratacoes-do-brasileirao-serie-a-as-ultimas-noticias-do-sao-paulo","status":"publish","type":"post","link":"https:\/\/www.gaveanews.com\/index.php\/2025\/02\/14\/oportunidades-na-temporada-declaracao-de-muller-e-as-contratacoes-do-brasileirao-serie-a-as-ultimas-noticias-do-sao-paulo\/","title":{"rendered":"Oportunidades na temporada, declara\u00e7\u00e3o de M\u00fcller e as contrata\u00e7\u00f5es do Brasileir\u00e3o S\u00e9rie A\u00a0: as \u00faltimas not\u00edcias do S\u00e3o Paulo"},"content":{"rendered":"\n<p>Nas \u00faltimas horas, o foco das not\u00edcias sobre o S\u00e3o Paulo se concentram nos bastidores do clube, com destaques do dia a dia do time.<\/p>\n\n\n\n<p>Por conta deste contexto, leia abaixo um resumo preparado pela equipe do portal G\u00e1vea News para lhe manter muito bem informado!<\/p>\n\n\n\n<h2 class=\"wp-block-heading\" id=\"h-as-contratacoes-do-brasileirao-serie-a\">As contrata\u00e7\u00f5es do Brasileir\u00e3o S\u00e9rie A\u00a0<\/h2>\n\n\n\n<p>Os clubes da S\u00e9rie A do Brasileir\u00e3o 2025 seguem refor\u00e7ando seus elencos com contrata\u00e7\u00f5es diversificadas, envolvendo jovens promessas e atletas experientes. O Bahia acertou o empr\u00e9stimo do atacante Kayky, do Manchester City, para suprir a sa\u00edda de Biel. O Cruzeiro trouxe o atacante congol\u00eas Bolasie, destaque do Crici\u00fama, sem custos, enquanto o Vasco contratou o goleiro Daniel Fuzato, ex-Eibar, at\u00e9 2026, para ser o reserva imediato de L\u00e9o Jardim. J\u00e1 o S\u00e3o Paulo fechou com Enzo D\u00edaz, lateral-esquerdo que estava no River Plate, por empr\u00e9stimo com op\u00e7\u00e3o de compra <strong><a href=\"https:\/\/www.gaveanews.com\/index.php\/2025\/02\/11\/kayky-bolasie-willian-machado-galeano-gabriel-barreal-matheus-alexandre-daniel-fuzato-enzo-diaz-davo-e-felipinho-as-contratacoes-do-brasileirao-serie-a-2025\/\">(leia a mat\u00e9ria completa).<\/a><\/strong><\/p>\n\n\n\n<figure class=\"wp-block-image size-full\"><img loading=\"lazy\" decoding=\"async\" width=\"690\" height=\"470\" src=\"http:\/\/www.gaveanews.com\/wp-content\/uploads\/taca-brasileiro-.webp\" alt=\"\" class=\"wp-image-114117\" srcset=\"https:\/\/www.gaveanews.com\/wp-content\/uploads\/taca-brasileiro-.webp 690w, https:\/\/www.gaveanews.com\/wp-content\/uploads\/taca-brasileiro--300x204.webp 300w, https:\/\/www.gaveanews.com\/wp-content\/uploads\/taca-brasileiro--617x420.webp 617w, https:\/\/www.gaveanews.com\/wp-content\/uploads\/taca-brasileiro--640x436.webp 640w, https:\/\/www.gaveanews.com\/wp-content\/uploads\/taca-brasileiro--681x464.webp 681w, https:\/\/www.gaveanews.com\/wp-content\/uploads\/taca-brasileiro--100x68.webp 100w\" sizes=\"auto, (max-width: 690px) 100vw, 690px\" \/><\/figure>\n\n\n\n<p>Entre outras movimenta\u00e7\u00f5es, o Cear\u00e1 foi ativo no mercado e garantiu o atacante Galeano, emprestado pelo Nacional do Uruguai, e o zagueiro Willian Machado, destaque do Oper\u00e1rio na S\u00e9rie B, ambos com contratos at\u00e9 2025 e 2026, respectivamente. <\/p>\n\n\n\n<p>O Sport investiu R$ 9 milh\u00f5es na contrata\u00e7\u00e3o do lateral-direito Matheus Alexandre, ex-Cuiab\u00e1, firmando v\u00ednculo at\u00e9 2028. O Vit\u00f3ria contratou o goleiro Gabriel, vindo do Coritiba, por R$ 1 milh\u00e3o, assegurando o jogador at\u00e9 o final de 2028.<\/p>\n\n\n\n<p>O Juventude recebeu Felipinho, lateral-esquerdo que atuava pelo Sport, por empr\u00e9stimo, enquanto o Mirassol apostou em Matheus Dav\u00f3, atacante com passagens por Corinthians e Cruzeiro. O Santos fechou com Barreal, que defendeu o Cruzeiro na temporada passada, por empr\u00e9stimo de um ano com op\u00e7\u00e3o de compra. Essas movimenta\u00e7\u00f5es evidenciam que as equipes est\u00e3o buscando equilibrar experi\u00eancia e juventude, visando uma competi\u00e7\u00e3o nacional que promete ser ainda mais disputada em 2025.<\/p>\n\n\n\n<h2 class=\"wp-block-heading\" id=\"h-declaracao-de-muller\">Declara\u00e7\u00e3o de M\u00fcller<\/h2>\n\n\n\n<p>Ap\u00f3s a derrota do S\u00e3o Paulo para o Red Bull Bragantino no Campeonato Paulista, o ex-atacante e comentarista Muller fez duras cr\u00edticas ao desempenho da equipe, em especial ao goleiro Jandrei. Durante participa\u00e7\u00e3o no programa Mesa Redonda, da TV Gazeta, Muller afirmou que o Tricolor tem o h\u00e1bito de \u201cressuscitar mortos\u201d, sugerindo que o time constantemente decepciona em momentos cruciais. Ele ainda ironizou a atua\u00e7\u00e3o de Jandrei, dizendo que o goleiro est\u00e1 \u201ccom a m\u00e3o furada\u201d, em refer\u00eancia a falhas cometidas na partida <strong><a href=\"https:\/\/www.gaveanews.com\/index.php\/2025\/02\/10\/sao-paulo-a-declaracao-de-muller-direcionada-a-jandrei\/\">(leia a mat\u00e9ria completa).<\/a><\/strong><\/p>\n\n\n\n<figure class=\"wp-block-image size-large\"><img loading=\"lazy\" decoding=\"async\" width=\"1024\" height=\"938\" src=\"http:\/\/www.gaveanews.com\/wp-content\/uploads\/Jandrei-pelo-Sao-Paulo-1024x938.webp\" alt=\"\" class=\"wp-image-171717\" srcset=\"https:\/\/www.gaveanews.com\/wp-content\/uploads\/Jandrei-pelo-Sao-Paulo-1024x938.webp 1024w, https:\/\/www.gaveanews.com\/wp-content\/uploads\/Jandrei-pelo-Sao-Paulo-300x275.webp 300w, https:\/\/www.gaveanews.com\/wp-content\/uploads\/Jandrei-pelo-Sao-Paulo-768x703.webp 768w, https:\/\/www.gaveanews.com\/wp-content\/uploads\/Jandrei-pelo-Sao-Paulo-459x420.webp 459w, https:\/\/www.gaveanews.com\/wp-content\/uploads\/Jandrei-pelo-Sao-Paulo-917x840.webp 917w, https:\/\/www.gaveanews.com\/wp-content\/uploads\/Jandrei-pelo-Sao-Paulo-640x586.webp 640w, https:\/\/www.gaveanews.com\/wp-content\/uploads\/Jandrei-pelo-Sao-Paulo-1280x1172.webp 1280w, https:\/\/www.gaveanews.com\/wp-content\/uploads\/Jandrei-pelo-Sao-Paulo-681x624.webp 681w, https:\/\/www.gaveanews.com\/wp-content\/uploads\/Jandrei-pelo-Sao-Paulo-1362x1247.webp 1362w, https:\/\/www.gaveanews.com\/wp-content\/uploads\/Jandrei-pelo-Sao-Paulo-100x92.webp 100w, https:\/\/www.gaveanews.com\/wp-content\/uploads\/Jandrei-pelo-Sao-Paulo.webp 1399w\" sizes=\"auto, (max-width: 1024px) 100vw, 1024px\" \/><figcaption class=\"wp-element-caption\">Jandrei pelo S\u00e3o Paulo (Foto: Felipe Lucena\/S\u00e3o Paulo)<\/figcaption><\/figure>\n\n\n\n<p>As declara\u00e7\u00f5es repercutiram amplamente entre os torcedores, que tamb\u00e9m demonstraram insatisfa\u00e7\u00e3o com o rendimento da equipe. O t\u00e9cnico Luis Zubeld\u00eda explicou que optou por escalar um time alternativo, visando dar rodagem ao elenco e preservar alguns atletas que apresentavam sinais de desgaste f\u00edsico. Apesar da justificativa, o rev\u00e9s diante do Bragantino gerou preocupa\u00e7\u00e3o, pois o S\u00e3o Paulo busca manter a lideran\u00e7a do seu grupo na competi\u00e7\u00e3o estadual.<\/p>\n\n\n\n<p>A pr\u00f3xima partida ser\u00e1 contra o Palmeiras, no domingo (16), no Allianz Parque, em um confronto decisivo para ambas as equipes na fase de grupos do Paulist\u00e3o. Enquanto o Verd\u00e3o precisa pontuar para se manter na zona de classifica\u00e7\u00e3o, o Tricolor tentar\u00e1 se recuperar e garantir a primeira coloca\u00e7\u00e3o. A press\u00e3o por uma resposta positiva aumenta, especialmente ap\u00f3s as cobran\u00e7as p\u00fablicas de Muller e o descontentamento da torcida.<\/p>\n\n\n\n<h2 class=\"wp-block-heading\" id=\"h-oportunidades-na-temporada\">Oportunidades na temporada<\/h2>\n\n\n\n<p>A chegada dos laterais-esquerdos Enzo D\u00edaz e Wendell ao S\u00e3o Paulo reduziu as chances de Patryck Lanza ganhar espa\u00e7o na equipe comandada por Luis Zubeld\u00eda. Ap\u00f3s uma conversa franca com o treinador argentino, o jovem formado em Cotia foi liberado para discutir seu futuro com seus representantes, j\u00e1 que n\u00e3o est\u00e1 nos planos como pe\u00e7a fundamental para a temporada. Zubeld\u00eda reconheceu o potencial do atleta de 22 anos, mas ressaltou que ele ainda est\u00e1 em processo de amadurecimento e que precisaria escolher entre buscar experi\u00eancia em outro clube ou aceitar o papel de terceira op\u00e7\u00e3o na lateral <strong><a href=\"https:\/\/www.gaveanews.com\/index.php\/2025\/02\/10\/sao-paulo-ele-nao-tera-espaco-com-zubeldia-e-agora-tera-que-tomar-uma-decisao\/\">(leia a mat\u00e9ria completa).<\/a><\/strong><\/p>\n\n\n\n<figure class=\"wp-block-image size-large\"><img loading=\"lazy\" decoding=\"async\" width=\"1024\" height=\"683\" src=\"http:\/\/www.gaveanews.com\/wp-content\/uploads\/Luis-Francisco-Zubeldia-treinador-do-Sao-Paulo-durante-partida-da-Copa-do-Brasil-2024-1024x683.webp\" alt=\"\" class=\"wp-image-155699\" srcset=\"https:\/\/www.gaveanews.com\/wp-content\/uploads\/Luis-Francisco-Zubeldia-treinador-do-Sao-Paulo-durante-partida-da-Copa-do-Brasil-2024-1024x683.webp 1024w, https:\/\/www.gaveanews.com\/wp-content\/uploads\/Luis-Francisco-Zubeldia-treinador-do-Sao-Paulo-durante-partida-da-Copa-do-Brasil-2024-300x200.webp 300w, https:\/\/www.gaveanews.com\/wp-content\/uploads\/Luis-Francisco-Zubeldia-treinador-do-Sao-Paulo-durante-partida-da-Copa-do-Brasil-2024-768x512.webp 768w, https:\/\/www.gaveanews.com\/wp-content\/uploads\/Luis-Francisco-Zubeldia-treinador-do-Sao-Paulo-durante-partida-da-Copa-do-Brasil-2024-630x420.webp 630w, https:\/\/www.gaveanews.com\/wp-content\/uploads\/Luis-Francisco-Zubeldia-treinador-do-Sao-Paulo-durante-partida-da-Copa-do-Brasil-2024-1260x840.webp 1260w, https:\/\/www.gaveanews.com\/wp-content\/uploads\/Luis-Francisco-Zubeldia-treinador-do-Sao-Paulo-durante-partida-da-Copa-do-Brasil-2024-640x427.webp 640w, https:\/\/www.gaveanews.com\/wp-content\/uploads\/Luis-Francisco-Zubeldia-treinador-do-Sao-Paulo-durante-partida-da-Copa-do-Brasil-2024-1280x854.webp 1280w, https:\/\/www.gaveanews.com\/wp-content\/uploads\/Luis-Francisco-Zubeldia-treinador-do-Sao-Paulo-durante-partida-da-Copa-do-Brasil-2024-681x454.webp 681w, https:\/\/www.gaveanews.com\/wp-content\/uploads\/Luis-Francisco-Zubeldia-treinador-do-Sao-Paulo-durante-partida-da-Copa-do-Brasil-2024-100x67.webp 100w, https:\/\/www.gaveanews.com\/wp-content\/uploads\/Luis-Francisco-Zubeldia-treinador-do-Sao-Paulo-durante-partida-da-Copa-do-Brasil-2024.webp 1333w\" sizes=\"auto, (max-width: 1024px) 100vw, 1024px\" \/><figcaption class=\"wp-element-caption\">Luis Francisco Zubeld\u00eda, treinador do S\u00e3o Paulo durante partida da Copa do Brasil 2024 (Foto: Rubens Chiri e Paulo Pinto\/S\u00e3o Paulo)<\/figcaption><\/figure>\n\n\n\n<p>Patryck atuou em duas partidas em 2025, contra Portuguesa e Bragantino, mas as contrata\u00e7\u00f5es dos refor\u00e7os experientes enfraqueceram suas perspectivas de continuidade no time titular. O treinador argentino afirmou que a conviv\u00eancia com atletas mais rodados pode contribuir para o crescimento do lateral, mas alertou que permanecer no elenco sem perspectiva de evolu\u00e7\u00e3o poderia prejudicar seu desenvolvimento. O clube, por sua vez, j\u00e1 havia sinalizado desde a assinatura do pr\u00e9-contrato com Wendell que estaria aberto a um poss\u00edvel empr\u00e9stimo do jogador, inclusive para times da S\u00e9rie A.<\/p>\n\n\n\n<p>Com contrato v\u00e1lido at\u00e9 abril de 2027, Lanza agora precisa decidir se aceita ser emprestado em busca de minutos ou se permanece no Morumbi, ciente de que ter\u00e1 poucas oportunidades ao longo do ano. A diretoria tricolor segue disposta a facilitar uma eventual transfer\u00eancia tempor\u00e1ria, visando dar mais rodagem ao atleta e preservar seu valor de mercado, enquanto Zubeld\u00eda foca na constru\u00e7\u00e3o do elenco titular com as novas pe\u00e7as para fortalecer o setor defensivo.<\/p>\n","protected":false},"excerpt":{"rendered":"<p>Nas \u00faltimas horas, o foco das not\u00edcias sobre o S\u00e3o Paulo se concentram nos bastidores do clube, com destaques do dia a dia do time. Por conta deste contexto, leia abaixo um resumo preparado pela equipe do portal G\u00e1vea News para lhe manter muito bem informado! As contrata\u00e7\u00f5es do Brasileir\u00e3o S\u00e9rie A\u00a0 Os clubes da [&hellip;]<\/p>\n","protected":false},"author":27,"featured_media":154249,"comment_status":"open","ping_status":"closed","sticky":false,"template":"","format":"standard","meta":{"footnotes":""},"categories":[151],"tags":[],"class_list":["post-227664","post","type-post","status-publish","format-standard","has-post-thumbnail","hentry","category-sao-paulo"],"yoast_head":"<!-- This site is optimized with the Yoast SEO Premium plugin v24.2 (Yoast SEO v26.9) - https:\/\/yoast.com\/product\/yoast-seo-premium-wordpress\/ -->\n<title>Oportunidades na temporada, declara\u00e7\u00e3o de M\u00fcller e as contrata\u00e7\u00f5es do Brasileir\u00e3o S\u00e9rie A\u00a0: as \u00faltimas not\u00edcias do S\u00e3o Paulo<\/title>\n<meta name=\"robots\" content=\"index, follow, max-snippet:-1, max-image-preview:large, max-video-preview:-1\" \/>\n<link rel=\"canonical\" href=\"https:\/\/www.gaveanews.com\/index.php\/2025\/02\/14\/oportunidades-na-temporada-declaracao-de-muller-e-as-contratacoes-do-brasileirao-serie-a-as-ultimas-noticias-do-sao-paulo\/\" \/>\n<meta property=\"og:locale\" content=\"pt_BR\" \/>\n<meta property=\"og:type\" content=\"article\" \/>\n<meta property=\"og:title\" content=\"Oportunidades na temporada, declara\u00e7\u00e3o de M\u00fcller e as contrata\u00e7\u00f5es do Brasileir\u00e3o S\u00e9rie A\u00a0: as \u00faltimas not\u00edcias do S\u00e3o Paulo\" \/>\n<meta property=\"og:description\" content=\"Nas \u00faltimas horas, o foco das not\u00edcias sobre o S\u00e3o Paulo se concentram nos bastidores do clube, com destaques do dia a dia do time. Por conta deste contexto, leia abaixo um resumo preparado pela equipe do portal G\u00e1vea News para lhe manter muito bem informado! As contrata\u00e7\u00f5es do Brasileir\u00e3o S\u00e9rie A\u00a0 Os clubes da [&hellip;]\" \/>\n<meta property=\"og:url\" content=\"https:\/\/www.gaveanews.com\/index.php\/2025\/02\/14\/oportunidades-na-temporada-declaracao-de-muller-e-as-contratacoes-do-brasileirao-serie-a-as-ultimas-noticias-do-sao-paulo\/\" \/>\n<meta property=\"og:site_name\" content=\"G\u00e1vea News\" \/>\n<meta property=\"article:publisher\" content=\"https:\/\/facebook.com\/gaveaNews\/\" \/>\n<meta property=\"article:published_time\" content=\"2025-02-14T09:30:00+00:00\" \/>\n<meta property=\"og:image\" content=\"https:\/\/www.gaveanews.com\/wp-content\/uploads\/Bandeira-do-Sao-Paulo-no-Morumbis-em-2024.webp\" \/>\n\t<meta property=\"og:image:width\" content=\"1000\" \/>\n\t<meta property=\"og:image:height\" content=\"667\" \/>\n\t<meta property=\"og:image:type\" content=\"image\/webp\" \/>\n<meta name=\"author\" content=\"Matheus Felipe\" \/>\n<meta name=\"twitter:card\" content=\"summary_large_image\" \/>\n<meta name=\"twitter:label1\" content=\"Escrito por\" \/>\n\t<meta name=\"twitter:data1\" content=\"Matheus Felipe\" \/>\n\t<meta name=\"twitter:label2\" content=\"Est. tempo de leitura\" \/>\n\t<meta name=\"twitter:data2\" content=\"6 minutos\" \/>\n<script type=\"application\/ld+json\" class=\"yoast-schema-graph\">{\"@context\":\"https:\/\/schema.org\",\"@graph\":[{\"@type\":\"NewsArticle\",\"@id\":\"https:\/\/www.gaveanews.com\/index.php\/2025\/02\/14\/oportunidades-na-temporada-declaracao-de-muller-e-as-contratacoes-do-brasileirao-serie-a-as-ultimas-noticias-do-sao-paulo\/#article\",\"isPartOf\":{\"@id\":\"https:\/\/www.gaveanews.com\/index.php\/2025\/02\/14\/oportunidades-na-temporada-declaracao-de-muller-e-as-contratacoes-do-brasileirao-serie-a-as-ultimas-noticias-do-sao-paulo\/\"},\"author\":{\"name\":\"Matheus Felipe\",\"@id\":\"https:\/\/www.gaveanews.com\/#\/schema\/person\/8207cd4627f56151707418bfc835b2fb\"},\"headline\":\"Oportunidades na temporada, declara\u00e7\u00e3o de M\u00fcller e as contrata\u00e7\u00f5es do Brasileir\u00e3o S\u00e9rie A\u00a0: as \u00faltimas not\u00edcias do S\u00e3o Paulo\",\"datePublished\":\"2025-02-14T09:30:00+00:00\",\"mainEntityOfPage\":{\"@id\":\"https:\/\/www.gaveanews.com\/index.php\/2025\/02\/14\/oportunidades-na-temporada-declaracao-de-muller-e-as-contratacoes-do-brasileirao-serie-a-as-ultimas-noticias-do-sao-paulo\/\"},\"wordCount\":920,\"commentCount\":0,\"image\":{\"@id\":\"https:\/\/www.gaveanews.com\/index.php\/2025\/02\/14\/oportunidades-na-temporada-declaracao-de-muller-e-as-contratacoes-do-brasileirao-serie-a-as-ultimas-noticias-do-sao-paulo\/#primaryimage\"},\"thumbnailUrl\":\"https:\/\/www.gaveanews.com\/wp-content\/uploads\/Bandeira-do-Sao-Paulo-no-Morumbis-em-2024.webp\",\"articleSection\":[\"S\u00e3o Paulo\"],\"inLanguage\":\"pt-BR\",\"potentialAction\":[{\"@type\":\"CommentAction\",\"name\":\"Comment\",\"target\":[\"https:\/\/www.gaveanews.com\/index.php\/2025\/02\/14\/oportunidades-na-temporada-declaracao-de-muller-e-as-contratacoes-do-brasileirao-serie-a-as-ultimas-noticias-do-sao-paulo\/#respond\"]}],\"copyrightYear\":\"2025\",\"copyrightHolder\":{\"@id\":\"https:\/\/www.gaveanews.com\/#organization\"}},{\"@type\":\"WebPage\",\"@id\":\"https:\/\/www.gaveanews.com\/index.php\/2025\/02\/14\/oportunidades-na-temporada-declaracao-de-muller-e-as-contratacoes-do-brasileirao-serie-a-as-ultimas-noticias-do-sao-paulo\/\",\"url\":\"https:\/\/www.gaveanews.com\/index.php\/2025\/02\/14\/oportunidades-na-temporada-declaracao-de-muller-e-as-contratacoes-do-brasileirao-serie-a-as-ultimas-noticias-do-sao-paulo\/\",\"name\":\"Oportunidades na temporada, declara\u00e7\u00e3o de M\u00fcller e as contrata\u00e7\u00f5es do Brasileir\u00e3o S\u00e9rie A\u00a0: as \u00faltimas not\u00edcias do S\u00e3o Paulo\",\"isPartOf\":{\"@id\":\"https:\/\/www.gaveanews.com\/#website\"},\"primaryImageOfPage\":{\"@id\":\"https:\/\/www.gaveanews.com\/index.php\/2025\/02\/14\/oportunidades-na-temporada-declaracao-de-muller-e-as-contratacoes-do-brasileirao-serie-a-as-ultimas-noticias-do-sao-paulo\/#primaryimage\"},\"image\":{\"@id\":\"https:\/\/www.gaveanews.com\/index.php\/2025\/02\/14\/oportunidades-na-temporada-declaracao-de-muller-e-as-contratacoes-do-brasileirao-serie-a-as-ultimas-noticias-do-sao-paulo\/#primaryimage\"},\"thumbnailUrl\":\"https:\/\/www.gaveanews.com\/wp-content\/uploads\/Bandeira-do-Sao-Paulo-no-Morumbis-em-2024.webp\",\"datePublished\":\"2025-02-14T09:30:00+00:00\",\"author\":{\"@id\":\"https:\/\/www.gaveanews.com\/#\/schema\/person\/8207cd4627f56151707418bfc835b2fb\"},\"breadcrumb\":{\"@id\":\"https:\/\/www.gaveanews.com\/index.php\/2025\/02\/14\/oportunidades-na-temporada-declaracao-de-muller-e-as-contratacoes-do-brasileirao-serie-a-as-ultimas-noticias-do-sao-paulo\/#breadcrumb\"},\"inLanguage\":\"pt-BR\",\"potentialAction\":[{\"@type\":\"ReadAction\",\"target\":[\"https:\/\/www.gaveanews.com\/index.php\/2025\/02\/14\/oportunidades-na-temporada-declaracao-de-muller-e-as-contratacoes-do-brasileirao-serie-a-as-ultimas-noticias-do-sao-paulo\/\"]}]},{\"@type\":\"ImageObject\",\"inLanguage\":\"pt-BR\",\"@id\":\"https:\/\/www.gaveanews.com\/index.php\/2025\/02\/14\/oportunidades-na-temporada-declaracao-de-muller-e-as-contratacoes-do-brasileirao-serie-a-as-ultimas-noticias-do-sao-paulo\/#primaryimage\",\"url\":\"https:\/\/www.gaveanews.com\/wp-content\/uploads\/Bandeira-do-Sao-Paulo-no-Morumbis-em-2024.webp\",\"contentUrl\":\"https:\/\/www.gaveanews.com\/wp-content\/uploads\/Bandeira-do-Sao-Paulo-no-Morumbis-em-2024.webp\",\"width\":1000,\"height\":667,\"caption\":\"Bandeira do S\u00e3o Paulo no Morumbis em 2024 (Foto: Reprodu\u00e7\u00e3o\/S\u00e3o Paulo)\"},{\"@type\":\"BreadcrumbList\",\"@id\":\"https:\/\/www.gaveanews.com\/index.php\/2025\/02\/14\/oportunidades-na-temporada-declaracao-de-muller-e-as-contratacoes-do-brasileirao-serie-a-as-ultimas-noticias-do-sao-paulo\/#breadcrumb\",\"itemListElement\":[{\"@type\":\"ListItem\",\"position\":1,\"name\":\"Home\",\"item\":\"https:\/\/www.gaveanews.com\/\"},{\"@type\":\"ListItem\",\"position\":2,\"name\":\"Oportunidades na temporada, declara\u00e7\u00e3o de M\u00fcller e as contrata\u00e7\u00f5es do Brasileir\u00e3o S\u00e9rie A\u00a0: as \u00faltimas not\u00edcias do S\u00e3o Paulo\"}]},{\"@type\":\"WebSite\",\"@id\":\"https:\/\/www.gaveanews.com\/#website\",\"url\":\"https:\/\/www.gaveanews.com\/\",\"name\":\"G\u00e1vea News\",\"description\":\"Veja todas as not\u00edcias sobre o Flamengo: Contrata\u00e7\u00f5es, categorias de base, resultados das partidas, tabela de classifica\u00e7\u00e3o, pr\u00f3ximos jogos!\",\"potentialAction\":[{\"@type\":\"SearchAction\",\"target\":{\"@type\":\"EntryPoint\",\"urlTemplate\":\"https:\/\/www.gaveanews.com\/?s={search_term_string}\"},\"query-input\":{\"@type\":\"PropertyValueSpecification\",\"valueRequired\":true,\"valueName\":\"search_term_string\"}}],\"inLanguage\":\"pt-BR\"},{\"@type\":\"Person\",\"@id\":\"https:\/\/www.gaveanews.com\/#\/schema\/person\/8207cd4627f56151707418bfc835b2fb\",\"name\":\"Matheus Felipe\",\"image\":{\"@type\":\"ImageObject\",\"inLanguage\":\"pt-BR\",\"@id\":\"https:\/\/www.gaveanews.com\/#\/schema\/person\/image\/\",\"url\":\"https:\/\/secure.gravatar.com\/avatar\/a452ffbed9130f726358b298bb3a99ce4bd3c5338411f8440e87e14d74c7c087?s=96&d=mm&r=g\",\"contentUrl\":\"https:\/\/secure.gravatar.com\/avatar\/a452ffbed9130f726358b298bb3a99ce4bd3c5338411f8440e87e14d74c7c087?s=96&d=mm&r=g\",\"caption\":\"Matheus Felipe\"}}]}<\/script>\n<!-- \/ Yoast SEO Premium plugin. -->","yoast_head_json":{"title":"Oportunidades na temporada, declara\u00e7\u00e3o de M\u00fcller e as contrata\u00e7\u00f5es do Brasileir\u00e3o S\u00e9rie A\u00a0: as \u00faltimas not\u00edcias do S\u00e3o Paulo","robots":{"index":"index","follow":"follow","max-snippet":"max-snippet:-1","max-image-preview":"max-image-preview:large","max-video-preview":"max-video-preview:-1"},"canonical":"https:\/\/www.gaveanews.com\/index.php\/2025\/02\/14\/oportunidades-na-temporada-declaracao-de-muller-e-as-contratacoes-do-brasileirao-serie-a-as-ultimas-noticias-do-sao-paulo\/","og_locale":"pt_BR","og_type":"article","og_title":"Oportunidades na temporada, declara\u00e7\u00e3o de M\u00fcller e as contrata\u00e7\u00f5es do Brasileir\u00e3o S\u00e9rie A\u00a0: as \u00faltimas not\u00edcias do S\u00e3o Paulo","og_description":"Nas \u00faltimas horas, o foco das not\u00edcias sobre o S\u00e3o Paulo se concentram nos bastidores do clube, com destaques do dia a dia do time. Por conta deste contexto, leia abaixo um resumo preparado pela equipe do portal G\u00e1vea News para lhe manter muito bem informado! As contrata\u00e7\u00f5es do Brasileir\u00e3o S\u00e9rie A\u00a0 Os clubes da [&hellip;]","og_url":"https:\/\/www.gaveanews.com\/index.php\/2025\/02\/14\/oportunidades-na-temporada-declaracao-de-muller-e-as-contratacoes-do-brasileirao-serie-a-as-ultimas-noticias-do-sao-paulo\/","og_site_name":"G\u00e1vea News","article_publisher":"https:\/\/facebook.com\/gaveaNews\/","article_published_time":"2025-02-14T09:30:00+00:00","og_image":[{"width":1000,"height":667,"url":"https:\/\/www.gaveanews.com\/wp-content\/uploads\/Bandeira-do-Sao-Paulo-no-Morumbis-em-2024.webp","type":"image\/webp"}],"author":"Matheus Felipe","twitter_card":"summary_large_image","twitter_misc":{"Escrito por":"Matheus Felipe","Est. tempo de leitura":"6 minutos"},"schema":{"@context":"https:\/\/schema.org","@graph":[{"@type":"NewsArticle","@id":"https:\/\/www.gaveanews.com\/index.php\/2025\/02\/14\/oportunidades-na-temporada-declaracao-de-muller-e-as-contratacoes-do-brasileirao-serie-a-as-ultimas-noticias-do-sao-paulo\/#article","isPartOf":{"@id":"https:\/\/www.gaveanews.com\/index.php\/2025\/02\/14\/oportunidades-na-temporada-declaracao-de-muller-e-as-contratacoes-do-brasileirao-serie-a-as-ultimas-noticias-do-sao-paulo\/"},"author":{"name":"Matheus Felipe","@id":"https:\/\/www.gaveanews.com\/#\/schema\/person\/8207cd4627f56151707418bfc835b2fb"},"headline":"Oportunidades na temporada, declara\u00e7\u00e3o de M\u00fcller e as contrata\u00e7\u00f5es do Brasileir\u00e3o S\u00e9rie A\u00a0: as \u00faltimas not\u00edcias do S\u00e3o Paulo","datePublished":"2025-02-14T09:30:00+00:00","mainEntityOfPage":{"@id":"https:\/\/www.gaveanews.com\/index.php\/2025\/02\/14\/oportunidades-na-temporada-declaracao-de-muller-e-as-contratacoes-do-brasileirao-serie-a-as-ultimas-noticias-do-sao-paulo\/"},"wordCount":920,"commentCount":0,"image":{"@id":"https:\/\/www.gaveanews.com\/index.php\/2025\/02\/14\/oportunidades-na-temporada-declaracao-de-muller-e-as-contratacoes-do-brasileirao-serie-a-as-ultimas-noticias-do-sao-paulo\/#primaryimage"},"thumbnailUrl":"https:\/\/www.gaveanews.com\/wp-content\/uploads\/Bandeira-do-Sao-Paulo-no-Morumbis-em-2024.webp","articleSection":["S\u00e3o Paulo"],"inLanguage":"pt-BR","potentialAction":[{"@type":"CommentAction","name":"Comment","target":["https:\/\/www.gaveanews.com\/index.php\/2025\/02\/14\/oportunidades-na-temporada-declaracao-de-muller-e-as-contratacoes-do-brasileirao-serie-a-as-ultimas-noticias-do-sao-paulo\/#respond"]}],"copyrightYear":"2025","copyrightHolder":{"@id":"https:\/\/www.gaveanews.com\/#organization"}},{"@type":"WebPage","@id":"https:\/\/www.gaveanews.com\/index.php\/2025\/02\/14\/oportunidades-na-temporada-declaracao-de-muller-e-as-contratacoes-do-brasileirao-serie-a-as-ultimas-noticias-do-sao-paulo\/","url":"https:\/\/www.gaveanews.com\/index.php\/2025\/02\/14\/oportunidades-na-temporada-declaracao-de-muller-e-as-contratacoes-do-brasileirao-serie-a-as-ultimas-noticias-do-sao-paulo\/","name":"Oportunidades na temporada, declara\u00e7\u00e3o de M\u00fcller e as contrata\u00e7\u00f5es do Brasileir\u00e3o S\u00e9rie A\u00a0: as \u00faltimas not\u00edcias do S\u00e3o Paulo","isPartOf":{"@id":"https:\/\/www.gaveanews.com\/#website"},"primaryImageOfPage":{"@id":"https:\/\/www.gaveanews.com\/index.php\/2025\/02\/14\/oportunidades-na-temporada-declaracao-de-muller-e-as-contratacoes-do-brasileirao-serie-a-as-ultimas-noticias-do-sao-paulo\/#primaryimage"},"image":{"@id":"https:\/\/www.gaveanews.com\/index.php\/2025\/02\/14\/oportunidades-na-temporada-declaracao-de-muller-e-as-contratacoes-do-brasileirao-serie-a-as-ultimas-noticias-do-sao-paulo\/#primaryimage"},"thumbnailUrl":"https:\/\/www.gaveanews.com\/wp-content\/uploads\/Bandeira-do-Sao-Paulo-no-Morumbis-em-2024.webp","datePublished":"2025-02-14T09:30:00+00:00","author":{"@id":"https:\/\/www.gaveanews.com\/#\/schema\/person\/8207cd4627f56151707418bfc835b2fb"},"breadcrumb":{"@id":"https:\/\/www.gaveanews.com\/index.php\/2025\/02\/14\/oportunidades-na-temporada-declaracao-de-muller-e-as-contratacoes-do-brasileirao-serie-a-as-ultimas-noticias-do-sao-paulo\/#breadcrumb"},"inLanguage":"pt-BR","potentialAction":[{"@type":"ReadAction","target":["https:\/\/www.gaveanews.com\/index.php\/2025\/02\/14\/oportunidades-na-temporada-declaracao-de-muller-e-as-contratacoes-do-brasileirao-serie-a-as-ultimas-noticias-do-sao-paulo\/"]}]},{"@type":"ImageObject","inLanguage":"pt-BR","@id":"https:\/\/www.gaveanews.com\/index.php\/2025\/02\/14\/oportunidades-na-temporada-declaracao-de-muller-e-as-contratacoes-do-brasileirao-serie-a-as-ultimas-noticias-do-sao-paulo\/#primaryimage","url":"https:\/\/www.gaveanews.com\/wp-content\/uploads\/Bandeira-do-Sao-Paulo-no-Morumbis-em-2024.webp","contentUrl":"https:\/\/www.gaveanews.com\/wp-content\/uploads\/Bandeira-do-Sao-Paulo-no-Morumbis-em-2024.webp","width":1000,"height":667,"caption":"Bandeira do S\u00e3o Paulo no Morumbis em 2024 (Foto: Reprodu\u00e7\u00e3o\/S\u00e3o Paulo)"},{"@type":"BreadcrumbList","@id":"https:\/\/www.gaveanews.com\/index.php\/2025\/02\/14\/oportunidades-na-temporada-declaracao-de-muller-e-as-contratacoes-do-brasileirao-serie-a-as-ultimas-noticias-do-sao-paulo\/#breadcrumb","itemListElement":[{"@type":"ListItem","position":1,"name":"Home","item":"https:\/\/www.gaveanews.com\/"},{"@type":"ListItem","position":2,"name":"Oportunidades na temporada, declara\u00e7\u00e3o de M\u00fcller e as contrata\u00e7\u00f5es do Brasileir\u00e3o S\u00e9rie A\u00a0: as \u00faltimas not\u00edcias do S\u00e3o Paulo"}]},{"@type":"WebSite","@id":"https:\/\/www.gaveanews.com\/#website","url":"https:\/\/www.gaveanews.com\/","name":"G\u00e1vea News","description":"Veja todas as not\u00edcias sobre o Flamengo: Contrata\u00e7\u00f5es, categorias de base, resultados das partidas, tabela de classifica\u00e7\u00e3o, pr\u00f3ximos jogos!","potentialAction":[{"@type":"SearchAction","target":{"@type":"EntryPoint","urlTemplate":"https:\/\/www.gaveanews.com\/?s={search_term_string}"},"query-input":{"@type":"PropertyValueSpecification","valueRequired":true,"valueName":"search_term_string"}}],"inLanguage":"pt-BR"},{"@type":"Person","@id":"https:\/\/www.gaveanews.com\/#\/schema\/person\/8207cd4627f56151707418bfc835b2fb","name":"Matheus Felipe","image":{"@type":"ImageObject","inLanguage":"pt-BR","@id":"https:\/\/www.gaveanews.com\/#\/schema\/person\/image\/","url":"https:\/\/secure.gravatar.com\/avatar\/a452ffbed9130f726358b298bb3a99ce4bd3c5338411f8440e87e14d74c7c087?s=96&d=mm&r=g","contentUrl":"https:\/\/secure.gravatar.com\/avatar\/a452ffbed9130f726358b298bb3a99ce4bd3c5338411f8440e87e14d74c7c087?s=96&d=mm&r=g","caption":"Matheus Felipe"}}]}},"_links":{"self":[{"href":"https:\/\/www.gaveanews.com\/index.php\/wp-json\/wp\/v2\/posts\/227664","targetHints":{"allow":["GET"]}}],"collection":[{"href":"https:\/\/www.gaveanews.com\/index.php\/wp-json\/wp\/v2\/posts"}],"about":[{"href":"https:\/\/www.gaveanews.com\/index.php\/wp-json\/wp\/v2\/types\/post"}],"author":[{"embeddable":true,"href":"https:\/\/www.gaveanews.com\/index.php\/wp-json\/wp\/v2\/users\/27"}],"replies":[{"embeddable":true,"href":"https:\/\/www.gaveanews.com\/index.php\/wp-json\/wp\/v2\/comments?post=227664"}],"version-history":[{"count":1,"href":"https:\/\/www.gaveanews.com\/index.php\/wp-json\/wp\/v2\/posts\/227664\/revisions"}],"predecessor-version":[{"id":227700,"href":"https:\/\/www.gaveanews.com\/index.php\/wp-json\/wp\/v2\/posts\/227664\/revisions\/227700"}],"wp:featuredmedia":[{"embeddable":true,"href":"https:\/\/www.gaveanews.com\/index.php\/wp-json\/wp\/v2\/media\/154249"}],"wp:attachment":[{"href":"https:\/\/www.gaveanews.com\/index.php\/wp-json\/wp\/v2\/media?parent=227664"}],"wp:term":[{"taxonomy":"category","embeddable":true,"href":"https:\/\/www.gaveanews.com\/index.php\/wp-json\/wp\/v2\/categories?post=227664"},{"taxonomy":"post_tag","embeddable":true,"href":"https:\/\/www.gaveanews.com\/index.php\/wp-json\/wp\/v2\/tags?post=227664"}],"curies":[{"name":"wp","href":"https:\/\/api.w.org\/{rel}","templated":true}]}}