{"id":227670,"date":"2025-02-14T06:35:00","date_gmt":"2025-02-14T09:35:00","guid":{"rendered":"https:\/\/www.gaveanews.com\/?p=227670"},"modified":"2025-02-14T04:57:23","modified_gmt":"2025-02-14T07:57:23","slug":"declaracao-de-lucas-pedrosa-situacao-de-rony-e-as-contratacoes-do-brasileirao-serie-a-as-ultimas-noticias-do-vasco","status":"publish","type":"post","link":"https:\/\/www.gaveanews.com\/index.php\/2025\/02\/14\/declaracao-de-lucas-pedrosa-situacao-de-rony-e-as-contratacoes-do-brasileirao-serie-a-as-ultimas-noticias-do-vasco\/","title":{"rendered":"Declara\u00e7\u00e3o de Lucas Pedrosa, situa\u00e7\u00e3o de Rony e as contrata\u00e7\u00f5es do Brasileir\u00e3o S\u00e9rie A: as \u00faltimas not\u00edcias do Vasco"},"content":{"rendered":"\n<p>Nas \u00faltimas horas, o foco das not\u00edcias sobre o Vasco se concentram nos bastidores do clube, com destaques do dia a dia do time.<\/p>\n\n\n\n<p>Por conta deste contexto, leia abaixo um resumo preparado pela equipe do portal G\u00e1vea News para lhe manter muito bem informado!<\/p>\n\n\n\n<h2 class=\"wp-block-heading\" id=\"h-as-contratacoes-do-brasileirao-serie-a\">As contrata\u00e7\u00f5es do Brasileir\u00e3o S\u00e9rie A<\/h2>\n\n\n\n<p>Os clubes da S\u00e9rie A do Brasileir\u00e3o 2025 continuam se refor\u00e7ando para aumentar o n\u00edvel da competi\u00e7\u00e3o. O Cruzeiro foi um dos times mais ativos, acertando a contrata\u00e7\u00e3o de Fabr\u00edcio Bruno, zagueiro revelado pelo clube, que retorna ap\u00f3s passagem pelo Flamengo em uma negocia\u00e7\u00e3o de R$ 44 milh\u00f5es. Al\u00e9m dele, a Raposa garantiu Fagner, lateral-direito vindo do Corinthians, por empr\u00e9stimo at\u00e9 o final de 2025, consolidando assim sua defesa com nomes experientes. J\u00e1 o Vasco trouxe Tch\u00ea Tch\u00ea, ex-Botafogo, para qualificar seu meio-campo e dar mais dinamismo ao setor <strong><a href=\"https:\/\/www.gaveanews.com\/index.php\/2025\/02\/11\/fagner-fabricio-bruno-fernando-sobral-wellington-rato-gabriel-veron-johan-carbonero-hereda-tche-tche-reinaldo-e-ewerthon-as-contratacoes-do-brasileirao-serie-a-2025\/\">(leia a mat\u00e9ria completa).<\/a><\/strong><\/p>\n\n\n\n<figure class=\"wp-block-image size-full\"><img loading=\"lazy\" decoding=\"async\" width=\"1000\" height=\"667\" src=\"http:\/\/www.gaveanews.com\/wp-content\/uploads\/Taca-do-Campeonato-Brasileiro.webp\" alt=\"\" class=\"wp-image-86017\" srcset=\"https:\/\/www.gaveanews.com\/wp-content\/uploads\/Taca-do-Campeonato-Brasileiro.webp 1000w, https:\/\/www.gaveanews.com\/wp-content\/uploads\/Taca-do-Campeonato-Brasileiro-300x200.webp 300w, https:\/\/www.gaveanews.com\/wp-content\/uploads\/Taca-do-Campeonato-Brasileiro-768x512.webp 768w, https:\/\/www.gaveanews.com\/wp-content\/uploads\/Taca-do-Campeonato-Brasileiro-630x420.webp 630w, https:\/\/www.gaveanews.com\/wp-content\/uploads\/Taca-do-Campeonato-Brasileiro-640x427.webp 640w, https:\/\/www.gaveanews.com\/wp-content\/uploads\/Taca-do-Campeonato-Brasileiro-681x454.webp 681w, https:\/\/www.gaveanews.com\/wp-content\/uploads\/Taca-do-Campeonato-Brasileiro-100x67.webp 100w\" sizes=\"auto, (max-width: 1000px) 100vw, 1000px\" \/><figcaption class=\"wp-element-caption\">Ta\u00e7a do Campeonato Brasileiro (Foto: Lucas Figueiredo\/CBF)<\/figcaption><\/figure>\n\n\n\n<p>O Santos tamb\u00e9m se movimentou e acertou o empr\u00e9stimo de Gabriel Veron, atacante do Porto, visando resgatar o talento do jovem revelado pelo Palmeiras. <\/p>\n\n\n\n<p>O Internacional buscou refor\u00e7o no mercado argentino e fechou com Johan Carbonero, atacante emprestado pelo Racing, com op\u00e7\u00e3o de compra. O Vit\u00f3ria contratou Wellington Rato, ex-S\u00e3o Paulo, por R$ 5 milh\u00f5es, enquanto o Cear\u00e1 acertou o retorno do volante Fernando Sobral, emprestado pelo Cuiab\u00e1 at\u00e9 2025, apostando em nomes conhecidos para fortalecer seu elenco.<\/p>\n\n\n\n<p>Outros times tamb\u00e9m buscaram solu\u00e7\u00f5es para suas necessidades. O Juventude renovou com o lateral-direito Ewerthon, emprestado pelo Sport, e o Mirassol trouxe o veterano Reinaldo, que n\u00e3o renovou com o Gr\u00eamio. O Sport, por sua vez, contratou Hereda, lateral-direito do CRB, por empr\u00e9stimo. Essas movimenta\u00e7\u00f5es evidenciam a busca das equipes por equil\u00edbrio entre juventude e experi\u00eancia, visando um campeonato ainda mais competitivo em 2025.<\/p>\n\n\n\n<h2 class=\"wp-block-heading\" id=\"h-situacao-de-rony\">Situa\u00e7\u00e3o de Rony<\/h2>\n\n\n\n<p>O Palmeiras definiu o valor de 6 milh\u00f5es de euros (cerca de R$ 35,8 milh\u00f5es) como pre\u00e7o m\u00ednimo para negociar o atacante Rony, que desperta interesse de Vasco e Atl\u00e9tico-MG. A sa\u00edda do jogador \u00e9 vista como parte do processo de reformula\u00e7\u00e3o do elenco alviverde, especialmente ap\u00f3s a confirma\u00e7\u00e3o de que Abel Ferreira deixar\u00e1 o comando do time no fim de 2025. A diretoria, liderada por Leila Pereira e Anderson Barros, prioriza a proposta mais vantajosa financeiramente, sem prefer\u00eancia pelo destino do atleta <strong><a href=\"https:\/\/www.gaveanews.com\/index.php\/2025\/02\/11\/veja-quanto-o-palmeiras-pede-para-vender-rony-alvo-de-vasco-e-atletico-mg\/\">(leia a mat\u00e9ria completa).<\/a><\/strong><\/p>\n\n\n\n<figure class=\"wp-block-image size-full\"><img loading=\"lazy\" decoding=\"async\" width=\"729\" height=\"400\" src=\"http:\/\/www.gaveanews.com\/wp-content\/uploads\/rony-no-palmeiras-729x400-1.webp\" alt=\"\" class=\"wp-image-143006\" srcset=\"https:\/\/www.gaveanews.com\/wp-content\/uploads\/rony-no-palmeiras-729x400-1.webp 729w, https:\/\/www.gaveanews.com\/wp-content\/uploads\/rony-no-palmeiras-729x400-1-300x165.webp 300w, https:\/\/www.gaveanews.com\/wp-content\/uploads\/rony-no-palmeiras-729x400-1-640x350.webp 640w, https:\/\/www.gaveanews.com\/wp-content\/uploads\/rony-no-palmeiras-729x400-1-681x374.webp 681w, https:\/\/www.gaveanews.com\/wp-content\/uploads\/rony-no-palmeiras-729x400-1-100x55.webp 100w\" sizes=\"auto, (max-width: 729px) 100vw, 729px\" \/><\/figure>\n\n\n\n<p>O Atl\u00e9tico-MG aparece \u00e0 frente na disputa, j\u00e1 que o t\u00e9cnico Cuca entrou em contato diretamente com Rony para convenc\u00ea-lo a se transferir, destacando que o atacante formaria dupla ofensiva ao lado de Hulk. O Vasco, por sua vez, ainda est\u00e1 em fase inicial de negocia\u00e7\u00f5es, mas busca refor\u00e7ar seu ataque, que conta com nomes como Vegetti, Philippe Coutinho e Payet, visando uma temporada competitiva.<\/p>\n\n\n\n<p>Diante do ambiente inst\u00e1vel no Palmeiras e do desgaste entre Rony e parte da diretoria, a sa\u00edda do jogador parece encaminhada, dependendo apenas do atendimento \u00e0s exig\u00eancias financeiras do clube. A tend\u00eancia \u00e9 que a defini\u00e7\u00e3o sobre o futuro do camisa 10 ocorra nas pr\u00f3ximas semanas, com o Verd\u00e3o demonstrando disposi\u00e7\u00e3o em liberar o atacante desde que os valores sejam respeitados.<\/p>\n\n\n\n<h2 class=\"wp-block-heading\" id=\"h-declaracao-de-lucas-pedrosa\">Declara\u00e7\u00e3o de Lucas Pedrosa<\/h2>\n\n\n\n<p>O presidente do Vasco, Pedrinho, revelou durante o sorteio da Copa do Brasil que o clube possui um or\u00e7amento limitado para contrata\u00e7\u00f5es em 2025, girando em torno de 5 milh\u00f5es de d\u00f3lares. Ele explicou que, diante desse cen\u00e1rio financeiro restrito, busca alternativas para trazer refor\u00e7os de peso, como foi o caso da tentativa frustrada de contratar o atacante Bruma. Pedrinho destacou que negocia\u00e7\u00f5es com jogadores de alto n\u00edvel exigem criatividade na estrutura\u00e7\u00e3o dos pagamentos, dividindo os valores em parcelas ao longo dos anos <strong><a href=\"https:\/\/www.gaveanews.com\/index.php\/2025\/02\/10\/video-a-declaracao-de-lucas-pedrosa-envolvendo-pedrinho-do-vasco\/\">(leia a mat\u00e9ria completa).<\/a><\/strong><\/p>\n\n\n\n<figure class=\"wp-block-image size-full\"><img loading=\"lazy\" decoding=\"async\" width=\"1024\" height=\"562\" src=\"http:\/\/www.gaveanews.com\/wp-content\/uploads\/Pedrinho-presidente-do-Vasco.webp\" alt=\"\" class=\"wp-image-146559\" srcset=\"https:\/\/www.gaveanews.com\/wp-content\/uploads\/Pedrinho-presidente-do-Vasco.webp 1024w, https:\/\/www.gaveanews.com\/wp-content\/uploads\/Pedrinho-presidente-do-Vasco-300x165.webp 300w, https:\/\/www.gaveanews.com\/wp-content\/uploads\/Pedrinho-presidente-do-Vasco-768x422.webp 768w, https:\/\/www.gaveanews.com\/wp-content\/uploads\/Pedrinho-presidente-do-Vasco-765x420.webp 765w, https:\/\/www.gaveanews.com\/wp-content\/uploads\/Pedrinho-presidente-do-Vasco-640x350.webp 640w, https:\/\/www.gaveanews.com\/wp-content\/uploads\/Pedrinho-presidente-do-Vasco-681x374.webp 681w, https:\/\/www.gaveanews.com\/wp-content\/uploads\/Pedrinho-presidente-do-Vasco-1022x562.webp 1022w, https:\/\/www.gaveanews.com\/wp-content\/uploads\/Pedrinho-presidente-do-Vasco-100x55.webp 100w\" sizes=\"auto, (max-width: 1024px) 100vw, 1024px\" \/><figcaption class=\"wp-element-caption\">Pedrinho, presidente do Vasco (Foto: Reprodu\u00e7\u00e3o\/Vasco TV)<\/figcaption><\/figure>\n\n\n\n<p>At\u00e9 o momento, o clube carioca contratou cinco refor\u00e7os sem custos com direitos econ\u00f4micos, mas deseja utilizar parte do valor dispon\u00edvel para elevar a qualidade do elenco. Um dos nomes sondados \u00e9 o atacante Rony, do Palmeiras, que tamb\u00e9m interessou a Santos e Fluminense, mas seu sal\u00e1rio de R$ 1,6 milh\u00e3o mensal tem dificultado um acerto. O jornalista Lucas Pedrosa concordou com a an\u00e1lise do presidente vasca\u00edno e refor\u00e7ou a necessidade da equipe investir em um ponta para aumentar suas op\u00e7\u00f5es ofensivas.<\/p>\n\n\n\n<p>Dentro de campo, o Vasco busca reagir no Campeonato Carioca ap\u00f3s perder por 2 a 1 para o Fluminense. O time volta a atuar nesta segunda-feira (10), contra o Sampaio Corr\u00eaa, precisando do resultado positivo para se manter vivo na briga pelas primeiras posi\u00e7\u00f5es. Paralelamente, a estreia na Copa do Brasil ser\u00e1 diante do Uni\u00e3o Rondon\u00f3polis, em um confronto onde a diretoria espera que at\u00e9 l\u00e1 o grupo j\u00e1 conte com novos refor\u00e7os.<\/p>\n","protected":false},"excerpt":{"rendered":"<p>Nas \u00faltimas horas, o foco das not\u00edcias sobre o Vasco se concentram nos bastidores do clube, com destaques do dia a dia do time. Por conta deste contexto, leia abaixo um resumo preparado pela equipe do portal G\u00e1vea News para lhe manter muito bem informado! As contrata\u00e7\u00f5es do Brasileir\u00e3o S\u00e9rie A Os clubes da S\u00e9rie [&hellip;]<\/p>\n","protected":false},"author":27,"featured_media":157096,"comment_status":"open","ping_status":"closed","sticky":false,"template":"","format":"standard","meta":{"footnotes":""},"categories":[152],"tags":[],"class_list":["post-227670","post","type-post","status-publish","format-standard","has-post-thumbnail","hentry","category-vasco"],"yoast_head":"<!-- This site is optimized with the Yoast SEO Premium plugin v24.2 (Yoast SEO v26.9) - https:\/\/yoast.com\/product\/yoast-seo-premium-wordpress\/ -->\n<title>Declara\u00e7\u00e3o de Lucas Pedrosa, situa\u00e7\u00e3o de Rony e as contrata\u00e7\u00f5es do Brasileir\u00e3o S\u00e9rie A: as \u00faltimas not\u00edcias do Vasco<\/title>\n<meta name=\"robots\" content=\"index, follow, max-snippet:-1, max-image-preview:large, max-video-preview:-1\" \/>\n<link rel=\"canonical\" href=\"https:\/\/www.gaveanews.com\/index.php\/2025\/02\/14\/declaracao-de-lucas-pedrosa-situacao-de-rony-e-as-contratacoes-do-brasileirao-serie-a-as-ultimas-noticias-do-vasco\/\" \/>\n<meta property=\"og:locale\" content=\"pt_BR\" \/>\n<meta property=\"og:type\" content=\"article\" \/>\n<meta property=\"og:title\" content=\"Declara\u00e7\u00e3o de Lucas Pedrosa, situa\u00e7\u00e3o de Rony e as contrata\u00e7\u00f5es do Brasileir\u00e3o S\u00e9rie A: as \u00faltimas not\u00edcias do Vasco\" \/>\n<meta property=\"og:description\" content=\"Nas \u00faltimas horas, o foco das not\u00edcias sobre o Vasco se concentram nos bastidores do clube, com destaques do dia a dia do time. Por conta deste contexto, leia abaixo um resumo preparado pela equipe do portal G\u00e1vea News para lhe manter muito bem informado! As contrata\u00e7\u00f5es do Brasileir\u00e3o S\u00e9rie A Os clubes da S\u00e9rie [&hellip;]\" \/>\n<meta property=\"og:url\" content=\"https:\/\/www.gaveanews.com\/index.php\/2025\/02\/14\/declaracao-de-lucas-pedrosa-situacao-de-rony-e-as-contratacoes-do-brasileirao-serie-a-as-ultimas-noticias-do-vasco\/\" \/>\n<meta property=\"og:site_name\" content=\"G\u00e1vea News\" \/>\n<meta property=\"article:publisher\" content=\"https:\/\/facebook.com\/gaveaNews\/\" \/>\n<meta property=\"article:published_time\" content=\"2025-02-14T09:35:00+00:00\" \/>\n<meta property=\"og:image\" content=\"https:\/\/www.gaveanews.com\/wp-content\/uploads\/Jogadores-do-Vasco-durante-partida-contra-o-Atletico-GO-pela-Copa-do-Brasil-2024.webp\" \/>\n\t<meta property=\"og:image:width\" content=\"1440\" \/>\n\t<meta property=\"og:image:height\" content=\"960\" \/>\n\t<meta property=\"og:image:type\" content=\"image\/jpeg\" \/>\n<meta name=\"author\" content=\"Matheus Felipe\" \/>\n<meta name=\"twitter:card\" content=\"summary_large_image\" \/>\n<meta name=\"twitter:label1\" content=\"Escrito por\" \/>\n\t<meta name=\"twitter:data1\" content=\"Matheus Felipe\" \/>\n\t<meta name=\"twitter:label2\" content=\"Est. tempo de leitura\" \/>\n\t<meta name=\"twitter:data2\" content=\"6 minutos\" \/>\n<script type=\"application\/ld+json\" class=\"yoast-schema-graph\">{\"@context\":\"https:\/\/schema.org\",\"@graph\":[{\"@type\":\"NewsArticle\",\"@id\":\"https:\/\/www.gaveanews.com\/index.php\/2025\/02\/14\/declaracao-de-lucas-pedrosa-situacao-de-rony-e-as-contratacoes-do-brasileirao-serie-a-as-ultimas-noticias-do-vasco\/#article\",\"isPartOf\":{\"@id\":\"https:\/\/www.gaveanews.com\/index.php\/2025\/02\/14\/declaracao-de-lucas-pedrosa-situacao-de-rony-e-as-contratacoes-do-brasileirao-serie-a-as-ultimas-noticias-do-vasco\/\"},\"author\":{\"name\":\"Matheus Felipe\",\"@id\":\"https:\/\/www.gaveanews.com\/#\/schema\/person\/8207cd4627f56151707418bfc835b2fb\"},\"headline\":\"Declara\u00e7\u00e3o de Lucas Pedrosa, situa\u00e7\u00e3o de Rony e as contrata\u00e7\u00f5es do Brasileir\u00e3o S\u00e9rie A: as \u00faltimas not\u00edcias do Vasco\",\"datePublished\":\"2025-02-14T09:35:00+00:00\",\"mainEntityOfPage\":{\"@id\":\"https:\/\/www.gaveanews.com\/index.php\/2025\/02\/14\/declaracao-de-lucas-pedrosa-situacao-de-rony-e-as-contratacoes-do-brasileirao-serie-a-as-ultimas-noticias-do-vasco\/\"},\"wordCount\":856,\"commentCount\":0,\"image\":{\"@id\":\"https:\/\/www.gaveanews.com\/index.php\/2025\/02\/14\/declaracao-de-lucas-pedrosa-situacao-de-rony-e-as-contratacoes-do-brasileirao-serie-a-as-ultimas-noticias-do-vasco\/#primaryimage\"},\"thumbnailUrl\":\"https:\/\/www.gaveanews.com\/wp-content\/uploads\/Jogadores-do-Vasco-durante-partida-contra-o-Atletico-GO-pela-Copa-do-Brasil-2024.webp\",\"articleSection\":[\"Vasco\"],\"inLanguage\":\"pt-BR\",\"potentialAction\":[{\"@type\":\"CommentAction\",\"name\":\"Comment\",\"target\":[\"https:\/\/www.gaveanews.com\/index.php\/2025\/02\/14\/declaracao-de-lucas-pedrosa-situacao-de-rony-e-as-contratacoes-do-brasileirao-serie-a-as-ultimas-noticias-do-vasco\/#respond\"]}],\"copyrightYear\":\"2025\",\"copyrightHolder\":{\"@id\":\"https:\/\/www.gaveanews.com\/#organization\"}},{\"@type\":\"WebPage\",\"@id\":\"https:\/\/www.gaveanews.com\/index.php\/2025\/02\/14\/declaracao-de-lucas-pedrosa-situacao-de-rony-e-as-contratacoes-do-brasileirao-serie-a-as-ultimas-noticias-do-vasco\/\",\"url\":\"https:\/\/www.gaveanews.com\/index.php\/2025\/02\/14\/declaracao-de-lucas-pedrosa-situacao-de-rony-e-as-contratacoes-do-brasileirao-serie-a-as-ultimas-noticias-do-vasco\/\",\"name\":\"Declara\u00e7\u00e3o de Lucas Pedrosa, situa\u00e7\u00e3o de Rony e as contrata\u00e7\u00f5es do Brasileir\u00e3o S\u00e9rie A: as \u00faltimas not\u00edcias do Vasco\",\"isPartOf\":{\"@id\":\"https:\/\/www.gaveanews.com\/#website\"},\"primaryImageOfPage\":{\"@id\":\"https:\/\/www.gaveanews.com\/index.php\/2025\/02\/14\/declaracao-de-lucas-pedrosa-situacao-de-rony-e-as-contratacoes-do-brasileirao-serie-a-as-ultimas-noticias-do-vasco\/#primaryimage\"},\"image\":{\"@id\":\"https:\/\/www.gaveanews.com\/index.php\/2025\/02\/14\/declaracao-de-lucas-pedrosa-situacao-de-rony-e-as-contratacoes-do-brasileirao-serie-a-as-ultimas-noticias-do-vasco\/#primaryimage\"},\"thumbnailUrl\":\"https:\/\/www.gaveanews.com\/wp-content\/uploads\/Jogadores-do-Vasco-durante-partida-contra-o-Atletico-GO-pela-Copa-do-Brasil-2024.webp\",\"datePublished\":\"2025-02-14T09:35:00+00:00\",\"author\":{\"@id\":\"https:\/\/www.gaveanews.com\/#\/schema\/person\/8207cd4627f56151707418bfc835b2fb\"},\"breadcrumb\":{\"@id\":\"https:\/\/www.gaveanews.com\/index.php\/2025\/02\/14\/declaracao-de-lucas-pedrosa-situacao-de-rony-e-as-contratacoes-do-brasileirao-serie-a-as-ultimas-noticias-do-vasco\/#breadcrumb\"},\"inLanguage\":\"pt-BR\",\"potentialAction\":[{\"@type\":\"ReadAction\",\"target\":[\"https:\/\/www.gaveanews.com\/index.php\/2025\/02\/14\/declaracao-de-lucas-pedrosa-situacao-de-rony-e-as-contratacoes-do-brasileirao-serie-a-as-ultimas-noticias-do-vasco\/\"]}]},{\"@type\":\"ImageObject\",\"inLanguage\":\"pt-BR\",\"@id\":\"https:\/\/www.gaveanews.com\/index.php\/2025\/02\/14\/declaracao-de-lucas-pedrosa-situacao-de-rony-e-as-contratacoes-do-brasileirao-serie-a-as-ultimas-noticias-do-vasco\/#primaryimage\",\"url\":\"https:\/\/www.gaveanews.com\/wp-content\/uploads\/Jogadores-do-Vasco-durante-partida-contra-o-Atletico-GO-pela-Copa-do-Brasil-2024.webp\",\"contentUrl\":\"https:\/\/www.gaveanews.com\/wp-content\/uploads\/Jogadores-do-Vasco-durante-partida-contra-o-Atletico-GO-pela-Copa-do-Brasil-2024.webp\",\"width\":1440,\"height\":960,\"caption\":\"Jogadores do Vasco durante partida contra o Atletico-GO pela Copa do Brasil 2024 (Foto: Reprodu\u00e7\u00e3o\/Instagram)\"},{\"@type\":\"BreadcrumbList\",\"@id\":\"https:\/\/www.gaveanews.com\/index.php\/2025\/02\/14\/declaracao-de-lucas-pedrosa-situacao-de-rony-e-as-contratacoes-do-brasileirao-serie-a-as-ultimas-noticias-do-vasco\/#breadcrumb\",\"itemListElement\":[{\"@type\":\"ListItem\",\"position\":1,\"name\":\"Home\",\"item\":\"https:\/\/www.gaveanews.com\/\"},{\"@type\":\"ListItem\",\"position\":2,\"name\":\"Declara\u00e7\u00e3o de Lucas Pedrosa, situa\u00e7\u00e3o de Rony e as contrata\u00e7\u00f5es do Brasileir\u00e3o S\u00e9rie A: as \u00faltimas not\u00edcias do Vasco\"}]},{\"@type\":\"WebSite\",\"@id\":\"https:\/\/www.gaveanews.com\/#website\",\"url\":\"https:\/\/www.gaveanews.com\/\",\"name\":\"G\u00e1vea News\",\"description\":\"Veja todas as not\u00edcias sobre o Flamengo: Contrata\u00e7\u00f5es, categorias de base, resultados das partidas, tabela de classifica\u00e7\u00e3o, pr\u00f3ximos jogos!\",\"potentialAction\":[{\"@type\":\"SearchAction\",\"target\":{\"@type\":\"EntryPoint\",\"urlTemplate\":\"https:\/\/www.gaveanews.com\/?s={search_term_string}\"},\"query-input\":{\"@type\":\"PropertyValueSpecification\",\"valueRequired\":true,\"valueName\":\"search_term_string\"}}],\"inLanguage\":\"pt-BR\"},{\"@type\":\"Person\",\"@id\":\"https:\/\/www.gaveanews.com\/#\/schema\/person\/8207cd4627f56151707418bfc835b2fb\",\"name\":\"Matheus Felipe\",\"image\":{\"@type\":\"ImageObject\",\"inLanguage\":\"pt-BR\",\"@id\":\"https:\/\/www.gaveanews.com\/#\/schema\/person\/image\/\",\"url\":\"https:\/\/secure.gravatar.com\/avatar\/a452ffbed9130f726358b298bb3a99ce4bd3c5338411f8440e87e14d74c7c087?s=96&d=mm&r=g\",\"contentUrl\":\"https:\/\/secure.gravatar.com\/avatar\/a452ffbed9130f726358b298bb3a99ce4bd3c5338411f8440e87e14d74c7c087?s=96&d=mm&r=g\",\"caption\":\"Matheus Felipe\"}}]}<\/script>\n<!-- \/ Yoast SEO Premium plugin. -->","yoast_head_json":{"title":"Declara\u00e7\u00e3o de Lucas Pedrosa, situa\u00e7\u00e3o de Rony e as contrata\u00e7\u00f5es do Brasileir\u00e3o S\u00e9rie A: as \u00faltimas not\u00edcias do Vasco","robots":{"index":"index","follow":"follow","max-snippet":"max-snippet:-1","max-image-preview":"max-image-preview:large","max-video-preview":"max-video-preview:-1"},"canonical":"https:\/\/www.gaveanews.com\/index.php\/2025\/02\/14\/declaracao-de-lucas-pedrosa-situacao-de-rony-e-as-contratacoes-do-brasileirao-serie-a-as-ultimas-noticias-do-vasco\/","og_locale":"pt_BR","og_type":"article","og_title":"Declara\u00e7\u00e3o de Lucas Pedrosa, situa\u00e7\u00e3o de Rony e as contrata\u00e7\u00f5es do Brasileir\u00e3o S\u00e9rie A: as \u00faltimas not\u00edcias do Vasco","og_description":"Nas \u00faltimas horas, o foco das not\u00edcias sobre o Vasco se concentram nos bastidores do clube, com destaques do dia a dia do time. Por conta deste contexto, leia abaixo um resumo preparado pela equipe do portal G\u00e1vea News para lhe manter muito bem informado! As contrata\u00e7\u00f5es do Brasileir\u00e3o S\u00e9rie A Os clubes da S\u00e9rie [&hellip;]","og_url":"https:\/\/www.gaveanews.com\/index.php\/2025\/02\/14\/declaracao-de-lucas-pedrosa-situacao-de-rony-e-as-contratacoes-do-brasileirao-serie-a-as-ultimas-noticias-do-vasco\/","og_site_name":"G\u00e1vea News","article_publisher":"https:\/\/facebook.com\/gaveaNews\/","article_published_time":"2025-02-14T09:35:00+00:00","og_image":[{"width":1440,"height":960,"url":"https:\/\/www.gaveanews.com\/wp-content\/uploads\/Jogadores-do-Vasco-durante-partida-contra-o-Atletico-GO-pela-Copa-do-Brasil-2024.webp","type":"image\/jpeg"}],"author":"Matheus Felipe","twitter_card":"summary_large_image","twitter_misc":{"Escrito por":"Matheus Felipe","Est. tempo de leitura":"6 minutos"},"schema":{"@context":"https:\/\/schema.org","@graph":[{"@type":"NewsArticle","@id":"https:\/\/www.gaveanews.com\/index.php\/2025\/02\/14\/declaracao-de-lucas-pedrosa-situacao-de-rony-e-as-contratacoes-do-brasileirao-serie-a-as-ultimas-noticias-do-vasco\/#article","isPartOf":{"@id":"https:\/\/www.gaveanews.com\/index.php\/2025\/02\/14\/declaracao-de-lucas-pedrosa-situacao-de-rony-e-as-contratacoes-do-brasileirao-serie-a-as-ultimas-noticias-do-vasco\/"},"author":{"name":"Matheus Felipe","@id":"https:\/\/www.gaveanews.com\/#\/schema\/person\/8207cd4627f56151707418bfc835b2fb"},"headline":"Declara\u00e7\u00e3o de Lucas Pedrosa, situa\u00e7\u00e3o de Rony e as contrata\u00e7\u00f5es do Brasileir\u00e3o S\u00e9rie A: as \u00faltimas not\u00edcias do Vasco","datePublished":"2025-02-14T09:35:00+00:00","mainEntityOfPage":{"@id":"https:\/\/www.gaveanews.com\/index.php\/2025\/02\/14\/declaracao-de-lucas-pedrosa-situacao-de-rony-e-as-contratacoes-do-brasileirao-serie-a-as-ultimas-noticias-do-vasco\/"},"wordCount":856,"commentCount":0,"image":{"@id":"https:\/\/www.gaveanews.com\/index.php\/2025\/02\/14\/declaracao-de-lucas-pedrosa-situacao-de-rony-e-as-contratacoes-do-brasileirao-serie-a-as-ultimas-noticias-do-vasco\/#primaryimage"},"thumbnailUrl":"https:\/\/www.gaveanews.com\/wp-content\/uploads\/Jogadores-do-Vasco-durante-partida-contra-o-Atletico-GO-pela-Copa-do-Brasil-2024.webp","articleSection":["Vasco"],"inLanguage":"pt-BR","potentialAction":[{"@type":"CommentAction","name":"Comment","target":["https:\/\/www.gaveanews.com\/index.php\/2025\/02\/14\/declaracao-de-lucas-pedrosa-situacao-de-rony-e-as-contratacoes-do-brasileirao-serie-a-as-ultimas-noticias-do-vasco\/#respond"]}],"copyrightYear":"2025","copyrightHolder":{"@id":"https:\/\/www.gaveanews.com\/#organization"}},{"@type":"WebPage","@id":"https:\/\/www.gaveanews.com\/index.php\/2025\/02\/14\/declaracao-de-lucas-pedrosa-situacao-de-rony-e-as-contratacoes-do-brasileirao-serie-a-as-ultimas-noticias-do-vasco\/","url":"https:\/\/www.gaveanews.com\/index.php\/2025\/02\/14\/declaracao-de-lucas-pedrosa-situacao-de-rony-e-as-contratacoes-do-brasileirao-serie-a-as-ultimas-noticias-do-vasco\/","name":"Declara\u00e7\u00e3o de Lucas Pedrosa, situa\u00e7\u00e3o de Rony e as contrata\u00e7\u00f5es do Brasileir\u00e3o S\u00e9rie A: as \u00faltimas not\u00edcias do Vasco","isPartOf":{"@id":"https:\/\/www.gaveanews.com\/#website"},"primaryImageOfPage":{"@id":"https:\/\/www.gaveanews.com\/index.php\/2025\/02\/14\/declaracao-de-lucas-pedrosa-situacao-de-rony-e-as-contratacoes-do-brasileirao-serie-a-as-ultimas-noticias-do-vasco\/#primaryimage"},"image":{"@id":"https:\/\/www.gaveanews.com\/index.php\/2025\/02\/14\/declaracao-de-lucas-pedrosa-situacao-de-rony-e-as-contratacoes-do-brasileirao-serie-a-as-ultimas-noticias-do-vasco\/#primaryimage"},"thumbnailUrl":"https:\/\/www.gaveanews.com\/wp-content\/uploads\/Jogadores-do-Vasco-durante-partida-contra-o-Atletico-GO-pela-Copa-do-Brasil-2024.webp","datePublished":"2025-02-14T09:35:00+00:00","author":{"@id":"https:\/\/www.gaveanews.com\/#\/schema\/person\/8207cd4627f56151707418bfc835b2fb"},"breadcrumb":{"@id":"https:\/\/www.gaveanews.com\/index.php\/2025\/02\/14\/declaracao-de-lucas-pedrosa-situacao-de-rony-e-as-contratacoes-do-brasileirao-serie-a-as-ultimas-noticias-do-vasco\/#breadcrumb"},"inLanguage":"pt-BR","potentialAction":[{"@type":"ReadAction","target":["https:\/\/www.gaveanews.com\/index.php\/2025\/02\/14\/declaracao-de-lucas-pedrosa-situacao-de-rony-e-as-contratacoes-do-brasileirao-serie-a-as-ultimas-noticias-do-vasco\/"]}]},{"@type":"ImageObject","inLanguage":"pt-BR","@id":"https:\/\/www.gaveanews.com\/index.php\/2025\/02\/14\/declaracao-de-lucas-pedrosa-situacao-de-rony-e-as-contratacoes-do-brasileirao-serie-a-as-ultimas-noticias-do-vasco\/#primaryimage","url":"https:\/\/www.gaveanews.com\/wp-content\/uploads\/Jogadores-do-Vasco-durante-partida-contra-o-Atletico-GO-pela-Copa-do-Brasil-2024.webp","contentUrl":"https:\/\/www.gaveanews.com\/wp-content\/uploads\/Jogadores-do-Vasco-durante-partida-contra-o-Atletico-GO-pela-Copa-do-Brasil-2024.webp","width":1440,"height":960,"caption":"Jogadores do Vasco durante partida contra o Atletico-GO pela Copa do Brasil 2024 (Foto: Reprodu\u00e7\u00e3o\/Instagram)"},{"@type":"BreadcrumbList","@id":"https:\/\/www.gaveanews.com\/index.php\/2025\/02\/14\/declaracao-de-lucas-pedrosa-situacao-de-rony-e-as-contratacoes-do-brasileirao-serie-a-as-ultimas-noticias-do-vasco\/#breadcrumb","itemListElement":[{"@type":"ListItem","position":1,"name":"Home","item":"https:\/\/www.gaveanews.com\/"},{"@type":"ListItem","position":2,"name":"Declara\u00e7\u00e3o de Lucas Pedrosa, situa\u00e7\u00e3o de Rony e as contrata\u00e7\u00f5es do Brasileir\u00e3o S\u00e9rie A: as \u00faltimas not\u00edcias do Vasco"}]},{"@type":"WebSite","@id":"https:\/\/www.gaveanews.com\/#website","url":"https:\/\/www.gaveanews.com\/","name":"G\u00e1vea News","description":"Veja todas as not\u00edcias sobre o Flamengo: Contrata\u00e7\u00f5es, categorias de base, resultados das partidas, tabela de classifica\u00e7\u00e3o, pr\u00f3ximos jogos!","potentialAction":[{"@type":"SearchAction","target":{"@type":"EntryPoint","urlTemplate":"https:\/\/www.gaveanews.com\/?s={search_term_string}"},"query-input":{"@type":"PropertyValueSpecification","valueRequired":true,"valueName":"search_term_string"}}],"inLanguage":"pt-BR"},{"@type":"Person","@id":"https:\/\/www.gaveanews.com\/#\/schema\/person\/8207cd4627f56151707418bfc835b2fb","name":"Matheus Felipe","image":{"@type":"ImageObject","inLanguage":"pt-BR","@id":"https:\/\/www.gaveanews.com\/#\/schema\/person\/image\/","url":"https:\/\/secure.gravatar.com\/avatar\/a452ffbed9130f726358b298bb3a99ce4bd3c5338411f8440e87e14d74c7c087?s=96&d=mm&r=g","contentUrl":"https:\/\/secure.gravatar.com\/avatar\/a452ffbed9130f726358b298bb3a99ce4bd3c5338411f8440e87e14d74c7c087?s=96&d=mm&r=g","caption":"Matheus Felipe"}}]}},"_links":{"self":[{"href":"https:\/\/www.gaveanews.com\/index.php\/wp-json\/wp\/v2\/posts\/227670","targetHints":{"allow":["GET"]}}],"collection":[{"href":"https:\/\/www.gaveanews.com\/index.php\/wp-json\/wp\/v2\/posts"}],"about":[{"href":"https:\/\/www.gaveanews.com\/index.php\/wp-json\/wp\/v2\/types\/post"}],"author":[{"embeddable":true,"href":"https:\/\/www.gaveanews.com\/index.php\/wp-json\/wp\/v2\/users\/27"}],"replies":[{"embeddable":true,"href":"https:\/\/www.gaveanews.com\/index.php\/wp-json\/wp\/v2\/comments?post=227670"}],"version-history":[{"count":1,"href":"https:\/\/www.gaveanews.com\/index.php\/wp-json\/wp\/v2\/posts\/227670\/revisions"}],"predecessor-version":[{"id":227706,"href":"https:\/\/www.gaveanews.com\/index.php\/wp-json\/wp\/v2\/posts\/227670\/revisions\/227706"}],"wp:featuredmedia":[{"embeddable":true,"href":"https:\/\/www.gaveanews.com\/index.php\/wp-json\/wp\/v2\/media\/157096"}],"wp:attachment":[{"href":"https:\/\/www.gaveanews.com\/index.php\/wp-json\/wp\/v2\/media?parent=227670"}],"wp:term":[{"taxonomy":"category","embeddable":true,"href":"https:\/\/www.gaveanews.com\/index.php\/wp-json\/wp\/v2\/categories?post=227670"},{"taxonomy":"post_tag","embeddable":true,"href":"https:\/\/www.gaveanews.com\/index.php\/wp-json\/wp\/v2\/tags?post=227670"}],"curies":[{"name":"wp","href":"https:\/\/api.w.org\/{rel}","templated":true}]}}