{"id":227674,"date":"2025-02-14T06:40:00","date_gmt":"2025-02-14T09:40:00","guid":{"rendered":"https:\/\/www.gaveanews.com\/?p=227674"},"modified":"2025-02-14T05:16:03","modified_gmt":"2025-02-14T08:16:03","slug":"negociacoes-intensas-publicacao-da-fifa-e-eclaracao-de-gabriel-veron-as-ultimas-noticias-do-santos","status":"publish","type":"post","link":"https:\/\/www.gaveanews.com\/index.php\/2025\/02\/14\/negociacoes-intensas-publicacao-da-fifa-e-eclaracao-de-gabriel-veron-as-ultimas-noticias-do-santos\/","title":{"rendered":"Negocia\u00e7\u00f5es intensas, publica\u00e7\u00e3o da FIFA e eclara\u00e7\u00e3o de Gabriel Veron: as \u00faltimas not\u00edcias do Santos"},"content":{"rendered":"\n<p>Nas \u00faltimas horas, o foco das not\u00edcias sobre o Santos se concentram nos bastidores do clube, com destaques do dia a dia do time.<\/p>\n\n\n\n<p>Por conta deste contexto, leia abaixo um resumo preparado pela equipe do portal G\u00e1vea News para lhe manter muito bem informado!<\/p>\n\n\n\n<h2 class=\"wp-block-heading\" id=\"h-declaracao-de-gabriel-veron\">Declara\u00e7\u00e3o de Gabriel Veron<\/h2>\n\n\n\n<p>Gabriel Veron foi oficialmente apresentado como refor\u00e7o do Santos e demonstrou entusiasmo em vestir a camisa do clube da Vila Belmiro. O atacante de 22 anos, que chega por empr\u00e9stimo do Porto, de Portugal, destacou que vive o &#8220;melhor momento da carreira&#8221;, apesar do hist\u00f3rico de les\u00f5es. Durante a apresenta\u00e7\u00e3o, revelou que precisou passar por um per\u00edodo de fisioterapia para tratar um desequil\u00edbrio muscular, mas afirmou estar pr\u00f3ximo de ficar \u00e0 disposi\u00e7\u00e3o do t\u00e9cnico Pedro Caixinha. Al\u00e9m disso, expressou motiva\u00e7\u00e3o extra por ter Neymar como companheiro de equipe, assumindo o compromisso de &#8220;correr por ele&#8221; em campo <strong><a href=\"https:\/\/www.gaveanews.com\/index.php\/2025\/02\/11\/a-declaracao-de-gabriel-veron-envolvendo-o-cruzeiro-durante-apresentacao-no-santos\/\">(leia a mat\u00e9ria completa).<\/a><\/strong><\/p>\n\n\n\n<figure class=\"wp-block-image size-full\"><img loading=\"lazy\" decoding=\"async\" width=\"828\" height=\"925\" src=\"http:\/\/www.gaveanews.com\/wp-content\/uploads\/Gabriel-Veron-apresentado-pelo-Santos.webp\" alt=\"\" class=\"wp-image-226426\"\/><figcaption class=\"wp-element-caption\">Gabriel Veron apresentado pelo Santos (Foto: Raul Baretta \/ Santos)<\/figcaption><\/figure>\n\n\n\n<p>Veron tamb\u00e9m fez uma men\u00e7\u00e3o ao Cruzeiro, clube onde esteve emprestado antes de acertar com o Santos. Ele explicou que, na equipe mineira, precisou realizar o mesmo tipo de trabalho f\u00edsico inicial, por\u00e9m acredita que o processo de adapta\u00e7\u00e3o agora ser\u00e1 mais r\u00e1pido. <\/p>\n\n\n\n<p>Pela Raposa, o atacante disputou 36 partidas, marcou seis gols e deu duas assist\u00eancias, desempenho que o recolocou em evid\u00eancia no mercado brasileiro e despertou o interesse do Peixe.<\/p>\n\n\n\n<p>No Santos, Veron se junta a um grupo que recebeu refor\u00e7os de peso para 2025, incluindo Neymar, Thaciano e Tiquinho Soares no ataque, al\u00e9m dos defensores Luis\u00e3o, Z\u00e9 Ivaldo e L\u00e9o Godoy. A diretoria busca equilibrar experi\u00eancia e juventude para reerguer a equipe, e o ex-Palmeiras chega como aposta para retomar o brilho que demonstrou no in\u00edcio da carreira, quando era apontado como uma das grandes promessas do futebol brasileiro.<\/p>\n\n\n\n<h2 class=\"wp-block-heading\" id=\"h-publicacao-da-fifa\">Publica\u00e7\u00e3o da FIFA<\/h2>\n\n\n\n<p>A FIFA fez uma publica\u00e7\u00e3o em suas redes sociais exaltando Neymar, do Santos, destacando o talento do atacante com a frase \u201cPinpoint Control\u201d (controle preciso). A imagem utilizada pela entidade foi registrada durante a Copa do Mundo de 2014, quando Neymar era a principal esperan\u00e7a da Sele\u00e7\u00e3o Brasileira, mas ficou fora da fat\u00eddica derrota por 7 a 1 contra a Alemanha devido a uma les\u00e3o. O post reacendeu a lembran\u00e7a da import\u00e2ncia do camisa 10 para o futebol mundial e refor\u00e7ou sua busca por mais um ciclo vitorioso com a Sele\u00e7\u00e3o<strong><a href=\"https:\/\/www.gaveanews.com\/index.php\/2025\/02\/11\/fifa-faz-publicacao-direcionada-a-neymar-do-santos\/\"> (leia a mat\u00e9ria completa).<\/a><\/strong><\/p>\n\n\n\n<figure class=\"wp-block-image size-full\"><img loading=\"lazy\" decoding=\"async\" width=\"573\" height=\"636\" src=\"http:\/\/www.gaveanews.com\/wp-content\/uploads\/Neymar-volta-ao-Santos.webp\" alt=\"\" class=\"wp-image-221593\"\/><figcaption class=\"wp-element-caption\">Neymar volta ao Santos (Foto: GuilhermeKastner \/ Santos FC)<\/figcaption><\/figure>\n\n\n\n<p>De volta ao Santos, Neymar deixou claro que seu retorno ao futebol brasileiro tem dois objetivos principais: recuperar sua forma f\u00edsica ap\u00f3s sucessivas les\u00f5es e reencontrar a felicidade dentro de campo. Por\u00e9m, al\u00e9m disso, o craque j\u00e1 estabeleceu uma meta maior: a Copa do Mundo de 2026. Ciente de que o torneio pode ser sua \u00faltima chance de conquistar o t\u00edtulo que ainda falta em sua carreira, ele pretende dedicar todos os seus esfor\u00e7os para liderar o Brasil rumo ao hexacampeonato.<\/p>\n\n\n\n<p>Aos 34 anos em 2026, Neymar ter\u00e1 a experi\u00eancia e o protagonismo de quem j\u00e1 disputou tr\u00eas Mundiais. A Sele\u00e7\u00e3o Brasileira, por\u00e9m, vive um momento de instabilidade e questionamentos por parte da torcida. Mesmo assim, o atacante acredita que pode fazer a diferen\u00e7a, e sua prepara\u00e7\u00e3o f\u00edsica e mental nos pr\u00f3ximos meses ser\u00e1 determinante para tentar encerrar sua trajet\u00f3ria na equipe nacional com uma conquista hist\u00f3rica.<\/p>\n\n\n\n<h2 class=\"wp-block-heading\" id=\"h-negociacoes-intensas\">Negocia\u00e7\u00f5es intensas<\/h2>\n\n\n\n<p>O Santos e o Internacional avan\u00e7am nas negocia\u00e7\u00f5es para viabilizar o retorno do volante Thiago Maia \u00e0 Vila Belmiro, em um poss\u00edvel acordo que pode envolver a ida de Sandry ao clube ga\u00facho. O jogador, de 27 anos, manifestou o desejo de voltar ao time que o revelou, especialmente ap\u00f3s a chegada de Neymar, que reacendeu o entusiasmo no ambiente santista. Thiago Maia tem v\u00ednculo com o Internacional, mas o clube do Rio Grande do Sul possui pend\u00eancias financeiras com o Flamengo, o que complicava sua libera\u00e7\u00e3o. O Santos, no entanto, se mostrou disposto a assumir essa d\u00edvida, aproximando as partes de um desfecho positivo<strong><a href=\"https:\/\/www.gaveanews.com\/index.php\/2025\/02\/11\/santos-e-internacional-podem-fazer-troca-de-jogadores\/\"> (leia a mat\u00e9ria completa).<\/a><\/strong><\/p>\n\n\n\n<figure class=\"wp-block-image size-full\"><img loading=\"lazy\" decoding=\"async\" width=\"774\" height=\"508\" src=\"http:\/\/www.gaveanews.com\/wp-content\/uploads\/Thiago-Maia-em-acao-pelo-Internacional.webp\" alt=\"\" class=\"wp-image-169849\" srcset=\"https:\/\/www.gaveanews.com\/wp-content\/uploads\/Thiago-Maia-em-acao-pelo-Internacional.webp 774w, https:\/\/www.gaveanews.com\/wp-content\/uploads\/Thiago-Maia-em-acao-pelo-Internacional-300x197.webp 300w, https:\/\/www.gaveanews.com\/wp-content\/uploads\/Thiago-Maia-em-acao-pelo-Internacional-768x504.webp 768w, https:\/\/www.gaveanews.com\/wp-content\/uploads\/Thiago-Maia-em-acao-pelo-Internacional-640x420.webp 640w, https:\/\/www.gaveanews.com\/wp-content\/uploads\/Thiago-Maia-em-acao-pelo-Internacional-681x447.webp 681w, https:\/\/www.gaveanews.com\/wp-content\/uploads\/Thiago-Maia-em-acao-pelo-Internacional-100x66.webp 100w\" sizes=\"auto, (max-width: 774px) 100vw, 774px\" \/><figcaption class=\"wp-element-caption\">Thiago Maia em a\u00e7\u00e3o pelo Internacional (Foto: Divulga\u00e7\u00e3o\/Internacional)<\/figcaption><\/figure>\n\n\n\n<p>A negocia\u00e7\u00e3o envolve valores considerados altos, j\u00e1 que o Inter tem uma d\u00edvida de 4 milh\u00f5es de euros com o Flamengo e pede mais 2,5 milh\u00f5es de euros pela libera\u00e7\u00e3o do volante. Mesmo sem ter alcan\u00e7ado os montantes exigidos, o Santos ofereceu Sandry por empr\u00e9stimo como parte do neg\u00f3cio, e essa possibilidade est\u00e1 sendo analisada pela diretoria colorada. Thiago Maia, que disputou 122 partidas e marcou quatro gols em sua primeira passagem pelo Peixe, v\u00ea o retorno como uma oportunidade para recuperar o protagonismo e reviver sua melhor fase no futebol brasileiro.<\/p>\n\n\n\n<p>O Santos, focado em fortalecer seu elenco para a temporada, aposta na volta do meio-campista como um refor\u00e7o estrat\u00e9gico para dar mais solidez ao setor central da equipe. O clube busca se reestruturar esportivamente ap\u00f3s o retorno de Neymar e a negocia\u00e7\u00e3o por Thiago Maia refor\u00e7a a inten\u00e7\u00e3o de montar um time competitivo para as competi\u00e7\u00f5es de 2025. A expectativa \u00e9 que nos pr\u00f3ximos dias o desfecho das tratativas seja definido, com o poss\u00edvel an\u00fancio do retorno do volante \u00e0 Vila Belmiro.<\/p>\n","protected":false},"excerpt":{"rendered":"<p>Nas \u00faltimas horas, o foco das not\u00edcias sobre o Santos se concentram nos bastidores do clube, com destaques do dia a dia do time. Por conta deste contexto, leia abaixo um resumo preparado pela equipe do portal G\u00e1vea News para lhe manter muito bem informado! Declara\u00e7\u00e3o de Gabriel Veron Gabriel Veron foi oficialmente apresentado como [&hellip;]<\/p>\n","protected":false},"author":27,"featured_media":147446,"comment_status":"open","ping_status":"closed","sticky":false,"template":"","format":"standard","meta":{"footnotes":""},"categories":[139],"tags":[],"class_list":["post-227674","post","type-post","status-publish","format-standard","has-post-thumbnail","hentry","category-santos"],"yoast_head":"<!-- This site is optimized with the Yoast SEO Premium plugin v24.2 (Yoast SEO v26.9) - https:\/\/yoast.com\/product\/yoast-seo-premium-wordpress\/ -->\n<title>Negocia\u00e7\u00f5es intensas, publica\u00e7\u00e3o da FIFA e eclara\u00e7\u00e3o de Gabriel Veron: as \u00faltimas not\u00edcias do Santos<\/title>\n<meta name=\"robots\" content=\"index, follow, max-snippet:-1, max-image-preview:large, max-video-preview:-1\" \/>\n<link rel=\"canonical\" href=\"https:\/\/www.gaveanews.com\/index.php\/2025\/02\/14\/negociacoes-intensas-publicacao-da-fifa-e-eclaracao-de-gabriel-veron-as-ultimas-noticias-do-santos\/\" \/>\n<meta property=\"og:locale\" content=\"pt_BR\" \/>\n<meta property=\"og:type\" content=\"article\" \/>\n<meta property=\"og:title\" content=\"Negocia\u00e7\u00f5es intensas, publica\u00e7\u00e3o da FIFA e eclara\u00e7\u00e3o de Gabriel Veron: as \u00faltimas not\u00edcias do Santos\" \/>\n<meta property=\"og:description\" content=\"Nas \u00faltimas horas, o foco das not\u00edcias sobre o Santos se concentram nos bastidores do clube, com destaques do dia a dia do time. Por conta deste contexto, leia abaixo um resumo preparado pela equipe do portal G\u00e1vea News para lhe manter muito bem informado! Declara\u00e7\u00e3o de Gabriel Veron Gabriel Veron foi oficialmente apresentado como [&hellip;]\" \/>\n<meta property=\"og:url\" content=\"https:\/\/www.gaveanews.com\/index.php\/2025\/02\/14\/negociacoes-intensas-publicacao-da-fifa-e-eclaracao-de-gabriel-veron-as-ultimas-noticias-do-santos\/\" \/>\n<meta property=\"og:site_name\" content=\"G\u00e1vea News\" \/>\n<meta property=\"article:publisher\" content=\"https:\/\/facebook.com\/gaveaNews\/\" \/>\n<meta property=\"article:published_time\" content=\"2025-02-14T09:40:00+00:00\" \/>\n<meta property=\"og:image\" content=\"https:\/\/www.gaveanews.com\/wp-content\/uploads\/Escudo-do-Santos.webp\" \/>\n\t<meta property=\"og:image:width\" content=\"1621\" \/>\n\t<meta property=\"og:image:height\" content=\"1081\" \/>\n\t<meta property=\"og:image:type\" content=\"image\/webp\" \/>\n<meta name=\"author\" content=\"Matheus Felipe\" \/>\n<meta name=\"twitter:card\" content=\"summary_large_image\" \/>\n<meta name=\"twitter:label1\" content=\"Escrito por\" \/>\n\t<meta name=\"twitter:data1\" content=\"Matheus Felipe\" \/>\n\t<meta name=\"twitter:label2\" content=\"Est. tempo de leitura\" \/>\n\t<meta name=\"twitter:data2\" content=\"6 minutos\" \/>\n<script type=\"application\/ld+json\" class=\"yoast-schema-graph\">{\"@context\":\"https:\/\/schema.org\",\"@graph\":[{\"@type\":\"NewsArticle\",\"@id\":\"https:\/\/www.gaveanews.com\/index.php\/2025\/02\/14\/negociacoes-intensas-publicacao-da-fifa-e-eclaracao-de-gabriel-veron-as-ultimas-noticias-do-santos\/#article\",\"isPartOf\":{\"@id\":\"https:\/\/www.gaveanews.com\/index.php\/2025\/02\/14\/negociacoes-intensas-publicacao-da-fifa-e-eclaracao-de-gabriel-veron-as-ultimas-noticias-do-santos\/\"},\"author\":{\"name\":\"Matheus Felipe\",\"@id\":\"https:\/\/www.gaveanews.com\/#\/schema\/person\/8207cd4627f56151707418bfc835b2fb\"},\"headline\":\"Negocia\u00e7\u00f5es intensas, publica\u00e7\u00e3o da FIFA e eclara\u00e7\u00e3o de Gabriel Veron: as \u00faltimas not\u00edcias do Santos\",\"datePublished\":\"2025-02-14T09:40:00+00:00\",\"mainEntityOfPage\":{\"@id\":\"https:\/\/www.gaveanews.com\/index.php\/2025\/02\/14\/negociacoes-intensas-publicacao-da-fifa-e-eclaracao-de-gabriel-veron-as-ultimas-noticias-do-santos\/\"},\"wordCount\":937,\"commentCount\":0,\"image\":{\"@id\":\"https:\/\/www.gaveanews.com\/index.php\/2025\/02\/14\/negociacoes-intensas-publicacao-da-fifa-e-eclaracao-de-gabriel-veron-as-ultimas-noticias-do-santos\/#primaryimage\"},\"thumbnailUrl\":\"https:\/\/www.gaveanews.com\/wp-content\/uploads\/Escudo-do-Santos.webp\",\"articleSection\":[\"Santos\"],\"inLanguage\":\"pt-BR\",\"potentialAction\":[{\"@type\":\"CommentAction\",\"name\":\"Comment\",\"target\":[\"https:\/\/www.gaveanews.com\/index.php\/2025\/02\/14\/negociacoes-intensas-publicacao-da-fifa-e-eclaracao-de-gabriel-veron-as-ultimas-noticias-do-santos\/#respond\"]}],\"copyrightYear\":\"2025\",\"copyrightHolder\":{\"@id\":\"https:\/\/www.gaveanews.com\/#organization\"}},{\"@type\":\"WebPage\",\"@id\":\"https:\/\/www.gaveanews.com\/index.php\/2025\/02\/14\/negociacoes-intensas-publicacao-da-fifa-e-eclaracao-de-gabriel-veron-as-ultimas-noticias-do-santos\/\",\"url\":\"https:\/\/www.gaveanews.com\/index.php\/2025\/02\/14\/negociacoes-intensas-publicacao-da-fifa-e-eclaracao-de-gabriel-veron-as-ultimas-noticias-do-santos\/\",\"name\":\"Negocia\u00e7\u00f5es intensas, publica\u00e7\u00e3o da FIFA e eclara\u00e7\u00e3o de Gabriel Veron: as \u00faltimas not\u00edcias do Santos\",\"isPartOf\":{\"@id\":\"https:\/\/www.gaveanews.com\/#website\"},\"primaryImageOfPage\":{\"@id\":\"https:\/\/www.gaveanews.com\/index.php\/2025\/02\/14\/negociacoes-intensas-publicacao-da-fifa-e-eclaracao-de-gabriel-veron-as-ultimas-noticias-do-santos\/#primaryimage\"},\"image\":{\"@id\":\"https:\/\/www.gaveanews.com\/index.php\/2025\/02\/14\/negociacoes-intensas-publicacao-da-fifa-e-eclaracao-de-gabriel-veron-as-ultimas-noticias-do-santos\/#primaryimage\"},\"thumbnailUrl\":\"https:\/\/www.gaveanews.com\/wp-content\/uploads\/Escudo-do-Santos.webp\",\"datePublished\":\"2025-02-14T09:40:00+00:00\",\"author\":{\"@id\":\"https:\/\/www.gaveanews.com\/#\/schema\/person\/8207cd4627f56151707418bfc835b2fb\"},\"breadcrumb\":{\"@id\":\"https:\/\/www.gaveanews.com\/index.php\/2025\/02\/14\/negociacoes-intensas-publicacao-da-fifa-e-eclaracao-de-gabriel-veron-as-ultimas-noticias-do-santos\/#breadcrumb\"},\"inLanguage\":\"pt-BR\",\"potentialAction\":[{\"@type\":\"ReadAction\",\"target\":[\"https:\/\/www.gaveanews.com\/index.php\/2025\/02\/14\/negociacoes-intensas-publicacao-da-fifa-e-eclaracao-de-gabriel-veron-as-ultimas-noticias-do-santos\/\"]}]},{\"@type\":\"ImageObject\",\"inLanguage\":\"pt-BR\",\"@id\":\"https:\/\/www.gaveanews.com\/index.php\/2025\/02\/14\/negociacoes-intensas-publicacao-da-fifa-e-eclaracao-de-gabriel-veron-as-ultimas-noticias-do-santos\/#primaryimage\",\"url\":\"https:\/\/www.gaveanews.com\/wp-content\/uploads\/Escudo-do-Santos.webp\",\"contentUrl\":\"https:\/\/www.gaveanews.com\/wp-content\/uploads\/Escudo-do-Santos.webp\",\"width\":1621,\"height\":1081,\"caption\":\"Escudo do Santos (Foto: Reprodu\u00e7\u00e3o\/Instagram)\"},{\"@type\":\"BreadcrumbList\",\"@id\":\"https:\/\/www.gaveanews.com\/index.php\/2025\/02\/14\/negociacoes-intensas-publicacao-da-fifa-e-eclaracao-de-gabriel-veron-as-ultimas-noticias-do-santos\/#breadcrumb\",\"itemListElement\":[{\"@type\":\"ListItem\",\"position\":1,\"name\":\"Home\",\"item\":\"https:\/\/www.gaveanews.com\/\"},{\"@type\":\"ListItem\",\"position\":2,\"name\":\"Negocia\u00e7\u00f5es intensas, publica\u00e7\u00e3o da FIFA e eclara\u00e7\u00e3o de Gabriel Veron: as \u00faltimas not\u00edcias do Santos\"}]},{\"@type\":\"WebSite\",\"@id\":\"https:\/\/www.gaveanews.com\/#website\",\"url\":\"https:\/\/www.gaveanews.com\/\",\"name\":\"G\u00e1vea News\",\"description\":\"Veja todas as not\u00edcias sobre o Flamengo: Contrata\u00e7\u00f5es, categorias de base, resultados das partidas, tabela de classifica\u00e7\u00e3o, pr\u00f3ximos jogos!\",\"potentialAction\":[{\"@type\":\"SearchAction\",\"target\":{\"@type\":\"EntryPoint\",\"urlTemplate\":\"https:\/\/www.gaveanews.com\/?s={search_term_string}\"},\"query-input\":{\"@type\":\"PropertyValueSpecification\",\"valueRequired\":true,\"valueName\":\"search_term_string\"}}],\"inLanguage\":\"pt-BR\"},{\"@type\":\"Person\",\"@id\":\"https:\/\/www.gaveanews.com\/#\/schema\/person\/8207cd4627f56151707418bfc835b2fb\",\"name\":\"Matheus Felipe\",\"image\":{\"@type\":\"ImageObject\",\"inLanguage\":\"pt-BR\",\"@id\":\"https:\/\/www.gaveanews.com\/#\/schema\/person\/image\/\",\"url\":\"https:\/\/secure.gravatar.com\/avatar\/a452ffbed9130f726358b298bb3a99ce4bd3c5338411f8440e87e14d74c7c087?s=96&d=mm&r=g\",\"contentUrl\":\"https:\/\/secure.gravatar.com\/avatar\/a452ffbed9130f726358b298bb3a99ce4bd3c5338411f8440e87e14d74c7c087?s=96&d=mm&r=g\",\"caption\":\"Matheus Felipe\"}}]}<\/script>\n<!-- \/ Yoast SEO Premium plugin. -->","yoast_head_json":{"title":"Negocia\u00e7\u00f5es intensas, publica\u00e7\u00e3o da FIFA e eclara\u00e7\u00e3o de Gabriel Veron: as \u00faltimas not\u00edcias do Santos","robots":{"index":"index","follow":"follow","max-snippet":"max-snippet:-1","max-image-preview":"max-image-preview:large","max-video-preview":"max-video-preview:-1"},"canonical":"https:\/\/www.gaveanews.com\/index.php\/2025\/02\/14\/negociacoes-intensas-publicacao-da-fifa-e-eclaracao-de-gabriel-veron-as-ultimas-noticias-do-santos\/","og_locale":"pt_BR","og_type":"article","og_title":"Negocia\u00e7\u00f5es intensas, publica\u00e7\u00e3o da FIFA e eclara\u00e7\u00e3o de Gabriel Veron: as \u00faltimas not\u00edcias do Santos","og_description":"Nas \u00faltimas horas, o foco das not\u00edcias sobre o Santos se concentram nos bastidores do clube, com destaques do dia a dia do time. Por conta deste contexto, leia abaixo um resumo preparado pela equipe do portal G\u00e1vea News para lhe manter muito bem informado! Declara\u00e7\u00e3o de Gabriel Veron Gabriel Veron foi oficialmente apresentado como [&hellip;]","og_url":"https:\/\/www.gaveanews.com\/index.php\/2025\/02\/14\/negociacoes-intensas-publicacao-da-fifa-e-eclaracao-de-gabriel-veron-as-ultimas-noticias-do-santos\/","og_site_name":"G\u00e1vea News","article_publisher":"https:\/\/facebook.com\/gaveaNews\/","article_published_time":"2025-02-14T09:40:00+00:00","og_image":[{"width":1621,"height":1081,"url":"https:\/\/www.gaveanews.com\/wp-content\/uploads\/Escudo-do-Santos.webp","type":"image\/webp"}],"author":"Matheus Felipe","twitter_card":"summary_large_image","twitter_misc":{"Escrito por":"Matheus Felipe","Est. tempo de leitura":"6 minutos"},"schema":{"@context":"https:\/\/schema.org","@graph":[{"@type":"NewsArticle","@id":"https:\/\/www.gaveanews.com\/index.php\/2025\/02\/14\/negociacoes-intensas-publicacao-da-fifa-e-eclaracao-de-gabriel-veron-as-ultimas-noticias-do-santos\/#article","isPartOf":{"@id":"https:\/\/www.gaveanews.com\/index.php\/2025\/02\/14\/negociacoes-intensas-publicacao-da-fifa-e-eclaracao-de-gabriel-veron-as-ultimas-noticias-do-santos\/"},"author":{"name":"Matheus Felipe","@id":"https:\/\/www.gaveanews.com\/#\/schema\/person\/8207cd4627f56151707418bfc835b2fb"},"headline":"Negocia\u00e7\u00f5es intensas, publica\u00e7\u00e3o da FIFA e eclara\u00e7\u00e3o de Gabriel Veron: as \u00faltimas not\u00edcias do Santos","datePublished":"2025-02-14T09:40:00+00:00","mainEntityOfPage":{"@id":"https:\/\/www.gaveanews.com\/index.php\/2025\/02\/14\/negociacoes-intensas-publicacao-da-fifa-e-eclaracao-de-gabriel-veron-as-ultimas-noticias-do-santos\/"},"wordCount":937,"commentCount":0,"image":{"@id":"https:\/\/www.gaveanews.com\/index.php\/2025\/02\/14\/negociacoes-intensas-publicacao-da-fifa-e-eclaracao-de-gabriel-veron-as-ultimas-noticias-do-santos\/#primaryimage"},"thumbnailUrl":"https:\/\/www.gaveanews.com\/wp-content\/uploads\/Escudo-do-Santos.webp","articleSection":["Santos"],"inLanguage":"pt-BR","potentialAction":[{"@type":"CommentAction","name":"Comment","target":["https:\/\/www.gaveanews.com\/index.php\/2025\/02\/14\/negociacoes-intensas-publicacao-da-fifa-e-eclaracao-de-gabriel-veron-as-ultimas-noticias-do-santos\/#respond"]}],"copyrightYear":"2025","copyrightHolder":{"@id":"https:\/\/www.gaveanews.com\/#organization"}},{"@type":"WebPage","@id":"https:\/\/www.gaveanews.com\/index.php\/2025\/02\/14\/negociacoes-intensas-publicacao-da-fifa-e-eclaracao-de-gabriel-veron-as-ultimas-noticias-do-santos\/","url":"https:\/\/www.gaveanews.com\/index.php\/2025\/02\/14\/negociacoes-intensas-publicacao-da-fifa-e-eclaracao-de-gabriel-veron-as-ultimas-noticias-do-santos\/","name":"Negocia\u00e7\u00f5es intensas, publica\u00e7\u00e3o da FIFA e eclara\u00e7\u00e3o de Gabriel Veron: as \u00faltimas not\u00edcias do Santos","isPartOf":{"@id":"https:\/\/www.gaveanews.com\/#website"},"primaryImageOfPage":{"@id":"https:\/\/www.gaveanews.com\/index.php\/2025\/02\/14\/negociacoes-intensas-publicacao-da-fifa-e-eclaracao-de-gabriel-veron-as-ultimas-noticias-do-santos\/#primaryimage"},"image":{"@id":"https:\/\/www.gaveanews.com\/index.php\/2025\/02\/14\/negociacoes-intensas-publicacao-da-fifa-e-eclaracao-de-gabriel-veron-as-ultimas-noticias-do-santos\/#primaryimage"},"thumbnailUrl":"https:\/\/www.gaveanews.com\/wp-content\/uploads\/Escudo-do-Santos.webp","datePublished":"2025-02-14T09:40:00+00:00","author":{"@id":"https:\/\/www.gaveanews.com\/#\/schema\/person\/8207cd4627f56151707418bfc835b2fb"},"breadcrumb":{"@id":"https:\/\/www.gaveanews.com\/index.php\/2025\/02\/14\/negociacoes-intensas-publicacao-da-fifa-e-eclaracao-de-gabriel-veron-as-ultimas-noticias-do-santos\/#breadcrumb"},"inLanguage":"pt-BR","potentialAction":[{"@type":"ReadAction","target":["https:\/\/www.gaveanews.com\/index.php\/2025\/02\/14\/negociacoes-intensas-publicacao-da-fifa-e-eclaracao-de-gabriel-veron-as-ultimas-noticias-do-santos\/"]}]},{"@type":"ImageObject","inLanguage":"pt-BR","@id":"https:\/\/www.gaveanews.com\/index.php\/2025\/02\/14\/negociacoes-intensas-publicacao-da-fifa-e-eclaracao-de-gabriel-veron-as-ultimas-noticias-do-santos\/#primaryimage","url":"https:\/\/www.gaveanews.com\/wp-content\/uploads\/Escudo-do-Santos.webp","contentUrl":"https:\/\/www.gaveanews.com\/wp-content\/uploads\/Escudo-do-Santos.webp","width":1621,"height":1081,"caption":"Escudo do Santos (Foto: Reprodu\u00e7\u00e3o\/Instagram)"},{"@type":"BreadcrumbList","@id":"https:\/\/www.gaveanews.com\/index.php\/2025\/02\/14\/negociacoes-intensas-publicacao-da-fifa-e-eclaracao-de-gabriel-veron-as-ultimas-noticias-do-santos\/#breadcrumb","itemListElement":[{"@type":"ListItem","position":1,"name":"Home","item":"https:\/\/www.gaveanews.com\/"},{"@type":"ListItem","position":2,"name":"Negocia\u00e7\u00f5es intensas, publica\u00e7\u00e3o da FIFA e eclara\u00e7\u00e3o de Gabriel Veron: as \u00faltimas not\u00edcias do Santos"}]},{"@type":"WebSite","@id":"https:\/\/www.gaveanews.com\/#website","url":"https:\/\/www.gaveanews.com\/","name":"G\u00e1vea News","description":"Veja todas as not\u00edcias sobre o Flamengo: Contrata\u00e7\u00f5es, categorias de base, resultados das partidas, tabela de classifica\u00e7\u00e3o, pr\u00f3ximos jogos!","potentialAction":[{"@type":"SearchAction","target":{"@type":"EntryPoint","urlTemplate":"https:\/\/www.gaveanews.com\/?s={search_term_string}"},"query-input":{"@type":"PropertyValueSpecification","valueRequired":true,"valueName":"search_term_string"}}],"inLanguage":"pt-BR"},{"@type":"Person","@id":"https:\/\/www.gaveanews.com\/#\/schema\/person\/8207cd4627f56151707418bfc835b2fb","name":"Matheus Felipe","image":{"@type":"ImageObject","inLanguage":"pt-BR","@id":"https:\/\/www.gaveanews.com\/#\/schema\/person\/image\/","url":"https:\/\/secure.gravatar.com\/avatar\/a452ffbed9130f726358b298bb3a99ce4bd3c5338411f8440e87e14d74c7c087?s=96&d=mm&r=g","contentUrl":"https:\/\/secure.gravatar.com\/avatar\/a452ffbed9130f726358b298bb3a99ce4bd3c5338411f8440e87e14d74c7c087?s=96&d=mm&r=g","caption":"Matheus Felipe"}}]}},"_links":{"self":[{"href":"https:\/\/www.gaveanews.com\/index.php\/wp-json\/wp\/v2\/posts\/227674","targetHints":{"allow":["GET"]}}],"collection":[{"href":"https:\/\/www.gaveanews.com\/index.php\/wp-json\/wp\/v2\/posts"}],"about":[{"href":"https:\/\/www.gaveanews.com\/index.php\/wp-json\/wp\/v2\/types\/post"}],"author":[{"embeddable":true,"href":"https:\/\/www.gaveanews.com\/index.php\/wp-json\/wp\/v2\/users\/27"}],"replies":[{"embeddable":true,"href":"https:\/\/www.gaveanews.com\/index.php\/wp-json\/wp\/v2\/comments?post=227674"}],"version-history":[{"count":1,"href":"https:\/\/www.gaveanews.com\/index.php\/wp-json\/wp\/v2\/posts\/227674\/revisions"}],"predecessor-version":[{"id":227711,"href":"https:\/\/www.gaveanews.com\/index.php\/wp-json\/wp\/v2\/posts\/227674\/revisions\/227711"}],"wp:featuredmedia":[{"embeddable":true,"href":"https:\/\/www.gaveanews.com\/index.php\/wp-json\/wp\/v2\/media\/147446"}],"wp:attachment":[{"href":"https:\/\/www.gaveanews.com\/index.php\/wp-json\/wp\/v2\/media?parent=227674"}],"wp:term":[{"taxonomy":"category","embeddable":true,"href":"https:\/\/www.gaveanews.com\/index.php\/wp-json\/wp\/v2\/categories?post=227674"},{"taxonomy":"post_tag","embeddable":true,"href":"https:\/\/www.gaveanews.com\/index.php\/wp-json\/wp\/v2\/tags?post=227674"}],"curies":[{"name":"wp","href":"https:\/\/api.w.org\/{rel}","templated":true}]}}