{"id":227683,"date":"2025-02-14T06:45:00","date_gmt":"2025-02-14T09:45:00","guid":{"rendered":"https:\/\/www.gaveanews.com\/?p=227683"},"modified":"2025-02-14T05:20:33","modified_gmt":"2025-02-14T08:20:33","slug":"pedido-de-mano-menezes-situacao-de-jhon-arias-e-as-contratacoes-do-brasileirao-serie-a-as-ultimas-noticias-do-fluminense","status":"publish","type":"post","link":"https:\/\/www.gaveanews.com\/index.php\/2025\/02\/14\/pedido-de-mano-menezes-situacao-de-jhon-arias-e-as-contratacoes-do-brasileirao-serie-a-as-ultimas-noticias-do-fluminense\/","title":{"rendered":"Pedido de Mano Menezes, situa\u00e7\u00e3o de Jhon Arias e as contrata\u00e7\u00f5es do Brasileir\u00e3o S\u00e9rie A: as \u00faltimas not\u00edcias do Fluminense"},"content":{"rendered":"\n<p>Nas \u00faltimas horas, o foco das not\u00edcias sobre o Fluminense se concentram nos bastidores do clube, com destaques do dia a dia do time.<\/p>\n\n\n\n<p>Por conta deste contexto, leia abaixo um resumo preparado pela equipe do portal G\u00e1vea News para lhe manter muito bem informado!<\/p>\n\n\n\n<h2 class=\"wp-block-heading\" id=\"h-as-contratacoes-do-brasileirao-serie-a\">As contrata\u00e7\u00f5es do Brasileir\u00e3o S\u00e9rie A<\/h2>\n\n\n\n<p>Os clubes do Brasileir\u00e3o S\u00e9rie A 2025 seguem se movimentando no mercado de transfer\u00eancias para refor\u00e7ar seus elencos. O destaque ficou por conta do retorno de Neymar ao Santos, reacendendo o entusiasmo da torcida e aumentando o n\u00edvel t\u00e9cnico da competi\u00e7\u00e3o. Al\u00e9m dele, o Botafogo investiu R$ 62 milh\u00f5es na contrata\u00e7\u00e3o do atacante Artur, vindo do Zenit, enquanto o Bragantino desembolsou R$ 30 milh\u00f5es para adquirir o paraguaio Isidro Pitta, visando fortalecer seu setor ofensivo. J\u00e1 o Atl\u00e9tico-MG acertou com Gabriel Menino, envolvido na negocia\u00e7\u00e3o que levou Paulinho ao Palmeiras<strong><a href=\"https:\/\/www.gaveanews.com\/index.php\/2025\/02\/10\/neymar-david-martins-gabriel-menino-artur-isidro-pitta-dieguinho-christian-juninho-lavega-e-dylan-borrero-as-contratacoes-do-brasileirao-serie-a-2025\/\"> (leia a mat\u00e9ria completa).<\/a><\/strong><\/p>\n\n\n\n<figure class=\"wp-block-image size-full\"><img loading=\"lazy\" decoding=\"async\" width=\"1000\" height=\"598\" src=\"http:\/\/www.gaveanews.com\/wp-content\/uploads\/Tacas-do-Campeonato-Brasileiro.webp\" alt=\"\" class=\"wp-image-163855\" srcset=\"https:\/\/www.gaveanews.com\/wp-content\/uploads\/Tacas-do-Campeonato-Brasileiro.webp 1000w, https:\/\/www.gaveanews.com\/wp-content\/uploads\/Tacas-do-Campeonato-Brasileiro-300x179.webp 300w, https:\/\/www.gaveanews.com\/wp-content\/uploads\/Tacas-do-Campeonato-Brasileiro-768x459.webp 768w, https:\/\/www.gaveanews.com\/wp-content\/uploads\/Tacas-do-Campeonato-Brasileiro-702x420.webp 702w, https:\/\/www.gaveanews.com\/wp-content\/uploads\/Tacas-do-Campeonato-Brasileiro-640x383.webp 640w, https:\/\/www.gaveanews.com\/wp-content\/uploads\/Tacas-do-Campeonato-Brasileiro-681x407.webp 681w, https:\/\/www.gaveanews.com\/wp-content\/uploads\/Tacas-do-Campeonato-Brasileiro-100x60.webp 100w\" sizes=\"auto, (max-width: 1000px) 100vw, 1000px\" \/><figcaption class=\"wp-element-caption\">Ta\u00e7as do Campeonato Brasileiro (Foto: Joilson Marcone)<\/figcaption><\/figure>\n\n\n\n<p>Outros clubes tamb\u00e9m garantiram refor\u00e7os importantes. O Flamengo, buscando reposi\u00e7\u00f5es para Gabigol e Pedro, contratou Juninho, atacante que estava no Qarabag, do Azerbaij\u00e3o.<\/p>\n\n\n\n<p>O Fluminense venceu a concorr\u00eancia e acertou com Joaqu\u00edn Lavega, jovem atacante uruguaio de 19 anos. O Cruzeiro assegurou a chegada do volante Christian, ex-Athletico-PR, por R$ 17,5 milh\u00f5es, enquanto o Bahia investiu R$ 12 milh\u00f5es para contratar David Martins, promessa do Am\u00e9rica-MG.<\/p>\n\n\n\n<p>Al\u00e9m desses, o Fortaleza trouxe o colombiano Dylan Borrero, junto ao New England Revolution, e o Cear\u00e1 fechou com Dieguinho, jogador vers\u00e1til que atuava no Goi\u00e1s. As movimenta\u00e7\u00f5es dos clubes demonstram a busca por elencos equilibrados e competitivos, evidenciando que a temporada 2025 do Brasileir\u00e3o promete ser uma das mais disputadas dos \u00faltimos anos.<\/p>\n\n\n\n<h2 class=\"wp-block-heading\" id=\"h-situacao-de-jhon-arias\">Situa\u00e7\u00e3o de Jhon Arias<\/h2>\n\n\n\n<p>Jhon Arias alcan\u00e7ou um feito expressivo ao se tornar o maior assistente do futebol brasileiro desde 2022, ultrapassando Giorgian De Arrascaeta, do Flamengo. O colombiano chegou \u00e0 marca de 43 passes para gol ao servir Thiago Silva na vit\u00f3ria do Fluminense por 2 a 1 sobre o Vasco, em jogo v\u00e1lido pela 8\u00aa rodada do Campeonato Carioca. A assist\u00eancia surgiu ap\u00f3s uma cobran\u00e7a de falta precisa, consolidando ainda mais a import\u00e2ncia do atacante para o time tricolor <strong><a href=\"https:\/\/www.gaveanews.com\/index.php\/2025\/02\/07\/fluminense-jhon-arias-atinge-feito-marcante\/\">(leia a mat\u00e9ria completa).<\/a><\/strong><\/p>\n\n\n\n<figure class=\"wp-block-image size-full\"><img loading=\"lazy\" decoding=\"async\" width=\"872\" height=\"589\" src=\"http:\/\/www.gaveanews.com\/wp-content\/uploads\/Jhon-Arias-com-a-camisa-do-Fluminense-em-2023.webp\" alt=\"\" class=\"wp-image-154696\" srcset=\"https:\/\/www.gaveanews.com\/wp-content\/uploads\/Jhon-Arias-com-a-camisa-do-Fluminense-em-2023.webp 872w, https:\/\/www.gaveanews.com\/wp-content\/uploads\/Jhon-Arias-com-a-camisa-do-Fluminense-em-2023-300x203.webp 300w, https:\/\/www.gaveanews.com\/wp-content\/uploads\/Jhon-Arias-com-a-camisa-do-Fluminense-em-2023-768x519.webp 768w, https:\/\/www.gaveanews.com\/wp-content\/uploads\/Jhon-Arias-com-a-camisa-do-Fluminense-em-2023-622x420.webp 622w, https:\/\/www.gaveanews.com\/wp-content\/uploads\/Jhon-Arias-com-a-camisa-do-Fluminense-em-2023-640x432.webp 640w, https:\/\/www.gaveanews.com\/wp-content\/uploads\/Jhon-Arias-com-a-camisa-do-Fluminense-em-2023-681x460.webp 681w, https:\/\/www.gaveanews.com\/wp-content\/uploads\/Jhon-Arias-com-a-camisa-do-Fluminense-em-2023-100x68.webp 100w\" sizes=\"auto, (max-width: 872px) 100vw, 872px\" \/><figcaption class=\"wp-element-caption\">Jhon Arias com a camisa do Fluminense em 2023 (Foto: Reprodu\u00e7\u00e3o\/Instagram)<\/figcaption><\/figure>\n\n\n\n<p>Desde sua chegada ao Fluminense, em 2021, Arias evoluiu de reserva para pe\u00e7a fundamental na equipe. Seu destaque fez com que o clube renovasse seu contrato at\u00e9 o final de 2028, diante do crescente interesse de clubes do exterior. Recentemente, o Tricolor recusou uma oferta de 12 milh\u00f5es de euros (aproximadamente R$ 75 milh\u00f5es) do Galatasaray, da Turquia, e tamb\u00e9m resistiu a investidas do Zenit, da R\u00fassia, e do Girona, da Espanha.<\/p>\n\n\n\n<p>Al\u00e9m da marca pessoal, a vit\u00f3ria sobre o Vasco garantiu tr\u00eas pontos valiosos ao Fluminense, que alcan\u00e7ou a 8\u00aa posi\u00e7\u00e3o na Ta\u00e7a Guanabara, com 10 pontos, e segue na briga por uma vaga nas semifinais. Sob o comando de Mano Menezes, a equipe busca recupera\u00e7\u00e3o no estadual e aposta na regularidade e talento de Arias para alcan\u00e7ar melhores resultados na sequ\u00eancia da temporada.<\/p>\n\n\n\n<h2 class=\"wp-block-heading\" id=\"h-pedido-de-mano-menezes\">Pedido de Mano Menezes<\/h2>\n\n\n\n<p>Ap\u00f3s as sa\u00eddas de Kau\u00e3 Elias, vendido ao Shakhtar Donetsk, e John Kennedy, emprestado ao Pachuca, o Fluminense intensificou sua busca por um novo centroavante a pedido do t\u00e9cnico Mano Menezes. Atualmente, o treinador conta apenas com Germ\u00e1n Cano e Lel\u00ea como op\u00e7\u00f5es para a posi\u00e7\u00e3o, o que tem gerado preocupa\u00e7\u00e3o devido ao calend\u00e1rio apertado e \u00e0 idade avan\u00e7ada do artilheiro argentino. A diretoria tricolor trabalha para encontrar um jogador que combine presen\u00e7a de \u00e1rea com mobilidade, caracter\u00edsticas valorizadas pelo treinador e que eram desempenhadas por Kau\u00e3 antes de sua transfer\u00eancia <strong><a href=\"https:\/\/www.gaveanews.com\/index.php\/2025\/02\/09\/fluminense-vai-contratar-atacante-a-pedido-de-mano-menezes\/\">(leia a mat\u00e9ria completa).<\/a><\/strong><\/p>\n\n\n\n<figure class=\"wp-block-image size-full\"><img loading=\"lazy\" decoding=\"async\" width=\"799\" height=\"533\" src=\"http:\/\/www.gaveanews.com\/wp-content\/uploads\/Mano-Menezes-durante-Fluminense-x-Palmeiras-em-2024.webp\" alt=\"\" class=\"wp-image-154433\" srcset=\"https:\/\/www.gaveanews.com\/wp-content\/uploads\/Mano-Menezes-durante-Fluminense-x-Palmeiras-em-2024.webp 799w, https:\/\/www.gaveanews.com\/wp-content\/uploads\/Mano-Menezes-durante-Fluminense-x-Palmeiras-em-2024-300x200.webp 300w, https:\/\/www.gaveanews.com\/wp-content\/uploads\/Mano-Menezes-durante-Fluminense-x-Palmeiras-em-2024-768x512.webp 768w, https:\/\/www.gaveanews.com\/wp-content\/uploads\/Mano-Menezes-durante-Fluminense-x-Palmeiras-em-2024-630x420.webp 630w, https:\/\/www.gaveanews.com\/wp-content\/uploads\/Mano-Menezes-durante-Fluminense-x-Palmeiras-em-2024-640x427.webp 640w, https:\/\/www.gaveanews.com\/wp-content\/uploads\/Mano-Menezes-durante-Fluminense-x-Palmeiras-em-2024-681x454.webp 681w, https:\/\/www.gaveanews.com\/wp-content\/uploads\/Mano-Menezes-durante-Fluminense-x-Palmeiras-em-2024-100x67.webp 100w\" sizes=\"auto, (max-width: 799px) 100vw, 799px\" \/><figcaption class=\"wp-element-caption\">Mano Menezes durante Fluminense x Palmeiras em 2024 (Foto: Lucas Mer\u00e7on \/ Fluminense F.C)<\/figcaption><\/figure>\n\n\n\n<p>Mano Menezes destacou em coletiva que a aus\u00eancia de alternativas no ataque compromete o planejamento da temporada, ressaltando a import\u00e2ncia de contar com um elenco que tenha jogadores com perfis complementares. O treinador frisou que o refor\u00e7o desejado precisa ser capaz n\u00e3o s\u00f3 de balan\u00e7ar as redes, mas tamb\u00e9m de participar da constru\u00e7\u00e3o das jogadas, ajudando na organiza\u00e7\u00e3o ofensiva da equipe. A venda de Kau\u00e3 Elias gerou uma receita consider\u00e1vel, o que pode facilitar o investimento na contrata\u00e7\u00e3o desse novo atacante.<\/p>\n\n\n\n<p>A janela de transfer\u00eancias se encerra no dia 28 de fevereiro, aumentando a urg\u00eancia do Fluminense em fechar o refor\u00e7o para o setor ofensivo. Com o elenco enxuto na posi\u00e7\u00e3o e disputando diversas competi\u00e7\u00f5es em 2025, o clube considera a chegada de um centroavante vers\u00e1til como uma prioridade para manter a competitividade e dar mais op\u00e7\u00f5es a Mano Menezes ao longo do ano.<\/p>\n","protected":false},"excerpt":{"rendered":"<p>Nas \u00faltimas horas, o foco das not\u00edcias sobre o Fluminense se concentram nos bastidores do clube, com destaques do dia a dia do time. Por conta deste contexto, leia abaixo um resumo preparado pela equipe do portal G\u00e1vea News para lhe manter muito bem informado! As contrata\u00e7\u00f5es do Brasileir\u00e3o S\u00e9rie A Os clubes do Brasileir\u00e3o [&hellip;]<\/p>\n","protected":false},"author":27,"featured_media":144992,"comment_status":"open","ping_status":"closed","sticky":false,"template":"","format":"standard","meta":{"footnotes":""},"categories":[145],"tags":[],"class_list":["post-227683","post","type-post","status-publish","format-standard","has-post-thumbnail","hentry","category-fluminense"],"yoast_head":"<!-- This site is optimized with the Yoast SEO Premium plugin v24.2 (Yoast SEO v26.9) - https:\/\/yoast.com\/product\/yoast-seo-premium-wordpress\/ -->\n<title>Pedido de Mano Menezes, situa\u00e7\u00e3o de Jhon Arias e as contrata\u00e7\u00f5es do Brasileir\u00e3o S\u00e9rie A: as \u00faltimas not\u00edcias do Fluminense<\/title>\n<meta name=\"robots\" content=\"index, follow, max-snippet:-1, max-image-preview:large, max-video-preview:-1\" \/>\n<link rel=\"canonical\" href=\"https:\/\/www.gaveanews.com\/index.php\/2025\/02\/14\/pedido-de-mano-menezes-situacao-de-jhon-arias-e-as-contratacoes-do-brasileirao-serie-a-as-ultimas-noticias-do-fluminense\/\" \/>\n<meta property=\"og:locale\" content=\"pt_BR\" \/>\n<meta property=\"og:type\" content=\"article\" \/>\n<meta property=\"og:title\" content=\"Pedido de Mano Menezes, situa\u00e7\u00e3o de Jhon Arias e as contrata\u00e7\u00f5es do Brasileir\u00e3o S\u00e9rie A: as \u00faltimas not\u00edcias do Fluminense\" \/>\n<meta property=\"og:description\" content=\"Nas \u00faltimas horas, o foco das not\u00edcias sobre o Fluminense se concentram nos bastidores do clube, com destaques do dia a dia do time. Por conta deste contexto, leia abaixo um resumo preparado pela equipe do portal G\u00e1vea News para lhe manter muito bem informado! As contrata\u00e7\u00f5es do Brasileir\u00e3o S\u00e9rie A Os clubes do Brasileir\u00e3o [&hellip;]\" \/>\n<meta property=\"og:url\" content=\"https:\/\/www.gaveanews.com\/index.php\/2025\/02\/14\/pedido-de-mano-menezes-situacao-de-jhon-arias-e-as-contratacoes-do-brasileirao-serie-a-as-ultimas-noticias-do-fluminense\/\" \/>\n<meta property=\"og:site_name\" content=\"G\u00e1vea News\" \/>\n<meta property=\"article:publisher\" content=\"https:\/\/facebook.com\/gaveaNews\/\" \/>\n<meta property=\"article:published_time\" content=\"2025-02-14T09:45:00+00:00\" \/>\n<meta property=\"og:image\" content=\"https:\/\/www.gaveanews.com\/wp-content\/uploads\/Escudo-do-Fluminense.webp\" \/>\n\t<meta property=\"og:image:width\" content=\"1000\" \/>\n\t<meta property=\"og:image:height\" content=\"667\" \/>\n\t<meta property=\"og:image:type\" content=\"image\/webp\" \/>\n<meta name=\"author\" content=\"Matheus Felipe\" \/>\n<meta name=\"twitter:card\" content=\"summary_large_image\" \/>\n<meta name=\"twitter:label1\" content=\"Escrito por\" \/>\n\t<meta name=\"twitter:data1\" content=\"Matheus Felipe\" \/>\n\t<meta name=\"twitter:label2\" content=\"Est. tempo de leitura\" \/>\n\t<meta name=\"twitter:data2\" content=\"5 minutos\" \/>\n<script type=\"application\/ld+json\" class=\"yoast-schema-graph\">{\"@context\":\"https:\/\/schema.org\",\"@graph\":[{\"@type\":\"NewsArticle\",\"@id\":\"https:\/\/www.gaveanews.com\/index.php\/2025\/02\/14\/pedido-de-mano-menezes-situacao-de-jhon-arias-e-as-contratacoes-do-brasileirao-serie-a-as-ultimas-noticias-do-fluminense\/#article\",\"isPartOf\":{\"@id\":\"https:\/\/www.gaveanews.com\/index.php\/2025\/02\/14\/pedido-de-mano-menezes-situacao-de-jhon-arias-e-as-contratacoes-do-brasileirao-serie-a-as-ultimas-noticias-do-fluminense\/\"},\"author\":{\"name\":\"Matheus Felipe\",\"@id\":\"https:\/\/www.gaveanews.com\/#\/schema\/person\/8207cd4627f56151707418bfc835b2fb\"},\"headline\":\"Pedido de Mano Menezes, situa\u00e7\u00e3o de Jhon Arias e as contrata\u00e7\u00f5es do Brasileir\u00e3o S\u00e9rie A: as \u00faltimas not\u00edcias do Fluminense\",\"datePublished\":\"2025-02-14T09:45:00+00:00\",\"mainEntityOfPage\":{\"@id\":\"https:\/\/www.gaveanews.com\/index.php\/2025\/02\/14\/pedido-de-mano-menezes-situacao-de-jhon-arias-e-as-contratacoes-do-brasileirao-serie-a-as-ultimas-noticias-do-fluminense\/\"},\"wordCount\":851,\"commentCount\":0,\"image\":{\"@id\":\"https:\/\/www.gaveanews.com\/index.php\/2025\/02\/14\/pedido-de-mano-menezes-situacao-de-jhon-arias-e-as-contratacoes-do-brasileirao-serie-a-as-ultimas-noticias-do-fluminense\/#primaryimage\"},\"thumbnailUrl\":\"https:\/\/www.gaveanews.com\/wp-content\/uploads\/Escudo-do-Fluminense.webp\",\"articleSection\":[\"Fluminense\"],\"inLanguage\":\"pt-BR\",\"potentialAction\":[{\"@type\":\"CommentAction\",\"name\":\"Comment\",\"target\":[\"https:\/\/www.gaveanews.com\/index.php\/2025\/02\/14\/pedido-de-mano-menezes-situacao-de-jhon-arias-e-as-contratacoes-do-brasileirao-serie-a-as-ultimas-noticias-do-fluminense\/#respond\"]}],\"copyrightYear\":\"2025\",\"copyrightHolder\":{\"@id\":\"https:\/\/www.gaveanews.com\/#organization\"}},{\"@type\":\"WebPage\",\"@id\":\"https:\/\/www.gaveanews.com\/index.php\/2025\/02\/14\/pedido-de-mano-menezes-situacao-de-jhon-arias-e-as-contratacoes-do-brasileirao-serie-a-as-ultimas-noticias-do-fluminense\/\",\"url\":\"https:\/\/www.gaveanews.com\/index.php\/2025\/02\/14\/pedido-de-mano-menezes-situacao-de-jhon-arias-e-as-contratacoes-do-brasileirao-serie-a-as-ultimas-noticias-do-fluminense\/\",\"name\":\"Pedido de Mano Menezes, situa\u00e7\u00e3o de Jhon Arias e as contrata\u00e7\u00f5es do Brasileir\u00e3o S\u00e9rie A: as \u00faltimas not\u00edcias do Fluminense\",\"isPartOf\":{\"@id\":\"https:\/\/www.gaveanews.com\/#website\"},\"primaryImageOfPage\":{\"@id\":\"https:\/\/www.gaveanews.com\/index.php\/2025\/02\/14\/pedido-de-mano-menezes-situacao-de-jhon-arias-e-as-contratacoes-do-brasileirao-serie-a-as-ultimas-noticias-do-fluminense\/#primaryimage\"},\"image\":{\"@id\":\"https:\/\/www.gaveanews.com\/index.php\/2025\/02\/14\/pedido-de-mano-menezes-situacao-de-jhon-arias-e-as-contratacoes-do-brasileirao-serie-a-as-ultimas-noticias-do-fluminense\/#primaryimage\"},\"thumbnailUrl\":\"https:\/\/www.gaveanews.com\/wp-content\/uploads\/Escudo-do-Fluminense.webp\",\"datePublished\":\"2025-02-14T09:45:00+00:00\",\"author\":{\"@id\":\"https:\/\/www.gaveanews.com\/#\/schema\/person\/8207cd4627f56151707418bfc835b2fb\"},\"breadcrumb\":{\"@id\":\"https:\/\/www.gaveanews.com\/index.php\/2025\/02\/14\/pedido-de-mano-menezes-situacao-de-jhon-arias-e-as-contratacoes-do-brasileirao-serie-a-as-ultimas-noticias-do-fluminense\/#breadcrumb\"},\"inLanguage\":\"pt-BR\",\"potentialAction\":[{\"@type\":\"ReadAction\",\"target\":[\"https:\/\/www.gaveanews.com\/index.php\/2025\/02\/14\/pedido-de-mano-menezes-situacao-de-jhon-arias-e-as-contratacoes-do-brasileirao-serie-a-as-ultimas-noticias-do-fluminense\/\"]}]},{\"@type\":\"ImageObject\",\"inLanguage\":\"pt-BR\",\"@id\":\"https:\/\/www.gaveanews.com\/index.php\/2025\/02\/14\/pedido-de-mano-menezes-situacao-de-jhon-arias-e-as-contratacoes-do-brasileirao-serie-a-as-ultimas-noticias-do-fluminense\/#primaryimage\",\"url\":\"https:\/\/www.gaveanews.com\/wp-content\/uploads\/Escudo-do-Fluminense.webp\",\"contentUrl\":\"https:\/\/www.gaveanews.com\/wp-content\/uploads\/Escudo-do-Fluminense.webp\",\"width\":1000,\"height\":667,\"caption\":\"Escudo do Fluminense (Foto Reprodu\u00e7\u00e3o\/Instagram)\"},{\"@type\":\"BreadcrumbList\",\"@id\":\"https:\/\/www.gaveanews.com\/index.php\/2025\/02\/14\/pedido-de-mano-menezes-situacao-de-jhon-arias-e-as-contratacoes-do-brasileirao-serie-a-as-ultimas-noticias-do-fluminense\/#breadcrumb\",\"itemListElement\":[{\"@type\":\"ListItem\",\"position\":1,\"name\":\"Home\",\"item\":\"https:\/\/www.gaveanews.com\/\"},{\"@type\":\"ListItem\",\"position\":2,\"name\":\"Pedido de Mano Menezes, situa\u00e7\u00e3o de Jhon Arias e as contrata\u00e7\u00f5es do Brasileir\u00e3o S\u00e9rie A: as \u00faltimas not\u00edcias do Fluminense\"}]},{\"@type\":\"WebSite\",\"@id\":\"https:\/\/www.gaveanews.com\/#website\",\"url\":\"https:\/\/www.gaveanews.com\/\",\"name\":\"G\u00e1vea News\",\"description\":\"Veja todas as not\u00edcias sobre o Flamengo: Contrata\u00e7\u00f5es, categorias de base, resultados das partidas, tabela de classifica\u00e7\u00e3o, pr\u00f3ximos jogos!\",\"potentialAction\":[{\"@type\":\"SearchAction\",\"target\":{\"@type\":\"EntryPoint\",\"urlTemplate\":\"https:\/\/www.gaveanews.com\/?s={search_term_string}\"},\"query-input\":{\"@type\":\"PropertyValueSpecification\",\"valueRequired\":true,\"valueName\":\"search_term_string\"}}],\"inLanguage\":\"pt-BR\"},{\"@type\":\"Person\",\"@id\":\"https:\/\/www.gaveanews.com\/#\/schema\/person\/8207cd4627f56151707418bfc835b2fb\",\"name\":\"Matheus Felipe\",\"image\":{\"@type\":\"ImageObject\",\"inLanguage\":\"pt-BR\",\"@id\":\"https:\/\/www.gaveanews.com\/#\/schema\/person\/image\/\",\"url\":\"https:\/\/secure.gravatar.com\/avatar\/a452ffbed9130f726358b298bb3a99ce4bd3c5338411f8440e87e14d74c7c087?s=96&d=mm&r=g\",\"contentUrl\":\"https:\/\/secure.gravatar.com\/avatar\/a452ffbed9130f726358b298bb3a99ce4bd3c5338411f8440e87e14d74c7c087?s=96&d=mm&r=g\",\"caption\":\"Matheus Felipe\"}}]}<\/script>\n<!-- \/ Yoast SEO Premium plugin. -->","yoast_head_json":{"title":"Pedido de Mano Menezes, situa\u00e7\u00e3o de Jhon Arias e as contrata\u00e7\u00f5es do Brasileir\u00e3o S\u00e9rie A: as \u00faltimas not\u00edcias do Fluminense","robots":{"index":"index","follow":"follow","max-snippet":"max-snippet:-1","max-image-preview":"max-image-preview:large","max-video-preview":"max-video-preview:-1"},"canonical":"https:\/\/www.gaveanews.com\/index.php\/2025\/02\/14\/pedido-de-mano-menezes-situacao-de-jhon-arias-e-as-contratacoes-do-brasileirao-serie-a-as-ultimas-noticias-do-fluminense\/","og_locale":"pt_BR","og_type":"article","og_title":"Pedido de Mano Menezes, situa\u00e7\u00e3o de Jhon Arias e as contrata\u00e7\u00f5es do Brasileir\u00e3o S\u00e9rie A: as \u00faltimas not\u00edcias do Fluminense","og_description":"Nas \u00faltimas horas, o foco das not\u00edcias sobre o Fluminense se concentram nos bastidores do clube, com destaques do dia a dia do time. Por conta deste contexto, leia abaixo um resumo preparado pela equipe do portal G\u00e1vea News para lhe manter muito bem informado! As contrata\u00e7\u00f5es do Brasileir\u00e3o S\u00e9rie A Os clubes do Brasileir\u00e3o [&hellip;]","og_url":"https:\/\/www.gaveanews.com\/index.php\/2025\/02\/14\/pedido-de-mano-menezes-situacao-de-jhon-arias-e-as-contratacoes-do-brasileirao-serie-a-as-ultimas-noticias-do-fluminense\/","og_site_name":"G\u00e1vea News","article_publisher":"https:\/\/facebook.com\/gaveaNews\/","article_published_time":"2025-02-14T09:45:00+00:00","og_image":[{"width":1000,"height":667,"url":"https:\/\/www.gaveanews.com\/wp-content\/uploads\/Escudo-do-Fluminense.webp","type":"image\/webp"}],"author":"Matheus Felipe","twitter_card":"summary_large_image","twitter_misc":{"Escrito por":"Matheus Felipe","Est. tempo de leitura":"5 minutos"},"schema":{"@context":"https:\/\/schema.org","@graph":[{"@type":"NewsArticle","@id":"https:\/\/www.gaveanews.com\/index.php\/2025\/02\/14\/pedido-de-mano-menezes-situacao-de-jhon-arias-e-as-contratacoes-do-brasileirao-serie-a-as-ultimas-noticias-do-fluminense\/#article","isPartOf":{"@id":"https:\/\/www.gaveanews.com\/index.php\/2025\/02\/14\/pedido-de-mano-menezes-situacao-de-jhon-arias-e-as-contratacoes-do-brasileirao-serie-a-as-ultimas-noticias-do-fluminense\/"},"author":{"name":"Matheus Felipe","@id":"https:\/\/www.gaveanews.com\/#\/schema\/person\/8207cd4627f56151707418bfc835b2fb"},"headline":"Pedido de Mano Menezes, situa\u00e7\u00e3o de Jhon Arias e as contrata\u00e7\u00f5es do Brasileir\u00e3o S\u00e9rie A: as \u00faltimas not\u00edcias do Fluminense","datePublished":"2025-02-14T09:45:00+00:00","mainEntityOfPage":{"@id":"https:\/\/www.gaveanews.com\/index.php\/2025\/02\/14\/pedido-de-mano-menezes-situacao-de-jhon-arias-e-as-contratacoes-do-brasileirao-serie-a-as-ultimas-noticias-do-fluminense\/"},"wordCount":851,"commentCount":0,"image":{"@id":"https:\/\/www.gaveanews.com\/index.php\/2025\/02\/14\/pedido-de-mano-menezes-situacao-de-jhon-arias-e-as-contratacoes-do-brasileirao-serie-a-as-ultimas-noticias-do-fluminense\/#primaryimage"},"thumbnailUrl":"https:\/\/www.gaveanews.com\/wp-content\/uploads\/Escudo-do-Fluminense.webp","articleSection":["Fluminense"],"inLanguage":"pt-BR","potentialAction":[{"@type":"CommentAction","name":"Comment","target":["https:\/\/www.gaveanews.com\/index.php\/2025\/02\/14\/pedido-de-mano-menezes-situacao-de-jhon-arias-e-as-contratacoes-do-brasileirao-serie-a-as-ultimas-noticias-do-fluminense\/#respond"]}],"copyrightYear":"2025","copyrightHolder":{"@id":"https:\/\/www.gaveanews.com\/#organization"}},{"@type":"WebPage","@id":"https:\/\/www.gaveanews.com\/index.php\/2025\/02\/14\/pedido-de-mano-menezes-situacao-de-jhon-arias-e-as-contratacoes-do-brasileirao-serie-a-as-ultimas-noticias-do-fluminense\/","url":"https:\/\/www.gaveanews.com\/index.php\/2025\/02\/14\/pedido-de-mano-menezes-situacao-de-jhon-arias-e-as-contratacoes-do-brasileirao-serie-a-as-ultimas-noticias-do-fluminense\/","name":"Pedido de Mano Menezes, situa\u00e7\u00e3o de Jhon Arias e as contrata\u00e7\u00f5es do Brasileir\u00e3o S\u00e9rie A: as \u00faltimas not\u00edcias do Fluminense","isPartOf":{"@id":"https:\/\/www.gaveanews.com\/#website"},"primaryImageOfPage":{"@id":"https:\/\/www.gaveanews.com\/index.php\/2025\/02\/14\/pedido-de-mano-menezes-situacao-de-jhon-arias-e-as-contratacoes-do-brasileirao-serie-a-as-ultimas-noticias-do-fluminense\/#primaryimage"},"image":{"@id":"https:\/\/www.gaveanews.com\/index.php\/2025\/02\/14\/pedido-de-mano-menezes-situacao-de-jhon-arias-e-as-contratacoes-do-brasileirao-serie-a-as-ultimas-noticias-do-fluminense\/#primaryimage"},"thumbnailUrl":"https:\/\/www.gaveanews.com\/wp-content\/uploads\/Escudo-do-Fluminense.webp","datePublished":"2025-02-14T09:45:00+00:00","author":{"@id":"https:\/\/www.gaveanews.com\/#\/schema\/person\/8207cd4627f56151707418bfc835b2fb"},"breadcrumb":{"@id":"https:\/\/www.gaveanews.com\/index.php\/2025\/02\/14\/pedido-de-mano-menezes-situacao-de-jhon-arias-e-as-contratacoes-do-brasileirao-serie-a-as-ultimas-noticias-do-fluminense\/#breadcrumb"},"inLanguage":"pt-BR","potentialAction":[{"@type":"ReadAction","target":["https:\/\/www.gaveanews.com\/index.php\/2025\/02\/14\/pedido-de-mano-menezes-situacao-de-jhon-arias-e-as-contratacoes-do-brasileirao-serie-a-as-ultimas-noticias-do-fluminense\/"]}]},{"@type":"ImageObject","inLanguage":"pt-BR","@id":"https:\/\/www.gaveanews.com\/index.php\/2025\/02\/14\/pedido-de-mano-menezes-situacao-de-jhon-arias-e-as-contratacoes-do-brasileirao-serie-a-as-ultimas-noticias-do-fluminense\/#primaryimage","url":"https:\/\/www.gaveanews.com\/wp-content\/uploads\/Escudo-do-Fluminense.webp","contentUrl":"https:\/\/www.gaveanews.com\/wp-content\/uploads\/Escudo-do-Fluminense.webp","width":1000,"height":667,"caption":"Escudo do Fluminense (Foto Reprodu\u00e7\u00e3o\/Instagram)"},{"@type":"BreadcrumbList","@id":"https:\/\/www.gaveanews.com\/index.php\/2025\/02\/14\/pedido-de-mano-menezes-situacao-de-jhon-arias-e-as-contratacoes-do-brasileirao-serie-a-as-ultimas-noticias-do-fluminense\/#breadcrumb","itemListElement":[{"@type":"ListItem","position":1,"name":"Home","item":"https:\/\/www.gaveanews.com\/"},{"@type":"ListItem","position":2,"name":"Pedido de Mano Menezes, situa\u00e7\u00e3o de Jhon Arias e as contrata\u00e7\u00f5es do Brasileir\u00e3o S\u00e9rie A: as \u00faltimas not\u00edcias do Fluminense"}]},{"@type":"WebSite","@id":"https:\/\/www.gaveanews.com\/#website","url":"https:\/\/www.gaveanews.com\/","name":"G\u00e1vea News","description":"Veja todas as not\u00edcias sobre o Flamengo: Contrata\u00e7\u00f5es, categorias de base, resultados das partidas, tabela de classifica\u00e7\u00e3o, pr\u00f3ximos jogos!","potentialAction":[{"@type":"SearchAction","target":{"@type":"EntryPoint","urlTemplate":"https:\/\/www.gaveanews.com\/?s={search_term_string}"},"query-input":{"@type":"PropertyValueSpecification","valueRequired":true,"valueName":"search_term_string"}}],"inLanguage":"pt-BR"},{"@type":"Person","@id":"https:\/\/www.gaveanews.com\/#\/schema\/person\/8207cd4627f56151707418bfc835b2fb","name":"Matheus Felipe","image":{"@type":"ImageObject","inLanguage":"pt-BR","@id":"https:\/\/www.gaveanews.com\/#\/schema\/person\/image\/","url":"https:\/\/secure.gravatar.com\/avatar\/a452ffbed9130f726358b298bb3a99ce4bd3c5338411f8440e87e14d74c7c087?s=96&d=mm&r=g","contentUrl":"https:\/\/secure.gravatar.com\/avatar\/a452ffbed9130f726358b298bb3a99ce4bd3c5338411f8440e87e14d74c7c087?s=96&d=mm&r=g","caption":"Matheus Felipe"}}]}},"_links":{"self":[{"href":"https:\/\/www.gaveanews.com\/index.php\/wp-json\/wp\/v2\/posts\/227683","targetHints":{"allow":["GET"]}}],"collection":[{"href":"https:\/\/www.gaveanews.com\/index.php\/wp-json\/wp\/v2\/posts"}],"about":[{"href":"https:\/\/www.gaveanews.com\/index.php\/wp-json\/wp\/v2\/types\/post"}],"author":[{"embeddable":true,"href":"https:\/\/www.gaveanews.com\/index.php\/wp-json\/wp\/v2\/users\/27"}],"replies":[{"embeddable":true,"href":"https:\/\/www.gaveanews.com\/index.php\/wp-json\/wp\/v2\/comments?post=227683"}],"version-history":[{"count":1,"href":"https:\/\/www.gaveanews.com\/index.php\/wp-json\/wp\/v2\/posts\/227683\/revisions"}],"predecessor-version":[{"id":227715,"href":"https:\/\/www.gaveanews.com\/index.php\/wp-json\/wp\/v2\/posts\/227683\/revisions\/227715"}],"wp:featuredmedia":[{"embeddable":true,"href":"https:\/\/www.gaveanews.com\/index.php\/wp-json\/wp\/v2\/media\/144992"}],"wp:attachment":[{"href":"https:\/\/www.gaveanews.com\/index.php\/wp-json\/wp\/v2\/media?parent=227683"}],"wp:term":[{"taxonomy":"category","embeddable":true,"href":"https:\/\/www.gaveanews.com\/index.php\/wp-json\/wp\/v2\/categories?post=227683"},{"taxonomy":"post_tag","embeddable":true,"href":"https:\/\/www.gaveanews.com\/index.php\/wp-json\/wp\/v2\/tags?post=227683"}],"curies":[{"name":"wp","href":"https:\/\/api.w.org\/{rel}","templated":true}]}}