{"id":227701,"date":"2025-02-14T06:50:00","date_gmt":"2025-02-14T09:50:00","guid":{"rendered":"https:\/\/www.gaveanews.com\/?p=227701"},"modified":"2025-02-14T05:35:32","modified_gmt":"2025-02-14T08:35:32","slug":"publicacao-direcionada-a-marcelo-declaracao-de-ancelotti-e-renovacao-de-contrato-as-ultimas-noticias-do-real-madrid","status":"publish","type":"post","link":"https:\/\/www.gaveanews.com\/index.php\/2025\/02\/14\/publicacao-direcionada-a-marcelo-declaracao-de-ancelotti-e-renovacao-de-contrato-as-ultimas-noticias-do-real-madrid\/","title":{"rendered":"Publica\u00e7\u00e3o direcionada a Marcelo, declara\u00e7\u00e3o de Ancelotti e renova\u00e7\u00e3o de contrato: as \u00faltimas not\u00edcias do Real Madrid"},"content":{"rendered":"\n<p>Nas \u00faltimas horas, o foco das not\u00edcias sobre o Real Madrid se concentram nos bastidores do clube, com destaques do dia a dia do time.<\/p>\n\n\n\n<p>Por conta deste contexto, leia abaixo um resumo preparado pela equipe do portal G\u00e1vea News para lhe manter muito bem informado!<\/p>\n\n\n\n<h2 class=\"wp-block-heading\" id=\"h-renovacao-de-contrato\">Renova\u00e7\u00e3o de contrato<\/h2>\n\n\n\n<p>Vinicius J\u00fanior e o Real Madrid iniciaram conversas para uma nova renova\u00e7\u00e3o de contrato, mesmo com o v\u00ednculo atual v\u00e1lido at\u00e9 junho de 2027. A diretoria merengue busca garantir a perman\u00eancia prolongada do atacante, especialmente ap\u00f3s ele ser eleito o melhor jogador do mundo no pr\u00eamio Fifa The Best de 2024. O objetivo do clube \u00e9 assegurar que Vini Jr siga como pe\u00e7a central no projeto esportivo, al\u00e9m de se proteger das milion\u00e1rias investidas do futebol saudita, que deseja o brasileiro tanto como atleta quanto como embaixador da Copa do Mundo de 2034, a ser realizada no pa\u00eds asi\u00e1tico<strong><a href=\"https:\/\/www.gaveanews.com\/index.php\/2025\/02\/09\/real-madrid-e-vini-jr-debatem-renovacao\/\"> (leia a mat\u00e9ria completa).<\/a><\/strong><\/p>\n\n\n\n<figure class=\"wp-block-image size-large\"><img loading=\"lazy\" decoding=\"async\" width=\"819\" height=\"1024\" src=\"http:\/\/www.gaveanews.com\/wp-content\/uploads\/Vinicius-Junior-exibe-o-escudo-do-Real-Madrid-apos-marcar-um-gol-pelo-time-da-Espanha-819x1024.webp\" alt=\"\" class=\"wp-image-96404\" srcset=\"https:\/\/www.gaveanews.com\/wp-content\/uploads\/Vinicius-Junior-exibe-o-escudo-do-Real-Madrid-apos-marcar-um-gol-pelo-time-da-Espanha-819x1024.webp 819w, https:\/\/www.gaveanews.com\/wp-content\/uploads\/Vinicius-Junior-exibe-o-escudo-do-Real-Madrid-apos-marcar-um-gol-pelo-time-da-Espanha-240x300.webp 240w, https:\/\/www.gaveanews.com\/wp-content\/uploads\/Vinicius-Junior-exibe-o-escudo-do-Real-Madrid-apos-marcar-um-gol-pelo-time-da-Espanha-768x960.webp 768w, https:\/\/www.gaveanews.com\/wp-content\/uploads\/Vinicius-Junior-exibe-o-escudo-do-Real-Madrid-apos-marcar-um-gol-pelo-time-da-Espanha-1229x1536.webp 1229w, https:\/\/www.gaveanews.com\/wp-content\/uploads\/Vinicius-Junior-exibe-o-escudo-do-Real-Madrid-apos-marcar-um-gol-pelo-time-da-Espanha-336x420.webp 336w, https:\/\/www.gaveanews.com\/wp-content\/uploads\/Vinicius-Junior-exibe-o-escudo-do-Real-Madrid-apos-marcar-um-gol-pelo-time-da-Espanha-672x840.webp 672w, https:\/\/www.gaveanews.com\/wp-content\/uploads\/Vinicius-Junior-exibe-o-escudo-do-Real-Madrid-apos-marcar-um-gol-pelo-time-da-Espanha-640x800.webp 640w, https:\/\/www.gaveanews.com\/wp-content\/uploads\/Vinicius-Junior-exibe-o-escudo-do-Real-Madrid-apos-marcar-um-gol-pelo-time-da-Espanha-1280x1600.webp 1280w, https:\/\/www.gaveanews.com\/wp-content\/uploads\/Vinicius-Junior-exibe-o-escudo-do-Real-Madrid-apos-marcar-um-gol-pelo-time-da-Espanha-681x851.webp 681w, https:\/\/www.gaveanews.com\/wp-content\/uploads\/Vinicius-Junior-exibe-o-escudo-do-Real-Madrid-apos-marcar-um-gol-pelo-time-da-Espanha-1362x1703.webp 1362w, https:\/\/www.gaveanews.com\/wp-content\/uploads\/Vinicius-Junior-exibe-o-escudo-do-Real-Madrid-apos-marcar-um-gol-pelo-time-da-Espanha-100x125.webp 100w, https:\/\/www.gaveanews.com\/wp-content\/uploads\/Vinicius-Junior-exibe-o-escudo-do-Real-Madrid-apos-marcar-um-gol-pelo-time-da-Espanha.webp 1440w\" sizes=\"auto, (max-width: 819px) 100vw, 819px\" \/><figcaption class=\"wp-element-caption\">Vinicius J\u00fanior exibe o escudo do Real Madrid ap\u00f3s marcar um gol pelo time da Espanha (Foto: Reprodu\u00e7\u00e3o\/Instagram)<\/figcaption><\/figure>\n\n\n\n<p>Apesar das especula\u00e7\u00f5es sobre seu futuro, o camisa 7 tem demonstrado comprometimento e segue com bons n\u00fameros em campo na temporada 2024\/2025. Ele soma 26 participa\u00e7\u00f5es em gols em 28 partidas, com 17 gols e 9 assist\u00eancias. <\/p>\n\n\n\n<p>Contudo, o jogador enfrentou algumas dificuldades recentes, como uma pequena les\u00e3o muscular e uma sequ\u00eancia de cart\u00f5es \u2014 sendo 11 amarelos e 1 vermelho \u2014 que afetaram sua regularidade. Ainda assim, suas atua\u00e7\u00f5es foram decisivas para manter o Real Madrid na lideran\u00e7a do Campeonato Espanhol e vivo na Liga dos Campe\u00f5es.<\/p>\n\n\n\n<p>As tratativas pela extens\u00e3o do contrato ainda est\u00e3o em fase inicial, mas tudo indica que o desfecho ser\u00e1 positivo para ambas as partes. O Real Madrid pretende ampliar a multa rescis\u00f3ria, que j\u00e1 \u00e9 de 1 bilh\u00e3o de euros, enquanto Vinicius Jr deve ser recompensado com um novo aumento salarial. O acordo consolidaria o atacante como uma das maiores refer\u00eancias do clube nos pr\u00f3ximos anos, reafirmando sua import\u00e2ncia tanto no presente quanto no futuro do time comandado por Carlo Ancelotti.<\/p>\n\n\n\n<h2 class=\"wp-block-heading\" id=\"h-declaracao-de-ancelotti\">Declara\u00e7\u00e3o de Ancelotti<\/h2>\n\n\n\n<p>O t\u00e9cnico Carlo Ancelotti destacou a import\u00e2ncia do equil\u00edbrio entre qualidade t\u00e9cnica e comprometimento coletivo durante a prepara\u00e7\u00e3o do Real Madrid para o cl\u00e1ssico contra o Atl\u00e9tico de Madrid, que terminou empatado em 1 a 1. Em entrevista antes da partida, o treinador reconheceu as dificuldades causadas pelas les\u00f5es de pe\u00e7as-chave do setor defensivo, como David Alaba, Antonio R\u00fcdiger, Dani Carvajal e \u00c9der Milit\u00e3o. Apesar dos desfalques, Ancelotti elogiou a capacidade de adapta\u00e7\u00e3o do elenco e ressaltou que a solidez defensiva depende do esfor\u00e7o conjunto do time, e n\u00e3o apenas da diminui\u00e7\u00e3o de atacantes em campo <strong><a href=\"https:\/\/www.gaveanews.com\/index.php\/2025\/02\/09\/real-madrid-a-declaracao-de-ancelotti-direcionada-a-alaba-rudiger-carvajal-militao-e-tchouameni\/\">(leia a mat\u00e9ria completa).<\/a><\/strong><\/p>\n\n\n\n<figure class=\"wp-block-image size-full\"><img loading=\"lazy\" decoding=\"async\" width=\"984\" height=\"678\" src=\"http:\/\/www.gaveanews.com\/wp-content\/uploads\/2023-04-29t184531z-1598421574-up1ej4t1g3tth-rtrmadp-3-soccer-spain-mad-uda-report.webp\" alt=\"\" class=\"wp-image-119629\" srcset=\"https:\/\/www.gaveanews.com\/wp-content\/uploads\/2023-04-29t184531z-1598421574-up1ej4t1g3tth-rtrmadp-3-soccer-spain-mad-uda-report.webp 984w, https:\/\/www.gaveanews.com\/wp-content\/uploads\/2023-04-29t184531z-1598421574-up1ej4t1g3tth-rtrmadp-3-soccer-spain-mad-uda-report-300x207.webp 300w, https:\/\/www.gaveanews.com\/wp-content\/uploads\/2023-04-29t184531z-1598421574-up1ej4t1g3tth-rtrmadp-3-soccer-spain-mad-uda-report-768x529.webp 768w, https:\/\/www.gaveanews.com\/wp-content\/uploads\/2023-04-29t184531z-1598421574-up1ej4t1g3tth-rtrmadp-3-soccer-spain-mad-uda-report-610x420.webp 610w, https:\/\/www.gaveanews.com\/wp-content\/uploads\/2023-04-29t184531z-1598421574-up1ej4t1g3tth-rtrmadp-3-soccer-spain-mad-uda-report-640x441.webp 640w, https:\/\/www.gaveanews.com\/wp-content\/uploads\/2023-04-29t184531z-1598421574-up1ej4t1g3tth-rtrmadp-3-soccer-spain-mad-uda-report-681x469.webp 681w, https:\/\/www.gaveanews.com\/wp-content\/uploads\/2023-04-29t184531z-1598421574-up1ej4t1g3tth-rtrmadp-3-soccer-spain-mad-uda-report-100x69.webp 100w\" sizes=\"auto, (max-width: 984px) 100vw, 984px\" \/><figcaption class=\"wp-element-caption\">Carlo Ancelotti, t\u00e9cnico do Real Madrid (Foto: Reuters)<\/figcaption><\/figure>\n\n\n\n<p>Na disputa direta pela lideran\u00e7a da LaLiga, o Real Madrid entrou na rodada com 49 pontos, enquanto o Atl\u00e9tico de Madrid ocupava a segunda posi\u00e7\u00e3o, com 48. O cl\u00e1ssico era visto como um confronto decisivo para o rumo da competi\u00e7\u00e3o, e Ancelotti enfatizou que a equipe precisava corrigir falhas defensivas apresentadas nos jogos anteriores. Ele reiterou que, mesmo em meio a uma \u201cemerg\u00eancia total\u201d na defesa, os merengues seguiam competitivos em todas as frentes, mostrando resili\u00eancia e for\u00e7a do elenco.<\/p>\n\n\n\n<p>O duelo, realizado no Est\u00e1dio Santiago Bernab\u00e9u, confirmou a tens\u00e3o esperada, com as equipes protagonizando uma disputa intensa e equilibrada. Ancelotti ressaltou que o desempenho do time, mesmo sob adversidades, reflete a mentalidade vencedora constru\u00edda ao longo da temporada. O treinador afirmou que seguir\u00e1 apostando em solu\u00e7\u00f5es coletivas e ajustes t\u00e1ticos para manter o Real Madrid na briga pelos t\u00edtulos, enquanto aguarda o retorno dos lesionados.<\/p>\n\n\n\n<h2 class=\"wp-block-heading\" id=\"h-publicacao-direcionada-a-marcelo\">Publica\u00e7\u00e3o direcionada a Marcelo<\/h2>\n\n\n\n<p>O lateral Marcelo anunciou oficialmente sua aposentadoria do futebol aos 35 anos, encerrando uma carreira vitoriosa com 28 t\u00edtulos conquistados por clubes e pela sele\u00e7\u00e3o brasileira. \u00cddolo do Real Madrid e revelado pelo Fluminense, o jogador divulgou um v\u00eddeo emocionado nas redes sociais, no qual relembrou momentos marcantes de sua trajet\u00f3ria, destacou o apoio fundamental do av\u00f4 Pedro Vieira e afirmou que pretende seguir ligado ao esporte. Sua passagem pelo clube espanhol foi coroada com 25 trof\u00e9us, incluindo cinco t\u00edtulos da Liga dos Campe\u00f5es, consolidando-se como um dos maiores laterais da hist\u00f3ria do time madrilenho<strong><a href=\"https:\/\/www.gaveanews.com\/index.php\/2025\/02\/06\/real-madrid-vini-jr-faz-publicacao-direcionada-a-marcelo\/\"> (leia a mat\u00e9ria completa).<\/a><\/strong><\/p>\n\n\n\n<figure class=\"wp-block-image size-full\"><img loading=\"lazy\" decoding=\"async\" width=\"774\" height=\"436\" src=\"http:\/\/www.gaveanews.com\/wp-content\/uploads\/Marcelo-pelo-Fluminense.webp\" alt=\"\" class=\"wp-image-167658\" srcset=\"https:\/\/www.gaveanews.com\/wp-content\/uploads\/Marcelo-pelo-Fluminense.webp 774w, https:\/\/www.gaveanews.com\/wp-content\/uploads\/Marcelo-pelo-Fluminense-300x169.webp 300w, https:\/\/www.gaveanews.com\/wp-content\/uploads\/Marcelo-pelo-Fluminense-768x433.webp 768w, https:\/\/www.gaveanews.com\/wp-content\/uploads\/Marcelo-pelo-Fluminense-746x420.webp 746w, https:\/\/www.gaveanews.com\/wp-content\/uploads\/Marcelo-pelo-Fluminense-640x361.webp 640w, https:\/\/www.gaveanews.com\/wp-content\/uploads\/Marcelo-pelo-Fluminense-681x384.webp 681w, https:\/\/www.gaveanews.com\/wp-content\/uploads\/Marcelo-pelo-Fluminense-100x56.webp 100w\" sizes=\"auto, (max-width: 774px) 100vw, 774px\" \/><figcaption class=\"wp-element-caption\">Marcelo pelo Fluminense (Foto: Mailson Santana\/Fluminense)<\/figcaption><\/figure>\n\n\n\n<p>Marcelo tamb\u00e9m deixou sua marca na sele\u00e7\u00e3o brasileira, tendo participado das Copas do Mundo de 2014 e 2018, al\u00e9m de conquistar duas medalhas ol\u00edmpicas e a Copa das Confedera\u00e7\u00f5es em 2013. Em seu retorno ao Fluminense, em 2023, ajudou o clube a conquistar a in\u00e9dita Libertadores, o Campeonato Carioca e a Recopa Sul-Americana. Seu ciclo nas Laranjeiras se encerrou ap\u00f3s um desentendimento com o t\u00e9cnico Mano Menezes, durante uma partida, o que culminou na rescis\u00e3o contratual em dezembro.<\/p>\n\n\n\n<p>Ap\u00f3s o an\u00fancio, Vin\u00edcius J\u00fanior, atacante do Real Madrid, prestou homenagem ao ex-companheiro, destacando a import\u00e2ncia de Marcelo em sua adapta\u00e7\u00e3o ao clube espanhol e exaltando seu legado como um dos grandes nomes do futebol mundial. A despedida do lateral emocionou torcedores e atletas, que celebraram a brilhante trajet\u00f3ria de um jogador que se destacou n\u00e3o apenas pela habilidade t\u00e9cnica, mas tamb\u00e9m pela lideran\u00e7a e carisma ao longo de sua carreira.<\/p>\n","protected":false},"excerpt":{"rendered":"<p>Nas \u00faltimas horas, o foco das not\u00edcias sobre o Real Madrid se concentram nos bastidores do clube, com destaques do dia a dia do time. Por conta deste contexto, leia abaixo um resumo preparado pela equipe do portal G\u00e1vea News para lhe manter muito bem informado! Renova\u00e7\u00e3o de contrato Vinicius J\u00fanior e o Real Madrid [&hellip;]<\/p>\n","protected":false},"author":27,"featured_media":120916,"comment_status":"open","ping_status":"closed","sticky":false,"template":"","format":"standard","meta":{"footnotes":""},"categories":[88],"tags":[],"class_list":["post-227701","post","type-post","status-publish","format-standard","has-post-thumbnail","hentry","category-real-madrid"],"yoast_head":"<!-- This site is optimized with the Yoast SEO Premium plugin v24.2 (Yoast SEO v26.9) - https:\/\/yoast.com\/product\/yoast-seo-premium-wordpress\/ -->\n<title>Publica\u00e7\u00e3o direcionada a Marcelo, declara\u00e7\u00e3o de Ancelotti e renova\u00e7\u00e3o de contrato: as \u00faltimas not\u00edcias do Real Madrid<\/title>\n<meta name=\"robots\" content=\"index, follow, max-snippet:-1, max-image-preview:large, max-video-preview:-1\" \/>\n<link rel=\"canonical\" href=\"https:\/\/www.gaveanews.com\/index.php\/2025\/02\/14\/publicacao-direcionada-a-marcelo-declaracao-de-ancelotti-e-renovacao-de-contrato-as-ultimas-noticias-do-real-madrid\/\" \/>\n<meta property=\"og:locale\" content=\"pt_BR\" \/>\n<meta property=\"og:type\" content=\"article\" \/>\n<meta property=\"og:title\" content=\"Publica\u00e7\u00e3o direcionada a Marcelo, declara\u00e7\u00e3o de Ancelotti e renova\u00e7\u00e3o de contrato: as \u00faltimas not\u00edcias do Real Madrid\" \/>\n<meta property=\"og:description\" content=\"Nas \u00faltimas horas, o foco das not\u00edcias sobre o Real Madrid se concentram nos bastidores do clube, com destaques do dia a dia do time. Por conta deste contexto, leia abaixo um resumo preparado pela equipe do portal G\u00e1vea News para lhe manter muito bem informado! Renova\u00e7\u00e3o de contrato Vinicius J\u00fanior e o Real Madrid [&hellip;]\" \/>\n<meta property=\"og:url\" content=\"https:\/\/www.gaveanews.com\/index.php\/2025\/02\/14\/publicacao-direcionada-a-marcelo-declaracao-de-ancelotti-e-renovacao-de-contrato-as-ultimas-noticias-do-real-madrid\/\" \/>\n<meta property=\"og:site_name\" content=\"G\u00e1vea News\" \/>\n<meta property=\"article:publisher\" content=\"https:\/\/facebook.com\/gaveaNews\/\" \/>\n<meta property=\"article:published_time\" content=\"2025-02-14T09:50:00+00:00\" \/>\n<meta property=\"og:image\" content=\"https:\/\/www.gaveanews.com\/wp-content\/uploads\/real-madrid.webp\" \/>\n\t<meta property=\"og:image:width\" content=\"906\" \/>\n\t<meta property=\"og:image:height\" content=\"509\" \/>\n\t<meta property=\"og:image:type\" content=\"image\/jpeg\" \/>\n<meta name=\"author\" content=\"Matheus Felipe\" \/>\n<meta name=\"twitter:card\" content=\"summary_large_image\" \/>\n<meta name=\"twitter:label1\" content=\"Escrito por\" \/>\n\t<meta name=\"twitter:data1\" content=\"Matheus Felipe\" \/>\n\t<meta name=\"twitter:label2\" content=\"Est. tempo de leitura\" \/>\n\t<meta name=\"twitter:data2\" content=\"6 minutos\" \/>\n<script type=\"application\/ld+json\" class=\"yoast-schema-graph\">{\"@context\":\"https:\/\/schema.org\",\"@graph\":[{\"@type\":\"NewsArticle\",\"@id\":\"https:\/\/www.gaveanews.com\/index.php\/2025\/02\/14\/publicacao-direcionada-a-marcelo-declaracao-de-ancelotti-e-renovacao-de-contrato-as-ultimas-noticias-do-real-madrid\/#article\",\"isPartOf\":{\"@id\":\"https:\/\/www.gaveanews.com\/index.php\/2025\/02\/14\/publicacao-direcionada-a-marcelo-declaracao-de-ancelotti-e-renovacao-de-contrato-as-ultimas-noticias-do-real-madrid\/\"},\"author\":{\"name\":\"Matheus Felipe\",\"@id\":\"https:\/\/www.gaveanews.com\/#\/schema\/person\/8207cd4627f56151707418bfc835b2fb\"},\"headline\":\"Publica\u00e7\u00e3o direcionada a Marcelo, declara\u00e7\u00e3o de Ancelotti e renova\u00e7\u00e3o de contrato: as \u00faltimas not\u00edcias do Real Madrid\",\"datePublished\":\"2025-02-14T09:50:00+00:00\",\"mainEntityOfPage\":{\"@id\":\"https:\/\/www.gaveanews.com\/index.php\/2025\/02\/14\/publicacao-direcionada-a-marcelo-declaracao-de-ancelotti-e-renovacao-de-contrato-as-ultimas-noticias-do-real-madrid\/\"},\"wordCount\":948,\"commentCount\":0,\"image\":{\"@id\":\"https:\/\/www.gaveanews.com\/index.php\/2025\/02\/14\/publicacao-direcionada-a-marcelo-declaracao-de-ancelotti-e-renovacao-de-contrato-as-ultimas-noticias-do-real-madrid\/#primaryimage\"},\"thumbnailUrl\":\"https:\/\/www.gaveanews.com\/wp-content\/uploads\/real-madrid.webp\",\"articleSection\":[\"Real Madrid\"],\"inLanguage\":\"pt-BR\",\"potentialAction\":[{\"@type\":\"CommentAction\",\"name\":\"Comment\",\"target\":[\"https:\/\/www.gaveanews.com\/index.php\/2025\/02\/14\/publicacao-direcionada-a-marcelo-declaracao-de-ancelotti-e-renovacao-de-contrato-as-ultimas-noticias-do-real-madrid\/#respond\"]}],\"copyrightYear\":\"2025\",\"copyrightHolder\":{\"@id\":\"https:\/\/www.gaveanews.com\/#organization\"}},{\"@type\":\"WebPage\",\"@id\":\"https:\/\/www.gaveanews.com\/index.php\/2025\/02\/14\/publicacao-direcionada-a-marcelo-declaracao-de-ancelotti-e-renovacao-de-contrato-as-ultimas-noticias-do-real-madrid\/\",\"url\":\"https:\/\/www.gaveanews.com\/index.php\/2025\/02\/14\/publicacao-direcionada-a-marcelo-declaracao-de-ancelotti-e-renovacao-de-contrato-as-ultimas-noticias-do-real-madrid\/\",\"name\":\"Publica\u00e7\u00e3o direcionada a Marcelo, declara\u00e7\u00e3o de Ancelotti e renova\u00e7\u00e3o de contrato: as \u00faltimas not\u00edcias do Real Madrid\",\"isPartOf\":{\"@id\":\"https:\/\/www.gaveanews.com\/#website\"},\"primaryImageOfPage\":{\"@id\":\"https:\/\/www.gaveanews.com\/index.php\/2025\/02\/14\/publicacao-direcionada-a-marcelo-declaracao-de-ancelotti-e-renovacao-de-contrato-as-ultimas-noticias-do-real-madrid\/#primaryimage\"},\"image\":{\"@id\":\"https:\/\/www.gaveanews.com\/index.php\/2025\/02\/14\/publicacao-direcionada-a-marcelo-declaracao-de-ancelotti-e-renovacao-de-contrato-as-ultimas-noticias-do-real-madrid\/#primaryimage\"},\"thumbnailUrl\":\"https:\/\/www.gaveanews.com\/wp-content\/uploads\/real-madrid.webp\",\"datePublished\":\"2025-02-14T09:50:00+00:00\",\"author\":{\"@id\":\"https:\/\/www.gaveanews.com\/#\/schema\/person\/8207cd4627f56151707418bfc835b2fb\"},\"breadcrumb\":{\"@id\":\"https:\/\/www.gaveanews.com\/index.php\/2025\/02\/14\/publicacao-direcionada-a-marcelo-declaracao-de-ancelotti-e-renovacao-de-contrato-as-ultimas-noticias-do-real-madrid\/#breadcrumb\"},\"inLanguage\":\"pt-BR\",\"potentialAction\":[{\"@type\":\"ReadAction\",\"target\":[\"https:\/\/www.gaveanews.com\/index.php\/2025\/02\/14\/publicacao-direcionada-a-marcelo-declaracao-de-ancelotti-e-renovacao-de-contrato-as-ultimas-noticias-do-real-madrid\/\"]}]},{\"@type\":\"ImageObject\",\"inLanguage\":\"pt-BR\",\"@id\":\"https:\/\/www.gaveanews.com\/index.php\/2025\/02\/14\/publicacao-direcionada-a-marcelo-declaracao-de-ancelotti-e-renovacao-de-contrato-as-ultimas-noticias-do-real-madrid\/#primaryimage\",\"url\":\"https:\/\/www.gaveanews.com\/wp-content\/uploads\/real-madrid.webp\",\"contentUrl\":\"https:\/\/www.gaveanews.com\/wp-content\/uploads\/real-madrid.webp\",\"width\":906,\"height\":509,\"caption\":\"Escudo do Real Madrid (Foto: Reprodu\u00e7\u00e3o)\"},{\"@type\":\"BreadcrumbList\",\"@id\":\"https:\/\/www.gaveanews.com\/index.php\/2025\/02\/14\/publicacao-direcionada-a-marcelo-declaracao-de-ancelotti-e-renovacao-de-contrato-as-ultimas-noticias-do-real-madrid\/#breadcrumb\",\"itemListElement\":[{\"@type\":\"ListItem\",\"position\":1,\"name\":\"Home\",\"item\":\"https:\/\/www.gaveanews.com\/\"},{\"@type\":\"ListItem\",\"position\":2,\"name\":\"Publica\u00e7\u00e3o direcionada a Marcelo, declara\u00e7\u00e3o de Ancelotti e renova\u00e7\u00e3o de contrato: as \u00faltimas not\u00edcias do Real Madrid\"}]},{\"@type\":\"WebSite\",\"@id\":\"https:\/\/www.gaveanews.com\/#website\",\"url\":\"https:\/\/www.gaveanews.com\/\",\"name\":\"G\u00e1vea News\",\"description\":\"Veja todas as not\u00edcias sobre o Flamengo: Contrata\u00e7\u00f5es, categorias de base, resultados das partidas, tabela de classifica\u00e7\u00e3o, pr\u00f3ximos jogos!\",\"potentialAction\":[{\"@type\":\"SearchAction\",\"target\":{\"@type\":\"EntryPoint\",\"urlTemplate\":\"https:\/\/www.gaveanews.com\/?s={search_term_string}\"},\"query-input\":{\"@type\":\"PropertyValueSpecification\",\"valueRequired\":true,\"valueName\":\"search_term_string\"}}],\"inLanguage\":\"pt-BR\"},{\"@type\":\"Person\",\"@id\":\"https:\/\/www.gaveanews.com\/#\/schema\/person\/8207cd4627f56151707418bfc835b2fb\",\"name\":\"Matheus Felipe\",\"image\":{\"@type\":\"ImageObject\",\"inLanguage\":\"pt-BR\",\"@id\":\"https:\/\/www.gaveanews.com\/#\/schema\/person\/image\/\",\"url\":\"https:\/\/secure.gravatar.com\/avatar\/a452ffbed9130f726358b298bb3a99ce4bd3c5338411f8440e87e14d74c7c087?s=96&d=mm&r=g\",\"contentUrl\":\"https:\/\/secure.gravatar.com\/avatar\/a452ffbed9130f726358b298bb3a99ce4bd3c5338411f8440e87e14d74c7c087?s=96&d=mm&r=g\",\"caption\":\"Matheus Felipe\"}}]}<\/script>\n<!-- \/ Yoast SEO Premium plugin. -->","yoast_head_json":{"title":"Publica\u00e7\u00e3o direcionada a Marcelo, declara\u00e7\u00e3o de Ancelotti e renova\u00e7\u00e3o de contrato: as \u00faltimas not\u00edcias do Real Madrid","robots":{"index":"index","follow":"follow","max-snippet":"max-snippet:-1","max-image-preview":"max-image-preview:large","max-video-preview":"max-video-preview:-1"},"canonical":"https:\/\/www.gaveanews.com\/index.php\/2025\/02\/14\/publicacao-direcionada-a-marcelo-declaracao-de-ancelotti-e-renovacao-de-contrato-as-ultimas-noticias-do-real-madrid\/","og_locale":"pt_BR","og_type":"article","og_title":"Publica\u00e7\u00e3o direcionada a Marcelo, declara\u00e7\u00e3o de Ancelotti e renova\u00e7\u00e3o de contrato: as \u00faltimas not\u00edcias do Real Madrid","og_description":"Nas \u00faltimas horas, o foco das not\u00edcias sobre o Real Madrid se concentram nos bastidores do clube, com destaques do dia a dia do time. Por conta deste contexto, leia abaixo um resumo preparado pela equipe do portal G\u00e1vea News para lhe manter muito bem informado! Renova\u00e7\u00e3o de contrato Vinicius J\u00fanior e o Real Madrid [&hellip;]","og_url":"https:\/\/www.gaveanews.com\/index.php\/2025\/02\/14\/publicacao-direcionada-a-marcelo-declaracao-de-ancelotti-e-renovacao-de-contrato-as-ultimas-noticias-do-real-madrid\/","og_site_name":"G\u00e1vea News","article_publisher":"https:\/\/facebook.com\/gaveaNews\/","article_published_time":"2025-02-14T09:50:00+00:00","og_image":[{"width":906,"height":509,"url":"https:\/\/www.gaveanews.com\/wp-content\/uploads\/real-madrid.webp","type":"image\/jpeg"}],"author":"Matheus Felipe","twitter_card":"summary_large_image","twitter_misc":{"Escrito por":"Matheus Felipe","Est. tempo de leitura":"6 minutos"},"schema":{"@context":"https:\/\/schema.org","@graph":[{"@type":"NewsArticle","@id":"https:\/\/www.gaveanews.com\/index.php\/2025\/02\/14\/publicacao-direcionada-a-marcelo-declaracao-de-ancelotti-e-renovacao-de-contrato-as-ultimas-noticias-do-real-madrid\/#article","isPartOf":{"@id":"https:\/\/www.gaveanews.com\/index.php\/2025\/02\/14\/publicacao-direcionada-a-marcelo-declaracao-de-ancelotti-e-renovacao-de-contrato-as-ultimas-noticias-do-real-madrid\/"},"author":{"name":"Matheus Felipe","@id":"https:\/\/www.gaveanews.com\/#\/schema\/person\/8207cd4627f56151707418bfc835b2fb"},"headline":"Publica\u00e7\u00e3o direcionada a Marcelo, declara\u00e7\u00e3o de Ancelotti e renova\u00e7\u00e3o de contrato: as \u00faltimas not\u00edcias do Real Madrid","datePublished":"2025-02-14T09:50:00+00:00","mainEntityOfPage":{"@id":"https:\/\/www.gaveanews.com\/index.php\/2025\/02\/14\/publicacao-direcionada-a-marcelo-declaracao-de-ancelotti-e-renovacao-de-contrato-as-ultimas-noticias-do-real-madrid\/"},"wordCount":948,"commentCount":0,"image":{"@id":"https:\/\/www.gaveanews.com\/index.php\/2025\/02\/14\/publicacao-direcionada-a-marcelo-declaracao-de-ancelotti-e-renovacao-de-contrato-as-ultimas-noticias-do-real-madrid\/#primaryimage"},"thumbnailUrl":"https:\/\/www.gaveanews.com\/wp-content\/uploads\/real-madrid.webp","articleSection":["Real Madrid"],"inLanguage":"pt-BR","potentialAction":[{"@type":"CommentAction","name":"Comment","target":["https:\/\/www.gaveanews.com\/index.php\/2025\/02\/14\/publicacao-direcionada-a-marcelo-declaracao-de-ancelotti-e-renovacao-de-contrato-as-ultimas-noticias-do-real-madrid\/#respond"]}],"copyrightYear":"2025","copyrightHolder":{"@id":"https:\/\/www.gaveanews.com\/#organization"}},{"@type":"WebPage","@id":"https:\/\/www.gaveanews.com\/index.php\/2025\/02\/14\/publicacao-direcionada-a-marcelo-declaracao-de-ancelotti-e-renovacao-de-contrato-as-ultimas-noticias-do-real-madrid\/","url":"https:\/\/www.gaveanews.com\/index.php\/2025\/02\/14\/publicacao-direcionada-a-marcelo-declaracao-de-ancelotti-e-renovacao-de-contrato-as-ultimas-noticias-do-real-madrid\/","name":"Publica\u00e7\u00e3o direcionada a Marcelo, declara\u00e7\u00e3o de Ancelotti e renova\u00e7\u00e3o de contrato: as \u00faltimas not\u00edcias do Real Madrid","isPartOf":{"@id":"https:\/\/www.gaveanews.com\/#website"},"primaryImageOfPage":{"@id":"https:\/\/www.gaveanews.com\/index.php\/2025\/02\/14\/publicacao-direcionada-a-marcelo-declaracao-de-ancelotti-e-renovacao-de-contrato-as-ultimas-noticias-do-real-madrid\/#primaryimage"},"image":{"@id":"https:\/\/www.gaveanews.com\/index.php\/2025\/02\/14\/publicacao-direcionada-a-marcelo-declaracao-de-ancelotti-e-renovacao-de-contrato-as-ultimas-noticias-do-real-madrid\/#primaryimage"},"thumbnailUrl":"https:\/\/www.gaveanews.com\/wp-content\/uploads\/real-madrid.webp","datePublished":"2025-02-14T09:50:00+00:00","author":{"@id":"https:\/\/www.gaveanews.com\/#\/schema\/person\/8207cd4627f56151707418bfc835b2fb"},"breadcrumb":{"@id":"https:\/\/www.gaveanews.com\/index.php\/2025\/02\/14\/publicacao-direcionada-a-marcelo-declaracao-de-ancelotti-e-renovacao-de-contrato-as-ultimas-noticias-do-real-madrid\/#breadcrumb"},"inLanguage":"pt-BR","potentialAction":[{"@type":"ReadAction","target":["https:\/\/www.gaveanews.com\/index.php\/2025\/02\/14\/publicacao-direcionada-a-marcelo-declaracao-de-ancelotti-e-renovacao-de-contrato-as-ultimas-noticias-do-real-madrid\/"]}]},{"@type":"ImageObject","inLanguage":"pt-BR","@id":"https:\/\/www.gaveanews.com\/index.php\/2025\/02\/14\/publicacao-direcionada-a-marcelo-declaracao-de-ancelotti-e-renovacao-de-contrato-as-ultimas-noticias-do-real-madrid\/#primaryimage","url":"https:\/\/www.gaveanews.com\/wp-content\/uploads\/real-madrid.webp","contentUrl":"https:\/\/www.gaveanews.com\/wp-content\/uploads\/real-madrid.webp","width":906,"height":509,"caption":"Escudo do Real Madrid (Foto: Reprodu\u00e7\u00e3o)"},{"@type":"BreadcrumbList","@id":"https:\/\/www.gaveanews.com\/index.php\/2025\/02\/14\/publicacao-direcionada-a-marcelo-declaracao-de-ancelotti-e-renovacao-de-contrato-as-ultimas-noticias-do-real-madrid\/#breadcrumb","itemListElement":[{"@type":"ListItem","position":1,"name":"Home","item":"https:\/\/www.gaveanews.com\/"},{"@type":"ListItem","position":2,"name":"Publica\u00e7\u00e3o direcionada a Marcelo, declara\u00e7\u00e3o de Ancelotti e renova\u00e7\u00e3o de contrato: as \u00faltimas not\u00edcias do Real Madrid"}]},{"@type":"WebSite","@id":"https:\/\/www.gaveanews.com\/#website","url":"https:\/\/www.gaveanews.com\/","name":"G\u00e1vea News","description":"Veja todas as not\u00edcias sobre o Flamengo: Contrata\u00e7\u00f5es, categorias de base, resultados das partidas, tabela de classifica\u00e7\u00e3o, pr\u00f3ximos jogos!","potentialAction":[{"@type":"SearchAction","target":{"@type":"EntryPoint","urlTemplate":"https:\/\/www.gaveanews.com\/?s={search_term_string}"},"query-input":{"@type":"PropertyValueSpecification","valueRequired":true,"valueName":"search_term_string"}}],"inLanguage":"pt-BR"},{"@type":"Person","@id":"https:\/\/www.gaveanews.com\/#\/schema\/person\/8207cd4627f56151707418bfc835b2fb","name":"Matheus Felipe","image":{"@type":"ImageObject","inLanguage":"pt-BR","@id":"https:\/\/www.gaveanews.com\/#\/schema\/person\/image\/","url":"https:\/\/secure.gravatar.com\/avatar\/a452ffbed9130f726358b298bb3a99ce4bd3c5338411f8440e87e14d74c7c087?s=96&d=mm&r=g","contentUrl":"https:\/\/secure.gravatar.com\/avatar\/a452ffbed9130f726358b298bb3a99ce4bd3c5338411f8440e87e14d74c7c087?s=96&d=mm&r=g","caption":"Matheus Felipe"}}]}},"_links":{"self":[{"href":"https:\/\/www.gaveanews.com\/index.php\/wp-json\/wp\/v2\/posts\/227701","targetHints":{"allow":["GET"]}}],"collection":[{"href":"https:\/\/www.gaveanews.com\/index.php\/wp-json\/wp\/v2\/posts"}],"about":[{"href":"https:\/\/www.gaveanews.com\/index.php\/wp-json\/wp\/v2\/types\/post"}],"author":[{"embeddable":true,"href":"https:\/\/www.gaveanews.com\/index.php\/wp-json\/wp\/v2\/users\/27"}],"replies":[{"embeddable":true,"href":"https:\/\/www.gaveanews.com\/index.php\/wp-json\/wp\/v2\/comments?post=227701"}],"version-history":[{"count":1,"href":"https:\/\/www.gaveanews.com\/index.php\/wp-json\/wp\/v2\/posts\/227701\/revisions"}],"predecessor-version":[{"id":227717,"href":"https:\/\/www.gaveanews.com\/index.php\/wp-json\/wp\/v2\/posts\/227701\/revisions\/227717"}],"wp:featuredmedia":[{"embeddable":true,"href":"https:\/\/www.gaveanews.com\/index.php\/wp-json\/wp\/v2\/media\/120916"}],"wp:attachment":[{"href":"https:\/\/www.gaveanews.com\/index.php\/wp-json\/wp\/v2\/media?parent=227701"}],"wp:term":[{"taxonomy":"category","embeddable":true,"href":"https:\/\/www.gaveanews.com\/index.php\/wp-json\/wp\/v2\/categories?post=227701"},{"taxonomy":"post_tag","embeddable":true,"href":"https:\/\/www.gaveanews.com\/index.php\/wp-json\/wp\/v2\/tags?post=227701"}],"curies":[{"name":"wp","href":"https:\/\/api.w.org\/{rel}","templated":true}]}}