{"id":227833,"date":"2025-02-14T14:35:00","date_gmt":"2025-02-14T17:35:00","guid":{"rendered":"https:\/\/www.gaveanews.com\/?p=227833"},"modified":"2025-02-14T14:29:40","modified_gmt":"2025-02-14T17:29:40","slug":"vasco-pode-ter-reforco-importante-para-classico-contra-o-flamengo","status":"publish","type":"post","link":"https:\/\/www.gaveanews.com\/index.php\/2025\/02\/14\/vasco-pode-ter-reforco-importante-para-classico-contra-o-flamengo\/","title":{"rendered":"Vasco pode ter refor\u00e7o importante para cl\u00e1ssico contra o Flamengo"},"content":{"rendered":"\n<p>Nas proximidades do confronto decisivo contra o Flamengo, o treinador F\u00e1bio Carille ainda n\u00e3o definiu a equipe do Vasco que entrar\u00e1 em campo para a pen\u00faltima rodada do Campeonato Carioca, agendada para esse s\u00e1bado (15), \u00e0s 21h45, no est\u00e1dio do Maracan\u00e3.<\/p>\n\n\n\n<p>Portanto, o t\u00e9cnico precisa estabelecer a equipe ap\u00f3s os treinos programados para esta sexta-feira (14). Uma novidade significativa \u00e9 o retorno de Paulinho e Coutinho \u00e0 equipe principal.<\/p>\n\n\n\n<p>\u00c9 importante salientar que ambos os atletas foram poupados contra o Sampaio Corr\u00eaa. Paulinho devido a fadiga f\u00edsica, enquanto Coutinho estava tratando um edema na coxa direita.<\/p>\n\n\n\n<figure class=\"wp-block-image size-full\"><img loading=\"lazy\" decoding=\"async\" width=\"640\" height=\"800\" src=\"http:\/\/www.gaveanews.com\/wp-content\/uploads\/Philippe-Coutinho-durante-sua-chegada-a-Arena-MRV-para-o-jogo-entre-Atletico-MG-x-Vasco-pelo-Brasileirao-2024.webp\" alt=\"\" class=\"wp-image-153524\" srcset=\"https:\/\/www.gaveanews.com\/wp-content\/uploads\/Philippe-Coutinho-durante-sua-chegada-a-Arena-MRV-para-o-jogo-entre-Atletico-MG-x-Vasco-pelo-Brasileirao-2024.webp 640w, https:\/\/www.gaveanews.com\/wp-content\/uploads\/Philippe-Coutinho-durante-sua-chegada-a-Arena-MRV-para-o-jogo-entre-Atletico-MG-x-Vasco-pelo-Brasileirao-2024-240x300.webp 240w, https:\/\/www.gaveanews.com\/wp-content\/uploads\/Philippe-Coutinho-durante-sua-chegada-a-Arena-MRV-para-o-jogo-entre-Atletico-MG-x-Vasco-pelo-Brasileirao-2024-336x420.webp 336w, https:\/\/www.gaveanews.com\/wp-content\/uploads\/Philippe-Coutinho-durante-sua-chegada-a-Arena-MRV-para-o-jogo-entre-Atletico-MG-x-Vasco-pelo-Brasileirao-2024-100x125.webp 100w\" sizes=\"auto, (max-width: 640px) 100vw, 640px\" \/><figcaption class=\"wp-element-caption\">Philippe Coutinho  (Foto: Leandro Amorim\/Vasco)<\/figcaption><\/figure>\n\n\n\n<p>Durante o cl\u00e1ssico com o Fluminense, o meio-campista reclamou de dores musculares. Ele atuou apenas por 30 minutos, mas fez o gol do Vasco na derrota por 2 a 1. Na temporada, Coutinho marcou dois gols.<\/p>\n\n\n\n<p>O atleta participou sem restri\u00e7\u00f5es da \u00faltima atividade do CT Moacyr Barbosa, o que motivou a equipe de Carille a contar com o talento no crucial jogo pelo Estadual.<\/p>\n\n\n\n<p>Portanto, o Vasco deve jogar com a m\u00e1xima for\u00e7a. A equipe acumula 14 pontos na competi\u00e7\u00e3o e corre o risco de n\u00e3o se manter no G4 nesta rodada.<\/p>\n\n\n\n<h2 class=\"wp-block-heading\" id=\"h-cbf-divulga-lista-de-jogos-do-vasco-no-brasileirao\">CBF divulga lista de jogos do Vasco no Brasileir\u00e3o<\/h2>\n\n\n\n<p>O Vasco j\u00e1 conhece o trajeto que precisar\u00e1 seguir no Brasileir\u00e3o de 2025. Nesta quarta-feira (12), a Diretoria de Competi\u00e7\u00f5es da CBF revelou a tabela da S\u00e9rie A do Campeonato Brasileiro de 2025. O documento indica as datas de in\u00edcio das 38 etapas do torneio.<\/p>\n\n\n\n<h2 class=\"wp-block-heading\" id=\"h-confira-os-jogos-do-vasco-no-brasileirao-2025\">Confira os jogos do Vasco no Brasileir\u00e3o 2025<\/h2>\n\n\n\n<ul class=\"wp-block-list\">\n<li><strong>1\u00aa Rodada<\/strong>: Vasco da Gama x Santos<\/li>\n\n\n\n<li><strong>2\u00aa Rodada<\/strong>: Corinthians x Vasco da Gama<\/li>\n\n\n\n<li><strong>3\u00aa Rodada<\/strong>: Vasco da Gama x Sport<\/li>\n\n\n\n<li><strong>4\u00aa Rodada<\/strong>: Cear\u00e1 x Vasco da Gama<\/li>\n\n\n\n<li><strong>5\u00aa Rodada<\/strong>: Vasco da Gama x Flamengo<\/li>\n\n\n\n<li><strong>6\u00aa Rodada<\/strong>: Cruzeiro x Vasco da Gama<\/li>\n\n\n\n<li><strong>7\u00aa Rodada<\/strong>: Vasco da Gama x Palmeiras<\/li>\n\n\n\n<li><strong>8\u00aa Rodada<\/strong>: Vit\u00f3ria x Vasco da Gama<\/li>\n\n\n\n<li><strong>9\u00aa Rodada<\/strong>: Vasco da Gama x Fortaleza<\/li>\n\n\n\n<li><strong>10\u00aa Rodada<\/strong>: Fluminense x Vasco da Gama<\/li>\n\n\n\n<li><strong>11\u00aa Rodada<\/strong>: Vasco da Gama x Red Bull Bragantino<\/li>\n\n\n\n<li><strong>12\u00aa Rodada<\/strong>: S\u00e3o Paulo x Vasco da Gama<\/li>\n\n\n\n<li><strong>13\u00aa Rodada<\/strong>: Vasco da Gama x Botafogo<\/li>\n\n\n\n<li><strong>14\u00aa Rodada<\/strong>: Juventude x Vasco da Gama<\/li>\n\n\n\n<li><strong>15\u00aa Rodada<\/strong>: Vasco da Gama x Gr\u00eamio<\/li>\n\n\n\n<li><strong>16\u00aa Rodada<\/strong>: Vasco da Gama x Bahia<\/li>\n\n\n\n<li><strong>17\u00aa Rodada<\/strong>: Internacional x Vasco da Gama<\/li>\n\n\n\n<li><strong>18\u00aa Rodada<\/strong>: Mirassol x Vasco da Gama<\/li>\n\n\n\n<li><strong>19\u00aa Rodada<\/strong>: Vasco da Gama x Atl\u00e9tico<\/li>\n\n\n\n<li><strong>20\u00aa Rodada<\/strong>: Santos x Vasco da Gama<\/li>\n\n\n\n<li><strong>21\u00aa Rodada<\/strong>: Vasco da Gama x Corinthians<\/li>\n\n\n\n<li><strong>22\u00aa Rodada<\/strong>: Sport x Vasco da Gama<\/li>\n\n\n\n<li><strong>23\u00aa Rodada<\/strong>: Vasco da Gama x Cear\u00e1<\/li>\n\n\n\n<li><strong>24\u00aa Rodada<\/strong>: Flamengo x Vasco da Gama<\/li>\n\n\n\n<li><strong>25\u00aa Rodada<\/strong>: Vasco da Gama x Cruzeiro<\/li>\n\n\n\n<li><strong>26\u00aa Rodada<\/strong>: Palmeiras x Vasco da Gama<\/li>\n\n\n\n<li><strong>27\u00aa Rodada<\/strong>: Vasco da Gama x Vit\u00f3ria<\/li>\n\n\n\n<li><strong>28\u00aa Rodada<\/strong>: Fortaleza x Vasco da Gama<\/li>\n\n\n\n<li><strong>29\u00aa Rodada<\/strong>: Vasco da Gama x Fluminense<\/li>\n\n\n\n<li><strong>30\u00aa Rodada<\/strong>: Red Bull Bragantino x Vasco da Gama<\/li>\n\n\n\n<li><strong>31\u00aa Rodada<\/strong>: Vasco da Gama x S\u00e3o Paulo<\/li>\n\n\n\n<li><strong>32\u00aa Rodada<\/strong>: Botafogo x Vasco da Gama<\/li>\n\n\n\n<li><strong>33\u00aa Rodada<\/strong>: Vasco da Gama x Juventude<\/li>\n\n\n\n<li><strong>34\u00aa Rodada<\/strong>: Gr\u00eamio x Vasco da Gama<\/li>\n\n\n\n<li><strong>35\u00aa Rodada<\/strong>: Bahia x Vasco da Gama<\/li>\n\n\n\n<li><strong>36\u00aa Rodada<\/strong>: Vasco da Gama x Internacional<\/li>\n\n\n\n<li><strong>37\u00aa Rodada<\/strong>: Vasco da Gama x Mirassol<\/li>\n\n\n\n<li><strong>38\u00aa Rodada<\/strong>: Atl\u00e9tico x Vasco da Gama<\/li>\n<\/ul>\n","protected":false},"excerpt":{"rendered":"<p>Nas proximidades do confronto decisivo contra o Flamengo, o treinador F\u00e1bio Carille ainda n\u00e3o definiu a equipe do Vasco que entrar\u00e1 em campo para a pen\u00faltima rodada do Campeonato Carioca, agendada para esse s\u00e1bado (15), \u00e0s 21h45, no est\u00e1dio do Maracan\u00e3. Portanto, o t\u00e9cnico precisa estabelecer a equipe ap\u00f3s os treinos programados para esta sexta-feira [&hellip;]<\/p>\n","protected":false},"author":16,"featured_media":220356,"comment_status":"open","ping_status":"closed","sticky":false,"template":"","format":"standard","meta":{"footnotes":""},"categories":[152],"tags":[],"class_list":["post-227833","post","type-post","status-publish","format-standard","has-post-thumbnail","hentry","category-vasco"],"yoast_head":"<!-- This site is optimized with the Yoast SEO Premium plugin v24.2 (Yoast SEO v26.9) - https:\/\/yoast.com\/product\/yoast-seo-premium-wordpress\/ -->\n<title>Vasco pode ter refor\u00e7o importante para cl\u00e1ssico contra o Flamengo<\/title>\n<meta name=\"robots\" content=\"index, follow, max-snippet:-1, max-image-preview:large, max-video-preview:-1\" \/>\n<link rel=\"canonical\" href=\"https:\/\/www.gaveanews.com\/index.php\/2025\/02\/14\/vasco-pode-ter-reforco-importante-para-classico-contra-o-flamengo\/\" \/>\n<meta property=\"og:locale\" content=\"pt_BR\" \/>\n<meta property=\"og:type\" content=\"article\" \/>\n<meta property=\"og:title\" content=\"Vasco pode ter refor\u00e7o importante para cl\u00e1ssico contra o Flamengo\" \/>\n<meta property=\"og:description\" content=\"Nas proximidades do confronto decisivo contra o Flamengo, o treinador F\u00e1bio Carille ainda n\u00e3o definiu a equipe do Vasco que entrar\u00e1 em campo para a pen\u00faltima rodada do Campeonato Carioca, agendada para esse s\u00e1bado (15), \u00e0s 21h45, no est\u00e1dio do Maracan\u00e3. Portanto, o t\u00e9cnico precisa estabelecer a equipe ap\u00f3s os treinos programados para esta sexta-feira [&hellip;]\" \/>\n<meta property=\"og:url\" content=\"https:\/\/www.gaveanews.com\/index.php\/2025\/02\/14\/vasco-pode-ter-reforco-importante-para-classico-contra-o-flamengo\/\" \/>\n<meta property=\"og:site_name\" content=\"G\u00e1vea News\" \/>\n<meta property=\"article:publisher\" content=\"https:\/\/facebook.com\/gaveaNews\/\" \/>\n<meta property=\"article:published_time\" content=\"2025-02-14T17:35:00+00:00\" \/>\n<meta property=\"og:image\" content=\"https:\/\/www.gaveanews.com\/wp-content\/uploads\/Carille-apresentado-pelo-Vasco.webp\" \/>\n\t<meta property=\"og:image:width\" content=\"1501\" \/>\n\t<meta property=\"og:image:height\" content=\"1000\" \/>\n\t<meta property=\"og:image:type\" content=\"image\/jpeg\" \/>\n<meta name=\"author\" content=\"D\u00e9bora Figueiredo\" \/>\n<meta name=\"twitter:card\" content=\"summary_large_image\" \/>\n<meta name=\"twitter:label1\" content=\"Escrito por\" \/>\n\t<meta name=\"twitter:data1\" content=\"D\u00e9bora Figueiredo\" \/>\n\t<meta name=\"twitter:label2\" content=\"Est. tempo de leitura\" \/>\n\t<meta name=\"twitter:data2\" content=\"4 minutos\" \/>\n<script type=\"application\/ld+json\" class=\"yoast-schema-graph\">{\"@context\":\"https:\/\/schema.org\",\"@graph\":[{\"@type\":\"NewsArticle\",\"@id\":\"https:\/\/www.gaveanews.com\/index.php\/2025\/02\/14\/vasco-pode-ter-reforco-importante-para-classico-contra-o-flamengo\/#article\",\"isPartOf\":{\"@id\":\"https:\/\/www.gaveanews.com\/index.php\/2025\/02\/14\/vasco-pode-ter-reforco-importante-para-classico-contra-o-flamengo\/\"},\"author\":{\"name\":\"D\u00e9bora Figueiredo\",\"@id\":\"https:\/\/www.gaveanews.com\/#\/schema\/person\/37122681a8575a5c8db05a56f099a5e4\"},\"headline\":\"Vasco pode ter refor\u00e7o importante para cl\u00e1ssico contra o Flamengo\",\"datePublished\":\"2025-02-14T17:35:00+00:00\",\"mainEntityOfPage\":{\"@id\":\"https:\/\/www.gaveanews.com\/index.php\/2025\/02\/14\/vasco-pode-ter-reforco-importante-para-classico-contra-o-flamengo\/\"},\"wordCount\":518,\"commentCount\":0,\"image\":{\"@id\":\"https:\/\/www.gaveanews.com\/index.php\/2025\/02\/14\/vasco-pode-ter-reforco-importante-para-classico-contra-o-flamengo\/#primaryimage\"},\"thumbnailUrl\":\"https:\/\/www.gaveanews.com\/wp-content\/uploads\/Carille-apresentado-pelo-Vasco.webp\",\"articleSection\":[\"Vasco\"],\"inLanguage\":\"pt-BR\",\"potentialAction\":[{\"@type\":\"CommentAction\",\"name\":\"Comment\",\"target\":[\"https:\/\/www.gaveanews.com\/index.php\/2025\/02\/14\/vasco-pode-ter-reforco-importante-para-classico-contra-o-flamengo\/#respond\"]}],\"copyrightYear\":\"2025\",\"copyrightHolder\":{\"@id\":\"https:\/\/www.gaveanews.com\/#organization\"}},{\"@type\":\"WebPage\",\"@id\":\"https:\/\/www.gaveanews.com\/index.php\/2025\/02\/14\/vasco-pode-ter-reforco-importante-para-classico-contra-o-flamengo\/\",\"url\":\"https:\/\/www.gaveanews.com\/index.php\/2025\/02\/14\/vasco-pode-ter-reforco-importante-para-classico-contra-o-flamengo\/\",\"name\":\"Vasco pode ter refor\u00e7o importante para cl\u00e1ssico contra o Flamengo\",\"isPartOf\":{\"@id\":\"https:\/\/www.gaveanews.com\/#website\"},\"primaryImageOfPage\":{\"@id\":\"https:\/\/www.gaveanews.com\/index.php\/2025\/02\/14\/vasco-pode-ter-reforco-importante-para-classico-contra-o-flamengo\/#primaryimage\"},\"image\":{\"@id\":\"https:\/\/www.gaveanews.com\/index.php\/2025\/02\/14\/vasco-pode-ter-reforco-importante-para-classico-contra-o-flamengo\/#primaryimage\"},\"thumbnailUrl\":\"https:\/\/www.gaveanews.com\/wp-content\/uploads\/Carille-apresentado-pelo-Vasco.webp\",\"datePublished\":\"2025-02-14T17:35:00+00:00\",\"author\":{\"@id\":\"https:\/\/www.gaveanews.com\/#\/schema\/person\/37122681a8575a5c8db05a56f099a5e4\"},\"breadcrumb\":{\"@id\":\"https:\/\/www.gaveanews.com\/index.php\/2025\/02\/14\/vasco-pode-ter-reforco-importante-para-classico-contra-o-flamengo\/#breadcrumb\"},\"inLanguage\":\"pt-BR\",\"potentialAction\":[{\"@type\":\"ReadAction\",\"target\":[\"https:\/\/www.gaveanews.com\/index.php\/2025\/02\/14\/vasco-pode-ter-reforco-importante-para-classico-contra-o-flamengo\/\"]}]},{\"@type\":\"ImageObject\",\"inLanguage\":\"pt-BR\",\"@id\":\"https:\/\/www.gaveanews.com\/index.php\/2025\/02\/14\/vasco-pode-ter-reforco-importante-para-classico-contra-o-flamengo\/#primaryimage\",\"url\":\"https:\/\/www.gaveanews.com\/wp-content\/uploads\/Carille-apresentado-pelo-Vasco.webp\",\"contentUrl\":\"https:\/\/www.gaveanews.com\/wp-content\/uploads\/Carille-apresentado-pelo-Vasco.webp\",\"width\":1501,\"height\":1000,\"caption\":\"Carille apresentado pelo Vasco (Foto: Divulga\u00e7\u00e3o)\"},{\"@type\":\"BreadcrumbList\",\"@id\":\"https:\/\/www.gaveanews.com\/index.php\/2025\/02\/14\/vasco-pode-ter-reforco-importante-para-classico-contra-o-flamengo\/#breadcrumb\",\"itemListElement\":[{\"@type\":\"ListItem\",\"position\":1,\"name\":\"Home\",\"item\":\"https:\/\/www.gaveanews.com\/\"},{\"@type\":\"ListItem\",\"position\":2,\"name\":\"Vasco pode ter refor\u00e7o importante para cl\u00e1ssico contra o Flamengo\"}]},{\"@type\":\"WebSite\",\"@id\":\"https:\/\/www.gaveanews.com\/#website\",\"url\":\"https:\/\/www.gaveanews.com\/\",\"name\":\"G\u00e1vea News\",\"description\":\"Veja todas as not\u00edcias sobre o Flamengo: Contrata\u00e7\u00f5es, categorias de base, resultados das partidas, tabela de classifica\u00e7\u00e3o, pr\u00f3ximos jogos!\",\"potentialAction\":[{\"@type\":\"SearchAction\",\"target\":{\"@type\":\"EntryPoint\",\"urlTemplate\":\"https:\/\/www.gaveanews.com\/?s={search_term_string}\"},\"query-input\":{\"@type\":\"PropertyValueSpecification\",\"valueRequired\":true,\"valueName\":\"search_term_string\"}}],\"inLanguage\":\"pt-BR\"},{\"@type\":\"Person\",\"@id\":\"https:\/\/www.gaveanews.com\/#\/schema\/person\/37122681a8575a5c8db05a56f099a5e4\",\"name\":\"D\u00e9bora Figueiredo\",\"image\":{\"@type\":\"ImageObject\",\"inLanguage\":\"pt-BR\",\"@id\":\"https:\/\/www.gaveanews.com\/#\/schema\/person\/image\/\",\"url\":\"https:\/\/secure.gravatar.com\/avatar\/1f44802859351588499d26f52aed1d15796ce17e67602895b72837c08018868d?s=96&d=mm&r=g\",\"contentUrl\":\"https:\/\/secure.gravatar.com\/avatar\/1f44802859351588499d26f52aed1d15796ce17e67602895b72837c08018868d?s=96&d=mm&r=g\",\"caption\":\"D\u00e9bora Figueiredo\"}}]}<\/script>\n<!-- \/ Yoast SEO Premium plugin. -->","yoast_head_json":{"title":"Vasco pode ter refor\u00e7o importante para cl\u00e1ssico contra o Flamengo","robots":{"index":"index","follow":"follow","max-snippet":"max-snippet:-1","max-image-preview":"max-image-preview:large","max-video-preview":"max-video-preview:-1"},"canonical":"https:\/\/www.gaveanews.com\/index.php\/2025\/02\/14\/vasco-pode-ter-reforco-importante-para-classico-contra-o-flamengo\/","og_locale":"pt_BR","og_type":"article","og_title":"Vasco pode ter refor\u00e7o importante para cl\u00e1ssico contra o Flamengo","og_description":"Nas proximidades do confronto decisivo contra o Flamengo, o treinador F\u00e1bio Carille ainda n\u00e3o definiu a equipe do Vasco que entrar\u00e1 em campo para a pen\u00faltima rodada do Campeonato Carioca, agendada para esse s\u00e1bado (15), \u00e0s 21h45, no est\u00e1dio do Maracan\u00e3. Portanto, o t\u00e9cnico precisa estabelecer a equipe ap\u00f3s os treinos programados para esta sexta-feira [&hellip;]","og_url":"https:\/\/www.gaveanews.com\/index.php\/2025\/02\/14\/vasco-pode-ter-reforco-importante-para-classico-contra-o-flamengo\/","og_site_name":"G\u00e1vea News","article_publisher":"https:\/\/facebook.com\/gaveaNews\/","article_published_time":"2025-02-14T17:35:00+00:00","og_image":[{"width":1501,"height":1000,"url":"https:\/\/www.gaveanews.com\/wp-content\/uploads\/Carille-apresentado-pelo-Vasco.webp","type":"image\/jpeg"}],"author":"D\u00e9bora Figueiredo","twitter_card":"summary_large_image","twitter_misc":{"Escrito por":"D\u00e9bora Figueiredo","Est. tempo de leitura":"4 minutos"},"schema":{"@context":"https:\/\/schema.org","@graph":[{"@type":"NewsArticle","@id":"https:\/\/www.gaveanews.com\/index.php\/2025\/02\/14\/vasco-pode-ter-reforco-importante-para-classico-contra-o-flamengo\/#article","isPartOf":{"@id":"https:\/\/www.gaveanews.com\/index.php\/2025\/02\/14\/vasco-pode-ter-reforco-importante-para-classico-contra-o-flamengo\/"},"author":{"name":"D\u00e9bora Figueiredo","@id":"https:\/\/www.gaveanews.com\/#\/schema\/person\/37122681a8575a5c8db05a56f099a5e4"},"headline":"Vasco pode ter refor\u00e7o importante para cl\u00e1ssico contra o Flamengo","datePublished":"2025-02-14T17:35:00+00:00","mainEntityOfPage":{"@id":"https:\/\/www.gaveanews.com\/index.php\/2025\/02\/14\/vasco-pode-ter-reforco-importante-para-classico-contra-o-flamengo\/"},"wordCount":518,"commentCount":0,"image":{"@id":"https:\/\/www.gaveanews.com\/index.php\/2025\/02\/14\/vasco-pode-ter-reforco-importante-para-classico-contra-o-flamengo\/#primaryimage"},"thumbnailUrl":"https:\/\/www.gaveanews.com\/wp-content\/uploads\/Carille-apresentado-pelo-Vasco.webp","articleSection":["Vasco"],"inLanguage":"pt-BR","potentialAction":[{"@type":"CommentAction","name":"Comment","target":["https:\/\/www.gaveanews.com\/index.php\/2025\/02\/14\/vasco-pode-ter-reforco-importante-para-classico-contra-o-flamengo\/#respond"]}],"copyrightYear":"2025","copyrightHolder":{"@id":"https:\/\/www.gaveanews.com\/#organization"}},{"@type":"WebPage","@id":"https:\/\/www.gaveanews.com\/index.php\/2025\/02\/14\/vasco-pode-ter-reforco-importante-para-classico-contra-o-flamengo\/","url":"https:\/\/www.gaveanews.com\/index.php\/2025\/02\/14\/vasco-pode-ter-reforco-importante-para-classico-contra-o-flamengo\/","name":"Vasco pode ter refor\u00e7o importante para cl\u00e1ssico contra o Flamengo","isPartOf":{"@id":"https:\/\/www.gaveanews.com\/#website"},"primaryImageOfPage":{"@id":"https:\/\/www.gaveanews.com\/index.php\/2025\/02\/14\/vasco-pode-ter-reforco-importante-para-classico-contra-o-flamengo\/#primaryimage"},"image":{"@id":"https:\/\/www.gaveanews.com\/index.php\/2025\/02\/14\/vasco-pode-ter-reforco-importante-para-classico-contra-o-flamengo\/#primaryimage"},"thumbnailUrl":"https:\/\/www.gaveanews.com\/wp-content\/uploads\/Carille-apresentado-pelo-Vasco.webp","datePublished":"2025-02-14T17:35:00+00:00","author":{"@id":"https:\/\/www.gaveanews.com\/#\/schema\/person\/37122681a8575a5c8db05a56f099a5e4"},"breadcrumb":{"@id":"https:\/\/www.gaveanews.com\/index.php\/2025\/02\/14\/vasco-pode-ter-reforco-importante-para-classico-contra-o-flamengo\/#breadcrumb"},"inLanguage":"pt-BR","potentialAction":[{"@type":"ReadAction","target":["https:\/\/www.gaveanews.com\/index.php\/2025\/02\/14\/vasco-pode-ter-reforco-importante-para-classico-contra-o-flamengo\/"]}]},{"@type":"ImageObject","inLanguage":"pt-BR","@id":"https:\/\/www.gaveanews.com\/index.php\/2025\/02\/14\/vasco-pode-ter-reforco-importante-para-classico-contra-o-flamengo\/#primaryimage","url":"https:\/\/www.gaveanews.com\/wp-content\/uploads\/Carille-apresentado-pelo-Vasco.webp","contentUrl":"https:\/\/www.gaveanews.com\/wp-content\/uploads\/Carille-apresentado-pelo-Vasco.webp","width":1501,"height":1000,"caption":"Carille apresentado pelo Vasco (Foto: Divulga\u00e7\u00e3o)"},{"@type":"BreadcrumbList","@id":"https:\/\/www.gaveanews.com\/index.php\/2025\/02\/14\/vasco-pode-ter-reforco-importante-para-classico-contra-o-flamengo\/#breadcrumb","itemListElement":[{"@type":"ListItem","position":1,"name":"Home","item":"https:\/\/www.gaveanews.com\/"},{"@type":"ListItem","position":2,"name":"Vasco pode ter refor\u00e7o importante para cl\u00e1ssico contra o Flamengo"}]},{"@type":"WebSite","@id":"https:\/\/www.gaveanews.com\/#website","url":"https:\/\/www.gaveanews.com\/","name":"G\u00e1vea News","description":"Veja todas as not\u00edcias sobre o Flamengo: Contrata\u00e7\u00f5es, categorias de base, resultados das partidas, tabela de classifica\u00e7\u00e3o, pr\u00f3ximos jogos!","potentialAction":[{"@type":"SearchAction","target":{"@type":"EntryPoint","urlTemplate":"https:\/\/www.gaveanews.com\/?s={search_term_string}"},"query-input":{"@type":"PropertyValueSpecification","valueRequired":true,"valueName":"search_term_string"}}],"inLanguage":"pt-BR"},{"@type":"Person","@id":"https:\/\/www.gaveanews.com\/#\/schema\/person\/37122681a8575a5c8db05a56f099a5e4","name":"D\u00e9bora Figueiredo","image":{"@type":"ImageObject","inLanguage":"pt-BR","@id":"https:\/\/www.gaveanews.com\/#\/schema\/person\/image\/","url":"https:\/\/secure.gravatar.com\/avatar\/1f44802859351588499d26f52aed1d15796ce17e67602895b72837c08018868d?s=96&d=mm&r=g","contentUrl":"https:\/\/secure.gravatar.com\/avatar\/1f44802859351588499d26f52aed1d15796ce17e67602895b72837c08018868d?s=96&d=mm&r=g","caption":"D\u00e9bora Figueiredo"}}]}},"_links":{"self":[{"href":"https:\/\/www.gaveanews.com\/index.php\/wp-json\/wp\/v2\/posts\/227833","targetHints":{"allow":["GET"]}}],"collection":[{"href":"https:\/\/www.gaveanews.com\/index.php\/wp-json\/wp\/v2\/posts"}],"about":[{"href":"https:\/\/www.gaveanews.com\/index.php\/wp-json\/wp\/v2\/types\/post"}],"author":[{"embeddable":true,"href":"https:\/\/www.gaveanews.com\/index.php\/wp-json\/wp\/v2\/users\/16"}],"replies":[{"embeddable":true,"href":"https:\/\/www.gaveanews.com\/index.php\/wp-json\/wp\/v2\/comments?post=227833"}],"version-history":[{"count":1,"href":"https:\/\/www.gaveanews.com\/index.php\/wp-json\/wp\/v2\/posts\/227833\/revisions"}],"predecessor-version":[{"id":227835,"href":"https:\/\/www.gaveanews.com\/index.php\/wp-json\/wp\/v2\/posts\/227833\/revisions\/227835"}],"wp:featuredmedia":[{"embeddable":true,"href":"https:\/\/www.gaveanews.com\/index.php\/wp-json\/wp\/v2\/media\/220356"}],"wp:attachment":[{"href":"https:\/\/www.gaveanews.com\/index.php\/wp-json\/wp\/v2\/media?parent=227833"}],"wp:term":[{"taxonomy":"category","embeddable":true,"href":"https:\/\/www.gaveanews.com\/index.php\/wp-json\/wp\/v2\/categories?post=227833"},{"taxonomy":"post_tag","embeddable":true,"href":"https:\/\/www.gaveanews.com\/index.php\/wp-json\/wp\/v2\/tags?post=227833"}],"curies":[{"name":"wp","href":"https:\/\/api.w.org\/{rel}","templated":true}]}}