{"id":22795,"date":"2019-07-10T00:13:42","date_gmt":"2019-07-10T03:13:42","guid":{"rendered":"http:\/\/www.gaveanews.com\/?p=22795"},"modified":"2019-07-10T00:13:43","modified_gmt":"2019-07-10T03:13:43","slug":"veja-a-provavel-escalacao-do-flamengo-para-a-partida-contra-o-athletico","status":"publish","type":"post","link":"https:\/\/www.gaveanews.com\/index.php\/2019\/07\/10\/veja-a-provavel-escalacao-do-flamengo-para-a-partida-contra-o-athletico\/","title":{"rendered":"Veja a prov\u00e1vel escala\u00e7\u00e3o do Flamengo para a partida contra o Athletico"},"content":{"rendered":"\n<p>O calend\u00e1rio do futebol brasileiro est\u00e1 de volta e o retorno j\u00e1 \u00e9 com mata-mata da Copa do Brasil. Nesta quarta-feira (10), o Flamengo vai at\u00e9 Curitiba enfrentar o Athletico Paranaense pelo primeiro jogo das quartas de final. A bola rola \u00e0s 21h30, na Arena da Baixada.<\/p>\n\n\n\n<p>A partida marca a estreia de Jorge Jesus, do lateral Rafinha, mas a escala\u00e7\u00e3o oficial ainda \u00e9 um mist\u00e9rio. Isso porque o treinador portugu\u00eas fechou praticamente todos os treinamentos nessa reta final de prepara\u00e7\u00e3o. No entanto, a tend\u00eancia \u00e9 que o time n\u00e3o fuja muito do que fui utilizado no jogo-treino contra o Madureira.<\/p>\n\n\n\n<p>Sendo assim, o Flamengo deve ir a campo com a seguinte escala\u00e7\u00e3o: Diego Alves, Rafinha, L\u00e9o Duarte, Rodrigo Caio e Ren\u00ea; Cu\u00e9llar, Diego, Vitinho, Arrascaeta e Bruno Henrique; Gabigol. O volante Willian Ar\u00e3o deve come\u00e7ar como op\u00e7\u00e3o no banco de reservas. Everton Ribeiro, voltando de les\u00e3o, tamb\u00e9m fica no banco.<\/p>\n\n\n\n<p>O rubro-negro segue atento ao mercado, por\u00e9m o prazo de inscri\u00e7\u00f5es para a Copa do Brasil se encerra nesta ter\u00e7a-feira (09). Com isso, a equipe s\u00f3 ganhou o refor\u00e7o de Rafinha na parada para a Copa Am\u00e9rica. Filipe Lu\u00eds, Gerson e outros poss\u00edveis nomes ainda podem chegar ao Fla, mas apenas para as demais competi\u00e7\u00f5es.<\/p>\n\n\n\n\n\n<p>Retirado de: Torcedores<\/p>\n","protected":false},"excerpt":{"rendered":"<p>O calend\u00e1rio do futebol brasileiro est\u00e1 de volta e o retorno j\u00e1 \u00e9 com mata-mata da Copa do Brasil. Nesta quarta-feira (10), o Flamengo vai at\u00e9 Curitiba enfrentar o Athletico Paranaense pelo primeiro jogo das quartas de final. A bola rola \u00e0s 21h30, na Arena da Baixada. A partida marca a estreia de Jorge Jesus, [&hellip;]<\/p>\n","protected":false},"author":1,"featured_media":22716,"comment_status":"open","ping_status":"open","sticky":false,"template":"","format":"standard","meta":{"footnotes":""},"categories":[1],"tags":[],"class_list":["post-22795","post","type-post","status-publish","format-standard","has-post-thumbnail","hentry","category-flamengo"],"yoast_head":"<!-- This site is optimized with the Yoast SEO Premium plugin v24.2 (Yoast SEO v26.9) - https:\/\/yoast.com\/product\/yoast-seo-premium-wordpress\/ -->\n<title>Veja a prov\u00e1vel escala\u00e7\u00e3o do Flamengo para a partida contra o Athletico<\/title>\n<meta name=\"description\" content=\"Rubro-negro visita o Furac\u00e3o nesta quarta-feira pelo primeiro jogo das quartas de final da Copa do Brasil. Partida marca estreia de Jorge Jesus e Rafinha.\" \/>\n<meta name=\"robots\" content=\"index, follow, max-snippet:-1, max-image-preview:large, max-video-preview:-1\" \/>\n<link rel=\"canonical\" href=\"https:\/\/www.gaveanews.com\/index.php\/2019\/07\/10\/veja-a-provavel-escalacao-do-flamengo-para-a-partida-contra-o-athletico\/\" \/>\n<meta property=\"og:locale\" content=\"pt_BR\" \/>\n<meta property=\"og:type\" content=\"article\" \/>\n<meta property=\"og:title\" content=\"Veja a prov\u00e1vel escala\u00e7\u00e3o do Flamengo para a partida contra o Athletico\" \/>\n<meta property=\"og:description\" content=\"Rubro-negro visita o Furac\u00e3o nesta quarta-feira pelo primeiro jogo das quartas de final da Copa do Brasil. Partida marca estreia de Jorge Jesus e Rafinha.\" \/>\n<meta property=\"og:url\" content=\"https:\/\/www.gaveanews.com\/index.php\/2019\/07\/10\/veja-a-provavel-escalacao-do-flamengo-para-a-partida-contra-o-athletico\/\" \/>\n<meta property=\"og:site_name\" content=\"G\u00e1vea News\" \/>\n<meta property=\"article:publisher\" content=\"https:\/\/facebook.com\/gaveaNews\/\" \/>\n<meta property=\"article:published_time\" content=\"2019-07-10T03:13:42+00:00\" \/>\n<meta property=\"article:modified_time\" content=\"2019-07-10T03:13:43+00:00\" \/>\n<meta property=\"og:image\" content=\"https:\/\/www.gaveanews.com\/wp-content\/uploads\/2019\/07\/Rafinha-durante-treinamento-no-Ninho-Do-Urubu.webp\" \/>\n\t<meta property=\"og:image:width\" content=\"901\" \/>\n\t<meta property=\"og:image:height\" content=\"600\" \/>\n\t<meta property=\"og:image:type\" content=\"image\/jpeg\" \/>\n<meta name=\"author\" content=\"Equipe G\u00e1vea News\" \/>\n<meta name=\"twitter:card\" content=\"summary_large_image\" \/>\n<meta name=\"twitter:label1\" content=\"Escrito por\" \/>\n\t<meta name=\"twitter:data1\" content=\"Equipe G\u00e1vea News\" \/>\n\t<meta name=\"twitter:label2\" content=\"Est. tempo de leitura\" \/>\n\t<meta name=\"twitter:data2\" content=\"1 minuto\" \/>\n<script type=\"application\/ld+json\" class=\"yoast-schema-graph\">{\"@context\":\"https:\/\/schema.org\",\"@graph\":[{\"@type\":\"NewsArticle\",\"@id\":\"https:\/\/www.gaveanews.com\/index.php\/2019\/07\/10\/veja-a-provavel-escalacao-do-flamengo-para-a-partida-contra-o-athletico\/#article\",\"isPartOf\":{\"@id\":\"https:\/\/www.gaveanews.com\/index.php\/2019\/07\/10\/veja-a-provavel-escalacao-do-flamengo-para-a-partida-contra-o-athletico\/\"},\"author\":{\"name\":\"Equipe G\u00e1vea News\",\"@id\":\"https:\/\/www.gaveanews.com\/#\/schema\/person\/2ec14f73fb96be2caf28f91afb14749d\"},\"headline\":\"Veja a prov\u00e1vel escala\u00e7\u00e3o do Flamengo para a partida contra o Athletico\",\"datePublished\":\"2019-07-10T03:13:42+00:00\",\"dateModified\":\"2019-07-10T03:13:43+00:00\",\"mainEntityOfPage\":{\"@id\":\"https:\/\/www.gaveanews.com\/index.php\/2019\/07\/10\/veja-a-provavel-escalacao-do-flamengo-para-a-partida-contra-o-athletico\/\"},\"wordCount\":241,\"commentCount\":0,\"image\":{\"@id\":\"https:\/\/www.gaveanews.com\/index.php\/2019\/07\/10\/veja-a-provavel-escalacao-do-flamengo-para-a-partida-contra-o-athletico\/#primaryimage\"},\"thumbnailUrl\":\"https:\/\/www.gaveanews.com\/wp-content\/uploads\/2019\/07\/Rafinha-durante-treinamento-no-Ninho-Do-Urubu.webp\",\"articleSection\":[\"Flamengo\"],\"inLanguage\":\"pt-BR\",\"potentialAction\":[{\"@type\":\"CommentAction\",\"name\":\"Comment\",\"target\":[\"https:\/\/www.gaveanews.com\/index.php\/2019\/07\/10\/veja-a-provavel-escalacao-do-flamengo-para-a-partida-contra-o-athletico\/#respond\"]}],\"copyrightYear\":\"2019\",\"copyrightHolder\":{\"@id\":\"https:\/\/www.gaveanews.com\/#organization\"}},{\"@type\":\"WebPage\",\"@id\":\"https:\/\/www.gaveanews.com\/index.php\/2019\/07\/10\/veja-a-provavel-escalacao-do-flamengo-para-a-partida-contra-o-athletico\/\",\"url\":\"https:\/\/www.gaveanews.com\/index.php\/2019\/07\/10\/veja-a-provavel-escalacao-do-flamengo-para-a-partida-contra-o-athletico\/\",\"name\":\"Veja a prov\u00e1vel escala\u00e7\u00e3o do Flamengo para a partida contra o Athletico\",\"isPartOf\":{\"@id\":\"https:\/\/www.gaveanews.com\/#website\"},\"primaryImageOfPage\":{\"@id\":\"https:\/\/www.gaveanews.com\/index.php\/2019\/07\/10\/veja-a-provavel-escalacao-do-flamengo-para-a-partida-contra-o-athletico\/#primaryimage\"},\"image\":{\"@id\":\"https:\/\/www.gaveanews.com\/index.php\/2019\/07\/10\/veja-a-provavel-escalacao-do-flamengo-para-a-partida-contra-o-athletico\/#primaryimage\"},\"thumbnailUrl\":\"https:\/\/www.gaveanews.com\/wp-content\/uploads\/2019\/07\/Rafinha-durante-treinamento-no-Ninho-Do-Urubu.webp\",\"datePublished\":\"2019-07-10T03:13:42+00:00\",\"dateModified\":\"2019-07-10T03:13:43+00:00\",\"author\":{\"@id\":\"https:\/\/www.gaveanews.com\/#\/schema\/person\/2ec14f73fb96be2caf28f91afb14749d\"},\"description\":\"Rubro-negro visita o Furac\u00e3o nesta quarta-feira pelo primeiro jogo das quartas de final da Copa do Brasil. Partida marca estreia de Jorge Jesus e Rafinha.\",\"breadcrumb\":{\"@id\":\"https:\/\/www.gaveanews.com\/index.php\/2019\/07\/10\/veja-a-provavel-escalacao-do-flamengo-para-a-partida-contra-o-athletico\/#breadcrumb\"},\"inLanguage\":\"pt-BR\",\"potentialAction\":[{\"@type\":\"ReadAction\",\"target\":[\"https:\/\/www.gaveanews.com\/index.php\/2019\/07\/10\/veja-a-provavel-escalacao-do-flamengo-para-a-partida-contra-o-athletico\/\"]}]},{\"@type\":\"ImageObject\",\"inLanguage\":\"pt-BR\",\"@id\":\"https:\/\/www.gaveanews.com\/index.php\/2019\/07\/10\/veja-a-provavel-escalacao-do-flamengo-para-a-partida-contra-o-athletico\/#primaryimage\",\"url\":\"https:\/\/www.gaveanews.com\/wp-content\/uploads\/2019\/07\/Rafinha-durante-treinamento-no-Ninho-Do-Urubu.webp\",\"contentUrl\":\"https:\/\/www.gaveanews.com\/wp-content\/uploads\/2019\/07\/Rafinha-durante-treinamento-no-Ninho-Do-Urubu.webp\",\"width\":901,\"height\":600,\"caption\":\"Rafinha durante treinamento no Ninho Do Urubu (Foto: Alexandre Vidal\/Flamengo)\"},{\"@type\":\"BreadcrumbList\",\"@id\":\"https:\/\/www.gaveanews.com\/index.php\/2019\/07\/10\/veja-a-provavel-escalacao-do-flamengo-para-a-partida-contra-o-athletico\/#breadcrumb\",\"itemListElement\":[{\"@type\":\"ListItem\",\"position\":1,\"name\":\"Home\",\"item\":\"https:\/\/www.gaveanews.com\/\"},{\"@type\":\"ListItem\",\"position\":2,\"name\":\"Veja a prov\u00e1vel escala\u00e7\u00e3o do Flamengo para a partida contra o Athletico\"}]},{\"@type\":\"WebSite\",\"@id\":\"https:\/\/www.gaveanews.com\/#website\",\"url\":\"https:\/\/www.gaveanews.com\/\",\"name\":\"G\u00e1vea News\",\"description\":\"Veja todas as not\u00edcias sobre o Flamengo: Contrata\u00e7\u00f5es, categorias de base, resultados das partidas, tabela de classifica\u00e7\u00e3o, pr\u00f3ximos jogos!\",\"potentialAction\":[{\"@type\":\"SearchAction\",\"target\":{\"@type\":\"EntryPoint\",\"urlTemplate\":\"https:\/\/www.gaveanews.com\/?s={search_term_string}\"},\"query-input\":{\"@type\":\"PropertyValueSpecification\",\"valueRequired\":true,\"valueName\":\"search_term_string\"}}],\"inLanguage\":\"pt-BR\"},{\"@type\":\"Person\",\"@id\":\"https:\/\/www.gaveanews.com\/#\/schema\/person\/2ec14f73fb96be2caf28f91afb14749d\",\"name\":\"Equipe G\u00e1vea News\",\"image\":{\"@type\":\"ImageObject\",\"inLanguage\":\"pt-BR\",\"@id\":\"https:\/\/www.gaveanews.com\/#\/schema\/person\/image\/\",\"url\":\"https:\/\/secure.gravatar.com\/avatar\/1e1956f1facbffd3f8fa53a326721950116b3b9dc9bd44939c01180fd4a745a9?s=96&d=mm&r=g\",\"contentUrl\":\"https:\/\/secure.gravatar.com\/avatar\/1e1956f1facbffd3f8fa53a326721950116b3b9dc9bd44939c01180fd4a745a9?s=96&d=mm&r=g\",\"caption\":\"Equipe G\u00e1vea News\"}}]}<\/script>\n<!-- \/ Yoast SEO Premium plugin. -->","yoast_head_json":{"title":"Veja a prov\u00e1vel escala\u00e7\u00e3o do Flamengo para a partida contra o Athletico","description":"Rubro-negro visita o Furac\u00e3o nesta quarta-feira pelo primeiro jogo das quartas de final da Copa do Brasil. Partida marca estreia de Jorge Jesus e Rafinha.","robots":{"index":"index","follow":"follow","max-snippet":"max-snippet:-1","max-image-preview":"max-image-preview:large","max-video-preview":"max-video-preview:-1"},"canonical":"https:\/\/www.gaveanews.com\/index.php\/2019\/07\/10\/veja-a-provavel-escalacao-do-flamengo-para-a-partida-contra-o-athletico\/","og_locale":"pt_BR","og_type":"article","og_title":"Veja a prov\u00e1vel escala\u00e7\u00e3o do Flamengo para a partida contra o Athletico","og_description":"Rubro-negro visita o Furac\u00e3o nesta quarta-feira pelo primeiro jogo das quartas de final da Copa do Brasil. Partida marca estreia de Jorge Jesus e Rafinha.","og_url":"https:\/\/www.gaveanews.com\/index.php\/2019\/07\/10\/veja-a-provavel-escalacao-do-flamengo-para-a-partida-contra-o-athletico\/","og_site_name":"G\u00e1vea News","article_publisher":"https:\/\/facebook.com\/gaveaNews\/","article_published_time":"2019-07-10T03:13:42+00:00","article_modified_time":"2019-07-10T03:13:43+00:00","og_image":[{"width":901,"height":600,"url":"https:\/\/www.gaveanews.com\/wp-content\/uploads\/2019\/07\/Rafinha-durante-treinamento-no-Ninho-Do-Urubu.webp","type":"image\/jpeg"}],"author":"Equipe G\u00e1vea News","twitter_card":"summary_large_image","twitter_misc":{"Escrito por":"Equipe G\u00e1vea News","Est. tempo de leitura":"1 minuto"},"schema":{"@context":"https:\/\/schema.org","@graph":[{"@type":"NewsArticle","@id":"https:\/\/www.gaveanews.com\/index.php\/2019\/07\/10\/veja-a-provavel-escalacao-do-flamengo-para-a-partida-contra-o-athletico\/#article","isPartOf":{"@id":"https:\/\/www.gaveanews.com\/index.php\/2019\/07\/10\/veja-a-provavel-escalacao-do-flamengo-para-a-partida-contra-o-athletico\/"},"author":{"name":"Equipe G\u00e1vea News","@id":"https:\/\/www.gaveanews.com\/#\/schema\/person\/2ec14f73fb96be2caf28f91afb14749d"},"headline":"Veja a prov\u00e1vel escala\u00e7\u00e3o do Flamengo para a partida contra o Athletico","datePublished":"2019-07-10T03:13:42+00:00","dateModified":"2019-07-10T03:13:43+00:00","mainEntityOfPage":{"@id":"https:\/\/www.gaveanews.com\/index.php\/2019\/07\/10\/veja-a-provavel-escalacao-do-flamengo-para-a-partida-contra-o-athletico\/"},"wordCount":241,"commentCount":0,"image":{"@id":"https:\/\/www.gaveanews.com\/index.php\/2019\/07\/10\/veja-a-provavel-escalacao-do-flamengo-para-a-partida-contra-o-athletico\/#primaryimage"},"thumbnailUrl":"https:\/\/www.gaveanews.com\/wp-content\/uploads\/2019\/07\/Rafinha-durante-treinamento-no-Ninho-Do-Urubu.webp","articleSection":["Flamengo"],"inLanguage":"pt-BR","potentialAction":[{"@type":"CommentAction","name":"Comment","target":["https:\/\/www.gaveanews.com\/index.php\/2019\/07\/10\/veja-a-provavel-escalacao-do-flamengo-para-a-partida-contra-o-athletico\/#respond"]}],"copyrightYear":"2019","copyrightHolder":{"@id":"https:\/\/www.gaveanews.com\/#organization"}},{"@type":"WebPage","@id":"https:\/\/www.gaveanews.com\/index.php\/2019\/07\/10\/veja-a-provavel-escalacao-do-flamengo-para-a-partida-contra-o-athletico\/","url":"https:\/\/www.gaveanews.com\/index.php\/2019\/07\/10\/veja-a-provavel-escalacao-do-flamengo-para-a-partida-contra-o-athletico\/","name":"Veja a prov\u00e1vel escala\u00e7\u00e3o do Flamengo para a partida contra o Athletico","isPartOf":{"@id":"https:\/\/www.gaveanews.com\/#website"},"primaryImageOfPage":{"@id":"https:\/\/www.gaveanews.com\/index.php\/2019\/07\/10\/veja-a-provavel-escalacao-do-flamengo-para-a-partida-contra-o-athletico\/#primaryimage"},"image":{"@id":"https:\/\/www.gaveanews.com\/index.php\/2019\/07\/10\/veja-a-provavel-escalacao-do-flamengo-para-a-partida-contra-o-athletico\/#primaryimage"},"thumbnailUrl":"https:\/\/www.gaveanews.com\/wp-content\/uploads\/2019\/07\/Rafinha-durante-treinamento-no-Ninho-Do-Urubu.webp","datePublished":"2019-07-10T03:13:42+00:00","dateModified":"2019-07-10T03:13:43+00:00","author":{"@id":"https:\/\/www.gaveanews.com\/#\/schema\/person\/2ec14f73fb96be2caf28f91afb14749d"},"description":"Rubro-negro visita o Furac\u00e3o nesta quarta-feira pelo primeiro jogo das quartas de final da Copa do Brasil. Partida marca estreia de Jorge Jesus e Rafinha.","breadcrumb":{"@id":"https:\/\/www.gaveanews.com\/index.php\/2019\/07\/10\/veja-a-provavel-escalacao-do-flamengo-para-a-partida-contra-o-athletico\/#breadcrumb"},"inLanguage":"pt-BR","potentialAction":[{"@type":"ReadAction","target":["https:\/\/www.gaveanews.com\/index.php\/2019\/07\/10\/veja-a-provavel-escalacao-do-flamengo-para-a-partida-contra-o-athletico\/"]}]},{"@type":"ImageObject","inLanguage":"pt-BR","@id":"https:\/\/www.gaveanews.com\/index.php\/2019\/07\/10\/veja-a-provavel-escalacao-do-flamengo-para-a-partida-contra-o-athletico\/#primaryimage","url":"https:\/\/www.gaveanews.com\/wp-content\/uploads\/2019\/07\/Rafinha-durante-treinamento-no-Ninho-Do-Urubu.webp","contentUrl":"https:\/\/www.gaveanews.com\/wp-content\/uploads\/2019\/07\/Rafinha-durante-treinamento-no-Ninho-Do-Urubu.webp","width":901,"height":600,"caption":"Rafinha durante treinamento no Ninho Do Urubu (Foto: Alexandre Vidal\/Flamengo)"},{"@type":"BreadcrumbList","@id":"https:\/\/www.gaveanews.com\/index.php\/2019\/07\/10\/veja-a-provavel-escalacao-do-flamengo-para-a-partida-contra-o-athletico\/#breadcrumb","itemListElement":[{"@type":"ListItem","position":1,"name":"Home","item":"https:\/\/www.gaveanews.com\/"},{"@type":"ListItem","position":2,"name":"Veja a prov\u00e1vel escala\u00e7\u00e3o do Flamengo para a partida contra o Athletico"}]},{"@type":"WebSite","@id":"https:\/\/www.gaveanews.com\/#website","url":"https:\/\/www.gaveanews.com\/","name":"G\u00e1vea News","description":"Veja todas as not\u00edcias sobre o Flamengo: Contrata\u00e7\u00f5es, categorias de base, resultados das partidas, tabela de classifica\u00e7\u00e3o, pr\u00f3ximos jogos!","potentialAction":[{"@type":"SearchAction","target":{"@type":"EntryPoint","urlTemplate":"https:\/\/www.gaveanews.com\/?s={search_term_string}"},"query-input":{"@type":"PropertyValueSpecification","valueRequired":true,"valueName":"search_term_string"}}],"inLanguage":"pt-BR"},{"@type":"Person","@id":"https:\/\/www.gaveanews.com\/#\/schema\/person\/2ec14f73fb96be2caf28f91afb14749d","name":"Equipe G\u00e1vea News","image":{"@type":"ImageObject","inLanguage":"pt-BR","@id":"https:\/\/www.gaveanews.com\/#\/schema\/person\/image\/","url":"https:\/\/secure.gravatar.com\/avatar\/1e1956f1facbffd3f8fa53a326721950116b3b9dc9bd44939c01180fd4a745a9?s=96&d=mm&r=g","contentUrl":"https:\/\/secure.gravatar.com\/avatar\/1e1956f1facbffd3f8fa53a326721950116b3b9dc9bd44939c01180fd4a745a9?s=96&d=mm&r=g","caption":"Equipe G\u00e1vea News"}}]}},"_links":{"self":[{"href":"https:\/\/www.gaveanews.com\/index.php\/wp-json\/wp\/v2\/posts\/22795","targetHints":{"allow":["GET"]}}],"collection":[{"href":"https:\/\/www.gaveanews.com\/index.php\/wp-json\/wp\/v2\/posts"}],"about":[{"href":"https:\/\/www.gaveanews.com\/index.php\/wp-json\/wp\/v2\/types\/post"}],"author":[{"embeddable":true,"href":"https:\/\/www.gaveanews.com\/index.php\/wp-json\/wp\/v2\/users\/1"}],"replies":[{"embeddable":true,"href":"https:\/\/www.gaveanews.com\/index.php\/wp-json\/wp\/v2\/comments?post=22795"}],"version-history":[{"count":0,"href":"https:\/\/www.gaveanews.com\/index.php\/wp-json\/wp\/v2\/posts\/22795\/revisions"}],"wp:featuredmedia":[{"embeddable":true,"href":"https:\/\/www.gaveanews.com\/index.php\/wp-json\/wp\/v2\/media\/22716"}],"wp:attachment":[{"href":"https:\/\/www.gaveanews.com\/index.php\/wp-json\/wp\/v2\/media?parent=22795"}],"wp:term":[{"taxonomy":"category","embeddable":true,"href":"https:\/\/www.gaveanews.com\/index.php\/wp-json\/wp\/v2\/categories?post=22795"},{"taxonomy":"post_tag","embeddable":true,"href":"https:\/\/www.gaveanews.com\/index.php\/wp-json\/wp\/v2\/tags?post=22795"}],"curies":[{"name":"wp","href":"https:\/\/api.w.org\/{rel}","templated":true}]}}