{"id":227984,"date":"2025-02-14T21:45:53","date_gmt":"2025-02-15T00:45:53","guid":{"rendered":"https:\/\/www.gaveanews.com\/?p=227984"},"modified":"2025-02-14T19:08:31","modified_gmt":"2025-02-14T22:08:31","slug":"a-declaracao-de-emerson-leao-sobre-passagem-polemica-por-corinthians","status":"publish","type":"post","link":"https:\/\/www.gaveanews.com\/index.php\/2025\/02\/14\/a-declaracao-de-emerson-leao-sobre-passagem-polemica-por-corinthians\/","title":{"rendered":"A declara\u00e7\u00e3o de Emerson Le\u00e3o sobre passagem pol\u00eamica por Corinthians"},"content":{"rendered":"\n<p>Em uma entrevista reveladora ao Abre Aspas, Emerson Le\u00e3o fez uma an\u00e1lise profunda de sua passagem como t\u00e9cnico do Corinthians, abordando n\u00e3o s\u00f3 os bastidores de sua gest\u00e3o, mas tamb\u00e9m sua rela\u00e7\u00e3o com estrelas como T\u00e9vez e Mascherano. Em um bate-papo de mais de uma hora, Le\u00e3o abriu o cora\u00e7\u00e3o e explicou por que a experi\u00eancia foi marcante, apesar das dificuldades enfrentadas.<\/p>\n\n\n\n<h2 class=\"wp-block-heading\" id=\"h-os-bastidores-da-recuperacao-do-corinthians\">Os bastidores da recupera\u00e7\u00e3o do Corinthians<\/h2>\n\n\n\n<p>Le\u00e3o n\u00e3o hesitou em destacar como o Corinthians vivia uma fase complicada antes de sua chegada. \u201cO Corinthians estava mal pra caramba. E eu fui convidado para ser treinador do Corinthians\u201d, afirmou. Por\u00e9m, o desafio foi muito al\u00e9m do esperado. <\/p>\n\n\n\n<p>Ap\u00f3s uma entrevista, Le\u00e3o foi alertado sobre a necessidade de conquistar 80% dos jogos para evitar o rebaixamento. \u201cFalei, ent\u00e3o n\u00f3s temos que ganhar\u201d, completou. E foi isso que aconteceu. O ex-treinador focou em uma mudan\u00e7a de mentalidade, com a inclus\u00e3o dos jovens jogadores e uma estrutura r\u00edgida. Com isso, conseguiu reverter a situa\u00e7\u00e3o e garantir a perman\u00eancia do time na elite do futebol brasileiro.<\/p>\n\n\n\n<h2 class=\"wp-block-heading\" id=\"h-tevez-e-mascherano-estrelas-dificeis-de-lidar\">T\u00e9vez e Mascherano: estrelas dif\u00edceis de lidar<\/h2>\n\n\n\n<figure class=\"wp-block-embed is-type-photo is-provider-flickr wp-block-embed-flickr\"><div class=\"wp-block-embed__wrapper\">\n<a href=\"https:\/\/www.flickr.com\/photos\/201155970@N03\/54328003189\/in\/dateposted-public\/\"><img loading=\"lazy\" decoding=\"async\" src=\"https:\/\/live.staticflickr.com\/65535\/54328003189_40e6eddbf3_z.webp\" alt=\"imagem_2025-02-14_190810754\" width=\"640\" height=\"429\" \/><\/a>\n<\/div><\/figure>\n\n\n\n<p>Quando questionado sobre sua conviv\u00eancia com as estrelas do time, Le\u00e3o foi direto: \u201cLidar com estrela \u00e9 dif\u00edcil porque tem um perigo muito grande\u201d. Em rela\u00e7\u00e3o a T\u00e9vez, o t\u00e9cnico reconheceu o talento do atacante, mas destacou os problemas fora de campo. <\/p>\n\n\n\n<p>\u201cEle era goleador, cara. S\u00f3 que ele era irreverente e n\u00e3o era atleta. Ent\u00e3o \u00e9 dif\u00edcil, n\u00e3o comigo. Nunca tive crise nenhuma com ele. Nunca. Com nenhum\u201d. Le\u00e3o tamb\u00e9m explicou um epis\u00f3dio pol\u00eamico envolvendo T\u00e9vez e Mascherano, que foram convocados para amistosos da sele\u00e7\u00e3o argentina. \u201cEu n\u00e3o vou te dispensar. N\u00e3o \u00e9 jogo oficial da Fifa. \u00c9 amistoso, barato\u201d, disse Le\u00e3o, explicando sua postura r\u00edgida diante dos pedidos dos jogadores.<\/p>\n\n\n\n<h2 class=\"wp-block-heading\" id=\"h-a-relacao-com-o-presidente-e-a-decisao-final\">A rela\u00e7\u00e3o com o presidente e a decis\u00e3o final<\/h2>\n\n\n\n<p>Vale destacar a situa\u00e7\u00e3o tensa entre Le\u00e3o e a dire\u00e7\u00e3o do clube. Quando T\u00e9vez tentou burlar a decis\u00e3o do t\u00e9cnico, Le\u00e3o n\u00e3o hesitou. \u201cAgora, aquele senhor l\u00e1 \u00e9 o presidente. Dono do time. Se ele quiser passar por cima de mim, ele tem autoridade pra isso: &#8220;ah, \u00e9?&#8221;. Eu falei: &#8220;\u00e9&#8221;. A\u00ed ele perguntou pro presidente. N\u00e3o, o treinador falou que n\u00e3o, n\u00e3o. A\u00ed ele respondeu pro presidente: \u201cent\u00e3o, hoje \u00e9 o \u00faltimo jogo que eu vou fazer&#8217;\u201d. Mesmo diante da rebeldia, Le\u00e3o manteve sua posi\u00e7\u00e3o, colocando o Corinthians acima de qualquer interesse pessoal ou de sele\u00e7\u00f5es.<\/p>\n\n\n\n<p>A postura firme de Le\u00e3o foi crucial para a recupera\u00e7\u00e3o do Corinthians naquele per\u00edodo. Al\u00e9m disso, sua vis\u00e3o de futebol e lideran\u00e7a continua sendo discutida at\u00e9 hoje, especialmente quando se trata de lidar com jogadores de grande ego e talento, como T\u00e9vez e Mascherano. Com isso, Le\u00e3o deixou claro que a sua principal preocupa\u00e7\u00e3o sempre foi o bem do time, algo que, muitas vezes, exigiu decis\u00f5es dif\u00edceis, mas necess\u00e1rias para o sucesso coletivo.<\/p>\n","protected":false},"excerpt":{"rendered":"<p>Em uma entrevista reveladora ao Abre Aspas, Emerson Le\u00e3o fez uma an\u00e1lise profunda de sua passagem como t\u00e9cnico do Corinthians, abordando n\u00e3o s\u00f3 os bastidores de sua gest\u00e3o, mas tamb\u00e9m sua rela\u00e7\u00e3o com estrelas como T\u00e9vez e Mascherano. Em um bate-papo de mais de uma hora, Le\u00e3o abriu o cora\u00e7\u00e3o e explicou por que a [&hellip;]<\/p>\n","protected":false},"author":24,"featured_media":154473,"comment_status":"open","ping_status":"closed","sticky":false,"template":"","format":"standard","meta":{"footnotes":""},"categories":[141],"tags":[],"class_list":["post-227984","post","type-post","status-publish","format-standard","has-post-thumbnail","hentry","category-corinthians"],"yoast_head":"<!-- This site is optimized with the Yoast SEO Premium plugin v24.2 (Yoast SEO v26.9) - https:\/\/yoast.com\/product\/yoast-seo-premium-wordpress\/ -->\n<title>A declara\u00e7\u00e3o de Emerson Le\u00e3o sobre passagem pol\u00eamica por Corinthians<\/title>\n<meta name=\"robots\" content=\"index, follow, max-snippet:-1, max-image-preview:large, max-video-preview:-1\" \/>\n<link rel=\"canonical\" href=\"https:\/\/www.gaveanews.com\/index.php\/2025\/02\/14\/a-declaracao-de-emerson-leao-sobre-passagem-polemica-por-corinthians\/\" \/>\n<meta property=\"og:locale\" content=\"pt_BR\" \/>\n<meta property=\"og:type\" content=\"article\" \/>\n<meta property=\"og:title\" content=\"A declara\u00e7\u00e3o de Emerson Le\u00e3o sobre passagem pol\u00eamica por Corinthians\" \/>\n<meta property=\"og:description\" content=\"Em uma entrevista reveladora ao Abre Aspas, Emerson Le\u00e3o fez uma an\u00e1lise profunda de sua passagem como t\u00e9cnico do Corinthians, abordando n\u00e3o s\u00f3 os bastidores de sua gest\u00e3o, mas tamb\u00e9m sua rela\u00e7\u00e3o com estrelas como T\u00e9vez e Mascherano. Em um bate-papo de mais de uma hora, Le\u00e3o abriu o cora\u00e7\u00e3o e explicou por que a [&hellip;]\" \/>\n<meta property=\"og:url\" content=\"https:\/\/www.gaveanews.com\/index.php\/2025\/02\/14\/a-declaracao-de-emerson-leao-sobre-passagem-polemica-por-corinthians\/\" \/>\n<meta property=\"og:site_name\" content=\"G\u00e1vea News\" \/>\n<meta property=\"article:publisher\" content=\"https:\/\/facebook.com\/gaveaNews\/\" \/>\n<meta property=\"article:published_time\" content=\"2025-02-15T00:45:53+00:00\" \/>\n<meta property=\"og:image\" content=\"https:\/\/www.gaveanews.com\/wp-content\/uploads\/Escudo-do-Corinthians-na-Neo-Quimica-Arena.webp\" \/>\n\t<meta property=\"og:image:width\" content=\"1440\" \/>\n\t<meta property=\"og:image:height\" content=\"959\" \/>\n\t<meta property=\"og:image:type\" content=\"image\/jpeg\" \/>\n<meta name=\"author\" content=\"Leandro Cardoso\" \/>\n<meta name=\"twitter:card\" content=\"summary_large_image\" \/>\n<meta name=\"twitter:label1\" content=\"Escrito por\" \/>\n\t<meta name=\"twitter:data1\" content=\"Leandro Cardoso\" \/>\n\t<meta name=\"twitter:label2\" content=\"Est. tempo de leitura\" \/>\n\t<meta name=\"twitter:data2\" content=\"3 minutos\" \/>\n<script type=\"application\/ld+json\" class=\"yoast-schema-graph\">{\"@context\":\"https:\/\/schema.org\",\"@graph\":[{\"@type\":\"NewsArticle\",\"@id\":\"https:\/\/www.gaveanews.com\/index.php\/2025\/02\/14\/a-declaracao-de-emerson-leao-sobre-passagem-polemica-por-corinthians\/#article\",\"isPartOf\":{\"@id\":\"https:\/\/www.gaveanews.com\/index.php\/2025\/02\/14\/a-declaracao-de-emerson-leao-sobre-passagem-polemica-por-corinthians\/\"},\"author\":{\"name\":\"Leandro Cardoso\",\"@id\":\"https:\/\/www.gaveanews.com\/#\/schema\/person\/2424ec6409bc3f068411fc5e4e9b6168\"},\"headline\":\"A declara\u00e7\u00e3o de Emerson Le\u00e3o sobre passagem pol\u00eamica por Corinthians\",\"datePublished\":\"2025-02-15T00:45:53+00:00\",\"mainEntityOfPage\":{\"@id\":\"https:\/\/www.gaveanews.com\/index.php\/2025\/02\/14\/a-declaracao-de-emerson-leao-sobre-passagem-polemica-por-corinthians\/\"},\"wordCount\":559,\"commentCount\":0,\"image\":{\"@id\":\"https:\/\/www.gaveanews.com\/index.php\/2025\/02\/14\/a-declaracao-de-emerson-leao-sobre-passagem-polemica-por-corinthians\/#primaryimage\"},\"thumbnailUrl\":\"https:\/\/www.gaveanews.com\/wp-content\/uploads\/Escudo-do-Corinthians-na-Neo-Quimica-Arena.webp\",\"articleSection\":[\"Corinthians\"],\"inLanguage\":\"pt-BR\",\"potentialAction\":[{\"@type\":\"CommentAction\",\"name\":\"Comment\",\"target\":[\"https:\/\/www.gaveanews.com\/index.php\/2025\/02\/14\/a-declaracao-de-emerson-leao-sobre-passagem-polemica-por-corinthians\/#respond\"]}],\"copyrightYear\":\"2025\",\"copyrightHolder\":{\"@id\":\"https:\/\/www.gaveanews.com\/#organization\"}},{\"@type\":\"WebPage\",\"@id\":\"https:\/\/www.gaveanews.com\/index.php\/2025\/02\/14\/a-declaracao-de-emerson-leao-sobre-passagem-polemica-por-corinthians\/\",\"url\":\"https:\/\/www.gaveanews.com\/index.php\/2025\/02\/14\/a-declaracao-de-emerson-leao-sobre-passagem-polemica-por-corinthians\/\",\"name\":\"A declara\u00e7\u00e3o de Emerson Le\u00e3o sobre passagem pol\u00eamica por Corinthians\",\"isPartOf\":{\"@id\":\"https:\/\/www.gaveanews.com\/#website\"},\"primaryImageOfPage\":{\"@id\":\"https:\/\/www.gaveanews.com\/index.php\/2025\/02\/14\/a-declaracao-de-emerson-leao-sobre-passagem-polemica-por-corinthians\/#primaryimage\"},\"image\":{\"@id\":\"https:\/\/www.gaveanews.com\/index.php\/2025\/02\/14\/a-declaracao-de-emerson-leao-sobre-passagem-polemica-por-corinthians\/#primaryimage\"},\"thumbnailUrl\":\"https:\/\/www.gaveanews.com\/wp-content\/uploads\/Escudo-do-Corinthians-na-Neo-Quimica-Arena.webp\",\"datePublished\":\"2025-02-15T00:45:53+00:00\",\"author\":{\"@id\":\"https:\/\/www.gaveanews.com\/#\/schema\/person\/2424ec6409bc3f068411fc5e4e9b6168\"},\"breadcrumb\":{\"@id\":\"https:\/\/www.gaveanews.com\/index.php\/2025\/02\/14\/a-declaracao-de-emerson-leao-sobre-passagem-polemica-por-corinthians\/#breadcrumb\"},\"inLanguage\":\"pt-BR\",\"potentialAction\":[{\"@type\":\"ReadAction\",\"target\":[\"https:\/\/www.gaveanews.com\/index.php\/2025\/02\/14\/a-declaracao-de-emerson-leao-sobre-passagem-polemica-por-corinthians\/\"]}]},{\"@type\":\"ImageObject\",\"inLanguage\":\"pt-BR\",\"@id\":\"https:\/\/www.gaveanews.com\/index.php\/2025\/02\/14\/a-declaracao-de-emerson-leao-sobre-passagem-polemica-por-corinthians\/#primaryimage\",\"url\":\"https:\/\/www.gaveanews.com\/wp-content\/uploads\/Escudo-do-Corinthians-na-Neo-Quimica-Arena.webp\",\"contentUrl\":\"https:\/\/www.gaveanews.com\/wp-content\/uploads\/Escudo-do-Corinthians-na-Neo-Quimica-Arena.webp\",\"width\":1440,\"height\":959,\"caption\":\"Escudo do Corinthians na N\u00e9o Qu\u00edmica Arena (Foto Reprodu\u00e7\u00e3o\/Instagram)\"},{\"@type\":\"BreadcrumbList\",\"@id\":\"https:\/\/www.gaveanews.com\/index.php\/2025\/02\/14\/a-declaracao-de-emerson-leao-sobre-passagem-polemica-por-corinthians\/#breadcrumb\",\"itemListElement\":[{\"@type\":\"ListItem\",\"position\":1,\"name\":\"Home\",\"item\":\"https:\/\/www.gaveanews.com\/\"},{\"@type\":\"ListItem\",\"position\":2,\"name\":\"A declara\u00e7\u00e3o de Emerson Le\u00e3o sobre passagem pol\u00eamica por Corinthians\"}]},{\"@type\":\"WebSite\",\"@id\":\"https:\/\/www.gaveanews.com\/#website\",\"url\":\"https:\/\/www.gaveanews.com\/\",\"name\":\"G\u00e1vea News\",\"description\":\"Veja todas as not\u00edcias sobre o Flamengo: Contrata\u00e7\u00f5es, categorias de base, resultados das partidas, tabela de classifica\u00e7\u00e3o, pr\u00f3ximos jogos!\",\"potentialAction\":[{\"@type\":\"SearchAction\",\"target\":{\"@type\":\"EntryPoint\",\"urlTemplate\":\"https:\/\/www.gaveanews.com\/?s={search_term_string}\"},\"query-input\":{\"@type\":\"PropertyValueSpecification\",\"valueRequired\":true,\"valueName\":\"search_term_string\"}}],\"inLanguage\":\"pt-BR\"},{\"@type\":\"Person\",\"@id\":\"https:\/\/www.gaveanews.com\/#\/schema\/person\/2424ec6409bc3f068411fc5e4e9b6168\",\"name\":\"Leandro Cardoso\",\"image\":{\"@type\":\"ImageObject\",\"inLanguage\":\"pt-BR\",\"@id\":\"https:\/\/www.gaveanews.com\/#\/schema\/person\/image\/\",\"url\":\"https:\/\/secure.gravatar.com\/avatar\/8ca179f9b55eefe9f376f5493ef25475bfa59fbc28ce937f6076ce20e523098f?s=96&d=mm&r=g\",\"contentUrl\":\"https:\/\/secure.gravatar.com\/avatar\/8ca179f9b55eefe9f376f5493ef25475bfa59fbc28ce937f6076ce20e523098f?s=96&d=mm&r=g\",\"caption\":\"Leandro Cardoso\"}}]}<\/script>\n<!-- \/ Yoast SEO Premium plugin. -->","yoast_head_json":{"title":"A declara\u00e7\u00e3o de Emerson Le\u00e3o sobre passagem pol\u00eamica por Corinthians","robots":{"index":"index","follow":"follow","max-snippet":"max-snippet:-1","max-image-preview":"max-image-preview:large","max-video-preview":"max-video-preview:-1"},"canonical":"https:\/\/www.gaveanews.com\/index.php\/2025\/02\/14\/a-declaracao-de-emerson-leao-sobre-passagem-polemica-por-corinthians\/","og_locale":"pt_BR","og_type":"article","og_title":"A declara\u00e7\u00e3o de Emerson Le\u00e3o sobre passagem pol\u00eamica por Corinthians","og_description":"Em uma entrevista reveladora ao Abre Aspas, Emerson Le\u00e3o fez uma an\u00e1lise profunda de sua passagem como t\u00e9cnico do Corinthians, abordando n\u00e3o s\u00f3 os bastidores de sua gest\u00e3o, mas tamb\u00e9m sua rela\u00e7\u00e3o com estrelas como T\u00e9vez e Mascherano. Em um bate-papo de mais de uma hora, Le\u00e3o abriu o cora\u00e7\u00e3o e explicou por que a [&hellip;]","og_url":"https:\/\/www.gaveanews.com\/index.php\/2025\/02\/14\/a-declaracao-de-emerson-leao-sobre-passagem-polemica-por-corinthians\/","og_site_name":"G\u00e1vea News","article_publisher":"https:\/\/facebook.com\/gaveaNews\/","article_published_time":"2025-02-15T00:45:53+00:00","og_image":[{"width":1440,"height":959,"url":"https:\/\/www.gaveanews.com\/wp-content\/uploads\/Escudo-do-Corinthians-na-Neo-Quimica-Arena.webp","type":"image\/jpeg"}],"author":"Leandro Cardoso","twitter_card":"summary_large_image","twitter_misc":{"Escrito por":"Leandro Cardoso","Est. tempo de leitura":"3 minutos"},"schema":{"@context":"https:\/\/schema.org","@graph":[{"@type":"NewsArticle","@id":"https:\/\/www.gaveanews.com\/index.php\/2025\/02\/14\/a-declaracao-de-emerson-leao-sobre-passagem-polemica-por-corinthians\/#article","isPartOf":{"@id":"https:\/\/www.gaveanews.com\/index.php\/2025\/02\/14\/a-declaracao-de-emerson-leao-sobre-passagem-polemica-por-corinthians\/"},"author":{"name":"Leandro Cardoso","@id":"https:\/\/www.gaveanews.com\/#\/schema\/person\/2424ec6409bc3f068411fc5e4e9b6168"},"headline":"A declara\u00e7\u00e3o de Emerson Le\u00e3o sobre passagem pol\u00eamica por Corinthians","datePublished":"2025-02-15T00:45:53+00:00","mainEntityOfPage":{"@id":"https:\/\/www.gaveanews.com\/index.php\/2025\/02\/14\/a-declaracao-de-emerson-leao-sobre-passagem-polemica-por-corinthians\/"},"wordCount":559,"commentCount":0,"image":{"@id":"https:\/\/www.gaveanews.com\/index.php\/2025\/02\/14\/a-declaracao-de-emerson-leao-sobre-passagem-polemica-por-corinthians\/#primaryimage"},"thumbnailUrl":"https:\/\/www.gaveanews.com\/wp-content\/uploads\/Escudo-do-Corinthians-na-Neo-Quimica-Arena.webp","articleSection":["Corinthians"],"inLanguage":"pt-BR","potentialAction":[{"@type":"CommentAction","name":"Comment","target":["https:\/\/www.gaveanews.com\/index.php\/2025\/02\/14\/a-declaracao-de-emerson-leao-sobre-passagem-polemica-por-corinthians\/#respond"]}],"copyrightYear":"2025","copyrightHolder":{"@id":"https:\/\/www.gaveanews.com\/#organization"}},{"@type":"WebPage","@id":"https:\/\/www.gaveanews.com\/index.php\/2025\/02\/14\/a-declaracao-de-emerson-leao-sobre-passagem-polemica-por-corinthians\/","url":"https:\/\/www.gaveanews.com\/index.php\/2025\/02\/14\/a-declaracao-de-emerson-leao-sobre-passagem-polemica-por-corinthians\/","name":"A declara\u00e7\u00e3o de Emerson Le\u00e3o sobre passagem pol\u00eamica por Corinthians","isPartOf":{"@id":"https:\/\/www.gaveanews.com\/#website"},"primaryImageOfPage":{"@id":"https:\/\/www.gaveanews.com\/index.php\/2025\/02\/14\/a-declaracao-de-emerson-leao-sobre-passagem-polemica-por-corinthians\/#primaryimage"},"image":{"@id":"https:\/\/www.gaveanews.com\/index.php\/2025\/02\/14\/a-declaracao-de-emerson-leao-sobre-passagem-polemica-por-corinthians\/#primaryimage"},"thumbnailUrl":"https:\/\/www.gaveanews.com\/wp-content\/uploads\/Escudo-do-Corinthians-na-Neo-Quimica-Arena.webp","datePublished":"2025-02-15T00:45:53+00:00","author":{"@id":"https:\/\/www.gaveanews.com\/#\/schema\/person\/2424ec6409bc3f068411fc5e4e9b6168"},"breadcrumb":{"@id":"https:\/\/www.gaveanews.com\/index.php\/2025\/02\/14\/a-declaracao-de-emerson-leao-sobre-passagem-polemica-por-corinthians\/#breadcrumb"},"inLanguage":"pt-BR","potentialAction":[{"@type":"ReadAction","target":["https:\/\/www.gaveanews.com\/index.php\/2025\/02\/14\/a-declaracao-de-emerson-leao-sobre-passagem-polemica-por-corinthians\/"]}]},{"@type":"ImageObject","inLanguage":"pt-BR","@id":"https:\/\/www.gaveanews.com\/index.php\/2025\/02\/14\/a-declaracao-de-emerson-leao-sobre-passagem-polemica-por-corinthians\/#primaryimage","url":"https:\/\/www.gaveanews.com\/wp-content\/uploads\/Escudo-do-Corinthians-na-Neo-Quimica-Arena.webp","contentUrl":"https:\/\/www.gaveanews.com\/wp-content\/uploads\/Escudo-do-Corinthians-na-Neo-Quimica-Arena.webp","width":1440,"height":959,"caption":"Escudo do Corinthians na N\u00e9o Qu\u00edmica Arena (Foto Reprodu\u00e7\u00e3o\/Instagram)"},{"@type":"BreadcrumbList","@id":"https:\/\/www.gaveanews.com\/index.php\/2025\/02\/14\/a-declaracao-de-emerson-leao-sobre-passagem-polemica-por-corinthians\/#breadcrumb","itemListElement":[{"@type":"ListItem","position":1,"name":"Home","item":"https:\/\/www.gaveanews.com\/"},{"@type":"ListItem","position":2,"name":"A declara\u00e7\u00e3o de Emerson Le\u00e3o sobre passagem pol\u00eamica por Corinthians"}]},{"@type":"WebSite","@id":"https:\/\/www.gaveanews.com\/#website","url":"https:\/\/www.gaveanews.com\/","name":"G\u00e1vea News","description":"Veja todas as not\u00edcias sobre o Flamengo: Contrata\u00e7\u00f5es, categorias de base, resultados das partidas, tabela de classifica\u00e7\u00e3o, pr\u00f3ximos jogos!","potentialAction":[{"@type":"SearchAction","target":{"@type":"EntryPoint","urlTemplate":"https:\/\/www.gaveanews.com\/?s={search_term_string}"},"query-input":{"@type":"PropertyValueSpecification","valueRequired":true,"valueName":"search_term_string"}}],"inLanguage":"pt-BR"},{"@type":"Person","@id":"https:\/\/www.gaveanews.com\/#\/schema\/person\/2424ec6409bc3f068411fc5e4e9b6168","name":"Leandro Cardoso","image":{"@type":"ImageObject","inLanguage":"pt-BR","@id":"https:\/\/www.gaveanews.com\/#\/schema\/person\/image\/","url":"https:\/\/secure.gravatar.com\/avatar\/8ca179f9b55eefe9f376f5493ef25475bfa59fbc28ce937f6076ce20e523098f?s=96&d=mm&r=g","contentUrl":"https:\/\/secure.gravatar.com\/avatar\/8ca179f9b55eefe9f376f5493ef25475bfa59fbc28ce937f6076ce20e523098f?s=96&d=mm&r=g","caption":"Leandro Cardoso"}}]}},"_links":{"self":[{"href":"https:\/\/www.gaveanews.com\/index.php\/wp-json\/wp\/v2\/posts\/227984","targetHints":{"allow":["GET"]}}],"collection":[{"href":"https:\/\/www.gaveanews.com\/index.php\/wp-json\/wp\/v2\/posts"}],"about":[{"href":"https:\/\/www.gaveanews.com\/index.php\/wp-json\/wp\/v2\/types\/post"}],"author":[{"embeddable":true,"href":"https:\/\/www.gaveanews.com\/index.php\/wp-json\/wp\/v2\/users\/24"}],"replies":[{"embeddable":true,"href":"https:\/\/www.gaveanews.com\/index.php\/wp-json\/wp\/v2\/comments?post=227984"}],"version-history":[{"count":4,"href":"https:\/\/www.gaveanews.com\/index.php\/wp-json\/wp\/v2\/posts\/227984\/revisions"}],"predecessor-version":[{"id":228055,"href":"https:\/\/www.gaveanews.com\/index.php\/wp-json\/wp\/v2\/posts\/227984\/revisions\/228055"}],"wp:featuredmedia":[{"embeddable":true,"href":"https:\/\/www.gaveanews.com\/index.php\/wp-json\/wp\/v2\/media\/154473"}],"wp:attachment":[{"href":"https:\/\/www.gaveanews.com\/index.php\/wp-json\/wp\/v2\/media?parent=227984"}],"wp:term":[{"taxonomy":"category","embeddable":true,"href":"https:\/\/www.gaveanews.com\/index.php\/wp-json\/wp\/v2\/categories?post=227984"},{"taxonomy":"post_tag","embeddable":true,"href":"https:\/\/www.gaveanews.com\/index.php\/wp-json\/wp\/v2\/tags?post=227984"}],"curies":[{"name":"wp","href":"https:\/\/api.w.org\/{rel}","templated":true}]}}