{"id":228039,"date":"2025-02-14T20:30:09","date_gmt":"2025-02-14T23:30:09","guid":{"rendered":"https:\/\/www.gaveanews.com\/?p=228039"},"modified":"2025-02-14T19:01:17","modified_gmt":"2025-02-14T22:01:17","slug":"flamengo-a-declaracao-de-danilo-sobre-calendario-brasileiro","status":"publish","type":"post","link":"https:\/\/www.gaveanews.com\/index.php\/2025\/02\/14\/flamengo-a-declaracao-de-danilo-sobre-calendario-brasileiro\/","title":{"rendered":"Flamengo: a declara\u00e7\u00e3o de Danilo sobre calend\u00e1rio brasileiro"},"content":{"rendered":"\n<p>Repatriado pelo Flamengo no come\u00e7o do ano, Danilo falou sobre a quantidade de jogos do calend\u00e1rio do futebol brasileiro. Ele ressaltou que a extens\u00e3o dos compromissos \u00e9 um complicador, mas que o t\u00e9cnico Filipe Lu\u00eds tem administrado bem os minutos dos atletas. Mas apesar da constata\u00e7\u00e3o, o defensor afirmou que n\u00e3o quer sair da equipe e projetou o confronto contra o Vasco da Gama.<\/p>\n\n\n\n<p>Danilo ficou de 2011 a 2025 na Europa. O defensor de 33 anos de idade, atuou pelas maiores equipes do planeta, tendo passado por Porto, de Portugal, Real Madrid, da Espanha, Manchester City, da Inglaterra, e Juventus, da It\u00e1lia. Ao longo da carreira, conquistou in\u00fameros t\u00edtulos nacionais e principalmente duas ta\u00e7as da Uefa Champions League.<\/p>\n\n\n\n<p>Depois dos anos de sucesso no continente europeu, o zagueiro decidiu voltar ao Brasil para atuar no time de cora\u00e7\u00e3o. Desde que retornou, enfrentou a Portuguesa, da Ilha do Governador, e o Botafogo duas vezes, em um espa\u00e7o de sete dias.&nbsp;<\/p>\n\n\n\n<p>Na Supercopa do Brasil, entrou nos acr\u00e9scimos, mas nas duas partidas do Campeonato Carioca, foi titular e participou dos 90 minutos. Na vit\u00f3ria por 1 a 0 sobre o Botafogo, na \u00faltima quarta-feira (12\/2), foi um dos destaques do Flamengo, tendo inclusive dado a assist\u00eancia para o gol de L\u00e9o Ortiz.<\/p>\n\n\n\n<p>Ap\u00f3s o confronto, ele falou sobre a extens\u00e3o do calend\u00e1rio do futebol brasileiro. Pelo excesso de jogos em um espa\u00e7o de tempo muito curto, ele ressaltou que Filipe Lu\u00eds tem sido experiente ao dosar os minutos dos atletas em campo, mas refor\u00e7ou que quer participar do cl\u00e1ssico contra o Vasco da Gama.<\/p>\n\n\n\n<p>\u2018\u00c9 um calend\u00e1rio longo, muito dif\u00edcil, de muitos jogos, ent\u00e3o acho que ele (Filipe Lu\u00eds) tem sido inteligente em poder fazer essa rota\u00e7\u00e3o e dar minutos a todos. Demonstrar que todos podem ser importantes. Quanto ao cl\u00e1ssico, eu sou jovem e quero jogar (risos)\u201d, disse.<\/p>\n\n\n\n<p>No pr\u00f3ximo s\u00e1bado (15\/2), o Mais Querido recebe o maior rival no cl\u00e1ssico v\u00e1lido pela 10\u00aa rodada do Campeonato Carioca, no Maracan\u00e3, \u00e0s 21h45.<\/p>\n","protected":false},"excerpt":{"rendered":"<p>Repatriado pelo Flamengo no come\u00e7o do ano, Danilo falou sobre a quantidade de jogos do calend\u00e1rio do futebol brasileiro. Ele ressaltou que a extens\u00e3o dos compromissos \u00e9 um complicador, mas que o t\u00e9cnico Filipe Lu\u00eds tem administrado bem os minutos dos atletas. Mas apesar da constata\u00e7\u00e3o, o defensor afirmou que n\u00e3o quer sair da equipe [&hellip;]<\/p>\n","protected":false},"author":29,"featured_media":222093,"comment_status":"open","ping_status":"closed","sticky":false,"template":"","format":"standard","meta":{"footnotes":""},"categories":[1],"tags":[],"class_list":["post-228039","post","type-post","status-publish","format-standard","has-post-thumbnail","hentry","category-flamengo"],"yoast_head":"<!-- This site is optimized with the Yoast SEO Premium plugin v24.2 (Yoast SEO v26.9) - https:\/\/yoast.com\/product\/yoast-seo-premium-wordpress\/ -->\n<title>Flamengo: a declara\u00e7\u00e3o de Danilo sobre calend\u00e1rio brasileiro<\/title>\n<meta name=\"robots\" content=\"index, follow, max-snippet:-1, max-image-preview:large, max-video-preview:-1\" \/>\n<link rel=\"canonical\" href=\"https:\/\/www.gaveanews.com\/index.php\/2025\/02\/14\/flamengo-a-declaracao-de-danilo-sobre-calendario-brasileiro\/\" \/>\n<meta property=\"og:locale\" content=\"pt_BR\" \/>\n<meta property=\"og:type\" content=\"article\" \/>\n<meta property=\"og:title\" content=\"Flamengo: a declara\u00e7\u00e3o de Danilo sobre calend\u00e1rio brasileiro\" \/>\n<meta property=\"og:description\" content=\"Repatriado pelo Flamengo no come\u00e7o do ano, Danilo falou sobre a quantidade de jogos do calend\u00e1rio do futebol brasileiro. Ele ressaltou que a extens\u00e3o dos compromissos \u00e9 um complicador, mas que o t\u00e9cnico Filipe Lu\u00eds tem administrado bem os minutos dos atletas. Mas apesar da constata\u00e7\u00e3o, o defensor afirmou que n\u00e3o quer sair da equipe [&hellip;]\" \/>\n<meta property=\"og:url\" content=\"https:\/\/www.gaveanews.com\/index.php\/2025\/02\/14\/flamengo-a-declaracao-de-danilo-sobre-calendario-brasileiro\/\" \/>\n<meta property=\"og:site_name\" content=\"G\u00e1vea News\" \/>\n<meta property=\"article:publisher\" content=\"https:\/\/facebook.com\/gaveaNews\/\" \/>\n<meta property=\"article:published_time\" content=\"2025-02-14T23:30:09+00:00\" \/>\n<meta property=\"og:image\" content=\"https:\/\/www.gaveanews.com\/wp-content\/uploads\/Danilo-pelo-Flamengo.webp\" \/>\n\t<meta property=\"og:image:width\" content=\"622\" \/>\n\t<meta property=\"og:image:height\" content=\"519\" \/>\n\t<meta property=\"og:image:type\" content=\"image\/jpeg\" \/>\n<meta name=\"author\" content=\"Marco Menezes\" \/>\n<meta name=\"twitter:card\" content=\"summary_large_image\" \/>\n<meta name=\"twitter:label1\" content=\"Escrito por\" \/>\n\t<meta name=\"twitter:data1\" content=\"Marco Menezes\" \/>\n\t<meta name=\"twitter:label2\" content=\"Est. tempo de leitura\" \/>\n\t<meta name=\"twitter:data2\" content=\"3 minutos\" \/>\n<script type=\"application\/ld+json\" class=\"yoast-schema-graph\">{\"@context\":\"https:\/\/schema.org\",\"@graph\":[{\"@type\":\"NewsArticle\",\"@id\":\"https:\/\/www.gaveanews.com\/index.php\/2025\/02\/14\/flamengo-a-declaracao-de-danilo-sobre-calendario-brasileiro\/#article\",\"isPartOf\":{\"@id\":\"https:\/\/www.gaveanews.com\/index.php\/2025\/02\/14\/flamengo-a-declaracao-de-danilo-sobre-calendario-brasileiro\/\"},\"author\":{\"name\":\"Marco Menezes\",\"@id\":\"https:\/\/www.gaveanews.com\/#\/schema\/person\/a9f62fe75380c6bada1b2fc49bc23d69\"},\"headline\":\"Flamengo: a declara\u00e7\u00e3o de Danilo sobre calend\u00e1rio brasileiro\",\"datePublished\":\"2025-02-14T23:30:09+00:00\",\"mainEntityOfPage\":{\"@id\":\"https:\/\/www.gaveanews.com\/index.php\/2025\/02\/14\/flamengo-a-declaracao-de-danilo-sobre-calendario-brasileiro\/\"},\"wordCount\":366,\"commentCount\":0,\"image\":{\"@id\":\"https:\/\/www.gaveanews.com\/index.php\/2025\/02\/14\/flamengo-a-declaracao-de-danilo-sobre-calendario-brasileiro\/#primaryimage\"},\"thumbnailUrl\":\"https:\/\/www.gaveanews.com\/wp-content\/uploads\/Danilo-pelo-Flamengo.webp\",\"articleSection\":[\"Flamengo\"],\"inLanguage\":\"pt-BR\",\"potentialAction\":[{\"@type\":\"CommentAction\",\"name\":\"Comment\",\"target\":[\"https:\/\/www.gaveanews.com\/index.php\/2025\/02\/14\/flamengo-a-declaracao-de-danilo-sobre-calendario-brasileiro\/#respond\"]}],\"copyrightYear\":\"2025\",\"copyrightHolder\":{\"@id\":\"https:\/\/www.gaveanews.com\/#organization\"}},{\"@type\":\"WebPage\",\"@id\":\"https:\/\/www.gaveanews.com\/index.php\/2025\/02\/14\/flamengo-a-declaracao-de-danilo-sobre-calendario-brasileiro\/\",\"url\":\"https:\/\/www.gaveanews.com\/index.php\/2025\/02\/14\/flamengo-a-declaracao-de-danilo-sobre-calendario-brasileiro\/\",\"name\":\"Flamengo: a declara\u00e7\u00e3o de Danilo sobre calend\u00e1rio brasileiro\",\"isPartOf\":{\"@id\":\"https:\/\/www.gaveanews.com\/#website\"},\"primaryImageOfPage\":{\"@id\":\"https:\/\/www.gaveanews.com\/index.php\/2025\/02\/14\/flamengo-a-declaracao-de-danilo-sobre-calendario-brasileiro\/#primaryimage\"},\"image\":{\"@id\":\"https:\/\/www.gaveanews.com\/index.php\/2025\/02\/14\/flamengo-a-declaracao-de-danilo-sobre-calendario-brasileiro\/#primaryimage\"},\"thumbnailUrl\":\"https:\/\/www.gaveanews.com\/wp-content\/uploads\/Danilo-pelo-Flamengo.webp\",\"datePublished\":\"2025-02-14T23:30:09+00:00\",\"author\":{\"@id\":\"https:\/\/www.gaveanews.com\/#\/schema\/person\/a9f62fe75380c6bada1b2fc49bc23d69\"},\"breadcrumb\":{\"@id\":\"https:\/\/www.gaveanews.com\/index.php\/2025\/02\/14\/flamengo-a-declaracao-de-danilo-sobre-calendario-brasileiro\/#breadcrumb\"},\"inLanguage\":\"pt-BR\",\"potentialAction\":[{\"@type\":\"ReadAction\",\"target\":[\"https:\/\/www.gaveanews.com\/index.php\/2025\/02\/14\/flamengo-a-declaracao-de-danilo-sobre-calendario-brasileiro\/\"]}]},{\"@type\":\"ImageObject\",\"inLanguage\":\"pt-BR\",\"@id\":\"https:\/\/www.gaveanews.com\/index.php\/2025\/02\/14\/flamengo-a-declaracao-de-danilo-sobre-calendario-brasileiro\/#primaryimage\",\"url\":\"https:\/\/www.gaveanews.com\/wp-content\/uploads\/Danilo-pelo-Flamengo.webp\",\"contentUrl\":\"https:\/\/www.gaveanews.com\/wp-content\/uploads\/Danilo-pelo-Flamengo.webp\",\"width\":622,\"height\":519,\"caption\":\"Danilo pelo Flamengo (Foto: Divulga\u00e7\u00e3o\/Flamengo)\"},{\"@type\":\"BreadcrumbList\",\"@id\":\"https:\/\/www.gaveanews.com\/index.php\/2025\/02\/14\/flamengo-a-declaracao-de-danilo-sobre-calendario-brasileiro\/#breadcrumb\",\"itemListElement\":[{\"@type\":\"ListItem\",\"position\":1,\"name\":\"Home\",\"item\":\"https:\/\/www.gaveanews.com\/\"},{\"@type\":\"ListItem\",\"position\":2,\"name\":\"Flamengo: a declara\u00e7\u00e3o de Danilo sobre calend\u00e1rio brasileiro\"}]},{\"@type\":\"WebSite\",\"@id\":\"https:\/\/www.gaveanews.com\/#website\",\"url\":\"https:\/\/www.gaveanews.com\/\",\"name\":\"G\u00e1vea News\",\"description\":\"Veja todas as not\u00edcias sobre o Flamengo: Contrata\u00e7\u00f5es, categorias de base, resultados das partidas, tabela de classifica\u00e7\u00e3o, pr\u00f3ximos jogos!\",\"potentialAction\":[{\"@type\":\"SearchAction\",\"target\":{\"@type\":\"EntryPoint\",\"urlTemplate\":\"https:\/\/www.gaveanews.com\/?s={search_term_string}\"},\"query-input\":{\"@type\":\"PropertyValueSpecification\",\"valueRequired\":true,\"valueName\":\"search_term_string\"}}],\"inLanguage\":\"pt-BR\"},{\"@type\":\"Person\",\"@id\":\"https:\/\/www.gaveanews.com\/#\/schema\/person\/a9f62fe75380c6bada1b2fc49bc23d69\",\"name\":\"Marco Menezes\",\"image\":{\"@type\":\"ImageObject\",\"inLanguage\":\"pt-BR\",\"@id\":\"https:\/\/www.gaveanews.com\/#\/schema\/person\/image\/\",\"url\":\"https:\/\/secure.gravatar.com\/avatar\/a1d148ae17fc8bfc5dbccffd07979e8bd2c9ba494221779de86ec2c7907b71ec?s=96&d=mm&r=g\",\"contentUrl\":\"https:\/\/secure.gravatar.com\/avatar\/a1d148ae17fc8bfc5dbccffd07979e8bd2c9ba494221779de86ec2c7907b71ec?s=96&d=mm&r=g\",\"caption\":\"Marco Menezes\"}}]}<\/script>\n<!-- \/ Yoast SEO Premium plugin. -->","yoast_head_json":{"title":"Flamengo: a declara\u00e7\u00e3o de Danilo sobre calend\u00e1rio brasileiro","robots":{"index":"index","follow":"follow","max-snippet":"max-snippet:-1","max-image-preview":"max-image-preview:large","max-video-preview":"max-video-preview:-1"},"canonical":"https:\/\/www.gaveanews.com\/index.php\/2025\/02\/14\/flamengo-a-declaracao-de-danilo-sobre-calendario-brasileiro\/","og_locale":"pt_BR","og_type":"article","og_title":"Flamengo: a declara\u00e7\u00e3o de Danilo sobre calend\u00e1rio brasileiro","og_description":"Repatriado pelo Flamengo no come\u00e7o do ano, Danilo falou sobre a quantidade de jogos do calend\u00e1rio do futebol brasileiro. Ele ressaltou que a extens\u00e3o dos compromissos \u00e9 um complicador, mas que o t\u00e9cnico Filipe Lu\u00eds tem administrado bem os minutos dos atletas. Mas apesar da constata\u00e7\u00e3o, o defensor afirmou que n\u00e3o quer sair da equipe [&hellip;]","og_url":"https:\/\/www.gaveanews.com\/index.php\/2025\/02\/14\/flamengo-a-declaracao-de-danilo-sobre-calendario-brasileiro\/","og_site_name":"G\u00e1vea News","article_publisher":"https:\/\/facebook.com\/gaveaNews\/","article_published_time":"2025-02-14T23:30:09+00:00","og_image":[{"width":622,"height":519,"url":"https:\/\/www.gaveanews.com\/wp-content\/uploads\/Danilo-pelo-Flamengo.webp","type":"image\/jpeg"}],"author":"Marco Menezes","twitter_card":"summary_large_image","twitter_misc":{"Escrito por":"Marco Menezes","Est. tempo de leitura":"3 minutos"},"schema":{"@context":"https:\/\/schema.org","@graph":[{"@type":"NewsArticle","@id":"https:\/\/www.gaveanews.com\/index.php\/2025\/02\/14\/flamengo-a-declaracao-de-danilo-sobre-calendario-brasileiro\/#article","isPartOf":{"@id":"https:\/\/www.gaveanews.com\/index.php\/2025\/02\/14\/flamengo-a-declaracao-de-danilo-sobre-calendario-brasileiro\/"},"author":{"name":"Marco Menezes","@id":"https:\/\/www.gaveanews.com\/#\/schema\/person\/a9f62fe75380c6bada1b2fc49bc23d69"},"headline":"Flamengo: a declara\u00e7\u00e3o de Danilo sobre calend\u00e1rio brasileiro","datePublished":"2025-02-14T23:30:09+00:00","mainEntityOfPage":{"@id":"https:\/\/www.gaveanews.com\/index.php\/2025\/02\/14\/flamengo-a-declaracao-de-danilo-sobre-calendario-brasileiro\/"},"wordCount":366,"commentCount":0,"image":{"@id":"https:\/\/www.gaveanews.com\/index.php\/2025\/02\/14\/flamengo-a-declaracao-de-danilo-sobre-calendario-brasileiro\/#primaryimage"},"thumbnailUrl":"https:\/\/www.gaveanews.com\/wp-content\/uploads\/Danilo-pelo-Flamengo.webp","articleSection":["Flamengo"],"inLanguage":"pt-BR","potentialAction":[{"@type":"CommentAction","name":"Comment","target":["https:\/\/www.gaveanews.com\/index.php\/2025\/02\/14\/flamengo-a-declaracao-de-danilo-sobre-calendario-brasileiro\/#respond"]}],"copyrightYear":"2025","copyrightHolder":{"@id":"https:\/\/www.gaveanews.com\/#organization"}},{"@type":"WebPage","@id":"https:\/\/www.gaveanews.com\/index.php\/2025\/02\/14\/flamengo-a-declaracao-de-danilo-sobre-calendario-brasileiro\/","url":"https:\/\/www.gaveanews.com\/index.php\/2025\/02\/14\/flamengo-a-declaracao-de-danilo-sobre-calendario-brasileiro\/","name":"Flamengo: a declara\u00e7\u00e3o de Danilo sobre calend\u00e1rio brasileiro","isPartOf":{"@id":"https:\/\/www.gaveanews.com\/#website"},"primaryImageOfPage":{"@id":"https:\/\/www.gaveanews.com\/index.php\/2025\/02\/14\/flamengo-a-declaracao-de-danilo-sobre-calendario-brasileiro\/#primaryimage"},"image":{"@id":"https:\/\/www.gaveanews.com\/index.php\/2025\/02\/14\/flamengo-a-declaracao-de-danilo-sobre-calendario-brasileiro\/#primaryimage"},"thumbnailUrl":"https:\/\/www.gaveanews.com\/wp-content\/uploads\/Danilo-pelo-Flamengo.webp","datePublished":"2025-02-14T23:30:09+00:00","author":{"@id":"https:\/\/www.gaveanews.com\/#\/schema\/person\/a9f62fe75380c6bada1b2fc49bc23d69"},"breadcrumb":{"@id":"https:\/\/www.gaveanews.com\/index.php\/2025\/02\/14\/flamengo-a-declaracao-de-danilo-sobre-calendario-brasileiro\/#breadcrumb"},"inLanguage":"pt-BR","potentialAction":[{"@type":"ReadAction","target":["https:\/\/www.gaveanews.com\/index.php\/2025\/02\/14\/flamengo-a-declaracao-de-danilo-sobre-calendario-brasileiro\/"]}]},{"@type":"ImageObject","inLanguage":"pt-BR","@id":"https:\/\/www.gaveanews.com\/index.php\/2025\/02\/14\/flamengo-a-declaracao-de-danilo-sobre-calendario-brasileiro\/#primaryimage","url":"https:\/\/www.gaveanews.com\/wp-content\/uploads\/Danilo-pelo-Flamengo.webp","contentUrl":"https:\/\/www.gaveanews.com\/wp-content\/uploads\/Danilo-pelo-Flamengo.webp","width":622,"height":519,"caption":"Danilo pelo Flamengo (Foto: Divulga\u00e7\u00e3o\/Flamengo)"},{"@type":"BreadcrumbList","@id":"https:\/\/www.gaveanews.com\/index.php\/2025\/02\/14\/flamengo-a-declaracao-de-danilo-sobre-calendario-brasileiro\/#breadcrumb","itemListElement":[{"@type":"ListItem","position":1,"name":"Home","item":"https:\/\/www.gaveanews.com\/"},{"@type":"ListItem","position":2,"name":"Flamengo: a declara\u00e7\u00e3o de Danilo sobre calend\u00e1rio brasileiro"}]},{"@type":"WebSite","@id":"https:\/\/www.gaveanews.com\/#website","url":"https:\/\/www.gaveanews.com\/","name":"G\u00e1vea News","description":"Veja todas as not\u00edcias sobre o Flamengo: Contrata\u00e7\u00f5es, categorias de base, resultados das partidas, tabela de classifica\u00e7\u00e3o, pr\u00f3ximos jogos!","potentialAction":[{"@type":"SearchAction","target":{"@type":"EntryPoint","urlTemplate":"https:\/\/www.gaveanews.com\/?s={search_term_string}"},"query-input":{"@type":"PropertyValueSpecification","valueRequired":true,"valueName":"search_term_string"}}],"inLanguage":"pt-BR"},{"@type":"Person","@id":"https:\/\/www.gaveanews.com\/#\/schema\/person\/a9f62fe75380c6bada1b2fc49bc23d69","name":"Marco Menezes","image":{"@type":"ImageObject","inLanguage":"pt-BR","@id":"https:\/\/www.gaveanews.com\/#\/schema\/person\/image\/","url":"https:\/\/secure.gravatar.com\/avatar\/a1d148ae17fc8bfc5dbccffd07979e8bd2c9ba494221779de86ec2c7907b71ec?s=96&d=mm&r=g","contentUrl":"https:\/\/secure.gravatar.com\/avatar\/a1d148ae17fc8bfc5dbccffd07979e8bd2c9ba494221779de86ec2c7907b71ec?s=96&d=mm&r=g","caption":"Marco Menezes"}}]}},"_links":{"self":[{"href":"https:\/\/www.gaveanews.com\/index.php\/wp-json\/wp\/v2\/posts\/228039","targetHints":{"allow":["GET"]}}],"collection":[{"href":"https:\/\/www.gaveanews.com\/index.php\/wp-json\/wp\/v2\/posts"}],"about":[{"href":"https:\/\/www.gaveanews.com\/index.php\/wp-json\/wp\/v2\/types\/post"}],"author":[{"embeddable":true,"href":"https:\/\/www.gaveanews.com\/index.php\/wp-json\/wp\/v2\/users\/29"}],"replies":[{"embeddable":true,"href":"https:\/\/www.gaveanews.com\/index.php\/wp-json\/wp\/v2\/comments?post=228039"}],"version-history":[{"count":1,"href":"https:\/\/www.gaveanews.com\/index.php\/wp-json\/wp\/v2\/posts\/228039\/revisions"}],"predecessor-version":[{"id":228040,"href":"https:\/\/www.gaveanews.com\/index.php\/wp-json\/wp\/v2\/posts\/228039\/revisions\/228040"}],"wp:featuredmedia":[{"embeddable":true,"href":"https:\/\/www.gaveanews.com\/index.php\/wp-json\/wp\/v2\/media\/222093"}],"wp:attachment":[{"href":"https:\/\/www.gaveanews.com\/index.php\/wp-json\/wp\/v2\/media?parent=228039"}],"wp:term":[{"taxonomy":"category","embeddable":true,"href":"https:\/\/www.gaveanews.com\/index.php\/wp-json\/wp\/v2\/categories?post=228039"},{"taxonomy":"post_tag","embeddable":true,"href":"https:\/\/www.gaveanews.com\/index.php\/wp-json\/wp\/v2\/tags?post=228039"}],"curies":[{"name":"wp","href":"https:\/\/api.w.org\/{rel}","templated":true}]}}