{"id":228514,"date":"2025-02-16T07:15:00","date_gmt":"2025-02-16T10:15:00","guid":{"rendered":"https:\/\/www.gaveanews.com\/?p=228514"},"modified":"2025-02-16T03:33:49","modified_gmt":"2025-02-16T06:33:49","slug":"contratacao-de-alex-declaracao-de-fagner-e-fabricio-bruno-viraliza-as-ultimas-noticias-do-cruzeiro","status":"publish","type":"post","link":"https:\/\/www.gaveanews.com\/index.php\/2025\/02\/16\/contratacao-de-alex-declaracao-de-fagner-e-fabricio-bruno-viraliza-as-ultimas-noticias-do-cruzeiro\/","title":{"rendered":"Contrata\u00e7\u00e3o de Alex, declara\u00e7\u00e3o de Fagner e Fabr\u00edcio Bruno viraliza: as \u00faltimas not\u00edcias do Cruzeiro"},"content":{"rendered":"\n<p>Nas \u00faltimas horas, o foco das not\u00edcias sobre o Cruzeiro se concentram nos bastidores do clube, com destaques do dia a dia do time.<\/p>\n\n\n\n<p>Por conta deste contexto, leia abaixo um resumo preparado pela equipe do portal G\u00e1vea News para lhe manter muito bem informado!<\/p>\n\n\n\n<h2 class=\"wp-block-heading\" id=\"h-fabricio-bruno-viraliza\">Fabr\u00edcio Bruno viraliza<\/h2>\n\n\n\n<p>No cl\u00e1ssico entre Atl\u00e9tico-MG e Cruzeiro, um lance protagonizado por Hulk e Fabr\u00edcio Bruno gerou grande repercuss\u00e3o nas redes sociais e virou motivo de piada entre torcedores. Durante a partida, Hulk venceu o zagueiro do Flamengo em uma disputa de velocidade e marcou um gol, relembrando um antigo desafio feito por Fabr\u00edcio em 2023, quando ele afirmou que nenhum atacante conseguiria super\u00e1-lo em arrancadas. O epis\u00f3dio viralizou e reacendeu a rivalidade entre os clubes<strong><a href=\"https:\/\/www.gaveanews.com\/index.php\/2025\/02\/13\/video-hulk-deixa-fabricio-bruno-na-saudade-e-video-viraliza\/\"> (leia a mat\u00e9ria completa).<\/a><\/strong><\/p>\n\n\n\n<figure class=\"wp-block-image size-full\"><img loading=\"lazy\" decoding=\"async\" width=\"473\" height=\"575\" src=\"http:\/\/www.gaveanews.com\/wp-content\/uploads\/Fabricio-Bruno-pelo-Cruzeiro.webp\" alt=\"\" class=\"wp-image-213420\" srcset=\"https:\/\/www.gaveanews.com\/wp-content\/uploads\/Fabricio-Bruno-pelo-Cruzeiro.webp 473w, https:\/\/www.gaveanews.com\/wp-content\/uploads\/Fabricio-Bruno-pelo-Cruzeiro-247x300.webp 247w, https:\/\/www.gaveanews.com\/wp-content\/uploads\/Fabricio-Bruno-pelo-Cruzeiro-345x420.webp 345w, https:\/\/www.gaveanews.com\/wp-content\/uploads\/Fabricio-Bruno-pelo-Cruzeiro-100x122.webp 100w\" sizes=\"auto, (max-width: 473px) 100vw, 473px\" \/><figcaption class=\"wp-element-caption\">Fabr\u00edcio Bruno pelo Cruzeiro (Foto: Gustavo Aleixo\/Cruzeiro)\n\n<\/figcaption><\/figure>\n\n\n\n<p>A partida terminou com vit\u00f3ria do Atl\u00e9tico-MG por 2 a 0, com dois gols de Hulk, consolidando sua import\u00e2ncia como decisivo em jogos grandes. Apesar da derrota, o Cruzeiro garantiu vaga nas semifinais do Campeonato Mineiro devido ao desempenho anterior. <\/p>\n\n\n\n<p>Outro fato que chamou aten\u00e7\u00e3o foi a expuls\u00e3o de Gabigol, do Flamengo, que acertou uma cotovelada em Lyanco, aumentando a tens\u00e3o do confronto.<\/p>\n\n\n\n<p>O v\u00eddeo do lance entre Hulk e Fabr\u00edcio Bruno circulou amplamente na internet, gerando coment\u00e1rios e memes sobre a confian\u00e7a do zagueiro em sua velocidade e a demonstra\u00e7\u00e3o de for\u00e7a e habilidade do atacante atleticano. O epis\u00f3dio refor\u00e7ou a imagem de Hulk como pe\u00e7a-chave do Galo e acrescentou mais um cap\u00edtulo memor\u00e1vel \u00e0 rivalidade no futebol mineiro.<\/p>\n\n\n\n<h2 class=\"wp-block-heading\" id=\"h-declaracao-de-fagner\">Declara\u00e7\u00e3o de Fagner<\/h2>\n\n\n\n<p>Fagner, lateral-direito do Cruzeiro, comentou sobre a disputa por posi\u00e7\u00e3o com William, seu concorrente na equipe titular. O experiente defensor de 35 anos minimizou qualquer rivalidade, destacando que a concorr\u00eancia saud\u00e1vel \u00e9 positiva para o time e que seu foco \u00e9 contribuir para o sucesso do clube. Segundo ele, ter dois atletas de alto n\u00edvel disputando a mesma vaga eleva o desempenho geral da equipe e fortalece o elenco <strong><a href=\"https:\/\/www.gaveanews.com\/index.php\/2025\/02\/13\/cruzeiro-fagner-e-sincero-ao-falar-sobre-a-disputar-com-william\/\">(leia a mat\u00e9ria completa).<\/a><\/strong><\/p>\n\n\n\n<figure class=\"wp-block-image size-full\"><img loading=\"lazy\" decoding=\"async\" width=\"594\" height=\"525\" src=\"http:\/\/www.gaveanews.com\/wp-content\/uploads\/Fagner-em-acao-pelo-Corinthians.webp\" alt=\"\" class=\"wp-image-165816\" srcset=\"https:\/\/www.gaveanews.com\/wp-content\/uploads\/Fagner-em-acao-pelo-Corinthians.webp 594w, https:\/\/www.gaveanews.com\/wp-content\/uploads\/Fagner-em-acao-pelo-Corinthians-300x265.webp 300w, https:\/\/www.gaveanews.com\/wp-content\/uploads\/Fagner-em-acao-pelo-Corinthians-475x420.webp 475w, https:\/\/www.gaveanews.com\/wp-content\/uploads\/Fagner-em-acao-pelo-Corinthians-100x88.webp 100w\" sizes=\"auto, (max-width: 594px) 100vw, 594px\" \/><figcaption class=\"wp-element-caption\">Fagner em a\u00e7\u00e3o pelo Corinthians (Foto: Rodrigo Coca\/Ag\u00eancia Corinthians)<\/figcaption><\/figure>\n\n\n\n<p>A declara\u00e7\u00e3o foi dada ap\u00f3s Fagner ser escalado como titular na derrota do Cruzeiro por 2 a 1 contra o Democrata, pela \u00faltima rodada da fase inicial do Campeonato Mineiro. Apesar do resultado negativo, a equipe celeste garantiu vaga nas semifinais do estadual, onde enfrentar\u00e1 o Am\u00e9rica-MG. A partida tamb\u00e9m marcou a estreia do t\u00e9cnico Leonardo Jardim, que iniciou o processo de avalia\u00e7\u00e3o e montagem do time ideal.<\/p>\n\n\n\n<p>William vinha sendo o titular sob o comando dos t\u00e9cnicos anteriores, Fernando Diniz e Wesley Carvalho, participando de 8 dos 10 jogos da temporada, enquanto Fagner atuou menos vezes. Mesmo assim, o lateral afirmou estar tranquilo e feliz no clube, destacando que a disputa interna s\u00f3 tende a melhorar o rendimento do grupo, ajudando o Cruzeiro a alcan\u00e7ar seus objetivos na temporada.<\/p>\n\n\n\n<h2 class=\"wp-block-heading\" id=\"h-contratacao-de-alex\">Contrata\u00e7\u00e3o de Alex<\/h2>\n\n\n\n<p>O ex-meia Alex, \u00eddolo do Cruzeiro, revelou que quase assumiu o comando t\u00e9cnico do clube no in\u00edcio de 2025. Em entrevista ao Charla Podcast, ele contou que foi procurado por Alexandre Mattos, CEO da Raposa, ap\u00f3s a demiss\u00e3o de Fernando Diniz. Apesar das conversas em duas ocasi\u00f5es, a diretoria optou por contratar Leonardo Jardim, t\u00e9cnico com carreira consolidada internacionalmente, para liderar o projeto esportivo<strong><a href=\"https:\/\/www.gaveanews.com\/index.php\/2025\/02\/13\/idolo-do-cruzeiro-quase-foi-contratado-no-lugar-de-leonardo-jardim\/\"> (leia a mat\u00e9ria completa).<\/a><\/strong><\/p>\n\n\n\n<figure class=\"wp-block-image size-large\"><img loading=\"lazy\" decoding=\"async\" width=\"1024\" height=\"682\" src=\"http:\/\/www.gaveanews.com\/wp-content\/uploads\/Camisa-do-Cruzeiro-2024-1024x682.webp\" alt=\"\" class=\"wp-image-163709\" srcset=\"https:\/\/www.gaveanews.com\/wp-content\/uploads\/Camisa-do-Cruzeiro-2024-1024x682.webp 1024w, https:\/\/www.gaveanews.com\/wp-content\/uploads\/Camisa-do-Cruzeiro-2024-300x200.webp 300w, https:\/\/www.gaveanews.com\/wp-content\/uploads\/Camisa-do-Cruzeiro-2024-768x512.webp 768w, https:\/\/www.gaveanews.com\/wp-content\/uploads\/Camisa-do-Cruzeiro-2024-630x420.webp 630w, https:\/\/www.gaveanews.com\/wp-content\/uploads\/Camisa-do-Cruzeiro-2024-1260x840.webp 1260w, https:\/\/www.gaveanews.com\/wp-content\/uploads\/Camisa-do-Cruzeiro-2024-640x427.webp 640w, https:\/\/www.gaveanews.com\/wp-content\/uploads\/Camisa-do-Cruzeiro-2024-1280x853.webp 1280w, https:\/\/www.gaveanews.com\/wp-content\/uploads\/Camisa-do-Cruzeiro-2024-681x454.webp 681w, https:\/\/www.gaveanews.com\/wp-content\/uploads\/Camisa-do-Cruzeiro-2024-100x67.webp 100w, https:\/\/www.gaveanews.com\/wp-content\/uploads\/Camisa-do-Cruzeiro-2024.webp 1292w\" sizes=\"auto, (max-width: 1024px) 100vw, 1024px\" \/><figcaption class=\"wp-element-caption\">Camisa do Cruzeiro 2024 (Foto: Reprodu\u00e7\u00e3o\/Instagram)<\/figcaption><\/figure>\n\n\n\n<p>Alex est\u00e1 sem clube desde que deixou o Antalyaspor, da Turquia, em janeiro. Sua carreira como treinador ainda est\u00e1 em constru\u00e7\u00e3o. Ele iniciou no sub-20 do S\u00e3o Paulo, onde teve bons resultados, mas n\u00e3o conseguiu se firmar no comando do Ava\u00ed, onde obteve seis vit\u00f3rias em 16 jogos. No futebol turco, seu desempenho foi um pouco melhor, com oito triunfos em 21 partidas, demonstrando que ainda busca se consolidar na nova fun\u00e7\u00e3o.<\/p>\n\n\n\n<p>A forte liga\u00e7\u00e3o entre Alex e o Cruzeiro vem de sua passagem hist\u00f3rica pelo clube, especialmente em 2003, quando conquistou a Tr\u00edplice Coroa (Campeonato Mineiro, Copa do Brasil e Campeonato Brasileiro). Essa rela\u00e7\u00e3o afetiva e seu prest\u00edgio junto \u00e0 torcida justificam o interesse da diretoria em contar com ele. A consulta refor\u00e7a o respeito do Cruzeiro pelo ex-jogador, que segue sendo considerado para o futuro, apesar de a escolha atual ter sido pelo nome mais experiente de Leonardo Jardim.<\/p>\n","protected":false},"excerpt":{"rendered":"<p>Nas \u00faltimas horas, o foco das not\u00edcias sobre o Cruzeiro se concentram nos bastidores do clube, com destaques do dia a dia do time. Por conta deste contexto, leia abaixo um resumo preparado pela equipe do portal G\u00e1vea News para lhe manter muito bem informado! Fabr\u00edcio Bruno viraliza No cl\u00e1ssico entre Atl\u00e9tico-MG e Cruzeiro, um [&hellip;]<\/p>\n","protected":false},"author":27,"featured_media":165466,"comment_status":"open","ping_status":"closed","sticky":false,"template":"","format":"standard","meta":{"footnotes":""},"categories":[143],"tags":[],"class_list":["post-228514","post","type-post","status-publish","format-standard","has-post-thumbnail","hentry","category-cruzeiro"],"yoast_head":"<!-- This site is optimized with the Yoast SEO Premium plugin v24.2 (Yoast SEO v26.9) - https:\/\/yoast.com\/product\/yoast-seo-premium-wordpress\/ -->\n<title>Contrata\u00e7\u00e3o de Alex, declara\u00e7\u00e3o de Fagner e Fabr\u00edcio Bruno viraliza: as \u00faltimas not\u00edcias do Cruzeiro<\/title>\n<meta name=\"robots\" content=\"index, follow, max-snippet:-1, max-image-preview:large, max-video-preview:-1\" \/>\n<link rel=\"canonical\" href=\"https:\/\/www.gaveanews.com\/index.php\/2025\/02\/16\/contratacao-de-alex-declaracao-de-fagner-e-fabricio-bruno-viraliza-as-ultimas-noticias-do-cruzeiro\/\" \/>\n<meta property=\"og:locale\" content=\"pt_BR\" \/>\n<meta property=\"og:type\" content=\"article\" \/>\n<meta property=\"og:title\" content=\"Contrata\u00e7\u00e3o de Alex, declara\u00e7\u00e3o de Fagner e Fabr\u00edcio Bruno viraliza: as \u00faltimas not\u00edcias do Cruzeiro\" \/>\n<meta property=\"og:description\" content=\"Nas \u00faltimas horas, o foco das not\u00edcias sobre o Cruzeiro se concentram nos bastidores do clube, com destaques do dia a dia do time. Por conta deste contexto, leia abaixo um resumo preparado pela equipe do portal G\u00e1vea News para lhe manter muito bem informado! Fabr\u00edcio Bruno viraliza No cl\u00e1ssico entre Atl\u00e9tico-MG e Cruzeiro, um [&hellip;]\" \/>\n<meta property=\"og:url\" content=\"https:\/\/www.gaveanews.com\/index.php\/2025\/02\/16\/contratacao-de-alex-declaracao-de-fagner-e-fabricio-bruno-viraliza-as-ultimas-noticias-do-cruzeiro\/\" \/>\n<meta property=\"og:site_name\" content=\"G\u00e1vea News\" \/>\n<meta property=\"article:publisher\" content=\"https:\/\/facebook.com\/gaveaNews\/\" \/>\n<meta property=\"article:published_time\" content=\"2025-02-16T10:15:00+00:00\" \/>\n<meta property=\"og:image\" content=\"https:\/\/www.gaveanews.com\/wp-content\/uploads\/Escudo-do-Cruzeiro.webp\" \/>\n\t<meta property=\"og:image:width\" content=\"1387\" \/>\n\t<meta property=\"og:image:height\" content=\"924\" \/>\n\t<meta property=\"og:image:type\" content=\"image\/webp\" \/>\n<meta name=\"author\" content=\"Matheus Felipe\" \/>\n<meta name=\"twitter:card\" content=\"summary_large_image\" \/>\n<meta name=\"twitter:label1\" content=\"Escrito por\" \/>\n\t<meta name=\"twitter:data1\" content=\"Matheus Felipe\" \/>\n\t<meta name=\"twitter:label2\" content=\"Est. tempo de leitura\" \/>\n\t<meta name=\"twitter:data2\" content=\"5 minutos\" \/>\n<script type=\"application\/ld+json\" class=\"yoast-schema-graph\">{\"@context\":\"https:\/\/schema.org\",\"@graph\":[{\"@type\":\"NewsArticle\",\"@id\":\"https:\/\/www.gaveanews.com\/index.php\/2025\/02\/16\/contratacao-de-alex-declaracao-de-fagner-e-fabricio-bruno-viraliza-as-ultimas-noticias-do-cruzeiro\/#article\",\"isPartOf\":{\"@id\":\"https:\/\/www.gaveanews.com\/index.php\/2025\/02\/16\/contratacao-de-alex-declaracao-de-fagner-e-fabricio-bruno-viraliza-as-ultimas-noticias-do-cruzeiro\/\"},\"author\":{\"name\":\"Matheus Felipe\",\"@id\":\"https:\/\/www.gaveanews.com\/#\/schema\/person\/8207cd4627f56151707418bfc835b2fb\"},\"headline\":\"Contrata\u00e7\u00e3o de Alex, declara\u00e7\u00e3o de Fagner e Fabr\u00edcio Bruno viraliza: as \u00faltimas not\u00edcias do Cruzeiro\",\"datePublished\":\"2025-02-16T10:15:00+00:00\",\"mainEntityOfPage\":{\"@id\":\"https:\/\/www.gaveanews.com\/index.php\/2025\/02\/16\/contratacao-de-alex-declaracao-de-fagner-e-fabricio-bruno-viraliza-as-ultimas-noticias-do-cruzeiro\/\"},\"wordCount\":766,\"commentCount\":0,\"image\":{\"@id\":\"https:\/\/www.gaveanews.com\/index.php\/2025\/02\/16\/contratacao-de-alex-declaracao-de-fagner-e-fabricio-bruno-viraliza-as-ultimas-noticias-do-cruzeiro\/#primaryimage\"},\"thumbnailUrl\":\"https:\/\/www.gaveanews.com\/wp-content\/uploads\/Escudo-do-Cruzeiro.webp\",\"articleSection\":[\"Cruzeiro\"],\"inLanguage\":\"pt-BR\",\"potentialAction\":[{\"@type\":\"CommentAction\",\"name\":\"Comment\",\"target\":[\"https:\/\/www.gaveanews.com\/index.php\/2025\/02\/16\/contratacao-de-alex-declaracao-de-fagner-e-fabricio-bruno-viraliza-as-ultimas-noticias-do-cruzeiro\/#respond\"]}],\"copyrightYear\":\"2025\",\"copyrightHolder\":{\"@id\":\"https:\/\/www.gaveanews.com\/#organization\"}},{\"@type\":\"WebPage\",\"@id\":\"https:\/\/www.gaveanews.com\/index.php\/2025\/02\/16\/contratacao-de-alex-declaracao-de-fagner-e-fabricio-bruno-viraliza-as-ultimas-noticias-do-cruzeiro\/\",\"url\":\"https:\/\/www.gaveanews.com\/index.php\/2025\/02\/16\/contratacao-de-alex-declaracao-de-fagner-e-fabricio-bruno-viraliza-as-ultimas-noticias-do-cruzeiro\/\",\"name\":\"Contrata\u00e7\u00e3o de Alex, declara\u00e7\u00e3o de Fagner e Fabr\u00edcio Bruno viraliza: as \u00faltimas not\u00edcias do Cruzeiro\",\"isPartOf\":{\"@id\":\"https:\/\/www.gaveanews.com\/#website\"},\"primaryImageOfPage\":{\"@id\":\"https:\/\/www.gaveanews.com\/index.php\/2025\/02\/16\/contratacao-de-alex-declaracao-de-fagner-e-fabricio-bruno-viraliza-as-ultimas-noticias-do-cruzeiro\/#primaryimage\"},\"image\":{\"@id\":\"https:\/\/www.gaveanews.com\/index.php\/2025\/02\/16\/contratacao-de-alex-declaracao-de-fagner-e-fabricio-bruno-viraliza-as-ultimas-noticias-do-cruzeiro\/#primaryimage\"},\"thumbnailUrl\":\"https:\/\/www.gaveanews.com\/wp-content\/uploads\/Escudo-do-Cruzeiro.webp\",\"datePublished\":\"2025-02-16T10:15:00+00:00\",\"author\":{\"@id\":\"https:\/\/www.gaveanews.com\/#\/schema\/person\/8207cd4627f56151707418bfc835b2fb\"},\"breadcrumb\":{\"@id\":\"https:\/\/www.gaveanews.com\/index.php\/2025\/02\/16\/contratacao-de-alex-declaracao-de-fagner-e-fabricio-bruno-viraliza-as-ultimas-noticias-do-cruzeiro\/#breadcrumb\"},\"inLanguage\":\"pt-BR\",\"potentialAction\":[{\"@type\":\"ReadAction\",\"target\":[\"https:\/\/www.gaveanews.com\/index.php\/2025\/02\/16\/contratacao-de-alex-declaracao-de-fagner-e-fabricio-bruno-viraliza-as-ultimas-noticias-do-cruzeiro\/\"]}]},{\"@type\":\"ImageObject\",\"inLanguage\":\"pt-BR\",\"@id\":\"https:\/\/www.gaveanews.com\/index.php\/2025\/02\/16\/contratacao-de-alex-declaracao-de-fagner-e-fabricio-bruno-viraliza-as-ultimas-noticias-do-cruzeiro\/#primaryimage\",\"url\":\"https:\/\/www.gaveanews.com\/wp-content\/uploads\/Escudo-do-Cruzeiro.webp\",\"contentUrl\":\"https:\/\/www.gaveanews.com\/wp-content\/uploads\/Escudo-do-Cruzeiro.webp\",\"width\":1387,\"height\":924,\"caption\":\"Escudo do Cruzeiro (Foto: Reprodu\u00e7\u00e3o\/Cruzeiro)\"},{\"@type\":\"BreadcrumbList\",\"@id\":\"https:\/\/www.gaveanews.com\/index.php\/2025\/02\/16\/contratacao-de-alex-declaracao-de-fagner-e-fabricio-bruno-viraliza-as-ultimas-noticias-do-cruzeiro\/#breadcrumb\",\"itemListElement\":[{\"@type\":\"ListItem\",\"position\":1,\"name\":\"Home\",\"item\":\"https:\/\/www.gaveanews.com\/\"},{\"@type\":\"ListItem\",\"position\":2,\"name\":\"Contrata\u00e7\u00e3o de Alex, declara\u00e7\u00e3o de Fagner e Fabr\u00edcio Bruno viraliza: as \u00faltimas not\u00edcias do Cruzeiro\"}]},{\"@type\":\"WebSite\",\"@id\":\"https:\/\/www.gaveanews.com\/#website\",\"url\":\"https:\/\/www.gaveanews.com\/\",\"name\":\"G\u00e1vea News\",\"description\":\"Veja todas as not\u00edcias sobre o Flamengo: Contrata\u00e7\u00f5es, categorias de base, resultados das partidas, tabela de classifica\u00e7\u00e3o, pr\u00f3ximos jogos!\",\"potentialAction\":[{\"@type\":\"SearchAction\",\"target\":{\"@type\":\"EntryPoint\",\"urlTemplate\":\"https:\/\/www.gaveanews.com\/?s={search_term_string}\"},\"query-input\":{\"@type\":\"PropertyValueSpecification\",\"valueRequired\":true,\"valueName\":\"search_term_string\"}}],\"inLanguage\":\"pt-BR\"},{\"@type\":\"Person\",\"@id\":\"https:\/\/www.gaveanews.com\/#\/schema\/person\/8207cd4627f56151707418bfc835b2fb\",\"name\":\"Matheus Felipe\",\"image\":{\"@type\":\"ImageObject\",\"inLanguage\":\"pt-BR\",\"@id\":\"https:\/\/www.gaveanews.com\/#\/schema\/person\/image\/\",\"url\":\"https:\/\/secure.gravatar.com\/avatar\/a452ffbed9130f726358b298bb3a99ce4bd3c5338411f8440e87e14d74c7c087?s=96&d=mm&r=g\",\"contentUrl\":\"https:\/\/secure.gravatar.com\/avatar\/a452ffbed9130f726358b298bb3a99ce4bd3c5338411f8440e87e14d74c7c087?s=96&d=mm&r=g\",\"caption\":\"Matheus Felipe\"}}]}<\/script>\n<!-- \/ Yoast SEO Premium plugin. -->","yoast_head_json":{"title":"Contrata\u00e7\u00e3o de Alex, declara\u00e7\u00e3o de Fagner e Fabr\u00edcio Bruno viraliza: as \u00faltimas not\u00edcias do Cruzeiro","robots":{"index":"index","follow":"follow","max-snippet":"max-snippet:-1","max-image-preview":"max-image-preview:large","max-video-preview":"max-video-preview:-1"},"canonical":"https:\/\/www.gaveanews.com\/index.php\/2025\/02\/16\/contratacao-de-alex-declaracao-de-fagner-e-fabricio-bruno-viraliza-as-ultimas-noticias-do-cruzeiro\/","og_locale":"pt_BR","og_type":"article","og_title":"Contrata\u00e7\u00e3o de Alex, declara\u00e7\u00e3o de Fagner e Fabr\u00edcio Bruno viraliza: as \u00faltimas not\u00edcias do Cruzeiro","og_description":"Nas \u00faltimas horas, o foco das not\u00edcias sobre o Cruzeiro se concentram nos bastidores do clube, com destaques do dia a dia do time. Por conta deste contexto, leia abaixo um resumo preparado pela equipe do portal G\u00e1vea News para lhe manter muito bem informado! Fabr\u00edcio Bruno viraliza No cl\u00e1ssico entre Atl\u00e9tico-MG e Cruzeiro, um [&hellip;]","og_url":"https:\/\/www.gaveanews.com\/index.php\/2025\/02\/16\/contratacao-de-alex-declaracao-de-fagner-e-fabricio-bruno-viraliza-as-ultimas-noticias-do-cruzeiro\/","og_site_name":"G\u00e1vea News","article_publisher":"https:\/\/facebook.com\/gaveaNews\/","article_published_time":"2025-02-16T10:15:00+00:00","og_image":[{"width":1387,"height":924,"url":"https:\/\/www.gaveanews.com\/wp-content\/uploads\/Escudo-do-Cruzeiro.webp","type":"image\/webp"}],"author":"Matheus Felipe","twitter_card":"summary_large_image","twitter_misc":{"Escrito por":"Matheus Felipe","Est. tempo de leitura":"5 minutos"},"schema":{"@context":"https:\/\/schema.org","@graph":[{"@type":"NewsArticle","@id":"https:\/\/www.gaveanews.com\/index.php\/2025\/02\/16\/contratacao-de-alex-declaracao-de-fagner-e-fabricio-bruno-viraliza-as-ultimas-noticias-do-cruzeiro\/#article","isPartOf":{"@id":"https:\/\/www.gaveanews.com\/index.php\/2025\/02\/16\/contratacao-de-alex-declaracao-de-fagner-e-fabricio-bruno-viraliza-as-ultimas-noticias-do-cruzeiro\/"},"author":{"name":"Matheus Felipe","@id":"https:\/\/www.gaveanews.com\/#\/schema\/person\/8207cd4627f56151707418bfc835b2fb"},"headline":"Contrata\u00e7\u00e3o de Alex, declara\u00e7\u00e3o de Fagner e Fabr\u00edcio Bruno viraliza: as \u00faltimas not\u00edcias do Cruzeiro","datePublished":"2025-02-16T10:15:00+00:00","mainEntityOfPage":{"@id":"https:\/\/www.gaveanews.com\/index.php\/2025\/02\/16\/contratacao-de-alex-declaracao-de-fagner-e-fabricio-bruno-viraliza-as-ultimas-noticias-do-cruzeiro\/"},"wordCount":766,"commentCount":0,"image":{"@id":"https:\/\/www.gaveanews.com\/index.php\/2025\/02\/16\/contratacao-de-alex-declaracao-de-fagner-e-fabricio-bruno-viraliza-as-ultimas-noticias-do-cruzeiro\/#primaryimage"},"thumbnailUrl":"https:\/\/www.gaveanews.com\/wp-content\/uploads\/Escudo-do-Cruzeiro.webp","articleSection":["Cruzeiro"],"inLanguage":"pt-BR","potentialAction":[{"@type":"CommentAction","name":"Comment","target":["https:\/\/www.gaveanews.com\/index.php\/2025\/02\/16\/contratacao-de-alex-declaracao-de-fagner-e-fabricio-bruno-viraliza-as-ultimas-noticias-do-cruzeiro\/#respond"]}],"copyrightYear":"2025","copyrightHolder":{"@id":"https:\/\/www.gaveanews.com\/#organization"}},{"@type":"WebPage","@id":"https:\/\/www.gaveanews.com\/index.php\/2025\/02\/16\/contratacao-de-alex-declaracao-de-fagner-e-fabricio-bruno-viraliza-as-ultimas-noticias-do-cruzeiro\/","url":"https:\/\/www.gaveanews.com\/index.php\/2025\/02\/16\/contratacao-de-alex-declaracao-de-fagner-e-fabricio-bruno-viraliza-as-ultimas-noticias-do-cruzeiro\/","name":"Contrata\u00e7\u00e3o de Alex, declara\u00e7\u00e3o de Fagner e Fabr\u00edcio Bruno viraliza: as \u00faltimas not\u00edcias do Cruzeiro","isPartOf":{"@id":"https:\/\/www.gaveanews.com\/#website"},"primaryImageOfPage":{"@id":"https:\/\/www.gaveanews.com\/index.php\/2025\/02\/16\/contratacao-de-alex-declaracao-de-fagner-e-fabricio-bruno-viraliza-as-ultimas-noticias-do-cruzeiro\/#primaryimage"},"image":{"@id":"https:\/\/www.gaveanews.com\/index.php\/2025\/02\/16\/contratacao-de-alex-declaracao-de-fagner-e-fabricio-bruno-viraliza-as-ultimas-noticias-do-cruzeiro\/#primaryimage"},"thumbnailUrl":"https:\/\/www.gaveanews.com\/wp-content\/uploads\/Escudo-do-Cruzeiro.webp","datePublished":"2025-02-16T10:15:00+00:00","author":{"@id":"https:\/\/www.gaveanews.com\/#\/schema\/person\/8207cd4627f56151707418bfc835b2fb"},"breadcrumb":{"@id":"https:\/\/www.gaveanews.com\/index.php\/2025\/02\/16\/contratacao-de-alex-declaracao-de-fagner-e-fabricio-bruno-viraliza-as-ultimas-noticias-do-cruzeiro\/#breadcrumb"},"inLanguage":"pt-BR","potentialAction":[{"@type":"ReadAction","target":["https:\/\/www.gaveanews.com\/index.php\/2025\/02\/16\/contratacao-de-alex-declaracao-de-fagner-e-fabricio-bruno-viraliza-as-ultimas-noticias-do-cruzeiro\/"]}]},{"@type":"ImageObject","inLanguage":"pt-BR","@id":"https:\/\/www.gaveanews.com\/index.php\/2025\/02\/16\/contratacao-de-alex-declaracao-de-fagner-e-fabricio-bruno-viraliza-as-ultimas-noticias-do-cruzeiro\/#primaryimage","url":"https:\/\/www.gaveanews.com\/wp-content\/uploads\/Escudo-do-Cruzeiro.webp","contentUrl":"https:\/\/www.gaveanews.com\/wp-content\/uploads\/Escudo-do-Cruzeiro.webp","width":1387,"height":924,"caption":"Escudo do Cruzeiro (Foto: Reprodu\u00e7\u00e3o\/Cruzeiro)"},{"@type":"BreadcrumbList","@id":"https:\/\/www.gaveanews.com\/index.php\/2025\/02\/16\/contratacao-de-alex-declaracao-de-fagner-e-fabricio-bruno-viraliza-as-ultimas-noticias-do-cruzeiro\/#breadcrumb","itemListElement":[{"@type":"ListItem","position":1,"name":"Home","item":"https:\/\/www.gaveanews.com\/"},{"@type":"ListItem","position":2,"name":"Contrata\u00e7\u00e3o de Alex, declara\u00e7\u00e3o de Fagner e Fabr\u00edcio Bruno viraliza: as \u00faltimas not\u00edcias do Cruzeiro"}]},{"@type":"WebSite","@id":"https:\/\/www.gaveanews.com\/#website","url":"https:\/\/www.gaveanews.com\/","name":"G\u00e1vea News","description":"Veja todas as not\u00edcias sobre o Flamengo: Contrata\u00e7\u00f5es, categorias de base, resultados das partidas, tabela de classifica\u00e7\u00e3o, pr\u00f3ximos jogos!","potentialAction":[{"@type":"SearchAction","target":{"@type":"EntryPoint","urlTemplate":"https:\/\/www.gaveanews.com\/?s={search_term_string}"},"query-input":{"@type":"PropertyValueSpecification","valueRequired":true,"valueName":"search_term_string"}}],"inLanguage":"pt-BR"},{"@type":"Person","@id":"https:\/\/www.gaveanews.com\/#\/schema\/person\/8207cd4627f56151707418bfc835b2fb","name":"Matheus Felipe","image":{"@type":"ImageObject","inLanguage":"pt-BR","@id":"https:\/\/www.gaveanews.com\/#\/schema\/person\/image\/","url":"https:\/\/secure.gravatar.com\/avatar\/a452ffbed9130f726358b298bb3a99ce4bd3c5338411f8440e87e14d74c7c087?s=96&d=mm&r=g","contentUrl":"https:\/\/secure.gravatar.com\/avatar\/a452ffbed9130f726358b298bb3a99ce4bd3c5338411f8440e87e14d74c7c087?s=96&d=mm&r=g","caption":"Matheus Felipe"}}]}},"_links":{"self":[{"href":"https:\/\/www.gaveanews.com\/index.php\/wp-json\/wp\/v2\/posts\/228514","targetHints":{"allow":["GET"]}}],"collection":[{"href":"https:\/\/www.gaveanews.com\/index.php\/wp-json\/wp\/v2\/posts"}],"about":[{"href":"https:\/\/www.gaveanews.com\/index.php\/wp-json\/wp\/v2\/types\/post"}],"author":[{"embeddable":true,"href":"https:\/\/www.gaveanews.com\/index.php\/wp-json\/wp\/v2\/users\/27"}],"replies":[{"embeddable":true,"href":"https:\/\/www.gaveanews.com\/index.php\/wp-json\/wp\/v2\/comments?post=228514"}],"version-history":[{"count":1,"href":"https:\/\/www.gaveanews.com\/index.php\/wp-json\/wp\/v2\/posts\/228514\/revisions"}],"predecessor-version":[{"id":228524,"href":"https:\/\/www.gaveanews.com\/index.php\/wp-json\/wp\/v2\/posts\/228514\/revisions\/228524"}],"wp:featuredmedia":[{"embeddable":true,"href":"https:\/\/www.gaveanews.com\/index.php\/wp-json\/wp\/v2\/media\/165466"}],"wp:attachment":[{"href":"https:\/\/www.gaveanews.com\/index.php\/wp-json\/wp\/v2\/media?parent=228514"}],"wp:term":[{"taxonomy":"category","embeddable":true,"href":"https:\/\/www.gaveanews.com\/index.php\/wp-json\/wp\/v2\/categories?post=228514"},{"taxonomy":"post_tag","embeddable":true,"href":"https:\/\/www.gaveanews.com\/index.php\/wp-json\/wp\/v2\/tags?post=228514"}],"curies":[{"name":"wp","href":"https:\/\/api.w.org\/{rel}","templated":true}]}}