{"id":228533,"date":"2025-02-16T16:00:00","date_gmt":"2025-02-16T19:00:00","guid":{"rendered":"https:\/\/www.gaveanews.com\/?p=228533"},"modified":"2025-02-16T14:59:35","modified_gmt":"2025-02-16T17:59:35","slug":"filipe-luis-indica-possivel-troca-de-sistema-no-flamengo","status":"publish","type":"post","link":"https:\/\/www.gaveanews.com\/index.php\/2025\/02\/16\/filipe-luis-indica-possivel-troca-de-sistema-no-flamengo\/","title":{"rendered":"Filipe Lu\u00eds indica poss\u00edvel troca de sistema no Flamengo"},"content":{"rendered":"\n<p>Rec\u00e9m-contratado, o zagueiro Danilo vem encantando o t\u00e9cnico Filipe Lu\u00eds e os torcedores do Flamengo. O experiente defensor foi titular no cl\u00e1ssico contra o Vasco e formou dupla com L\u00e9o Pereira. No jogo anterior, contra o Botafogo, a dupla foi L\u00e9o Ortiz.<\/p>\n\n\n\n<p>Com tr\u00eas zagueiros atuando em alto n\u00edvel, o t\u00e9cnico Filipe Lu\u00eds n\u00e3o descartou a possibilidade de mudar o esquema de jogo para colocar o trio junto de titular. Segundo o treinador do Flamengo, a contrata\u00e7\u00e3o do Danilo foi um grande acerto e o campo fala. A mudan\u00e7a de esquema s\u00f3 depende deles.<\/p>\n\n\n\n<p>&#8220;A contrata\u00e7\u00e3o do Danilo \u00e9 um acerto muito grande por parte do Boto. Um jogador desse calibre no nosso elenco&#8230; ele escolheu vir para o Flamengo e perdoando muito dinheiro&#8230; A concorr\u00eancia entre eles \u00e9 o que eleva o n\u00edvel. Algum dos zagueiros vai ficar bravo, mas o campo fala. Se os tr\u00eas falarem, eu vou fazer alguma coisa para tr\u00eas jogarem. Depende deles. Vou escolher o que falarem mais no campo. Com tantos jogos, todos v\u00e3o jogar&#8221;, afirmou Filipe Lu\u00eds.<\/p>\n\n\n\n<p>Em outra resposta, Filipe Lu\u00eds voltou a falar que um time para ser campe\u00e3o precisa dominar duas forma\u00e7\u00f5es t\u00e1ticas ao menos. Atualmente o Flamengo joga no 4-2-3-1, mas o comandante informou que pode alterar para o 4-3-3 ou at\u00e9 o 3-4-3.<\/p>\n\n\n\n<p>&#8220;Um time para brigar por t\u00edtulos tem que dominar dois sistemas. Jogamos no 4-2-3-1. Temos quatro volantes. Evertton Ara\u00fajo, Pulgar, Nico, Allan, Alcaraz estava aqui, Gerson que pode jogar de volante. Por uma quest\u00e3o natural, jogar com dois volantes era fundamental. Pelo equil\u00edbrio que d\u00e1 com os laterais que temos&#8221;, iniciou Filipe Lu\u00eds.<\/p>\n\n\n\n<p>&#8220;Em determinado momento posso usar 4-3-3, 3-4-3&#8230; pela versatilidade dos jogadores. Para jogar 4-3-3 era s\u00f3 tirar um volante e colocar mais um ponta. \u00c9 uma adapta\u00e7\u00e3o e isso depende do advers\u00e1rio&#8221;, completou o treinador do Flamengo, que volta a campo no pr\u00f3ximo dia 22, contra o Maric\u00e1.<\/p>\n","protected":false},"excerpt":{"rendered":"<p>Rec\u00e9m-contratado, o zagueiro Danilo vem encantando o t\u00e9cnico Filipe Lu\u00eds e os torcedores do Flamengo. O experiente defensor foi titular no cl\u00e1ssico contra o Vasco e formou dupla com L\u00e9o Pereira. No jogo anterior, contra o Botafogo, a dupla foi L\u00e9o Ortiz. Com tr\u00eas zagueiros atuando em alto n\u00edvel, o t\u00e9cnico Filipe Lu\u00eds n\u00e3o descartou [&hellip;]<\/p>\n","protected":false},"author":32,"featured_media":171213,"comment_status":"open","ping_status":"closed","sticky":false,"template":"","format":"standard","meta":{"footnotes":""},"categories":[1],"tags":[],"class_list":["post-228533","post","type-post","status-publish","format-standard","has-post-thumbnail","hentry","category-flamengo"],"yoast_head":"<!-- This site is optimized with the Yoast SEO Premium plugin v24.2 (Yoast SEO v26.9) - https:\/\/yoast.com\/product\/yoast-seo-premium-wordpress\/ -->\n<title>Filipe Lu\u00eds indica poss\u00edvel troca de sistema no Flamengo<\/title>\n<meta name=\"robots\" content=\"index, follow, max-snippet:-1, max-image-preview:large, max-video-preview:-1\" \/>\n<link rel=\"canonical\" href=\"https:\/\/www.gaveanews.com\/index.php\/2025\/02\/16\/filipe-luis-indica-possivel-troca-de-sistema-no-flamengo\/\" \/>\n<meta property=\"og:locale\" content=\"pt_BR\" \/>\n<meta property=\"og:type\" content=\"article\" \/>\n<meta property=\"og:title\" content=\"Filipe Lu\u00eds indica poss\u00edvel troca de sistema no Flamengo\" \/>\n<meta property=\"og:description\" content=\"Rec\u00e9m-contratado, o zagueiro Danilo vem encantando o t\u00e9cnico Filipe Lu\u00eds e os torcedores do Flamengo. O experiente defensor foi titular no cl\u00e1ssico contra o Vasco e formou dupla com L\u00e9o Pereira. No jogo anterior, contra o Botafogo, a dupla foi L\u00e9o Ortiz. Com tr\u00eas zagueiros atuando em alto n\u00edvel, o t\u00e9cnico Filipe Lu\u00eds n\u00e3o descartou [&hellip;]\" \/>\n<meta property=\"og:url\" content=\"https:\/\/www.gaveanews.com\/index.php\/2025\/02\/16\/filipe-luis-indica-possivel-troca-de-sistema-no-flamengo\/\" \/>\n<meta property=\"og:site_name\" content=\"G\u00e1vea News\" \/>\n<meta property=\"article:publisher\" content=\"https:\/\/facebook.com\/gaveaNews\/\" \/>\n<meta property=\"article:published_time\" content=\"2025-02-16T19:00:00+00:00\" \/>\n<meta property=\"og:image\" content=\"https:\/\/www.gaveanews.com\/wp-content\/uploads\/Filipe-Luis-como-tecnico-do-Flamengo-em-2024.webp\" \/>\n\t<meta property=\"og:image:width\" content=\"1065\" \/>\n\t<meta property=\"og:image:height\" content=\"710\" \/>\n\t<meta property=\"og:image:type\" content=\"image\/webp\" \/>\n<meta name=\"author\" content=\"Matheus Leal\" \/>\n<meta name=\"twitter:card\" content=\"summary_large_image\" \/>\n<meta name=\"twitter:label1\" content=\"Escrito por\" \/>\n\t<meta name=\"twitter:data1\" content=\"Matheus Leal\" \/>\n\t<meta name=\"twitter:label2\" content=\"Est. tempo de leitura\" \/>\n\t<meta name=\"twitter:data2\" content=\"2 minutos\" \/>\n<script type=\"application\/ld+json\" class=\"yoast-schema-graph\">{\"@context\":\"https:\/\/schema.org\",\"@graph\":[{\"@type\":\"NewsArticle\",\"@id\":\"https:\/\/www.gaveanews.com\/index.php\/2025\/02\/16\/filipe-luis-indica-possivel-troca-de-sistema-no-flamengo\/#article\",\"isPartOf\":{\"@id\":\"https:\/\/www.gaveanews.com\/index.php\/2025\/02\/16\/filipe-luis-indica-possivel-troca-de-sistema-no-flamengo\/\"},\"author\":{\"name\":\"Matheus Leal\",\"@id\":\"https:\/\/www.gaveanews.com\/#\/schema\/person\/49ac99b6823a2b8d5087a6ce3aaaa128\"},\"headline\":\"Filipe Lu\u00eds indica poss\u00edvel troca de sistema no Flamengo\",\"datePublished\":\"2025-02-16T19:00:00+00:00\",\"mainEntityOfPage\":{\"@id\":\"https:\/\/www.gaveanews.com\/index.php\/2025\/02\/16\/filipe-luis-indica-possivel-troca-de-sistema-no-flamengo\/\"},\"wordCount\":365,\"commentCount\":0,\"image\":{\"@id\":\"https:\/\/www.gaveanews.com\/index.php\/2025\/02\/16\/filipe-luis-indica-possivel-troca-de-sistema-no-flamengo\/#primaryimage\"},\"thumbnailUrl\":\"https:\/\/www.gaveanews.com\/wp-content\/uploads\/Filipe-Luis-como-tecnico-do-Flamengo-em-2024.webp\",\"articleSection\":[\"Flamengo\"],\"inLanguage\":\"pt-BR\",\"potentialAction\":[{\"@type\":\"CommentAction\",\"name\":\"Comment\",\"target\":[\"https:\/\/www.gaveanews.com\/index.php\/2025\/02\/16\/filipe-luis-indica-possivel-troca-de-sistema-no-flamengo\/#respond\"]}],\"copyrightYear\":\"2025\",\"copyrightHolder\":{\"@id\":\"https:\/\/www.gaveanews.com\/#organization\"}},{\"@type\":\"WebPage\",\"@id\":\"https:\/\/www.gaveanews.com\/index.php\/2025\/02\/16\/filipe-luis-indica-possivel-troca-de-sistema-no-flamengo\/\",\"url\":\"https:\/\/www.gaveanews.com\/index.php\/2025\/02\/16\/filipe-luis-indica-possivel-troca-de-sistema-no-flamengo\/\",\"name\":\"Filipe Lu\u00eds indica poss\u00edvel troca de sistema no Flamengo\",\"isPartOf\":{\"@id\":\"https:\/\/www.gaveanews.com\/#website\"},\"primaryImageOfPage\":{\"@id\":\"https:\/\/www.gaveanews.com\/index.php\/2025\/02\/16\/filipe-luis-indica-possivel-troca-de-sistema-no-flamengo\/#primaryimage\"},\"image\":{\"@id\":\"https:\/\/www.gaveanews.com\/index.php\/2025\/02\/16\/filipe-luis-indica-possivel-troca-de-sistema-no-flamengo\/#primaryimage\"},\"thumbnailUrl\":\"https:\/\/www.gaveanews.com\/wp-content\/uploads\/Filipe-Luis-como-tecnico-do-Flamengo-em-2024.webp\",\"datePublished\":\"2025-02-16T19:00:00+00:00\",\"author\":{\"@id\":\"https:\/\/www.gaveanews.com\/#\/schema\/person\/49ac99b6823a2b8d5087a6ce3aaaa128\"},\"breadcrumb\":{\"@id\":\"https:\/\/www.gaveanews.com\/index.php\/2025\/02\/16\/filipe-luis-indica-possivel-troca-de-sistema-no-flamengo\/#breadcrumb\"},\"inLanguage\":\"pt-BR\",\"potentialAction\":[{\"@type\":\"ReadAction\",\"target\":[\"https:\/\/www.gaveanews.com\/index.php\/2025\/02\/16\/filipe-luis-indica-possivel-troca-de-sistema-no-flamengo\/\"]}]},{\"@type\":\"ImageObject\",\"inLanguage\":\"pt-BR\",\"@id\":\"https:\/\/www.gaveanews.com\/index.php\/2025\/02\/16\/filipe-luis-indica-possivel-troca-de-sistema-no-flamengo\/#primaryimage\",\"url\":\"https:\/\/www.gaveanews.com\/wp-content\/uploads\/Filipe-Luis-como-tecnico-do-Flamengo-em-2024.webp\",\"contentUrl\":\"https:\/\/www.gaveanews.com\/wp-content\/uploads\/Filipe-Luis-como-tecnico-do-Flamengo-em-2024.webp\",\"width\":1065,\"height\":710,\"caption\":\"Filipe Lu\u00eds como t\u00e9cnico do Flamengo em (Foto: Gilvan de Souza e Marcelo Cortes \/ CRF)\"},{\"@type\":\"BreadcrumbList\",\"@id\":\"https:\/\/www.gaveanews.com\/index.php\/2025\/02\/16\/filipe-luis-indica-possivel-troca-de-sistema-no-flamengo\/#breadcrumb\",\"itemListElement\":[{\"@type\":\"ListItem\",\"position\":1,\"name\":\"Home\",\"item\":\"https:\/\/www.gaveanews.com\/\"},{\"@type\":\"ListItem\",\"position\":2,\"name\":\"Filipe Lu\u00eds indica poss\u00edvel troca de sistema no Flamengo\"}]},{\"@type\":\"WebSite\",\"@id\":\"https:\/\/www.gaveanews.com\/#website\",\"url\":\"https:\/\/www.gaveanews.com\/\",\"name\":\"G\u00e1vea News\",\"description\":\"Veja todas as not\u00edcias sobre o Flamengo: Contrata\u00e7\u00f5es, categorias de base, resultados das partidas, tabela de classifica\u00e7\u00e3o, pr\u00f3ximos jogos!\",\"potentialAction\":[{\"@type\":\"SearchAction\",\"target\":{\"@type\":\"EntryPoint\",\"urlTemplate\":\"https:\/\/www.gaveanews.com\/?s={search_term_string}\"},\"query-input\":{\"@type\":\"PropertyValueSpecification\",\"valueRequired\":true,\"valueName\":\"search_term_string\"}}],\"inLanguage\":\"pt-BR\"},{\"@type\":\"Person\",\"@id\":\"https:\/\/www.gaveanews.com\/#\/schema\/person\/49ac99b6823a2b8d5087a6ce3aaaa128\",\"name\":\"Matheus Leal\",\"image\":{\"@type\":\"ImageObject\",\"inLanguage\":\"pt-BR\",\"@id\":\"https:\/\/www.gaveanews.com\/#\/schema\/person\/image\/\",\"url\":\"https:\/\/secure.gravatar.com\/avatar\/21c52300d1234416f9c886f6dadd7452d8b035ac505314a51e4f56731e90c481?s=96&d=mm&r=g\",\"contentUrl\":\"https:\/\/secure.gravatar.com\/avatar\/21c52300d1234416f9c886f6dadd7452d8b035ac505314a51e4f56731e90c481?s=96&d=mm&r=g\",\"caption\":\"Matheus Leal\"}}]}<\/script>\n<!-- \/ Yoast SEO Premium plugin. -->","yoast_head_json":{"title":"Filipe Lu\u00eds indica poss\u00edvel troca de sistema no Flamengo","robots":{"index":"index","follow":"follow","max-snippet":"max-snippet:-1","max-image-preview":"max-image-preview:large","max-video-preview":"max-video-preview:-1"},"canonical":"https:\/\/www.gaveanews.com\/index.php\/2025\/02\/16\/filipe-luis-indica-possivel-troca-de-sistema-no-flamengo\/","og_locale":"pt_BR","og_type":"article","og_title":"Filipe Lu\u00eds indica poss\u00edvel troca de sistema no Flamengo","og_description":"Rec\u00e9m-contratado, o zagueiro Danilo vem encantando o t\u00e9cnico Filipe Lu\u00eds e os torcedores do Flamengo. O experiente defensor foi titular no cl\u00e1ssico contra o Vasco e formou dupla com L\u00e9o Pereira. No jogo anterior, contra o Botafogo, a dupla foi L\u00e9o Ortiz. Com tr\u00eas zagueiros atuando em alto n\u00edvel, o t\u00e9cnico Filipe Lu\u00eds n\u00e3o descartou [&hellip;]","og_url":"https:\/\/www.gaveanews.com\/index.php\/2025\/02\/16\/filipe-luis-indica-possivel-troca-de-sistema-no-flamengo\/","og_site_name":"G\u00e1vea News","article_publisher":"https:\/\/facebook.com\/gaveaNews\/","article_published_time":"2025-02-16T19:00:00+00:00","og_image":[{"width":1065,"height":710,"url":"https:\/\/www.gaveanews.com\/wp-content\/uploads\/Filipe-Luis-como-tecnico-do-Flamengo-em-2024.webp","type":"image\/webp"}],"author":"Matheus Leal","twitter_card":"summary_large_image","twitter_misc":{"Escrito por":"Matheus Leal","Est. tempo de leitura":"2 minutos"},"schema":{"@context":"https:\/\/schema.org","@graph":[{"@type":"NewsArticle","@id":"https:\/\/www.gaveanews.com\/index.php\/2025\/02\/16\/filipe-luis-indica-possivel-troca-de-sistema-no-flamengo\/#article","isPartOf":{"@id":"https:\/\/www.gaveanews.com\/index.php\/2025\/02\/16\/filipe-luis-indica-possivel-troca-de-sistema-no-flamengo\/"},"author":{"name":"Matheus Leal","@id":"https:\/\/www.gaveanews.com\/#\/schema\/person\/49ac99b6823a2b8d5087a6ce3aaaa128"},"headline":"Filipe Lu\u00eds indica poss\u00edvel troca de sistema no Flamengo","datePublished":"2025-02-16T19:00:00+00:00","mainEntityOfPage":{"@id":"https:\/\/www.gaveanews.com\/index.php\/2025\/02\/16\/filipe-luis-indica-possivel-troca-de-sistema-no-flamengo\/"},"wordCount":365,"commentCount":0,"image":{"@id":"https:\/\/www.gaveanews.com\/index.php\/2025\/02\/16\/filipe-luis-indica-possivel-troca-de-sistema-no-flamengo\/#primaryimage"},"thumbnailUrl":"https:\/\/www.gaveanews.com\/wp-content\/uploads\/Filipe-Luis-como-tecnico-do-Flamengo-em-2024.webp","articleSection":["Flamengo"],"inLanguage":"pt-BR","potentialAction":[{"@type":"CommentAction","name":"Comment","target":["https:\/\/www.gaveanews.com\/index.php\/2025\/02\/16\/filipe-luis-indica-possivel-troca-de-sistema-no-flamengo\/#respond"]}],"copyrightYear":"2025","copyrightHolder":{"@id":"https:\/\/www.gaveanews.com\/#organization"}},{"@type":"WebPage","@id":"https:\/\/www.gaveanews.com\/index.php\/2025\/02\/16\/filipe-luis-indica-possivel-troca-de-sistema-no-flamengo\/","url":"https:\/\/www.gaveanews.com\/index.php\/2025\/02\/16\/filipe-luis-indica-possivel-troca-de-sistema-no-flamengo\/","name":"Filipe Lu\u00eds indica poss\u00edvel troca de sistema no Flamengo","isPartOf":{"@id":"https:\/\/www.gaveanews.com\/#website"},"primaryImageOfPage":{"@id":"https:\/\/www.gaveanews.com\/index.php\/2025\/02\/16\/filipe-luis-indica-possivel-troca-de-sistema-no-flamengo\/#primaryimage"},"image":{"@id":"https:\/\/www.gaveanews.com\/index.php\/2025\/02\/16\/filipe-luis-indica-possivel-troca-de-sistema-no-flamengo\/#primaryimage"},"thumbnailUrl":"https:\/\/www.gaveanews.com\/wp-content\/uploads\/Filipe-Luis-como-tecnico-do-Flamengo-em-2024.webp","datePublished":"2025-02-16T19:00:00+00:00","author":{"@id":"https:\/\/www.gaveanews.com\/#\/schema\/person\/49ac99b6823a2b8d5087a6ce3aaaa128"},"breadcrumb":{"@id":"https:\/\/www.gaveanews.com\/index.php\/2025\/02\/16\/filipe-luis-indica-possivel-troca-de-sistema-no-flamengo\/#breadcrumb"},"inLanguage":"pt-BR","potentialAction":[{"@type":"ReadAction","target":["https:\/\/www.gaveanews.com\/index.php\/2025\/02\/16\/filipe-luis-indica-possivel-troca-de-sistema-no-flamengo\/"]}]},{"@type":"ImageObject","inLanguage":"pt-BR","@id":"https:\/\/www.gaveanews.com\/index.php\/2025\/02\/16\/filipe-luis-indica-possivel-troca-de-sistema-no-flamengo\/#primaryimage","url":"https:\/\/www.gaveanews.com\/wp-content\/uploads\/Filipe-Luis-como-tecnico-do-Flamengo-em-2024.webp","contentUrl":"https:\/\/www.gaveanews.com\/wp-content\/uploads\/Filipe-Luis-como-tecnico-do-Flamengo-em-2024.webp","width":1065,"height":710,"caption":"Filipe Lu\u00eds como t\u00e9cnico do Flamengo em (Foto: Gilvan de Souza e Marcelo Cortes \/ CRF)"},{"@type":"BreadcrumbList","@id":"https:\/\/www.gaveanews.com\/index.php\/2025\/02\/16\/filipe-luis-indica-possivel-troca-de-sistema-no-flamengo\/#breadcrumb","itemListElement":[{"@type":"ListItem","position":1,"name":"Home","item":"https:\/\/www.gaveanews.com\/"},{"@type":"ListItem","position":2,"name":"Filipe Lu\u00eds indica poss\u00edvel troca de sistema no Flamengo"}]},{"@type":"WebSite","@id":"https:\/\/www.gaveanews.com\/#website","url":"https:\/\/www.gaveanews.com\/","name":"G\u00e1vea News","description":"Veja todas as not\u00edcias sobre o Flamengo: Contrata\u00e7\u00f5es, categorias de base, resultados das partidas, tabela de classifica\u00e7\u00e3o, pr\u00f3ximos jogos!","potentialAction":[{"@type":"SearchAction","target":{"@type":"EntryPoint","urlTemplate":"https:\/\/www.gaveanews.com\/?s={search_term_string}"},"query-input":{"@type":"PropertyValueSpecification","valueRequired":true,"valueName":"search_term_string"}}],"inLanguage":"pt-BR"},{"@type":"Person","@id":"https:\/\/www.gaveanews.com\/#\/schema\/person\/49ac99b6823a2b8d5087a6ce3aaaa128","name":"Matheus Leal","image":{"@type":"ImageObject","inLanguage":"pt-BR","@id":"https:\/\/www.gaveanews.com\/#\/schema\/person\/image\/","url":"https:\/\/secure.gravatar.com\/avatar\/21c52300d1234416f9c886f6dadd7452d8b035ac505314a51e4f56731e90c481?s=96&d=mm&r=g","contentUrl":"https:\/\/secure.gravatar.com\/avatar\/21c52300d1234416f9c886f6dadd7452d8b035ac505314a51e4f56731e90c481?s=96&d=mm&r=g","caption":"Matheus Leal"}}]}},"_links":{"self":[{"href":"https:\/\/www.gaveanews.com\/index.php\/wp-json\/wp\/v2\/posts\/228533","targetHints":{"allow":["GET"]}}],"collection":[{"href":"https:\/\/www.gaveanews.com\/index.php\/wp-json\/wp\/v2\/posts"}],"about":[{"href":"https:\/\/www.gaveanews.com\/index.php\/wp-json\/wp\/v2\/types\/post"}],"author":[{"embeddable":true,"href":"https:\/\/www.gaveanews.com\/index.php\/wp-json\/wp\/v2\/users\/32"}],"replies":[{"embeddable":true,"href":"https:\/\/www.gaveanews.com\/index.php\/wp-json\/wp\/v2\/comments?post=228533"}],"version-history":[{"count":1,"href":"https:\/\/www.gaveanews.com\/index.php\/wp-json\/wp\/v2\/posts\/228533\/revisions"}],"predecessor-version":[{"id":228534,"href":"https:\/\/www.gaveanews.com\/index.php\/wp-json\/wp\/v2\/posts\/228533\/revisions\/228534"}],"wp:featuredmedia":[{"embeddable":true,"href":"https:\/\/www.gaveanews.com\/index.php\/wp-json\/wp\/v2\/media\/171213"}],"wp:attachment":[{"href":"https:\/\/www.gaveanews.com\/index.php\/wp-json\/wp\/v2\/media?parent=228533"}],"wp:term":[{"taxonomy":"category","embeddable":true,"href":"https:\/\/www.gaveanews.com\/index.php\/wp-json\/wp\/v2\/categories?post=228533"},{"taxonomy":"post_tag","embeddable":true,"href":"https:\/\/www.gaveanews.com\/index.php\/wp-json\/wp\/v2\/tags?post=228533"}],"curies":[{"name":"wp","href":"https:\/\/api.w.org\/{rel}","templated":true}]}}