{"id":228572,"date":"2025-02-16T18:30:00","date_gmt":"2025-02-16T21:30:00","guid":{"rendered":"https:\/\/www.gaveanews.com\/?p=228572"},"modified":"2025-02-16T18:24:45","modified_gmt":"2025-02-16T21:24:45","slug":"a-declaracao-de-paulo-nunes-direcionada-a-wesley-do-flamengo-2","status":"publish","type":"post","link":"https:\/\/www.gaveanews.com\/index.php\/2025\/02\/16\/a-declaracao-de-paulo-nunes-direcionada-a-wesley-do-flamengo-2\/","title":{"rendered":"A declara\u00e7\u00e3o de Paulo Nunes direcionada a Wesley, do Flamengo"},"content":{"rendered":"\n<h2 class=\"wp-block-heading\" id=\"h-paulo-nunes-elogia-wesley-e-o-ve-como-o-melhor-lateral-direito-do-brasil\">Paulo Nunes elogia Wesley e o v\u00ea como o melhor lateral-direito do Brasil<\/h2>\n\n\n\n<p>Paulo Nunes n\u00e3o poupou elogios ao lateral-direito Wesley, considerando-o o melhor do Brasil em sua posi\u00e7\u00e3o. O jogador do Flamengo, eleito por muitos o melhor em campo na vit\u00f3ria sobre o Vasco, no Maracan\u00e3, tem se destacado por sua grande evolu\u00e7\u00e3o sob a orienta\u00e7\u00e3o de Filipe Lu\u00eds. Wesley tem sido uma das figuras mais importantes no sistema defensivo e ofensivo do Flamengo, com uma impressionante capacidade de apoio ao ataque e desempenho defensivo s\u00f3lido.<\/p>\n\n\n\n<p>O lateral se destaca principalmente pela sua agressividade nas subidas ao ataque, onde costuma atuar tanto pelo corredor direito quanto por dentro, surpreendendo os advers\u00e1rios. Com uma for\u00e7a f\u00edsica consider\u00e1vel e uma enorme disposi\u00e7\u00e3o para as disputas, Wesley tem mostrado que n\u00e3o tem medo de se arriscar e sempre est\u00e1 disposto a dar o seu m\u00e1ximo em campo. Ele tamb\u00e9m tem mostrado bastante consist\u00eancia defensiva, o que tem sido um dos pontos mais elogiados por especialistas no futebol brasileiro.<\/p>\n\n\n\n<p>Segundo Paulo Nunes, a fase do jogador \u00e9 \u201cum absurdo\u201d e ele est\u00e1 \u201cjogando muito\u201d, destacando sua versatilidade e a confian\u00e7a com que se apresenta em campo.<\/p>\n\n\n\n<p>\u201cO que est\u00e1 jogando o Wesley \u00e9 um absurdo. O garoto tem muita for\u00e7a, acredita, n\u00e3o tem medo. Ele ataca pelo fundo, por dentro, marca\u201d, declarou Paulo Nunes.<\/p>\n\n\n\n<p>&nbsp;A atua\u00e7\u00e3o contra o Vasco, onde foi um dos principais respons\u00e1veis pela boa atua\u00e7\u00e3o defensiva e ofensiva do Flamengo, foi apenas mais uma demonstra\u00e7\u00e3o do grande momento vivido por Wesley. Para Nunes, \u00e9 praticamente un\u00e2nime que o lateral-direito merece ser lembrado por Dorival J\u00fanior, t\u00e9cnico da sele\u00e7\u00e3o brasileira, na pr\u00f3xima convoca\u00e7\u00e3o.<\/p>\n\n\n\n<p>O Brasil, que tem compromissos pela frente contra a Col\u00f4mbia e a Argentina, encontra-se em busca de alternativas para o setor, que h\u00e1 algum tempo vem sendo alvo de cr\u00edticas. Em um cen\u00e1rio onde o Brasil busca mais op\u00e7\u00f5es, Wesley surge como uma grande promessa. Sua postura confiante e seu desempenho em campo s\u00e3o argumentos fortes para sua convoca\u00e7\u00e3o, principalmente considerando a car\u00eancia de op\u00e7\u00f5es no setor.<\/p>\n\n\n\n<p>Wesley tem sido constantemente observado por clubes da Europa, com interesse de equipes da Inglaterra, It\u00e1lia e R\u00fassia. Essa aten\u00e7\u00e3o internacional, contudo, n\u00e3o assusta o Flamengo, que tem planos de segurar o jogador at\u00e9 pelo menos a janela de transfer\u00eancias do meio do ano. A diretoria do Rubro-Negro acredita que a valoriza\u00e7\u00e3o de Wesley pode crescer ainda mais caso o lateral seja convocado para a sele\u00e7\u00e3o brasileira. Isso poderia dar um impulso significativo para seu valor de mercado.<\/p>\n\n\n\n<p>A atua\u00e7\u00e3o de Wesley no Flamengo tem sido um dos pontos altos do clube, e a diretoria acredita que seu futuro est\u00e1 muito bem encaminhado, seja com a manuten\u00e7\u00e3o no clube ou, possivelmente, com a convoca\u00e7\u00e3o para a sele\u00e7\u00e3o brasileira. Para o Flamengo, manter o lateral at\u00e9 a janela de transfer\u00eancias de meio de ano e, quem sabe, contar com sua participa\u00e7\u00e3o na sele\u00e7\u00e3o, pode ser a chave para uma valoriza\u00e7\u00e3o ainda maior no mercado europeu.<\/p>\n","protected":false},"excerpt":{"rendered":"<p>Paulo Nunes elogia Wesley e o v\u00ea como o melhor lateral-direito do Brasil Paulo Nunes n\u00e3o poupou elogios ao lateral-direito Wesley, considerando-o o melhor do Brasil em sua posi\u00e7\u00e3o. O jogador do Flamengo, eleito por muitos o melhor em campo na vit\u00f3ria sobre o Vasco, no Maracan\u00e3, tem se destacado por sua grande evolu\u00e7\u00e3o sob [&hellip;]<\/p>\n","protected":false},"author":17,"featured_media":159864,"comment_status":"open","ping_status":"closed","sticky":false,"template":"","format":"standard","meta":{"footnotes":""},"categories":[1],"tags":[],"class_list":["post-228572","post","type-post","status-publish","format-standard","has-post-thumbnail","hentry","category-flamengo"],"yoast_head":"<!-- This site is optimized with the Yoast SEO Premium plugin v24.2 (Yoast SEO v26.9) - https:\/\/yoast.com\/product\/yoast-seo-premium-wordpress\/ -->\n<title>A declara\u00e7\u00e3o de Paulo Nunes direcionada a Wesley, do Flamengo<\/title>\n<meta name=\"robots\" content=\"index, follow, max-snippet:-1, max-image-preview:large, max-video-preview:-1\" \/>\n<link rel=\"canonical\" href=\"https:\/\/www.gaveanews.com\/index.php\/2025\/02\/16\/a-declaracao-de-paulo-nunes-direcionada-a-wesley-do-flamengo-2\/\" \/>\n<meta property=\"og:locale\" content=\"pt_BR\" \/>\n<meta property=\"og:type\" content=\"article\" \/>\n<meta property=\"og:title\" content=\"A declara\u00e7\u00e3o de Paulo Nunes direcionada a Wesley, do Flamengo\" \/>\n<meta property=\"og:description\" content=\"Paulo Nunes elogia Wesley e o v\u00ea como o melhor lateral-direito do Brasil Paulo Nunes n\u00e3o poupou elogios ao lateral-direito Wesley, considerando-o o melhor do Brasil em sua posi\u00e7\u00e3o. O jogador do Flamengo, eleito por muitos o melhor em campo na vit\u00f3ria sobre o Vasco, no Maracan\u00e3, tem se destacado por sua grande evolu\u00e7\u00e3o sob [&hellip;]\" \/>\n<meta property=\"og:url\" content=\"https:\/\/www.gaveanews.com\/index.php\/2025\/02\/16\/a-declaracao-de-paulo-nunes-direcionada-a-wesley-do-flamengo-2\/\" \/>\n<meta property=\"og:site_name\" content=\"G\u00e1vea News\" \/>\n<meta property=\"article:publisher\" content=\"https:\/\/facebook.com\/gaveaNews\/\" \/>\n<meta property=\"article:published_time\" content=\"2025-02-16T21:30:00+00:00\" \/>\n<meta property=\"og:image\" content=\"https:\/\/www.gaveanews.com\/wp-content\/uploads\/Wesley-em-acao-pelo-Flamengo.webp\" \/>\n\t<meta property=\"og:image:width\" content=\"860\" \/>\n\t<meta property=\"og:image:height\" content=\"484\" \/>\n\t<meta property=\"og:image:type\" content=\"image\/jpeg\" \/>\n<meta name=\"author\" content=\"Geovanna Thomaz\" \/>\n<meta name=\"twitter:card\" content=\"summary_large_image\" \/>\n<meta name=\"twitter:label1\" content=\"Escrito por\" \/>\n\t<meta name=\"twitter:data1\" content=\"Geovanna Thomaz\" \/>\n\t<meta name=\"twitter:label2\" content=\"Est. tempo de leitura\" \/>\n\t<meta name=\"twitter:data2\" content=\"3 minutos\" \/>\n<script type=\"application\/ld+json\" class=\"yoast-schema-graph\">{\"@context\":\"https:\/\/schema.org\",\"@graph\":[{\"@type\":\"NewsArticle\",\"@id\":\"https:\/\/www.gaveanews.com\/index.php\/2025\/02\/16\/a-declaracao-de-paulo-nunes-direcionada-a-wesley-do-flamengo-2\/#article\",\"isPartOf\":{\"@id\":\"https:\/\/www.gaveanews.com\/index.php\/2025\/02\/16\/a-declaracao-de-paulo-nunes-direcionada-a-wesley-do-flamengo-2\/\"},\"author\":{\"name\":\"Geovanna Thomaz\",\"@id\":\"https:\/\/www.gaveanews.com\/#\/schema\/person\/f42654babcd2b2014a1a65af82b081f1\"},\"headline\":\"A declara\u00e7\u00e3o de Paulo Nunes direcionada a Wesley, do Flamengo\",\"datePublished\":\"2025-02-16T21:30:00+00:00\",\"mainEntityOfPage\":{\"@id\":\"https:\/\/www.gaveanews.com\/index.php\/2025\/02\/16\/a-declaracao-de-paulo-nunes-direcionada-a-wesley-do-flamengo-2\/\"},\"wordCount\":554,\"commentCount\":0,\"image\":{\"@id\":\"https:\/\/www.gaveanews.com\/index.php\/2025\/02\/16\/a-declaracao-de-paulo-nunes-direcionada-a-wesley-do-flamengo-2\/#primaryimage\"},\"thumbnailUrl\":\"https:\/\/www.gaveanews.com\/wp-content\/uploads\/Wesley-em-acao-pelo-Flamengo.webp\",\"articleSection\":[\"Flamengo\"],\"inLanguage\":\"pt-BR\",\"potentialAction\":[{\"@type\":\"CommentAction\",\"name\":\"Comment\",\"target\":[\"https:\/\/www.gaveanews.com\/index.php\/2025\/02\/16\/a-declaracao-de-paulo-nunes-direcionada-a-wesley-do-flamengo-2\/#respond\"]}],\"copyrightYear\":\"2025\",\"copyrightHolder\":{\"@id\":\"https:\/\/www.gaveanews.com\/#organization\"}},{\"@type\":\"WebPage\",\"@id\":\"https:\/\/www.gaveanews.com\/index.php\/2025\/02\/16\/a-declaracao-de-paulo-nunes-direcionada-a-wesley-do-flamengo-2\/\",\"url\":\"https:\/\/www.gaveanews.com\/index.php\/2025\/02\/16\/a-declaracao-de-paulo-nunes-direcionada-a-wesley-do-flamengo-2\/\",\"name\":\"A declara\u00e7\u00e3o de Paulo Nunes direcionada a Wesley, do Flamengo\",\"isPartOf\":{\"@id\":\"https:\/\/www.gaveanews.com\/#website\"},\"primaryImageOfPage\":{\"@id\":\"https:\/\/www.gaveanews.com\/index.php\/2025\/02\/16\/a-declaracao-de-paulo-nunes-direcionada-a-wesley-do-flamengo-2\/#primaryimage\"},\"image\":{\"@id\":\"https:\/\/www.gaveanews.com\/index.php\/2025\/02\/16\/a-declaracao-de-paulo-nunes-direcionada-a-wesley-do-flamengo-2\/#primaryimage\"},\"thumbnailUrl\":\"https:\/\/www.gaveanews.com\/wp-content\/uploads\/Wesley-em-acao-pelo-Flamengo.webp\",\"datePublished\":\"2025-02-16T21:30:00+00:00\",\"author\":{\"@id\":\"https:\/\/www.gaveanews.com\/#\/schema\/person\/f42654babcd2b2014a1a65af82b081f1\"},\"breadcrumb\":{\"@id\":\"https:\/\/www.gaveanews.com\/index.php\/2025\/02\/16\/a-declaracao-de-paulo-nunes-direcionada-a-wesley-do-flamengo-2\/#breadcrumb\"},\"inLanguage\":\"pt-BR\",\"potentialAction\":[{\"@type\":\"ReadAction\",\"target\":[\"https:\/\/www.gaveanews.com\/index.php\/2025\/02\/16\/a-declaracao-de-paulo-nunes-direcionada-a-wesley-do-flamengo-2\/\"]}]},{\"@type\":\"ImageObject\",\"inLanguage\":\"pt-BR\",\"@id\":\"https:\/\/www.gaveanews.com\/index.php\/2025\/02\/16\/a-declaracao-de-paulo-nunes-direcionada-a-wesley-do-flamengo-2\/#primaryimage\",\"url\":\"https:\/\/www.gaveanews.com\/wp-content\/uploads\/Wesley-em-acao-pelo-Flamengo.webp\",\"contentUrl\":\"https:\/\/www.gaveanews.com\/wp-content\/uploads\/Wesley-em-acao-pelo-Flamengo.webp\",\"width\":860,\"height\":484,\"caption\":\"Wesley em a\u00e7\u00e3o pelo Flamengo (Foto: Reprodu\u00e7\u00e3o\/Instagram Wesley)\"},{\"@type\":\"BreadcrumbList\",\"@id\":\"https:\/\/www.gaveanews.com\/index.php\/2025\/02\/16\/a-declaracao-de-paulo-nunes-direcionada-a-wesley-do-flamengo-2\/#breadcrumb\",\"itemListElement\":[{\"@type\":\"ListItem\",\"position\":1,\"name\":\"Home\",\"item\":\"https:\/\/www.gaveanews.com\/\"},{\"@type\":\"ListItem\",\"position\":2,\"name\":\"A declara\u00e7\u00e3o de Paulo Nunes direcionada a Wesley, do Flamengo\"}]},{\"@type\":\"WebSite\",\"@id\":\"https:\/\/www.gaveanews.com\/#website\",\"url\":\"https:\/\/www.gaveanews.com\/\",\"name\":\"G\u00e1vea News\",\"description\":\"Veja todas as not\u00edcias sobre o Flamengo: Contrata\u00e7\u00f5es, categorias de base, resultados das partidas, tabela de classifica\u00e7\u00e3o, pr\u00f3ximos jogos!\",\"potentialAction\":[{\"@type\":\"SearchAction\",\"target\":{\"@type\":\"EntryPoint\",\"urlTemplate\":\"https:\/\/www.gaveanews.com\/?s={search_term_string}\"},\"query-input\":{\"@type\":\"PropertyValueSpecification\",\"valueRequired\":true,\"valueName\":\"search_term_string\"}}],\"inLanguage\":\"pt-BR\"},{\"@type\":\"Person\",\"@id\":\"https:\/\/www.gaveanews.com\/#\/schema\/person\/f42654babcd2b2014a1a65af82b081f1\",\"name\":\"Geovanna Thomaz\",\"image\":{\"@type\":\"ImageObject\",\"inLanguage\":\"pt-BR\",\"@id\":\"https:\/\/www.gaveanews.com\/#\/schema\/person\/image\/\",\"url\":\"https:\/\/secure.gravatar.com\/avatar\/4092073255489533afb558984b49b64268c47198af8623cc82a925ae9fb7118a?s=96&d=mm&r=g\",\"contentUrl\":\"https:\/\/secure.gravatar.com\/avatar\/4092073255489533afb558984b49b64268c47198af8623cc82a925ae9fb7118a?s=96&d=mm&r=g\",\"caption\":\"Geovanna Thomaz\"}}]}<\/script>\n<!-- \/ Yoast SEO Premium plugin. -->","yoast_head_json":{"title":"A declara\u00e7\u00e3o de Paulo Nunes direcionada a Wesley, do Flamengo","robots":{"index":"index","follow":"follow","max-snippet":"max-snippet:-1","max-image-preview":"max-image-preview:large","max-video-preview":"max-video-preview:-1"},"canonical":"https:\/\/www.gaveanews.com\/index.php\/2025\/02\/16\/a-declaracao-de-paulo-nunes-direcionada-a-wesley-do-flamengo-2\/","og_locale":"pt_BR","og_type":"article","og_title":"A declara\u00e7\u00e3o de Paulo Nunes direcionada a Wesley, do Flamengo","og_description":"Paulo Nunes elogia Wesley e o v\u00ea como o melhor lateral-direito do Brasil Paulo Nunes n\u00e3o poupou elogios ao lateral-direito Wesley, considerando-o o melhor do Brasil em sua posi\u00e7\u00e3o. O jogador do Flamengo, eleito por muitos o melhor em campo na vit\u00f3ria sobre o Vasco, no Maracan\u00e3, tem se destacado por sua grande evolu\u00e7\u00e3o sob [&hellip;]","og_url":"https:\/\/www.gaveanews.com\/index.php\/2025\/02\/16\/a-declaracao-de-paulo-nunes-direcionada-a-wesley-do-flamengo-2\/","og_site_name":"G\u00e1vea News","article_publisher":"https:\/\/facebook.com\/gaveaNews\/","article_published_time":"2025-02-16T21:30:00+00:00","og_image":[{"width":860,"height":484,"url":"https:\/\/www.gaveanews.com\/wp-content\/uploads\/Wesley-em-acao-pelo-Flamengo.webp","type":"image\/jpeg"}],"author":"Geovanna Thomaz","twitter_card":"summary_large_image","twitter_misc":{"Escrito por":"Geovanna Thomaz","Est. tempo de leitura":"3 minutos"},"schema":{"@context":"https:\/\/schema.org","@graph":[{"@type":"NewsArticle","@id":"https:\/\/www.gaveanews.com\/index.php\/2025\/02\/16\/a-declaracao-de-paulo-nunes-direcionada-a-wesley-do-flamengo-2\/#article","isPartOf":{"@id":"https:\/\/www.gaveanews.com\/index.php\/2025\/02\/16\/a-declaracao-de-paulo-nunes-direcionada-a-wesley-do-flamengo-2\/"},"author":{"name":"Geovanna Thomaz","@id":"https:\/\/www.gaveanews.com\/#\/schema\/person\/f42654babcd2b2014a1a65af82b081f1"},"headline":"A declara\u00e7\u00e3o de Paulo Nunes direcionada a Wesley, do Flamengo","datePublished":"2025-02-16T21:30:00+00:00","mainEntityOfPage":{"@id":"https:\/\/www.gaveanews.com\/index.php\/2025\/02\/16\/a-declaracao-de-paulo-nunes-direcionada-a-wesley-do-flamengo-2\/"},"wordCount":554,"commentCount":0,"image":{"@id":"https:\/\/www.gaveanews.com\/index.php\/2025\/02\/16\/a-declaracao-de-paulo-nunes-direcionada-a-wesley-do-flamengo-2\/#primaryimage"},"thumbnailUrl":"https:\/\/www.gaveanews.com\/wp-content\/uploads\/Wesley-em-acao-pelo-Flamengo.webp","articleSection":["Flamengo"],"inLanguage":"pt-BR","potentialAction":[{"@type":"CommentAction","name":"Comment","target":["https:\/\/www.gaveanews.com\/index.php\/2025\/02\/16\/a-declaracao-de-paulo-nunes-direcionada-a-wesley-do-flamengo-2\/#respond"]}],"copyrightYear":"2025","copyrightHolder":{"@id":"https:\/\/www.gaveanews.com\/#organization"}},{"@type":"WebPage","@id":"https:\/\/www.gaveanews.com\/index.php\/2025\/02\/16\/a-declaracao-de-paulo-nunes-direcionada-a-wesley-do-flamengo-2\/","url":"https:\/\/www.gaveanews.com\/index.php\/2025\/02\/16\/a-declaracao-de-paulo-nunes-direcionada-a-wesley-do-flamengo-2\/","name":"A declara\u00e7\u00e3o de Paulo Nunes direcionada a Wesley, do Flamengo","isPartOf":{"@id":"https:\/\/www.gaveanews.com\/#website"},"primaryImageOfPage":{"@id":"https:\/\/www.gaveanews.com\/index.php\/2025\/02\/16\/a-declaracao-de-paulo-nunes-direcionada-a-wesley-do-flamengo-2\/#primaryimage"},"image":{"@id":"https:\/\/www.gaveanews.com\/index.php\/2025\/02\/16\/a-declaracao-de-paulo-nunes-direcionada-a-wesley-do-flamengo-2\/#primaryimage"},"thumbnailUrl":"https:\/\/www.gaveanews.com\/wp-content\/uploads\/Wesley-em-acao-pelo-Flamengo.webp","datePublished":"2025-02-16T21:30:00+00:00","author":{"@id":"https:\/\/www.gaveanews.com\/#\/schema\/person\/f42654babcd2b2014a1a65af82b081f1"},"breadcrumb":{"@id":"https:\/\/www.gaveanews.com\/index.php\/2025\/02\/16\/a-declaracao-de-paulo-nunes-direcionada-a-wesley-do-flamengo-2\/#breadcrumb"},"inLanguage":"pt-BR","potentialAction":[{"@type":"ReadAction","target":["https:\/\/www.gaveanews.com\/index.php\/2025\/02\/16\/a-declaracao-de-paulo-nunes-direcionada-a-wesley-do-flamengo-2\/"]}]},{"@type":"ImageObject","inLanguage":"pt-BR","@id":"https:\/\/www.gaveanews.com\/index.php\/2025\/02\/16\/a-declaracao-de-paulo-nunes-direcionada-a-wesley-do-flamengo-2\/#primaryimage","url":"https:\/\/www.gaveanews.com\/wp-content\/uploads\/Wesley-em-acao-pelo-Flamengo.webp","contentUrl":"https:\/\/www.gaveanews.com\/wp-content\/uploads\/Wesley-em-acao-pelo-Flamengo.webp","width":860,"height":484,"caption":"Wesley em a\u00e7\u00e3o pelo Flamengo (Foto: Reprodu\u00e7\u00e3o\/Instagram Wesley)"},{"@type":"BreadcrumbList","@id":"https:\/\/www.gaveanews.com\/index.php\/2025\/02\/16\/a-declaracao-de-paulo-nunes-direcionada-a-wesley-do-flamengo-2\/#breadcrumb","itemListElement":[{"@type":"ListItem","position":1,"name":"Home","item":"https:\/\/www.gaveanews.com\/"},{"@type":"ListItem","position":2,"name":"A declara\u00e7\u00e3o de Paulo Nunes direcionada a Wesley, do Flamengo"}]},{"@type":"WebSite","@id":"https:\/\/www.gaveanews.com\/#website","url":"https:\/\/www.gaveanews.com\/","name":"G\u00e1vea News","description":"Veja todas as not\u00edcias sobre o Flamengo: Contrata\u00e7\u00f5es, categorias de base, resultados das partidas, tabela de classifica\u00e7\u00e3o, pr\u00f3ximos jogos!","potentialAction":[{"@type":"SearchAction","target":{"@type":"EntryPoint","urlTemplate":"https:\/\/www.gaveanews.com\/?s={search_term_string}"},"query-input":{"@type":"PropertyValueSpecification","valueRequired":true,"valueName":"search_term_string"}}],"inLanguage":"pt-BR"},{"@type":"Person","@id":"https:\/\/www.gaveanews.com\/#\/schema\/person\/f42654babcd2b2014a1a65af82b081f1","name":"Geovanna Thomaz","image":{"@type":"ImageObject","inLanguage":"pt-BR","@id":"https:\/\/www.gaveanews.com\/#\/schema\/person\/image\/","url":"https:\/\/secure.gravatar.com\/avatar\/4092073255489533afb558984b49b64268c47198af8623cc82a925ae9fb7118a?s=96&d=mm&r=g","contentUrl":"https:\/\/secure.gravatar.com\/avatar\/4092073255489533afb558984b49b64268c47198af8623cc82a925ae9fb7118a?s=96&d=mm&r=g","caption":"Geovanna Thomaz"}}]}},"_links":{"self":[{"href":"https:\/\/www.gaveanews.com\/index.php\/wp-json\/wp\/v2\/posts\/228572","targetHints":{"allow":["GET"]}}],"collection":[{"href":"https:\/\/www.gaveanews.com\/index.php\/wp-json\/wp\/v2\/posts"}],"about":[{"href":"https:\/\/www.gaveanews.com\/index.php\/wp-json\/wp\/v2\/types\/post"}],"author":[{"embeddable":true,"href":"https:\/\/www.gaveanews.com\/index.php\/wp-json\/wp\/v2\/users\/17"}],"replies":[{"embeddable":true,"href":"https:\/\/www.gaveanews.com\/index.php\/wp-json\/wp\/v2\/comments?post=228572"}],"version-history":[{"count":1,"href":"https:\/\/www.gaveanews.com\/index.php\/wp-json\/wp\/v2\/posts\/228572\/revisions"}],"predecessor-version":[{"id":228574,"href":"https:\/\/www.gaveanews.com\/index.php\/wp-json\/wp\/v2\/posts\/228572\/revisions\/228574"}],"wp:featuredmedia":[{"embeddable":true,"href":"https:\/\/www.gaveanews.com\/index.php\/wp-json\/wp\/v2\/media\/159864"}],"wp:attachment":[{"href":"https:\/\/www.gaveanews.com\/index.php\/wp-json\/wp\/v2\/media?parent=228572"}],"wp:term":[{"taxonomy":"category","embeddable":true,"href":"https:\/\/www.gaveanews.com\/index.php\/wp-json\/wp\/v2\/categories?post=228572"},{"taxonomy":"post_tag","embeddable":true,"href":"https:\/\/www.gaveanews.com\/index.php\/wp-json\/wp\/v2\/tags?post=228572"}],"curies":[{"name":"wp","href":"https:\/\/api.w.org\/{rel}","templated":true}]}}