{"id":228577,"date":"2025-02-16T22:35:00","date_gmt":"2025-02-17T01:35:00","guid":{"rendered":"https:\/\/www.gaveanews.com\/?p=228577"},"modified":"2025-02-16T22:29:56","modified_gmt":"2025-02-17T01:29:56","slug":"fernando-seabra-e-sincero-sobre-evolucao-do-bragantino","status":"publish","type":"post","link":"https:\/\/www.gaveanews.com\/index.php\/2025\/02\/16\/fernando-seabra-e-sincero-sobre-evolucao-do-bragantino\/","title":{"rendered":"Fernando Seabra \u00e9 sincero sobre evolu\u00e7\u00e3o do Bragantino"},"content":{"rendered":"\n<h2 class=\"wp-block-heading\" id=\"h-red-bull-bragantino-vence-noroeste-e-se-aproxima-da-classificacao-no-paulista\">Red Bull Bragantino vence Noroeste e se aproxima da classifica\u00e7\u00e3o no Paulista<\/h2>\n\n\n\n<p>O Red Bull Bragantino obteve uma vit\u00f3ria crucial por 2 a 1 sobre o Noroeste, na noite do \u00faltimo s\u00e1bado, 15, em jogo v\u00e1lido pela d\u00e9cima rodada do Campeonato Paulista. Com este resultado, a equipe se afastou da zona de rebaixamento e conquistou um lugar na zona de classifica\u00e7\u00e3o do Grupo B, somando 11 pontos. A vit\u00f3ria tamb\u00e9m representa a segunda seguida do Massa Bruta em casa, refor\u00e7ando o bom momento da equipe no campeonato.<\/p>\n\n\n\n<p>Antes de superar o Noroeste, o Bragantino j\u00e1 havia vencido o S\u00e3o Paulo por 1 a 0 no Nabi Abi Chedid, e agora entra com confian\u00e7a no confronto contra o Mirassol, marcado para a quinta-feira, 20, \u00e0s 18h30, tamb\u00e9m em Bragan\u00e7a Paulista. Com a boa fase dentro de casa, a expectativa \u00e9 de que o time mantenha a sequ\u00eancia positiva e consiga se aproximar ainda mais da classifica\u00e7\u00e3o para a pr\u00f3xima fase.<\/p>\n\n\n\n<p>Ap\u00f3s o jogo contra o Noroeste, o t\u00e9cnico Fernando Seabra fez quest\u00e3o de elogiar a postura do Bragantino durante a partida e destacou a import\u00e2ncia das vit\u00f3rias em casa para o crescimento da equipe. \u201cEstamos crescendo em casa. Vencemos o S\u00e3o Paulo e hoje vencemos de novo. S\u00e3o duas vit\u00f3rias seguidas. \u00c9 um aspecto que pode fazer a diferen\u00e7a\u201d, disse Seabra, referindo-se \u00e0 consist\u00eancia mostrada pela equipe nas \u00faltimas rodadas, especialmente ap\u00f3s o dif\u00edcil come\u00e7o de campeonato.<\/p>\n\n\n\n<p>Seabra tamb\u00e9m analisou o pr\u00f3ximo desafio do time, que ser\u00e1 contra o Mirassol, uma equipe conhecida pela velocidade e organiza\u00e7\u00e3o t\u00e1tica. \u201cVamos enfrentar um advers\u00e1rio que sabe se beneficiar muito da velocidade de jogo, da transmiss\u00e3o da bola, dos movimentos posicionais que faz. O Mirassol \u00e9 um time extremamente bem organizado e bem trabalhado. Vai ser um desafio interessante. \u00c9 muito cedo para falar. Vivemos um jogo por vez. Ainda vamos observar melhor\u201d, disse o treinador.<\/p>\n\n\n\n<p>Apesar do respeito pelo advers\u00e1rio, o treinador acredita que o Bragantino tem boas chances de seguir em frente na competi\u00e7\u00e3o, caso consiga mais uma vit\u00f3ria. \u201cSe conseguirmos, de novo, vamos para a \u00faltima rodada em situa\u00e7\u00e3o concreta, provavelmente dependendo s\u00f3 de si para conseguir a classifica\u00e7\u00e3o. \u00c9 um jogo-chave e muito favor\u00e1vel que seja jogado aqui. Mas isso n\u00e3o significa favoritismo, prefer\u00eancia, em fun\u00e7\u00e3o das caracter\u00edsticas e qualidade do pr\u00f3ximo advers\u00e1rio\u201d, afirmou Seabra, demonstrando confian\u00e7a, mas mantendo os p\u00e9s no ch\u00e3o em rela\u00e7\u00e3o \u00e0 dif\u00edcil tarefa que o time tem pela frente.<\/p>\n\n\n\n<p>Com a vit\u00f3ria sobre o Noroeste, o Bragantino se coloca em uma situa\u00e7\u00e3o confort\u00e1vel na tabela, mas ainda precisa garantir bons resultados nas pr\u00f3ximas rodadas para assegurar uma vaga nas semifinais.&nbsp;<\/p>\n\n\n\n<p><\/p>\n","protected":false},"excerpt":{"rendered":"<p>Red Bull Bragantino vence Noroeste e se aproxima da classifica\u00e7\u00e3o no Paulista O Red Bull Bragantino obteve uma vit\u00f3ria crucial por 2 a 1 sobre o Noroeste, na noite do \u00faltimo s\u00e1bado, 15, em jogo v\u00e1lido pela d\u00e9cima rodada do Campeonato Paulista. Com este resultado, a equipe se afastou da zona de rebaixamento e conquistou [&hellip;]<\/p>\n","protected":false},"author":17,"featured_media":188648,"comment_status":"open","ping_status":"closed","sticky":false,"template":"","format":"standard","meta":{"footnotes":""},"categories":[140],"tags":[],"class_list":["post-228577","post","type-post","status-publish","format-standard","has-post-thumbnail","hentry","category-bragantino"],"yoast_head":"<!-- This site is optimized with the Yoast SEO Premium plugin v24.2 (Yoast SEO v26.9) - https:\/\/yoast.com\/product\/yoast-seo-premium-wordpress\/ -->\n<title>Fernando Seabra \u00e9 sincero sobre evolu\u00e7\u00e3o do Bragantino<\/title>\n<meta name=\"robots\" content=\"index, follow, max-snippet:-1, max-image-preview:large, max-video-preview:-1\" \/>\n<link rel=\"canonical\" href=\"https:\/\/www.gaveanews.com\/index.php\/2025\/02\/16\/fernando-seabra-e-sincero-sobre-evolucao-do-bragantino\/\" \/>\n<meta property=\"og:locale\" content=\"pt_BR\" \/>\n<meta property=\"og:type\" content=\"article\" \/>\n<meta property=\"og:title\" content=\"Fernando Seabra \u00e9 sincero sobre evolu\u00e7\u00e3o do Bragantino\" \/>\n<meta property=\"og:description\" content=\"Red Bull Bragantino vence Noroeste e se aproxima da classifica\u00e7\u00e3o no Paulista O Red Bull Bragantino obteve uma vit\u00f3ria crucial por 2 a 1 sobre o Noroeste, na noite do \u00faltimo s\u00e1bado, 15, em jogo v\u00e1lido pela d\u00e9cima rodada do Campeonato Paulista. Com este resultado, a equipe se afastou da zona de rebaixamento e conquistou [&hellip;]\" \/>\n<meta property=\"og:url\" content=\"https:\/\/www.gaveanews.com\/index.php\/2025\/02\/16\/fernando-seabra-e-sincero-sobre-evolucao-do-bragantino\/\" \/>\n<meta property=\"og:site_name\" content=\"G\u00e1vea News\" \/>\n<meta property=\"article:publisher\" content=\"https:\/\/facebook.com\/gaveaNews\/\" \/>\n<meta property=\"article:published_time\" content=\"2025-02-17T01:35:00+00:00\" \/>\n<meta property=\"og:image\" content=\"https:\/\/www.gaveanews.com\/wp-content\/uploads\/Fernando-Seabra-pelo-Bragantino.webp\" \/>\n\t<meta property=\"og:image:width\" content=\"1103\" \/>\n\t<meta property=\"og:image:height\" content=\"800\" \/>\n\t<meta property=\"og:image:type\" content=\"image\/jpeg\" \/>\n<meta name=\"author\" content=\"Geovanna Thomaz\" \/>\n<meta name=\"twitter:card\" content=\"summary_large_image\" \/>\n<meta name=\"twitter:label1\" content=\"Escrito por\" \/>\n\t<meta name=\"twitter:data1\" content=\"Geovanna Thomaz\" \/>\n\t<meta name=\"twitter:label2\" content=\"Est. tempo de leitura\" \/>\n\t<meta name=\"twitter:data2\" content=\"3 minutos\" \/>\n<script type=\"application\/ld+json\" class=\"yoast-schema-graph\">{\"@context\":\"https:\/\/schema.org\",\"@graph\":[{\"@type\":\"NewsArticle\",\"@id\":\"https:\/\/www.gaveanews.com\/index.php\/2025\/02\/16\/fernando-seabra-e-sincero-sobre-evolucao-do-bragantino\/#article\",\"isPartOf\":{\"@id\":\"https:\/\/www.gaveanews.com\/index.php\/2025\/02\/16\/fernando-seabra-e-sincero-sobre-evolucao-do-bragantino\/\"},\"author\":{\"name\":\"Geovanna Thomaz\",\"@id\":\"https:\/\/www.gaveanews.com\/#\/schema\/person\/f42654babcd2b2014a1a65af82b081f1\"},\"headline\":\"Fernando Seabra \u00e9 sincero sobre evolu\u00e7\u00e3o do Bragantino\",\"datePublished\":\"2025-02-17T01:35:00+00:00\",\"mainEntityOfPage\":{\"@id\":\"https:\/\/www.gaveanews.com\/index.php\/2025\/02\/16\/fernando-seabra-e-sincero-sobre-evolucao-do-bragantino\/\"},\"wordCount\":486,\"commentCount\":0,\"image\":{\"@id\":\"https:\/\/www.gaveanews.com\/index.php\/2025\/02\/16\/fernando-seabra-e-sincero-sobre-evolucao-do-bragantino\/#primaryimage\"},\"thumbnailUrl\":\"https:\/\/www.gaveanews.com\/wp-content\/uploads\/Fernando-Seabra-pelo-Bragantino.webp\",\"articleSection\":[\"Bragantino\"],\"inLanguage\":\"pt-BR\",\"potentialAction\":[{\"@type\":\"CommentAction\",\"name\":\"Comment\",\"target\":[\"https:\/\/www.gaveanews.com\/index.php\/2025\/02\/16\/fernando-seabra-e-sincero-sobre-evolucao-do-bragantino\/#respond\"]}],\"copyrightYear\":\"2025\",\"copyrightHolder\":{\"@id\":\"https:\/\/www.gaveanews.com\/#organization\"}},{\"@type\":\"WebPage\",\"@id\":\"https:\/\/www.gaveanews.com\/index.php\/2025\/02\/16\/fernando-seabra-e-sincero-sobre-evolucao-do-bragantino\/\",\"url\":\"https:\/\/www.gaveanews.com\/index.php\/2025\/02\/16\/fernando-seabra-e-sincero-sobre-evolucao-do-bragantino\/\",\"name\":\"Fernando Seabra \u00e9 sincero sobre evolu\u00e7\u00e3o do Bragantino\",\"isPartOf\":{\"@id\":\"https:\/\/www.gaveanews.com\/#website\"},\"primaryImageOfPage\":{\"@id\":\"https:\/\/www.gaveanews.com\/index.php\/2025\/02\/16\/fernando-seabra-e-sincero-sobre-evolucao-do-bragantino\/#primaryimage\"},\"image\":{\"@id\":\"https:\/\/www.gaveanews.com\/index.php\/2025\/02\/16\/fernando-seabra-e-sincero-sobre-evolucao-do-bragantino\/#primaryimage\"},\"thumbnailUrl\":\"https:\/\/www.gaveanews.com\/wp-content\/uploads\/Fernando-Seabra-pelo-Bragantino.webp\",\"datePublished\":\"2025-02-17T01:35:00+00:00\",\"author\":{\"@id\":\"https:\/\/www.gaveanews.com\/#\/schema\/person\/f42654babcd2b2014a1a65af82b081f1\"},\"breadcrumb\":{\"@id\":\"https:\/\/www.gaveanews.com\/index.php\/2025\/02\/16\/fernando-seabra-e-sincero-sobre-evolucao-do-bragantino\/#breadcrumb\"},\"inLanguage\":\"pt-BR\",\"potentialAction\":[{\"@type\":\"ReadAction\",\"target\":[\"https:\/\/www.gaveanews.com\/index.php\/2025\/02\/16\/fernando-seabra-e-sincero-sobre-evolucao-do-bragantino\/\"]}]},{\"@type\":\"ImageObject\",\"inLanguage\":\"pt-BR\",\"@id\":\"https:\/\/www.gaveanews.com\/index.php\/2025\/02\/16\/fernando-seabra-e-sincero-sobre-evolucao-do-bragantino\/#primaryimage\",\"url\":\"https:\/\/www.gaveanews.com\/wp-content\/uploads\/Fernando-Seabra-pelo-Bragantino.webp\",\"contentUrl\":\"https:\/\/www.gaveanews.com\/wp-content\/uploads\/Fernando-Seabra-pelo-Bragantino.webp\",\"width\":1103,\"height\":800,\"caption\":\"Fernando Seabra pelo Bragantino (Foto: Reprodu\u00e7\u00e3o\/Bragantino)\"},{\"@type\":\"BreadcrumbList\",\"@id\":\"https:\/\/www.gaveanews.com\/index.php\/2025\/02\/16\/fernando-seabra-e-sincero-sobre-evolucao-do-bragantino\/#breadcrumb\",\"itemListElement\":[{\"@type\":\"ListItem\",\"position\":1,\"name\":\"Home\",\"item\":\"https:\/\/www.gaveanews.com\/\"},{\"@type\":\"ListItem\",\"position\":2,\"name\":\"Fernando Seabra \u00e9 sincero sobre evolu\u00e7\u00e3o do Bragantino\"}]},{\"@type\":\"WebSite\",\"@id\":\"https:\/\/www.gaveanews.com\/#website\",\"url\":\"https:\/\/www.gaveanews.com\/\",\"name\":\"G\u00e1vea News\",\"description\":\"Veja todas as not\u00edcias sobre o Flamengo: Contrata\u00e7\u00f5es, categorias de base, resultados das partidas, tabela de classifica\u00e7\u00e3o, pr\u00f3ximos jogos!\",\"potentialAction\":[{\"@type\":\"SearchAction\",\"target\":{\"@type\":\"EntryPoint\",\"urlTemplate\":\"https:\/\/www.gaveanews.com\/?s={search_term_string}\"},\"query-input\":{\"@type\":\"PropertyValueSpecification\",\"valueRequired\":true,\"valueName\":\"search_term_string\"}}],\"inLanguage\":\"pt-BR\"},{\"@type\":\"Person\",\"@id\":\"https:\/\/www.gaveanews.com\/#\/schema\/person\/f42654babcd2b2014a1a65af82b081f1\",\"name\":\"Geovanna Thomaz\",\"image\":{\"@type\":\"ImageObject\",\"inLanguage\":\"pt-BR\",\"@id\":\"https:\/\/www.gaveanews.com\/#\/schema\/person\/image\/\",\"url\":\"https:\/\/secure.gravatar.com\/avatar\/4092073255489533afb558984b49b64268c47198af8623cc82a925ae9fb7118a?s=96&d=mm&r=g\",\"contentUrl\":\"https:\/\/secure.gravatar.com\/avatar\/4092073255489533afb558984b49b64268c47198af8623cc82a925ae9fb7118a?s=96&d=mm&r=g\",\"caption\":\"Geovanna Thomaz\"}}]}<\/script>\n<!-- \/ Yoast SEO Premium plugin. -->","yoast_head_json":{"title":"Fernando Seabra \u00e9 sincero sobre evolu\u00e7\u00e3o do Bragantino","robots":{"index":"index","follow":"follow","max-snippet":"max-snippet:-1","max-image-preview":"max-image-preview:large","max-video-preview":"max-video-preview:-1"},"canonical":"https:\/\/www.gaveanews.com\/index.php\/2025\/02\/16\/fernando-seabra-e-sincero-sobre-evolucao-do-bragantino\/","og_locale":"pt_BR","og_type":"article","og_title":"Fernando Seabra \u00e9 sincero sobre evolu\u00e7\u00e3o do Bragantino","og_description":"Red Bull Bragantino vence Noroeste e se aproxima da classifica\u00e7\u00e3o no Paulista O Red Bull Bragantino obteve uma vit\u00f3ria crucial por 2 a 1 sobre o Noroeste, na noite do \u00faltimo s\u00e1bado, 15, em jogo v\u00e1lido pela d\u00e9cima rodada do Campeonato Paulista. Com este resultado, a equipe se afastou da zona de rebaixamento e conquistou [&hellip;]","og_url":"https:\/\/www.gaveanews.com\/index.php\/2025\/02\/16\/fernando-seabra-e-sincero-sobre-evolucao-do-bragantino\/","og_site_name":"G\u00e1vea News","article_publisher":"https:\/\/facebook.com\/gaveaNews\/","article_published_time":"2025-02-17T01:35:00+00:00","og_image":[{"width":1103,"height":800,"url":"https:\/\/www.gaveanews.com\/wp-content\/uploads\/Fernando-Seabra-pelo-Bragantino.webp","type":"image\/jpeg"}],"author":"Geovanna Thomaz","twitter_card":"summary_large_image","twitter_misc":{"Escrito por":"Geovanna Thomaz","Est. tempo de leitura":"3 minutos"},"schema":{"@context":"https:\/\/schema.org","@graph":[{"@type":"NewsArticle","@id":"https:\/\/www.gaveanews.com\/index.php\/2025\/02\/16\/fernando-seabra-e-sincero-sobre-evolucao-do-bragantino\/#article","isPartOf":{"@id":"https:\/\/www.gaveanews.com\/index.php\/2025\/02\/16\/fernando-seabra-e-sincero-sobre-evolucao-do-bragantino\/"},"author":{"name":"Geovanna Thomaz","@id":"https:\/\/www.gaveanews.com\/#\/schema\/person\/f42654babcd2b2014a1a65af82b081f1"},"headline":"Fernando Seabra \u00e9 sincero sobre evolu\u00e7\u00e3o do Bragantino","datePublished":"2025-02-17T01:35:00+00:00","mainEntityOfPage":{"@id":"https:\/\/www.gaveanews.com\/index.php\/2025\/02\/16\/fernando-seabra-e-sincero-sobre-evolucao-do-bragantino\/"},"wordCount":486,"commentCount":0,"image":{"@id":"https:\/\/www.gaveanews.com\/index.php\/2025\/02\/16\/fernando-seabra-e-sincero-sobre-evolucao-do-bragantino\/#primaryimage"},"thumbnailUrl":"https:\/\/www.gaveanews.com\/wp-content\/uploads\/Fernando-Seabra-pelo-Bragantino.webp","articleSection":["Bragantino"],"inLanguage":"pt-BR","potentialAction":[{"@type":"CommentAction","name":"Comment","target":["https:\/\/www.gaveanews.com\/index.php\/2025\/02\/16\/fernando-seabra-e-sincero-sobre-evolucao-do-bragantino\/#respond"]}],"copyrightYear":"2025","copyrightHolder":{"@id":"https:\/\/www.gaveanews.com\/#organization"}},{"@type":"WebPage","@id":"https:\/\/www.gaveanews.com\/index.php\/2025\/02\/16\/fernando-seabra-e-sincero-sobre-evolucao-do-bragantino\/","url":"https:\/\/www.gaveanews.com\/index.php\/2025\/02\/16\/fernando-seabra-e-sincero-sobre-evolucao-do-bragantino\/","name":"Fernando Seabra \u00e9 sincero sobre evolu\u00e7\u00e3o do Bragantino","isPartOf":{"@id":"https:\/\/www.gaveanews.com\/#website"},"primaryImageOfPage":{"@id":"https:\/\/www.gaveanews.com\/index.php\/2025\/02\/16\/fernando-seabra-e-sincero-sobre-evolucao-do-bragantino\/#primaryimage"},"image":{"@id":"https:\/\/www.gaveanews.com\/index.php\/2025\/02\/16\/fernando-seabra-e-sincero-sobre-evolucao-do-bragantino\/#primaryimage"},"thumbnailUrl":"https:\/\/www.gaveanews.com\/wp-content\/uploads\/Fernando-Seabra-pelo-Bragantino.webp","datePublished":"2025-02-17T01:35:00+00:00","author":{"@id":"https:\/\/www.gaveanews.com\/#\/schema\/person\/f42654babcd2b2014a1a65af82b081f1"},"breadcrumb":{"@id":"https:\/\/www.gaveanews.com\/index.php\/2025\/02\/16\/fernando-seabra-e-sincero-sobre-evolucao-do-bragantino\/#breadcrumb"},"inLanguage":"pt-BR","potentialAction":[{"@type":"ReadAction","target":["https:\/\/www.gaveanews.com\/index.php\/2025\/02\/16\/fernando-seabra-e-sincero-sobre-evolucao-do-bragantino\/"]}]},{"@type":"ImageObject","inLanguage":"pt-BR","@id":"https:\/\/www.gaveanews.com\/index.php\/2025\/02\/16\/fernando-seabra-e-sincero-sobre-evolucao-do-bragantino\/#primaryimage","url":"https:\/\/www.gaveanews.com\/wp-content\/uploads\/Fernando-Seabra-pelo-Bragantino.webp","contentUrl":"https:\/\/www.gaveanews.com\/wp-content\/uploads\/Fernando-Seabra-pelo-Bragantino.webp","width":1103,"height":800,"caption":"Fernando Seabra pelo Bragantino (Foto: Reprodu\u00e7\u00e3o\/Bragantino)"},{"@type":"BreadcrumbList","@id":"https:\/\/www.gaveanews.com\/index.php\/2025\/02\/16\/fernando-seabra-e-sincero-sobre-evolucao-do-bragantino\/#breadcrumb","itemListElement":[{"@type":"ListItem","position":1,"name":"Home","item":"https:\/\/www.gaveanews.com\/"},{"@type":"ListItem","position":2,"name":"Fernando Seabra \u00e9 sincero sobre evolu\u00e7\u00e3o do Bragantino"}]},{"@type":"WebSite","@id":"https:\/\/www.gaveanews.com\/#website","url":"https:\/\/www.gaveanews.com\/","name":"G\u00e1vea News","description":"Veja todas as not\u00edcias sobre o Flamengo: Contrata\u00e7\u00f5es, categorias de base, resultados das partidas, tabela de classifica\u00e7\u00e3o, pr\u00f3ximos jogos!","potentialAction":[{"@type":"SearchAction","target":{"@type":"EntryPoint","urlTemplate":"https:\/\/www.gaveanews.com\/?s={search_term_string}"},"query-input":{"@type":"PropertyValueSpecification","valueRequired":true,"valueName":"search_term_string"}}],"inLanguage":"pt-BR"},{"@type":"Person","@id":"https:\/\/www.gaveanews.com\/#\/schema\/person\/f42654babcd2b2014a1a65af82b081f1","name":"Geovanna Thomaz","image":{"@type":"ImageObject","inLanguage":"pt-BR","@id":"https:\/\/www.gaveanews.com\/#\/schema\/person\/image\/","url":"https:\/\/secure.gravatar.com\/avatar\/4092073255489533afb558984b49b64268c47198af8623cc82a925ae9fb7118a?s=96&d=mm&r=g","contentUrl":"https:\/\/secure.gravatar.com\/avatar\/4092073255489533afb558984b49b64268c47198af8623cc82a925ae9fb7118a?s=96&d=mm&r=g","caption":"Geovanna Thomaz"}}]}},"_links":{"self":[{"href":"https:\/\/www.gaveanews.com\/index.php\/wp-json\/wp\/v2\/posts\/228577","targetHints":{"allow":["GET"]}}],"collection":[{"href":"https:\/\/www.gaveanews.com\/index.php\/wp-json\/wp\/v2\/posts"}],"about":[{"href":"https:\/\/www.gaveanews.com\/index.php\/wp-json\/wp\/v2\/types\/post"}],"author":[{"embeddable":true,"href":"https:\/\/www.gaveanews.com\/index.php\/wp-json\/wp\/v2\/users\/17"}],"replies":[{"embeddable":true,"href":"https:\/\/www.gaveanews.com\/index.php\/wp-json\/wp\/v2\/comments?post=228577"}],"version-history":[{"count":2,"href":"https:\/\/www.gaveanews.com\/index.php\/wp-json\/wp\/v2\/posts\/228577\/revisions"}],"predecessor-version":[{"id":228628,"href":"https:\/\/www.gaveanews.com\/index.php\/wp-json\/wp\/v2\/posts\/228577\/revisions\/228628"}],"wp:featuredmedia":[{"embeddable":true,"href":"https:\/\/www.gaveanews.com\/index.php\/wp-json\/wp\/v2\/media\/188648"}],"wp:attachment":[{"href":"https:\/\/www.gaveanews.com\/index.php\/wp-json\/wp\/v2\/media?parent=228577"}],"wp:term":[{"taxonomy":"category","embeddable":true,"href":"https:\/\/www.gaveanews.com\/index.php\/wp-json\/wp\/v2\/categories?post=228577"},{"taxonomy":"post_tag","embeddable":true,"href":"https:\/\/www.gaveanews.com\/index.php\/wp-json\/wp\/v2\/tags?post=228577"}],"curies":[{"name":"wp","href":"https:\/\/api.w.org\/{rel}","templated":true}]}}