{"id":228617,"date":"2025-02-16T21:00:19","date_gmt":"2025-02-17T00:00:19","guid":{"rendered":"https:\/\/www.gaveanews.com\/?p=228617"},"modified":"2025-02-16T21:00:22","modified_gmt":"2025-02-17T00:00:22","slug":"palmeiras-x-sao-paulo-a-declaracao-de-piquerez-apos-o-classico","status":"publish","type":"post","link":"https:\/\/www.gaveanews.com\/index.php\/2025\/02\/16\/palmeiras-x-sao-paulo-a-declaracao-de-piquerez-apos-o-classico\/","title":{"rendered":"Palmeiras x S\u00e3o Paulo: a declara\u00e7\u00e3o de Piquerez ap\u00f3s o cl\u00e1ssico"},"content":{"rendered":"\n<h2 class=\"wp-block-heading\" id=\"h-apos-uma-temporada-fora-dos-gramados-piquerez-retorna-aos-gramados\">Ap\u00f3s uma temporada fora dos gramados, Piquerez retorna aos gramados <\/h2>\n\n\n\n<p>Ap\u00f3s o empate sem gols contra o S\u00e3o Paulo neste domingo, no Allianz Parque, Piquerez, lateral-esquerdo do Palmeiras, se manifestou sobre a atua\u00e7\u00e3o da equipe no cl\u00e1ssico e as dificuldades que o time tem encontrado para balan\u00e7ar as redes advers\u00e1rias. O jogador reconheceu que, apesar de o time ter sido superior durante boa parte da partida, a falta de efetividade na \u00faltima parte do campo tem prejudicado o desempenho.<\/p>\n\n\n\n<p>\u201cN\u00e3o sei se \u2018injusto\u2019 \u00e9 a palavra, mas tentamos at\u00e9 o final. Fica claro que eles vieram buscar um ponto, n\u00e3o tinham a inten\u00e7\u00e3o de atacar tanto. Fomos superiores, criamos as melhores chances, mas estamos tendo dificuldade na \u00faltima parte para fazer o gol\u201d, afirmou Piquerez. Ele tamb\u00e9m destacou que, apesar de n\u00e3o ter sido uma vit\u00f3ria, o Palmeiras ainda possui chances de se classificar para a pr\u00f3xima fase do Campeonato Paulista e vai lutar at\u00e9 o fim para conseguir isso.<\/p>\n\n\n\n<p>Em rela\u00e7\u00e3o \u00e0 fase de grupos, o lateral-esquerdo foi claro ao refor\u00e7ar a responsabilidade do time nos dois \u00faltimos jogos. Piquerez sabe da import\u00e2ncia desses jogos para a sequ\u00eancia da competi\u00e7\u00e3o e refor\u00e7ou a press\u00e3o que recai sobre a equipe, mas tamb\u00e9m deixou claro que \u00e9 algo natural, considerando o tamanho e as expectativas do Palmeiras.<\/p>\n\n\n\n<p>\u201cEsses dois jogos s\u00e3o de total responsabilidade nossa, assim como todos os jogos. Somos um time grande, por isso a torcida reclama, e eles est\u00e3o certos. Temos que seguir focados e trabalhar para reverter essa situa\u00e7\u00e3o. O objetivo agora \u00e9 fazer seis pontos de seis poss\u00edveis para garantir nossa classifica\u00e7\u00e3o\u201d, completou o jogador.<\/p>\n\n\n\n<p>O Palmeiras segue fora da zona de classifica\u00e7\u00e3o do Grupo D e precisa vencer os pr\u00f3ximos jogos para garantir a vaga na fase de mata-mata do Campeonato Paulista. A press\u00e3o est\u00e1 aumentando, mas a equipe est\u00e1 ciente da sua obriga\u00e7\u00e3o de reagir e buscar os resultados que podem levar o time \u00e0 pr\u00f3xima fase.<\/p>\n","protected":false},"excerpt":{"rendered":"<p>Ap\u00f3s uma temporada fora dos gramados, Piquerez retorna aos gramados Ap\u00f3s o empate sem gols contra o S\u00e3o Paulo neste domingo, no Allianz Parque, Piquerez, lateral-esquerdo do Palmeiras, se manifestou sobre a atua\u00e7\u00e3o da equipe no cl\u00e1ssico e as dificuldades que o time tem encontrado para balan\u00e7ar as redes advers\u00e1rias. O jogador reconheceu que, apesar [&hellip;]<\/p>\n","protected":false},"author":17,"featured_media":161875,"comment_status":"open","ping_status":"closed","sticky":false,"template":"","format":"standard","meta":{"footnotes":""},"categories":[150,151],"tags":[],"class_list":["post-228617","post","type-post","status-publish","format-standard","has-post-thumbnail","hentry","category-palmeiras","category-sao-paulo"],"yoast_head":"<!-- This site is optimized with the Yoast SEO Premium plugin v24.2 (Yoast SEO v26.9) - https:\/\/yoast.com\/product\/yoast-seo-premium-wordpress\/ -->\n<title>Palmeiras x S\u00e3o Paulo: a declara\u00e7\u00e3o de Piquerez ap\u00f3s o cl\u00e1ssico<\/title>\n<meta name=\"robots\" content=\"index, follow, max-snippet:-1, max-image-preview:large, max-video-preview:-1\" \/>\n<link rel=\"canonical\" href=\"https:\/\/www.gaveanews.com\/index.php\/2025\/02\/16\/palmeiras-x-sao-paulo-a-declaracao-de-piquerez-apos-o-classico\/\" \/>\n<meta property=\"og:locale\" content=\"pt_BR\" \/>\n<meta property=\"og:type\" content=\"article\" \/>\n<meta property=\"og:title\" content=\"Palmeiras x S\u00e3o Paulo: a declara\u00e7\u00e3o de Piquerez ap\u00f3s o cl\u00e1ssico\" \/>\n<meta property=\"og:description\" content=\"Ap\u00f3s uma temporada fora dos gramados, Piquerez retorna aos gramados Ap\u00f3s o empate sem gols contra o S\u00e3o Paulo neste domingo, no Allianz Parque, Piquerez, lateral-esquerdo do Palmeiras, se manifestou sobre a atua\u00e7\u00e3o da equipe no cl\u00e1ssico e as dificuldades que o time tem encontrado para balan\u00e7ar as redes advers\u00e1rias. O jogador reconheceu que, apesar [&hellip;]\" \/>\n<meta property=\"og:url\" content=\"https:\/\/www.gaveanews.com\/index.php\/2025\/02\/16\/palmeiras-x-sao-paulo-a-declaracao-de-piquerez-apos-o-classico\/\" \/>\n<meta property=\"og:site_name\" content=\"G\u00e1vea News\" \/>\n<meta property=\"article:publisher\" content=\"https:\/\/facebook.com\/gaveaNews\/\" \/>\n<meta property=\"article:published_time\" content=\"2025-02-17T00:00:19+00:00\" \/>\n<meta property=\"article:modified_time\" content=\"2025-02-17T00:00:22+00:00\" \/>\n<meta property=\"og:image\" content=\"http:\/\/www.gaveanews.com\/wp-content\/uploads\/Joaquin-Piquerez-em-acao-pelo-time-do-Palmeiras.webp\" \/>\n\t<meta property=\"og:image:width\" content=\"1242\" \/>\n\t<meta property=\"og:image:height\" content=\"1544\" \/>\n\t<meta property=\"og:image:type\" content=\"image\/jpeg\" \/>\n<meta name=\"author\" content=\"Geovanna Thomaz\" \/>\n<meta name=\"twitter:card\" content=\"summary_large_image\" \/>\n<meta name=\"twitter:label1\" content=\"Escrito por\" \/>\n\t<meta name=\"twitter:data1\" content=\"Geovanna Thomaz\" \/>\n\t<meta name=\"twitter:label2\" content=\"Est. tempo de leitura\" \/>\n\t<meta name=\"twitter:data2\" content=\"2 minutos\" \/>\n<script type=\"application\/ld+json\" class=\"yoast-schema-graph\">{\"@context\":\"https:\/\/schema.org\",\"@graph\":[{\"@type\":\"NewsArticle\",\"@id\":\"https:\/\/www.gaveanews.com\/index.php\/2025\/02\/16\/palmeiras-x-sao-paulo-a-declaracao-de-piquerez-apos-o-classico\/#article\",\"isPartOf\":{\"@id\":\"https:\/\/www.gaveanews.com\/index.php\/2025\/02\/16\/palmeiras-x-sao-paulo-a-declaracao-de-piquerez-apos-o-classico\/\"},\"author\":{\"name\":\"Geovanna Thomaz\",\"@id\":\"https:\/\/www.gaveanews.com\/#\/schema\/person\/f42654babcd2b2014a1a65af82b081f1\"},\"headline\":\"Palmeiras x S\u00e3o Paulo: a declara\u00e7\u00e3o de Piquerez ap\u00f3s o cl\u00e1ssico\",\"datePublished\":\"2025-02-17T00:00:19+00:00\",\"dateModified\":\"2025-02-17T00:00:22+00:00\",\"mainEntityOfPage\":{\"@id\":\"https:\/\/www.gaveanews.com\/index.php\/2025\/02\/16\/palmeiras-x-sao-paulo-a-declaracao-de-piquerez-apos-o-classico\/\"},\"wordCount\":365,\"commentCount\":0,\"image\":{\"@id\":\"https:\/\/www.gaveanews.com\/index.php\/2025\/02\/16\/palmeiras-x-sao-paulo-a-declaracao-de-piquerez-apos-o-classico\/#primaryimage\"},\"thumbnailUrl\":\"https:\/\/www.gaveanews.com\/wp-content\/uploads\/Joaquin-Piquerez-em-acao-pelo-time-do-Palmeiras.webp\",\"articleSection\":[\"Palmeiras\",\"S\u00e3o Paulo\"],\"inLanguage\":\"pt-BR\",\"potentialAction\":[{\"@type\":\"CommentAction\",\"name\":\"Comment\",\"target\":[\"https:\/\/www.gaveanews.com\/index.php\/2025\/02\/16\/palmeiras-x-sao-paulo-a-declaracao-de-piquerez-apos-o-classico\/#respond\"]}],\"copyrightYear\":\"2025\",\"copyrightHolder\":{\"@id\":\"https:\/\/www.gaveanews.com\/#organization\"}},{\"@type\":\"WebPage\",\"@id\":\"https:\/\/www.gaveanews.com\/index.php\/2025\/02\/16\/palmeiras-x-sao-paulo-a-declaracao-de-piquerez-apos-o-classico\/\",\"url\":\"https:\/\/www.gaveanews.com\/index.php\/2025\/02\/16\/palmeiras-x-sao-paulo-a-declaracao-de-piquerez-apos-o-classico\/\",\"name\":\"Palmeiras x S\u00e3o Paulo: a declara\u00e7\u00e3o de Piquerez ap\u00f3s o cl\u00e1ssico\",\"isPartOf\":{\"@id\":\"https:\/\/www.gaveanews.com\/#website\"},\"primaryImageOfPage\":{\"@id\":\"https:\/\/www.gaveanews.com\/index.php\/2025\/02\/16\/palmeiras-x-sao-paulo-a-declaracao-de-piquerez-apos-o-classico\/#primaryimage\"},\"image\":{\"@id\":\"https:\/\/www.gaveanews.com\/index.php\/2025\/02\/16\/palmeiras-x-sao-paulo-a-declaracao-de-piquerez-apos-o-classico\/#primaryimage\"},\"thumbnailUrl\":\"https:\/\/www.gaveanews.com\/wp-content\/uploads\/Joaquin-Piquerez-em-acao-pelo-time-do-Palmeiras.webp\",\"datePublished\":\"2025-02-17T00:00:19+00:00\",\"dateModified\":\"2025-02-17T00:00:22+00:00\",\"author\":{\"@id\":\"https:\/\/www.gaveanews.com\/#\/schema\/person\/f42654babcd2b2014a1a65af82b081f1\"},\"breadcrumb\":{\"@id\":\"https:\/\/www.gaveanews.com\/index.php\/2025\/02\/16\/palmeiras-x-sao-paulo-a-declaracao-de-piquerez-apos-o-classico\/#breadcrumb\"},\"inLanguage\":\"pt-BR\",\"potentialAction\":[{\"@type\":\"ReadAction\",\"target\":[\"https:\/\/www.gaveanews.com\/index.php\/2025\/02\/16\/palmeiras-x-sao-paulo-a-declaracao-de-piquerez-apos-o-classico\/\"]}]},{\"@type\":\"ImageObject\",\"inLanguage\":\"pt-BR\",\"@id\":\"https:\/\/www.gaveanews.com\/index.php\/2025\/02\/16\/palmeiras-x-sao-paulo-a-declaracao-de-piquerez-apos-o-classico\/#primaryimage\",\"url\":\"https:\/\/www.gaveanews.com\/wp-content\/uploads\/Joaquin-Piquerez-em-acao-pelo-time-do-Palmeiras.webp\",\"contentUrl\":\"https:\/\/www.gaveanews.com\/wp-content\/uploads\/Joaquin-Piquerez-em-acao-pelo-time-do-Palmeiras.webp\",\"width\":1242,\"height\":1544,\"caption\":\"Joaqu\u00edn Piquerez em a\u00e7\u00e3o pelo time do Palmeiras (Foto: Reprodu\u00e7\u00e3o\/Instagram)\"},{\"@type\":\"BreadcrumbList\",\"@id\":\"https:\/\/www.gaveanews.com\/index.php\/2025\/02\/16\/palmeiras-x-sao-paulo-a-declaracao-de-piquerez-apos-o-classico\/#breadcrumb\",\"itemListElement\":[{\"@type\":\"ListItem\",\"position\":1,\"name\":\"Home\",\"item\":\"https:\/\/www.gaveanews.com\/\"},{\"@type\":\"ListItem\",\"position\":2,\"name\":\"Palmeiras x S\u00e3o Paulo: a declara\u00e7\u00e3o de Piquerez ap\u00f3s o cl\u00e1ssico\"}]},{\"@type\":\"WebSite\",\"@id\":\"https:\/\/www.gaveanews.com\/#website\",\"url\":\"https:\/\/www.gaveanews.com\/\",\"name\":\"G\u00e1vea News\",\"description\":\"Veja todas as not\u00edcias sobre o Flamengo: Contrata\u00e7\u00f5es, categorias de base, resultados das partidas, tabela de classifica\u00e7\u00e3o, pr\u00f3ximos jogos!\",\"potentialAction\":[{\"@type\":\"SearchAction\",\"target\":{\"@type\":\"EntryPoint\",\"urlTemplate\":\"https:\/\/www.gaveanews.com\/?s={search_term_string}\"},\"query-input\":{\"@type\":\"PropertyValueSpecification\",\"valueRequired\":true,\"valueName\":\"search_term_string\"}}],\"inLanguage\":\"pt-BR\"},{\"@type\":\"Person\",\"@id\":\"https:\/\/www.gaveanews.com\/#\/schema\/person\/f42654babcd2b2014a1a65af82b081f1\",\"name\":\"Geovanna Thomaz\",\"image\":{\"@type\":\"ImageObject\",\"inLanguage\":\"pt-BR\",\"@id\":\"https:\/\/www.gaveanews.com\/#\/schema\/person\/image\/\",\"url\":\"https:\/\/secure.gravatar.com\/avatar\/4092073255489533afb558984b49b64268c47198af8623cc82a925ae9fb7118a?s=96&d=mm&r=g\",\"contentUrl\":\"https:\/\/secure.gravatar.com\/avatar\/4092073255489533afb558984b49b64268c47198af8623cc82a925ae9fb7118a?s=96&d=mm&r=g\",\"caption\":\"Geovanna Thomaz\"}}]}<\/script>\n<!-- \/ Yoast SEO Premium plugin. -->","yoast_head_json":{"title":"Palmeiras x S\u00e3o Paulo: a declara\u00e7\u00e3o de Piquerez ap\u00f3s o cl\u00e1ssico","robots":{"index":"index","follow":"follow","max-snippet":"max-snippet:-1","max-image-preview":"max-image-preview:large","max-video-preview":"max-video-preview:-1"},"canonical":"https:\/\/www.gaveanews.com\/index.php\/2025\/02\/16\/palmeiras-x-sao-paulo-a-declaracao-de-piquerez-apos-o-classico\/","og_locale":"pt_BR","og_type":"article","og_title":"Palmeiras x S\u00e3o Paulo: a declara\u00e7\u00e3o de Piquerez ap\u00f3s o cl\u00e1ssico","og_description":"Ap\u00f3s uma temporada fora dos gramados, Piquerez retorna aos gramados Ap\u00f3s o empate sem gols contra o S\u00e3o Paulo neste domingo, no Allianz Parque, Piquerez, lateral-esquerdo do Palmeiras, se manifestou sobre a atua\u00e7\u00e3o da equipe no cl\u00e1ssico e as dificuldades que o time tem encontrado para balan\u00e7ar as redes advers\u00e1rias. O jogador reconheceu que, apesar [&hellip;]","og_url":"https:\/\/www.gaveanews.com\/index.php\/2025\/02\/16\/palmeiras-x-sao-paulo-a-declaracao-de-piquerez-apos-o-classico\/","og_site_name":"G\u00e1vea News","article_publisher":"https:\/\/facebook.com\/gaveaNews\/","article_published_time":"2025-02-17T00:00:19+00:00","article_modified_time":"2025-02-17T00:00:22+00:00","og_image":[{"width":1242,"height":1544,"url":"http:\/\/www.gaveanews.com\/wp-content\/uploads\/Joaquin-Piquerez-em-acao-pelo-time-do-Palmeiras.webp","type":"image\/jpeg"}],"author":"Geovanna Thomaz","twitter_card":"summary_large_image","twitter_misc":{"Escrito por":"Geovanna Thomaz","Est. tempo de leitura":"2 minutos"},"schema":{"@context":"https:\/\/schema.org","@graph":[{"@type":"NewsArticle","@id":"https:\/\/www.gaveanews.com\/index.php\/2025\/02\/16\/palmeiras-x-sao-paulo-a-declaracao-de-piquerez-apos-o-classico\/#article","isPartOf":{"@id":"https:\/\/www.gaveanews.com\/index.php\/2025\/02\/16\/palmeiras-x-sao-paulo-a-declaracao-de-piquerez-apos-o-classico\/"},"author":{"name":"Geovanna Thomaz","@id":"https:\/\/www.gaveanews.com\/#\/schema\/person\/f42654babcd2b2014a1a65af82b081f1"},"headline":"Palmeiras x S\u00e3o Paulo: a declara\u00e7\u00e3o de Piquerez ap\u00f3s o cl\u00e1ssico","datePublished":"2025-02-17T00:00:19+00:00","dateModified":"2025-02-17T00:00:22+00:00","mainEntityOfPage":{"@id":"https:\/\/www.gaveanews.com\/index.php\/2025\/02\/16\/palmeiras-x-sao-paulo-a-declaracao-de-piquerez-apos-o-classico\/"},"wordCount":365,"commentCount":0,"image":{"@id":"https:\/\/www.gaveanews.com\/index.php\/2025\/02\/16\/palmeiras-x-sao-paulo-a-declaracao-de-piquerez-apos-o-classico\/#primaryimage"},"thumbnailUrl":"https:\/\/www.gaveanews.com\/wp-content\/uploads\/Joaquin-Piquerez-em-acao-pelo-time-do-Palmeiras.webp","articleSection":["Palmeiras","S\u00e3o Paulo"],"inLanguage":"pt-BR","potentialAction":[{"@type":"CommentAction","name":"Comment","target":["https:\/\/www.gaveanews.com\/index.php\/2025\/02\/16\/palmeiras-x-sao-paulo-a-declaracao-de-piquerez-apos-o-classico\/#respond"]}],"copyrightYear":"2025","copyrightHolder":{"@id":"https:\/\/www.gaveanews.com\/#organization"}},{"@type":"WebPage","@id":"https:\/\/www.gaveanews.com\/index.php\/2025\/02\/16\/palmeiras-x-sao-paulo-a-declaracao-de-piquerez-apos-o-classico\/","url":"https:\/\/www.gaveanews.com\/index.php\/2025\/02\/16\/palmeiras-x-sao-paulo-a-declaracao-de-piquerez-apos-o-classico\/","name":"Palmeiras x S\u00e3o Paulo: a declara\u00e7\u00e3o de Piquerez ap\u00f3s o cl\u00e1ssico","isPartOf":{"@id":"https:\/\/www.gaveanews.com\/#website"},"primaryImageOfPage":{"@id":"https:\/\/www.gaveanews.com\/index.php\/2025\/02\/16\/palmeiras-x-sao-paulo-a-declaracao-de-piquerez-apos-o-classico\/#primaryimage"},"image":{"@id":"https:\/\/www.gaveanews.com\/index.php\/2025\/02\/16\/palmeiras-x-sao-paulo-a-declaracao-de-piquerez-apos-o-classico\/#primaryimage"},"thumbnailUrl":"https:\/\/www.gaveanews.com\/wp-content\/uploads\/Joaquin-Piquerez-em-acao-pelo-time-do-Palmeiras.webp","datePublished":"2025-02-17T00:00:19+00:00","dateModified":"2025-02-17T00:00:22+00:00","author":{"@id":"https:\/\/www.gaveanews.com\/#\/schema\/person\/f42654babcd2b2014a1a65af82b081f1"},"breadcrumb":{"@id":"https:\/\/www.gaveanews.com\/index.php\/2025\/02\/16\/palmeiras-x-sao-paulo-a-declaracao-de-piquerez-apos-o-classico\/#breadcrumb"},"inLanguage":"pt-BR","potentialAction":[{"@type":"ReadAction","target":["https:\/\/www.gaveanews.com\/index.php\/2025\/02\/16\/palmeiras-x-sao-paulo-a-declaracao-de-piquerez-apos-o-classico\/"]}]},{"@type":"ImageObject","inLanguage":"pt-BR","@id":"https:\/\/www.gaveanews.com\/index.php\/2025\/02\/16\/palmeiras-x-sao-paulo-a-declaracao-de-piquerez-apos-o-classico\/#primaryimage","url":"https:\/\/www.gaveanews.com\/wp-content\/uploads\/Joaquin-Piquerez-em-acao-pelo-time-do-Palmeiras.webp","contentUrl":"https:\/\/www.gaveanews.com\/wp-content\/uploads\/Joaquin-Piquerez-em-acao-pelo-time-do-Palmeiras.webp","width":1242,"height":1544,"caption":"Joaqu\u00edn Piquerez em a\u00e7\u00e3o pelo time do Palmeiras (Foto: Reprodu\u00e7\u00e3o\/Instagram)"},{"@type":"BreadcrumbList","@id":"https:\/\/www.gaveanews.com\/index.php\/2025\/02\/16\/palmeiras-x-sao-paulo-a-declaracao-de-piquerez-apos-o-classico\/#breadcrumb","itemListElement":[{"@type":"ListItem","position":1,"name":"Home","item":"https:\/\/www.gaveanews.com\/"},{"@type":"ListItem","position":2,"name":"Palmeiras x S\u00e3o Paulo: a declara\u00e7\u00e3o de Piquerez ap\u00f3s o cl\u00e1ssico"}]},{"@type":"WebSite","@id":"https:\/\/www.gaveanews.com\/#website","url":"https:\/\/www.gaveanews.com\/","name":"G\u00e1vea News","description":"Veja todas as not\u00edcias sobre o Flamengo: Contrata\u00e7\u00f5es, categorias de base, resultados das partidas, tabela de classifica\u00e7\u00e3o, pr\u00f3ximos jogos!","potentialAction":[{"@type":"SearchAction","target":{"@type":"EntryPoint","urlTemplate":"https:\/\/www.gaveanews.com\/?s={search_term_string}"},"query-input":{"@type":"PropertyValueSpecification","valueRequired":true,"valueName":"search_term_string"}}],"inLanguage":"pt-BR"},{"@type":"Person","@id":"https:\/\/www.gaveanews.com\/#\/schema\/person\/f42654babcd2b2014a1a65af82b081f1","name":"Geovanna Thomaz","image":{"@type":"ImageObject","inLanguage":"pt-BR","@id":"https:\/\/www.gaveanews.com\/#\/schema\/person\/image\/","url":"https:\/\/secure.gravatar.com\/avatar\/4092073255489533afb558984b49b64268c47198af8623cc82a925ae9fb7118a?s=96&d=mm&r=g","contentUrl":"https:\/\/secure.gravatar.com\/avatar\/4092073255489533afb558984b49b64268c47198af8623cc82a925ae9fb7118a?s=96&d=mm&r=g","caption":"Geovanna Thomaz"}}]}},"_links":{"self":[{"href":"https:\/\/www.gaveanews.com\/index.php\/wp-json\/wp\/v2\/posts\/228617","targetHints":{"allow":["GET"]}}],"collection":[{"href":"https:\/\/www.gaveanews.com\/index.php\/wp-json\/wp\/v2\/posts"}],"about":[{"href":"https:\/\/www.gaveanews.com\/index.php\/wp-json\/wp\/v2\/types\/post"}],"author":[{"embeddable":true,"href":"https:\/\/www.gaveanews.com\/index.php\/wp-json\/wp\/v2\/users\/17"}],"replies":[{"embeddable":true,"href":"https:\/\/www.gaveanews.com\/index.php\/wp-json\/wp\/v2\/comments?post=228617"}],"version-history":[{"count":1,"href":"https:\/\/www.gaveanews.com\/index.php\/wp-json\/wp\/v2\/posts\/228617\/revisions"}],"predecessor-version":[{"id":228618,"href":"https:\/\/www.gaveanews.com\/index.php\/wp-json\/wp\/v2\/posts\/228617\/revisions\/228618"}],"wp:featuredmedia":[{"embeddable":true,"href":"https:\/\/www.gaveanews.com\/index.php\/wp-json\/wp\/v2\/media\/161875"}],"wp:attachment":[{"href":"https:\/\/www.gaveanews.com\/index.php\/wp-json\/wp\/v2\/media?parent=228617"}],"wp:term":[{"taxonomy":"category","embeddable":true,"href":"https:\/\/www.gaveanews.com\/index.php\/wp-json\/wp\/v2\/categories?post=228617"},{"taxonomy":"post_tag","embeddable":true,"href":"https:\/\/www.gaveanews.com\/index.php\/wp-json\/wp\/v2\/tags?post=228617"}],"curies":[{"name":"wp","href":"https:\/\/api.w.org\/{rel}","templated":true}]}}