{"id":228632,"date":"2025-02-17T00:06:52","date_gmt":"2025-02-17T03:06:52","guid":{"rendered":"https:\/\/www.gaveanews.com\/?p=228632"},"modified":"2025-02-17T00:06:55","modified_gmt":"2025-02-17T03:06:55","slug":"palmeiras-a-declaracao-de-abel-ferreira-apos-o-classico","status":"publish","type":"post","link":"https:\/\/www.gaveanews.com\/index.php\/2025\/02\/17\/palmeiras-a-declaracao-de-abel-ferreira-apos-o-classico\/","title":{"rendered":"Palmeiras: a declara\u00e7\u00e3o de Abel Ferreira ap\u00f3s o cl\u00e1ssico"},"content":{"rendered":"\n<h2 class=\"wp-block-heading\" id=\"h-abel-ferreira-analisa-empate-com-o-sao-paulo-e-admite-falta-de-criatividade-no-ataque\">Abel Ferreira analisa empate com o S\u00e3o Paulo e admite falta de criatividade no ataque<\/h2>\n\n\n\n<p>O Palmeiras voltou a encontrar dificuldades para superar defesas bem postadas e n\u00e3o conseguiu sair do 0 a 0 contra o S\u00e3o Paulo, no Allianz Parque, pela 10\u00aa rodada do Campeonato Paulista.<\/p>\n\n\n\n<p>Ap\u00f3s o cl\u00e1ssico, o t\u00e9cnico Abel Ferreira admitiu que a equipe tem sentido falta de criatividade no setor ofensivo, principalmente contra advers\u00e1rios que jogam mais fechados.<\/p>\n\n\n\n<p>\u201cNos falta um bocadinho de criatividade no \u00faltimo ter\u00e7o. Quando chegamos, o Palmeiras estava \u00e0 procura de se encontrar. Quando jogamos agora, voc\u00ea v\u00ea como nossos advers\u00e1rios se fecham. N\u00e3o est\u00e1vamos a jogar contra um advers\u00e1rio qualquer, era contra o S\u00e3o Paulo. Tinha uma linha de cinco, mais dois primeiros volantes na frente, o que dificulta muito os espa\u00e7os que temos que criar\u201d, analisou Abel.<\/p>\n\n\n\n<p>O treinador ressaltou que o time conseguiu criar algumas boas oportunidades no segundo tempo, mas esbarrou na forte marca\u00e7\u00e3o do S\u00e3o Paulo. Para ele, a equipe precisa encontrar solu\u00e7\u00f5es para furar esse tipo de bloqueio.<\/p>\n\n\n\n<p>\u201cPrecisamos da criatividade dos nossos jogadores para ultrapassar esse muro. Fomos capazes de criar duas oportunidades flagrantes no segundo tempo, muitos dos remates bateram naquela muralha do nosso advers\u00e1rio. Mas n\u00e3o tem a ver com o gramado, tem mais a ver com a capacidade do treinador ajudar ainda mais a capacidade dos nossos jogadores, e depois termos presen\u00e7a na \u00e1rea com centroavantes que nos ajudem a ultrapassar esses tipos de jogos, em que as equipes se fecham muito\u201d, acrescentou.<\/p>\n\n\n\n<p>O resultado manteve o Palmeiras em terceiro lugar no Grupo D, com 17 pontos, fora da zona de classifica\u00e7\u00e3o. Agora, a equipe precisa vencer seus dois \u00faltimos jogos na fase de grupos para depender apenas de si na busca por uma vaga no mata-mata do Paulist\u00e3o, caso n\u00e3o ven\u00e7a, depender\u00e1 de combina\u00e7\u00f5es de resultados. <\/p>\n","protected":false},"excerpt":{"rendered":"<p>Abel Ferreira analisa empate com o S\u00e3o Paulo e admite falta de criatividade no ataque O Palmeiras voltou a encontrar dificuldades para superar defesas bem postadas e n\u00e3o conseguiu sair do 0 a 0 contra o S\u00e3o Paulo, no Allianz Parque, pela 10\u00aa rodada do Campeonato Paulista. Ap\u00f3s o cl\u00e1ssico, o t\u00e9cnico Abel Ferreira admitiu [&hellip;]<\/p>\n","protected":false},"author":17,"featured_media":157845,"comment_status":"open","ping_status":"closed","sticky":false,"template":"","format":"standard","meta":{"footnotes":""},"categories":[150],"tags":[],"class_list":["post-228632","post","type-post","status-publish","format-standard","has-post-thumbnail","hentry","category-palmeiras"],"yoast_head":"<!-- This site is optimized with the Yoast SEO Premium plugin v24.2 (Yoast SEO v26.9) - https:\/\/yoast.com\/product\/yoast-seo-premium-wordpress\/ -->\n<title>Palmeiras: a declara\u00e7\u00e3o de Abel Ferreira ap\u00f3s o cl\u00e1ssico<\/title>\n<meta name=\"robots\" content=\"index, follow, max-snippet:-1, max-image-preview:large, max-video-preview:-1\" \/>\n<link rel=\"canonical\" href=\"https:\/\/www.gaveanews.com\/index.php\/2025\/02\/17\/palmeiras-a-declaracao-de-abel-ferreira-apos-o-classico\/\" \/>\n<meta property=\"og:locale\" content=\"pt_BR\" \/>\n<meta property=\"og:type\" content=\"article\" \/>\n<meta property=\"og:title\" content=\"Palmeiras: a declara\u00e7\u00e3o de Abel Ferreira ap\u00f3s o cl\u00e1ssico\" \/>\n<meta property=\"og:description\" content=\"Abel Ferreira analisa empate com o S\u00e3o Paulo e admite falta de criatividade no ataque O Palmeiras voltou a encontrar dificuldades para superar defesas bem postadas e n\u00e3o conseguiu sair do 0 a 0 contra o S\u00e3o Paulo, no Allianz Parque, pela 10\u00aa rodada do Campeonato Paulista. Ap\u00f3s o cl\u00e1ssico, o t\u00e9cnico Abel Ferreira admitiu [&hellip;]\" \/>\n<meta property=\"og:url\" content=\"https:\/\/www.gaveanews.com\/index.php\/2025\/02\/17\/palmeiras-a-declaracao-de-abel-ferreira-apos-o-classico\/\" \/>\n<meta property=\"og:site_name\" content=\"G\u00e1vea News\" \/>\n<meta property=\"article:publisher\" content=\"https:\/\/facebook.com\/gaveaNews\/\" \/>\n<meta property=\"article:published_time\" content=\"2025-02-17T03:06:52+00:00\" \/>\n<meta property=\"article:modified_time\" content=\"2025-02-17T03:06:55+00:00\" \/>\n<meta property=\"og:image\" content=\"http:\/\/www.gaveanews.com\/wp-content\/uploads\/Abel-Ferreira-e-fotografado-passando-instrucoes-durante-um-jogo-do-Palmeiras.webp\" \/>\n\t<meta property=\"og:image:width\" content=\"1500\" \/>\n\t<meta property=\"og:image:height\" content=\"844\" \/>\n\t<meta property=\"og:image:type\" content=\"image\/jpeg\" \/>\n<meta name=\"author\" content=\"Geovanna Thomaz\" \/>\n<meta name=\"twitter:card\" content=\"summary_large_image\" \/>\n<meta name=\"twitter:label1\" content=\"Escrito por\" \/>\n\t<meta name=\"twitter:data1\" content=\"Geovanna Thomaz\" \/>\n\t<meta name=\"twitter:label2\" content=\"Est. tempo de leitura\" \/>\n\t<meta name=\"twitter:data2\" content=\"2 minutos\" \/>\n<script type=\"application\/ld+json\" class=\"yoast-schema-graph\">{\"@context\":\"https:\/\/schema.org\",\"@graph\":[{\"@type\":\"NewsArticle\",\"@id\":\"https:\/\/www.gaveanews.com\/index.php\/2025\/02\/17\/palmeiras-a-declaracao-de-abel-ferreira-apos-o-classico\/#article\",\"isPartOf\":{\"@id\":\"https:\/\/www.gaveanews.com\/index.php\/2025\/02\/17\/palmeiras-a-declaracao-de-abel-ferreira-apos-o-classico\/\"},\"author\":{\"name\":\"Geovanna Thomaz\",\"@id\":\"https:\/\/www.gaveanews.com\/#\/schema\/person\/f42654babcd2b2014a1a65af82b081f1\"},\"headline\":\"Palmeiras: a declara\u00e7\u00e3o de Abel Ferreira ap\u00f3s o cl\u00e1ssico\",\"datePublished\":\"2025-02-17T03:06:52+00:00\",\"dateModified\":\"2025-02-17T03:06:55+00:00\",\"mainEntityOfPage\":{\"@id\":\"https:\/\/www.gaveanews.com\/index.php\/2025\/02\/17\/palmeiras-a-declaracao-de-abel-ferreira-apos-o-classico\/\"},\"wordCount\":338,\"commentCount\":0,\"image\":{\"@id\":\"https:\/\/www.gaveanews.com\/index.php\/2025\/02\/17\/palmeiras-a-declaracao-de-abel-ferreira-apos-o-classico\/#primaryimage\"},\"thumbnailUrl\":\"https:\/\/www.gaveanews.com\/wp-content\/uploads\/Abel-Ferreira-e-fotografado-passando-instrucoes-durante-um-jogo-do-Palmeiras.webp\",\"articleSection\":[\"Palmeiras\"],\"inLanguage\":\"pt-BR\",\"potentialAction\":[{\"@type\":\"CommentAction\",\"name\":\"Comment\",\"target\":[\"https:\/\/www.gaveanews.com\/index.php\/2025\/02\/17\/palmeiras-a-declaracao-de-abel-ferreira-apos-o-classico\/#respond\"]}],\"copyrightYear\":\"2025\",\"copyrightHolder\":{\"@id\":\"https:\/\/www.gaveanews.com\/#organization\"}},{\"@type\":\"WebPage\",\"@id\":\"https:\/\/www.gaveanews.com\/index.php\/2025\/02\/17\/palmeiras-a-declaracao-de-abel-ferreira-apos-o-classico\/\",\"url\":\"https:\/\/www.gaveanews.com\/index.php\/2025\/02\/17\/palmeiras-a-declaracao-de-abel-ferreira-apos-o-classico\/\",\"name\":\"Palmeiras: a declara\u00e7\u00e3o de Abel Ferreira ap\u00f3s o cl\u00e1ssico\",\"isPartOf\":{\"@id\":\"https:\/\/www.gaveanews.com\/#website\"},\"primaryImageOfPage\":{\"@id\":\"https:\/\/www.gaveanews.com\/index.php\/2025\/02\/17\/palmeiras-a-declaracao-de-abel-ferreira-apos-o-classico\/#primaryimage\"},\"image\":{\"@id\":\"https:\/\/www.gaveanews.com\/index.php\/2025\/02\/17\/palmeiras-a-declaracao-de-abel-ferreira-apos-o-classico\/#primaryimage\"},\"thumbnailUrl\":\"https:\/\/www.gaveanews.com\/wp-content\/uploads\/Abel-Ferreira-e-fotografado-passando-instrucoes-durante-um-jogo-do-Palmeiras.webp\",\"datePublished\":\"2025-02-17T03:06:52+00:00\",\"dateModified\":\"2025-02-17T03:06:55+00:00\",\"author\":{\"@id\":\"https:\/\/www.gaveanews.com\/#\/schema\/person\/f42654babcd2b2014a1a65af82b081f1\"},\"breadcrumb\":{\"@id\":\"https:\/\/www.gaveanews.com\/index.php\/2025\/02\/17\/palmeiras-a-declaracao-de-abel-ferreira-apos-o-classico\/#breadcrumb\"},\"inLanguage\":\"pt-BR\",\"potentialAction\":[{\"@type\":\"ReadAction\",\"target\":[\"https:\/\/www.gaveanews.com\/index.php\/2025\/02\/17\/palmeiras-a-declaracao-de-abel-ferreira-apos-o-classico\/\"]}]},{\"@type\":\"ImageObject\",\"inLanguage\":\"pt-BR\",\"@id\":\"https:\/\/www.gaveanews.com\/index.php\/2025\/02\/17\/palmeiras-a-declaracao-de-abel-ferreira-apos-o-classico\/#primaryimage\",\"url\":\"https:\/\/www.gaveanews.com\/wp-content\/uploads\/Abel-Ferreira-e-fotografado-passando-instrucoes-durante-um-jogo-do-Palmeiras.webp\",\"contentUrl\":\"https:\/\/www.gaveanews.com\/wp-content\/uploads\/Abel-Ferreira-e-fotografado-passando-instrucoes-durante-um-jogo-do-Palmeiras.webp\",\"width\":1500,\"height\":844,\"caption\":\"Abel Ferreira \u00e9 fotografado passando instru\u00e7\u00f5es durante um jogo do Palmeiras (Foto: Cesar Greco\/Palmeiras)\"},{\"@type\":\"BreadcrumbList\",\"@id\":\"https:\/\/www.gaveanews.com\/index.php\/2025\/02\/17\/palmeiras-a-declaracao-de-abel-ferreira-apos-o-classico\/#breadcrumb\",\"itemListElement\":[{\"@type\":\"ListItem\",\"position\":1,\"name\":\"Home\",\"item\":\"https:\/\/www.gaveanews.com\/\"},{\"@type\":\"ListItem\",\"position\":2,\"name\":\"Palmeiras: a declara\u00e7\u00e3o de Abel Ferreira ap\u00f3s o cl\u00e1ssico\"}]},{\"@type\":\"WebSite\",\"@id\":\"https:\/\/www.gaveanews.com\/#website\",\"url\":\"https:\/\/www.gaveanews.com\/\",\"name\":\"G\u00e1vea News\",\"description\":\"Veja todas as not\u00edcias sobre o Flamengo: Contrata\u00e7\u00f5es, categorias de base, resultados das partidas, tabela de classifica\u00e7\u00e3o, pr\u00f3ximos jogos!\",\"potentialAction\":[{\"@type\":\"SearchAction\",\"target\":{\"@type\":\"EntryPoint\",\"urlTemplate\":\"https:\/\/www.gaveanews.com\/?s={search_term_string}\"},\"query-input\":{\"@type\":\"PropertyValueSpecification\",\"valueRequired\":true,\"valueName\":\"search_term_string\"}}],\"inLanguage\":\"pt-BR\"},{\"@type\":\"Person\",\"@id\":\"https:\/\/www.gaveanews.com\/#\/schema\/person\/f42654babcd2b2014a1a65af82b081f1\",\"name\":\"Geovanna Thomaz\",\"image\":{\"@type\":\"ImageObject\",\"inLanguage\":\"pt-BR\",\"@id\":\"https:\/\/www.gaveanews.com\/#\/schema\/person\/image\/\",\"url\":\"https:\/\/secure.gravatar.com\/avatar\/4092073255489533afb558984b49b64268c47198af8623cc82a925ae9fb7118a?s=96&d=mm&r=g\",\"contentUrl\":\"https:\/\/secure.gravatar.com\/avatar\/4092073255489533afb558984b49b64268c47198af8623cc82a925ae9fb7118a?s=96&d=mm&r=g\",\"caption\":\"Geovanna Thomaz\"}}]}<\/script>\n<!-- \/ Yoast SEO Premium plugin. -->","yoast_head_json":{"title":"Palmeiras: a declara\u00e7\u00e3o de Abel Ferreira ap\u00f3s o cl\u00e1ssico","robots":{"index":"index","follow":"follow","max-snippet":"max-snippet:-1","max-image-preview":"max-image-preview:large","max-video-preview":"max-video-preview:-1"},"canonical":"https:\/\/www.gaveanews.com\/index.php\/2025\/02\/17\/palmeiras-a-declaracao-de-abel-ferreira-apos-o-classico\/","og_locale":"pt_BR","og_type":"article","og_title":"Palmeiras: a declara\u00e7\u00e3o de Abel Ferreira ap\u00f3s o cl\u00e1ssico","og_description":"Abel Ferreira analisa empate com o S\u00e3o Paulo e admite falta de criatividade no ataque O Palmeiras voltou a encontrar dificuldades para superar defesas bem postadas e n\u00e3o conseguiu sair do 0 a 0 contra o S\u00e3o Paulo, no Allianz Parque, pela 10\u00aa rodada do Campeonato Paulista. Ap\u00f3s o cl\u00e1ssico, o t\u00e9cnico Abel Ferreira admitiu [&hellip;]","og_url":"https:\/\/www.gaveanews.com\/index.php\/2025\/02\/17\/palmeiras-a-declaracao-de-abel-ferreira-apos-o-classico\/","og_site_name":"G\u00e1vea News","article_publisher":"https:\/\/facebook.com\/gaveaNews\/","article_published_time":"2025-02-17T03:06:52+00:00","article_modified_time":"2025-02-17T03:06:55+00:00","og_image":[{"width":1500,"height":844,"url":"http:\/\/www.gaveanews.com\/wp-content\/uploads\/Abel-Ferreira-e-fotografado-passando-instrucoes-durante-um-jogo-do-Palmeiras.webp","type":"image\/jpeg"}],"author":"Geovanna Thomaz","twitter_card":"summary_large_image","twitter_misc":{"Escrito por":"Geovanna Thomaz","Est. tempo de leitura":"2 minutos"},"schema":{"@context":"https:\/\/schema.org","@graph":[{"@type":"NewsArticle","@id":"https:\/\/www.gaveanews.com\/index.php\/2025\/02\/17\/palmeiras-a-declaracao-de-abel-ferreira-apos-o-classico\/#article","isPartOf":{"@id":"https:\/\/www.gaveanews.com\/index.php\/2025\/02\/17\/palmeiras-a-declaracao-de-abel-ferreira-apos-o-classico\/"},"author":{"name":"Geovanna Thomaz","@id":"https:\/\/www.gaveanews.com\/#\/schema\/person\/f42654babcd2b2014a1a65af82b081f1"},"headline":"Palmeiras: a declara\u00e7\u00e3o de Abel Ferreira ap\u00f3s o cl\u00e1ssico","datePublished":"2025-02-17T03:06:52+00:00","dateModified":"2025-02-17T03:06:55+00:00","mainEntityOfPage":{"@id":"https:\/\/www.gaveanews.com\/index.php\/2025\/02\/17\/palmeiras-a-declaracao-de-abel-ferreira-apos-o-classico\/"},"wordCount":338,"commentCount":0,"image":{"@id":"https:\/\/www.gaveanews.com\/index.php\/2025\/02\/17\/palmeiras-a-declaracao-de-abel-ferreira-apos-o-classico\/#primaryimage"},"thumbnailUrl":"https:\/\/www.gaveanews.com\/wp-content\/uploads\/Abel-Ferreira-e-fotografado-passando-instrucoes-durante-um-jogo-do-Palmeiras.webp","articleSection":["Palmeiras"],"inLanguage":"pt-BR","potentialAction":[{"@type":"CommentAction","name":"Comment","target":["https:\/\/www.gaveanews.com\/index.php\/2025\/02\/17\/palmeiras-a-declaracao-de-abel-ferreira-apos-o-classico\/#respond"]}],"copyrightYear":"2025","copyrightHolder":{"@id":"https:\/\/www.gaveanews.com\/#organization"}},{"@type":"WebPage","@id":"https:\/\/www.gaveanews.com\/index.php\/2025\/02\/17\/palmeiras-a-declaracao-de-abel-ferreira-apos-o-classico\/","url":"https:\/\/www.gaveanews.com\/index.php\/2025\/02\/17\/palmeiras-a-declaracao-de-abel-ferreira-apos-o-classico\/","name":"Palmeiras: a declara\u00e7\u00e3o de Abel Ferreira ap\u00f3s o cl\u00e1ssico","isPartOf":{"@id":"https:\/\/www.gaveanews.com\/#website"},"primaryImageOfPage":{"@id":"https:\/\/www.gaveanews.com\/index.php\/2025\/02\/17\/palmeiras-a-declaracao-de-abel-ferreira-apos-o-classico\/#primaryimage"},"image":{"@id":"https:\/\/www.gaveanews.com\/index.php\/2025\/02\/17\/palmeiras-a-declaracao-de-abel-ferreira-apos-o-classico\/#primaryimage"},"thumbnailUrl":"https:\/\/www.gaveanews.com\/wp-content\/uploads\/Abel-Ferreira-e-fotografado-passando-instrucoes-durante-um-jogo-do-Palmeiras.webp","datePublished":"2025-02-17T03:06:52+00:00","dateModified":"2025-02-17T03:06:55+00:00","author":{"@id":"https:\/\/www.gaveanews.com\/#\/schema\/person\/f42654babcd2b2014a1a65af82b081f1"},"breadcrumb":{"@id":"https:\/\/www.gaveanews.com\/index.php\/2025\/02\/17\/palmeiras-a-declaracao-de-abel-ferreira-apos-o-classico\/#breadcrumb"},"inLanguage":"pt-BR","potentialAction":[{"@type":"ReadAction","target":["https:\/\/www.gaveanews.com\/index.php\/2025\/02\/17\/palmeiras-a-declaracao-de-abel-ferreira-apos-o-classico\/"]}]},{"@type":"ImageObject","inLanguage":"pt-BR","@id":"https:\/\/www.gaveanews.com\/index.php\/2025\/02\/17\/palmeiras-a-declaracao-de-abel-ferreira-apos-o-classico\/#primaryimage","url":"https:\/\/www.gaveanews.com\/wp-content\/uploads\/Abel-Ferreira-e-fotografado-passando-instrucoes-durante-um-jogo-do-Palmeiras.webp","contentUrl":"https:\/\/www.gaveanews.com\/wp-content\/uploads\/Abel-Ferreira-e-fotografado-passando-instrucoes-durante-um-jogo-do-Palmeiras.webp","width":1500,"height":844,"caption":"Abel Ferreira \u00e9 fotografado passando instru\u00e7\u00f5es durante um jogo do Palmeiras (Foto: Cesar Greco\/Palmeiras)"},{"@type":"BreadcrumbList","@id":"https:\/\/www.gaveanews.com\/index.php\/2025\/02\/17\/palmeiras-a-declaracao-de-abel-ferreira-apos-o-classico\/#breadcrumb","itemListElement":[{"@type":"ListItem","position":1,"name":"Home","item":"https:\/\/www.gaveanews.com\/"},{"@type":"ListItem","position":2,"name":"Palmeiras: a declara\u00e7\u00e3o de Abel Ferreira ap\u00f3s o cl\u00e1ssico"}]},{"@type":"WebSite","@id":"https:\/\/www.gaveanews.com\/#website","url":"https:\/\/www.gaveanews.com\/","name":"G\u00e1vea News","description":"Veja todas as not\u00edcias sobre o Flamengo: Contrata\u00e7\u00f5es, categorias de base, resultados das partidas, tabela de classifica\u00e7\u00e3o, pr\u00f3ximos jogos!","potentialAction":[{"@type":"SearchAction","target":{"@type":"EntryPoint","urlTemplate":"https:\/\/www.gaveanews.com\/?s={search_term_string}"},"query-input":{"@type":"PropertyValueSpecification","valueRequired":true,"valueName":"search_term_string"}}],"inLanguage":"pt-BR"},{"@type":"Person","@id":"https:\/\/www.gaveanews.com\/#\/schema\/person\/f42654babcd2b2014a1a65af82b081f1","name":"Geovanna Thomaz","image":{"@type":"ImageObject","inLanguage":"pt-BR","@id":"https:\/\/www.gaveanews.com\/#\/schema\/person\/image\/","url":"https:\/\/secure.gravatar.com\/avatar\/4092073255489533afb558984b49b64268c47198af8623cc82a925ae9fb7118a?s=96&d=mm&r=g","contentUrl":"https:\/\/secure.gravatar.com\/avatar\/4092073255489533afb558984b49b64268c47198af8623cc82a925ae9fb7118a?s=96&d=mm&r=g","caption":"Geovanna Thomaz"}}]}},"_links":{"self":[{"href":"https:\/\/www.gaveanews.com\/index.php\/wp-json\/wp\/v2\/posts\/228632","targetHints":{"allow":["GET"]}}],"collection":[{"href":"https:\/\/www.gaveanews.com\/index.php\/wp-json\/wp\/v2\/posts"}],"about":[{"href":"https:\/\/www.gaveanews.com\/index.php\/wp-json\/wp\/v2\/types\/post"}],"author":[{"embeddable":true,"href":"https:\/\/www.gaveanews.com\/index.php\/wp-json\/wp\/v2\/users\/17"}],"replies":[{"embeddable":true,"href":"https:\/\/www.gaveanews.com\/index.php\/wp-json\/wp\/v2\/comments?post=228632"}],"version-history":[{"count":1,"href":"https:\/\/www.gaveanews.com\/index.php\/wp-json\/wp\/v2\/posts\/228632\/revisions"}],"predecessor-version":[{"id":228633,"href":"https:\/\/www.gaveanews.com\/index.php\/wp-json\/wp\/v2\/posts\/228632\/revisions\/228633"}],"wp:featuredmedia":[{"embeddable":true,"href":"https:\/\/www.gaveanews.com\/index.php\/wp-json\/wp\/v2\/media\/157845"}],"wp:attachment":[{"href":"https:\/\/www.gaveanews.com\/index.php\/wp-json\/wp\/v2\/media?parent=228632"}],"wp:term":[{"taxonomy":"category","embeddable":true,"href":"https:\/\/www.gaveanews.com\/index.php\/wp-json\/wp\/v2\/categories?post=228632"},{"taxonomy":"post_tag","embeddable":true,"href":"https:\/\/www.gaveanews.com\/index.php\/wp-json\/wp\/v2\/tags?post=228632"}],"curies":[{"name":"wp","href":"https:\/\/api.w.org\/{rel}","templated":true}]}}