{"id":228638,"date":"2025-02-16T23:53:28","date_gmt":"2025-02-17T02:53:28","guid":{"rendered":"https:\/\/www.gaveanews.com\/?p=228638"},"modified":"2025-02-16T23:53:31","modified_gmt":"2025-02-17T02:53:31","slug":"abel-ferreira-e-sincero-sobre-chances-de-classificacao-no-campeonato-paulista","status":"publish","type":"post","link":"https:\/\/www.gaveanews.com\/index.php\/2025\/02\/16\/abel-ferreira-e-sincero-sobre-chances-de-classificacao-no-campeonato-paulista\/","title":{"rendered":"Abel Ferreira \u00e9 sincero sobre chances de classifica\u00e7\u00e3o no Campeonato Paulista"},"content":{"rendered":"\n<h2 class=\"wp-block-heading\" id=\"h-abel-ferreira-lamenta-regulamento-do-paulista-e-reforca-necessidade-de-elenco-mais-forte\">Abel Ferreira lamenta regulamento do Paulista e refor\u00e7a necessidade de elenco mais forte<\/h2>\n\n\n\n<p>O t\u00e9cnico Abel Ferreira voltou a falar sobre a situa\u00e7\u00e3o do Palmeiras no Campeonato Paulista e destacou que, com a pontua\u00e7\u00e3o atual, o time estaria classificado em qualquer outro grupo. No entanto, devido ao regulamento da competi\u00e7\u00e3o e ao desempenho das equipes do Grupo D, o Verd\u00e3o ainda depende de resultados para avan\u00e7ar \u00e0s quartas de final.<\/p>\n\n\n\n<p>\u201cDeixa eu refor\u00e7ar: com os pontos que temos, \u00e9ramos classificados em todos os grupos. Infelizmente, em fun\u00e7\u00e3o do regulamento e de um belo desempenho dos advers\u00e1rios de nosso grupo, estamos dependendo de resultados de terceiros. \u00c9 claro\u201d, disse Abel.<\/p>\n\n\n\n<p>O Palmeiras soma 17 pontos e ocupa a terceira coloca\u00e7\u00e3o no Grupo D, atr\u00e1s de S\u00e3o Bernardo e Ponte Preta. O desempenho da equipe na competi\u00e7\u00e3o n\u00e3o \u00e9 ruim em compara\u00e7\u00e3o com outros times, mas a configura\u00e7\u00e3o dos grupos deixou o Verd\u00e3o em situa\u00e7\u00e3o complicada.<\/p>\n\n\n\n<p>\u201cSe fosse contar os pontos que temos, tirando o grupo do Corinthians, em todos daria para passar, menos no nosso. Se olharmos no que deve ser o futuro e pensar numa altera\u00e7\u00e3o, \u00e9 dar m\u00e9rito porque, neste momento, somos os quartos e estamos fora. Tirando o grupo do Corinthians, com 17 pontos ser\u00edamos l\u00edderes em todos os outros\u201d, afirmou o treinador.<\/p>\n\n\n\n<p>Al\u00e9m da dificuldade na classifica\u00e7\u00e3o, Abel Ferreira refor\u00e7ou a necessidade de um elenco mais profundo para enfrentar a longa temporada. O treinador ressaltou que sempre trabalhou com um grupo reduzido, mas que a situa\u00e7\u00e3o atual exige refor\u00e7os para manter a competitividade.<\/p>\n\n\n\n<p>\u201cDurante o ano v\u00e3o haver les\u00f5es e precisamos de um elenco um bocadinho mais profundo. Desde que eu cheguei, o elenco foi curto, mas n\u00e3o pode ser t\u00e3o curto como est\u00e1 agora\u201d, declarou.<\/p>\n\n\n\n<p>O treinador tamb\u00e9m fez quest\u00e3o de destacar seu hist\u00f3rico no trabalho com jogadores formados na base. Abel lembrou que, entre os principais clubes do pa\u00eds, \u00e9 quem mais aposta em jovens e que a diretoria tem consci\u00eancia das necessidades do time.<\/p>\n\n\n\n<p>\u201cSe h\u00e1 treinador que sabe o que \u00e9 forma\u00e7\u00e3o, sou eu. Se h\u00e1 treinador que sabe o que \u00e9 apostar na forma\u00e7\u00e3o, sou eu. O \u00fanico treinador dos cinco ou seis que est\u00e3o na frente e brigam por t\u00edtulos que aposta na base sou eu. Eu sei muito bem o que precisamos, a diretoria sabe bem o que precisamos. Em rela\u00e7\u00e3o a dificuldades ou n\u00e3o, n\u00e3o sou eu que possa dar essa resposta. S\u00e3o necessidades que temos e sei que o clube est\u00e1 fazendo esfor\u00e7o para que isso aconte\u00e7a. N\u00e3o vou me alongar em rela\u00e7\u00e3o a isso, \u00e9 repetir o que j\u00e1 foi dito\u201d, concluiu.<\/p>\n\n\n\n<p>O Palmeiras ainda tem duas partidas pela fase de grupos do Campeonato Paulista e precisa vencer para seguir com chances de classifica\u00e7\u00e3o. Enquanto isso, a diretoria continua buscando refor\u00e7os para atender \u00e0s demandas do treinador. <\/p>\n","protected":false},"excerpt":{"rendered":"<p>Abel Ferreira lamenta regulamento do Paulista e refor\u00e7a necessidade de elenco mais forte O t\u00e9cnico Abel Ferreira voltou a falar sobre a situa\u00e7\u00e3o do Palmeiras no Campeonato Paulista e destacou que, com a pontua\u00e7\u00e3o atual, o time estaria classificado em qualquer outro grupo. No entanto, devido ao regulamento da competi\u00e7\u00e3o e ao desempenho das equipes [&hellip;]<\/p>\n","protected":false},"author":17,"featured_media":157842,"comment_status":"open","ping_status":"closed","sticky":false,"template":"","format":"standard","meta":{"footnotes":""},"categories":[150],"tags":[],"class_list":["post-228638","post","type-post","status-publish","format-standard","has-post-thumbnail","hentry","category-palmeiras"],"yoast_head":"<!-- This site is optimized with the Yoast SEO Premium plugin v24.2 (Yoast SEO v26.9) - https:\/\/yoast.com\/product\/yoast-seo-premium-wordpress\/ -->\n<title>Abel Ferreira \u00e9 sincero sobre chances de classifica\u00e7\u00e3o no Campeonato Paulista<\/title>\n<meta name=\"robots\" content=\"index, follow, max-snippet:-1, max-image-preview:large, max-video-preview:-1\" \/>\n<link rel=\"canonical\" href=\"https:\/\/www.gaveanews.com\/index.php\/2025\/02\/16\/abel-ferreira-e-sincero-sobre-chances-de-classificacao-no-campeonato-paulista\/\" \/>\n<meta property=\"og:locale\" content=\"pt_BR\" \/>\n<meta property=\"og:type\" content=\"article\" \/>\n<meta property=\"og:title\" content=\"Abel Ferreira \u00e9 sincero sobre chances de classifica\u00e7\u00e3o no Campeonato Paulista\" \/>\n<meta property=\"og:description\" content=\"Abel Ferreira lamenta regulamento do Paulista e refor\u00e7a necessidade de elenco mais forte O t\u00e9cnico Abel Ferreira voltou a falar sobre a situa\u00e7\u00e3o do Palmeiras no Campeonato Paulista e destacou que, com a pontua\u00e7\u00e3o atual, o time estaria classificado em qualquer outro grupo. No entanto, devido ao regulamento da competi\u00e7\u00e3o e ao desempenho das equipes [&hellip;]\" \/>\n<meta property=\"og:url\" content=\"https:\/\/www.gaveanews.com\/index.php\/2025\/02\/16\/abel-ferreira-e-sincero-sobre-chances-de-classificacao-no-campeonato-paulista\/\" \/>\n<meta property=\"og:site_name\" content=\"G\u00e1vea News\" \/>\n<meta property=\"article:publisher\" content=\"https:\/\/facebook.com\/gaveaNews\/\" \/>\n<meta property=\"article:published_time\" content=\"2025-02-17T02:53:28+00:00\" \/>\n<meta property=\"article:modified_time\" content=\"2025-02-17T02:53:31+00:00\" \/>\n<meta property=\"og:image\" content=\"http:\/\/www.gaveanews.com\/wp-content\/uploads\/Abel-Ferreira-fazendo-anotacoes-apos-um-treino-do-Palmeiras.webp\" \/>\n\t<meta property=\"og:image:width\" content=\"1500\" \/>\n\t<meta property=\"og:image:height\" content=\"1500\" \/>\n\t<meta property=\"og:image:type\" content=\"image\/jpeg\" \/>\n<meta name=\"author\" content=\"Geovanna Thomaz\" \/>\n<meta name=\"twitter:card\" content=\"summary_large_image\" \/>\n<meta name=\"twitter:label1\" content=\"Escrito por\" \/>\n\t<meta name=\"twitter:data1\" content=\"Geovanna Thomaz\" \/>\n\t<meta name=\"twitter:label2\" content=\"Est. tempo de leitura\" \/>\n\t<meta name=\"twitter:data2\" content=\"3 minutos\" \/>\n<script type=\"application\/ld+json\" class=\"yoast-schema-graph\">{\"@context\":\"https:\/\/schema.org\",\"@graph\":[{\"@type\":\"NewsArticle\",\"@id\":\"https:\/\/www.gaveanews.com\/index.php\/2025\/02\/16\/abel-ferreira-e-sincero-sobre-chances-de-classificacao-no-campeonato-paulista\/#article\",\"isPartOf\":{\"@id\":\"https:\/\/www.gaveanews.com\/index.php\/2025\/02\/16\/abel-ferreira-e-sincero-sobre-chances-de-classificacao-no-campeonato-paulista\/\"},\"author\":{\"name\":\"Geovanna Thomaz\",\"@id\":\"https:\/\/www.gaveanews.com\/#\/schema\/person\/f42654babcd2b2014a1a65af82b081f1\"},\"headline\":\"Abel Ferreira \u00e9 sincero sobre chances de classifica\u00e7\u00e3o no Campeonato Paulista\",\"datePublished\":\"2025-02-17T02:53:28+00:00\",\"dateModified\":\"2025-02-17T02:53:31+00:00\",\"mainEntityOfPage\":{\"@id\":\"https:\/\/www.gaveanews.com\/index.php\/2025\/02\/16\/abel-ferreira-e-sincero-sobre-chances-de-classificacao-no-campeonato-paulista\/\"},\"wordCount\":523,\"commentCount\":0,\"image\":{\"@id\":\"https:\/\/www.gaveanews.com\/index.php\/2025\/02\/16\/abel-ferreira-e-sincero-sobre-chances-de-classificacao-no-campeonato-paulista\/#primaryimage\"},\"thumbnailUrl\":\"https:\/\/www.gaveanews.com\/wp-content\/uploads\/Abel-Ferreira-fazendo-anotacoes-apos-um-treino-do-Palmeiras.webp\",\"articleSection\":[\"Palmeiras\"],\"inLanguage\":\"pt-BR\",\"potentialAction\":[{\"@type\":\"CommentAction\",\"name\":\"Comment\",\"target\":[\"https:\/\/www.gaveanews.com\/index.php\/2025\/02\/16\/abel-ferreira-e-sincero-sobre-chances-de-classificacao-no-campeonato-paulista\/#respond\"]}],\"copyrightYear\":\"2025\",\"copyrightHolder\":{\"@id\":\"https:\/\/www.gaveanews.com\/#organization\"}},{\"@type\":\"WebPage\",\"@id\":\"https:\/\/www.gaveanews.com\/index.php\/2025\/02\/16\/abel-ferreira-e-sincero-sobre-chances-de-classificacao-no-campeonato-paulista\/\",\"url\":\"https:\/\/www.gaveanews.com\/index.php\/2025\/02\/16\/abel-ferreira-e-sincero-sobre-chances-de-classificacao-no-campeonato-paulista\/\",\"name\":\"Abel Ferreira \u00e9 sincero sobre chances de classifica\u00e7\u00e3o no Campeonato Paulista\",\"isPartOf\":{\"@id\":\"https:\/\/www.gaveanews.com\/#website\"},\"primaryImageOfPage\":{\"@id\":\"https:\/\/www.gaveanews.com\/index.php\/2025\/02\/16\/abel-ferreira-e-sincero-sobre-chances-de-classificacao-no-campeonato-paulista\/#primaryimage\"},\"image\":{\"@id\":\"https:\/\/www.gaveanews.com\/index.php\/2025\/02\/16\/abel-ferreira-e-sincero-sobre-chances-de-classificacao-no-campeonato-paulista\/#primaryimage\"},\"thumbnailUrl\":\"https:\/\/www.gaveanews.com\/wp-content\/uploads\/Abel-Ferreira-fazendo-anotacoes-apos-um-treino-do-Palmeiras.webp\",\"datePublished\":\"2025-02-17T02:53:28+00:00\",\"dateModified\":\"2025-02-17T02:53:31+00:00\",\"author\":{\"@id\":\"https:\/\/www.gaveanews.com\/#\/schema\/person\/f42654babcd2b2014a1a65af82b081f1\"},\"breadcrumb\":{\"@id\":\"https:\/\/www.gaveanews.com\/index.php\/2025\/02\/16\/abel-ferreira-e-sincero-sobre-chances-de-classificacao-no-campeonato-paulista\/#breadcrumb\"},\"inLanguage\":\"pt-BR\",\"potentialAction\":[{\"@type\":\"ReadAction\",\"target\":[\"https:\/\/www.gaveanews.com\/index.php\/2025\/02\/16\/abel-ferreira-e-sincero-sobre-chances-de-classificacao-no-campeonato-paulista\/\"]}]},{\"@type\":\"ImageObject\",\"inLanguage\":\"pt-BR\",\"@id\":\"https:\/\/www.gaveanews.com\/index.php\/2025\/02\/16\/abel-ferreira-e-sincero-sobre-chances-de-classificacao-no-campeonato-paulista\/#primaryimage\",\"url\":\"https:\/\/www.gaveanews.com\/wp-content\/uploads\/Abel-Ferreira-fazendo-anotacoes-apos-um-treino-do-Palmeiras.webp\",\"contentUrl\":\"https:\/\/www.gaveanews.com\/wp-content\/uploads\/Abel-Ferreira-fazendo-anotacoes-apos-um-treino-do-Palmeiras.webp\",\"width\":1500,\"height\":1500,\"caption\":\"Abel Ferreira fazendo anota\u00e7\u00f5es ap\u00f3s um treino do Palmeiras (Foto: Cesar Greco\/Palmeiras)\"},{\"@type\":\"BreadcrumbList\",\"@id\":\"https:\/\/www.gaveanews.com\/index.php\/2025\/02\/16\/abel-ferreira-e-sincero-sobre-chances-de-classificacao-no-campeonato-paulista\/#breadcrumb\",\"itemListElement\":[{\"@type\":\"ListItem\",\"position\":1,\"name\":\"Home\",\"item\":\"https:\/\/www.gaveanews.com\/\"},{\"@type\":\"ListItem\",\"position\":2,\"name\":\"Abel Ferreira \u00e9 sincero sobre chances de classifica\u00e7\u00e3o no Campeonato Paulista\"}]},{\"@type\":\"WebSite\",\"@id\":\"https:\/\/www.gaveanews.com\/#website\",\"url\":\"https:\/\/www.gaveanews.com\/\",\"name\":\"G\u00e1vea News\",\"description\":\"Veja todas as not\u00edcias sobre o Flamengo: Contrata\u00e7\u00f5es, categorias de base, resultados das partidas, tabela de classifica\u00e7\u00e3o, pr\u00f3ximos jogos!\",\"potentialAction\":[{\"@type\":\"SearchAction\",\"target\":{\"@type\":\"EntryPoint\",\"urlTemplate\":\"https:\/\/www.gaveanews.com\/?s={search_term_string}\"},\"query-input\":{\"@type\":\"PropertyValueSpecification\",\"valueRequired\":true,\"valueName\":\"search_term_string\"}}],\"inLanguage\":\"pt-BR\"},{\"@type\":\"Person\",\"@id\":\"https:\/\/www.gaveanews.com\/#\/schema\/person\/f42654babcd2b2014a1a65af82b081f1\",\"name\":\"Geovanna Thomaz\",\"image\":{\"@type\":\"ImageObject\",\"inLanguage\":\"pt-BR\",\"@id\":\"https:\/\/www.gaveanews.com\/#\/schema\/person\/image\/\",\"url\":\"https:\/\/secure.gravatar.com\/avatar\/4092073255489533afb558984b49b64268c47198af8623cc82a925ae9fb7118a?s=96&d=mm&r=g\",\"contentUrl\":\"https:\/\/secure.gravatar.com\/avatar\/4092073255489533afb558984b49b64268c47198af8623cc82a925ae9fb7118a?s=96&d=mm&r=g\",\"caption\":\"Geovanna Thomaz\"}}]}<\/script>\n<!-- \/ Yoast SEO Premium plugin. -->","yoast_head_json":{"title":"Abel Ferreira \u00e9 sincero sobre chances de classifica\u00e7\u00e3o no Campeonato Paulista","robots":{"index":"index","follow":"follow","max-snippet":"max-snippet:-1","max-image-preview":"max-image-preview:large","max-video-preview":"max-video-preview:-1"},"canonical":"https:\/\/www.gaveanews.com\/index.php\/2025\/02\/16\/abel-ferreira-e-sincero-sobre-chances-de-classificacao-no-campeonato-paulista\/","og_locale":"pt_BR","og_type":"article","og_title":"Abel Ferreira \u00e9 sincero sobre chances de classifica\u00e7\u00e3o no Campeonato Paulista","og_description":"Abel Ferreira lamenta regulamento do Paulista e refor\u00e7a necessidade de elenco mais forte O t\u00e9cnico Abel Ferreira voltou a falar sobre a situa\u00e7\u00e3o do Palmeiras no Campeonato Paulista e destacou que, com a pontua\u00e7\u00e3o atual, o time estaria classificado em qualquer outro grupo. No entanto, devido ao regulamento da competi\u00e7\u00e3o e ao desempenho das equipes [&hellip;]","og_url":"https:\/\/www.gaveanews.com\/index.php\/2025\/02\/16\/abel-ferreira-e-sincero-sobre-chances-de-classificacao-no-campeonato-paulista\/","og_site_name":"G\u00e1vea News","article_publisher":"https:\/\/facebook.com\/gaveaNews\/","article_published_time":"2025-02-17T02:53:28+00:00","article_modified_time":"2025-02-17T02:53:31+00:00","og_image":[{"width":1500,"height":1500,"url":"http:\/\/www.gaveanews.com\/wp-content\/uploads\/Abel-Ferreira-fazendo-anotacoes-apos-um-treino-do-Palmeiras.webp","type":"image\/jpeg"}],"author":"Geovanna Thomaz","twitter_card":"summary_large_image","twitter_misc":{"Escrito por":"Geovanna Thomaz","Est. tempo de leitura":"3 minutos"},"schema":{"@context":"https:\/\/schema.org","@graph":[{"@type":"NewsArticle","@id":"https:\/\/www.gaveanews.com\/index.php\/2025\/02\/16\/abel-ferreira-e-sincero-sobre-chances-de-classificacao-no-campeonato-paulista\/#article","isPartOf":{"@id":"https:\/\/www.gaveanews.com\/index.php\/2025\/02\/16\/abel-ferreira-e-sincero-sobre-chances-de-classificacao-no-campeonato-paulista\/"},"author":{"name":"Geovanna Thomaz","@id":"https:\/\/www.gaveanews.com\/#\/schema\/person\/f42654babcd2b2014a1a65af82b081f1"},"headline":"Abel Ferreira \u00e9 sincero sobre chances de classifica\u00e7\u00e3o no Campeonato Paulista","datePublished":"2025-02-17T02:53:28+00:00","dateModified":"2025-02-17T02:53:31+00:00","mainEntityOfPage":{"@id":"https:\/\/www.gaveanews.com\/index.php\/2025\/02\/16\/abel-ferreira-e-sincero-sobre-chances-de-classificacao-no-campeonato-paulista\/"},"wordCount":523,"commentCount":0,"image":{"@id":"https:\/\/www.gaveanews.com\/index.php\/2025\/02\/16\/abel-ferreira-e-sincero-sobre-chances-de-classificacao-no-campeonato-paulista\/#primaryimage"},"thumbnailUrl":"https:\/\/www.gaveanews.com\/wp-content\/uploads\/Abel-Ferreira-fazendo-anotacoes-apos-um-treino-do-Palmeiras.webp","articleSection":["Palmeiras"],"inLanguage":"pt-BR","potentialAction":[{"@type":"CommentAction","name":"Comment","target":["https:\/\/www.gaveanews.com\/index.php\/2025\/02\/16\/abel-ferreira-e-sincero-sobre-chances-de-classificacao-no-campeonato-paulista\/#respond"]}],"copyrightYear":"2025","copyrightHolder":{"@id":"https:\/\/www.gaveanews.com\/#organization"}},{"@type":"WebPage","@id":"https:\/\/www.gaveanews.com\/index.php\/2025\/02\/16\/abel-ferreira-e-sincero-sobre-chances-de-classificacao-no-campeonato-paulista\/","url":"https:\/\/www.gaveanews.com\/index.php\/2025\/02\/16\/abel-ferreira-e-sincero-sobre-chances-de-classificacao-no-campeonato-paulista\/","name":"Abel Ferreira \u00e9 sincero sobre chances de classifica\u00e7\u00e3o no Campeonato Paulista","isPartOf":{"@id":"https:\/\/www.gaveanews.com\/#website"},"primaryImageOfPage":{"@id":"https:\/\/www.gaveanews.com\/index.php\/2025\/02\/16\/abel-ferreira-e-sincero-sobre-chances-de-classificacao-no-campeonato-paulista\/#primaryimage"},"image":{"@id":"https:\/\/www.gaveanews.com\/index.php\/2025\/02\/16\/abel-ferreira-e-sincero-sobre-chances-de-classificacao-no-campeonato-paulista\/#primaryimage"},"thumbnailUrl":"https:\/\/www.gaveanews.com\/wp-content\/uploads\/Abel-Ferreira-fazendo-anotacoes-apos-um-treino-do-Palmeiras.webp","datePublished":"2025-02-17T02:53:28+00:00","dateModified":"2025-02-17T02:53:31+00:00","author":{"@id":"https:\/\/www.gaveanews.com\/#\/schema\/person\/f42654babcd2b2014a1a65af82b081f1"},"breadcrumb":{"@id":"https:\/\/www.gaveanews.com\/index.php\/2025\/02\/16\/abel-ferreira-e-sincero-sobre-chances-de-classificacao-no-campeonato-paulista\/#breadcrumb"},"inLanguage":"pt-BR","potentialAction":[{"@type":"ReadAction","target":["https:\/\/www.gaveanews.com\/index.php\/2025\/02\/16\/abel-ferreira-e-sincero-sobre-chances-de-classificacao-no-campeonato-paulista\/"]}]},{"@type":"ImageObject","inLanguage":"pt-BR","@id":"https:\/\/www.gaveanews.com\/index.php\/2025\/02\/16\/abel-ferreira-e-sincero-sobre-chances-de-classificacao-no-campeonato-paulista\/#primaryimage","url":"https:\/\/www.gaveanews.com\/wp-content\/uploads\/Abel-Ferreira-fazendo-anotacoes-apos-um-treino-do-Palmeiras.webp","contentUrl":"https:\/\/www.gaveanews.com\/wp-content\/uploads\/Abel-Ferreira-fazendo-anotacoes-apos-um-treino-do-Palmeiras.webp","width":1500,"height":1500,"caption":"Abel Ferreira fazendo anota\u00e7\u00f5es ap\u00f3s um treino do Palmeiras (Foto: Cesar Greco\/Palmeiras)"},{"@type":"BreadcrumbList","@id":"https:\/\/www.gaveanews.com\/index.php\/2025\/02\/16\/abel-ferreira-e-sincero-sobre-chances-de-classificacao-no-campeonato-paulista\/#breadcrumb","itemListElement":[{"@type":"ListItem","position":1,"name":"Home","item":"https:\/\/www.gaveanews.com\/"},{"@type":"ListItem","position":2,"name":"Abel Ferreira \u00e9 sincero sobre chances de classifica\u00e7\u00e3o no Campeonato Paulista"}]},{"@type":"WebSite","@id":"https:\/\/www.gaveanews.com\/#website","url":"https:\/\/www.gaveanews.com\/","name":"G\u00e1vea News","description":"Veja todas as not\u00edcias sobre o Flamengo: Contrata\u00e7\u00f5es, categorias de base, resultados das partidas, tabela de classifica\u00e7\u00e3o, pr\u00f3ximos jogos!","potentialAction":[{"@type":"SearchAction","target":{"@type":"EntryPoint","urlTemplate":"https:\/\/www.gaveanews.com\/?s={search_term_string}"},"query-input":{"@type":"PropertyValueSpecification","valueRequired":true,"valueName":"search_term_string"}}],"inLanguage":"pt-BR"},{"@type":"Person","@id":"https:\/\/www.gaveanews.com\/#\/schema\/person\/f42654babcd2b2014a1a65af82b081f1","name":"Geovanna Thomaz","image":{"@type":"ImageObject","inLanguage":"pt-BR","@id":"https:\/\/www.gaveanews.com\/#\/schema\/person\/image\/","url":"https:\/\/secure.gravatar.com\/avatar\/4092073255489533afb558984b49b64268c47198af8623cc82a925ae9fb7118a?s=96&d=mm&r=g","contentUrl":"https:\/\/secure.gravatar.com\/avatar\/4092073255489533afb558984b49b64268c47198af8623cc82a925ae9fb7118a?s=96&d=mm&r=g","caption":"Geovanna Thomaz"}}]}},"_links":{"self":[{"href":"https:\/\/www.gaveanews.com\/index.php\/wp-json\/wp\/v2\/posts\/228638","targetHints":{"allow":["GET"]}}],"collection":[{"href":"https:\/\/www.gaveanews.com\/index.php\/wp-json\/wp\/v2\/posts"}],"about":[{"href":"https:\/\/www.gaveanews.com\/index.php\/wp-json\/wp\/v2\/types\/post"}],"author":[{"embeddable":true,"href":"https:\/\/www.gaveanews.com\/index.php\/wp-json\/wp\/v2\/users\/17"}],"replies":[{"embeddable":true,"href":"https:\/\/www.gaveanews.com\/index.php\/wp-json\/wp\/v2\/comments?post=228638"}],"version-history":[{"count":1,"href":"https:\/\/www.gaveanews.com\/index.php\/wp-json\/wp\/v2\/posts\/228638\/revisions"}],"predecessor-version":[{"id":228639,"href":"https:\/\/www.gaveanews.com\/index.php\/wp-json\/wp\/v2\/posts\/228638\/revisions\/228639"}],"wp:featuredmedia":[{"embeddable":true,"href":"https:\/\/www.gaveanews.com\/index.php\/wp-json\/wp\/v2\/media\/157842"}],"wp:attachment":[{"href":"https:\/\/www.gaveanews.com\/index.php\/wp-json\/wp\/v2\/media?parent=228638"}],"wp:term":[{"taxonomy":"category","embeddable":true,"href":"https:\/\/www.gaveanews.com\/index.php\/wp-json\/wp\/v2\/categories?post=228638"},{"taxonomy":"post_tag","embeddable":true,"href":"https:\/\/www.gaveanews.com\/index.php\/wp-json\/wp\/v2\/tags?post=228638"}],"curies":[{"name":"wp","href":"https:\/\/api.w.org\/{rel}","templated":true}]}}