{"id":228757,"date":"2025-02-17T22:45:00","date_gmt":"2025-02-18T01:45:00","guid":{"rendered":"https:\/\/www.gaveanews.com\/?p=228757"},"modified":"2025-02-17T21:48:25","modified_gmt":"2025-02-18T00:48:25","slug":"ele-deixou-a-espn-para-trabalhar-ao-lado-de-galvao-bueno","status":"publish","type":"post","link":"https:\/\/www.gaveanews.com\/index.php\/2025\/02\/17\/ele-deixou-a-espn-para-trabalhar-ao-lado-de-galvao-bueno\/","title":{"rendered":"Ele deixou a ESPN para trabalhar ao lado de Galv\u00e3o Bueno"},"content":{"rendered":"\n<p>Mauro Naves, um dos comentaristas mais respeitados no jornalismo esportivo, acaba de assinar contrato com o Prime Video para ser parte da equipe de transmiss\u00e3o das competi\u00e7\u00f5es de futebol 2025.&nbsp;<\/p>\n\n\n\n<p>O comentarista, que recentemente deixou a ESPN, agora tem a miss\u00e3o de analisar os jogos da Copa do Brasil e do Campeonato Brasileiro ao lado de Galv\u00e3o Bueno e outros grandes nomes do esporte.&nbsp;<\/p>\n\n\n\n<p>O contrato de dois anos reflete a crescente aposta do Prime Video em qualificar sua cobertura de futebol, garantindo uma transmiss\u00e3o de alto n\u00edvel para seus assinantes.<\/p>\n\n\n\n<h2 class=\"wp-block-heading\" id=\"h-retorno-ao-lado-de-galvao-bueno\">Retorno ao lado de Galv\u00e3o Bueno<\/h2>\n\n\n\n<p>A decis\u00e3o de Naves de deixar a ESPN para se unir ao time do Prime Video \u00e9, sem d\u00favida, uma movimenta\u00e7\u00e3o estrat\u00e9gica. Isso porque o comentarista ter\u00e1 a oportunidade de trabalhar com Galv\u00e3o Bueno, um dos maiores nomes da narra\u00e7\u00e3o esportiva brasileira.&nbsp;<\/p>\n\n\n\n<p>Al\u00e9m disso, a presen\u00e7a de Naves no Prime Video refor\u00e7a ainda mais a qualidade do conte\u00fado oferecido pela plataforma, que se destaca pela sua cobertura aprofundada e pela an\u00e1lise precisa dos jogos.<\/p>\n\n\n\n<h2 class=\"wp-block-heading\" id=\"h-por-que-a-escolha-por-mauro-naves\">Por que a escolha por Mauro Naves?<\/h2>\n\n\n\n<p>Naves, com sua vasta experi\u00eancia no jornalismo esportivo, \u00e9 conhecido pela profundidade das suas an\u00e1lises e pela maneira \u00fanica com que comenta as partidas. Ao longo de sua carreira, ele conquistou a confian\u00e7a do p\u00fablico por sua postura imparcial e pela maneira clara de explicar os lances decisivos.&nbsp;<\/p>\n\n\n\n<p>Sendo assim, a contrata\u00e7\u00e3o de Naves \u00e9 um passo importante para o Prime Video, que visa oferecer uma cobertura ainda mais profissional e completa para seus espectadores.<\/p>\n\n\n\n<h2 class=\"wp-block-heading\" id=\"h-reformulacao-na-prime-video\">Reformula\u00e7\u00e3o na Prime Video<\/h2>\n\n\n\n<p>Com isso, o Prime Video entra com um time de comentaristas experientes para a temporada 2025, incluindo nomes como Galv\u00e3o Bueno, R\u00f4mulo Mendon\u00e7a, Rafael Oliveira e Luana Maluf.&nbsp;<\/p>\n\n\n\n<p>Dessa maneira, os jogos da Copa do Brasil e do Campeonato Brasileiro prometem ser ainda mais emocionantes e comentados de forma detalhada e precisa. Vale destacar que a escolha de Mauro Naves para esta jornada de futebol traz uma nova perspectiva para os assinantes da plataforma, que podem esperar uma cobertura enriquecida e de alta qualidade durante toda a temporada.<\/p>\n","protected":false},"excerpt":{"rendered":"<p>Mauro Naves, um dos comentaristas mais respeitados no jornalismo esportivo, acaba de assinar contrato com o Prime Video para ser parte da equipe de transmiss\u00e3o das competi\u00e7\u00f5es de futebol 2025.&nbsp; O comentarista, que recentemente deixou a ESPN, agora tem a miss\u00e3o de analisar os jogos da Copa do Brasil e do Campeonato Brasileiro ao lado [&hellip;]<\/p>\n","protected":false},"author":25,"featured_media":96144,"comment_status":"open","ping_status":"closed","sticky":false,"template":"","format":"standard","meta":{"footnotes":""},"categories":[81],"tags":[],"class_list":["post-228757","post","type-post","status-publish","format-standard","has-post-thumbnail","hentry","category-celebridades"],"yoast_head":"<!-- This site is optimized with the Yoast SEO Premium plugin v24.2 (Yoast SEO v26.9) - https:\/\/yoast.com\/product\/yoast-seo-premium-wordpress\/ -->\n<title>Ele deixou a ESPN para trabalhar ao lado de Galv\u00e3o Bueno<\/title>\n<meta name=\"robots\" content=\"index, follow, max-snippet:-1, max-image-preview:large, max-video-preview:-1\" \/>\n<link rel=\"canonical\" href=\"https:\/\/www.gaveanews.com\/index.php\/2025\/02\/17\/ele-deixou-a-espn-para-trabalhar-ao-lado-de-galvao-bueno\/\" \/>\n<meta property=\"og:locale\" content=\"pt_BR\" \/>\n<meta property=\"og:type\" content=\"article\" \/>\n<meta property=\"og:title\" content=\"Ele deixou a ESPN para trabalhar ao lado de Galv\u00e3o Bueno\" \/>\n<meta property=\"og:description\" content=\"Mauro Naves, um dos comentaristas mais respeitados no jornalismo esportivo, acaba de assinar contrato com o Prime Video para ser parte da equipe de transmiss\u00e3o das competi\u00e7\u00f5es de futebol 2025.&nbsp; O comentarista, que recentemente deixou a ESPN, agora tem a miss\u00e3o de analisar os jogos da Copa do Brasil e do Campeonato Brasileiro ao lado [&hellip;]\" \/>\n<meta property=\"og:url\" content=\"https:\/\/www.gaveanews.com\/index.php\/2025\/02\/17\/ele-deixou-a-espn-para-trabalhar-ao-lado-de-galvao-bueno\/\" \/>\n<meta property=\"og:site_name\" content=\"G\u00e1vea News\" \/>\n<meta property=\"article:publisher\" content=\"https:\/\/facebook.com\/gaveaNews\/\" \/>\n<meta property=\"article:published_time\" content=\"2025-02-18T01:45:00+00:00\" \/>\n<meta property=\"og:image\" content=\"https:\/\/www.gaveanews.com\/wp-content\/uploads\/Galvao-Bueno-canal-YouTube.webp\" \/>\n\t<meta property=\"og:image:width\" content=\"846\" \/>\n\t<meta property=\"og:image:height\" content=\"577\" \/>\n\t<meta property=\"og:image:type\" content=\"image\/png\" \/>\n<meta name=\"author\" content=\"Rafaela Ladeira\" \/>\n<meta name=\"twitter:card\" content=\"summary_large_image\" \/>\n<meta name=\"twitter:label1\" content=\"Escrito por\" \/>\n\t<meta name=\"twitter:data1\" content=\"Rafaela Ladeira\" \/>\n\t<meta name=\"twitter:label2\" content=\"Est. tempo de leitura\" \/>\n\t<meta name=\"twitter:data2\" content=\"3 minutos\" \/>\n<script type=\"application\/ld+json\" class=\"yoast-schema-graph\">{\"@context\":\"https:\/\/schema.org\",\"@graph\":[{\"@type\":\"NewsArticle\",\"@id\":\"https:\/\/www.gaveanews.com\/index.php\/2025\/02\/17\/ele-deixou-a-espn-para-trabalhar-ao-lado-de-galvao-bueno\/#article\",\"isPartOf\":{\"@id\":\"https:\/\/www.gaveanews.com\/index.php\/2025\/02\/17\/ele-deixou-a-espn-para-trabalhar-ao-lado-de-galvao-bueno\/\"},\"author\":{\"name\":\"Rafaela Ladeira\",\"@id\":\"https:\/\/www.gaveanews.com\/#\/schema\/person\/0eb3e3fe1754f0205218538adbe8f5ed\"},\"headline\":\"Ele deixou a ESPN para trabalhar ao lado de Galv\u00e3o Bueno\",\"datePublished\":\"2025-02-18T01:45:00+00:00\",\"mainEntityOfPage\":{\"@id\":\"https:\/\/www.gaveanews.com\/index.php\/2025\/02\/17\/ele-deixou-a-espn-para-trabalhar-ao-lado-de-galvao-bueno\/\"},\"wordCount\":384,\"commentCount\":0,\"image\":{\"@id\":\"https:\/\/www.gaveanews.com\/index.php\/2025\/02\/17\/ele-deixou-a-espn-para-trabalhar-ao-lado-de-galvao-bueno\/#primaryimage\"},\"thumbnailUrl\":\"https:\/\/www.gaveanews.com\/wp-content\/uploads\/Galvao-Bueno-canal-YouTube.webp\",\"articleSection\":[\"Celebridades\"],\"inLanguage\":\"pt-BR\",\"potentialAction\":[{\"@type\":\"CommentAction\",\"name\":\"Comment\",\"target\":[\"https:\/\/www.gaveanews.com\/index.php\/2025\/02\/17\/ele-deixou-a-espn-para-trabalhar-ao-lado-de-galvao-bueno\/#respond\"]}],\"copyrightYear\":\"2025\",\"copyrightHolder\":{\"@id\":\"https:\/\/www.gaveanews.com\/#organization\"}},{\"@type\":\"WebPage\",\"@id\":\"https:\/\/www.gaveanews.com\/index.php\/2025\/02\/17\/ele-deixou-a-espn-para-trabalhar-ao-lado-de-galvao-bueno\/\",\"url\":\"https:\/\/www.gaveanews.com\/index.php\/2025\/02\/17\/ele-deixou-a-espn-para-trabalhar-ao-lado-de-galvao-bueno\/\",\"name\":\"Ele deixou a ESPN para trabalhar ao lado de Galv\u00e3o Bueno\",\"isPartOf\":{\"@id\":\"https:\/\/www.gaveanews.com\/#website\"},\"primaryImageOfPage\":{\"@id\":\"https:\/\/www.gaveanews.com\/index.php\/2025\/02\/17\/ele-deixou-a-espn-para-trabalhar-ao-lado-de-galvao-bueno\/#primaryimage\"},\"image\":{\"@id\":\"https:\/\/www.gaveanews.com\/index.php\/2025\/02\/17\/ele-deixou-a-espn-para-trabalhar-ao-lado-de-galvao-bueno\/#primaryimage\"},\"thumbnailUrl\":\"https:\/\/www.gaveanews.com\/wp-content\/uploads\/Galvao-Bueno-canal-YouTube.webp\",\"datePublished\":\"2025-02-18T01:45:00+00:00\",\"author\":{\"@id\":\"https:\/\/www.gaveanews.com\/#\/schema\/person\/0eb3e3fe1754f0205218538adbe8f5ed\"},\"breadcrumb\":{\"@id\":\"https:\/\/www.gaveanews.com\/index.php\/2025\/02\/17\/ele-deixou-a-espn-para-trabalhar-ao-lado-de-galvao-bueno\/#breadcrumb\"},\"inLanguage\":\"pt-BR\",\"potentialAction\":[{\"@type\":\"ReadAction\",\"target\":[\"https:\/\/www.gaveanews.com\/index.php\/2025\/02\/17\/ele-deixou-a-espn-para-trabalhar-ao-lado-de-galvao-bueno\/\"]}]},{\"@type\":\"ImageObject\",\"inLanguage\":\"pt-BR\",\"@id\":\"https:\/\/www.gaveanews.com\/index.php\/2025\/02\/17\/ele-deixou-a-espn-para-trabalhar-ao-lado-de-galvao-bueno\/#primaryimage\",\"url\":\"https:\/\/www.gaveanews.com\/wp-content\/uploads\/Galvao-Bueno-canal-YouTube.webp\",\"contentUrl\":\"https:\/\/www.gaveanews.com\/wp-content\/uploads\/Galvao-Bueno-canal-YouTube.webp\",\"width\":846,\"height\":577,\"caption\":\"Galv\u00e3o Bueno (Foto: Divulga\u00e7\u00e3o)\"},{\"@type\":\"BreadcrumbList\",\"@id\":\"https:\/\/www.gaveanews.com\/index.php\/2025\/02\/17\/ele-deixou-a-espn-para-trabalhar-ao-lado-de-galvao-bueno\/#breadcrumb\",\"itemListElement\":[{\"@type\":\"ListItem\",\"position\":1,\"name\":\"Home\",\"item\":\"https:\/\/www.gaveanews.com\/\"},{\"@type\":\"ListItem\",\"position\":2,\"name\":\"Ele deixou a ESPN para trabalhar ao lado de Galv\u00e3o Bueno\"}]},{\"@type\":\"WebSite\",\"@id\":\"https:\/\/www.gaveanews.com\/#website\",\"url\":\"https:\/\/www.gaveanews.com\/\",\"name\":\"G\u00e1vea News\",\"description\":\"Veja todas as not\u00edcias sobre o Flamengo: Contrata\u00e7\u00f5es, categorias de base, resultados das partidas, tabela de classifica\u00e7\u00e3o, pr\u00f3ximos jogos!\",\"potentialAction\":[{\"@type\":\"SearchAction\",\"target\":{\"@type\":\"EntryPoint\",\"urlTemplate\":\"https:\/\/www.gaveanews.com\/?s={search_term_string}\"},\"query-input\":{\"@type\":\"PropertyValueSpecification\",\"valueRequired\":true,\"valueName\":\"search_term_string\"}}],\"inLanguage\":\"pt-BR\"},{\"@type\":\"Person\",\"@id\":\"https:\/\/www.gaveanews.com\/#\/schema\/person\/0eb3e3fe1754f0205218538adbe8f5ed\",\"name\":\"Rafaela Ladeira\",\"image\":{\"@type\":\"ImageObject\",\"inLanguage\":\"pt-BR\",\"@id\":\"https:\/\/www.gaveanews.com\/#\/schema\/person\/image\/\",\"url\":\"https:\/\/secure.gravatar.com\/avatar\/c31f513acffd85eacab5730cbdfdbbf59f21ba5aeada8cd890acea879fbb2455?s=96&d=mm&r=g\",\"contentUrl\":\"https:\/\/secure.gravatar.com\/avatar\/c31f513acffd85eacab5730cbdfdbbf59f21ba5aeada8cd890acea879fbb2455?s=96&d=mm&r=g\",\"caption\":\"Rafaela Ladeira\"}}]}<\/script>\n<!-- \/ Yoast SEO Premium plugin. -->","yoast_head_json":{"title":"Ele deixou a ESPN para trabalhar ao lado de Galv\u00e3o Bueno","robots":{"index":"index","follow":"follow","max-snippet":"max-snippet:-1","max-image-preview":"max-image-preview:large","max-video-preview":"max-video-preview:-1"},"canonical":"https:\/\/www.gaveanews.com\/index.php\/2025\/02\/17\/ele-deixou-a-espn-para-trabalhar-ao-lado-de-galvao-bueno\/","og_locale":"pt_BR","og_type":"article","og_title":"Ele deixou a ESPN para trabalhar ao lado de Galv\u00e3o Bueno","og_description":"Mauro Naves, um dos comentaristas mais respeitados no jornalismo esportivo, acaba de assinar contrato com o Prime Video para ser parte da equipe de transmiss\u00e3o das competi\u00e7\u00f5es de futebol 2025.&nbsp; O comentarista, que recentemente deixou a ESPN, agora tem a miss\u00e3o de analisar os jogos da Copa do Brasil e do Campeonato Brasileiro ao lado [&hellip;]","og_url":"https:\/\/www.gaveanews.com\/index.php\/2025\/02\/17\/ele-deixou-a-espn-para-trabalhar-ao-lado-de-galvao-bueno\/","og_site_name":"G\u00e1vea News","article_publisher":"https:\/\/facebook.com\/gaveaNews\/","article_published_time":"2025-02-18T01:45:00+00:00","og_image":[{"width":846,"height":577,"url":"https:\/\/www.gaveanews.com\/wp-content\/uploads\/Galvao-Bueno-canal-YouTube.webp","type":"image\/png"}],"author":"Rafaela Ladeira","twitter_card":"summary_large_image","twitter_misc":{"Escrito por":"Rafaela Ladeira","Est. tempo de leitura":"3 minutos"},"schema":{"@context":"https:\/\/schema.org","@graph":[{"@type":"NewsArticle","@id":"https:\/\/www.gaveanews.com\/index.php\/2025\/02\/17\/ele-deixou-a-espn-para-trabalhar-ao-lado-de-galvao-bueno\/#article","isPartOf":{"@id":"https:\/\/www.gaveanews.com\/index.php\/2025\/02\/17\/ele-deixou-a-espn-para-trabalhar-ao-lado-de-galvao-bueno\/"},"author":{"name":"Rafaela Ladeira","@id":"https:\/\/www.gaveanews.com\/#\/schema\/person\/0eb3e3fe1754f0205218538adbe8f5ed"},"headline":"Ele deixou a ESPN para trabalhar ao lado de Galv\u00e3o Bueno","datePublished":"2025-02-18T01:45:00+00:00","mainEntityOfPage":{"@id":"https:\/\/www.gaveanews.com\/index.php\/2025\/02\/17\/ele-deixou-a-espn-para-trabalhar-ao-lado-de-galvao-bueno\/"},"wordCount":384,"commentCount":0,"image":{"@id":"https:\/\/www.gaveanews.com\/index.php\/2025\/02\/17\/ele-deixou-a-espn-para-trabalhar-ao-lado-de-galvao-bueno\/#primaryimage"},"thumbnailUrl":"https:\/\/www.gaveanews.com\/wp-content\/uploads\/Galvao-Bueno-canal-YouTube.webp","articleSection":["Celebridades"],"inLanguage":"pt-BR","potentialAction":[{"@type":"CommentAction","name":"Comment","target":["https:\/\/www.gaveanews.com\/index.php\/2025\/02\/17\/ele-deixou-a-espn-para-trabalhar-ao-lado-de-galvao-bueno\/#respond"]}],"copyrightYear":"2025","copyrightHolder":{"@id":"https:\/\/www.gaveanews.com\/#organization"}},{"@type":"WebPage","@id":"https:\/\/www.gaveanews.com\/index.php\/2025\/02\/17\/ele-deixou-a-espn-para-trabalhar-ao-lado-de-galvao-bueno\/","url":"https:\/\/www.gaveanews.com\/index.php\/2025\/02\/17\/ele-deixou-a-espn-para-trabalhar-ao-lado-de-galvao-bueno\/","name":"Ele deixou a ESPN para trabalhar ao lado de Galv\u00e3o Bueno","isPartOf":{"@id":"https:\/\/www.gaveanews.com\/#website"},"primaryImageOfPage":{"@id":"https:\/\/www.gaveanews.com\/index.php\/2025\/02\/17\/ele-deixou-a-espn-para-trabalhar-ao-lado-de-galvao-bueno\/#primaryimage"},"image":{"@id":"https:\/\/www.gaveanews.com\/index.php\/2025\/02\/17\/ele-deixou-a-espn-para-trabalhar-ao-lado-de-galvao-bueno\/#primaryimage"},"thumbnailUrl":"https:\/\/www.gaveanews.com\/wp-content\/uploads\/Galvao-Bueno-canal-YouTube.webp","datePublished":"2025-02-18T01:45:00+00:00","author":{"@id":"https:\/\/www.gaveanews.com\/#\/schema\/person\/0eb3e3fe1754f0205218538adbe8f5ed"},"breadcrumb":{"@id":"https:\/\/www.gaveanews.com\/index.php\/2025\/02\/17\/ele-deixou-a-espn-para-trabalhar-ao-lado-de-galvao-bueno\/#breadcrumb"},"inLanguage":"pt-BR","potentialAction":[{"@type":"ReadAction","target":["https:\/\/www.gaveanews.com\/index.php\/2025\/02\/17\/ele-deixou-a-espn-para-trabalhar-ao-lado-de-galvao-bueno\/"]}]},{"@type":"ImageObject","inLanguage":"pt-BR","@id":"https:\/\/www.gaveanews.com\/index.php\/2025\/02\/17\/ele-deixou-a-espn-para-trabalhar-ao-lado-de-galvao-bueno\/#primaryimage","url":"https:\/\/www.gaveanews.com\/wp-content\/uploads\/Galvao-Bueno-canal-YouTube.webp","contentUrl":"https:\/\/www.gaveanews.com\/wp-content\/uploads\/Galvao-Bueno-canal-YouTube.webp","width":846,"height":577,"caption":"Galv\u00e3o Bueno (Foto: Divulga\u00e7\u00e3o)"},{"@type":"BreadcrumbList","@id":"https:\/\/www.gaveanews.com\/index.php\/2025\/02\/17\/ele-deixou-a-espn-para-trabalhar-ao-lado-de-galvao-bueno\/#breadcrumb","itemListElement":[{"@type":"ListItem","position":1,"name":"Home","item":"https:\/\/www.gaveanews.com\/"},{"@type":"ListItem","position":2,"name":"Ele deixou a ESPN para trabalhar ao lado de Galv\u00e3o Bueno"}]},{"@type":"WebSite","@id":"https:\/\/www.gaveanews.com\/#website","url":"https:\/\/www.gaveanews.com\/","name":"G\u00e1vea News","description":"Veja todas as not\u00edcias sobre o Flamengo: Contrata\u00e7\u00f5es, categorias de base, resultados das partidas, tabela de classifica\u00e7\u00e3o, pr\u00f3ximos jogos!","potentialAction":[{"@type":"SearchAction","target":{"@type":"EntryPoint","urlTemplate":"https:\/\/www.gaveanews.com\/?s={search_term_string}"},"query-input":{"@type":"PropertyValueSpecification","valueRequired":true,"valueName":"search_term_string"}}],"inLanguage":"pt-BR"},{"@type":"Person","@id":"https:\/\/www.gaveanews.com\/#\/schema\/person\/0eb3e3fe1754f0205218538adbe8f5ed","name":"Rafaela Ladeira","image":{"@type":"ImageObject","inLanguage":"pt-BR","@id":"https:\/\/www.gaveanews.com\/#\/schema\/person\/image\/","url":"https:\/\/secure.gravatar.com\/avatar\/c31f513acffd85eacab5730cbdfdbbf59f21ba5aeada8cd890acea879fbb2455?s=96&d=mm&r=g","contentUrl":"https:\/\/secure.gravatar.com\/avatar\/c31f513acffd85eacab5730cbdfdbbf59f21ba5aeada8cd890acea879fbb2455?s=96&d=mm&r=g","caption":"Rafaela Ladeira"}}]}},"_links":{"self":[{"href":"https:\/\/www.gaveanews.com\/index.php\/wp-json\/wp\/v2\/posts\/228757","targetHints":{"allow":["GET"]}}],"collection":[{"href":"https:\/\/www.gaveanews.com\/index.php\/wp-json\/wp\/v2\/posts"}],"about":[{"href":"https:\/\/www.gaveanews.com\/index.php\/wp-json\/wp\/v2\/types\/post"}],"author":[{"embeddable":true,"href":"https:\/\/www.gaveanews.com\/index.php\/wp-json\/wp\/v2\/users\/25"}],"replies":[{"embeddable":true,"href":"https:\/\/www.gaveanews.com\/index.php\/wp-json\/wp\/v2\/comments?post=228757"}],"version-history":[{"count":1,"href":"https:\/\/www.gaveanews.com\/index.php\/wp-json\/wp\/v2\/posts\/228757\/revisions"}],"predecessor-version":[{"id":228760,"href":"https:\/\/www.gaveanews.com\/index.php\/wp-json\/wp\/v2\/posts\/228757\/revisions\/228760"}],"wp:featuredmedia":[{"embeddable":true,"href":"https:\/\/www.gaveanews.com\/index.php\/wp-json\/wp\/v2\/media\/96144"}],"wp:attachment":[{"href":"https:\/\/www.gaveanews.com\/index.php\/wp-json\/wp\/v2\/media?parent=228757"}],"wp:term":[{"taxonomy":"category","embeddable":true,"href":"https:\/\/www.gaveanews.com\/index.php\/wp-json\/wp\/v2\/categories?post=228757"},{"taxonomy":"post_tag","embeddable":true,"href":"https:\/\/www.gaveanews.com\/index.php\/wp-json\/wp\/v2\/tags?post=228757"}],"curies":[{"name":"wp","href":"https:\/\/api.w.org\/{rel}","templated":true}]}}