{"id":228780,"date":"2025-02-17T22:25:00","date_gmt":"2025-02-18T01:25:00","guid":{"rendered":"https:\/\/www.gaveanews.com\/?p=228780"},"modified":"2025-02-17T21:47:05","modified_gmt":"2025-02-18T00:47:05","slug":"ele-pediu-para-o-real-madrid-contratar-mbappe","status":"publish","type":"post","link":"https:\/\/www.gaveanews.com\/index.php\/2025\/02\/17\/ele-pediu-para-o-real-madrid-contratar-mbappe\/","title":{"rendered":"Ele pediu para o Real Madrid contratar Mbapp\u00e9"},"content":{"rendered":"\n<p>O volante brasileiro Casemiro revelou que fez um pedido direto ao presidente do Real Madrid, Florentino P\u00e9rez, antes de sua sa\u00edda para o Manchester United. O jogador insistiu na contrata\u00e7\u00e3o do atacante franc\u00eas Kylian Mbapp\u00e9 ap\u00f3s enfrent\u00e1-lo em partidas decisivas da Liga dos Campe\u00f5es. <\/p>\n\n\n\n<p>Durante entrevista ao jornal espanhol Marca, Casemiro declarou: \u201cFalei com o presidente: \u2018Assine com ele. \u00c9 imposs\u00edvel par\u00e1-lo.\u2019 Ele \u00e9 um daqueles jogadores que, quando voc\u00ea o enfrenta, n\u00e3o sabe como det\u00ea-lo\u201d.<\/p>\n\n\n\n<h2 class=\"wp-block-heading\" id=\"h-impressoes-marcantes-no-confronto-direto\">Impress\u00f5es marcantes no confronto direto<\/h2>\n\n\n\n<p>Casemiro destacou a dificuldade em conter Mbapp\u00e9 durante os duelos entre PSG e Real Madrid. Em quatro encontros pela Liga dos Campe\u00f5es, o franc\u00eas deixou marcas significativas. <\/p>\n\n\n\n<p>Em 2018, o Real Madrid eliminou o PSG nas oitavas de final sem sofrer gols do atacante, mas em 2019, Mbapp\u00e9 anotou no empate por 2 a 2 na fase de grupos. J\u00e1 em 2022, o jogador franc\u00eas marcou o gol da vit\u00f3ria por 1 a 0 do PSG no jogo de ida das oitavas, embora o time espanhol tenha revertido a vantagem na partida de volta.<\/p>\n\n\n\n<p>Al\u00e9m disso, Casemiro ressaltou as qualidades excepcionais de Mbapp\u00e9. \u201cMeu primeiro encontro com ele foi em Paris, no Parque dos Pr\u00edncipes. Ele fez tudo conosco. Perdemos por 1 a 0 com um gol dele, mas foi uma loucura. Ele \u00e9 o tipo de jogador que ficar\u00e1 marcado na hist\u00f3ria do futebol. N\u00e3o podemos pedir para sempre tirar nota 9. Mas ele nunca fica abaixo de 7,5 ou 8\u201d, afirmou o brasileiro.<\/p>\n\n\n\n<p>Embora o pedido de Casemiro tenha sido recebido com aten\u00e7\u00e3o pelo presidente do Real Madrid, o volante n\u00e3o teve oportunidade de atuar ao lado de Mbapp\u00e9 no clube. Isso ocorreu porque Casemiro transferiu-se para o Manchester United em 2022, dois anos antes da chegada do franc\u00eas ao Santiago Bernab\u00e9u.<\/p>\n\n\n\n<h2 class=\"wp-block-heading\" id=\"h-casemiro-busca-mais-minutos-em-campo-no-manchester-united\">Casemiro busca mais minutos em campo no Manchester United<\/h2>\n\n\n\n<p>Atualmente titular no Manchester United, Casemiro demonstra insatisfa\u00e7\u00e3o com sua participa\u00e7\u00e3o limitada nos jogos recentes. Ap\u00f3s a derrota para o Tottenham neste domingo, o volante expressou seu desejo de conquistar mais minutos em campo. Apesar da titularidade ocasional, o brasileiro tem ocupado o banco de reservas desde a chegada do t\u00e9cnico Ruben Amorim.<\/p>\n\n\n\n<p>Desde que o portugu\u00eas assumiu o comando t\u00e9cnico, Casemiro participou de apenas nove partidas, sendo titular em cinco delas. Em entrevista ao jornal espanhol As, ele admitiu sua frustra\u00e7\u00e3o com a situa\u00e7\u00e3o atual, mas reiterou o respeito ao clube ingl\u00eas. <\/p>\n\n\n\n<p>\u201cDevo seguir fazendo o que estou fazendo, com muito respeito e educa\u00e7\u00e3o. Claro que eu gostaria de jogar mais. N\u00e3o conhe\u00e7o nenhum jogador que n\u00e3o queira jogar e ajudar. Al\u00e9m disso, quero ajudar o clube neste momento\u201d, contou.<\/p>\n\n\n\n<figure class=\"wp-block-image size-full is-resized\"><img loading=\"lazy\" decoding=\"async\" width=\"1421\" height=\"947\" src=\"http:\/\/www.gaveanews.com\/wp-content\/uploads\/Casemiro-com-a-camisa-do-Manchester-United-em-2024.webp\" alt=\"\" class=\"wp-image-168658\" style=\"width:840px;height:auto\" srcset=\"https:\/\/www.gaveanews.com\/wp-content\/uploads\/Casemiro-com-a-camisa-do-Manchester-United-em-2024.webp 1421w, https:\/\/www.gaveanews.com\/wp-content\/uploads\/Casemiro-com-a-camisa-do-Manchester-United-em-2024-300x200.webp 300w, https:\/\/www.gaveanews.com\/wp-content\/uploads\/Casemiro-com-a-camisa-do-Manchester-United-em-2024-1024x682.webp 1024w, https:\/\/www.gaveanews.com\/wp-content\/uploads\/Casemiro-com-a-camisa-do-Manchester-United-em-2024-768x512.webp 768w, https:\/\/www.gaveanews.com\/wp-content\/uploads\/Casemiro-com-a-camisa-do-Manchester-United-em-2024-630x420.webp 630w, https:\/\/www.gaveanews.com\/wp-content\/uploads\/Casemiro-com-a-camisa-do-Manchester-United-em-2024-1260x840.webp 1260w, https:\/\/www.gaveanews.com\/wp-content\/uploads\/Casemiro-com-a-camisa-do-Manchester-United-em-2024-640x427.webp 640w, https:\/\/www.gaveanews.com\/wp-content\/uploads\/Casemiro-com-a-camisa-do-Manchester-United-em-2024-1280x853.webp 1280w, https:\/\/www.gaveanews.com\/wp-content\/uploads\/Casemiro-com-a-camisa-do-Manchester-United-em-2024-681x454.webp 681w, https:\/\/www.gaveanews.com\/wp-content\/uploads\/Casemiro-com-a-camisa-do-Manchester-United-em-2024-1362x908.webp 1362w, https:\/\/www.gaveanews.com\/wp-content\/uploads\/Casemiro-com-a-camisa-do-Manchester-United-em-2024-100x67.webp 100w\" sizes=\"auto, (max-width: 1421px) 100vw, 1421px\" \/><figcaption class=\"wp-element-caption\">Casemiro com a camisa do Manchester United em 2024 (Foto: Reprodu\u00e7\u00e3o\/Instagram)<\/figcaption><\/figure>\n\n\n\n<h2 class=\"wp-block-heading\" id=\"h-compromisso-com-o-manchester-united\">Compromisso com o Manchester United<\/h2>\n\n\n\n<p>Casemiro tamb\u00e9m afirmou seu compromisso com o Manchester United e manifestou o desejo de cumprir integralmente o contrato vigente. <\/p>\n\n\n\n<p>\u201cEu encaro as coisas com respeito a meus companheiros e \u00e0 comiss\u00e3o t\u00e9cnica. E, sobretudo, respeito o United, um clube a quem sou muito agradecido. Tenho um ano e meio mais de contrato e gostaria de cumpri-lo aqui em Manchester. Estou confort\u00e1vel aqui e minha fam\u00edlia tamb\u00e9m. Se adaptaram, falamos ingl\u00eas\u201d, enfatizou.<\/p>\n\n\n\n<p>O jogador destacou ainda sua gratid\u00e3o \u00e0 torcida de Old Trafford e ao clube. \u201cSou muito grato \u00e0 torcida de Old Trafford e ao clube. Estou feliz no clube. Feliz no banco de reservas? Claro que n\u00e3o. Isso \u00e9 outra coisa\u201d.<\/p>\n","protected":false},"excerpt":{"rendered":"<p>O volante brasileiro Casemiro revelou que fez um pedido direto ao presidente do Real Madrid, Florentino P\u00e9rez, antes de sua sa\u00edda para o Manchester United. O jogador insistiu na contrata\u00e7\u00e3o do atacante franc\u00eas Kylian Mbapp\u00e9 ap\u00f3s enfrent\u00e1-lo em partidas decisivas da Liga dos Campe\u00f5es. Durante entrevista ao jornal espanhol Marca, Casemiro declarou: \u201cFalei com o [&hellip;]<\/p>\n","protected":false},"author":28,"featured_media":127936,"comment_status":"open","ping_status":"closed","sticky":false,"template":"","format":"standard","meta":{"footnotes":""},"categories":[90,88],"tags":[],"class_list":["post-228780","post","type-post","status-publish","format-standard","has-post-thumbnail","hentry","category-manchester-united","category-real-madrid"],"yoast_head":"<!-- This site is optimized with the Yoast SEO Premium plugin v24.2 (Yoast SEO v26.9) - https:\/\/yoast.com\/product\/yoast-seo-premium-wordpress\/ -->\n<title>Ele pediu para o Real Madrid contratar Mbapp\u00e9<\/title>\n<meta name=\"robots\" content=\"index, follow, max-snippet:-1, max-image-preview:large, max-video-preview:-1\" \/>\n<link rel=\"canonical\" href=\"https:\/\/www.gaveanews.com\/index.php\/2025\/02\/17\/ele-pediu-para-o-real-madrid-contratar-mbappe\/\" \/>\n<meta property=\"og:locale\" content=\"pt_BR\" \/>\n<meta property=\"og:type\" content=\"article\" \/>\n<meta property=\"og:title\" content=\"Ele pediu para o Real Madrid contratar Mbapp\u00e9\" \/>\n<meta property=\"og:description\" content=\"O volante brasileiro Casemiro revelou que fez um pedido direto ao presidente do Real Madrid, Florentino P\u00e9rez, antes de sua sa\u00edda para o Manchester United. O jogador insistiu na contrata\u00e7\u00e3o do atacante franc\u00eas Kylian Mbapp\u00e9 ap\u00f3s enfrent\u00e1-lo em partidas decisivas da Liga dos Campe\u00f5es. Durante entrevista ao jornal espanhol Marca, Casemiro declarou: \u201cFalei com o [&hellip;]\" \/>\n<meta property=\"og:url\" content=\"https:\/\/www.gaveanews.com\/index.php\/2025\/02\/17\/ele-pediu-para-o-real-madrid-contratar-mbappe\/\" \/>\n<meta property=\"og:site_name\" content=\"G\u00e1vea News\" \/>\n<meta property=\"article:publisher\" content=\"https:\/\/facebook.com\/gaveaNews\/\" \/>\n<meta property=\"article:published_time\" content=\"2025-02-18T01:25:00+00:00\" \/>\n<meta property=\"og:image\" content=\"https:\/\/www.gaveanews.com\/wp-content\/uploads\/k.mbappe_1708474514717.webp\" \/>\n\t<meta property=\"og:image:width\" content=\"1222\" \/>\n\t<meta property=\"og:image:height\" content=\"815\" \/>\n\t<meta property=\"og:image:type\" content=\"image\/webp\" \/>\n<meta name=\"author\" content=\"Hudson Pereira\" \/>\n<meta name=\"twitter:card\" content=\"summary_large_image\" \/>\n<meta name=\"twitter:label1\" content=\"Escrito por\" \/>\n\t<meta name=\"twitter:data1\" content=\"Hudson Pereira\" \/>\n\t<meta name=\"twitter:label2\" content=\"Est. tempo de leitura\" \/>\n\t<meta name=\"twitter:data2\" content=\"4 minutos\" \/>\n<script type=\"application\/ld+json\" class=\"yoast-schema-graph\">{\"@context\":\"https:\/\/schema.org\",\"@graph\":[{\"@type\":\"NewsArticle\",\"@id\":\"https:\/\/www.gaveanews.com\/index.php\/2025\/02\/17\/ele-pediu-para-o-real-madrid-contratar-mbappe\/#article\",\"isPartOf\":{\"@id\":\"https:\/\/www.gaveanews.com\/index.php\/2025\/02\/17\/ele-pediu-para-o-real-madrid-contratar-mbappe\/\"},\"author\":{\"name\":\"Hudson Pereira\",\"@id\":\"https:\/\/www.gaveanews.com\/#\/schema\/person\/bd08f00534b403119b92741a6d469ef0\"},\"headline\":\"Ele pediu para o Real Madrid contratar Mbapp\u00e9\",\"datePublished\":\"2025-02-18T01:25:00+00:00\",\"mainEntityOfPage\":{\"@id\":\"https:\/\/www.gaveanews.com\/index.php\/2025\/02\/17\/ele-pediu-para-o-real-madrid-contratar-mbappe\/\"},\"wordCount\":599,\"commentCount\":0,\"image\":{\"@id\":\"https:\/\/www.gaveanews.com\/index.php\/2025\/02\/17\/ele-pediu-para-o-real-madrid-contratar-mbappe\/#primaryimage\"},\"thumbnailUrl\":\"https:\/\/www.gaveanews.com\/wp-content\/uploads\/k.mbappe_1708474514717.webp\",\"articleSection\":[\"Manchester United\",\"Real Madrid\"],\"inLanguage\":\"pt-BR\",\"potentialAction\":[{\"@type\":\"CommentAction\",\"name\":\"Comment\",\"target\":[\"https:\/\/www.gaveanews.com\/index.php\/2025\/02\/17\/ele-pediu-para-o-real-madrid-contratar-mbappe\/#respond\"]}],\"copyrightYear\":\"2025\",\"copyrightHolder\":{\"@id\":\"https:\/\/www.gaveanews.com\/#organization\"}},{\"@type\":\"WebPage\",\"@id\":\"https:\/\/www.gaveanews.com\/index.php\/2025\/02\/17\/ele-pediu-para-o-real-madrid-contratar-mbappe\/\",\"url\":\"https:\/\/www.gaveanews.com\/index.php\/2025\/02\/17\/ele-pediu-para-o-real-madrid-contratar-mbappe\/\",\"name\":\"Ele pediu para o Real Madrid contratar Mbapp\u00e9\",\"isPartOf\":{\"@id\":\"https:\/\/www.gaveanews.com\/#website\"},\"primaryImageOfPage\":{\"@id\":\"https:\/\/www.gaveanews.com\/index.php\/2025\/02\/17\/ele-pediu-para-o-real-madrid-contratar-mbappe\/#primaryimage\"},\"image\":{\"@id\":\"https:\/\/www.gaveanews.com\/index.php\/2025\/02\/17\/ele-pediu-para-o-real-madrid-contratar-mbappe\/#primaryimage\"},\"thumbnailUrl\":\"https:\/\/www.gaveanews.com\/wp-content\/uploads\/k.mbappe_1708474514717.webp\",\"datePublished\":\"2025-02-18T01:25:00+00:00\",\"author\":{\"@id\":\"https:\/\/www.gaveanews.com\/#\/schema\/person\/bd08f00534b403119b92741a6d469ef0\"},\"breadcrumb\":{\"@id\":\"https:\/\/www.gaveanews.com\/index.php\/2025\/02\/17\/ele-pediu-para-o-real-madrid-contratar-mbappe\/#breadcrumb\"},\"inLanguage\":\"pt-BR\",\"potentialAction\":[{\"@type\":\"ReadAction\",\"target\":[\"https:\/\/www.gaveanews.com\/index.php\/2025\/02\/17\/ele-pediu-para-o-real-madrid-contratar-mbappe\/\"]}]},{\"@type\":\"ImageObject\",\"inLanguage\":\"pt-BR\",\"@id\":\"https:\/\/www.gaveanews.com\/index.php\/2025\/02\/17\/ele-pediu-para-o-real-madrid-contratar-mbappe\/#primaryimage\",\"url\":\"https:\/\/www.gaveanews.com\/wp-content\/uploads\/k.mbappe_1708474514717.webp\",\"contentUrl\":\"https:\/\/www.gaveanews.com\/wp-content\/uploads\/k.mbappe_1708474514717.webp\",\"width\":1222,\"height\":815,\"caption\":\"Kylian Mbappe em a\u00e7\u00e3o pela sele\u00e7\u00e3o da Fran\u00e7a (Foto: Reprodu\u00e7\u00e3o\/Instagram)\"},{\"@type\":\"BreadcrumbList\",\"@id\":\"https:\/\/www.gaveanews.com\/index.php\/2025\/02\/17\/ele-pediu-para-o-real-madrid-contratar-mbappe\/#breadcrumb\",\"itemListElement\":[{\"@type\":\"ListItem\",\"position\":1,\"name\":\"Home\",\"item\":\"https:\/\/www.gaveanews.com\/\"},{\"@type\":\"ListItem\",\"position\":2,\"name\":\"Ele pediu para o Real Madrid contratar Mbapp\u00e9\"}]},{\"@type\":\"WebSite\",\"@id\":\"https:\/\/www.gaveanews.com\/#website\",\"url\":\"https:\/\/www.gaveanews.com\/\",\"name\":\"G\u00e1vea News\",\"description\":\"Veja todas as not\u00edcias sobre o Flamengo: Contrata\u00e7\u00f5es, categorias de base, resultados das partidas, tabela de classifica\u00e7\u00e3o, pr\u00f3ximos jogos!\",\"potentialAction\":[{\"@type\":\"SearchAction\",\"target\":{\"@type\":\"EntryPoint\",\"urlTemplate\":\"https:\/\/www.gaveanews.com\/?s={search_term_string}\"},\"query-input\":{\"@type\":\"PropertyValueSpecification\",\"valueRequired\":true,\"valueName\":\"search_term_string\"}}],\"inLanguage\":\"pt-BR\"},{\"@type\":\"Person\",\"@id\":\"https:\/\/www.gaveanews.com\/#\/schema\/person\/bd08f00534b403119b92741a6d469ef0\",\"name\":\"Hudson Pereira\",\"image\":{\"@type\":\"ImageObject\",\"inLanguage\":\"pt-BR\",\"@id\":\"https:\/\/www.gaveanews.com\/#\/schema\/person\/image\/\",\"url\":\"https:\/\/secure.gravatar.com\/avatar\/ecc491b489e454e510efffc9b23c1052ce5fb4f2e05555768ba65819cd55f03e?s=96&d=mm&r=g\",\"contentUrl\":\"https:\/\/secure.gravatar.com\/avatar\/ecc491b489e454e510efffc9b23c1052ce5fb4f2e05555768ba65819cd55f03e?s=96&d=mm&r=g\",\"caption\":\"Hudson Pereira\"}}]}<\/script>\n<!-- \/ Yoast SEO Premium plugin. -->","yoast_head_json":{"title":"Ele pediu para o Real Madrid contratar Mbapp\u00e9","robots":{"index":"index","follow":"follow","max-snippet":"max-snippet:-1","max-image-preview":"max-image-preview:large","max-video-preview":"max-video-preview:-1"},"canonical":"https:\/\/www.gaveanews.com\/index.php\/2025\/02\/17\/ele-pediu-para-o-real-madrid-contratar-mbappe\/","og_locale":"pt_BR","og_type":"article","og_title":"Ele pediu para o Real Madrid contratar Mbapp\u00e9","og_description":"O volante brasileiro Casemiro revelou que fez um pedido direto ao presidente do Real Madrid, Florentino P\u00e9rez, antes de sua sa\u00edda para o Manchester United. O jogador insistiu na contrata\u00e7\u00e3o do atacante franc\u00eas Kylian Mbapp\u00e9 ap\u00f3s enfrent\u00e1-lo em partidas decisivas da Liga dos Campe\u00f5es. Durante entrevista ao jornal espanhol Marca, Casemiro declarou: \u201cFalei com o [&hellip;]","og_url":"https:\/\/www.gaveanews.com\/index.php\/2025\/02\/17\/ele-pediu-para-o-real-madrid-contratar-mbappe\/","og_site_name":"G\u00e1vea News","article_publisher":"https:\/\/facebook.com\/gaveaNews\/","article_published_time":"2025-02-18T01:25:00+00:00","og_image":[{"width":1222,"height":815,"url":"https:\/\/www.gaveanews.com\/wp-content\/uploads\/k.mbappe_1708474514717.webp","type":"image\/webp"}],"author":"Hudson Pereira","twitter_card":"summary_large_image","twitter_misc":{"Escrito por":"Hudson Pereira","Est. tempo de leitura":"4 minutos"},"schema":{"@context":"https:\/\/schema.org","@graph":[{"@type":"NewsArticle","@id":"https:\/\/www.gaveanews.com\/index.php\/2025\/02\/17\/ele-pediu-para-o-real-madrid-contratar-mbappe\/#article","isPartOf":{"@id":"https:\/\/www.gaveanews.com\/index.php\/2025\/02\/17\/ele-pediu-para-o-real-madrid-contratar-mbappe\/"},"author":{"name":"Hudson Pereira","@id":"https:\/\/www.gaveanews.com\/#\/schema\/person\/bd08f00534b403119b92741a6d469ef0"},"headline":"Ele pediu para o Real Madrid contratar Mbapp\u00e9","datePublished":"2025-02-18T01:25:00+00:00","mainEntityOfPage":{"@id":"https:\/\/www.gaveanews.com\/index.php\/2025\/02\/17\/ele-pediu-para-o-real-madrid-contratar-mbappe\/"},"wordCount":599,"commentCount":0,"image":{"@id":"https:\/\/www.gaveanews.com\/index.php\/2025\/02\/17\/ele-pediu-para-o-real-madrid-contratar-mbappe\/#primaryimage"},"thumbnailUrl":"https:\/\/www.gaveanews.com\/wp-content\/uploads\/k.mbappe_1708474514717.webp","articleSection":["Manchester United","Real Madrid"],"inLanguage":"pt-BR","potentialAction":[{"@type":"CommentAction","name":"Comment","target":["https:\/\/www.gaveanews.com\/index.php\/2025\/02\/17\/ele-pediu-para-o-real-madrid-contratar-mbappe\/#respond"]}],"copyrightYear":"2025","copyrightHolder":{"@id":"https:\/\/www.gaveanews.com\/#organization"}},{"@type":"WebPage","@id":"https:\/\/www.gaveanews.com\/index.php\/2025\/02\/17\/ele-pediu-para-o-real-madrid-contratar-mbappe\/","url":"https:\/\/www.gaveanews.com\/index.php\/2025\/02\/17\/ele-pediu-para-o-real-madrid-contratar-mbappe\/","name":"Ele pediu para o Real Madrid contratar Mbapp\u00e9","isPartOf":{"@id":"https:\/\/www.gaveanews.com\/#website"},"primaryImageOfPage":{"@id":"https:\/\/www.gaveanews.com\/index.php\/2025\/02\/17\/ele-pediu-para-o-real-madrid-contratar-mbappe\/#primaryimage"},"image":{"@id":"https:\/\/www.gaveanews.com\/index.php\/2025\/02\/17\/ele-pediu-para-o-real-madrid-contratar-mbappe\/#primaryimage"},"thumbnailUrl":"https:\/\/www.gaveanews.com\/wp-content\/uploads\/k.mbappe_1708474514717.webp","datePublished":"2025-02-18T01:25:00+00:00","author":{"@id":"https:\/\/www.gaveanews.com\/#\/schema\/person\/bd08f00534b403119b92741a6d469ef0"},"breadcrumb":{"@id":"https:\/\/www.gaveanews.com\/index.php\/2025\/02\/17\/ele-pediu-para-o-real-madrid-contratar-mbappe\/#breadcrumb"},"inLanguage":"pt-BR","potentialAction":[{"@type":"ReadAction","target":["https:\/\/www.gaveanews.com\/index.php\/2025\/02\/17\/ele-pediu-para-o-real-madrid-contratar-mbappe\/"]}]},{"@type":"ImageObject","inLanguage":"pt-BR","@id":"https:\/\/www.gaveanews.com\/index.php\/2025\/02\/17\/ele-pediu-para-o-real-madrid-contratar-mbappe\/#primaryimage","url":"https:\/\/www.gaveanews.com\/wp-content\/uploads\/k.mbappe_1708474514717.webp","contentUrl":"https:\/\/www.gaveanews.com\/wp-content\/uploads\/k.mbappe_1708474514717.webp","width":1222,"height":815,"caption":"Kylian Mbappe em a\u00e7\u00e3o pela sele\u00e7\u00e3o da Fran\u00e7a (Foto: Reprodu\u00e7\u00e3o\/Instagram)"},{"@type":"BreadcrumbList","@id":"https:\/\/www.gaveanews.com\/index.php\/2025\/02\/17\/ele-pediu-para-o-real-madrid-contratar-mbappe\/#breadcrumb","itemListElement":[{"@type":"ListItem","position":1,"name":"Home","item":"https:\/\/www.gaveanews.com\/"},{"@type":"ListItem","position":2,"name":"Ele pediu para o Real Madrid contratar Mbapp\u00e9"}]},{"@type":"WebSite","@id":"https:\/\/www.gaveanews.com\/#website","url":"https:\/\/www.gaveanews.com\/","name":"G\u00e1vea News","description":"Veja todas as not\u00edcias sobre o Flamengo: Contrata\u00e7\u00f5es, categorias de base, resultados das partidas, tabela de classifica\u00e7\u00e3o, pr\u00f3ximos jogos!","potentialAction":[{"@type":"SearchAction","target":{"@type":"EntryPoint","urlTemplate":"https:\/\/www.gaveanews.com\/?s={search_term_string}"},"query-input":{"@type":"PropertyValueSpecification","valueRequired":true,"valueName":"search_term_string"}}],"inLanguage":"pt-BR"},{"@type":"Person","@id":"https:\/\/www.gaveanews.com\/#\/schema\/person\/bd08f00534b403119b92741a6d469ef0","name":"Hudson Pereira","image":{"@type":"ImageObject","inLanguage":"pt-BR","@id":"https:\/\/www.gaveanews.com\/#\/schema\/person\/image\/","url":"https:\/\/secure.gravatar.com\/avatar\/ecc491b489e454e510efffc9b23c1052ce5fb4f2e05555768ba65819cd55f03e?s=96&d=mm&r=g","contentUrl":"https:\/\/secure.gravatar.com\/avatar\/ecc491b489e454e510efffc9b23c1052ce5fb4f2e05555768ba65819cd55f03e?s=96&d=mm&r=g","caption":"Hudson Pereira"}}]}},"_links":{"self":[{"href":"https:\/\/www.gaveanews.com\/index.php\/wp-json\/wp\/v2\/posts\/228780","targetHints":{"allow":["GET"]}}],"collection":[{"href":"https:\/\/www.gaveanews.com\/index.php\/wp-json\/wp\/v2\/posts"}],"about":[{"href":"https:\/\/www.gaveanews.com\/index.php\/wp-json\/wp\/v2\/types\/post"}],"author":[{"embeddable":true,"href":"https:\/\/www.gaveanews.com\/index.php\/wp-json\/wp\/v2\/users\/28"}],"replies":[{"embeddable":true,"href":"https:\/\/www.gaveanews.com\/index.php\/wp-json\/wp\/v2\/comments?post=228780"}],"version-history":[{"count":2,"href":"https:\/\/www.gaveanews.com\/index.php\/wp-json\/wp\/v2\/posts\/228780\/revisions"}],"predecessor-version":[{"id":228782,"href":"https:\/\/www.gaveanews.com\/index.php\/wp-json\/wp\/v2\/posts\/228780\/revisions\/228782"}],"wp:featuredmedia":[{"embeddable":true,"href":"https:\/\/www.gaveanews.com\/index.php\/wp-json\/wp\/v2\/media\/127936"}],"wp:attachment":[{"href":"https:\/\/www.gaveanews.com\/index.php\/wp-json\/wp\/v2\/media?parent=228780"}],"wp:term":[{"taxonomy":"category","embeddable":true,"href":"https:\/\/www.gaveanews.com\/index.php\/wp-json\/wp\/v2\/categories?post=228780"},{"taxonomy":"post_tag","embeddable":true,"href":"https:\/\/www.gaveanews.com\/index.php\/wp-json\/wp\/v2\/tags?post=228780"}],"curies":[{"name":"wp","href":"https:\/\/api.w.org\/{rel}","templated":true}]}}