{"id":228794,"date":"2025-02-17T14:42:42","date_gmt":"2025-02-17T17:42:42","guid":{"rendered":"https:\/\/www.gaveanews.com\/?p=228794"},"modified":"2025-02-17T14:44:47","modified_gmt":"2025-02-17T17:44:47","slug":"jogador-do-flamengo-abriu-mao-de-sua-folga-para-continuar-treinando","status":"publish","type":"post","link":"https:\/\/www.gaveanews.com\/index.php\/2025\/02\/17\/jogador-do-flamengo-abriu-mao-de-sua-folga-para-continuar-treinando\/","title":{"rendered":"Jogador do Flamengo abriu m\u00e3o de sua folga para continuar treinando"},"content":{"rendered":"\n<p>Em um momento de descanso para o elenco do Flamengo, um jogador decidiu seguir um caminho diferente. Enquanto a maioria dos atletas aproveitou a folga ap\u00f3s uma sequ\u00eancia desgastante de cl\u00e1ssicos, o volante Allan optou por continuar treinando.&nbsp;<\/p>\n\n\n\n<p>Dessa maneira, ele deixou claro que sua meta para 2025 \u00e9 recuperar espa\u00e7o na equipe e reverter as cr\u00edticas recebidas na \u00faltima temporada.<\/p>\n\n\n\n<h2 class=\"wp-block-heading\" id=\"h-esforco-extra-para-dar-a-volta-por-cima\">Esfor\u00e7o extra para dar a volta por cima<\/h2>\n\n\n\n<figure class=\"wp-block-image size-full\"><img loading=\"lazy\" decoding=\"async\" width=\"900\" height=\"600\" src=\"http:\/\/www.gaveanews.com\/wp-content\/uploads\/allan-apresentacao-flamengo-1.webp\" alt=\"\" class=\"wp-image-102347\" srcset=\"https:\/\/www.gaveanews.com\/wp-content\/uploads\/allan-apresentacao-flamengo-1.webp 900w, https:\/\/www.gaveanews.com\/wp-content\/uploads\/allan-apresentacao-flamengo-1-300x200.webp 300w, https:\/\/www.gaveanews.com\/wp-content\/uploads\/allan-apresentacao-flamengo-1-768x512.webp 768w, https:\/\/www.gaveanews.com\/wp-content\/uploads\/allan-apresentacao-flamengo-1-630x420.webp 630w, https:\/\/www.gaveanews.com\/wp-content\/uploads\/allan-apresentacao-flamengo-1-640x427.webp 640w, https:\/\/www.gaveanews.com\/wp-content\/uploads\/allan-apresentacao-flamengo-1-681x454.webp 681w, https:\/\/www.gaveanews.com\/wp-content\/uploads\/allan-apresentacao-flamengo-1-100x67.webp 100w\" sizes=\"auto, (max-width: 900px) 100vw, 900px\" \/><figcaption class=\"wp-element-caption\">Allan \u00e9 apresentado como refor\u00e7o do Flamengo (Foto: Gilvan de Souza\/Flamengo)<\/figcaption><\/figure>\n\n\n\n<p>Ap\u00f3s um 2024 abaixo das expectativas, Allan iniciou a nova temporada com um desempenho mais consistente. Isso porque, nas seis partidas que disputou at\u00e9 o momento, ele demonstrou mais combatividade e seguran\u00e7a na condu\u00e7\u00e3o da bola, o que gerou elogios tanto da torcida quanto da comiss\u00e3o t\u00e9cnica.<\/p>\n\n\n\n<p>Vale destacar que o jogador chegou ao Flamengo em 2023, vindo do Atl\u00e9tico-MG, por \u20ac 8,2 milh\u00f5es (cerca de R$ 48 milh\u00f5es). No entanto, suas atua\u00e7\u00f5es no ano passado n\u00e3o convenceram, e ele acabou perdendo espa\u00e7o.&nbsp;<\/p>\n\n\n\n<p>Por isso, o volante tem buscado se reinventar, algo que ficou evidente quando ele publicou uma foto ao lado de seu fisioterapeuta, ap\u00f3s uma sess\u00e3o de treinos durante a folga.<\/p>\n\n\n\n<p>Cabe ressaltar que essa atitude refor\u00e7a seu compromisso em evoluir e se tornar uma pe\u00e7a fundamental no elenco rubro-negro.<\/p>\n\n\n\n<h2 class=\"wp-block-heading\" id=\"h-filipe-luis-ve-allan-no-caminho-certo\">Filipe Lu\u00eds v\u00ea Allan no caminho certo<\/h2>\n\n\n\n<p>A dedica\u00e7\u00e3o de Allan n\u00e3o passou despercebida pelo t\u00e9cnico Filipe Lu\u00eds, que destacou a mudan\u00e7a de postura do atleta.<\/p>\n\n\n\n<p>\u201cO Allan estava sem uma sequ\u00eancia desde o ano passado. Ele correu, se dedicou e fez tudo que pedi. D\u00e1 para ver no olho que ele quer dar a volta por cima. [&#8230;] Quando o jogador quer, ningu\u00e9m segura\u201d, afirmou o treinador.<\/p>\n\n\n\n<p>Sendo assim, h\u00e1 grandes chances de Allan ganhar mais minutos em campo nos pr\u00f3ximos jogos. Com isso, sua oportunidade de mostrar evolu\u00e7\u00e3o pode vir j\u00e1 neste s\u00e1bado, quando o Flamengo enfrenta o Maric\u00e1 na \u00faltima rodada da Ta\u00e7a Guanabara.<\/p>\n","protected":false},"excerpt":{"rendered":"<p>Em um momento de descanso para o elenco do Flamengo, um jogador decidiu seguir um caminho diferente. Enquanto a maioria dos atletas aproveitou a folga ap\u00f3s uma sequ\u00eancia desgastante de cl\u00e1ssicos, o volante Allan optou por continuar treinando.&nbsp; Dessa maneira, ele deixou claro que sua meta para 2025 \u00e9 recuperar espa\u00e7o na equipe e reverter [&hellip;]<\/p>\n","protected":false},"author":25,"featured_media":123691,"comment_status":"open","ping_status":"closed","sticky":false,"template":"","format":"standard","meta":{"footnotes":""},"categories":[1],"tags":[],"class_list":["post-228794","post","type-post","status-publish","format-standard","has-post-thumbnail","hentry","category-flamengo"],"yoast_head":"<!-- This site is optimized with the Yoast SEO Premium plugin v24.2 (Yoast SEO v26.9) - https:\/\/yoast.com\/product\/yoast-seo-premium-wordpress\/ -->\n<title>Jogador do Flamengo abriu m\u00e3o de sua folga para continuar treinando<\/title>\n<meta name=\"robots\" content=\"index, follow, max-snippet:-1, max-image-preview:large, max-video-preview:-1\" \/>\n<link rel=\"canonical\" href=\"https:\/\/www.gaveanews.com\/index.php\/2025\/02\/17\/jogador-do-flamengo-abriu-mao-de-sua-folga-para-continuar-treinando\/\" \/>\n<meta property=\"og:locale\" content=\"pt_BR\" \/>\n<meta property=\"og:type\" content=\"article\" \/>\n<meta property=\"og:title\" content=\"Jogador do Flamengo abriu m\u00e3o de sua folga para continuar treinando\" \/>\n<meta property=\"og:description\" content=\"Em um momento de descanso para o elenco do Flamengo, um jogador decidiu seguir um caminho diferente. Enquanto a maioria dos atletas aproveitou a folga ap\u00f3s uma sequ\u00eancia desgastante de cl\u00e1ssicos, o volante Allan optou por continuar treinando.&nbsp; Dessa maneira, ele deixou claro que sua meta para 2025 \u00e9 recuperar espa\u00e7o na equipe e reverter [&hellip;]\" \/>\n<meta property=\"og:url\" content=\"https:\/\/www.gaveanews.com\/index.php\/2025\/02\/17\/jogador-do-flamengo-abriu-mao-de-sua-folga-para-continuar-treinando\/\" \/>\n<meta property=\"og:site_name\" content=\"G\u00e1vea News\" \/>\n<meta property=\"article:publisher\" content=\"https:\/\/facebook.com\/gaveaNews\/\" \/>\n<meta property=\"article:published_time\" content=\"2025-02-17T17:42:42+00:00\" \/>\n<meta property=\"article:modified_time\" content=\"2025-02-17T17:44:47+00:00\" \/>\n<meta property=\"og:image\" content=\"http:\/\/www.gaveanews.com\/wp-content\/uploads\/flamengo.webp\" \/>\n\t<meta property=\"og:image:width\" content=\"799\" \/>\n\t<meta property=\"og:image:height\" content=\"532\" \/>\n\t<meta property=\"og:image:type\" content=\"image\/webp\" \/>\n<meta name=\"author\" content=\"Rafaela Ladeira\" \/>\n<meta name=\"twitter:card\" content=\"summary_large_image\" \/>\n<meta name=\"twitter:label1\" content=\"Escrito por\" \/>\n\t<meta name=\"twitter:data1\" content=\"Rafaela Ladeira\" \/>\n\t<meta name=\"twitter:label2\" content=\"Est. tempo de leitura\" \/>\n\t<meta name=\"twitter:data2\" content=\"3 minutos\" \/>\n<script type=\"application\/ld+json\" class=\"yoast-schema-graph\">{\"@context\":\"https:\/\/schema.org\",\"@graph\":[{\"@type\":\"NewsArticle\",\"@id\":\"https:\/\/www.gaveanews.com\/index.php\/2025\/02\/17\/jogador-do-flamengo-abriu-mao-de-sua-folga-para-continuar-treinando\/#article\",\"isPartOf\":{\"@id\":\"https:\/\/www.gaveanews.com\/index.php\/2025\/02\/17\/jogador-do-flamengo-abriu-mao-de-sua-folga-para-continuar-treinando\/\"},\"author\":{\"name\":\"Rafaela Ladeira\",\"@id\":\"https:\/\/www.gaveanews.com\/#\/schema\/person\/0eb3e3fe1754f0205218538adbe8f5ed\"},\"headline\":\"Jogador do Flamengo abriu m\u00e3o de sua folga para continuar treinando\",\"datePublished\":\"2025-02-17T17:42:42+00:00\",\"dateModified\":\"2025-02-17T17:44:47+00:00\",\"mainEntityOfPage\":{\"@id\":\"https:\/\/www.gaveanews.com\/index.php\/2025\/02\/17\/jogador-do-flamengo-abriu-mao-de-sua-folga-para-continuar-treinando\/\"},\"wordCount\":359,\"commentCount\":0,\"image\":{\"@id\":\"https:\/\/www.gaveanews.com\/index.php\/2025\/02\/17\/jogador-do-flamengo-abriu-mao-de-sua-folga-para-continuar-treinando\/#primaryimage\"},\"thumbnailUrl\":\"https:\/\/www.gaveanews.com\/wp-content\/uploads\/flamengo.webp\",\"articleSection\":[\"Flamengo\"],\"inLanguage\":\"pt-BR\",\"potentialAction\":[{\"@type\":\"CommentAction\",\"name\":\"Comment\",\"target\":[\"https:\/\/www.gaveanews.com\/index.php\/2025\/02\/17\/jogador-do-flamengo-abriu-mao-de-sua-folga-para-continuar-treinando\/#respond\"]}],\"copyrightYear\":\"2025\",\"copyrightHolder\":{\"@id\":\"https:\/\/www.gaveanews.com\/#organization\"}},{\"@type\":\"WebPage\",\"@id\":\"https:\/\/www.gaveanews.com\/index.php\/2025\/02\/17\/jogador-do-flamengo-abriu-mao-de-sua-folga-para-continuar-treinando\/\",\"url\":\"https:\/\/www.gaveanews.com\/index.php\/2025\/02\/17\/jogador-do-flamengo-abriu-mao-de-sua-folga-para-continuar-treinando\/\",\"name\":\"Jogador do Flamengo abriu m\u00e3o de sua folga para continuar treinando\",\"isPartOf\":{\"@id\":\"https:\/\/www.gaveanews.com\/#website\"},\"primaryImageOfPage\":{\"@id\":\"https:\/\/www.gaveanews.com\/index.php\/2025\/02\/17\/jogador-do-flamengo-abriu-mao-de-sua-folga-para-continuar-treinando\/#primaryimage\"},\"image\":{\"@id\":\"https:\/\/www.gaveanews.com\/index.php\/2025\/02\/17\/jogador-do-flamengo-abriu-mao-de-sua-folga-para-continuar-treinando\/#primaryimage\"},\"thumbnailUrl\":\"https:\/\/www.gaveanews.com\/wp-content\/uploads\/flamengo.webp\",\"datePublished\":\"2025-02-17T17:42:42+00:00\",\"dateModified\":\"2025-02-17T17:44:47+00:00\",\"author\":{\"@id\":\"https:\/\/www.gaveanews.com\/#\/schema\/person\/0eb3e3fe1754f0205218538adbe8f5ed\"},\"breadcrumb\":{\"@id\":\"https:\/\/www.gaveanews.com\/index.php\/2025\/02\/17\/jogador-do-flamengo-abriu-mao-de-sua-folga-para-continuar-treinando\/#breadcrumb\"},\"inLanguage\":\"pt-BR\",\"potentialAction\":[{\"@type\":\"ReadAction\",\"target\":[\"https:\/\/www.gaveanews.com\/index.php\/2025\/02\/17\/jogador-do-flamengo-abriu-mao-de-sua-folga-para-continuar-treinando\/\"]}]},{\"@type\":\"ImageObject\",\"inLanguage\":\"pt-BR\",\"@id\":\"https:\/\/www.gaveanews.com\/index.php\/2025\/02\/17\/jogador-do-flamengo-abriu-mao-de-sua-folga-para-continuar-treinando\/#primaryimage\",\"url\":\"https:\/\/www.gaveanews.com\/wp-content\/uploads\/flamengo.webp\",\"contentUrl\":\"https:\/\/www.gaveanews.com\/wp-content\/uploads\/flamengo.webp\",\"width\":799,\"height\":532,\"caption\":\"Centro de treinamento do Flamengo (Foto: Reprodu\u00e7\u00e3o)\"},{\"@type\":\"BreadcrumbList\",\"@id\":\"https:\/\/www.gaveanews.com\/index.php\/2025\/02\/17\/jogador-do-flamengo-abriu-mao-de-sua-folga-para-continuar-treinando\/#breadcrumb\",\"itemListElement\":[{\"@type\":\"ListItem\",\"position\":1,\"name\":\"Home\",\"item\":\"https:\/\/www.gaveanews.com\/\"},{\"@type\":\"ListItem\",\"position\":2,\"name\":\"Jogador do Flamengo abriu m\u00e3o de sua folga para continuar treinando\"}]},{\"@type\":\"WebSite\",\"@id\":\"https:\/\/www.gaveanews.com\/#website\",\"url\":\"https:\/\/www.gaveanews.com\/\",\"name\":\"G\u00e1vea News\",\"description\":\"Veja todas as not\u00edcias sobre o Flamengo: Contrata\u00e7\u00f5es, categorias de base, resultados das partidas, tabela de classifica\u00e7\u00e3o, pr\u00f3ximos jogos!\",\"potentialAction\":[{\"@type\":\"SearchAction\",\"target\":{\"@type\":\"EntryPoint\",\"urlTemplate\":\"https:\/\/www.gaveanews.com\/?s={search_term_string}\"},\"query-input\":{\"@type\":\"PropertyValueSpecification\",\"valueRequired\":true,\"valueName\":\"search_term_string\"}}],\"inLanguage\":\"pt-BR\"},{\"@type\":\"Person\",\"@id\":\"https:\/\/www.gaveanews.com\/#\/schema\/person\/0eb3e3fe1754f0205218538adbe8f5ed\",\"name\":\"Rafaela Ladeira\",\"image\":{\"@type\":\"ImageObject\",\"inLanguage\":\"pt-BR\",\"@id\":\"https:\/\/www.gaveanews.com\/#\/schema\/person\/image\/\",\"url\":\"https:\/\/secure.gravatar.com\/avatar\/c31f513acffd85eacab5730cbdfdbbf59f21ba5aeada8cd890acea879fbb2455?s=96&d=mm&r=g\",\"contentUrl\":\"https:\/\/secure.gravatar.com\/avatar\/c31f513acffd85eacab5730cbdfdbbf59f21ba5aeada8cd890acea879fbb2455?s=96&d=mm&r=g\",\"caption\":\"Rafaela Ladeira\"}}]}<\/script>\n<!-- \/ Yoast SEO Premium plugin. -->","yoast_head_json":{"title":"Jogador do Flamengo abriu m\u00e3o de sua folga para continuar treinando","robots":{"index":"index","follow":"follow","max-snippet":"max-snippet:-1","max-image-preview":"max-image-preview:large","max-video-preview":"max-video-preview:-1"},"canonical":"https:\/\/www.gaveanews.com\/index.php\/2025\/02\/17\/jogador-do-flamengo-abriu-mao-de-sua-folga-para-continuar-treinando\/","og_locale":"pt_BR","og_type":"article","og_title":"Jogador do Flamengo abriu m\u00e3o de sua folga para continuar treinando","og_description":"Em um momento de descanso para o elenco do Flamengo, um jogador decidiu seguir um caminho diferente. Enquanto a maioria dos atletas aproveitou a folga ap\u00f3s uma sequ\u00eancia desgastante de cl\u00e1ssicos, o volante Allan optou por continuar treinando.&nbsp; Dessa maneira, ele deixou claro que sua meta para 2025 \u00e9 recuperar espa\u00e7o na equipe e reverter [&hellip;]","og_url":"https:\/\/www.gaveanews.com\/index.php\/2025\/02\/17\/jogador-do-flamengo-abriu-mao-de-sua-folga-para-continuar-treinando\/","og_site_name":"G\u00e1vea News","article_publisher":"https:\/\/facebook.com\/gaveaNews\/","article_published_time":"2025-02-17T17:42:42+00:00","article_modified_time":"2025-02-17T17:44:47+00:00","og_image":[{"width":799,"height":532,"url":"http:\/\/www.gaveanews.com\/wp-content\/uploads\/flamengo.webp","type":"image\/webp"}],"author":"Rafaela Ladeira","twitter_card":"summary_large_image","twitter_misc":{"Escrito por":"Rafaela Ladeira","Est. tempo de leitura":"3 minutos"},"schema":{"@context":"https:\/\/schema.org","@graph":[{"@type":"NewsArticle","@id":"https:\/\/www.gaveanews.com\/index.php\/2025\/02\/17\/jogador-do-flamengo-abriu-mao-de-sua-folga-para-continuar-treinando\/#article","isPartOf":{"@id":"https:\/\/www.gaveanews.com\/index.php\/2025\/02\/17\/jogador-do-flamengo-abriu-mao-de-sua-folga-para-continuar-treinando\/"},"author":{"name":"Rafaela Ladeira","@id":"https:\/\/www.gaveanews.com\/#\/schema\/person\/0eb3e3fe1754f0205218538adbe8f5ed"},"headline":"Jogador do Flamengo abriu m\u00e3o de sua folga para continuar treinando","datePublished":"2025-02-17T17:42:42+00:00","dateModified":"2025-02-17T17:44:47+00:00","mainEntityOfPage":{"@id":"https:\/\/www.gaveanews.com\/index.php\/2025\/02\/17\/jogador-do-flamengo-abriu-mao-de-sua-folga-para-continuar-treinando\/"},"wordCount":359,"commentCount":0,"image":{"@id":"https:\/\/www.gaveanews.com\/index.php\/2025\/02\/17\/jogador-do-flamengo-abriu-mao-de-sua-folga-para-continuar-treinando\/#primaryimage"},"thumbnailUrl":"https:\/\/www.gaveanews.com\/wp-content\/uploads\/flamengo.webp","articleSection":["Flamengo"],"inLanguage":"pt-BR","potentialAction":[{"@type":"CommentAction","name":"Comment","target":["https:\/\/www.gaveanews.com\/index.php\/2025\/02\/17\/jogador-do-flamengo-abriu-mao-de-sua-folga-para-continuar-treinando\/#respond"]}],"copyrightYear":"2025","copyrightHolder":{"@id":"https:\/\/www.gaveanews.com\/#organization"}},{"@type":"WebPage","@id":"https:\/\/www.gaveanews.com\/index.php\/2025\/02\/17\/jogador-do-flamengo-abriu-mao-de-sua-folga-para-continuar-treinando\/","url":"https:\/\/www.gaveanews.com\/index.php\/2025\/02\/17\/jogador-do-flamengo-abriu-mao-de-sua-folga-para-continuar-treinando\/","name":"Jogador do Flamengo abriu m\u00e3o de sua folga para continuar treinando","isPartOf":{"@id":"https:\/\/www.gaveanews.com\/#website"},"primaryImageOfPage":{"@id":"https:\/\/www.gaveanews.com\/index.php\/2025\/02\/17\/jogador-do-flamengo-abriu-mao-de-sua-folga-para-continuar-treinando\/#primaryimage"},"image":{"@id":"https:\/\/www.gaveanews.com\/index.php\/2025\/02\/17\/jogador-do-flamengo-abriu-mao-de-sua-folga-para-continuar-treinando\/#primaryimage"},"thumbnailUrl":"https:\/\/www.gaveanews.com\/wp-content\/uploads\/flamengo.webp","datePublished":"2025-02-17T17:42:42+00:00","dateModified":"2025-02-17T17:44:47+00:00","author":{"@id":"https:\/\/www.gaveanews.com\/#\/schema\/person\/0eb3e3fe1754f0205218538adbe8f5ed"},"breadcrumb":{"@id":"https:\/\/www.gaveanews.com\/index.php\/2025\/02\/17\/jogador-do-flamengo-abriu-mao-de-sua-folga-para-continuar-treinando\/#breadcrumb"},"inLanguage":"pt-BR","potentialAction":[{"@type":"ReadAction","target":["https:\/\/www.gaveanews.com\/index.php\/2025\/02\/17\/jogador-do-flamengo-abriu-mao-de-sua-folga-para-continuar-treinando\/"]}]},{"@type":"ImageObject","inLanguage":"pt-BR","@id":"https:\/\/www.gaveanews.com\/index.php\/2025\/02\/17\/jogador-do-flamengo-abriu-mao-de-sua-folga-para-continuar-treinando\/#primaryimage","url":"https:\/\/www.gaveanews.com\/wp-content\/uploads\/flamengo.webp","contentUrl":"https:\/\/www.gaveanews.com\/wp-content\/uploads\/flamengo.webp","width":799,"height":532,"caption":"Centro de treinamento do Flamengo (Foto: Reprodu\u00e7\u00e3o)"},{"@type":"BreadcrumbList","@id":"https:\/\/www.gaveanews.com\/index.php\/2025\/02\/17\/jogador-do-flamengo-abriu-mao-de-sua-folga-para-continuar-treinando\/#breadcrumb","itemListElement":[{"@type":"ListItem","position":1,"name":"Home","item":"https:\/\/www.gaveanews.com\/"},{"@type":"ListItem","position":2,"name":"Jogador do Flamengo abriu m\u00e3o de sua folga para continuar treinando"}]},{"@type":"WebSite","@id":"https:\/\/www.gaveanews.com\/#website","url":"https:\/\/www.gaveanews.com\/","name":"G\u00e1vea News","description":"Veja todas as not\u00edcias sobre o Flamengo: Contrata\u00e7\u00f5es, categorias de base, resultados das partidas, tabela de classifica\u00e7\u00e3o, pr\u00f3ximos jogos!","potentialAction":[{"@type":"SearchAction","target":{"@type":"EntryPoint","urlTemplate":"https:\/\/www.gaveanews.com\/?s={search_term_string}"},"query-input":{"@type":"PropertyValueSpecification","valueRequired":true,"valueName":"search_term_string"}}],"inLanguage":"pt-BR"},{"@type":"Person","@id":"https:\/\/www.gaveanews.com\/#\/schema\/person\/0eb3e3fe1754f0205218538adbe8f5ed","name":"Rafaela Ladeira","image":{"@type":"ImageObject","inLanguage":"pt-BR","@id":"https:\/\/www.gaveanews.com\/#\/schema\/person\/image\/","url":"https:\/\/secure.gravatar.com\/avatar\/c31f513acffd85eacab5730cbdfdbbf59f21ba5aeada8cd890acea879fbb2455?s=96&d=mm&r=g","contentUrl":"https:\/\/secure.gravatar.com\/avatar\/c31f513acffd85eacab5730cbdfdbbf59f21ba5aeada8cd890acea879fbb2455?s=96&d=mm&r=g","caption":"Rafaela Ladeira"}}]}},"_links":{"self":[{"href":"https:\/\/www.gaveanews.com\/index.php\/wp-json\/wp\/v2\/posts\/228794","targetHints":{"allow":["GET"]}}],"collection":[{"href":"https:\/\/www.gaveanews.com\/index.php\/wp-json\/wp\/v2\/posts"}],"about":[{"href":"https:\/\/www.gaveanews.com\/index.php\/wp-json\/wp\/v2\/types\/post"}],"author":[{"embeddable":true,"href":"https:\/\/www.gaveanews.com\/index.php\/wp-json\/wp\/v2\/users\/25"}],"replies":[{"embeddable":true,"href":"https:\/\/www.gaveanews.com\/index.php\/wp-json\/wp\/v2\/comments?post=228794"}],"version-history":[{"count":1,"href":"https:\/\/www.gaveanews.com\/index.php\/wp-json\/wp\/v2\/posts\/228794\/revisions"}],"predecessor-version":[{"id":228795,"href":"https:\/\/www.gaveanews.com\/index.php\/wp-json\/wp\/v2\/posts\/228794\/revisions\/228795"}],"wp:featuredmedia":[{"embeddable":true,"href":"https:\/\/www.gaveanews.com\/index.php\/wp-json\/wp\/v2\/media\/123691"}],"wp:attachment":[{"href":"https:\/\/www.gaveanews.com\/index.php\/wp-json\/wp\/v2\/media?parent=228794"}],"wp:term":[{"taxonomy":"category","embeddable":true,"href":"https:\/\/www.gaveanews.com\/index.php\/wp-json\/wp\/v2\/categories?post=228794"},{"taxonomy":"post_tag","embeddable":true,"href":"https:\/\/www.gaveanews.com\/index.php\/wp-json\/wp\/v2\/tags?post=228794"}],"curies":[{"name":"wp","href":"https:\/\/api.w.org\/{rel}","templated":true}]}}